{"id":5240,"date":"2025-02-19T15:17:10","date_gmt":"2025-02-19T14:17:10","guid":{"rendered":"https:\/\/vieassociative.be\/actualites\/leupen-triumvirate-appelle-a-des-dons-ceux-qui-peuvent-celebrer-peuvent-egalement-donner-du-sang\/"},"modified":"2025-02-19T15:17:10","modified_gmt":"2025-02-19T14:17:10","slug":"leupen-triumvirate-appelle-a-des-dons-ceux-qui-peuvent-celebrer-peuvent-egalement-donner-du-sang","status":"publish","type":"post","link":"https:\/\/vieassociative.be\/actualites\/leupen-triumvirate-appelle-a-des-dons-ceux-qui-peuvent-celebrer-peuvent-egalement-donner-du-sang\/","title":{"rendered":"L&rsquo;Eupen Triumvirate appelle \u00e0 des dons: \u00ab\u00a0Ceux qui peuvent c\u00e9l\u00e9brer peuvent \u00e9galement donner du sang!\u00a0\u00bb"},"content":{"rendered":"<p><strong>Comme chaque ann\u00e9e, l&rsquo;Eupener Triumvirate soutient une organisation \u00e0 but non lucratif. Cette ann\u00e9e st. Samuel I avec les pages Lara et Kim ont d\u00e9cid\u00e9 d&rsquo;appeler \u00e0 des dons.<\/strong><\/p>\n<p><span id=\"more-408571\"><\/span>\u00ab\u00a0Nous avons inclus cette intention comme le premier paragraphe: \u00a7 1-All Eupen Les carnavalistes devraient aller r\u00e9guli\u00e8rement au don de sang \u00e0 partir de cette session\u00a0\u00bb, souligne le ma\u00eetre de Z\u00e9r\u00e9monia Jean-Marie Koonen dans un message.<\/p>\n<div id=\"attachment_408574\" class=\"wp-caption alignleft\" style=\"max-width: 300px\"><img fetchpriority=\"high\" decoding=\"async\" class=\"wp-image-408574 size-medium\" src=\"https:\/\/vieassociative.be\/actualites\/wp-content\/uploads\/2025\/02\/LEupen-Triumvirate-appelle-a-des-dons-Ceux-qui-peuvent-celebrer.jpg\" alt=\"\" width=\"300\" height=\"200\"  ><\/p>\n<p class=\"wp-caption-text\">St. Samuel I et les pages Lara et Kim appellent \u00e0 des dons. Photo: kg eulenspiegel eupen<\/p>\n<\/div>\n<p>Le prince et les pages sont des distributeurs sanguins et plasmatiques depuis des ann\u00e9es, de sorte que le soutien \u00e0 cela \u00e9tait si important pour de nombreuses personnes qui \u00e9taient si importantes pour de nombreuses personnes. \u00ab\u00a0Avec notre groupe d&rsquo;accompagnement en janvier, nous avons fait un don imm\u00e9diatement apr\u00e8s notre proclamation et nous n&rsquo;avons pas manqu\u00e9 l&rsquo;occasion de remercier les b\u00e9n\u00e9voles dans l&rsquo;orn\u00e9 pour leur travail vital.\u00a0\u00bb<\/p>\n<p>Le groupe Prince s&rsquo;adresse \u00e0 un appel \u00e0 tous les carnavalistes: \u00ab\u00a0montre ce que vous \u00eates et va \u00e0 partir du sang \u00e0 partir de maintenant.\u00a0\u00bb Selon la devise: \u00ab\u00a0Si vous pouvez c\u00e9l\u00e9brer, vous pouvez \u00e9galement donner du sang!\u00a0\u00bb<\/p>\n<p>La Croix-Rouge organise un don de sang \u00e0 Eupen tous les 1 et 2e mardi du mois. De plus, la Croix-Rouge est heureuse de toute autre forme de soutien.<\/p>\n<p><em><strong>Vous pouvez trouver des informations \u00e0 <u>https:\/\/www.roteskreuz.be\/service\/blutpende\/<\/u><\/strong><\/em><\/p>\n","protected":false},"excerpt":{"rendered":"<p>Comme chaque ann\u00e9e, l&rsquo;Eupener Triumvirate soutient une organisation \u00e0 but non lucratif. Cette ann\u00e9e st. Samuel I avec les pages Lara et Kim ont d\u00e9cid\u00e9<\/p>\n","protected":false},"author":1,"featured_media":5241,"comment_status":"","ping_status":"","sticky":false,"template":"","format":"standard","meta":{"footnotes":""},"categories":[298],"tags":[5218,696,1238,29,818,5409,172,5407,293,99,1225,5408],"class_list":["post-5240","post","type-post","status-publish","format-standard","has-post-thumbnail","hentry","category-belgique","tag-appelle","tag-celebrer","tag-ceux","tag-des","tag-donner","tag-dons","tag-egalement","tag-leupen","tag-peuvent","tag-qui","tag-sang","tag-triumvirate","generate-columns","tablet-grid-50","mobile-grid-100","grid-parent","grid-33"],"yoast_head":"<!-- This site is optimized with the Yoast SEO plugin v24.0 - https:\/\/yoast.com\/wordpress\/plugins\/seo\/ -->\n<title>L&#039;Eupen Triumvirate appelle \u00e0 des dons: &quot;Ceux qui peuvent c\u00e9l\u00e9brer peuvent \u00e9galement donner du sang!&quot; | Vie Associative<\/title>\n<meta name=\"robots\" content=\"index, follow, max-snippet:-1, max-image-preview:large, max-video-preview:-1\" \/>\n<link rel=\"canonical\" href=\"https:\/\/vieassociative.be\/actualites\/leupen-triumvirate-appelle-a-des-dons-ceux-qui-peuvent-celebrer-peuvent-egalement-donner-du-sang\/\" \/>\n<meta property=\"og:locale\" content=\"fr_FR\" \/>\n<meta property=\"og:type\" content=\"article\" \/>\n<meta property=\"og:title\" content=\"L&#039;Eupen Triumvirate appelle \u00e0 des dons: &quot;Ceux qui peuvent c\u00e9l\u00e9brer peuvent \u00e9galement donner du sang!&quot; | Vie Associative\" \/>\n<meta property=\"og:description\" content=\"Comme chaque ann\u00e9e, l&rsquo;Eupener Triumvirate soutient une organisation \u00e0 but non lucratif. Cette ann\u00e9e st. Samuel I avec les pages Lara et Kim ont d\u00e9cid\u00e9\" \/>\n<meta property=\"og:url\" content=\"https:\/\/vieassociative.be\/actualites\/leupen-triumvirate-appelle-a-des-dons-ceux-qui-peuvent-celebrer-peuvent-egalement-donner-du-sang\/\" \/>\n<meta property=\"og:site_name\" content=\"Vie Associative\" \/>\n<meta property=\"article:published_time\" content=\"2025-02-19T14:17:10+00:00\" \/>\n<meta property=\"og:image\" content=\"https:\/\/vieassociative.be\/actualites\/wp-content\/uploads\/2024\/09\/header_backgroundk-01-e1726694325946.png\" \/>\n\t<meta property=\"og:image:width\" content=\"279\" \/>\n\t<meta property=\"og:image:height\" content=\"92\" \/>\n\t<meta property=\"og:image:type\" content=\"image\/png\" \/>\n<meta name=\"author\" content=\"Julien\" \/>\n<meta name=\"twitter:card\" content=\"summary_large_image\" \/>\n<meta name=\"twitter:label1\" content=\"\u00c9crit par\" \/>\n\t<meta name=\"twitter:data1\" content=\"Julien\" \/>\n\t<meta name=\"twitter:label2\" content=\"Dur\u00e9e de lecture est.\" \/>\n\t<meta name=\"twitter:data2\" content=\"1 minute\" \/>\n<script type=\"application\/ld+json\" class=\"yoast-schema-graph\">{\"@context\":\"https:\/\/schema.org\",\"@graph\":[{\"@type\":\"Article\",\"@id\":\"https:\/\/vieassociative.be\/actualites\/leupen-triumvirate-appelle-a-des-dons-ceux-qui-peuvent-celebrer-peuvent-egalement-donner-du-sang\/#article\",\"isPartOf\":{\"@id\":\"https:\/\/vieassociative.be\/actualites\/leupen-triumvirate-appelle-a-des-dons-ceux-qui-peuvent-celebrer-peuvent-egalement-donner-du-sang\/\"},\"author\":{\"name\":\"Julien\",\"@id\":\"https:\/\/vieassociative.be\/actualites\/#\/schema\/person\/b87ac4f82f9d4e7b7cec7395b679edc4\"},\"headline\":\"L&rsquo;Eupen Triumvirate appelle \u00e0 des dons: \u00ab\u00a0Ceux qui peuvent c\u00e9l\u00e9brer peuvent \u00e9galement donner du sang!\u00a0\u00bb\",\"datePublished\":\"2025-02-19T14:17:10+00:00\",\"dateModified\":\"2025-02-19T14:17:10+00:00\",\"mainEntityOfPage\":{\"@id\":\"https:\/\/vieassociative.be\/actualites\/leupen-triumvirate-appelle-a-des-dons-ceux-qui-peuvent-celebrer-peuvent-egalement-donner-du-sang\/\"},\"wordCount\":255,\"publisher\":{\"@id\":\"https:\/\/vieassociative.be\/actualites\/#organization\"},\"image\":{\"@id\":\"https:\/\/vieassociative.be\/actualites\/leupen-triumvirate-appelle-a-des-dons-ceux-qui-peuvent-celebrer-peuvent-egalement-donner-du-sang\/#primaryimage\"},\"thumbnailUrl\":\"https:\/\/vieassociative.be\/actualites\/wp-content\/uploads\/2025\/02\/1739974630_LEupen-Triumvirate-appelle-a-des-dons-Ceux-qui-peuvent-celebrer.jpg\",\"keywords\":[\"appelle\",\"c\u00e9l\u00e9brer\",\"ceux\",\"Des\",\"donner\",\"dons\",\"\u00e9galement\",\"LEupen\",\"peuvent\",\"qui\",\"sang\",\"Triumvirate\"],\"articleSection\":[\"Belgique\"],\"inLanguage\":\"fr-BE\"},{\"@type\":\"WebPage\",\"@id\":\"https:\/\/vieassociative.be\/actualites\/leupen-triumvirate-appelle-a-des-dons-ceux-qui-peuvent-celebrer-peuvent-egalement-donner-du-sang\/\",\"url\":\"https:\/\/vieassociative.be\/actualites\/leupen-triumvirate-appelle-a-des-dons-ceux-qui-peuvent-celebrer-peuvent-egalement-donner-du-sang\/\",\"name\":\"L'Eupen Triumvirate appelle \u00e0 des dons: \\\"Ceux qui peuvent c\u00e9l\u00e9brer peuvent \u00e9galement donner du sang!\\\" | Vie Associative\",\"isPartOf\":{\"@id\":\"https:\/\/vieassociative.be\/actualites\/#website\"},\"primaryImageOfPage\":{\"@id\":\"https:\/\/vieassociative.be\/actualites\/leupen-triumvirate-appelle-a-des-dons-ceux-qui-peuvent-celebrer-peuvent-egalement-donner-du-sang\/#primaryimage\"},\"image\":{\"@id\":\"https:\/\/vieassociative.be\/actualites\/leupen-triumvirate-appelle-a-des-dons-ceux-qui-peuvent-celebrer-peuvent-egalement-donner-du-sang\/#primaryimage\"},\"thumbnailUrl\":\"https:\/\/vieassociative.be\/actualites\/wp-content\/uploads\/2025\/02\/1739974630_LEupen-Triumvirate-appelle-a-des-dons-Ceux-qui-peuvent-celebrer.jpg\",\"datePublished\":\"2025-02-19T14:17:10+00:00\",\"dateModified\":\"2025-02-19T14:17:10+00:00\",\"breadcrumb\":{\"@id\":\"https:\/\/vieassociative.be\/actualites\/leupen-triumvirate-appelle-a-des-dons-ceux-qui-peuvent-celebrer-peuvent-egalement-donner-du-sang\/#breadcrumb\"},\"inLanguage\":\"fr-BE\",\"potentialAction\":[{\"@type\":\"ReadAction\",\"target\":[\"https:\/\/vieassociative.be\/actualites\/leupen-triumvirate-appelle-a-des-dons-ceux-qui-peuvent-celebrer-peuvent-egalement-donner-du-sang\/\"]}]},{\"@type\":\"ImageObject\",\"inLanguage\":\"fr-BE\",\"@id\":\"https:\/\/vieassociative.be\/actualites\/leupen-triumvirate-appelle-a-des-dons-ceux-qui-peuvent-celebrer-peuvent-egalement-donner-du-sang\/#primaryimage\",\"url\":\"https:\/\/vieassociative.be\/actualites\/wp-content\/uploads\/2025\/02\/1739974630_LEupen-Triumvirate-appelle-a-des-dons-Ceux-qui-peuvent-celebrer.jpg\",\"contentUrl\":\"https:\/\/vieassociative.be\/actualites\/wp-content\/uploads\/2025\/02\/1739974630_LEupen-Triumvirate-appelle-a-des-dons-Ceux-qui-peuvent-celebrer.jpg\",\"width\":1200,\"height\":800,\"caption\":\"L'Eupen Triumvirate appelle \u00e0 des dons: \\\"Ceux qui peuvent c\u00e9l\u00e9brer peuvent \u00e9galement donner du sang!\\\"\"},{\"@type\":\"BreadcrumbList\",\"@id\":\"https:\/\/vieassociative.be\/actualites\/leupen-triumvirate-appelle-a-des-dons-ceux-qui-peuvent-celebrer-peuvent-egalement-donner-du-sang\/#breadcrumb\",\"itemListElement\":[{\"@type\":\"ListItem\",\"position\":1,\"name\":\"Accueil\",\"item\":\"https:\/\/vieassociative.be\/actualites\/\"},{\"@type\":\"ListItem\",\"position\":2,\"name\":\"L&rsquo;Eupen Triumvirate appelle \u00e0 des dons: \u00ab\u00a0Ceux qui peuvent c\u00e9l\u00e9brer peuvent \u00e9galement donner du sang!\u00a0\u00bb\"}]},{\"@type\":\"WebSite\",\"@id\":\"https:\/\/vieassociative.be\/actualites\/#website\",\"url\":\"https:\/\/vieassociative.be\/actualites\/\",\"name\":\"Vie Associative\",\"description\":\"\",\"publisher\":{\"@id\":\"https:\/\/vieassociative.be\/actualites\/#organization\"},\"potentialAction\":[{\"@type\":\"SearchAction\",\"target\":{\"@type\":\"EntryPoint\",\"urlTemplate\":\"https:\/\/vieassociative.be\/actualites\/?s={search_term_string}\"},\"query-input\":{\"@type\":\"PropertyValueSpecification\",\"valueRequired\":true,\"valueName\":\"search_term_string\"}}],\"inLanguage\":\"fr-BE\"},{\"@type\":\"Organization\",\"@id\":\"https:\/\/vieassociative.be\/actualites\/#organization\",\"name\":\"Vie Associative\",\"url\":\"https:\/\/vieassociative.be\/actualites\/\",\"logo\":{\"@type\":\"ImageObject\",\"inLanguage\":\"fr-BE\",\"@id\":\"https:\/\/vieassociative.be\/actualites\/#\/schema\/logo\/image\/\",\"url\":\"https:\/\/vieassociative.be\/actualites\/wp-content\/uploads\/2024\/09\/cropped-vieassociative_favicon.ico.png\",\"contentUrl\":\"https:\/\/vieassociative.be\/actualites\/wp-content\/uploads\/2024\/09\/cropped-vieassociative_favicon.ico.png\",\"width\":512,\"height\":512,\"caption\":\"Vie Associative\"},\"image\":{\"@id\":\"https:\/\/vieassociative.be\/actualites\/#\/schema\/logo\/image\/\"}},{\"@type\":\"Person\",\"@id\":\"https:\/\/vieassociative.be\/actualites\/#\/schema\/person\/b87ac4f82f9d4e7b7cec7395b679edc4\",\"name\":\"Julien\",\"image\":{\"@type\":\"ImageObject\",\"inLanguage\":\"fr-BE\",\"@id\":\"https:\/\/vieassociative.be\/actualites\/#\/schema\/person\/image\/\",\"url\":\"https:\/\/vieassociative.be\/actualites\/wp-content\/uploads\/2024\/09\/vie-associative-1-150x150.jpg\",\"contentUrl\":\"https:\/\/vieassociative.be\/actualites\/wp-content\/uploads\/2024\/09\/vie-associative-1-150x150.jpg\",\"caption\":\"Julien\"},\"description\":\"Je suis Julien, r\u00e9dacteur pour Vie Associative. Passionn\u00e9 par le monde associatif depuis plus de 10 ans, j'ai \u00e0 c\u0153ur de partager des histoires inspirantes et de mettre en lumi\u00e8re les initiatives locales. Mon objectif est de sensibiliser et d'encourager l'engagement communautaire \u00e0 travers mes articles.\",\"sameAs\":[\"https:\/\/vieassociative.be\/\"]}]}<\/script>\n<!-- \/ Yoast SEO plugin. -->","yoast_head_json":{"title":"L'Eupen Triumvirate appelle \u00e0 des dons: \"Ceux qui peuvent c\u00e9l\u00e9brer peuvent \u00e9galement donner du sang!\" | Vie Associative","robots":{"index":"index","follow":"follow","max-snippet":"max-snippet:-1","max-image-preview":"max-image-preview:large","max-video-preview":"max-video-preview:-1"},"canonical":"https:\/\/vieassociative.be\/actualites\/leupen-triumvirate-appelle-a-des-dons-ceux-qui-peuvent-celebrer-peuvent-egalement-donner-du-sang\/","og_locale":"fr_FR","og_type":"article","og_title":"L'Eupen Triumvirate appelle \u00e0 des dons: \"Ceux qui peuvent c\u00e9l\u00e9brer peuvent \u00e9galement donner du sang!\" | Vie Associative","og_description":"Comme chaque ann\u00e9e, l&rsquo;Eupener Triumvirate soutient une organisation \u00e0 but non lucratif. Cette ann\u00e9e st. Samuel I avec les pages Lara et Kim ont d\u00e9cid\u00e9","og_url":"https:\/\/vieassociative.be\/actualites\/leupen-triumvirate-appelle-a-des-dons-ceux-qui-peuvent-celebrer-peuvent-egalement-donner-du-sang\/","og_site_name":"Vie Associative","article_published_time":"2025-02-19T14:17:10+00:00","og_image":[{"width":279,"height":92,"url":"https:\/\/vieassociative.be\/actualites\/wp-content\/uploads\/2024\/09\/header_backgroundk-01-e1726694325946.png","type":"image\/png"}],"author":"Julien","twitter_card":"summary_large_image","twitter_misc":{"\u00c9crit par":"Julien","Dur\u00e9e de lecture est.":"1 minute"},"schema":{"@context":"https:\/\/schema.org","@graph":[{"@type":"Article","@id":"https:\/\/vieassociative.be\/actualites\/leupen-triumvirate-appelle-a-des-dons-ceux-qui-peuvent-celebrer-peuvent-egalement-donner-du-sang\/#article","isPartOf":{"@id":"https:\/\/vieassociative.be\/actualites\/leupen-triumvirate-appelle-a-des-dons-ceux-qui-peuvent-celebrer-peuvent-egalement-donner-du-sang\/"},"author":{"name":"Julien","@id":"https:\/\/vieassociative.be\/actualites\/#\/schema\/person\/b87ac4f82f9d4e7b7cec7395b679edc4"},"headline":"L&rsquo;Eupen Triumvirate appelle \u00e0 des dons: \u00ab\u00a0Ceux qui peuvent c\u00e9l\u00e9brer peuvent \u00e9galement donner du sang!\u00a0\u00bb","datePublished":"2025-02-19T14:17:10+00:00","dateModified":"2025-02-19T14:17:10+00:00","mainEntityOfPage":{"@id":"https:\/\/vieassociative.be\/actualites\/leupen-triumvirate-appelle-a-des-dons-ceux-qui-peuvent-celebrer-peuvent-egalement-donner-du-sang\/"},"wordCount":255,"publisher":{"@id":"https:\/\/vieassociative.be\/actualites\/#organization"},"image":{"@id":"https:\/\/vieassociative.be\/actualites\/leupen-triumvirate-appelle-a-des-dons-ceux-qui-peuvent-celebrer-peuvent-egalement-donner-du-sang\/#primaryimage"},"thumbnailUrl":"https:\/\/vieassociative.be\/actualites\/wp-content\/uploads\/2025\/02\/1739974630_LEupen-Triumvirate-appelle-a-des-dons-Ceux-qui-peuvent-celebrer.jpg","keywords":["appelle","c\u00e9l\u00e9brer","ceux","Des","donner","dons","\u00e9galement","LEupen","peuvent","qui","sang","Triumvirate"],"articleSection":["Belgique"],"inLanguage":"fr-BE"},{"@type":"WebPage","@id":"https:\/\/vieassociative.be\/actualites\/leupen-triumvirate-appelle-a-des-dons-ceux-qui-peuvent-celebrer-peuvent-egalement-donner-du-sang\/","url":"https:\/\/vieassociative.be\/actualites\/leupen-triumvirate-appelle-a-des-dons-ceux-qui-peuvent-celebrer-peuvent-egalement-donner-du-sang\/","name":"L'Eupen Triumvirate appelle \u00e0 des dons: \"Ceux qui peuvent c\u00e9l\u00e9brer peuvent \u00e9galement donner du sang!\" | Vie Associative","isPartOf":{"@id":"https:\/\/vieassociative.be\/actualites\/#website"},"primaryImageOfPage":{"@id":"https:\/\/vieassociative.be\/actualites\/leupen-triumvirate-appelle-a-des-dons-ceux-qui-peuvent-celebrer-peuvent-egalement-donner-du-sang\/#primaryimage"},"image":{"@id":"https:\/\/vieassociative.be\/actualites\/leupen-triumvirate-appelle-a-des-dons-ceux-qui-peuvent-celebrer-peuvent-egalement-donner-du-sang\/#primaryimage"},"thumbnailUrl":"https:\/\/vieassociative.be\/actualites\/wp-content\/uploads\/2025\/02\/1739974630_LEupen-Triumvirate-appelle-a-des-dons-Ceux-qui-peuvent-celebrer.jpg","datePublished":"2025-02-19T14:17:10+00:00","dateModified":"2025-02-19T14:17:10+00:00","breadcrumb":{"@id":"https:\/\/vieassociative.be\/actualites\/leupen-triumvirate-appelle-a-des-dons-ceux-qui-peuvent-celebrer-peuvent-egalement-donner-du-sang\/#breadcrumb"},"inLanguage":"fr-BE","potentialAction":[{"@type":"ReadAction","target":["https:\/\/vieassociative.be\/actualites\/leupen-triumvirate-appelle-a-des-dons-ceux-qui-peuvent-celebrer-peuvent-egalement-donner-du-sang\/"]}]},{"@type":"ImageObject","inLanguage":"fr-BE","@id":"https:\/\/vieassociative.be\/actualites\/leupen-triumvirate-appelle-a-des-dons-ceux-qui-peuvent-celebrer-peuvent-egalement-donner-du-sang\/#primaryimage","url":"https:\/\/vieassociative.be\/actualites\/wp-content\/uploads\/2025\/02\/1739974630_LEupen-Triumvirate-appelle-a-des-dons-Ceux-qui-peuvent-celebrer.jpg","contentUrl":"https:\/\/vieassociative.be\/actualites\/wp-content\/uploads\/2025\/02\/1739974630_LEupen-Triumvirate-appelle-a-des-dons-Ceux-qui-peuvent-celebrer.jpg","width":1200,"height":800,"caption":"L'Eupen Triumvirate appelle \u00e0 des dons: \"Ceux qui peuvent c\u00e9l\u00e9brer peuvent \u00e9galement donner du sang!\""},{"@type":"BreadcrumbList","@id":"https:\/\/vieassociative.be\/actualites\/leupen-triumvirate-appelle-a-des-dons-ceux-qui-peuvent-celebrer-peuvent-egalement-donner-du-sang\/#breadcrumb","itemListElement":[{"@type":"ListItem","position":1,"name":"Accueil","item":"https:\/\/vieassociative.be\/actualites\/"},{"@type":"ListItem","position":2,"name":"L&rsquo;Eupen Triumvirate appelle \u00e0 des dons: \u00ab\u00a0Ceux qui peuvent c\u00e9l\u00e9brer peuvent \u00e9galement donner du sang!\u00a0\u00bb"}]},{"@type":"WebSite","@id":"https:\/\/vieassociative.be\/actualites\/#website","url":"https:\/\/vieassociative.be\/actualites\/","name":"Vie Associative","description":"","publisher":{"@id":"https:\/\/vieassociative.be\/actualites\/#organization"},"potentialAction":[{"@type":"SearchAction","target":{"@type":"EntryPoint","urlTemplate":"https:\/\/vieassociative.be\/actualites\/?s={search_term_string}"},"query-input":{"@type":"PropertyValueSpecification","valueRequired":true,"valueName":"search_term_string"}}],"inLanguage":"fr-BE"},{"@type":"Organization","@id":"https:\/\/vieassociative.be\/actualites\/#organization","name":"Vie Associative","url":"https:\/\/vieassociative.be\/actualites\/","logo":{"@type":"ImageObject","inLanguage":"fr-BE","@id":"https:\/\/vieassociative.be\/actualites\/#\/schema\/logo\/image\/","url":"https:\/\/vieassociative.be\/actualites\/wp-content\/uploads\/2024\/09\/cropped-vieassociative_favicon.ico.png","contentUrl":"https:\/\/vieassociative.be\/actualites\/wp-content\/uploads\/2024\/09\/cropped-vieassociative_favicon.ico.png","width":512,"height":512,"caption":"Vie Associative"},"image":{"@id":"https:\/\/vieassociative.be\/actualites\/#\/schema\/logo\/image\/"}},{"@type":"Person","@id":"https:\/\/vieassociative.be\/actualites\/#\/schema\/person\/b87ac4f82f9d4e7b7cec7395b679edc4","name":"Julien","image":{"@type":"ImageObject","inLanguage":"fr-BE","@id":"https:\/\/vieassociative.be\/actualites\/#\/schema\/person\/image\/","url":"https:\/\/vieassociative.be\/actualites\/wp-content\/uploads\/2024\/09\/vie-associative-1-150x150.jpg","contentUrl":"https:\/\/vieassociative.be\/actualites\/wp-content\/uploads\/2024\/09\/vie-associative-1-150x150.jpg","caption":"Julien"},"description":"Je suis Julien, r\u00e9dacteur pour Vie Associative. Passionn\u00e9 par le monde associatif depuis plus de 10 ans, j'ai \u00e0 c\u0153ur de partager des histoires inspirantes et de mettre en lumi\u00e8re les initiatives locales. Mon objectif est de sensibiliser et d'encourager l'engagement communautaire \u00e0 travers mes articles.","sameAs":["https:\/\/vieassociative.be\/"]}]}},"_links":{"self":[{"href":"https:\/\/vieassociative.be\/actualites\/wp-json\/wp\/v2\/posts\/5240"}],"collection":[{"href":"https:\/\/vieassociative.be\/actualites\/wp-json\/wp\/v2\/posts"}],"about":[{"href":"https:\/\/vieassociative.be\/actualites\/wp-json\/wp\/v2\/types\/post"}],"author":[{"embeddable":true,"href":"https:\/\/vieassociative.be\/actualites\/wp-json\/wp\/v2\/users\/1"}],"replies":[{"embeddable":true,"href":"https:\/\/vieassociative.be\/actualites\/wp-json\/wp\/v2\/comments?post=5240"}],"version-history":[{"count":0,"href":"https:\/\/vieassociative.be\/actualites\/wp-json\/wp\/v2\/posts\/5240\/revisions"}],"wp:featuredmedia":[{"embeddable":true,"href":"https:\/\/vieassociative.be\/actualites\/wp-json\/wp\/v2\/media\/5241"}],"wp:attachment":[{"href":"https:\/\/vieassociative.be\/actualites\/wp-json\/wp\/v2\/media?parent=5240"}],"wp:term":[{"taxonomy":"category","embeddable":true,"href":"https:\/\/vieassociative.be\/actualites\/wp-json\/wp\/v2\/categories?post=5240"},{"taxonomy":"post_tag","embeddable":true,"href":"https:\/\/vieassociative.be\/actualites\/wp-json\/wp\/v2\/tags?post=5240"}],"curies":[{"name":"wp","href":"https:\/\/api.w.org\/{rel}","templated":true}]}}