{"id":524,"date":"2024-09-26T19:24:14","date_gmt":"2024-09-26T17:24:14","guid":{"rendered":"https:\/\/vieassociative.be\/actualites\/low-uber-em-auslosung-die-hammergruppe-schlechthin\/"},"modified":"2024-09-26T19:24:17","modified_gmt":"2024-09-26T17:24:17","slug":"low-uber-em-auslosung-die-hammergruppe-schlechthin","status":"publish","type":"post","link":"https:\/\/vieassociative.be\/actualites\/low-uber-em-auslosung-die-hammergruppe-schlechthin\/","title":{"rendered":"L\u00f6w \u00fcber EM-Auslosung: \u00ab\u00a0Die Hammergruppe schlechthin\u00a0\u00bb"},"content":{"rendered":"<p><\/p>\n<p class=\"font-sans font-medium\">  L&rsquo;\u00e9quipe nationale allemande de Fu\u00dfball concourt entre l&rsquo;EM en France et au Portugal. Das ergab die Auslosung. Les gens de Gegner ne seront pas \u00e0 la f\u00eate.<\/p>\n<aside class=\"h-ad-280+text lg:h-0 \" data-slot-id=\"pos1_sm\" data-breakpoint=\"sm\" data-hide-ad-text=\"false\" data-module-id=\"SparkAdSlotModule\"><\/aside>\n<p>Joachim L\u00f6w a demand\u00e9 sa propre aide, alors il serait le Bundestrainer avec un grand rire ab. Ces Bef\u00fcrchtungen les plus intelligents depuis l&rsquo;EM-Auslosung wahr, la Deutsche Nationalmannschaft a eu lieu dans le Vorrunde des Turniers auf Weltmeister Frankreich et Titelverteidiger Portugal avec la superstar Cristiano Ronaldo. Das ergab die Auslosung in Bucarest 195 Tage vor dem Ansto\u00df der paneurop\u00e4ischen EM (12 juin au 12 juillet).<\/p>\n<\/p>\n<article class=\"prose-h1:text-title1 prose-h2:text-title2 prose-h3:text-title3 prose-h4:text-title4 prose my-6 bg-background-200 p-5 font-sans prose-headings:mb-3 prose-headings:mt-8 prose-headings:font-sans prose-p:my-6 prose-a:text-primary-500 prose-a:no-underline hover:prose-a:underline prose-ol:my-6 prose-ol:pl-5 prose-ul:my-6 prose-ul:pl-6 prose-li:my-2 prose-li:marker:font-bold prose-li:marker:text-copy-primary\">\n<div class=\"text-body2 no-child-topbottom-margins\">\n<p>Apr\u00e8s l&rsquo;Auslosung der EM-Gruppen, il y a un m\u00f6gliches Testspiel der deutschen Fu\u00dfball-Nationalmannschaft gegen Portugal in Vorfeld der Europameisterschaft 2020 kein Thema more. Le meilleur du Bundestrainer Joachim L\u00f6w et \u00e9galement du directeur de la DFB Oliver Bierhoff au Samstagabend de Bucarest.<\/p>\n<p>\u00ab Un Portugal a \u00e9t\u00e9 exploit\u00e9. Nous serons toujours heureux, c&rsquo;est naturel maintenant, nous ne pourrons pas rejoindre l&rsquo;EM dans le groupe pour d&rsquo;autres r\u00e9unions\u00a0\u00bb, a d\u00e9clar\u00e9 L\u00f6w. L&rsquo;Allemagne rencontrera le 20 juin 2020 \u00e0 Munich l&rsquo;Europameister avec Cristiano Ronaldo. \u00ab Nous devons nous orienter diff\u00e9remment. Nous avons encore quelques options\u00a0\u00bb, a d\u00e9clar\u00e9 l&rsquo;entra\u00eeneur allemand.<\/p>\n<\/p><\/div>\n<\/article>\n<div id=\"piano-banner-kampagne\" class=\"mb-4 block\"><\/div>\n<div id=\"piano-reco-widget\" class=\"mb-4 block\"><\/div>\n<p>Der dritte Gegner in der Hammergruppe F est premier apr\u00e8s les Play-offs de la Ligue des Nations Ende M\u00e4rz fest. Ungarn, Island, Bulgarie, G\u00e9orgien, Wei\u00dfrussland, Nordmazedonia ou le Kosovo kommen infrage. Einziger Trost f\u00fcr die Auswahl des Deutschen Fu\u00dfball-Bundes (DFB) : tous les trois groupes de football sont assis \u00e0 Munich Heimvorteil.<\/p>\n<p>\u00abC&rsquo;est le schlechthin du Hammergruppe. \u00ab\u00a0Il faut \u00eatre dans le Groupe avec une Limite limit\u00e9e\u00a0\u00bb, a d\u00e9clar\u00e9 L\u00f6w, car \u00ab\u00a0ma vie \u00e9tait un grand plaisir\u00a0\u00bb : \u00ab\u00a0C&rsquo;est super amusant.\u00a0\u00bb Cela signifie que les fans seront heureux. \u00bb Le directeur de la DFB, Oliver Bierhoff, attend avec impatience \u00ab l\u2019avenir des jeunes avec un grand soutien \u00bb. \u00ab\u00a0C&rsquo;est le groupe le plus intelligent que l&rsquo;homme puisse imaginer\u00a0\u00bb, dit Bierhoff.<\/p>\n<p><!-- opinary --><\/p>\n<div class=\"w-full bg-background-100\">\n<div id=\"opinary-automation-placeholder\" class=\"w-full\"><\/div>\n<\/p><\/div>\n<h3>Keller, pr\u00e9sident de la DFB : \u00ab\u00a0La peur n&rsquo;est pas ma vie\u00a0\u00bb<\/h3>\n<p>Les trois European Masters d\u00e9buteront le 16 juin, avec les Fran\u00e7ais \u00e0 l&rsquo;EURO, \u00e0 quatre jours du Portugal. Le dernier match de poule se retrouvera le 24 juin. Les deux premi\u00e8res places seront attribu\u00e9es aux \u00e9quipes des groupes s\u00e9par\u00e9s, et les quatre meilleures \u00e9quipes atteindront les huit finales. <\/p>\n<aside class=\"h-ad-600+text lg:h-0 \" data-slot-id=\"pos2_sm\" data-breakpoint=\"sm\" data-hide-ad-text=\"false\" data-module-id=\"SparkAdSlotModule\"><\/aside>\n<p>\u201eAvec cesem los kann man sofort Fu\u00dfball-Fieber en Allemagne entfachen. C&rsquo;est un Hammerlos&rsquo;, a d\u00e9clar\u00e9 le pr\u00e9sident de la DFB Fritz Keller et le leader : \u00ab\u00a0La peur, ce n&rsquo;est pas mon truc.\u00a0\u00bb<\/p>\n<p>L\u00f6w hatte als eender der letzten G\u00e4ste im dunklen Anzug den Saal im Romexpo Exhibition Center. Pour les dimensions suppl\u00e9mentaires de l&rsquo;EM-Pokal, il existe d\u00e9sormais une multitude de vues. <\/p>\n<p>Les \u00ab\u00a0Losfeen\u00a0\u00bb, le ma\u00eetre du monde du Rio Philipp Lahm, peuvent remercier les plus de 500 invit\u00e9s pour leurs excuses et leurs excuses pour leurs sentiments s\u00e9rieux dans la d\u00e9l\u00e9gation allemande avec Keller et Bierhoff. \u00ab Je dois \u00eatre content de ma raison, je le pensais. Poss\u00e9der un homme qui a tellement de chance de passer un bon moment \u00bb, a d\u00e9clar\u00e9 Keller \u00e0 propos de l&rsquo;EM-Botschafter Lahm de Munich.<\/p>\n<\/p>\n<p>L&rsquo;\u00e9quipe allemande sera impliqu\u00e9e dans un certain temps gr\u00e2ce aux retours positifs de la WM 2018 en Russie &#8211; c&rsquo;est pourquoi nous attendons avec impatience de voir l&rsquo;avenir du d\u00e9but en pleine forme. Der in der Qualifikation errungene Gruppensieg for dem Erzrivals Niederlande erwies sich am Samstag nicht als Vorteil, obwohl there a Platz in Lostopf 1 sicherte.<\/p>\n<p><!-- Taboola Container --><\/p>\n<aside class=\" w-full\" data-module-id=\"TaboolaContainerModule\" data-container-id=\"taboola-article-mid-article\" data-mode=\"thumbnails-a\" data-target-type=\"mix\" data-is-mid-article=\"true\" data-variant=\"mid-article\" data-gallery-number=\"undefined\">\n<div id=\"taboola-article-mid-article\"><\/div>\n<\/aside>\n<h3>La star belge De Bruyne : \u00ab\u00a0Eine Schande\u00a0\u00bb<\/h3>\n<p>Dem Zufall war bei der Auslosung deutliche Grenzen setzt. Puisque les Allemands profitent automatiquement de leur patrie et des duels politiquement explosifs dans lesquels la Russie se r\u00e9jouira \u00e0 l&rsquo;avenir, il y aura quelques retrouvailles avant le festival. <\/p>\n<p>Le groupe B mit Russland, Belgien et D\u00e4nemark \u00e9tait d\u00e9sormais le quatri\u00e8me Gegner (Finlande) connu. Dass four EM-Starter first in der Geschichte bei der Auslosung ni nicht feststanden, maarte das Prozedere ni unverst\u00e4ndlicher. Der Modus sei ne \u00ab\u00a0Schande\u00a0\u00bb et erhme f\u00fcr die Auslosung \u00ab\u00a0alle Spannung und jedes Vergn\u00fcgen\u00a0\u00bb, la star belge du Mittelfeld Kevin De Bruyne dans le Vorfeld a \u00e9t\u00e9 critiqu\u00e9e. (c\u00f4t\u00e9)<\/p>\n","protected":false},"excerpt":{"rendered":"<p>L&rsquo;\u00e9quipe nationale allemande de Fu\u00dfball concourt entre l&rsquo;EM en France et au Portugal. Das ergab die Auslosung. Les gens de Gegner ne seront pas \u00e0<\/p>\n","protected":false},"author":1,"featured_media":525,"comment_status":"closed","ping_status":"","sticky":false,"template":"","format":"standard","meta":{"footnotes":""},"categories":[298],"tags":[404,859,860,858,861,431],"class_list":["post-524","post","type-post","status-publish","format-standard","has-post-thumbnail","hentry","category-belgique","tag-die","tag-emauslosung","tag-hammergruppe","tag-low","tag-schlechthin","tag-uber","generate-columns","tablet-grid-50","mobile-grid-100","grid-parent","grid-33"],"yoast_head":"<!-- This site is optimized with the Yoast SEO plugin v24.0 - https:\/\/yoast.com\/wordpress\/plugins\/seo\/ -->\n<title>L\u00f6w \u00fcber EM-Auslosung: &quot;Die Hammergruppe schlechthin&quot; | Vie Associative<\/title>\n<meta name=\"robots\" content=\"index, follow, max-snippet:-1, max-image-preview:large, max-video-preview:-1\" \/>\n<link rel=\"canonical\" href=\"https:\/\/vieassociative.be\/actualites\/low-uber-em-auslosung-die-hammergruppe-schlechthin\/\" \/>\n<meta property=\"og:locale\" content=\"fr_FR\" \/>\n<meta property=\"og:type\" content=\"article\" \/>\n<meta property=\"og:title\" content=\"L\u00f6w \u00fcber EM-Auslosung: &quot;Die Hammergruppe schlechthin&quot; | Vie Associative\" \/>\n<meta property=\"og:description\" content=\"L&rsquo;\u00e9quipe nationale allemande de Fu\u00dfball concourt entre l&rsquo;EM en France et au Portugal. Das ergab die Auslosung. Les gens de Gegner ne seront pas \u00e0\" \/>\n<meta property=\"og:url\" content=\"https:\/\/vieassociative.be\/actualites\/low-uber-em-auslosung-die-hammergruppe-schlechthin\/\" \/>\n<meta property=\"og:site_name\" content=\"Vie Associative\" \/>\n<meta property=\"article:published_time\" content=\"2024-09-26T17:24:14+00:00\" \/>\n<meta property=\"article:modified_time\" content=\"2024-09-26T17:24:17+00:00\" \/>\n<meta property=\"og:image\" content=\"https:\/\/vieassociative.be\/actualites\/wp-content\/uploads\/2024\/09\/1727371455_Low-uber-EM-Auslosung-Die-Hammergruppe-schlechthin.jpeg\" \/>\n\t<meta property=\"og:image:width\" content=\"1600\" \/>\n\t<meta property=\"og:image:height\" content=\"900\" \/>\n\t<meta property=\"og:image:type\" content=\"image\/jpeg\" \/>\n<meta name=\"author\" content=\"Julien\" \/>\n<meta name=\"twitter:card\" content=\"summary_large_image\" \/>\n<meta name=\"twitter:label1\" content=\"\u00c9crit par\" \/>\n\t<meta name=\"twitter:data1\" content=\"Julien\" \/>\n\t<meta name=\"twitter:label2\" content=\"Dur\u00e9e de lecture est.\" \/>\n\t<meta name=\"twitter:data2\" content=\"3 minutes\" \/>\n<script type=\"application\/ld+json\" class=\"yoast-schema-graph\">{\"@context\":\"https:\/\/schema.org\",\"@graph\":[{\"@type\":\"Article\",\"@id\":\"https:\/\/vieassociative.be\/actualites\/low-uber-em-auslosung-die-hammergruppe-schlechthin\/#article\",\"isPartOf\":{\"@id\":\"https:\/\/vieassociative.be\/actualites\/low-uber-em-auslosung-die-hammergruppe-schlechthin\/\"},\"author\":{\"name\":\"Julien\",\"@id\":\"https:\/\/vieassociative.be\/actualites\/#\/schema\/person\/b87ac4f82f9d4e7b7cec7395b679edc4\"},\"headline\":\"L\u00f6w \u00fcber EM-Auslosung: \u00ab\u00a0Die Hammergruppe schlechthin\u00a0\u00bb\",\"datePublished\":\"2024-09-26T17:24:14+00:00\",\"dateModified\":\"2024-09-26T17:24:17+00:00\",\"mainEntityOfPage\":{\"@id\":\"https:\/\/vieassociative.be\/actualites\/low-uber-em-auslosung-die-hammergruppe-schlechthin\/\"},\"wordCount\":728,\"publisher\":{\"@id\":\"https:\/\/vieassociative.be\/actualites\/#organization\"},\"image\":{\"@id\":\"https:\/\/vieassociative.be\/actualites\/low-uber-em-auslosung-die-hammergruppe-schlechthin\/#primaryimage\"},\"thumbnailUrl\":\"https:\/\/vieassociative.be\/actualites\/wp-content\/uploads\/2024\/09\/1727371455_Low-uber-EM-Auslosung-Die-Hammergruppe-schlechthin.jpeg\",\"keywords\":[\"die\",\"EMAuslosung\",\"Hammergruppe\",\"L\u00f6w\",\"schlechthin\",\"\u00fcber\"],\"articleSection\":[\"Belgique\"],\"inLanguage\":\"fr-BE\"},{\"@type\":\"WebPage\",\"@id\":\"https:\/\/vieassociative.be\/actualites\/low-uber-em-auslosung-die-hammergruppe-schlechthin\/\",\"url\":\"https:\/\/vieassociative.be\/actualites\/low-uber-em-auslosung-die-hammergruppe-schlechthin\/\",\"name\":\"L\u00f6w \u00fcber EM-Auslosung: \\\"Die Hammergruppe schlechthin\\\" | Vie Associative\",\"isPartOf\":{\"@id\":\"https:\/\/vieassociative.be\/actualites\/#website\"},\"primaryImageOfPage\":{\"@id\":\"https:\/\/vieassociative.be\/actualites\/low-uber-em-auslosung-die-hammergruppe-schlechthin\/#primaryimage\"},\"image\":{\"@id\":\"https:\/\/vieassociative.be\/actualites\/low-uber-em-auslosung-die-hammergruppe-schlechthin\/#primaryimage\"},\"thumbnailUrl\":\"https:\/\/vieassociative.be\/actualites\/wp-content\/uploads\/2024\/09\/1727371455_Low-uber-EM-Auslosung-Die-Hammergruppe-schlechthin.jpeg\",\"datePublished\":\"2024-09-26T17:24:14+00:00\",\"dateModified\":\"2024-09-26T17:24:17+00:00\",\"breadcrumb\":{\"@id\":\"https:\/\/vieassociative.be\/actualites\/low-uber-em-auslosung-die-hammergruppe-schlechthin\/#breadcrumb\"},\"inLanguage\":\"fr-BE\",\"potentialAction\":[{\"@type\":\"ReadAction\",\"target\":[\"https:\/\/vieassociative.be\/actualites\/low-uber-em-auslosung-die-hammergruppe-schlechthin\/\"]}]},{\"@type\":\"ImageObject\",\"inLanguage\":\"fr-BE\",\"@id\":\"https:\/\/vieassociative.be\/actualites\/low-uber-em-auslosung-die-hammergruppe-schlechthin\/#primaryimage\",\"url\":\"https:\/\/vieassociative.be\/actualites\/wp-content\/uploads\/2024\/09\/1727371455_Low-uber-EM-Auslosung-Die-Hammergruppe-schlechthin.jpeg\",\"contentUrl\":\"https:\/\/vieassociative.be\/actualites\/wp-content\/uploads\/2024\/09\/1727371455_Low-uber-EM-Auslosung-Die-Hammergruppe-schlechthin.jpeg\",\"width\":1600,\"height\":900,\"caption\":\"L\u00f6w \u00fcber EM-Auslosung: \\\"Die Hammergruppe schlechthin\\\"\"},{\"@type\":\"BreadcrumbList\",\"@id\":\"https:\/\/vieassociative.be\/actualites\/low-uber-em-auslosung-die-hammergruppe-schlechthin\/#breadcrumb\",\"itemListElement\":[{\"@type\":\"ListItem\",\"position\":1,\"name\":\"Accueil\",\"item\":\"https:\/\/vieassociative.be\/actualites\/\"},{\"@type\":\"ListItem\",\"position\":2,\"name\":\"L\u00f6w \u00fcber EM-Auslosung: \u00ab\u00a0Die Hammergruppe schlechthin\u00a0\u00bb\"}]},{\"@type\":\"WebSite\",\"@id\":\"https:\/\/vieassociative.be\/actualites\/#website\",\"url\":\"https:\/\/vieassociative.be\/actualites\/\",\"name\":\"Vie Associative\",\"description\":\"\",\"publisher\":{\"@id\":\"https:\/\/vieassociative.be\/actualites\/#organization\"},\"potentialAction\":[{\"@type\":\"SearchAction\",\"target\":{\"@type\":\"EntryPoint\",\"urlTemplate\":\"https:\/\/vieassociative.be\/actualites\/?s={search_term_string}\"},\"query-input\":{\"@type\":\"PropertyValueSpecification\",\"valueRequired\":true,\"valueName\":\"search_term_string\"}}],\"inLanguage\":\"fr-BE\"},{\"@type\":\"Organization\",\"@id\":\"https:\/\/vieassociative.be\/actualites\/#organization\",\"name\":\"Vie Associative\",\"url\":\"https:\/\/vieassociative.be\/actualites\/\",\"logo\":{\"@type\":\"ImageObject\",\"inLanguage\":\"fr-BE\",\"@id\":\"https:\/\/vieassociative.be\/actualites\/#\/schema\/logo\/image\/\",\"url\":\"https:\/\/vieassociative.be\/actualites\/wp-content\/uploads\/2024\/09\/cropped-vieassociative_favicon.ico.png\",\"contentUrl\":\"https:\/\/vieassociative.be\/actualites\/wp-content\/uploads\/2024\/09\/cropped-vieassociative_favicon.ico.png\",\"width\":512,\"height\":512,\"caption\":\"Vie Associative\"},\"image\":{\"@id\":\"https:\/\/vieassociative.be\/actualites\/#\/schema\/logo\/image\/\"}},{\"@type\":\"Person\",\"@id\":\"https:\/\/vieassociative.be\/actualites\/#\/schema\/person\/b87ac4f82f9d4e7b7cec7395b679edc4\",\"name\":\"Julien\",\"image\":{\"@type\":\"ImageObject\",\"inLanguage\":\"fr-BE\",\"@id\":\"https:\/\/vieassociative.be\/actualites\/#\/schema\/person\/image\/\",\"url\":\"https:\/\/vieassociative.be\/actualites\/wp-content\/uploads\/2024\/09\/vie-associative-1-150x150.jpg\",\"contentUrl\":\"https:\/\/vieassociative.be\/actualites\/wp-content\/uploads\/2024\/09\/vie-associative-1-150x150.jpg\",\"caption\":\"Julien\"},\"description\":\"Je suis Julien, r\u00e9dacteur pour Vie Associative. Passionn\u00e9 par le monde associatif depuis plus de 10 ans, j'ai \u00e0 c\u0153ur de partager des histoires inspirantes et de mettre en lumi\u00e8re les initiatives locales. Mon objectif est de sensibiliser et d'encourager l'engagement communautaire \u00e0 travers mes articles.\",\"sameAs\":[\"https:\/\/vieassociative.be\/\"]}]}<\/script>\n<!-- \/ Yoast SEO plugin. -->","yoast_head_json":{"title":"L\u00f6w \u00fcber EM-Auslosung: \"Die Hammergruppe schlechthin\" | Vie Associative","robots":{"index":"index","follow":"follow","max-snippet":"max-snippet:-1","max-image-preview":"max-image-preview:large","max-video-preview":"max-video-preview:-1"},"canonical":"https:\/\/vieassociative.be\/actualites\/low-uber-em-auslosung-die-hammergruppe-schlechthin\/","og_locale":"fr_FR","og_type":"article","og_title":"L\u00f6w \u00fcber EM-Auslosung: \"Die Hammergruppe schlechthin\" | Vie Associative","og_description":"L&rsquo;\u00e9quipe nationale allemande de Fu\u00dfball concourt entre l&rsquo;EM en France et au Portugal. Das ergab die Auslosung. Les gens de Gegner ne seront pas \u00e0","og_url":"https:\/\/vieassociative.be\/actualites\/low-uber-em-auslosung-die-hammergruppe-schlechthin\/","og_site_name":"Vie Associative","article_published_time":"2024-09-26T17:24:14+00:00","article_modified_time":"2024-09-26T17:24:17+00:00","og_image":[{"width":1600,"height":900,"url":"https:\/\/vieassociative.be\/actualites\/wp-content\/uploads\/2024\/09\/1727371455_Low-uber-EM-Auslosung-Die-Hammergruppe-schlechthin.jpeg","type":"image\/jpeg"}],"author":"Julien","twitter_card":"summary_large_image","twitter_misc":{"\u00c9crit par":"Julien","Dur\u00e9e de lecture est.":"3 minutes"},"schema":{"@context":"https:\/\/schema.org","@graph":[{"@type":"Article","@id":"https:\/\/vieassociative.be\/actualites\/low-uber-em-auslosung-die-hammergruppe-schlechthin\/#article","isPartOf":{"@id":"https:\/\/vieassociative.be\/actualites\/low-uber-em-auslosung-die-hammergruppe-schlechthin\/"},"author":{"name":"Julien","@id":"https:\/\/vieassociative.be\/actualites\/#\/schema\/person\/b87ac4f82f9d4e7b7cec7395b679edc4"},"headline":"L\u00f6w \u00fcber EM-Auslosung: \u00ab\u00a0Die Hammergruppe schlechthin\u00a0\u00bb","datePublished":"2024-09-26T17:24:14+00:00","dateModified":"2024-09-26T17:24:17+00:00","mainEntityOfPage":{"@id":"https:\/\/vieassociative.be\/actualites\/low-uber-em-auslosung-die-hammergruppe-schlechthin\/"},"wordCount":728,"publisher":{"@id":"https:\/\/vieassociative.be\/actualites\/#organization"},"image":{"@id":"https:\/\/vieassociative.be\/actualites\/low-uber-em-auslosung-die-hammergruppe-schlechthin\/#primaryimage"},"thumbnailUrl":"https:\/\/vieassociative.be\/actualites\/wp-content\/uploads\/2024\/09\/1727371455_Low-uber-EM-Auslosung-Die-Hammergruppe-schlechthin.jpeg","keywords":["die","EMAuslosung","Hammergruppe","L\u00f6w","schlechthin","\u00fcber"],"articleSection":["Belgique"],"inLanguage":"fr-BE"},{"@type":"WebPage","@id":"https:\/\/vieassociative.be\/actualites\/low-uber-em-auslosung-die-hammergruppe-schlechthin\/","url":"https:\/\/vieassociative.be\/actualites\/low-uber-em-auslosung-die-hammergruppe-schlechthin\/","name":"L\u00f6w \u00fcber EM-Auslosung: \"Die Hammergruppe schlechthin\" | Vie Associative","isPartOf":{"@id":"https:\/\/vieassociative.be\/actualites\/#website"},"primaryImageOfPage":{"@id":"https:\/\/vieassociative.be\/actualites\/low-uber-em-auslosung-die-hammergruppe-schlechthin\/#primaryimage"},"image":{"@id":"https:\/\/vieassociative.be\/actualites\/low-uber-em-auslosung-die-hammergruppe-schlechthin\/#primaryimage"},"thumbnailUrl":"https:\/\/vieassociative.be\/actualites\/wp-content\/uploads\/2024\/09\/1727371455_Low-uber-EM-Auslosung-Die-Hammergruppe-schlechthin.jpeg","datePublished":"2024-09-26T17:24:14+00:00","dateModified":"2024-09-26T17:24:17+00:00","breadcrumb":{"@id":"https:\/\/vieassociative.be\/actualites\/low-uber-em-auslosung-die-hammergruppe-schlechthin\/#breadcrumb"},"inLanguage":"fr-BE","potentialAction":[{"@type":"ReadAction","target":["https:\/\/vieassociative.be\/actualites\/low-uber-em-auslosung-die-hammergruppe-schlechthin\/"]}]},{"@type":"ImageObject","inLanguage":"fr-BE","@id":"https:\/\/vieassociative.be\/actualites\/low-uber-em-auslosung-die-hammergruppe-schlechthin\/#primaryimage","url":"https:\/\/vieassociative.be\/actualites\/wp-content\/uploads\/2024\/09\/1727371455_Low-uber-EM-Auslosung-Die-Hammergruppe-schlechthin.jpeg","contentUrl":"https:\/\/vieassociative.be\/actualites\/wp-content\/uploads\/2024\/09\/1727371455_Low-uber-EM-Auslosung-Die-Hammergruppe-schlechthin.jpeg","width":1600,"height":900,"caption":"L\u00f6w \u00fcber EM-Auslosung: \"Die Hammergruppe schlechthin\""},{"@type":"BreadcrumbList","@id":"https:\/\/vieassociative.be\/actualites\/low-uber-em-auslosung-die-hammergruppe-schlechthin\/#breadcrumb","itemListElement":[{"@type":"ListItem","position":1,"name":"Accueil","item":"https:\/\/vieassociative.be\/actualites\/"},{"@type":"ListItem","position":2,"name":"L\u00f6w \u00fcber EM-Auslosung: \u00ab\u00a0Die Hammergruppe schlechthin\u00a0\u00bb"}]},{"@type":"WebSite","@id":"https:\/\/vieassociative.be\/actualites\/#website","url":"https:\/\/vieassociative.be\/actualites\/","name":"Vie Associative","description":"","publisher":{"@id":"https:\/\/vieassociative.be\/actualites\/#organization"},"potentialAction":[{"@type":"SearchAction","target":{"@type":"EntryPoint","urlTemplate":"https:\/\/vieassociative.be\/actualites\/?s={search_term_string}"},"query-input":{"@type":"PropertyValueSpecification","valueRequired":true,"valueName":"search_term_string"}}],"inLanguage":"fr-BE"},{"@type":"Organization","@id":"https:\/\/vieassociative.be\/actualites\/#organization","name":"Vie Associative","url":"https:\/\/vieassociative.be\/actualites\/","logo":{"@type":"ImageObject","inLanguage":"fr-BE","@id":"https:\/\/vieassociative.be\/actualites\/#\/schema\/logo\/image\/","url":"https:\/\/vieassociative.be\/actualites\/wp-content\/uploads\/2024\/09\/cropped-vieassociative_favicon.ico.png","contentUrl":"https:\/\/vieassociative.be\/actualites\/wp-content\/uploads\/2024\/09\/cropped-vieassociative_favicon.ico.png","width":512,"height":512,"caption":"Vie Associative"},"image":{"@id":"https:\/\/vieassociative.be\/actualites\/#\/schema\/logo\/image\/"}},{"@type":"Person","@id":"https:\/\/vieassociative.be\/actualites\/#\/schema\/person\/b87ac4f82f9d4e7b7cec7395b679edc4","name":"Julien","image":{"@type":"ImageObject","inLanguage":"fr-BE","@id":"https:\/\/vieassociative.be\/actualites\/#\/schema\/person\/image\/","url":"https:\/\/vieassociative.be\/actualites\/wp-content\/uploads\/2024\/09\/vie-associative-1-150x150.jpg","contentUrl":"https:\/\/vieassociative.be\/actualites\/wp-content\/uploads\/2024\/09\/vie-associative-1-150x150.jpg","caption":"Julien"},"description":"Je suis Julien, r\u00e9dacteur pour Vie Associative. Passionn\u00e9 par le monde associatif depuis plus de 10 ans, j'ai \u00e0 c\u0153ur de partager des histoires inspirantes et de mettre en lumi\u00e8re les initiatives locales. Mon objectif est de sensibiliser et d'encourager l'engagement communautaire \u00e0 travers mes articles.","sameAs":["https:\/\/vieassociative.be\/"]}]}},"_links":{"self":[{"href":"https:\/\/vieassociative.be\/actualites\/wp-json\/wp\/v2\/posts\/524"}],"collection":[{"href":"https:\/\/vieassociative.be\/actualites\/wp-json\/wp\/v2\/posts"}],"about":[{"href":"https:\/\/vieassociative.be\/actualites\/wp-json\/wp\/v2\/types\/post"}],"author":[{"embeddable":true,"href":"https:\/\/vieassociative.be\/actualites\/wp-json\/wp\/v2\/users\/1"}],"replies":[{"embeddable":true,"href":"https:\/\/vieassociative.be\/actualites\/wp-json\/wp\/v2\/comments?post=524"}],"version-history":[{"count":1,"href":"https:\/\/vieassociative.be\/actualites\/wp-json\/wp\/v2\/posts\/524\/revisions"}],"predecessor-version":[{"id":526,"href":"https:\/\/vieassociative.be\/actualites\/wp-json\/wp\/v2\/posts\/524\/revisions\/526"}],"wp:featuredmedia":[{"embeddable":true,"href":"https:\/\/vieassociative.be\/actualites\/wp-json\/wp\/v2\/media\/525"}],"wp:attachment":[{"href":"https:\/\/vieassociative.be\/actualites\/wp-json\/wp\/v2\/media?parent=524"}],"wp:term":[{"taxonomy":"category","embeddable":true,"href":"https:\/\/vieassociative.be\/actualites\/wp-json\/wp\/v2\/categories?post=524"},{"taxonomy":"post_tag","embeddable":true,"href":"https:\/\/vieassociative.be\/actualites\/wp-json\/wp\/v2\/tags?post=524"}],"curies":[{"name":"wp","href":"https:\/\/api.w.org\/{rel}","templated":true}]}}