{"id":5234,"date":"2025-02-19T09:19:10","date_gmt":"2025-02-19T08:19:10","guid":{"rendered":"https:\/\/vieassociative.be\/actualites\/un-bebe-est-ne-lors-dun-vol-de-brussel-airlines-de-dakar-a-bruxelles\/"},"modified":"2025-02-19T09:19:10","modified_gmt":"2025-02-19T08:19:10","slug":"un-bebe-est-ne-lors-dun-vol-de-brussel-airlines-de-dakar-a-bruxelles","status":"publish","type":"post","link":"https:\/\/vieassociative.be\/actualites\/un-bebe-est-ne-lors-dun-vol-de-brussel-airlines-de-dakar-a-bruxelles\/","title":{"rendered":"Un b\u00e9b\u00e9 est n\u00e9 lors d&rsquo;un vol de Brussel Airlines de Dakar \u00e0 Bruxelles"},"content":{"rendered":"<p><strong>La petite fille nomm\u00e9e Fanta ne pouvait plus attendre: peu de temps apr\u00e8s le d\u00e9part \u00e0 Dakar vers Bruxelles, la m\u00e8re a commenc\u00e9 les contractions. L&rsquo;\u00e9quipage de Bruxels Airlines a d\u00fb agir rapidement.<\/strong><\/p>\n<p><span id=\"more-408473\"><\/span>Une femme a donn\u00e9 naissance \u00e0 un b\u00e9b\u00e9 dans un avion en l&rsquo;air. Un agent de bord et deux passagers ont aid\u00e9 \u00e0 la naissance de la petite fille, comme l&rsquo;a annonc\u00e9 les compagnies a\u00e9riennes de la compagnie a\u00e9rienne Brussel. La machine avait commenc\u00e9 dans la capitale s\u00e9n\u00e9galaise Dakar en Afrique de l&rsquo;Ouest et devait se rendre \u00e0 Bruxelles.<\/p>\n<p>Pdie Mutter s&rsquo;est tourn\u00e9 vers le personnel de la cabine peu de temps apr\u00e8s le d\u00e9but du vol normalement d&rsquo;environ six heures, qui a trouv\u00e9 une infirmi\u00e8re et un m\u00e9decin \u00e0 bord. \u00ab\u00a0Elle \u00e9tait enceinte de la 32e semaine et a eu une douleur intense dans l&rsquo;abdomen depuis le d\u00e9part\u00a0\u00bb, a d\u00e9clar\u00e9 l&rsquo;infirmi\u00e8re de 22 ans. \u00ab\u00a0La premi\u00e8re chose que je pensais \u00e9tait: la merde, elle ne donnera pas naissance dans l&rsquo;avion?\u00a0\u00bb<\/p>\n<div id=\"attachment_408475\" class=\"wp-caption alignleft\" style=\"max-width: 300px\"><img fetchpriority=\"high\" decoding=\"async\" class=\"wp-image-408475 size-medium\" src=\"https:\/\/vieassociative.be\/actualites\/wp-content\/uploads\/2025\/02\/Un-bebe-est-ne-lors-dun-vol-de-Brussel-Airlines.jpg\" alt=\"\" width=\"300\" height=\"206\"><\/p>\n<p class=\"wp-caption-text\">11\/01\/2024, Belgique, Bruxelles: une machine de la compagnie a\u00e9rienne belge Brussels Airlines est situ\u00e9e \u00e0 l&rsquo;a\u00e9roport de Bruxelles-Zaventem. Photo: Steffen Trumpf \/ DPA<\/p>\n<\/div>\n<p>Le pilote a retourn\u00e9 la machine, puis tout s&rsquo;est d\u00e9roul\u00e9 rapidement: \u00ab\u00a0Nous avons commenc\u00e9 \u00e0 mesurer sa douleur, puis nous avons remarqu\u00e9 que le sac amniotique avait \u00e9clat\u00e9 et que les contractions ont commenc\u00e9\u00a0\u00bb, a d\u00e9clar\u00e9 l&rsquo;infirmi\u00e8re, qui n&rsquo;avait pass\u00e9 son examen que deux semaines plus t\u00f4t. \u00abHeureusement, tout s&rsquo;est bien pass\u00e9. La femme a vraiment fait une excellente performance. Il a lib\u00e9r\u00e9 sur le sol d&rsquo;un avion et sans analg\u00e9siques. \u00ab\u00a0<\/p>\n<p>La compagnie a\u00e9rienne a publi\u00e9 une photo de l&rsquo;agent de bord Radiant qui a tenu le nouveau-n\u00e9 \u00e0 c\u00f4t\u00e9 de la m\u00e8re avant d&rsquo;atterrir \u00e0 Dakar. \u00ab\u00a0Bienvenue dans le monde, Little Fanta! Nous esp\u00e9rons qu&rsquo;un jour nous vous aurons \u00e0 bord \u00bb, a-t-il d\u00e9clar\u00e9. (DPA)<\/p>\n<p><em><strong>Voir \u00e9galement l&rsquo;article suivant:<\/strong><\/em><br \/>\n<u>https:\/\/x.com\/airplusnews\/18903246436524480?t=a69sechxem_jpw6jrwf2a&#038;s=19<\/u><\/p>\n","protected":false},"excerpt":{"rendered":"<p>La petite fille nomm\u00e9e Fanta ne pouvait plus attendre: peu de temps apr\u00e8s le d\u00e9part \u00e0 Dakar vers Bruxelles, la m\u00e8re a commenc\u00e9 les contractions.<\/p>\n","protected":false},"author":1,"featured_media":5235,"comment_status":"","ping_status":"","sticky":false,"template":"","format":"standard","meta":{"footnotes":""},"categories":[298],"tags":[5403,180,5402,455,5404,354,76,353,5401,4867],"class_list":["post-5234","post","type-post","status-publish","format-standard","has-post-thumbnail","hentry","category-belgique","tag-airlines","tag-bebe","tag-brussel","tag-bruxelles","tag-dakar","tag-dun","tag-est","tag-lors","tag-ne","tag-vol","generate-columns","tablet-grid-50","mobile-grid-100","grid-parent","grid-33"],"yoast_head":"<!-- This site is optimized with the Yoast SEO plugin v24.0 - https:\/\/yoast.com\/wordpress\/plugins\/seo\/ -->\n<title>Un b\u00e9b\u00e9 est n\u00e9 lors d&#039;un vol de Brussel Airlines de Dakar \u00e0 Bruxelles | Vie Associative<\/title>\n<meta name=\"robots\" content=\"index, follow, max-snippet:-1, max-image-preview:large, max-video-preview:-1\" \/>\n<link rel=\"canonical\" href=\"https:\/\/vieassociative.be\/actualites\/un-bebe-est-ne-lors-dun-vol-de-brussel-airlines-de-dakar-a-bruxelles\/\" \/>\n<meta property=\"og:locale\" content=\"fr_FR\" \/>\n<meta property=\"og:type\" content=\"article\" \/>\n<meta property=\"og:title\" content=\"Un b\u00e9b\u00e9 est n\u00e9 lors d&#039;un vol de Brussel Airlines de Dakar \u00e0 Bruxelles | Vie Associative\" \/>\n<meta property=\"og:description\" content=\"La petite fille nomm\u00e9e Fanta ne pouvait plus attendre: peu de temps apr\u00e8s le d\u00e9part \u00e0 Dakar vers Bruxelles, la m\u00e8re a commenc\u00e9 les contractions.\" \/>\n<meta property=\"og:url\" content=\"https:\/\/vieassociative.be\/actualites\/un-bebe-est-ne-lors-dun-vol-de-brussel-airlines-de-dakar-a-bruxelles\/\" \/>\n<meta property=\"og:site_name\" content=\"Vie Associative\" \/>\n<meta property=\"article:published_time\" content=\"2025-02-19T08:19:10+00:00\" \/>\n<meta property=\"og:image\" content=\"https:\/\/vieassociative.be\/actualites\/wp-content\/uploads\/2024\/09\/header_backgroundk-01-e1726694325946.png\" \/>\n\t<meta property=\"og:image:width\" content=\"279\" \/>\n\t<meta property=\"og:image:height\" content=\"92\" \/>\n\t<meta property=\"og:image:type\" content=\"image\/png\" \/>\n<meta name=\"author\" content=\"Julien\" \/>\n<meta name=\"twitter:card\" content=\"summary_large_image\" \/>\n<meta name=\"twitter:label1\" content=\"\u00c9crit par\" \/>\n\t<meta name=\"twitter:data1\" content=\"Julien\" \/>\n\t<meta name=\"twitter:label2\" content=\"Dur\u00e9e de lecture est.\" \/>\n\t<meta name=\"twitter:data2\" content=\"2 minutes\" \/>\n<script type=\"application\/ld+json\" class=\"yoast-schema-graph\">{\"@context\":\"https:\/\/schema.org\",\"@graph\":[{\"@type\":\"Article\",\"@id\":\"https:\/\/vieassociative.be\/actualites\/un-bebe-est-ne-lors-dun-vol-de-brussel-airlines-de-dakar-a-bruxelles\/#article\",\"isPartOf\":{\"@id\":\"https:\/\/vieassociative.be\/actualites\/un-bebe-est-ne-lors-dun-vol-de-brussel-airlines-de-dakar-a-bruxelles\/\"},\"author\":{\"name\":\"Julien\",\"@id\":\"https:\/\/vieassociative.be\/actualites\/#\/schema\/person\/b87ac4f82f9d4e7b7cec7395b679edc4\"},\"headline\":\"Un b\u00e9b\u00e9 est n\u00e9 lors d&rsquo;un vol de Brussel Airlines de Dakar \u00e0 Bruxelles\",\"datePublished\":\"2025-02-19T08:19:10+00:00\",\"dateModified\":\"2025-02-19T08:19:10+00:00\",\"mainEntityOfPage\":{\"@id\":\"https:\/\/vieassociative.be\/actualites\/un-bebe-est-ne-lors-dun-vol-de-brussel-airlines-de-dakar-a-bruxelles\/\"},\"wordCount\":369,\"publisher\":{\"@id\":\"https:\/\/vieassociative.be\/actualites\/#organization\"},\"image\":{\"@id\":\"https:\/\/vieassociative.be\/actualites\/un-bebe-est-ne-lors-dun-vol-de-brussel-airlines-de-dakar-a-bruxelles\/#primaryimage\"},\"thumbnailUrl\":\"https:\/\/vieassociative.be\/actualites\/wp-content\/uploads\/2025\/02\/1739953151_Un-bebe-est-ne-lors-dun-vol-de-Brussel-Airlines.jpg\",\"keywords\":[\"Airlines\",\"b\u00e9b\u00e9\",\"Brussel\",\"Bruxelles\",\"Dakar\",\"dun\",\"est\",\"lors\",\"n\u00e9\",\"vol\"],\"articleSection\":[\"Belgique\"],\"inLanguage\":\"fr-BE\"},{\"@type\":\"WebPage\",\"@id\":\"https:\/\/vieassociative.be\/actualites\/un-bebe-est-ne-lors-dun-vol-de-brussel-airlines-de-dakar-a-bruxelles\/\",\"url\":\"https:\/\/vieassociative.be\/actualites\/un-bebe-est-ne-lors-dun-vol-de-brussel-airlines-de-dakar-a-bruxelles\/\",\"name\":\"Un b\u00e9b\u00e9 est n\u00e9 lors d'un vol de Brussel Airlines de Dakar \u00e0 Bruxelles | Vie Associative\",\"isPartOf\":{\"@id\":\"https:\/\/vieassociative.be\/actualites\/#website\"},\"primaryImageOfPage\":{\"@id\":\"https:\/\/vieassociative.be\/actualites\/un-bebe-est-ne-lors-dun-vol-de-brussel-airlines-de-dakar-a-bruxelles\/#primaryimage\"},\"image\":{\"@id\":\"https:\/\/vieassociative.be\/actualites\/un-bebe-est-ne-lors-dun-vol-de-brussel-airlines-de-dakar-a-bruxelles\/#primaryimage\"},\"thumbnailUrl\":\"https:\/\/vieassociative.be\/actualites\/wp-content\/uploads\/2025\/02\/1739953151_Un-bebe-est-ne-lors-dun-vol-de-Brussel-Airlines.jpg\",\"datePublished\":\"2025-02-19T08:19:10+00:00\",\"dateModified\":\"2025-02-19T08:19:10+00:00\",\"breadcrumb\":{\"@id\":\"https:\/\/vieassociative.be\/actualites\/un-bebe-est-ne-lors-dun-vol-de-brussel-airlines-de-dakar-a-bruxelles\/#breadcrumb\"},\"inLanguage\":\"fr-BE\",\"potentialAction\":[{\"@type\":\"ReadAction\",\"target\":[\"https:\/\/vieassociative.be\/actualites\/un-bebe-est-ne-lors-dun-vol-de-brussel-airlines-de-dakar-a-bruxelles\/\"]}]},{\"@type\":\"ImageObject\",\"inLanguage\":\"fr-BE\",\"@id\":\"https:\/\/vieassociative.be\/actualites\/un-bebe-est-ne-lors-dun-vol-de-brussel-airlines-de-dakar-a-bruxelles\/#primaryimage\",\"url\":\"https:\/\/vieassociative.be\/actualites\/wp-content\/uploads\/2025\/02\/1739953151_Un-bebe-est-ne-lors-dun-vol-de-Brussel-Airlines.jpg\",\"contentUrl\":\"https:\/\/vieassociative.be\/actualites\/wp-content\/uploads\/2025\/02\/1739953151_Un-bebe-est-ne-lors-dun-vol-de-Brussel-Airlines.jpg\",\"width\":1080,\"height\":1350,\"caption\":\"Un b\u00e9b\u00e9 est n\u00e9 lors d'un vol de Brussel Airlines de Dakar \u00e0 Bruxelles\"},{\"@type\":\"BreadcrumbList\",\"@id\":\"https:\/\/vieassociative.be\/actualites\/un-bebe-est-ne-lors-dun-vol-de-brussel-airlines-de-dakar-a-bruxelles\/#breadcrumb\",\"itemListElement\":[{\"@type\":\"ListItem\",\"position\":1,\"name\":\"Accueil\",\"item\":\"https:\/\/vieassociative.be\/actualites\/\"},{\"@type\":\"ListItem\",\"position\":2,\"name\":\"Un b\u00e9b\u00e9 est n\u00e9 lors d&rsquo;un vol de Brussel Airlines de Dakar \u00e0 Bruxelles\"}]},{\"@type\":\"WebSite\",\"@id\":\"https:\/\/vieassociative.be\/actualites\/#website\",\"url\":\"https:\/\/vieassociative.be\/actualites\/\",\"name\":\"Vie Associative\",\"description\":\"\",\"publisher\":{\"@id\":\"https:\/\/vieassociative.be\/actualites\/#organization\"},\"potentialAction\":[{\"@type\":\"SearchAction\",\"target\":{\"@type\":\"EntryPoint\",\"urlTemplate\":\"https:\/\/vieassociative.be\/actualites\/?s={search_term_string}\"},\"query-input\":{\"@type\":\"PropertyValueSpecification\",\"valueRequired\":true,\"valueName\":\"search_term_string\"}}],\"inLanguage\":\"fr-BE\"},{\"@type\":\"Organization\",\"@id\":\"https:\/\/vieassociative.be\/actualites\/#organization\",\"name\":\"Vie Associative\",\"url\":\"https:\/\/vieassociative.be\/actualites\/\",\"logo\":{\"@type\":\"ImageObject\",\"inLanguage\":\"fr-BE\",\"@id\":\"https:\/\/vieassociative.be\/actualites\/#\/schema\/logo\/image\/\",\"url\":\"https:\/\/vieassociative.be\/actualites\/wp-content\/uploads\/2024\/09\/cropped-vieassociative_favicon.ico.png\",\"contentUrl\":\"https:\/\/vieassociative.be\/actualites\/wp-content\/uploads\/2024\/09\/cropped-vieassociative_favicon.ico.png\",\"width\":512,\"height\":512,\"caption\":\"Vie Associative\"},\"image\":{\"@id\":\"https:\/\/vieassociative.be\/actualites\/#\/schema\/logo\/image\/\"}},{\"@type\":\"Person\",\"@id\":\"https:\/\/vieassociative.be\/actualites\/#\/schema\/person\/b87ac4f82f9d4e7b7cec7395b679edc4\",\"name\":\"Julien\",\"image\":{\"@type\":\"ImageObject\",\"inLanguage\":\"fr-BE\",\"@id\":\"https:\/\/vieassociative.be\/actualites\/#\/schema\/person\/image\/\",\"url\":\"https:\/\/vieassociative.be\/actualites\/wp-content\/uploads\/2024\/09\/vie-associative-1-150x150.jpg\",\"contentUrl\":\"https:\/\/vieassociative.be\/actualites\/wp-content\/uploads\/2024\/09\/vie-associative-1-150x150.jpg\",\"caption\":\"Julien\"},\"description\":\"Je suis Julien, r\u00e9dacteur pour Vie Associative. Passionn\u00e9 par le monde associatif depuis plus de 10 ans, j'ai \u00e0 c\u0153ur de partager des histoires inspirantes et de mettre en lumi\u00e8re les initiatives locales. Mon objectif est de sensibiliser et d'encourager l'engagement communautaire \u00e0 travers mes articles.\",\"sameAs\":[\"https:\/\/vieassociative.be\/\"]}]}<\/script>\n<!-- \/ Yoast SEO plugin. -->","yoast_head_json":{"title":"Un b\u00e9b\u00e9 est n\u00e9 lors d'un vol de Brussel Airlines de Dakar \u00e0 Bruxelles | Vie Associative","robots":{"index":"index","follow":"follow","max-snippet":"max-snippet:-1","max-image-preview":"max-image-preview:large","max-video-preview":"max-video-preview:-1"},"canonical":"https:\/\/vieassociative.be\/actualites\/un-bebe-est-ne-lors-dun-vol-de-brussel-airlines-de-dakar-a-bruxelles\/","og_locale":"fr_FR","og_type":"article","og_title":"Un b\u00e9b\u00e9 est n\u00e9 lors d'un vol de Brussel Airlines de Dakar \u00e0 Bruxelles | Vie Associative","og_description":"La petite fille nomm\u00e9e Fanta ne pouvait plus attendre: peu de temps apr\u00e8s le d\u00e9part \u00e0 Dakar vers Bruxelles, la m\u00e8re a commenc\u00e9 les contractions.","og_url":"https:\/\/vieassociative.be\/actualites\/un-bebe-est-ne-lors-dun-vol-de-brussel-airlines-de-dakar-a-bruxelles\/","og_site_name":"Vie Associative","article_published_time":"2025-02-19T08:19:10+00:00","og_image":[{"width":279,"height":92,"url":"https:\/\/vieassociative.be\/actualites\/wp-content\/uploads\/2024\/09\/header_backgroundk-01-e1726694325946.png","type":"image\/png"}],"author":"Julien","twitter_card":"summary_large_image","twitter_misc":{"\u00c9crit par":"Julien","Dur\u00e9e de lecture est.":"2 minutes"},"schema":{"@context":"https:\/\/schema.org","@graph":[{"@type":"Article","@id":"https:\/\/vieassociative.be\/actualites\/un-bebe-est-ne-lors-dun-vol-de-brussel-airlines-de-dakar-a-bruxelles\/#article","isPartOf":{"@id":"https:\/\/vieassociative.be\/actualites\/un-bebe-est-ne-lors-dun-vol-de-brussel-airlines-de-dakar-a-bruxelles\/"},"author":{"name":"Julien","@id":"https:\/\/vieassociative.be\/actualites\/#\/schema\/person\/b87ac4f82f9d4e7b7cec7395b679edc4"},"headline":"Un b\u00e9b\u00e9 est n\u00e9 lors d&rsquo;un vol de Brussel Airlines de Dakar \u00e0 Bruxelles","datePublished":"2025-02-19T08:19:10+00:00","dateModified":"2025-02-19T08:19:10+00:00","mainEntityOfPage":{"@id":"https:\/\/vieassociative.be\/actualites\/un-bebe-est-ne-lors-dun-vol-de-brussel-airlines-de-dakar-a-bruxelles\/"},"wordCount":369,"publisher":{"@id":"https:\/\/vieassociative.be\/actualites\/#organization"},"image":{"@id":"https:\/\/vieassociative.be\/actualites\/un-bebe-est-ne-lors-dun-vol-de-brussel-airlines-de-dakar-a-bruxelles\/#primaryimage"},"thumbnailUrl":"https:\/\/vieassociative.be\/actualites\/wp-content\/uploads\/2025\/02\/1739953151_Un-bebe-est-ne-lors-dun-vol-de-Brussel-Airlines.jpg","keywords":["Airlines","b\u00e9b\u00e9","Brussel","Bruxelles","Dakar","dun","est","lors","n\u00e9","vol"],"articleSection":["Belgique"],"inLanguage":"fr-BE"},{"@type":"WebPage","@id":"https:\/\/vieassociative.be\/actualites\/un-bebe-est-ne-lors-dun-vol-de-brussel-airlines-de-dakar-a-bruxelles\/","url":"https:\/\/vieassociative.be\/actualites\/un-bebe-est-ne-lors-dun-vol-de-brussel-airlines-de-dakar-a-bruxelles\/","name":"Un b\u00e9b\u00e9 est n\u00e9 lors d'un vol de Brussel Airlines de Dakar \u00e0 Bruxelles | Vie Associative","isPartOf":{"@id":"https:\/\/vieassociative.be\/actualites\/#website"},"primaryImageOfPage":{"@id":"https:\/\/vieassociative.be\/actualites\/un-bebe-est-ne-lors-dun-vol-de-brussel-airlines-de-dakar-a-bruxelles\/#primaryimage"},"image":{"@id":"https:\/\/vieassociative.be\/actualites\/un-bebe-est-ne-lors-dun-vol-de-brussel-airlines-de-dakar-a-bruxelles\/#primaryimage"},"thumbnailUrl":"https:\/\/vieassociative.be\/actualites\/wp-content\/uploads\/2025\/02\/1739953151_Un-bebe-est-ne-lors-dun-vol-de-Brussel-Airlines.jpg","datePublished":"2025-02-19T08:19:10+00:00","dateModified":"2025-02-19T08:19:10+00:00","breadcrumb":{"@id":"https:\/\/vieassociative.be\/actualites\/un-bebe-est-ne-lors-dun-vol-de-brussel-airlines-de-dakar-a-bruxelles\/#breadcrumb"},"inLanguage":"fr-BE","potentialAction":[{"@type":"ReadAction","target":["https:\/\/vieassociative.be\/actualites\/un-bebe-est-ne-lors-dun-vol-de-brussel-airlines-de-dakar-a-bruxelles\/"]}]},{"@type":"ImageObject","inLanguage":"fr-BE","@id":"https:\/\/vieassociative.be\/actualites\/un-bebe-est-ne-lors-dun-vol-de-brussel-airlines-de-dakar-a-bruxelles\/#primaryimage","url":"https:\/\/vieassociative.be\/actualites\/wp-content\/uploads\/2025\/02\/1739953151_Un-bebe-est-ne-lors-dun-vol-de-Brussel-Airlines.jpg","contentUrl":"https:\/\/vieassociative.be\/actualites\/wp-content\/uploads\/2025\/02\/1739953151_Un-bebe-est-ne-lors-dun-vol-de-Brussel-Airlines.jpg","width":1080,"height":1350,"caption":"Un b\u00e9b\u00e9 est n\u00e9 lors d'un vol de Brussel Airlines de Dakar \u00e0 Bruxelles"},{"@type":"BreadcrumbList","@id":"https:\/\/vieassociative.be\/actualites\/un-bebe-est-ne-lors-dun-vol-de-brussel-airlines-de-dakar-a-bruxelles\/#breadcrumb","itemListElement":[{"@type":"ListItem","position":1,"name":"Accueil","item":"https:\/\/vieassociative.be\/actualites\/"},{"@type":"ListItem","position":2,"name":"Un b\u00e9b\u00e9 est n\u00e9 lors d&rsquo;un vol de Brussel Airlines de Dakar \u00e0 Bruxelles"}]},{"@type":"WebSite","@id":"https:\/\/vieassociative.be\/actualites\/#website","url":"https:\/\/vieassociative.be\/actualites\/","name":"Vie Associative","description":"","publisher":{"@id":"https:\/\/vieassociative.be\/actualites\/#organization"},"potentialAction":[{"@type":"SearchAction","target":{"@type":"EntryPoint","urlTemplate":"https:\/\/vieassociative.be\/actualites\/?s={search_term_string}"},"query-input":{"@type":"PropertyValueSpecification","valueRequired":true,"valueName":"search_term_string"}}],"inLanguage":"fr-BE"},{"@type":"Organization","@id":"https:\/\/vieassociative.be\/actualites\/#organization","name":"Vie Associative","url":"https:\/\/vieassociative.be\/actualites\/","logo":{"@type":"ImageObject","inLanguage":"fr-BE","@id":"https:\/\/vieassociative.be\/actualites\/#\/schema\/logo\/image\/","url":"https:\/\/vieassociative.be\/actualites\/wp-content\/uploads\/2024\/09\/cropped-vieassociative_favicon.ico.png","contentUrl":"https:\/\/vieassociative.be\/actualites\/wp-content\/uploads\/2024\/09\/cropped-vieassociative_favicon.ico.png","width":512,"height":512,"caption":"Vie Associative"},"image":{"@id":"https:\/\/vieassociative.be\/actualites\/#\/schema\/logo\/image\/"}},{"@type":"Person","@id":"https:\/\/vieassociative.be\/actualites\/#\/schema\/person\/b87ac4f82f9d4e7b7cec7395b679edc4","name":"Julien","image":{"@type":"ImageObject","inLanguage":"fr-BE","@id":"https:\/\/vieassociative.be\/actualites\/#\/schema\/person\/image\/","url":"https:\/\/vieassociative.be\/actualites\/wp-content\/uploads\/2024\/09\/vie-associative-1-150x150.jpg","contentUrl":"https:\/\/vieassociative.be\/actualites\/wp-content\/uploads\/2024\/09\/vie-associative-1-150x150.jpg","caption":"Julien"},"description":"Je suis Julien, r\u00e9dacteur pour Vie Associative. Passionn\u00e9 par le monde associatif depuis plus de 10 ans, j'ai \u00e0 c\u0153ur de partager des histoires inspirantes et de mettre en lumi\u00e8re les initiatives locales. Mon objectif est de sensibiliser et d'encourager l'engagement communautaire \u00e0 travers mes articles.","sameAs":["https:\/\/vieassociative.be\/"]}]}},"_links":{"self":[{"href":"https:\/\/vieassociative.be\/actualites\/wp-json\/wp\/v2\/posts\/5234"}],"collection":[{"href":"https:\/\/vieassociative.be\/actualites\/wp-json\/wp\/v2\/posts"}],"about":[{"href":"https:\/\/vieassociative.be\/actualites\/wp-json\/wp\/v2\/types\/post"}],"author":[{"embeddable":true,"href":"https:\/\/vieassociative.be\/actualites\/wp-json\/wp\/v2\/users\/1"}],"replies":[{"embeddable":true,"href":"https:\/\/vieassociative.be\/actualites\/wp-json\/wp\/v2\/comments?post=5234"}],"version-history":[{"count":0,"href":"https:\/\/vieassociative.be\/actualites\/wp-json\/wp\/v2\/posts\/5234\/revisions"}],"wp:featuredmedia":[{"embeddable":true,"href":"https:\/\/vieassociative.be\/actualites\/wp-json\/wp\/v2\/media\/5235"}],"wp:attachment":[{"href":"https:\/\/vieassociative.be\/actualites\/wp-json\/wp\/v2\/media?parent=5234"}],"wp:term":[{"taxonomy":"category","embeddable":true,"href":"https:\/\/vieassociative.be\/actualites\/wp-json\/wp\/v2\/categories?post=5234"},{"taxonomy":"post_tag","embeddable":true,"href":"https:\/\/vieassociative.be\/actualites\/wp-json\/wp\/v2\/tags?post=5234"}],"curies":[{"name":"wp","href":"https:\/\/api.w.org\/{rel}","templated":true}]}}