{"id":5226,"date":"2025-02-19T03:19:59","date_gmt":"2025-02-19T02:19:59","guid":{"rendered":"https:\/\/vieassociative.be\/actualites\/fc-bruges-apres-3-1-succes-en-atalanta-sensationnel-dans-le-cycle-de-munich-a-16-baies-avec-beaucoup-de-dusel-sur\/"},"modified":"2025-02-19T03:19:59","modified_gmt":"2025-02-19T02:19:59","slug":"fc-bruges-apres-3-1-succes-en-atalanta-sensationnel-dans-le-cycle-de-munich-a-16-baies-avec-beaucoup-de-dusel-sur","status":"publish","type":"post","link":"https:\/\/vieassociative.be\/actualites\/fc-bruges-apres-3-1-succes-en-atalanta-sensationnel-dans-le-cycle-de-munich-a-16-baies-avec-beaucoup-de-dusel-sur\/","title":{"rendered":"FC Bruges apr\u00e8s 3: 1 Succ\u00e8s en atalanta sensationnel dans le cycle de Munich \u00e0 16 baies avec beaucoup de Dusel sur"},"content":{"rendered":"<p><strong>Le FC Bruges est la forme l\u00e9g\u00e8re du football du Belgian Club: une semaine apr\u00e8s le succ\u00e8s 2-1 lors des s\u00e9ries \u00e9liminatoires \u00e0 la premi\u00e8re \u00e9tape du stade Jan Breydel, le ma\u00eetre belge a \u00e9galement remport\u00e9 le match retour \u00e0 Bergame contre Atalanta 3: 1 et est donc en La s\u00e9rie de 16, avec laquelle il ne s&rsquo;attendait \u00e0 ce que personne ne s&rsquo;attendait au d\u00e9but de la saison.<\/strong><\/p>\n<p><span id=\"more-408528\"><\/span>Ce n&rsquo;est que la quatri\u00e8me fois qu&rsquo;une \u00e9quipe belge atteint la manche de 16 de la premi\u00e8re classe. Auparavant, l&rsquo;exploit de FC Bruges avait d\u00e9j\u00e0 r\u00e9ussi au cours de la saison 2022\/2023, AA Gand au cours de la saison 2015\/2016 et du RSC Anderlecht au d\u00e9but des ann\u00e9es 2000.<\/p>\n<p>L&rsquo;\u00e9quipe de Nicki Hayen a connu une premi\u00e8re mi-temps parfaite et en seconde p\u00e9riode, en particulier gr\u00e2ce \u00e0 une p\u00e9nalit\u00e9 d\u00e9tenue par le gardien exceptionnel Simon Mignolet.<\/p>\n<div id=\"attachment_408532\" class=\"wp-caption alignleft\" style=\"max-width: 300px\"><img fetchpriority=\"high\" decoding=\"async\" class=\"wp-image-408532 size-medium\" src=\"https:\/\/vieassociative.be\/actualites\/wp-content\/uploads\/2025\/02\/FC-Bruges-apres-3-1-Succes-en-atalanta-sensationnel-dans.jpg\" alt=\"\" width=\"300\" height=\"200\"><\/p>\n<p class=\"wp-caption-text\">18\/02\/2025, Italie, Bergame: Bruges Chemsdine Talbi (L) applaudit avec Ferran Jutgla (R) sur son objectif \u00e0 0: 1. Photo: Spada \/ Undefined \/ Lapresse \/ AP \/ DPA<\/p>\n<\/div>\n<p>Le Br\u00fcgger, qui s&rsquo;\u00e9tait rendu \u00e0 Bergame avec une victoire 2-1, a calcul\u00e9 avec une soir\u00e9e difficile contre les Italiens de vengeance, dirig\u00e9s par Charles de Ketelaere, Mateo Retegui et le rapatri\u00e9 Ademola Lookman. Mais cette saison, Bruges ne conna\u00eet apparemment aucune pression, surtout pas en Ligue des champions.<\/p>\n<p>Chemsdine Talbi a ouvert la s\u00e9rie de buts avec un merveilleux changement offensif \u00e0 la troisi\u00e8me minute (0: 1, 3e). Le m\u00eame Valleybi a doubl\u00e9 la t\u00eate peu avant une demi-heure (0: 2, 27e).<\/p>\n<p>Le Br\u00fcgger semblait avoir la victoire dans leurs poches, mais dans le football, vous ne pouvez jamais \u00eatre s\u00fbr, tant qu&rsquo;il n&rsquo;est pas fini, m\u00eame si Ferran Jutgla a apport\u00e9 une vol\u00e9e Bluew et deux avec trois buts avant la surface de p\u00e9nalit\u00e9 \u00e0 l&rsquo;ext\u00e9rieur de la p\u00e9nalit\u00e9 zone .<\/p>\n<div id=\"attachment_408531\" class=\"wp-caption alignleft\" style=\"max-width: 300px\"><img decoding=\"async\" class=\"wp-image-408531 size-medium\" src=\"https:\/\/vieassociative.be\/actualites\/wp-content\/uploads\/2025\/02\/1739931599_803_FC-Bruges-apres-3-1-Succes-en-atalanta-sensationnel-dans.jpg\" alt=\"\" width=\"300\" height=\"200\"><\/p>\n<p class=\"wp-caption-text\">18\/02\/2025, Italie, Bergame: Bruges Chemsdine Talbi encourage son objectif \u00e0 0: 1. Photo: Spada \/ Lapress via Zum Press \/ DPA<\/p>\n<\/div>\n<p>La partie la plus difficile du match \u00e9tait toujours en avance sur le courageux Br\u00fcggern, car l&rsquo;entra\u00eeneur d&rsquo;Atemola, Gian Piero Gasperini, avait toujours un homme fort sur le banc avec Ademola Lookman. Il est revenu \u00e0 la seconde moiti\u00e9 et n&rsquo;avait besoin que d&rsquo;une balle pour raccourcir le r\u00e9sultat apr\u00e8s le changement de c\u00f4t\u00e9s (1: 3, 46.).<\/p>\n<p>Depuis lors, il a \u00e9t\u00e9 dit pour vous d\u00e9fendre. Lookman a toujours provoqu\u00e9 un danger devant le but de Mignolet. Cependant, \u00e0 la 61e minute, il a accord\u00e9 une p\u00e9nalit\u00e9 que Mignolet a par\u00e9.<\/p>\n<p>La nervosit\u00e9 a continu\u00e9 d&rsquo;augmenter dans la phase finale du jeu. De Cuyper a provoqu\u00e9 le capitaine d&rsquo;Atalanta Toloi, qui a ensuite paniqu\u00e9 et a vu \u00e0 juste titre le carton rouge. Atalanta a termin\u00e9 le dixi\u00e8me match. Il est rest\u00e9 1: 3 &#8211; La r\u00e9demption de Brave Br\u00fcgger, qui rencontre Aston Villa ou OSC Lille en huiti\u00e8mes de finale. Bruges a gagn\u00e9 contre Aston Villa dans la phase du groupe, et Lille est pratiquement un derby. (Cre)<\/p>\n<h3>1: 1 contre le Celtic: FC Bayern tremble dans la ronde de 16<\/h3>\n<div id=\"attachment_408552\" class=\"wp-caption alignleft\" style=\"max-width: 300px\"><img decoding=\"async\" class=\"wp-image-408552 size-medium\" src=\"https:\/\/vieassociative.be\/actualites\/wp-content\/uploads\/2025\/02\/1739931599_398_FC-Bruges-apres-3-1-Succes-en-atalanta-sensationnel-dans.jpg\" alt=\"\" width=\"300\" height=\"169\"><\/p>\n<p class=\"wp-caption-text\">18\/02\/2025, Bavi\u00e8re, Munich: Alphonso Davies de Bavi\u00e8re (M) se r\u00e9unit 1-1. Photo: Sven Hoppe \/ DPA<\/p>\n<\/div>\n<p>Le FC Bayern Munich a trembl\u00e9 dans la finale de 16 de la Ligue des champions. L&rsquo;\u00e9quipe de l&rsquo;entra\u00eeneur Vincent Kompany n&rsquo;est pas d\u00e9pass\u00e9 un 1: 1 (0: 0) lors du match retour contre le Celtic Glasgow. Alphonso Davies a obtenu l&rsquo;\u00e9quilibre d\u00e9cisif pour les champions allemands du record de football en temps de blessure.<\/p>\n<p>Auparavant, l&rsquo;ancien joueur national junior allemand Nicolas K\u00fchn (63.) Celtic avait donn\u00e9 la t\u00eate de la Munich Alliance Arena devant 75 000 spectateurs. Le Bayern a remport\u00e9 le match aller au champion \u00e9cossais 2-1.<\/p>\n<p>Dans la phase de ligue r\u00e9form\u00e9e de la Ligue des champions, l&rsquo;\u00e9quipe de Munich a rat\u00e9 la manche directe de 16. Ils ont donc d\u00fb prendre le d\u00e9tour \u00e0 travers le tour interm\u00e9diaire. L&rsquo;adversaire de la manche de 16 de la Bavaria est soit un rival Bundesliga Bayer Leverkusen, soit le Top Club Atl\u00e9tico Spanish, Madrid. Vendredi, le tour des 16 meilleurs sera tir\u00e9 vendredi. (DPA)<\/p>\n","protected":false},"excerpt":{"rendered":"<p>Le FC Bruges est la forme l\u00e9g\u00e8re du football du Belgian Club: une semaine apr\u00e8s le succ\u00e8s 2-1 lors des s\u00e9ries \u00e9liminatoires \u00e0 la premi\u00e8re<\/p>\n","protected":false},"author":1,"featured_media":5227,"comment_status":"","ping_status":"","sticky":false,"template":"","format":"standard","meta":{"footnotes":""},"categories":[298],"tags":[472,5311,61,5398,1118,2851,1702,166,5399,3449,5397,96,33],"class_list":["post-5226","post","type-post","status-publish","format-standard","has-post-thumbnail","hentry","category-belgique","tag-apres","tag-atalanta","tag-avec","tag-baies","tag-beaucoup","tag-bruges","tag-cycle","tag-dans","tag-dusel","tag-munich","tag-sensationnel","tag-succes","tag-sur","generate-columns","tablet-grid-50","mobile-grid-100","grid-parent","grid-33"],"yoast_head":"<!-- This site is optimized with the Yoast SEO plugin v24.0 - https:\/\/yoast.com\/wordpress\/plugins\/seo\/ -->\n<title>FC Bruges apr\u00e8s 3: 1 Succ\u00e8s en atalanta sensationnel dans le cycle de Munich \u00e0 16 baies avec beaucoup de Dusel sur | Vie Associative<\/title>\n<meta name=\"robots\" content=\"index, follow, max-snippet:-1, max-image-preview:large, max-video-preview:-1\" \/>\n<link rel=\"canonical\" href=\"https:\/\/vieassociative.be\/actualites\/fc-bruges-apres-3-1-succes-en-atalanta-sensationnel-dans-le-cycle-de-munich-a-16-baies-avec-beaucoup-de-dusel-sur\/\" \/>\n<meta property=\"og:locale\" content=\"fr_FR\" \/>\n<meta property=\"og:type\" content=\"article\" \/>\n<meta property=\"og:title\" content=\"FC Bruges apr\u00e8s 3: 1 Succ\u00e8s en atalanta sensationnel dans le cycle de Munich \u00e0 16 baies avec beaucoup de Dusel sur | Vie Associative\" \/>\n<meta property=\"og:description\" content=\"Le FC Bruges est la forme l\u00e9g\u00e8re du football du Belgian Club: une semaine apr\u00e8s le succ\u00e8s 2-1 lors des s\u00e9ries \u00e9liminatoires \u00e0 la premi\u00e8re\" \/>\n<meta property=\"og:url\" content=\"https:\/\/vieassociative.be\/actualites\/fc-bruges-apres-3-1-succes-en-atalanta-sensationnel-dans-le-cycle-de-munich-a-16-baies-avec-beaucoup-de-dusel-sur\/\" \/>\n<meta property=\"og:site_name\" content=\"Vie Associative\" \/>\n<meta property=\"article:published_time\" content=\"2025-02-19T02:19:59+00:00\" \/>\n<meta property=\"og:image\" content=\"https:\/\/vieassociative.be\/actualites\/wp-content\/uploads\/2024\/09\/header_backgroundk-01-e1726694325946.png\" \/>\n\t<meta property=\"og:image:width\" content=\"279\" \/>\n\t<meta property=\"og:image:height\" content=\"92\" \/>\n\t<meta property=\"og:image:type\" content=\"image\/png\" \/>\n<meta name=\"author\" content=\"Julien\" \/>\n<meta name=\"twitter:card\" content=\"summary_large_image\" \/>\n<meta name=\"twitter:label1\" content=\"\u00c9crit par\" \/>\n\t<meta name=\"twitter:data1\" content=\"Julien\" \/>\n\t<meta name=\"twitter:label2\" content=\"Dur\u00e9e de lecture est.\" \/>\n\t<meta name=\"twitter:data2\" content=\"3 minutes\" \/>\n<script type=\"application\/ld+json\" class=\"yoast-schema-graph\">{\"@context\":\"https:\/\/schema.org\",\"@graph\":[{\"@type\":\"Article\",\"@id\":\"https:\/\/vieassociative.be\/actualites\/fc-bruges-apres-3-1-succes-en-atalanta-sensationnel-dans-le-cycle-de-munich-a-16-baies-avec-beaucoup-de-dusel-sur\/#article\",\"isPartOf\":{\"@id\":\"https:\/\/vieassociative.be\/actualites\/fc-bruges-apres-3-1-succes-en-atalanta-sensationnel-dans-le-cycle-de-munich-a-16-baies-avec-beaucoup-de-dusel-sur\/\"},\"author\":{\"name\":\"Julien\",\"@id\":\"https:\/\/vieassociative.be\/actualites\/#\/schema\/person\/b87ac4f82f9d4e7b7cec7395b679edc4\"},\"headline\":\"FC Bruges apr\u00e8s 3: 1 Succ\u00e8s en atalanta sensationnel dans le cycle de Munich \u00e0 16 baies avec beaucoup de Dusel sur\",\"datePublished\":\"2025-02-19T02:19:59+00:00\",\"dateModified\":\"2025-02-19T02:19:59+00:00\",\"mainEntityOfPage\":{\"@id\":\"https:\/\/vieassociative.be\/actualites\/fc-bruges-apres-3-1-succes-en-atalanta-sensationnel-dans-le-cycle-de-munich-a-16-baies-avec-beaucoup-de-dusel-sur\/\"},\"wordCount\":725,\"publisher\":{\"@id\":\"https:\/\/vieassociative.be\/actualites\/#organization\"},\"image\":{\"@id\":\"https:\/\/vieassociative.be\/actualites\/fc-bruges-apres-3-1-succes-en-atalanta-sensationnel-dans-le-cycle-de-munich-a-16-baies-avec-beaucoup-de-dusel-sur\/#primaryimage\"},\"thumbnailUrl\":\"https:\/\/vieassociative.be\/actualites\/wp-content\/uploads\/2025\/02\/1739931599_FC-Bruges-apres-3-1-Succes-en-atalanta-sensationnel-dans.jpg\",\"keywords\":[\"Apr\u00e8s\",\"Atalanta\",\"avec\",\"baies\",\"beaucoup\",\"Bruges\",\"cycle\",\"dans\",\"Dusel\",\"Munich\",\"sensationnel\",\"succ\u00e8s\",\"sur\"],\"articleSection\":[\"Belgique\"],\"inLanguage\":\"fr-BE\"},{\"@type\":\"WebPage\",\"@id\":\"https:\/\/vieassociative.be\/actualites\/fc-bruges-apres-3-1-succes-en-atalanta-sensationnel-dans-le-cycle-de-munich-a-16-baies-avec-beaucoup-de-dusel-sur\/\",\"url\":\"https:\/\/vieassociative.be\/actualites\/fc-bruges-apres-3-1-succes-en-atalanta-sensationnel-dans-le-cycle-de-munich-a-16-baies-avec-beaucoup-de-dusel-sur\/\",\"name\":\"FC Bruges apr\u00e8s 3: 1 Succ\u00e8s en atalanta sensationnel dans le cycle de Munich \u00e0 16 baies avec beaucoup de Dusel sur | Vie Associative\",\"isPartOf\":{\"@id\":\"https:\/\/vieassociative.be\/actualites\/#website\"},\"primaryImageOfPage\":{\"@id\":\"https:\/\/vieassociative.be\/actualites\/fc-bruges-apres-3-1-succes-en-atalanta-sensationnel-dans-le-cycle-de-munich-a-16-baies-avec-beaucoup-de-dusel-sur\/#primaryimage\"},\"image\":{\"@id\":\"https:\/\/vieassociative.be\/actualites\/fc-bruges-apres-3-1-succes-en-atalanta-sensationnel-dans-le-cycle-de-munich-a-16-baies-avec-beaucoup-de-dusel-sur\/#primaryimage\"},\"thumbnailUrl\":\"https:\/\/vieassociative.be\/actualites\/wp-content\/uploads\/2025\/02\/1739931599_FC-Bruges-apres-3-1-Succes-en-atalanta-sensationnel-dans.jpg\",\"datePublished\":\"2025-02-19T02:19:59+00:00\",\"dateModified\":\"2025-02-19T02:19:59+00:00\",\"breadcrumb\":{\"@id\":\"https:\/\/vieassociative.be\/actualites\/fc-bruges-apres-3-1-succes-en-atalanta-sensationnel-dans-le-cycle-de-munich-a-16-baies-avec-beaucoup-de-dusel-sur\/#breadcrumb\"},\"inLanguage\":\"fr-BE\",\"potentialAction\":[{\"@type\":\"ReadAction\",\"target\":[\"https:\/\/vieassociative.be\/actualites\/fc-bruges-apres-3-1-succes-en-atalanta-sensationnel-dans-le-cycle-de-munich-a-16-baies-avec-beaucoup-de-dusel-sur\/\"]}]},{\"@type\":\"ImageObject\",\"inLanguage\":\"fr-BE\",\"@id\":\"https:\/\/vieassociative.be\/actualites\/fc-bruges-apres-3-1-succes-en-atalanta-sensationnel-dans-le-cycle-de-munich-a-16-baies-avec-beaucoup-de-dusel-sur\/#primaryimage\",\"url\":\"https:\/\/vieassociative.be\/actualites\/wp-content\/uploads\/2025\/02\/1739931599_FC-Bruges-apres-3-1-Succes-en-atalanta-sensationnel-dans.jpg\",\"contentUrl\":\"https:\/\/vieassociative.be\/actualites\/wp-content\/uploads\/2025\/02\/1739931599_FC-Bruges-apres-3-1-Succes-en-atalanta-sensationnel-dans.jpg\",\"width\":1200,\"height\":800,\"caption\":\"FC Bruges apr\u00e8s 3: 1 Succ\u00e8s en atalanta sensationnel dans le cycle de Munich \u00e0 16 baies avec beaucoup de Dusel sur\"},{\"@type\":\"BreadcrumbList\",\"@id\":\"https:\/\/vieassociative.be\/actualites\/fc-bruges-apres-3-1-succes-en-atalanta-sensationnel-dans-le-cycle-de-munich-a-16-baies-avec-beaucoup-de-dusel-sur\/#breadcrumb\",\"itemListElement\":[{\"@type\":\"ListItem\",\"position\":1,\"name\":\"Accueil\",\"item\":\"https:\/\/vieassociative.be\/actualites\/\"},{\"@type\":\"ListItem\",\"position\":2,\"name\":\"FC Bruges apr\u00e8s 3: 1 Succ\u00e8s en atalanta sensationnel dans le cycle de Munich \u00e0 16 baies avec beaucoup de Dusel sur\"}]},{\"@type\":\"WebSite\",\"@id\":\"https:\/\/vieassociative.be\/actualites\/#website\",\"url\":\"https:\/\/vieassociative.be\/actualites\/\",\"name\":\"Vie Associative\",\"description\":\"\",\"publisher\":{\"@id\":\"https:\/\/vieassociative.be\/actualites\/#organization\"},\"potentialAction\":[{\"@type\":\"SearchAction\",\"target\":{\"@type\":\"EntryPoint\",\"urlTemplate\":\"https:\/\/vieassociative.be\/actualites\/?s={search_term_string}\"},\"query-input\":{\"@type\":\"PropertyValueSpecification\",\"valueRequired\":true,\"valueName\":\"search_term_string\"}}],\"inLanguage\":\"fr-BE\"},{\"@type\":\"Organization\",\"@id\":\"https:\/\/vieassociative.be\/actualites\/#organization\",\"name\":\"Vie Associative\",\"url\":\"https:\/\/vieassociative.be\/actualites\/\",\"logo\":{\"@type\":\"ImageObject\",\"inLanguage\":\"fr-BE\",\"@id\":\"https:\/\/vieassociative.be\/actualites\/#\/schema\/logo\/image\/\",\"url\":\"https:\/\/vieassociative.be\/actualites\/wp-content\/uploads\/2024\/09\/cropped-vieassociative_favicon.ico.png\",\"contentUrl\":\"https:\/\/vieassociative.be\/actualites\/wp-content\/uploads\/2024\/09\/cropped-vieassociative_favicon.ico.png\",\"width\":512,\"height\":512,\"caption\":\"Vie Associative\"},\"image\":{\"@id\":\"https:\/\/vieassociative.be\/actualites\/#\/schema\/logo\/image\/\"}},{\"@type\":\"Person\",\"@id\":\"https:\/\/vieassociative.be\/actualites\/#\/schema\/person\/b87ac4f82f9d4e7b7cec7395b679edc4\",\"name\":\"Julien\",\"image\":{\"@type\":\"ImageObject\",\"inLanguage\":\"fr-BE\",\"@id\":\"https:\/\/vieassociative.be\/actualites\/#\/schema\/person\/image\/\",\"url\":\"https:\/\/vieassociative.be\/actualites\/wp-content\/uploads\/2024\/09\/vie-associative-1-150x150.jpg\",\"contentUrl\":\"https:\/\/vieassociative.be\/actualites\/wp-content\/uploads\/2024\/09\/vie-associative-1-150x150.jpg\",\"caption\":\"Julien\"},\"description\":\"Je suis Julien, r\u00e9dacteur pour Vie Associative. Passionn\u00e9 par le monde associatif depuis plus de 10 ans, j'ai \u00e0 c\u0153ur de partager des histoires inspirantes et de mettre en lumi\u00e8re les initiatives locales. Mon objectif est de sensibiliser et d'encourager l'engagement communautaire \u00e0 travers mes articles.\",\"sameAs\":[\"https:\/\/vieassociative.be\/\"]}]}<\/script>\n<!-- \/ Yoast SEO plugin. -->","yoast_head_json":{"title":"FC Bruges apr\u00e8s 3: 1 Succ\u00e8s en atalanta sensationnel dans le cycle de Munich \u00e0 16 baies avec beaucoup de Dusel sur | Vie Associative","robots":{"index":"index","follow":"follow","max-snippet":"max-snippet:-1","max-image-preview":"max-image-preview:large","max-video-preview":"max-video-preview:-1"},"canonical":"https:\/\/vieassociative.be\/actualites\/fc-bruges-apres-3-1-succes-en-atalanta-sensationnel-dans-le-cycle-de-munich-a-16-baies-avec-beaucoup-de-dusel-sur\/","og_locale":"fr_FR","og_type":"article","og_title":"FC Bruges apr\u00e8s 3: 1 Succ\u00e8s en atalanta sensationnel dans le cycle de Munich \u00e0 16 baies avec beaucoup de Dusel sur | Vie Associative","og_description":"Le FC Bruges est la forme l\u00e9g\u00e8re du football du Belgian Club: une semaine apr\u00e8s le succ\u00e8s 2-1 lors des s\u00e9ries \u00e9liminatoires \u00e0 la premi\u00e8re","og_url":"https:\/\/vieassociative.be\/actualites\/fc-bruges-apres-3-1-succes-en-atalanta-sensationnel-dans-le-cycle-de-munich-a-16-baies-avec-beaucoup-de-dusel-sur\/","og_site_name":"Vie Associative","article_published_time":"2025-02-19T02:19:59+00:00","og_image":[{"width":279,"height":92,"url":"https:\/\/vieassociative.be\/actualites\/wp-content\/uploads\/2024\/09\/header_backgroundk-01-e1726694325946.png","type":"image\/png"}],"author":"Julien","twitter_card":"summary_large_image","twitter_misc":{"\u00c9crit par":"Julien","Dur\u00e9e de lecture est.":"3 minutes"},"schema":{"@context":"https:\/\/schema.org","@graph":[{"@type":"Article","@id":"https:\/\/vieassociative.be\/actualites\/fc-bruges-apres-3-1-succes-en-atalanta-sensationnel-dans-le-cycle-de-munich-a-16-baies-avec-beaucoup-de-dusel-sur\/#article","isPartOf":{"@id":"https:\/\/vieassociative.be\/actualites\/fc-bruges-apres-3-1-succes-en-atalanta-sensationnel-dans-le-cycle-de-munich-a-16-baies-avec-beaucoup-de-dusel-sur\/"},"author":{"name":"Julien","@id":"https:\/\/vieassociative.be\/actualites\/#\/schema\/person\/b87ac4f82f9d4e7b7cec7395b679edc4"},"headline":"FC Bruges apr\u00e8s 3: 1 Succ\u00e8s en atalanta sensationnel dans le cycle de Munich \u00e0 16 baies avec beaucoup de Dusel sur","datePublished":"2025-02-19T02:19:59+00:00","dateModified":"2025-02-19T02:19:59+00:00","mainEntityOfPage":{"@id":"https:\/\/vieassociative.be\/actualites\/fc-bruges-apres-3-1-succes-en-atalanta-sensationnel-dans-le-cycle-de-munich-a-16-baies-avec-beaucoup-de-dusel-sur\/"},"wordCount":725,"publisher":{"@id":"https:\/\/vieassociative.be\/actualites\/#organization"},"image":{"@id":"https:\/\/vieassociative.be\/actualites\/fc-bruges-apres-3-1-succes-en-atalanta-sensationnel-dans-le-cycle-de-munich-a-16-baies-avec-beaucoup-de-dusel-sur\/#primaryimage"},"thumbnailUrl":"https:\/\/vieassociative.be\/actualites\/wp-content\/uploads\/2025\/02\/1739931599_FC-Bruges-apres-3-1-Succes-en-atalanta-sensationnel-dans.jpg","keywords":["Apr\u00e8s","Atalanta","avec","baies","beaucoup","Bruges","cycle","dans","Dusel","Munich","sensationnel","succ\u00e8s","sur"],"articleSection":["Belgique"],"inLanguage":"fr-BE"},{"@type":"WebPage","@id":"https:\/\/vieassociative.be\/actualites\/fc-bruges-apres-3-1-succes-en-atalanta-sensationnel-dans-le-cycle-de-munich-a-16-baies-avec-beaucoup-de-dusel-sur\/","url":"https:\/\/vieassociative.be\/actualites\/fc-bruges-apres-3-1-succes-en-atalanta-sensationnel-dans-le-cycle-de-munich-a-16-baies-avec-beaucoup-de-dusel-sur\/","name":"FC Bruges apr\u00e8s 3: 1 Succ\u00e8s en atalanta sensationnel dans le cycle de Munich \u00e0 16 baies avec beaucoup de Dusel sur | Vie Associative","isPartOf":{"@id":"https:\/\/vieassociative.be\/actualites\/#website"},"primaryImageOfPage":{"@id":"https:\/\/vieassociative.be\/actualites\/fc-bruges-apres-3-1-succes-en-atalanta-sensationnel-dans-le-cycle-de-munich-a-16-baies-avec-beaucoup-de-dusel-sur\/#primaryimage"},"image":{"@id":"https:\/\/vieassociative.be\/actualites\/fc-bruges-apres-3-1-succes-en-atalanta-sensationnel-dans-le-cycle-de-munich-a-16-baies-avec-beaucoup-de-dusel-sur\/#primaryimage"},"thumbnailUrl":"https:\/\/vieassociative.be\/actualites\/wp-content\/uploads\/2025\/02\/1739931599_FC-Bruges-apres-3-1-Succes-en-atalanta-sensationnel-dans.jpg","datePublished":"2025-02-19T02:19:59+00:00","dateModified":"2025-02-19T02:19:59+00:00","breadcrumb":{"@id":"https:\/\/vieassociative.be\/actualites\/fc-bruges-apres-3-1-succes-en-atalanta-sensationnel-dans-le-cycle-de-munich-a-16-baies-avec-beaucoup-de-dusel-sur\/#breadcrumb"},"inLanguage":"fr-BE","potentialAction":[{"@type":"ReadAction","target":["https:\/\/vieassociative.be\/actualites\/fc-bruges-apres-3-1-succes-en-atalanta-sensationnel-dans-le-cycle-de-munich-a-16-baies-avec-beaucoup-de-dusel-sur\/"]}]},{"@type":"ImageObject","inLanguage":"fr-BE","@id":"https:\/\/vieassociative.be\/actualites\/fc-bruges-apres-3-1-succes-en-atalanta-sensationnel-dans-le-cycle-de-munich-a-16-baies-avec-beaucoup-de-dusel-sur\/#primaryimage","url":"https:\/\/vieassociative.be\/actualites\/wp-content\/uploads\/2025\/02\/1739931599_FC-Bruges-apres-3-1-Succes-en-atalanta-sensationnel-dans.jpg","contentUrl":"https:\/\/vieassociative.be\/actualites\/wp-content\/uploads\/2025\/02\/1739931599_FC-Bruges-apres-3-1-Succes-en-atalanta-sensationnel-dans.jpg","width":1200,"height":800,"caption":"FC Bruges apr\u00e8s 3: 1 Succ\u00e8s en atalanta sensationnel dans le cycle de Munich \u00e0 16 baies avec beaucoup de Dusel sur"},{"@type":"BreadcrumbList","@id":"https:\/\/vieassociative.be\/actualites\/fc-bruges-apres-3-1-succes-en-atalanta-sensationnel-dans-le-cycle-de-munich-a-16-baies-avec-beaucoup-de-dusel-sur\/#breadcrumb","itemListElement":[{"@type":"ListItem","position":1,"name":"Accueil","item":"https:\/\/vieassociative.be\/actualites\/"},{"@type":"ListItem","position":2,"name":"FC Bruges apr\u00e8s 3: 1 Succ\u00e8s en atalanta sensationnel dans le cycle de Munich \u00e0 16 baies avec beaucoup de Dusel sur"}]},{"@type":"WebSite","@id":"https:\/\/vieassociative.be\/actualites\/#website","url":"https:\/\/vieassociative.be\/actualites\/","name":"Vie Associative","description":"","publisher":{"@id":"https:\/\/vieassociative.be\/actualites\/#organization"},"potentialAction":[{"@type":"SearchAction","target":{"@type":"EntryPoint","urlTemplate":"https:\/\/vieassociative.be\/actualites\/?s={search_term_string}"},"query-input":{"@type":"PropertyValueSpecification","valueRequired":true,"valueName":"search_term_string"}}],"inLanguage":"fr-BE"},{"@type":"Organization","@id":"https:\/\/vieassociative.be\/actualites\/#organization","name":"Vie Associative","url":"https:\/\/vieassociative.be\/actualites\/","logo":{"@type":"ImageObject","inLanguage":"fr-BE","@id":"https:\/\/vieassociative.be\/actualites\/#\/schema\/logo\/image\/","url":"https:\/\/vieassociative.be\/actualites\/wp-content\/uploads\/2024\/09\/cropped-vieassociative_favicon.ico.png","contentUrl":"https:\/\/vieassociative.be\/actualites\/wp-content\/uploads\/2024\/09\/cropped-vieassociative_favicon.ico.png","width":512,"height":512,"caption":"Vie Associative"},"image":{"@id":"https:\/\/vieassociative.be\/actualites\/#\/schema\/logo\/image\/"}},{"@type":"Person","@id":"https:\/\/vieassociative.be\/actualites\/#\/schema\/person\/b87ac4f82f9d4e7b7cec7395b679edc4","name":"Julien","image":{"@type":"ImageObject","inLanguage":"fr-BE","@id":"https:\/\/vieassociative.be\/actualites\/#\/schema\/person\/image\/","url":"https:\/\/vieassociative.be\/actualites\/wp-content\/uploads\/2024\/09\/vie-associative-1-150x150.jpg","contentUrl":"https:\/\/vieassociative.be\/actualites\/wp-content\/uploads\/2024\/09\/vie-associative-1-150x150.jpg","caption":"Julien"},"description":"Je suis Julien, r\u00e9dacteur pour Vie Associative. Passionn\u00e9 par le monde associatif depuis plus de 10 ans, j'ai \u00e0 c\u0153ur de partager des histoires inspirantes et de mettre en lumi\u00e8re les initiatives locales. Mon objectif est de sensibiliser et d'encourager l'engagement communautaire \u00e0 travers mes articles.","sameAs":["https:\/\/vieassociative.be\/"]}]}},"_links":{"self":[{"href":"https:\/\/vieassociative.be\/actualites\/wp-json\/wp\/v2\/posts\/5226"}],"collection":[{"href":"https:\/\/vieassociative.be\/actualites\/wp-json\/wp\/v2\/posts"}],"about":[{"href":"https:\/\/vieassociative.be\/actualites\/wp-json\/wp\/v2\/types\/post"}],"author":[{"embeddable":true,"href":"https:\/\/vieassociative.be\/actualites\/wp-json\/wp\/v2\/users\/1"}],"replies":[{"embeddable":true,"href":"https:\/\/vieassociative.be\/actualites\/wp-json\/wp\/v2\/comments?post=5226"}],"version-history":[{"count":0,"href":"https:\/\/vieassociative.be\/actualites\/wp-json\/wp\/v2\/posts\/5226\/revisions"}],"wp:featuredmedia":[{"embeddable":true,"href":"https:\/\/vieassociative.be\/actualites\/wp-json\/wp\/v2\/media\/5227"}],"wp:attachment":[{"href":"https:\/\/vieassociative.be\/actualites\/wp-json\/wp\/v2\/media?parent=5226"}],"wp:term":[{"taxonomy":"category","embeddable":true,"href":"https:\/\/vieassociative.be\/actualites\/wp-json\/wp\/v2\/categories?post=5226"},{"taxonomy":"post_tag","embeddable":true,"href":"https:\/\/vieassociative.be\/actualites\/wp-json\/wp\/v2\/tags?post=5226"}],"curies":[{"name":"wp","href":"https:\/\/api.w.org\/{rel}","templated":true}]}}