{"id":5217,"date":"2025-02-18T21:18:10","date_gmt":"2025-02-18T20:18:10","guid":{"rendered":"https:\/\/vieassociative.be\/actualites\/linventeur-de-nutella-est-decede-a-lage-de-97-ans\/"},"modified":"2025-02-18T21:18:10","modified_gmt":"2025-02-18T20:18:10","slug":"linventeur-de-nutella-est-decede-a-lage-de-97-ans","status":"publish","type":"post","link":"https:\/\/vieassociative.be\/actualites\/linventeur-de-nutella-est-decede-a-lage-de-97-ans\/","title":{"rendered":"L&rsquo;inventeur de Nutella est d\u00e9c\u00e9d\u00e9 \u00e0 l&rsquo;\u00e2ge de 97 ans"},"content":{"rendered":"<p><strong>L&rsquo;inventeur de Nutella, Francesco Rivella, est d\u00e9c\u00e9d\u00e9 \u00e0 l&rsquo;\u00e2ge de 97 ans. L&rsquo;Italien \u00e9tait auparavant employ\u00e9 comme chimiste alimentaire au groupe Ferrero dans la ville du nord de l&rsquo;Italie d&rsquo;Alba au Pi\u00e9mont. Avec le patron de la soci\u00e9t\u00e9 d&rsquo;alors, Michele Ferrero, il a d\u00e9velopp\u00e9 la composition de la tartinade de pain \u00e0 noix-nougat. Le premier verre sous ce nom s&rsquo;est d\u00e9roul\u00e9 de la cha\u00eene de montage en 1964. C&rsquo;\u00e9tait<\/strong><strong>  Un succ\u00e8s mondial.<\/strong><\/p>\n<p><span id=\"more-408512\"><\/span>Selon un rapport de l&rsquo;agence de presse italienne ANSA, Rivella est d\u00e9c\u00e9d\u00e9e le jour de la Saint-Valentin &#8211; exactement dix ans apr\u00e8s la mort de Ferrero, comme le groupe l&rsquo;a annonc\u00e9. Pendant des d\u00e9cennies, il \u00e9tait consid\u00e9r\u00e9 comme sa main droite.<\/p>\n<p>En tant que directeur technique, il a \u00e9galement particip\u00e9 au d\u00e9veloppement d&rsquo;autres produits tels que \u00ab\u00a0Mon Ch\u00e9ri\u00a0\u00bb ou \u00ab\u00a0Chocolate pour enfants\u00a0\u00bb. Il n&rsquo;a jamais travaill\u00e9 pour une autre entreprise tout au long de sa vie. Rivella a pris sa retraite en 1993. Il laisse une fille et trois fils.<\/p>\n<p>Dans le nord de l&rsquo;Italie, il avait d\u00e9j\u00e0 commenc\u00e9 au XIXe si\u00e8cle pour utiliser le sol des noisettes moulues dans la production de confiserie au lieu de la poudre de cacao. Cela a abouti \u00e0 la cr\u00e8me Nougat brune, par exemple sous la forme de chocolats Gianduiotti.<\/p>\n<div id=\"attachment_408515\" class=\"wp-caption alignleft\" style=\"max-width: 300px\"><img fetchpriority=\"high\" decoding=\"async\" class=\"wp-image-408515 size-medium\" src=\"https:\/\/vieassociative.be\/actualites\/wp-content\/uploads\/2025\/02\/Linventeur-de-Nutella-est-decede-a-lage-de-97-ans.jpg\" alt=\"\" width=\"300\" height=\"200\"><\/p>\n<p class=\"wp-caption-text\">Francesco Rivella (non dat\u00e9). Photo: &#8211; \/ www.rotaryalba.org \/ dpa<\/p>\n<\/div>\n<p>La masse brute \u00e9tait ensuite \u00e9galement disponible dans la boutique en tant que propagation. Rivella a d\u00e9velopp\u00e9 cette approche avec Ferrero. Le fils de d\u00e9part a ensuite eu l&rsquo;id\u00e9e de remplir le tout dans des lunettes.<\/p>\n<p>Au cours des premi\u00e8res ann\u00e9es, cela s&rsquo;appelait toujours \u00ab\u00a0Supercrema\u00a0\u00bb. La perc\u00e9e est venue avec le renommage forc\u00e9 dans les ann\u00e9es 1960, car depuis lors, rien n&rsquo;a \u00e9t\u00e9 vendu avec la note en Italie. Nut- signifie Nut, -Ella est l&rsquo;une des fins italiennes classiques.<\/p>\n<p><strong>&#8211; 500 000 tonnes de Nutella produites par an:<\/strong> Aujourd&rsquo;hui, Ferrero est une \u00e9norme entreprise avec des ventes annuelles de plus de 18 milliards d&rsquo;euros, qui vend ses produits dans presque tous les pays du monde. 500 000 tonnes de Nutella sont fabriqu\u00e9es chaque ann\u00e9e.<\/p>\n<p>Nutella est depuis longtemps devenue synonyme de propagation de noix de noix de toutes sortes. Dans les magasins de charcuterie italienne, il existe les diff\u00e9rentes vari\u00e9t\u00e9s douzaines de fa\u00e7ons: plus la noix (Nutella: 13%, d&rsquo;autres \u00e9galement 51%) et moins l&rsquo;huile de palme, plus elle est ch\u00e8re. Le march\u00e9 est assez grand. Les nutritionnistes, \u00e0 leur tour, soulignent qu&rsquo;un verre de 400 grammes contient 72 cubes.<\/p>\n<p><strong>&#8211; La recette est secr\u00e8te:<\/strong> Apr\u00e8s des ann\u00e9es, Ferrero affirme avec beaucoup de critiques pour utiliser uniquement l&rsquo;huile de palme \u00e0 partir de la production certifi\u00e9e durable. Cependant, les \u00e9cologistes continuent d&rsquo;accuser &#8211; car en Italie, il existe des zones enti\u00e8res de monocultures de noisette.<\/p>\n<p>Selon les estimations, environ un quart de la production mondiale de noisette est utilis\u00e9e pour le Nutella. Le groupe a toujours \u00e9t\u00e9 silencieux sur la composition exacte. Il existe maintenant de nombreuses recettes de fabrication en production de maisons sur Internet. (DPA)<\/p>\n","protected":false},"excerpt":{"rendered":"<p>L&rsquo;inventeur de Nutella, Francesco Rivella, est d\u00e9c\u00e9d\u00e9 \u00e0 l&rsquo;\u00e2ge de 97 ans. L&rsquo;Italien \u00e9tait auparavant employ\u00e9 comme chimiste alimentaire au groupe Ferrero dans la ville<\/p>\n","protected":false},"author":1,"featured_media":5218,"comment_status":"","ping_status":"","sticky":false,"template":"","format":"standard","meta":{"footnotes":""},"categories":[298],"tags":[584,1223,76,501,5392,5393],"class_list":["post-5217","post","type-post","status-publish","format-standard","has-post-thumbnail","hentry","category-belgique","tag-ans","tag-decede","tag-est","tag-lage","tag-linventeur","tag-nutella","generate-columns","tablet-grid-50","mobile-grid-100","grid-parent","grid-33"],"yoast_head":"<!-- This site is optimized with the Yoast SEO plugin v24.0 - https:\/\/yoast.com\/wordpress\/plugins\/seo\/ -->\n<title>L&#039;inventeur de Nutella est d\u00e9c\u00e9d\u00e9 \u00e0 l&#039;\u00e2ge de 97 ans | Vie Associative<\/title>\n<meta name=\"robots\" content=\"index, follow, max-snippet:-1, max-image-preview:large, max-video-preview:-1\" \/>\n<link rel=\"canonical\" href=\"https:\/\/vieassociative.be\/actualites\/linventeur-de-nutella-est-decede-a-lage-de-97-ans\/\" \/>\n<meta property=\"og:locale\" content=\"fr_FR\" \/>\n<meta property=\"og:type\" content=\"article\" \/>\n<meta property=\"og:title\" content=\"L&#039;inventeur de Nutella est d\u00e9c\u00e9d\u00e9 \u00e0 l&#039;\u00e2ge de 97 ans | Vie Associative\" \/>\n<meta property=\"og:description\" content=\"L&rsquo;inventeur de Nutella, Francesco Rivella, est d\u00e9c\u00e9d\u00e9 \u00e0 l&rsquo;\u00e2ge de 97 ans. L&rsquo;Italien \u00e9tait auparavant employ\u00e9 comme chimiste alimentaire au groupe Ferrero dans la ville\" \/>\n<meta property=\"og:url\" content=\"https:\/\/vieassociative.be\/actualites\/linventeur-de-nutella-est-decede-a-lage-de-97-ans\/\" \/>\n<meta property=\"og:site_name\" content=\"Vie Associative\" \/>\n<meta property=\"article:published_time\" content=\"2025-02-18T20:18:10+00:00\" \/>\n<meta property=\"og:image\" content=\"https:\/\/vieassociative.be\/actualites\/wp-content\/uploads\/2024\/09\/header_backgroundk-01-e1726694325946.png\" \/>\n\t<meta property=\"og:image:width\" content=\"279\" \/>\n\t<meta property=\"og:image:height\" content=\"92\" \/>\n\t<meta property=\"og:image:type\" content=\"image\/png\" \/>\n<meta name=\"author\" content=\"Julien\" \/>\n<meta name=\"twitter:card\" content=\"summary_large_image\" \/>\n<meta name=\"twitter:label1\" content=\"\u00c9crit par\" \/>\n\t<meta name=\"twitter:data1\" content=\"Julien\" \/>\n\t<meta name=\"twitter:label2\" content=\"Dur\u00e9e de lecture est.\" \/>\n\t<meta name=\"twitter:data2\" content=\"3 minutes\" \/>\n<script type=\"application\/ld+json\" class=\"yoast-schema-graph\">{\"@context\":\"https:\/\/schema.org\",\"@graph\":[{\"@type\":\"Article\",\"@id\":\"https:\/\/vieassociative.be\/actualites\/linventeur-de-nutella-est-decede-a-lage-de-97-ans\/#article\",\"isPartOf\":{\"@id\":\"https:\/\/vieassociative.be\/actualites\/linventeur-de-nutella-est-decede-a-lage-de-97-ans\/\"},\"author\":{\"name\":\"Julien\",\"@id\":\"https:\/\/vieassociative.be\/actualites\/#\/schema\/person\/b87ac4f82f9d4e7b7cec7395b679edc4\"},\"headline\":\"L&rsquo;inventeur de Nutella est d\u00e9c\u00e9d\u00e9 \u00e0 l&rsquo;\u00e2ge de 97 ans\",\"datePublished\":\"2025-02-18T20:18:10+00:00\",\"dateModified\":\"2025-02-18T20:18:10+00:00\",\"mainEntityOfPage\":{\"@id\":\"https:\/\/vieassociative.be\/actualites\/linventeur-de-nutella-est-decede-a-lage-de-97-ans\/\"},\"wordCount\":552,\"publisher\":{\"@id\":\"https:\/\/vieassociative.be\/actualites\/#organization\"},\"image\":{\"@id\":\"https:\/\/vieassociative.be\/actualites\/linventeur-de-nutella-est-decede-a-lage-de-97-ans\/#primaryimage\"},\"thumbnailUrl\":\"https:\/\/vieassociative.be\/actualites\/wp-content\/uploads\/2025\/02\/Linventeur-de-Nutella-est-decede-a-lage-de-97-ans.jpeg\",\"keywords\":[\"ans\",\"d\u00e9c\u00e9d\u00e9\",\"est\",\"l\u00e2ge\",\"Linventeur\",\"Nutella\"],\"articleSection\":[\"Belgique\"],\"inLanguage\":\"fr-BE\"},{\"@type\":\"WebPage\",\"@id\":\"https:\/\/vieassociative.be\/actualites\/linventeur-de-nutella-est-decede-a-lage-de-97-ans\/\",\"url\":\"https:\/\/vieassociative.be\/actualites\/linventeur-de-nutella-est-decede-a-lage-de-97-ans\/\",\"name\":\"L'inventeur de Nutella est d\u00e9c\u00e9d\u00e9 \u00e0 l'\u00e2ge de 97 ans | Vie Associative\",\"isPartOf\":{\"@id\":\"https:\/\/vieassociative.be\/actualites\/#website\"},\"primaryImageOfPage\":{\"@id\":\"https:\/\/vieassociative.be\/actualites\/linventeur-de-nutella-est-decede-a-lage-de-97-ans\/#primaryimage\"},\"image\":{\"@id\":\"https:\/\/vieassociative.be\/actualites\/linventeur-de-nutella-est-decede-a-lage-de-97-ans\/#primaryimage\"},\"thumbnailUrl\":\"https:\/\/vieassociative.be\/actualites\/wp-content\/uploads\/2025\/02\/Linventeur-de-Nutella-est-decede-a-lage-de-97-ans.jpeg\",\"datePublished\":\"2025-02-18T20:18:10+00:00\",\"dateModified\":\"2025-02-18T20:18:10+00:00\",\"breadcrumb\":{\"@id\":\"https:\/\/vieassociative.be\/actualites\/linventeur-de-nutella-est-decede-a-lage-de-97-ans\/#breadcrumb\"},\"inLanguage\":\"fr-BE\",\"potentialAction\":[{\"@type\":\"ReadAction\",\"target\":[\"https:\/\/vieassociative.be\/actualites\/linventeur-de-nutella-est-decede-a-lage-de-97-ans\/\"]}]},{\"@type\":\"ImageObject\",\"inLanguage\":\"fr-BE\",\"@id\":\"https:\/\/vieassociative.be\/actualites\/linventeur-de-nutella-est-decede-a-lage-de-97-ans\/#primaryimage\",\"url\":\"https:\/\/vieassociative.be\/actualites\/wp-content\/uploads\/2025\/02\/Linventeur-de-Nutella-est-decede-a-lage-de-97-ans.jpeg\",\"contentUrl\":\"https:\/\/vieassociative.be\/actualites\/wp-content\/uploads\/2025\/02\/Linventeur-de-Nutella-est-decede-a-lage-de-97-ans.jpeg\",\"width\":1000,\"height\":681,\"caption\":\"L'inventeur de Nutella est d\u00e9c\u00e9d\u00e9 \u00e0 l'\u00e2ge de 97 ans\"},{\"@type\":\"BreadcrumbList\",\"@id\":\"https:\/\/vieassociative.be\/actualites\/linventeur-de-nutella-est-decede-a-lage-de-97-ans\/#breadcrumb\",\"itemListElement\":[{\"@type\":\"ListItem\",\"position\":1,\"name\":\"Accueil\",\"item\":\"https:\/\/vieassociative.be\/actualites\/\"},{\"@type\":\"ListItem\",\"position\":2,\"name\":\"L&rsquo;inventeur de Nutella est d\u00e9c\u00e9d\u00e9 \u00e0 l&rsquo;\u00e2ge de 97 ans\"}]},{\"@type\":\"WebSite\",\"@id\":\"https:\/\/vieassociative.be\/actualites\/#website\",\"url\":\"https:\/\/vieassociative.be\/actualites\/\",\"name\":\"Vie Associative\",\"description\":\"\",\"publisher\":{\"@id\":\"https:\/\/vieassociative.be\/actualites\/#organization\"},\"potentialAction\":[{\"@type\":\"SearchAction\",\"target\":{\"@type\":\"EntryPoint\",\"urlTemplate\":\"https:\/\/vieassociative.be\/actualites\/?s={search_term_string}\"},\"query-input\":{\"@type\":\"PropertyValueSpecification\",\"valueRequired\":true,\"valueName\":\"search_term_string\"}}],\"inLanguage\":\"fr-BE\"},{\"@type\":\"Organization\",\"@id\":\"https:\/\/vieassociative.be\/actualites\/#organization\",\"name\":\"Vie Associative\",\"url\":\"https:\/\/vieassociative.be\/actualites\/\",\"logo\":{\"@type\":\"ImageObject\",\"inLanguage\":\"fr-BE\",\"@id\":\"https:\/\/vieassociative.be\/actualites\/#\/schema\/logo\/image\/\",\"url\":\"https:\/\/vieassociative.be\/actualites\/wp-content\/uploads\/2024\/09\/cropped-vieassociative_favicon.ico.png\",\"contentUrl\":\"https:\/\/vieassociative.be\/actualites\/wp-content\/uploads\/2024\/09\/cropped-vieassociative_favicon.ico.png\",\"width\":512,\"height\":512,\"caption\":\"Vie Associative\"},\"image\":{\"@id\":\"https:\/\/vieassociative.be\/actualites\/#\/schema\/logo\/image\/\"}},{\"@type\":\"Person\",\"@id\":\"https:\/\/vieassociative.be\/actualites\/#\/schema\/person\/b87ac4f82f9d4e7b7cec7395b679edc4\",\"name\":\"Julien\",\"image\":{\"@type\":\"ImageObject\",\"inLanguage\":\"fr-BE\",\"@id\":\"https:\/\/vieassociative.be\/actualites\/#\/schema\/person\/image\/\",\"url\":\"https:\/\/vieassociative.be\/actualites\/wp-content\/uploads\/2024\/09\/vie-associative-1-150x150.jpg\",\"contentUrl\":\"https:\/\/vieassociative.be\/actualites\/wp-content\/uploads\/2024\/09\/vie-associative-1-150x150.jpg\",\"caption\":\"Julien\"},\"description\":\"Je suis Julien, r\u00e9dacteur pour Vie Associative. Passionn\u00e9 par le monde associatif depuis plus de 10 ans, j'ai \u00e0 c\u0153ur de partager des histoires inspirantes et de mettre en lumi\u00e8re les initiatives locales. Mon objectif est de sensibiliser et d'encourager l'engagement communautaire \u00e0 travers mes articles.\",\"sameAs\":[\"https:\/\/vieassociative.be\/\"]}]}<\/script>\n<!-- \/ Yoast SEO plugin. -->","yoast_head_json":{"title":"L'inventeur de Nutella est d\u00e9c\u00e9d\u00e9 \u00e0 l'\u00e2ge de 97 ans | Vie Associative","robots":{"index":"index","follow":"follow","max-snippet":"max-snippet:-1","max-image-preview":"max-image-preview:large","max-video-preview":"max-video-preview:-1"},"canonical":"https:\/\/vieassociative.be\/actualites\/linventeur-de-nutella-est-decede-a-lage-de-97-ans\/","og_locale":"fr_FR","og_type":"article","og_title":"L'inventeur de Nutella est d\u00e9c\u00e9d\u00e9 \u00e0 l'\u00e2ge de 97 ans | Vie Associative","og_description":"L&rsquo;inventeur de Nutella, Francesco Rivella, est d\u00e9c\u00e9d\u00e9 \u00e0 l&rsquo;\u00e2ge de 97 ans. L&rsquo;Italien \u00e9tait auparavant employ\u00e9 comme chimiste alimentaire au groupe Ferrero dans la ville","og_url":"https:\/\/vieassociative.be\/actualites\/linventeur-de-nutella-est-decede-a-lage-de-97-ans\/","og_site_name":"Vie Associative","article_published_time":"2025-02-18T20:18:10+00:00","og_image":[{"width":279,"height":92,"url":"https:\/\/vieassociative.be\/actualites\/wp-content\/uploads\/2024\/09\/header_backgroundk-01-e1726694325946.png","type":"image\/png"}],"author":"Julien","twitter_card":"summary_large_image","twitter_misc":{"\u00c9crit par":"Julien","Dur\u00e9e de lecture est.":"3 minutes"},"schema":{"@context":"https:\/\/schema.org","@graph":[{"@type":"Article","@id":"https:\/\/vieassociative.be\/actualites\/linventeur-de-nutella-est-decede-a-lage-de-97-ans\/#article","isPartOf":{"@id":"https:\/\/vieassociative.be\/actualites\/linventeur-de-nutella-est-decede-a-lage-de-97-ans\/"},"author":{"name":"Julien","@id":"https:\/\/vieassociative.be\/actualites\/#\/schema\/person\/b87ac4f82f9d4e7b7cec7395b679edc4"},"headline":"L&rsquo;inventeur de Nutella est d\u00e9c\u00e9d\u00e9 \u00e0 l&rsquo;\u00e2ge de 97 ans","datePublished":"2025-02-18T20:18:10+00:00","dateModified":"2025-02-18T20:18:10+00:00","mainEntityOfPage":{"@id":"https:\/\/vieassociative.be\/actualites\/linventeur-de-nutella-est-decede-a-lage-de-97-ans\/"},"wordCount":552,"publisher":{"@id":"https:\/\/vieassociative.be\/actualites\/#organization"},"image":{"@id":"https:\/\/vieassociative.be\/actualites\/linventeur-de-nutella-est-decede-a-lage-de-97-ans\/#primaryimage"},"thumbnailUrl":"https:\/\/vieassociative.be\/actualites\/wp-content\/uploads\/2025\/02\/Linventeur-de-Nutella-est-decede-a-lage-de-97-ans.jpeg","keywords":["ans","d\u00e9c\u00e9d\u00e9","est","l\u00e2ge","Linventeur","Nutella"],"articleSection":["Belgique"],"inLanguage":"fr-BE"},{"@type":"WebPage","@id":"https:\/\/vieassociative.be\/actualites\/linventeur-de-nutella-est-decede-a-lage-de-97-ans\/","url":"https:\/\/vieassociative.be\/actualites\/linventeur-de-nutella-est-decede-a-lage-de-97-ans\/","name":"L'inventeur de Nutella est d\u00e9c\u00e9d\u00e9 \u00e0 l'\u00e2ge de 97 ans | Vie Associative","isPartOf":{"@id":"https:\/\/vieassociative.be\/actualites\/#website"},"primaryImageOfPage":{"@id":"https:\/\/vieassociative.be\/actualites\/linventeur-de-nutella-est-decede-a-lage-de-97-ans\/#primaryimage"},"image":{"@id":"https:\/\/vieassociative.be\/actualites\/linventeur-de-nutella-est-decede-a-lage-de-97-ans\/#primaryimage"},"thumbnailUrl":"https:\/\/vieassociative.be\/actualites\/wp-content\/uploads\/2025\/02\/Linventeur-de-Nutella-est-decede-a-lage-de-97-ans.jpeg","datePublished":"2025-02-18T20:18:10+00:00","dateModified":"2025-02-18T20:18:10+00:00","breadcrumb":{"@id":"https:\/\/vieassociative.be\/actualites\/linventeur-de-nutella-est-decede-a-lage-de-97-ans\/#breadcrumb"},"inLanguage":"fr-BE","potentialAction":[{"@type":"ReadAction","target":["https:\/\/vieassociative.be\/actualites\/linventeur-de-nutella-est-decede-a-lage-de-97-ans\/"]}]},{"@type":"ImageObject","inLanguage":"fr-BE","@id":"https:\/\/vieassociative.be\/actualites\/linventeur-de-nutella-est-decede-a-lage-de-97-ans\/#primaryimage","url":"https:\/\/vieassociative.be\/actualites\/wp-content\/uploads\/2025\/02\/Linventeur-de-Nutella-est-decede-a-lage-de-97-ans.jpeg","contentUrl":"https:\/\/vieassociative.be\/actualites\/wp-content\/uploads\/2025\/02\/Linventeur-de-Nutella-est-decede-a-lage-de-97-ans.jpeg","width":1000,"height":681,"caption":"L'inventeur de Nutella est d\u00e9c\u00e9d\u00e9 \u00e0 l'\u00e2ge de 97 ans"},{"@type":"BreadcrumbList","@id":"https:\/\/vieassociative.be\/actualites\/linventeur-de-nutella-est-decede-a-lage-de-97-ans\/#breadcrumb","itemListElement":[{"@type":"ListItem","position":1,"name":"Accueil","item":"https:\/\/vieassociative.be\/actualites\/"},{"@type":"ListItem","position":2,"name":"L&rsquo;inventeur de Nutella est d\u00e9c\u00e9d\u00e9 \u00e0 l&rsquo;\u00e2ge de 97 ans"}]},{"@type":"WebSite","@id":"https:\/\/vieassociative.be\/actualites\/#website","url":"https:\/\/vieassociative.be\/actualites\/","name":"Vie Associative","description":"","publisher":{"@id":"https:\/\/vieassociative.be\/actualites\/#organization"},"potentialAction":[{"@type":"SearchAction","target":{"@type":"EntryPoint","urlTemplate":"https:\/\/vieassociative.be\/actualites\/?s={search_term_string}"},"query-input":{"@type":"PropertyValueSpecification","valueRequired":true,"valueName":"search_term_string"}}],"inLanguage":"fr-BE"},{"@type":"Organization","@id":"https:\/\/vieassociative.be\/actualites\/#organization","name":"Vie Associative","url":"https:\/\/vieassociative.be\/actualites\/","logo":{"@type":"ImageObject","inLanguage":"fr-BE","@id":"https:\/\/vieassociative.be\/actualites\/#\/schema\/logo\/image\/","url":"https:\/\/vieassociative.be\/actualites\/wp-content\/uploads\/2024\/09\/cropped-vieassociative_favicon.ico.png","contentUrl":"https:\/\/vieassociative.be\/actualites\/wp-content\/uploads\/2024\/09\/cropped-vieassociative_favicon.ico.png","width":512,"height":512,"caption":"Vie Associative"},"image":{"@id":"https:\/\/vieassociative.be\/actualites\/#\/schema\/logo\/image\/"}},{"@type":"Person","@id":"https:\/\/vieassociative.be\/actualites\/#\/schema\/person\/b87ac4f82f9d4e7b7cec7395b679edc4","name":"Julien","image":{"@type":"ImageObject","inLanguage":"fr-BE","@id":"https:\/\/vieassociative.be\/actualites\/#\/schema\/person\/image\/","url":"https:\/\/vieassociative.be\/actualites\/wp-content\/uploads\/2024\/09\/vie-associative-1-150x150.jpg","contentUrl":"https:\/\/vieassociative.be\/actualites\/wp-content\/uploads\/2024\/09\/vie-associative-1-150x150.jpg","caption":"Julien"},"description":"Je suis Julien, r\u00e9dacteur pour Vie Associative. Passionn\u00e9 par le monde associatif depuis plus de 10 ans, j'ai \u00e0 c\u0153ur de partager des histoires inspirantes et de mettre en lumi\u00e8re les initiatives locales. Mon objectif est de sensibiliser et d'encourager l'engagement communautaire \u00e0 travers mes articles.","sameAs":["https:\/\/vieassociative.be\/"]}]}},"_links":{"self":[{"href":"https:\/\/vieassociative.be\/actualites\/wp-json\/wp\/v2\/posts\/5217"}],"collection":[{"href":"https:\/\/vieassociative.be\/actualites\/wp-json\/wp\/v2\/posts"}],"about":[{"href":"https:\/\/vieassociative.be\/actualites\/wp-json\/wp\/v2\/types\/post"}],"author":[{"embeddable":true,"href":"https:\/\/vieassociative.be\/actualites\/wp-json\/wp\/v2\/users\/1"}],"replies":[{"embeddable":true,"href":"https:\/\/vieassociative.be\/actualites\/wp-json\/wp\/v2\/comments?post=5217"}],"version-history":[{"count":0,"href":"https:\/\/vieassociative.be\/actualites\/wp-json\/wp\/v2\/posts\/5217\/revisions"}],"wp:featuredmedia":[{"embeddable":true,"href":"https:\/\/vieassociative.be\/actualites\/wp-json\/wp\/v2\/media\/5218"}],"wp:attachment":[{"href":"https:\/\/vieassociative.be\/actualites\/wp-json\/wp\/v2\/media?parent=5217"}],"wp:term":[{"taxonomy":"category","embeddable":true,"href":"https:\/\/vieassociative.be\/actualites\/wp-json\/wp\/v2\/categories?post=5217"},{"taxonomy":"post_tag","embeddable":true,"href":"https:\/\/vieassociative.be\/actualites\/wp-json\/wp\/v2\/tags?post=5217"}],"curies":[{"name":"wp","href":"https:\/\/api.w.org\/{rel}","templated":true}]}}