{"id":5215,"date":"2025-02-18T20:30:14","date_gmt":"2025-02-18T19:30:14","guid":{"rendered":"https:\/\/vieassociative.be\/actualites\/la-serie-apple-watch-7-est-de-250-en-ce-moment\/"},"modified":"2025-02-18T20:30:14","modified_gmt":"2025-02-18T19:30:14","slug":"la-serie-apple-watch-7-est-de-250-en-ce-moment","status":"publish","type":"post","link":"https:\/\/vieassociative.be\/actualites\/la-serie-apple-watch-7-est-de-250-en-ce-moment\/","title":{"rendered":"La s\u00e9rie Apple Watch 7 est de 250 $ en ce moment"},"content":{"rendered":"<div class=\"mt-4 leading-6 md:mb-8\">Une montre intelligente premium \u00e0 une fraction de son prix d&rsquo;origine, avec l&rsquo;avantage suppl\u00e9mentaire de la connectivit\u00e9 cellulaire.<\/div>\n<p><\/p>\n<p>Si vous aimez l&rsquo;id\u00e9e de faire des courses ou de faire un jogging sans trimballer votre t\u00e9l\u00e9phone, l&rsquo;Apple Watch Series 7 (GPS + Cellular) est \u00e0 249,99 $ sur Woot. C&rsquo;est une remise de 500 $ sur son prix d&rsquo;origine de 749 $, mais l&rsquo;accord n&rsquo;est en direct que pendant deux jours ou jusqu&rsquo;\u00e0 ce qu&rsquo;il se vende. <\/p>\n<p>Si vous \u00eates un membre Amazon Prime, vous obtenez une livraison standard gratuite, tandis que d&rsquo;autres devront payer 6 $ (gardez \u00e0 l&rsquo;esprit que Woot ne sera pas exp\u00e9di\u00e9 en Alaska, Hawa\u00ef, PO Boxes ou APO). <\/p>\n<p>Maintenant, si vous vous demandez pourquoi vous devriez vous soucier de la version cellulaire par rapport au mod\u00e8le GPS ordinaire, c&rsquo;est parce qu&rsquo;il n&rsquo;a pas besoin d&rsquo;\u00eatre attach\u00e9 \u00e0 votre iPhone pour avoir une connexion. Vous pouvez prendre des appels, r\u00e9pondre aux messages, diffuser de la musique Apple et utiliser Apple Pay sans avoir votre t\u00e9l\u00e9phone \u00e0 proximit\u00e9. C&rsquo;est particuli\u00e8rement utile si vous aimez courir sans votre t\u00e9l\u00e9phone ou le laisser derri\u00e8re vous au gymnase.<\/p>\n<p>PCMAG a qualifi\u00e9 la s\u00e9rie 7 la \u00abmeilleure smartwatch de l&rsquo;ann\u00e9e 2021\u00bb et lui a remis un prix de choix de l&rsquo;\u00e9diteur lors de son lancement, gr\u00e2ce \u00e0 son plus grand \u00e9cran (ce qui signifie des boutons plus gros, un clavier QWerty complet pour les SMS et une interface plus facile \u00e0 lire ) et des capacit\u00e9s de charge rapide, passant de 0 \u00e0 80% en environ 45 minutes (utile si vous utilisez le suivi du sommeil et que vous ne voulez pas le retirer longtemps). Bien s\u00fbr, il a quelques ann\u00e9es \u00e0 ce stade (la s\u00e9rie 10 est la g\u00e9n\u00e9ration la plus r\u00e9cente), mais la s\u00e9rie 7 est toujours une option solide si vous ne vous souciez pas d&rsquo;avoir la technologie absolument la plus r\u00e9cente disponible.<\/p>\n<p>La s\u00e9rie 7 est \u00e9galement livr\u00e9e avec une note IP6X et W50, offrant une forte r\u00e9sistance \u00e0 la poussi\u00e8re pour les entra\u00eenements en plein air et une r\u00e9sistance \u00e0 l&rsquo;eau jusqu&rsquo;\u00e0 50 m\u00e8tres (afin que vous puissiez le porter sous la douche ou le prendre au bord de la piscine sans souci). De plus, ce mod\u00e8le est livr\u00e9 avec la garantie mat\u00e9rielle d&rsquo;un an limit\u00e9e d&rsquo;Apple, qui est un joli filet de s\u00e9curit\u00e9.<\/p>\n<p>Comme les autres montres Apple, la s\u00e9rie 7 a un ensemble complet de caract\u00e9ristiques de sant\u00e9, notamment la surveillance de la fr\u00e9quence cardiaque, l&rsquo;ECG, le suivi de l&rsquo;oxyg\u00e8ne sanguin, l&rsquo;altim\u00e8tre toujours sur et le suivi du sommeil, entre autres<strong>. <\/strong>Il garde \u00e9galement un \u0153il sur votre bien-\u00eatre, vous informant s&rsquo;il d\u00e9tecte des niveaux de bruit potentiellement nocifs ou des rythmes cardiaques irr\u00e9guliers, plus la d\u00e9tection de chute &#8211; composant automatiquement pour de l&rsquo;aide si vous faites une chute dure et ne r\u00e9pondez pas. Cela dit, sa dur\u00e9e de vie de la batterie est d&rsquo;environ 18 heures, vous devrez donc la charger r\u00e9guli\u00e8rement, ce qui n&rsquo;est pas g\u00e9nial, mais c&rsquo;est la norme Apple Watch. Si vous voulez quelque chose qui dure plusieurs jours, les mod\u00e8les Ultra sont meilleurs, mais ils en co\u00fbtent beaucoup plus.<\/p>\n","protected":false},"excerpt":{"rendered":"<p>Une montre intelligente premium \u00e0 une fraction de son prix d&rsquo;origine, avec l&rsquo;avantage suppl\u00e9mentaire de la connectivit\u00e9 cellulaire. Si vous aimez l&rsquo;id\u00e9e de faire des<\/p>\n","protected":false},"author":1,"featured_media":5216,"comment_status":"","ping_status":"","sticky":false,"template":"","format":"standard","meta":{"footnotes":""},"categories":[13],"tags":[54,76,1429,606,55],"class_list":["post-5215","post","type-post","status-publish","format-standard","has-post-thumbnail","hentry","category-technologie","tag-apple","tag-est","tag-moment","tag-serie","tag-watch","generate-columns","tablet-grid-50","mobile-grid-100","grid-parent","grid-33"],"yoast_head":"<!-- This site is optimized with the Yoast SEO plugin v24.0 - https:\/\/yoast.com\/wordpress\/plugins\/seo\/ -->\n<title>La s\u00e9rie Apple Watch 7 est de 250 $ en ce moment | Vie Associative<\/title>\n<meta name=\"robots\" content=\"index, follow, max-snippet:-1, max-image-preview:large, max-video-preview:-1\" \/>\n<link rel=\"canonical\" href=\"https:\/\/vieassociative.be\/actualites\/la-serie-apple-watch-7-est-de-250-en-ce-moment\/\" \/>\n<meta property=\"og:locale\" content=\"fr_FR\" \/>\n<meta property=\"og:type\" content=\"article\" \/>\n<meta property=\"og:title\" content=\"La s\u00e9rie Apple Watch 7 est de 250 $ en ce moment | Vie Associative\" \/>\n<meta property=\"og:description\" content=\"Une montre intelligente premium \u00e0 une fraction de son prix d&rsquo;origine, avec l&rsquo;avantage suppl\u00e9mentaire de la connectivit\u00e9 cellulaire. Si vous aimez l&rsquo;id\u00e9e de faire des\" \/>\n<meta property=\"og:url\" content=\"https:\/\/vieassociative.be\/actualites\/la-serie-apple-watch-7-est-de-250-en-ce-moment\/\" \/>\n<meta property=\"og:site_name\" content=\"Vie Associative\" \/>\n<meta property=\"article:published_time\" content=\"2025-02-18T19:30:14+00:00\" \/>\n<meta property=\"og:image\" content=\"https:\/\/vieassociative.be\/actualites\/wp-content\/uploads\/2024\/09\/header_backgroundk-01-e1726694325946.png\" \/>\n\t<meta property=\"og:image:width\" content=\"279\" \/>\n\t<meta property=\"og:image:height\" content=\"92\" \/>\n\t<meta property=\"og:image:type\" content=\"image\/png\" \/>\n<meta name=\"author\" content=\"Julien\" \/>\n<meta name=\"twitter:card\" content=\"summary_large_image\" \/>\n<meta name=\"twitter:label1\" content=\"\u00c9crit par\" \/>\n\t<meta name=\"twitter:data1\" content=\"Julien\" \/>\n\t<meta name=\"twitter:label2\" content=\"Dur\u00e9e de lecture est.\" \/>\n\t<meta name=\"twitter:data2\" content=\"3 minutes\" \/>\n<script type=\"application\/ld+json\" class=\"yoast-schema-graph\">{\"@context\":\"https:\/\/schema.org\",\"@graph\":[{\"@type\":\"Article\",\"@id\":\"https:\/\/vieassociative.be\/actualites\/la-serie-apple-watch-7-est-de-250-en-ce-moment\/#article\",\"isPartOf\":{\"@id\":\"https:\/\/vieassociative.be\/actualites\/la-serie-apple-watch-7-est-de-250-en-ce-moment\/\"},\"author\":{\"name\":\"Julien\",\"@id\":\"https:\/\/vieassociative.be\/actualites\/#\/schema\/person\/b87ac4f82f9d4e7b7cec7395b679edc4\"},\"headline\":\"La s\u00e9rie Apple Watch 7 est de 250 $ en ce moment\",\"datePublished\":\"2025-02-18T19:30:14+00:00\",\"dateModified\":\"2025-02-18T19:30:14+00:00\",\"mainEntityOfPage\":{\"@id\":\"https:\/\/vieassociative.be\/actualites\/la-serie-apple-watch-7-est-de-250-en-ce-moment\/\"},\"wordCount\":580,\"publisher\":{\"@id\":\"https:\/\/vieassociative.be\/actualites\/#organization\"},\"image\":{\"@id\":\"https:\/\/vieassociative.be\/actualites\/la-serie-apple-watch-7-est-de-250-en-ce-moment\/#primaryimage\"},\"thumbnailUrl\":\"https:\/\/vieassociative.be\/actualites\/wp-content\/uploads\/2025\/02\/La-serie-Apple-Watch-7-est-de-250-en.png\",\"keywords\":[\"Apple\",\"est\",\"moment\",\"s\u00e9rie\",\"Watch\"],\"articleSection\":[\"Technologie\"],\"inLanguage\":\"fr-BE\"},{\"@type\":\"WebPage\",\"@id\":\"https:\/\/vieassociative.be\/actualites\/la-serie-apple-watch-7-est-de-250-en-ce-moment\/\",\"url\":\"https:\/\/vieassociative.be\/actualites\/la-serie-apple-watch-7-est-de-250-en-ce-moment\/\",\"name\":\"La s\u00e9rie Apple Watch 7 est de 250 $ en ce moment | Vie Associative\",\"isPartOf\":{\"@id\":\"https:\/\/vieassociative.be\/actualites\/#website\"},\"primaryImageOfPage\":{\"@id\":\"https:\/\/vieassociative.be\/actualites\/la-serie-apple-watch-7-est-de-250-en-ce-moment\/#primaryimage\"},\"image\":{\"@id\":\"https:\/\/vieassociative.be\/actualites\/la-serie-apple-watch-7-est-de-250-en-ce-moment\/#primaryimage\"},\"thumbnailUrl\":\"https:\/\/vieassociative.be\/actualites\/wp-content\/uploads\/2025\/02\/La-serie-Apple-Watch-7-est-de-250-en.png\",\"datePublished\":\"2025-02-18T19:30:14+00:00\",\"dateModified\":\"2025-02-18T19:30:14+00:00\",\"breadcrumb\":{\"@id\":\"https:\/\/vieassociative.be\/actualites\/la-serie-apple-watch-7-est-de-250-en-ce-moment\/#breadcrumb\"},\"inLanguage\":\"fr-BE\",\"potentialAction\":[{\"@type\":\"ReadAction\",\"target\":[\"https:\/\/vieassociative.be\/actualites\/la-serie-apple-watch-7-est-de-250-en-ce-moment\/\"]}]},{\"@type\":\"ImageObject\",\"inLanguage\":\"fr-BE\",\"@id\":\"https:\/\/vieassociative.be\/actualites\/la-serie-apple-watch-7-est-de-250-en-ce-moment\/#primaryimage\",\"url\":\"https:\/\/vieassociative.be\/actualites\/wp-content\/uploads\/2025\/02\/La-serie-Apple-Watch-7-est-de-250-en.png\",\"contentUrl\":\"https:\/\/vieassociative.be\/actualites\/wp-content\/uploads\/2025\/02\/La-serie-Apple-Watch-7-est-de-250-en.png\",\"width\":1200,\"height\":675,\"caption\":\"La s\u00e9rie Apple Watch 7 est de 250 $ en ce moment\"},{\"@type\":\"BreadcrumbList\",\"@id\":\"https:\/\/vieassociative.be\/actualites\/la-serie-apple-watch-7-est-de-250-en-ce-moment\/#breadcrumb\",\"itemListElement\":[{\"@type\":\"ListItem\",\"position\":1,\"name\":\"Accueil\",\"item\":\"https:\/\/vieassociative.be\/actualites\/\"},{\"@type\":\"ListItem\",\"position\":2,\"name\":\"La s\u00e9rie Apple Watch 7 est de 250 $ en ce moment\"}]},{\"@type\":\"WebSite\",\"@id\":\"https:\/\/vieassociative.be\/actualites\/#website\",\"url\":\"https:\/\/vieassociative.be\/actualites\/\",\"name\":\"Vie Associative\",\"description\":\"\",\"publisher\":{\"@id\":\"https:\/\/vieassociative.be\/actualites\/#organization\"},\"potentialAction\":[{\"@type\":\"SearchAction\",\"target\":{\"@type\":\"EntryPoint\",\"urlTemplate\":\"https:\/\/vieassociative.be\/actualites\/?s={search_term_string}\"},\"query-input\":{\"@type\":\"PropertyValueSpecification\",\"valueRequired\":true,\"valueName\":\"search_term_string\"}}],\"inLanguage\":\"fr-BE\"},{\"@type\":\"Organization\",\"@id\":\"https:\/\/vieassociative.be\/actualites\/#organization\",\"name\":\"Vie Associative\",\"url\":\"https:\/\/vieassociative.be\/actualites\/\",\"logo\":{\"@type\":\"ImageObject\",\"inLanguage\":\"fr-BE\",\"@id\":\"https:\/\/vieassociative.be\/actualites\/#\/schema\/logo\/image\/\",\"url\":\"https:\/\/vieassociative.be\/actualites\/wp-content\/uploads\/2024\/09\/cropped-vieassociative_favicon.ico.png\",\"contentUrl\":\"https:\/\/vieassociative.be\/actualites\/wp-content\/uploads\/2024\/09\/cropped-vieassociative_favicon.ico.png\",\"width\":512,\"height\":512,\"caption\":\"Vie Associative\"},\"image\":{\"@id\":\"https:\/\/vieassociative.be\/actualites\/#\/schema\/logo\/image\/\"}},{\"@type\":\"Person\",\"@id\":\"https:\/\/vieassociative.be\/actualites\/#\/schema\/person\/b87ac4f82f9d4e7b7cec7395b679edc4\",\"name\":\"Julien\",\"image\":{\"@type\":\"ImageObject\",\"inLanguage\":\"fr-BE\",\"@id\":\"https:\/\/vieassociative.be\/actualites\/#\/schema\/person\/image\/\",\"url\":\"https:\/\/vieassociative.be\/actualites\/wp-content\/uploads\/2024\/09\/vie-associative-1-150x150.jpg\",\"contentUrl\":\"https:\/\/vieassociative.be\/actualites\/wp-content\/uploads\/2024\/09\/vie-associative-1-150x150.jpg\",\"caption\":\"Julien\"},\"description\":\"Je suis Julien, r\u00e9dacteur pour Vie Associative. Passionn\u00e9 par le monde associatif depuis plus de 10 ans, j'ai \u00e0 c\u0153ur de partager des histoires inspirantes et de mettre en lumi\u00e8re les initiatives locales. Mon objectif est de sensibiliser et d'encourager l'engagement communautaire \u00e0 travers mes articles.\",\"sameAs\":[\"https:\/\/vieassociative.be\/\"]}]}<\/script>\n<!-- \/ Yoast SEO plugin. -->","yoast_head_json":{"title":"La s\u00e9rie Apple Watch 7 est de 250 $ en ce moment | Vie Associative","robots":{"index":"index","follow":"follow","max-snippet":"max-snippet:-1","max-image-preview":"max-image-preview:large","max-video-preview":"max-video-preview:-1"},"canonical":"https:\/\/vieassociative.be\/actualites\/la-serie-apple-watch-7-est-de-250-en-ce-moment\/","og_locale":"fr_FR","og_type":"article","og_title":"La s\u00e9rie Apple Watch 7 est de 250 $ en ce moment | Vie Associative","og_description":"Une montre intelligente premium \u00e0 une fraction de son prix d&rsquo;origine, avec l&rsquo;avantage suppl\u00e9mentaire de la connectivit\u00e9 cellulaire. Si vous aimez l&rsquo;id\u00e9e de faire des","og_url":"https:\/\/vieassociative.be\/actualites\/la-serie-apple-watch-7-est-de-250-en-ce-moment\/","og_site_name":"Vie Associative","article_published_time":"2025-02-18T19:30:14+00:00","og_image":[{"width":279,"height":92,"url":"https:\/\/vieassociative.be\/actualites\/wp-content\/uploads\/2024\/09\/header_backgroundk-01-e1726694325946.png","type":"image\/png"}],"author":"Julien","twitter_card":"summary_large_image","twitter_misc":{"\u00c9crit par":"Julien","Dur\u00e9e de lecture est.":"3 minutes"},"schema":{"@context":"https:\/\/schema.org","@graph":[{"@type":"Article","@id":"https:\/\/vieassociative.be\/actualites\/la-serie-apple-watch-7-est-de-250-en-ce-moment\/#article","isPartOf":{"@id":"https:\/\/vieassociative.be\/actualites\/la-serie-apple-watch-7-est-de-250-en-ce-moment\/"},"author":{"name":"Julien","@id":"https:\/\/vieassociative.be\/actualites\/#\/schema\/person\/b87ac4f82f9d4e7b7cec7395b679edc4"},"headline":"La s\u00e9rie Apple Watch 7 est de 250 $ en ce moment","datePublished":"2025-02-18T19:30:14+00:00","dateModified":"2025-02-18T19:30:14+00:00","mainEntityOfPage":{"@id":"https:\/\/vieassociative.be\/actualites\/la-serie-apple-watch-7-est-de-250-en-ce-moment\/"},"wordCount":580,"publisher":{"@id":"https:\/\/vieassociative.be\/actualites\/#organization"},"image":{"@id":"https:\/\/vieassociative.be\/actualites\/la-serie-apple-watch-7-est-de-250-en-ce-moment\/#primaryimage"},"thumbnailUrl":"https:\/\/vieassociative.be\/actualites\/wp-content\/uploads\/2025\/02\/La-serie-Apple-Watch-7-est-de-250-en.png","keywords":["Apple","est","moment","s\u00e9rie","Watch"],"articleSection":["Technologie"],"inLanguage":"fr-BE"},{"@type":"WebPage","@id":"https:\/\/vieassociative.be\/actualites\/la-serie-apple-watch-7-est-de-250-en-ce-moment\/","url":"https:\/\/vieassociative.be\/actualites\/la-serie-apple-watch-7-est-de-250-en-ce-moment\/","name":"La s\u00e9rie Apple Watch 7 est de 250 $ en ce moment | Vie Associative","isPartOf":{"@id":"https:\/\/vieassociative.be\/actualites\/#website"},"primaryImageOfPage":{"@id":"https:\/\/vieassociative.be\/actualites\/la-serie-apple-watch-7-est-de-250-en-ce-moment\/#primaryimage"},"image":{"@id":"https:\/\/vieassociative.be\/actualites\/la-serie-apple-watch-7-est-de-250-en-ce-moment\/#primaryimage"},"thumbnailUrl":"https:\/\/vieassociative.be\/actualites\/wp-content\/uploads\/2025\/02\/La-serie-Apple-Watch-7-est-de-250-en.png","datePublished":"2025-02-18T19:30:14+00:00","dateModified":"2025-02-18T19:30:14+00:00","breadcrumb":{"@id":"https:\/\/vieassociative.be\/actualites\/la-serie-apple-watch-7-est-de-250-en-ce-moment\/#breadcrumb"},"inLanguage":"fr-BE","potentialAction":[{"@type":"ReadAction","target":["https:\/\/vieassociative.be\/actualites\/la-serie-apple-watch-7-est-de-250-en-ce-moment\/"]}]},{"@type":"ImageObject","inLanguage":"fr-BE","@id":"https:\/\/vieassociative.be\/actualites\/la-serie-apple-watch-7-est-de-250-en-ce-moment\/#primaryimage","url":"https:\/\/vieassociative.be\/actualites\/wp-content\/uploads\/2025\/02\/La-serie-Apple-Watch-7-est-de-250-en.png","contentUrl":"https:\/\/vieassociative.be\/actualites\/wp-content\/uploads\/2025\/02\/La-serie-Apple-Watch-7-est-de-250-en.png","width":1200,"height":675,"caption":"La s\u00e9rie Apple Watch 7 est de 250 $ en ce moment"},{"@type":"BreadcrumbList","@id":"https:\/\/vieassociative.be\/actualites\/la-serie-apple-watch-7-est-de-250-en-ce-moment\/#breadcrumb","itemListElement":[{"@type":"ListItem","position":1,"name":"Accueil","item":"https:\/\/vieassociative.be\/actualites\/"},{"@type":"ListItem","position":2,"name":"La s\u00e9rie Apple Watch 7 est de 250 $ en ce moment"}]},{"@type":"WebSite","@id":"https:\/\/vieassociative.be\/actualites\/#website","url":"https:\/\/vieassociative.be\/actualites\/","name":"Vie Associative","description":"","publisher":{"@id":"https:\/\/vieassociative.be\/actualites\/#organization"},"potentialAction":[{"@type":"SearchAction","target":{"@type":"EntryPoint","urlTemplate":"https:\/\/vieassociative.be\/actualites\/?s={search_term_string}"},"query-input":{"@type":"PropertyValueSpecification","valueRequired":true,"valueName":"search_term_string"}}],"inLanguage":"fr-BE"},{"@type":"Organization","@id":"https:\/\/vieassociative.be\/actualites\/#organization","name":"Vie Associative","url":"https:\/\/vieassociative.be\/actualites\/","logo":{"@type":"ImageObject","inLanguage":"fr-BE","@id":"https:\/\/vieassociative.be\/actualites\/#\/schema\/logo\/image\/","url":"https:\/\/vieassociative.be\/actualites\/wp-content\/uploads\/2024\/09\/cropped-vieassociative_favicon.ico.png","contentUrl":"https:\/\/vieassociative.be\/actualites\/wp-content\/uploads\/2024\/09\/cropped-vieassociative_favicon.ico.png","width":512,"height":512,"caption":"Vie Associative"},"image":{"@id":"https:\/\/vieassociative.be\/actualites\/#\/schema\/logo\/image\/"}},{"@type":"Person","@id":"https:\/\/vieassociative.be\/actualites\/#\/schema\/person\/b87ac4f82f9d4e7b7cec7395b679edc4","name":"Julien","image":{"@type":"ImageObject","inLanguage":"fr-BE","@id":"https:\/\/vieassociative.be\/actualites\/#\/schema\/person\/image\/","url":"https:\/\/vieassociative.be\/actualites\/wp-content\/uploads\/2024\/09\/vie-associative-1-150x150.jpg","contentUrl":"https:\/\/vieassociative.be\/actualites\/wp-content\/uploads\/2024\/09\/vie-associative-1-150x150.jpg","caption":"Julien"},"description":"Je suis Julien, r\u00e9dacteur pour Vie Associative. Passionn\u00e9 par le monde associatif depuis plus de 10 ans, j'ai \u00e0 c\u0153ur de partager des histoires inspirantes et de mettre en lumi\u00e8re les initiatives locales. Mon objectif est de sensibiliser et d'encourager l'engagement communautaire \u00e0 travers mes articles.","sameAs":["https:\/\/vieassociative.be\/"]}]}},"_links":{"self":[{"href":"https:\/\/vieassociative.be\/actualites\/wp-json\/wp\/v2\/posts\/5215"}],"collection":[{"href":"https:\/\/vieassociative.be\/actualites\/wp-json\/wp\/v2\/posts"}],"about":[{"href":"https:\/\/vieassociative.be\/actualites\/wp-json\/wp\/v2\/types\/post"}],"author":[{"embeddable":true,"href":"https:\/\/vieassociative.be\/actualites\/wp-json\/wp\/v2\/users\/1"}],"replies":[{"embeddable":true,"href":"https:\/\/vieassociative.be\/actualites\/wp-json\/wp\/v2\/comments?post=5215"}],"version-history":[{"count":0,"href":"https:\/\/vieassociative.be\/actualites\/wp-json\/wp\/v2\/posts\/5215\/revisions"}],"wp:featuredmedia":[{"embeddable":true,"href":"https:\/\/vieassociative.be\/actualites\/wp-json\/wp\/v2\/media\/5216"}],"wp:attachment":[{"href":"https:\/\/vieassociative.be\/actualites\/wp-json\/wp\/v2\/media?parent=5215"}],"wp:term":[{"taxonomy":"category","embeddable":true,"href":"https:\/\/vieassociative.be\/actualites\/wp-json\/wp\/v2\/categories?post=5215"},{"taxonomy":"post_tag","embeddable":true,"href":"https:\/\/vieassociative.be\/actualites\/wp-json\/wp\/v2\/tags?post=5215"}],"curies":[{"name":"wp","href":"https:\/\/api.w.org\/{rel}","templated":true}]}}