{"id":5210,"date":"2025-02-18T15:17:45","date_gmt":"2025-02-18T14:17:45","guid":{"rendered":"https:\/\/vieassociative.be\/actualites\/ukraine-apres-trois-ans-de-guerre-des-dizaines-de-milliers-de-paysages-morts-et-devastes-questions-et-reponses\/"},"modified":"2025-02-18T15:17:45","modified_gmt":"2025-02-18T14:17:45","slug":"ukraine-apres-trois-ans-de-guerre-des-dizaines-de-milliers-de-paysages-morts-et-devastes-questions-et-reponses","status":"publish","type":"post","link":"https:\/\/vieassociative.be\/actualites\/ukraine-apres-trois-ans-de-guerre-des-dizaines-de-milliers-de-paysages-morts-et-devastes-questions-et-reponses\/","title":{"rendered":"Ukraine apr\u00e8s trois ans de guerre: des dizaines de milliers de paysages morts et d\u00e9vast\u00e9s (questions et r\u00e9ponses)"},"content":{"rendered":"<p><strong>Trois ans apr\u00e8s le d\u00e9but de la guerre d&rsquo;attaque russe, la situation de l&rsquo;Ukraine est plus difficile que jamais. Le 24 f\u00e9vrier, le d\u00e9but de l&rsquo;invasion de l&rsquo;invasion pour la troisi\u00e8me fois.<\/strong><\/p>\n<p><span id=\"more-408494\"><\/span>En 2022, le chef de l&rsquo;\u00c9tat de la Russie, Vladimir Poutine, a donn\u00e9 \u00e0 ses troupes l&rsquo;ordre de marcher dans le pays voisin le jour de l&rsquo;aube. Depuis lors, le deuxi\u00e8me plus grand pays d&rsquo;Europe a \u00e9t\u00e9 menac\u00e9 dans son existence. L&rsquo;architecture de s\u00e9curit\u00e9 du continent a commenc\u00e9 \u00e0 glisser.<\/p>\n<p>Les \u00c9tats-Unis ont jusqu&rsquo;\u00e0 pr\u00e9sent \u00e9t\u00e9 les plus grands partisans de l&rsquo;Ukraine. Mais sous le nouveau pr\u00e9sident Donald Trump, ils recherchent un \u00e9quilibre pour la Russie et veulent une fin rapide aux combats. Les jours des pays europ\u00e9ens en mode crise: comment devraient-ils aider l&rsquo;Ukraine et r\u00e9agir \u00e0 la protection en d\u00e9clin de l&rsquo;Am\u00e9rique? Questions et r\u00e9ponses sur un anniversaire amer:<\/p>\n<p><strong>&#8211; Combien de personnes ont \u00e9t\u00e9 tu\u00e9es en trois ans?<\/strong><\/p>\n<div id=\"attachment_408505\" class=\"wp-caption alignleft\" style=\"max-width: 300px\"><img fetchpriority=\"high\" decoding=\"async\" class=\"wp-image-408505 size-medium\" src=\"https:\/\/vieassociative.be\/actualites\/wp-content\/uploads\/2025\/02\/Ukraine-apres-trois-ans-de-guerre-des-dizaines-de-milliers.jpg\" alt=\"\" width=\"300\" height=\"225\"><\/p>\n<p class=\"wp-caption-text\">01.02.2025, Ukraine, Poltawa: Sur cette photo mise \u00e0 disposition par une protection ukrainienne en cas de catastrophe, les pompiers d\u00e9gagent les d\u00e9combres d&rsquo;une maison d\u00e9truite apr\u00e8s une attaque de fus\u00e9e russe \u00e0 Poltawa et recherchent des victimes. Photo: Service d&rsquo;urgence non cr\u00e9dit\u00e9 \/ ukrainien \/ AP \/ DPA<\/p>\n<\/div>\n<p>Il n&rsquo;y a pas de chiffres exacts, mais le nombre de d\u00e9c\u00e8s va dans des dizaines de milliers et peut-\u00eatre m\u00eame des centaines de milliers. Le pr\u00e9sident ukrainien Wolodymyr Selenskyj a r\u00e9cemment parl\u00e9 de plus de 46 000 soldats tu\u00e9s. Cependant, le projet Internet, UA Losts, a compt\u00e9 au moins 65 500 noms de soldats ukrainiens morts bas\u00e9s sur des sources publiques et des donn\u00e9es en ligne. Des dizaines de milliers de personnes sont manquantes.<\/p>\n<p>Selon l&rsquo;ONU, le d\u00e9c\u00e8s de 12 600 civils ukrainiens a \u00e9t\u00e9 confirm\u00e9 fin janvier. 29 200 ont \u00e9t\u00e9 bless\u00e9s. Mais il y a aussi des dizaines de milliers de personnes disparues l\u00e0-bas, y compris les victimes de l&rsquo;incendie russe dans la ville portuaire de Mariupol au d\u00e9but de la guerre.<\/p>\n<p>Du c\u00f4t\u00e9 russe, les recherches sur Internet ont compt\u00e9 au moins 93 600 d\u00e9c\u00e8s parmi les soldats russes. Le service russe de la BBC a appel\u00e9 une bande passante entre 159 500 et 223 500 soldats morts. La direction russe ne donne officiellement aucun chiffre. Selon les m\u00e9dias, plusieurs centaines de civils ont jusqu&rsquo;\u00e0 pr\u00e9sent \u00e9t\u00e9 tu\u00e9s dans les zones frontali\u00e8res de la Russie.<\/p>\n<p><strong>&#8211; Quelle est la situation militaire en ce moment?<\/strong><\/p>\n<p>L&rsquo;arm\u00e9e ukrainienne est \u00e0 son retrait depuis l&rsquo;automne 2023. Il est sous pression, en particulier \u00e0 l&rsquo;est dans la r\u00e9gion de Donetsk. 400 autres kilom\u00e8tres carr\u00e9s y ont \u00e9t\u00e9 perdus depuis 2025. Pr\u00e8s d&rsquo;un cinqui\u00e8me de l&rsquo;Ukraine est contr\u00f4l\u00e9 russe. Les troupes ukrainiennes se trouvent dans la r\u00e9gion russe de Kursk depuis ao\u00fbt 2024. Mais cette t\u00eate de pont se r\u00e9tr\u00e9cit \u00e9galement.<\/p>\n<p>La sup\u00e9riorit\u00e9 de l&rsquo;adversaire des soldats et de la technologie ainsi que les bombes coulissantes utilis\u00e9es par l&rsquo;arm\u00e9e de l&rsquo;air russe font de l&rsquo;Ukrainien. Les drapeaux volants et la mobilisation lente continuent d&rsquo;\u00e9claircir les rang\u00e9es des troupes ukrainiennes. L&rsquo;Ukraine a r\u00e9ussi \u00e0 am\u00e9liorer ses drones de combat et \u00e0 attaquer ainsi les usines industrielles dans la zone arri\u00e8re russe. Les navires de guerre russes n&rsquo;ose gu\u00e8re attaquer la mer Noire de la mer.<\/p>\n<p><strong>&#8211; Comment l\u2019Ukraine vit-il sous les trois ann\u00e9es de guerre?<\/strong><\/p>\n<div id=\"attachment_408506\" class=\"wp-caption alignleft\" style=\"max-width: 300px\"><img decoding=\"async\" class=\"wp-image-408506 size-medium\" src=\"https:\/\/vieassociative.be\/actualites\/wp-content\/uploads\/2025\/02\/1739888265_139_Ukraine-apres-trois-ans-de-guerre-des-dizaines-de-milliers.jpg\" alt=\"\" width=\"300\" height=\"225\"><\/p>\n<p class=\"wp-caption-text\">15.02.2025, Bavi\u00e8re, Munich: Wolodymyr Selenskyj, pr\u00e9sident de l&rsquo;Ukraine, s&rsquo;exprime lors d&rsquo;une conf\u00e9rence de presse lors de la 61e Conf\u00e9rence de s\u00e9curit\u00e9 de Munich (MSC). Photo: Michael Fischer \/ DPA<\/p>\n<\/div>\n<p>Trois ans de guerre ont laiss\u00e9 des traces profondes dans la soci\u00e9t\u00e9 ukrainienne. Dans l&rsquo;est et le sud, de nombreuses villes sont fortement d\u00e9vast\u00e9es par les attaques russes. L&rsquo;aide \u00e9trang\u00e8re et les pr\u00eats de plus de 39 milliards d&rsquo;euros coulent toujours chaque ann\u00e9e, jusqu&rsquo;\u00e0 pr\u00e9sent, ils ont emp\u00each\u00e9 l&rsquo;effondrement. Les pensions et les salaires sont pay\u00e9s \u00e0 temps. L&rsquo;arm\u00e9e est financ\u00e9e stable. L&rsquo;agriculture continue de fonctionner malgr\u00e9 tous les probl\u00e8mes. Mais en 2024, l&rsquo;inflation a augment\u00e9 de mani\u00e8re inattendue de cinq \u00e0 douze pour cent.<\/p>\n<p>Loin de l&rsquo;avant, les probl\u00e8mes ne peuvent pas \u00eatre vus \u00e0 premi\u00e8re vue. Les magasins sont pleins, les restaurants sont ouverts, les stations-service fonctionnent, le trafic est serr\u00e9. Presque chaque nuit est une alarme a\u00e9rienne. Mais les magasins, les caf\u00e9s et les bars avec des g\u00e9n\u00e9rateurs se sont pr\u00e9par\u00e9s contre les pannes de pouvoir apr\u00e8s les attaques russes. Pour les grandes entreprises, cependant, l&rsquo;achat d&rsquo;\u00e9lectricit\u00e9 est un probl\u00e8me et entra\u00eene des \u00e9checs de production.<\/p>\n<p>Des enqu\u00eates montrent \u00e9galement apr\u00e8s trois ans d&rsquo;invasion russe que plus de la moiti\u00e9 des Ukrainiens sont toujours \u00e0 l&rsquo;origine du pr\u00e9sident Selenskyj. Il existe \u00e9galement une majorit\u00e9 contre les d\u00e9tections r\u00e9gionales et autres concessions envers la Russie. Cependant, la proportion de ceux qui veulent la fin de la guerre contre les n\u00e9gociations et les compromis augmentent.<\/p>\n<p><strong>&#8211; Comment l&rsquo;Ukraine veut-elle atteindre la fin de la guerre?<\/strong><\/p>\n<p>Officiellement, l&rsquo;Ukraine ne se passera gu\u00e8re ses zones occup\u00e9es par la Russie. Les exigences que les Russes prennent leur retraite derri\u00e8re la fronti\u00e8re sont pratiquement silencieuses. Selenskyj parle moins de la victoire qu&rsquo;une juste paix. La question cruciale est de savoir comment l&rsquo;Ukraine peut \u00eatre prot\u00e9g\u00e9e apr\u00e8s la fin des combats.<\/p>\n<p>\u00ab\u00a0La premi\u00e8re priorit\u00e9 est les garanties de s\u00e9curit\u00e9 &#8211; non seulement par des mots, mais dans la force \u00e9conomique et militaire r\u00e9elle\u00a0\u00bb, a d\u00e9clar\u00e9 Selenskyj. \u00ab\u00a0L&rsquo;Ukraine ne peut pas vivre sous la menace d&rsquo;une nouvelle attaque\u00a0\u00bb.<\/p>\n<p><strong>&#8211; Et d&rsquo;autre part: comment la guerre a-t-elle chang\u00e9 la Russie?<\/strong><\/p>\n<div id=\"attachment_408509\" class=\"wp-caption alignleft\" style=\"max-width: 300px\"><img decoding=\"async\" class=\"wp-image-408509 size-medium\" src=\"https:\/\/vieassociative.be\/actualites\/wp-content\/uploads\/2025\/02\/1739888265_975_Ukraine-apres-trois-ans-de-guerre-des-dizaines-de-milliers.jpg\" alt=\"\" width=\"300\" height=\"200\"><\/p>\n<p class=\"wp-caption-text\">27\/11\/2024, Kazakhstan, Astana: le porte-parole du Kremlin, Dmitri Peskow, \u00e0 gauche, \u00e9coute le pr\u00e9sident russe Vladimir Poutine avant de signer un contrat dans la r\u00e9sidence pr\u00e9sidentielle Akorda. Photo: Ramil Sitdikov \/ Pool Spoutnik Kremlin \/ AP \/ DPA<\/p>\n<\/div>\n<p>Il n&rsquo;y a pas grand-chose \u00e0 voir de la guerre \u00e0 Moscou &#8211; m\u00eame le nombre d&rsquo;affiches qui appellent avec des bonus \u00e9lev\u00e9s pour une utilisation frontale a de nouveau diminu\u00e9. Les soldats courent au mieux dans les gares. \u00c0 l&rsquo;\u00e9chelle nationale, la militarisation de la Russie a consid\u00e9rablement progress\u00e9. La Russie est donc compl\u00e8tement pass\u00e9e \u00e0 l&rsquo;\u00e9conomie de guerre. Selon les m\u00e9dias, les dirigeants russes d\u00e9pensent l&rsquo;\u00e9quivalent d&rsquo;environ 135 milliards d&rsquo;euros pour l&rsquo;arm\u00e9e et la s\u00e9curit\u00e9 cette ann\u00e9e. Cela correspond \u00e0 environ 40% des d\u00e9penses budg\u00e9taires.<\/p>\n<p>Le secteur des armements est le moteur de la croissance de l&rsquo;\u00e9conomie russe. Les hauts soldats des soldats avant et la compensation des inqui\u00e9tudes survivantes de la province pour une modeste reprise.<\/p>\n<p>Dans le m\u00eame temps, la rh\u00e9torique de guerre g\u00e8re la soci\u00e9t\u00e9 et la politique. Les d\u00e9clarations critiques sur l&rsquo;invasion de Poutine et les atrocit\u00e9s des soldats russes sont interdites. Diff\u00e9rentes personnes sont assises en prison, en silence ou sont en exil. Une mentalit\u00e9 de forteresse s&rsquo;est propag\u00e9e en raison de la propagande incessante dans des couches larges. Au d\u00e9but, le choc de l&rsquo;attaque contre le pays voisin a \u00e9t\u00e9 ressenti avec de nombreux Russes simples. Maintenant, une grande partie s&rsquo;est termin\u00e9e et se voit dans un conflit avec l&rsquo;Occident.<\/p>\n<p><strong>&#8211; Moscou est-il pr\u00eat \u00e0 mettre fin \u00e0 la guerre?<\/strong><\/p>\n<p>Poutine est content que Trump veuille lui parler \u00e0 nouveau. Il a soulign\u00e9 \u00e0 plusieurs reprises sa volont\u00e9 fondamentale de n\u00e9gocier. Mais parce qu&rsquo;il se voit militairement sur la route gagnante, cela reste avec des demandes maximales. Ils constituent une soumission politique du pays voisin.<\/p>\n<p>La Russie inchangeable la p\u00e9ninsule de la Crim\u00e9e et les r\u00e9gions ukrainiennes de Luhansk, Donetsk, Saporischschja et Cherson comme territoire. Cela signifierait que l&rsquo;Ukraine devrait \u00e9galement \u00e9liminer les grandes villes de Saporischschja et Cherson qu&rsquo;elle a d\u00e9fendu jusqu&rsquo;\u00e0 pr\u00e9sent.<\/p>\n<div id=\"attachment_367348\" class=\"wp-caption alignleft\" style=\"max-width: 300px\"><img loading=\"lazy\" decoding=\"async\" class=\"wp-image-367348 size-medium\" src=\"https:\/\/vieassociative.be\/actualites\/wp-content\/uploads\/2025\/02\/1739888265_968_Ukraine-apres-trois-ans-de-guerre-des-dizaines-de-milliers.jpg\" alt=\"\" width=\"300\" height=\"200\"  ><\/p>\n<p class=\"wp-caption-text\">08.03.2022, France, Strasbourg: les drapeaux europ\u00e9ens et ukrainiens soufflent devant le Parlement europ\u00e9en. Photo: pixabay<\/p>\n<\/div>\n<p>Une Ukraine restante, comme toujours, devrait \u00eatre sous l&rsquo;influence de Moscou. La Russie rejette donc l&rsquo;adh\u00e9sion \u00e0 l&rsquo;OTAN \u00e0 l&rsquo;Ukraine. Il n\u00e9cessite un d\u00e9sarmement \u00e9tendu de l&rsquo;Ukraine et un mot \u00e0 dire dans la politique linguistique pour la minorit\u00e9 russe du pays.<\/p>\n<p><strong>&#8211; (Non) Vue d&rsquo;une fin?<\/strong><\/p>\n<p>L&rsquo;extension entre la nouvelle administration am\u00e9ricaine et le Kremlin prend rapidement forme: Trump et Poutine ont appel\u00e9, les ministres des Affaires \u00e9trang\u00e8res se rencontrent en Arabie saoudite, un sommet est dans la salle. L&rsquo;Ukraine menace le risque que les grandes puissances nucl\u00e9aires respectent les rendez-vous sur le dos. Parce que les \u00c9tats-Unis ont d\u00e9clar\u00e9 l&rsquo;adh\u00e9sion \u00e0 Kiev OTAN et la reconqu\u00eate des zones perdues irr\u00e9aliste.<\/p>\n<p>Les \u00c9tats europ\u00e9ens ont les annonces du peuple de Trump lors de la Conf\u00e9rence de s\u00e9curit\u00e9 de Munich dans les os. L&rsquo;Europe ne devrait pas avoir son mot \u00e0 dire en Ukraine, mais le fardeau de l&rsquo;\u00e9paule du maintien de la paix. Et votre propre protection sous les \u00c9tats-Unis aux \u00c9tats-Unis sur Moscou qui oscille.<\/p>\n<p>Ainsi, les grands pays de l&rsquo;UE de Paris se sont pr\u00e9cipit\u00e9s sur la situation mena\u00e7ante. Une d\u00e9fense de l&rsquo;Ukraine serait co\u00fbteuse. Mais il est \u00e9galement clair pour les Europ\u00e9ens qu&rsquo;une paix forc\u00e9e avec une Ukraine \u00e0 peine viable pourrait \u00e0 nouveau fuir des millions de personnes. (DPA)<\/p>\n<p><em><strong>Sur le sujet, voir \u00e9galement l&rsquo;article suivant sur OD:<\/strong><\/em><\/p>\n<div class=\"responsive-embed widescreen\">\n<blockquote class=\"wp-embedded-content\" data-secret=\"Hu4svKy1Ky\">\n<p>Le sommet de la crise commence apr\u00e8s le d\u00e9bat sur l&rsquo;envoi d&rsquo;une force de paix europ\u00e9enne pour l&rsquo;Ukraine<\/p>\n<\/blockquote>\n<p><iframe loading=\"lazy\" class=\"wp-embedded-content\" sandbox=\"allow-scripts\" security=\"restricted\" style=\"position: absolute; visibility: hidden;\" title=\"\u201eKrisengipfel startet nach Debatte um die Entsendung einer europ\u00e4ischen Friedenstruppe f\u00fcr die Ukraine\u201c \u2014 Ostbelgien Direkt\" src=\"https:\/\/ostbelgiendirekt.be\/about:blank\" data-secret=\"Hu4svKy1Ky\" width=\"500\" height=\"282\" frameborder=\"0\" marginwidth=\"0\" marginheight=\"0\" scrolling=\"no\" data-rocket-lazyload=\"fitvidscompatible\" data-lazy-src=\"https:\/\/ostbelgiendirekt.be\/krisengipfel-in-paris-408425\/embed#?secret=G4cF0hfV6S#?secret=Hu4svKy1Ky\"><\/iframe><noscript><iframe class=\"wp-embedded-content\" sandbox=\"allow-scripts\" security=\"restricted\" style=\"position: absolute; visibility: hidden;\" title=\"\u201eKrisengipfel startet nach Debatte um die Entsendung einer europ\u00e4ischen Friedenstruppe f\u00fcr die Ukraine\u201c \u2014 Ostbelgien Direkt\" src=\"https:\/\/ostbelgiendirekt.be\/krisengipfel-in-paris-408425\/embed#?secret=G4cF0hfV6S#?secret=Hu4svKy1Ky\" data-secret=\"Hu4svKy1Ky\" width=\"500\" height=\"282\" frameborder=\"0\" marginwidth=\"0\" marginheight=\"0\" scrolling=\"no\"><\/iframe><\/noscript><\/p>\n<\/div>\n","protected":false},"excerpt":{"rendered":"<p>Trois ans apr\u00e8s le d\u00e9but de la guerre d&rsquo;attaque russe, la situation de l&rsquo;Ukraine est plus difficile que jamais. Le 24 f\u00e9vrier, le d\u00e9but de<\/p>\n","protected":false},"author":1,"featured_media":5211,"comment_status":"","ping_status":"","sticky":false,"template":"","format":"standard","meta":{"footnotes":""},"categories":[298],"tags":[584,472,29,5391,5328,2637,4638,439,4648,481,1882,771,3071],"class_list":["post-5210","post","type-post","status-publish","format-standard","has-post-thumbnail","hentry","category-belgique","tag-ans","tag-apres","tag-des","tag-devastes","tag-dizaines","tag-guerre","tag-milliers","tag-morts","tag-paysages","tag-questions","tag-reponses","tag-trois","tag-ukraine","generate-columns","tablet-grid-50","mobile-grid-100","grid-parent","grid-33"],"yoast_head":"<!-- This site is optimized with the Yoast SEO plugin v24.0 - https:\/\/yoast.com\/wordpress\/plugins\/seo\/ -->\n<title>Ukraine apr\u00e8s trois ans de guerre: des dizaines de milliers de paysages morts et d\u00e9vast\u00e9s (questions et r\u00e9ponses) | Vie Associative<\/title>\n<meta name=\"robots\" content=\"index, follow, max-snippet:-1, max-image-preview:large, max-video-preview:-1\" \/>\n<link rel=\"canonical\" href=\"https:\/\/vieassociative.be\/actualites\/ukraine-apres-trois-ans-de-guerre-des-dizaines-de-milliers-de-paysages-morts-et-devastes-questions-et-reponses\/\" \/>\n<meta property=\"og:locale\" content=\"fr_FR\" \/>\n<meta property=\"og:type\" content=\"article\" \/>\n<meta property=\"og:title\" content=\"Ukraine apr\u00e8s trois ans de guerre: des dizaines de milliers de paysages morts et d\u00e9vast\u00e9s (questions et r\u00e9ponses) | Vie Associative\" \/>\n<meta property=\"og:description\" content=\"Trois ans apr\u00e8s le d\u00e9but de la guerre d&rsquo;attaque russe, la situation de l&rsquo;Ukraine est plus difficile que jamais. Le 24 f\u00e9vrier, le d\u00e9but de\" \/>\n<meta property=\"og:url\" content=\"https:\/\/vieassociative.be\/actualites\/ukraine-apres-trois-ans-de-guerre-des-dizaines-de-milliers-de-paysages-morts-et-devastes-questions-et-reponses\/\" \/>\n<meta property=\"og:site_name\" content=\"Vie Associative\" \/>\n<meta property=\"article:published_time\" content=\"2025-02-18T14:17:45+00:00\" \/>\n<meta property=\"og:image\" content=\"https:\/\/vieassociative.be\/actualites\/wp-content\/uploads\/2024\/09\/header_backgroundk-01-e1726694325946.png\" \/>\n\t<meta property=\"og:image:width\" content=\"279\" \/>\n\t<meta property=\"og:image:height\" content=\"92\" \/>\n\t<meta property=\"og:image:type\" content=\"image\/png\" \/>\n<meta name=\"author\" content=\"Julien\" \/>\n<meta name=\"twitter:card\" content=\"summary_large_image\" \/>\n<meta name=\"twitter:label1\" content=\"\u00c9crit par\" \/>\n\t<meta name=\"twitter:data1\" content=\"Julien\" \/>\n\t<meta name=\"twitter:label2\" content=\"Dur\u00e9e de lecture est.\" \/>\n\t<meta name=\"twitter:data2\" content=\"8 minutes\" \/>\n<script type=\"application\/ld+json\" class=\"yoast-schema-graph\">{\"@context\":\"https:\/\/schema.org\",\"@graph\":[{\"@type\":\"Article\",\"@id\":\"https:\/\/vieassociative.be\/actualites\/ukraine-apres-trois-ans-de-guerre-des-dizaines-de-milliers-de-paysages-morts-et-devastes-questions-et-reponses\/#article\",\"isPartOf\":{\"@id\":\"https:\/\/vieassociative.be\/actualites\/ukraine-apres-trois-ans-de-guerre-des-dizaines-de-milliers-de-paysages-morts-et-devastes-questions-et-reponses\/\"},\"author\":{\"name\":\"Julien\",\"@id\":\"https:\/\/vieassociative.be\/actualites\/#\/schema\/person\/b87ac4f82f9d4e7b7cec7395b679edc4\"},\"headline\":\"Ukraine apr\u00e8s trois ans de guerre: des dizaines de milliers de paysages morts et d\u00e9vast\u00e9s (questions et r\u00e9ponses)\",\"datePublished\":\"2025-02-18T14:17:45+00:00\",\"dateModified\":\"2025-02-18T14:17:45+00:00\",\"mainEntityOfPage\":{\"@id\":\"https:\/\/vieassociative.be\/actualites\/ukraine-apres-trois-ans-de-guerre-des-dizaines-de-milliers-de-paysages-morts-et-devastes-questions-et-reponses\/\"},\"wordCount\":1704,\"publisher\":{\"@id\":\"https:\/\/vieassociative.be\/actualites\/#organization\"},\"image\":{\"@id\":\"https:\/\/vieassociative.be\/actualites\/ukraine-apres-trois-ans-de-guerre-des-dizaines-de-milliers-de-paysages-morts-et-devastes-questions-et-reponses\/#primaryimage\"},\"thumbnailUrl\":\"https:\/\/vieassociative.be\/actualites\/wp-content\/uploads\/2025\/02\/1739888266_Ukraine-apres-trois-ans-de-guerre-des-dizaines-de-milliers.jpg\",\"keywords\":[\"ans\",\"Apr\u00e8s\",\"Des\",\"d\u00e9vast\u00e9s\",\"dizaines\",\"guerre\",\"milliers\",\"morts\",\"paysages\",\"questions\",\"r\u00e9ponses\",\"trois\",\"Ukraine\"],\"articleSection\":[\"Belgique\"],\"inLanguage\":\"fr-BE\"},{\"@type\":\"WebPage\",\"@id\":\"https:\/\/vieassociative.be\/actualites\/ukraine-apres-trois-ans-de-guerre-des-dizaines-de-milliers-de-paysages-morts-et-devastes-questions-et-reponses\/\",\"url\":\"https:\/\/vieassociative.be\/actualites\/ukraine-apres-trois-ans-de-guerre-des-dizaines-de-milliers-de-paysages-morts-et-devastes-questions-et-reponses\/\",\"name\":\"Ukraine apr\u00e8s trois ans de guerre: des dizaines de milliers de paysages morts et d\u00e9vast\u00e9s (questions et r\u00e9ponses) | Vie Associative\",\"isPartOf\":{\"@id\":\"https:\/\/vieassociative.be\/actualites\/#website\"},\"primaryImageOfPage\":{\"@id\":\"https:\/\/vieassociative.be\/actualites\/ukraine-apres-trois-ans-de-guerre-des-dizaines-de-milliers-de-paysages-morts-et-devastes-questions-et-reponses\/#primaryimage\"},\"image\":{\"@id\":\"https:\/\/vieassociative.be\/actualites\/ukraine-apres-trois-ans-de-guerre-des-dizaines-de-milliers-de-paysages-morts-et-devastes-questions-et-reponses\/#primaryimage\"},\"thumbnailUrl\":\"https:\/\/vieassociative.be\/actualites\/wp-content\/uploads\/2025\/02\/1739888266_Ukraine-apres-trois-ans-de-guerre-des-dizaines-de-milliers.jpg\",\"datePublished\":\"2025-02-18T14:17:45+00:00\",\"dateModified\":\"2025-02-18T14:17:45+00:00\",\"breadcrumb\":{\"@id\":\"https:\/\/vieassociative.be\/actualites\/ukraine-apres-trois-ans-de-guerre-des-dizaines-de-milliers-de-paysages-morts-et-devastes-questions-et-reponses\/#breadcrumb\"},\"inLanguage\":\"fr-BE\",\"potentialAction\":[{\"@type\":\"ReadAction\",\"target\":[\"https:\/\/vieassociative.be\/actualites\/ukraine-apres-trois-ans-de-guerre-des-dizaines-de-milliers-de-paysages-morts-et-devastes-questions-et-reponses\/\"]}]},{\"@type\":\"ImageObject\",\"inLanguage\":\"fr-BE\",\"@id\":\"https:\/\/vieassociative.be\/actualites\/ukraine-apres-trois-ans-de-guerre-des-dizaines-de-milliers-de-paysages-morts-et-devastes-questions-et-reponses\/#primaryimage\",\"url\":\"https:\/\/vieassociative.be\/actualites\/wp-content\/uploads\/2025\/02\/1739888266_Ukraine-apres-trois-ans-de-guerre-des-dizaines-de-milliers.jpg\",\"contentUrl\":\"https:\/\/vieassociative.be\/actualites\/wp-content\/uploads\/2025\/02\/1739888266_Ukraine-apres-trois-ans-de-guerre-des-dizaines-de-milliers.jpg\",\"width\":1200,\"height\":800,\"caption\":\"Ukraine apr\u00e8s trois ans de guerre: des dizaines de milliers de paysages morts et d\u00e9vast\u00e9s (questions et r\u00e9ponses)\"},{\"@type\":\"BreadcrumbList\",\"@id\":\"https:\/\/vieassociative.be\/actualites\/ukraine-apres-trois-ans-de-guerre-des-dizaines-de-milliers-de-paysages-morts-et-devastes-questions-et-reponses\/#breadcrumb\",\"itemListElement\":[{\"@type\":\"ListItem\",\"position\":1,\"name\":\"Accueil\",\"item\":\"https:\/\/vieassociative.be\/actualites\/\"},{\"@type\":\"ListItem\",\"position\":2,\"name\":\"Ukraine apr\u00e8s trois ans de guerre: des dizaines de milliers de paysages morts et d\u00e9vast\u00e9s (questions et r\u00e9ponses)\"}]},{\"@type\":\"WebSite\",\"@id\":\"https:\/\/vieassociative.be\/actualites\/#website\",\"url\":\"https:\/\/vieassociative.be\/actualites\/\",\"name\":\"Vie Associative\",\"description\":\"\",\"publisher\":{\"@id\":\"https:\/\/vieassociative.be\/actualites\/#organization\"},\"potentialAction\":[{\"@type\":\"SearchAction\",\"target\":{\"@type\":\"EntryPoint\",\"urlTemplate\":\"https:\/\/vieassociative.be\/actualites\/?s={search_term_string}\"},\"query-input\":{\"@type\":\"PropertyValueSpecification\",\"valueRequired\":true,\"valueName\":\"search_term_string\"}}],\"inLanguage\":\"fr-BE\"},{\"@type\":\"Organization\",\"@id\":\"https:\/\/vieassociative.be\/actualites\/#organization\",\"name\":\"Vie Associative\",\"url\":\"https:\/\/vieassociative.be\/actualites\/\",\"logo\":{\"@type\":\"ImageObject\",\"inLanguage\":\"fr-BE\",\"@id\":\"https:\/\/vieassociative.be\/actualites\/#\/schema\/logo\/image\/\",\"url\":\"https:\/\/vieassociative.be\/actualites\/wp-content\/uploads\/2024\/09\/cropped-vieassociative_favicon.ico.png\",\"contentUrl\":\"https:\/\/vieassociative.be\/actualites\/wp-content\/uploads\/2024\/09\/cropped-vieassociative_favicon.ico.png\",\"width\":512,\"height\":512,\"caption\":\"Vie Associative\"},\"image\":{\"@id\":\"https:\/\/vieassociative.be\/actualites\/#\/schema\/logo\/image\/\"}},{\"@type\":\"Person\",\"@id\":\"https:\/\/vieassociative.be\/actualites\/#\/schema\/person\/b87ac4f82f9d4e7b7cec7395b679edc4\",\"name\":\"Julien\",\"image\":{\"@type\":\"ImageObject\",\"inLanguage\":\"fr-BE\",\"@id\":\"https:\/\/vieassociative.be\/actualites\/#\/schema\/person\/image\/\",\"url\":\"https:\/\/vieassociative.be\/actualites\/wp-content\/uploads\/2024\/09\/vie-associative-1-150x150.jpg\",\"contentUrl\":\"https:\/\/vieassociative.be\/actualites\/wp-content\/uploads\/2024\/09\/vie-associative-1-150x150.jpg\",\"caption\":\"Julien\"},\"description\":\"Je suis Julien, r\u00e9dacteur pour Vie Associative. Passionn\u00e9 par le monde associatif depuis plus de 10 ans, j'ai \u00e0 c\u0153ur de partager des histoires inspirantes et de mettre en lumi\u00e8re les initiatives locales. Mon objectif est de sensibiliser et d'encourager l'engagement communautaire \u00e0 travers mes articles.\",\"sameAs\":[\"https:\/\/vieassociative.be\/\"]}]}<\/script>\n<!-- \/ Yoast SEO plugin. -->","yoast_head_json":{"title":"Ukraine apr\u00e8s trois ans de guerre: des dizaines de milliers de paysages morts et d\u00e9vast\u00e9s (questions et r\u00e9ponses) | Vie Associative","robots":{"index":"index","follow":"follow","max-snippet":"max-snippet:-1","max-image-preview":"max-image-preview:large","max-video-preview":"max-video-preview:-1"},"canonical":"https:\/\/vieassociative.be\/actualites\/ukraine-apres-trois-ans-de-guerre-des-dizaines-de-milliers-de-paysages-morts-et-devastes-questions-et-reponses\/","og_locale":"fr_FR","og_type":"article","og_title":"Ukraine apr\u00e8s trois ans de guerre: des dizaines de milliers de paysages morts et d\u00e9vast\u00e9s (questions et r\u00e9ponses) | Vie Associative","og_description":"Trois ans apr\u00e8s le d\u00e9but de la guerre d&rsquo;attaque russe, la situation de l&rsquo;Ukraine est plus difficile que jamais. Le 24 f\u00e9vrier, le d\u00e9but de","og_url":"https:\/\/vieassociative.be\/actualites\/ukraine-apres-trois-ans-de-guerre-des-dizaines-de-milliers-de-paysages-morts-et-devastes-questions-et-reponses\/","og_site_name":"Vie Associative","article_published_time":"2025-02-18T14:17:45+00:00","og_image":[{"width":279,"height":92,"url":"https:\/\/vieassociative.be\/actualites\/wp-content\/uploads\/2024\/09\/header_backgroundk-01-e1726694325946.png","type":"image\/png"}],"author":"Julien","twitter_card":"summary_large_image","twitter_misc":{"\u00c9crit par":"Julien","Dur\u00e9e de lecture est.":"8 minutes"},"schema":{"@context":"https:\/\/schema.org","@graph":[{"@type":"Article","@id":"https:\/\/vieassociative.be\/actualites\/ukraine-apres-trois-ans-de-guerre-des-dizaines-de-milliers-de-paysages-morts-et-devastes-questions-et-reponses\/#article","isPartOf":{"@id":"https:\/\/vieassociative.be\/actualites\/ukraine-apres-trois-ans-de-guerre-des-dizaines-de-milliers-de-paysages-morts-et-devastes-questions-et-reponses\/"},"author":{"name":"Julien","@id":"https:\/\/vieassociative.be\/actualites\/#\/schema\/person\/b87ac4f82f9d4e7b7cec7395b679edc4"},"headline":"Ukraine apr\u00e8s trois ans de guerre: des dizaines de milliers de paysages morts et d\u00e9vast\u00e9s (questions et r\u00e9ponses)","datePublished":"2025-02-18T14:17:45+00:00","dateModified":"2025-02-18T14:17:45+00:00","mainEntityOfPage":{"@id":"https:\/\/vieassociative.be\/actualites\/ukraine-apres-trois-ans-de-guerre-des-dizaines-de-milliers-de-paysages-morts-et-devastes-questions-et-reponses\/"},"wordCount":1704,"publisher":{"@id":"https:\/\/vieassociative.be\/actualites\/#organization"},"image":{"@id":"https:\/\/vieassociative.be\/actualites\/ukraine-apres-trois-ans-de-guerre-des-dizaines-de-milliers-de-paysages-morts-et-devastes-questions-et-reponses\/#primaryimage"},"thumbnailUrl":"https:\/\/vieassociative.be\/actualites\/wp-content\/uploads\/2025\/02\/1739888266_Ukraine-apres-trois-ans-de-guerre-des-dizaines-de-milliers.jpg","keywords":["ans","Apr\u00e8s","Des","d\u00e9vast\u00e9s","dizaines","guerre","milliers","morts","paysages","questions","r\u00e9ponses","trois","Ukraine"],"articleSection":["Belgique"],"inLanguage":"fr-BE"},{"@type":"WebPage","@id":"https:\/\/vieassociative.be\/actualites\/ukraine-apres-trois-ans-de-guerre-des-dizaines-de-milliers-de-paysages-morts-et-devastes-questions-et-reponses\/","url":"https:\/\/vieassociative.be\/actualites\/ukraine-apres-trois-ans-de-guerre-des-dizaines-de-milliers-de-paysages-morts-et-devastes-questions-et-reponses\/","name":"Ukraine apr\u00e8s trois ans de guerre: des dizaines de milliers de paysages morts et d\u00e9vast\u00e9s (questions et r\u00e9ponses) | Vie Associative","isPartOf":{"@id":"https:\/\/vieassociative.be\/actualites\/#website"},"primaryImageOfPage":{"@id":"https:\/\/vieassociative.be\/actualites\/ukraine-apres-trois-ans-de-guerre-des-dizaines-de-milliers-de-paysages-morts-et-devastes-questions-et-reponses\/#primaryimage"},"image":{"@id":"https:\/\/vieassociative.be\/actualites\/ukraine-apres-trois-ans-de-guerre-des-dizaines-de-milliers-de-paysages-morts-et-devastes-questions-et-reponses\/#primaryimage"},"thumbnailUrl":"https:\/\/vieassociative.be\/actualites\/wp-content\/uploads\/2025\/02\/1739888266_Ukraine-apres-trois-ans-de-guerre-des-dizaines-de-milliers.jpg","datePublished":"2025-02-18T14:17:45+00:00","dateModified":"2025-02-18T14:17:45+00:00","breadcrumb":{"@id":"https:\/\/vieassociative.be\/actualites\/ukraine-apres-trois-ans-de-guerre-des-dizaines-de-milliers-de-paysages-morts-et-devastes-questions-et-reponses\/#breadcrumb"},"inLanguage":"fr-BE","potentialAction":[{"@type":"ReadAction","target":["https:\/\/vieassociative.be\/actualites\/ukraine-apres-trois-ans-de-guerre-des-dizaines-de-milliers-de-paysages-morts-et-devastes-questions-et-reponses\/"]}]},{"@type":"ImageObject","inLanguage":"fr-BE","@id":"https:\/\/vieassociative.be\/actualites\/ukraine-apres-trois-ans-de-guerre-des-dizaines-de-milliers-de-paysages-morts-et-devastes-questions-et-reponses\/#primaryimage","url":"https:\/\/vieassociative.be\/actualites\/wp-content\/uploads\/2025\/02\/1739888266_Ukraine-apres-trois-ans-de-guerre-des-dizaines-de-milliers.jpg","contentUrl":"https:\/\/vieassociative.be\/actualites\/wp-content\/uploads\/2025\/02\/1739888266_Ukraine-apres-trois-ans-de-guerre-des-dizaines-de-milliers.jpg","width":1200,"height":800,"caption":"Ukraine apr\u00e8s trois ans de guerre: des dizaines de milliers de paysages morts et d\u00e9vast\u00e9s (questions et r\u00e9ponses)"},{"@type":"BreadcrumbList","@id":"https:\/\/vieassociative.be\/actualites\/ukraine-apres-trois-ans-de-guerre-des-dizaines-de-milliers-de-paysages-morts-et-devastes-questions-et-reponses\/#breadcrumb","itemListElement":[{"@type":"ListItem","position":1,"name":"Accueil","item":"https:\/\/vieassociative.be\/actualites\/"},{"@type":"ListItem","position":2,"name":"Ukraine apr\u00e8s trois ans de guerre: des dizaines de milliers de paysages morts et d\u00e9vast\u00e9s (questions et r\u00e9ponses)"}]},{"@type":"WebSite","@id":"https:\/\/vieassociative.be\/actualites\/#website","url":"https:\/\/vieassociative.be\/actualites\/","name":"Vie Associative","description":"","publisher":{"@id":"https:\/\/vieassociative.be\/actualites\/#organization"},"potentialAction":[{"@type":"SearchAction","target":{"@type":"EntryPoint","urlTemplate":"https:\/\/vieassociative.be\/actualites\/?s={search_term_string}"},"query-input":{"@type":"PropertyValueSpecification","valueRequired":true,"valueName":"search_term_string"}}],"inLanguage":"fr-BE"},{"@type":"Organization","@id":"https:\/\/vieassociative.be\/actualites\/#organization","name":"Vie Associative","url":"https:\/\/vieassociative.be\/actualites\/","logo":{"@type":"ImageObject","inLanguage":"fr-BE","@id":"https:\/\/vieassociative.be\/actualites\/#\/schema\/logo\/image\/","url":"https:\/\/vieassociative.be\/actualites\/wp-content\/uploads\/2024\/09\/cropped-vieassociative_favicon.ico.png","contentUrl":"https:\/\/vieassociative.be\/actualites\/wp-content\/uploads\/2024\/09\/cropped-vieassociative_favicon.ico.png","width":512,"height":512,"caption":"Vie Associative"},"image":{"@id":"https:\/\/vieassociative.be\/actualites\/#\/schema\/logo\/image\/"}},{"@type":"Person","@id":"https:\/\/vieassociative.be\/actualites\/#\/schema\/person\/b87ac4f82f9d4e7b7cec7395b679edc4","name":"Julien","image":{"@type":"ImageObject","inLanguage":"fr-BE","@id":"https:\/\/vieassociative.be\/actualites\/#\/schema\/person\/image\/","url":"https:\/\/vieassociative.be\/actualites\/wp-content\/uploads\/2024\/09\/vie-associative-1-150x150.jpg","contentUrl":"https:\/\/vieassociative.be\/actualites\/wp-content\/uploads\/2024\/09\/vie-associative-1-150x150.jpg","caption":"Julien"},"description":"Je suis Julien, r\u00e9dacteur pour Vie Associative. Passionn\u00e9 par le monde associatif depuis plus de 10 ans, j'ai \u00e0 c\u0153ur de partager des histoires inspirantes et de mettre en lumi\u00e8re les initiatives locales. Mon objectif est de sensibiliser et d'encourager l'engagement communautaire \u00e0 travers mes articles.","sameAs":["https:\/\/vieassociative.be\/"]}]}},"_links":{"self":[{"href":"https:\/\/vieassociative.be\/actualites\/wp-json\/wp\/v2\/posts\/5210"}],"collection":[{"href":"https:\/\/vieassociative.be\/actualites\/wp-json\/wp\/v2\/posts"}],"about":[{"href":"https:\/\/vieassociative.be\/actualites\/wp-json\/wp\/v2\/types\/post"}],"author":[{"embeddable":true,"href":"https:\/\/vieassociative.be\/actualites\/wp-json\/wp\/v2\/users\/1"}],"replies":[{"embeddable":true,"href":"https:\/\/vieassociative.be\/actualites\/wp-json\/wp\/v2\/comments?post=5210"}],"version-history":[{"count":0,"href":"https:\/\/vieassociative.be\/actualites\/wp-json\/wp\/v2\/posts\/5210\/revisions"}],"wp:featuredmedia":[{"embeddable":true,"href":"https:\/\/vieassociative.be\/actualites\/wp-json\/wp\/v2\/media\/5211"}],"wp:attachment":[{"href":"https:\/\/vieassociative.be\/actualites\/wp-json\/wp\/v2\/media?parent=5210"}],"wp:term":[{"taxonomy":"category","embeddable":true,"href":"https:\/\/vieassociative.be\/actualites\/wp-json\/wp\/v2\/categories?post=5210"},{"taxonomy":"post_tag","embeddable":true,"href":"https:\/\/vieassociative.be\/actualites\/wp-json\/wp\/v2\/tags?post=5210"}],"curies":[{"name":"wp","href":"https:\/\/api.w.org\/{rel}","templated":true}]}}