{"id":5202,"date":"2025-02-18T03:18:11","date_gmt":"2025-02-18T02:18:11","guid":{"rendered":"https:\/\/vieassociative.be\/actualites\/la-tete-davion-crash-au-canada-est-probablement-leger\/"},"modified":"2025-02-18T03:18:11","modified_gmt":"2025-02-18T02:18:11","slug":"la-tete-davion-crash-au-canada-est-probablement-leger","status":"publish","type":"post","link":"https:\/\/vieassociative.be\/actualites\/la-tete-davion-crash-au-canada-est-probablement-leger\/","title":{"rendered":"La t\u00eate d&rsquo;avion: Crash au Canada est probablement l\u00e9ger"},"content":{"rendered":"<p><strong>\u00c0 Toronto, un avion a un accident apr\u00e8s l&rsquo;atterrissage. Il y a d&rsquo;abord un All -Clear. Mais les premi\u00e8res photos sugg\u00e8rent que les passagers ont rat\u00e9 un d\u00e9sastre.<\/strong><\/p>\n<p><span id=\"more-408467\"><\/span>Selon les premiers r\u00e9sultats, l&rsquo;atterrissage d&rsquo;un accident d&rsquo;un avion de passagers dans la m\u00e9tropole canadienne de Toronto a suppos\u00e9 l\u00e9g\u00e8rement. Apr\u00e8s l&rsquo;accident, dans lequel la machine des \u00c9tats-Unis a propos\u00e9 80 personnes \u00e0 bord de la piste, l&rsquo;a\u00e9roport international de la m\u00e9tropole canadienne de Toronto a initialement donn\u00e9 le tout.<\/p>\n<p>\u00ab\u00a0Toronto Pearson est inform\u00e9 d&rsquo;un incident lors de l&rsquo;atterrissage d&rsquo;un avion Delta-Airlines provenant de Minneapoli\u00a0\u00bb, a d\u00e9clar\u00e9 l&rsquo;a\u00e9roport de Toronto-Pearson sur la plate-forme X. \u00abLes \u00e9quipes de sauvetage sont utilis\u00e9es. Tous les passagers et membres d&rsquo;\u00e9quipage sont bons \u00bb, a-t-il d\u00e9clar\u00e9. Cependant, certains m\u00e9dias canadiens ont signal\u00e9 au moins plusieurs blessures.<\/p>\n<div id=\"attachment_408471\" class=\"wp-caption alignleft\" style=\"max-width: 300px\"><img decoding=\"async\" class=\"wp-image-408471 size-medium\" src=\"https:\/\/vieassociative.be\/actualites\/wp-content\/uploads\/2025\/02\/La-tete-davion-Crash-au-Canada-est-probablement-leger.jpg\" alt=\"\" width=\"300\" height=\"124\"><\/p>\n<p class=\"wp-caption-text\">A\u00e9roport international de Toronto Perarson, Toronto. Photo: Shutterstock<\/p>\n<\/div>\n<p><strong>&#8211; \u00ab\u00a0Notre avion s&rsquo;est \u00e9cras\u00e9\u00a0\u00bb:<\/strong> Des enregistrements initialement confirm\u00e9s ont montr\u00e9 un type de bombardier de bombardier. Le jet, principalement utilis\u00e9 pour les vols r\u00e9gionaux avec plusieurs dizaines de si\u00e8ges, \u00e9tait sur l&rsquo;asphalte de ces enregistrements. La fum\u00e9e s&rsquo;est \u00e9lev\u00e9e de l&rsquo;\u00e9pave. Devant la machine, les passagers possibles semblent s&rsquo;\u00e9loigner de la machine. La station de t\u00e9l\u00e9vision CNN avait \u00e9galement un enregistrement en direct avec un avion gisant sur le dos.<\/p>\n<p>Une vid\u00e9o amateur \u00e9vidente a montr\u00e9 aux gens qui sont entr\u00e9s par une porte d&rsquo;a\u00e9ronefs ouverts. Une voix dans la vid\u00e9o a d\u00e9clar\u00e9: \u00ab\u00a0Nous sommes \u00e0 Toronto, nous venons d&rsquo;atterrir, notre avion s&rsquo;est \u00e9cras\u00e9, c&rsquo;est \u00e0 l&rsquo;envers, la brigade des pompiers est sur place.\u00a0\u00bb<\/p>\n<p>La FAA de l&rsquo;US Air Travel Authority a annonc\u00e9 que le vol Delta 4819 a eu un accident \u00e0 14 h 45. \u00ab\u00a0Les 80 personnes \u00e0 bord ont \u00e9t\u00e9 \u00e9vacu\u00e9es\u00a0\u00bb, a-t-il d\u00e9clar\u00e9. Les autorit\u00e9s canadiennes ont examin\u00e9 l&rsquo;accident.<\/p>\n<p><strong>&#8211; rafales de vent et degr\u00e9s moins:<\/strong> Ce qui s&rsquo;est pass\u00e9 exactement est rest\u00e9 clair au d\u00e9but. Selon les rapports m\u00e9t\u00e9orologiques, un vent clair avec des rafales de plus de 50 kilom\u00e8tres par heure a souffl\u00e9 au moment de l&rsquo;accident pr\u00e9sum\u00e9. Il faisait \u00e9galement tr\u00e8s froid \u00e0 environ huit degr\u00e9s en dessous de z\u00e9ro. \u00c0 cette \u00e9poque de l&rsquo;ann\u00e9e, les a\u00e9roports de Minneapolis (Minnesota) dans le Midwest des \u00c9tats-Unis et de Toronto, qui se trouvent \u00e0 environ 1,5 heure de vol, sont pr\u00e9par\u00e9s \u00e0 des conditions de froid et d&rsquo;adverse extr\u00eamement.<\/p>\n<p>La police r\u00e9gionale a confirm\u00e9 \u00e0 l&rsquo;agence de presse allemande qu&rsquo;elle soutenait les autorit\u00e9s de vol locales dans l&rsquo;op\u00e9ration, mais n&rsquo;avait fourni aucun d\u00e9tail.<\/p>\n<p>Il y a quelques semaines \u00e0 peine, la collision d&rsquo;une machine \u00e0 passagers avec un h\u00e9licopt\u00e8re \u00e0 Washington a conduit \u00e0 un grave accident avec plus de 60 morts. (DPA)<\/p>\n","protected":false},"excerpt":{"rendered":"<p>\u00c0 Toronto, un avion a un accident apr\u00e8s l&rsquo;atterrissage. Il y a d&rsquo;abord un All -Clear. Mais les premi\u00e8res photos sugg\u00e8rent que les passagers ont<\/p>\n","protected":false},"author":1,"featured_media":5203,"comment_status":"","ping_status":"","sticky":false,"template":"","format":"standard","meta":{"footnotes":""},"categories":[298],"tags":[3770,4381,4276,76,5389,419,2699],"class_list":["post-5202","post","type-post","status-publish","format-standard","has-post-thumbnail","hentry","category-belgique","tag-canada","tag-crash","tag-davion","tag-est","tag-leger","tag-probablement","tag-tete","generate-columns","tablet-grid-50","mobile-grid-100","grid-parent","grid-33"],"yoast_head":"<!-- This site is optimized with the Yoast SEO plugin v24.0 - https:\/\/yoast.com\/wordpress\/plugins\/seo\/ -->\n<title>La t\u00eate d&#039;avion: Crash au Canada est probablement l\u00e9ger | Vie Associative<\/title>\n<meta name=\"robots\" content=\"index, follow, max-snippet:-1, max-image-preview:large, max-video-preview:-1\" \/>\n<link rel=\"canonical\" href=\"https:\/\/vieassociative.be\/actualites\/la-tete-davion-crash-au-canada-est-probablement-leger\/\" \/>\n<meta property=\"og:locale\" content=\"fr_FR\" \/>\n<meta property=\"og:type\" content=\"article\" \/>\n<meta property=\"og:title\" content=\"La t\u00eate d&#039;avion: Crash au Canada est probablement l\u00e9ger | Vie Associative\" \/>\n<meta property=\"og:description\" content=\"\u00c0 Toronto, un avion a un accident apr\u00e8s l&rsquo;atterrissage. Il y a d&rsquo;abord un All -Clear. Mais les premi\u00e8res photos sugg\u00e8rent que les passagers ont\" \/>\n<meta property=\"og:url\" content=\"https:\/\/vieassociative.be\/actualites\/la-tete-davion-crash-au-canada-est-probablement-leger\/\" \/>\n<meta property=\"og:site_name\" content=\"Vie Associative\" \/>\n<meta property=\"article:published_time\" content=\"2025-02-18T02:18:11+00:00\" \/>\n<meta property=\"og:image\" content=\"https:\/\/vieassociative.be\/actualites\/wp-content\/uploads\/2024\/09\/header_backgroundk-01-e1726694325946.png\" \/>\n\t<meta property=\"og:image:width\" content=\"279\" \/>\n\t<meta property=\"og:image:height\" content=\"92\" \/>\n\t<meta property=\"og:image:type\" content=\"image\/png\" \/>\n<meta name=\"author\" content=\"Julien\" \/>\n<meta name=\"twitter:card\" content=\"summary_large_image\" \/>\n<meta name=\"twitter:label1\" content=\"\u00c9crit par\" \/>\n\t<meta name=\"twitter:data1\" content=\"Julien\" \/>\n\t<meta name=\"twitter:label2\" content=\"Dur\u00e9e de lecture est.\" \/>\n\t<meta name=\"twitter:data2\" content=\"2 minutes\" \/>\n<script type=\"application\/ld+json\" class=\"yoast-schema-graph\">{\"@context\":\"https:\/\/schema.org\",\"@graph\":[{\"@type\":\"Article\",\"@id\":\"https:\/\/vieassociative.be\/actualites\/la-tete-davion-crash-au-canada-est-probablement-leger\/#article\",\"isPartOf\":{\"@id\":\"https:\/\/vieassociative.be\/actualites\/la-tete-davion-crash-au-canada-est-probablement-leger\/\"},\"author\":{\"name\":\"Julien\",\"@id\":\"https:\/\/vieassociative.be\/actualites\/#\/schema\/person\/b87ac4f82f9d4e7b7cec7395b679edc4\"},\"headline\":\"La t\u00eate d&rsquo;avion: Crash au Canada est probablement l\u00e9ger\",\"datePublished\":\"2025-02-18T02:18:11+00:00\",\"dateModified\":\"2025-02-18T02:18:11+00:00\",\"mainEntityOfPage\":{\"@id\":\"https:\/\/vieassociative.be\/actualites\/la-tete-davion-crash-au-canada-est-probablement-leger\/\"},\"wordCount\":508,\"publisher\":{\"@id\":\"https:\/\/vieassociative.be\/actualites\/#organization\"},\"image\":{\"@id\":\"https:\/\/vieassociative.be\/actualites\/la-tete-davion-crash-au-canada-est-probablement-leger\/#primaryimage\"},\"thumbnailUrl\":\"https:\/\/vieassociative.be\/actualites\/wp-content\/uploads\/2025\/02\/1739845091_La-tete-davion-Crash-au-Canada-est-probablement-leger.jpg\",\"keywords\":[\"Canada\",\"Crash\",\"davion\",\"est\",\"l\u00e9ger\",\"probablement\",\"t\u00eate\"],\"articleSection\":[\"Belgique\"],\"inLanguage\":\"fr-BE\"},{\"@type\":\"WebPage\",\"@id\":\"https:\/\/vieassociative.be\/actualites\/la-tete-davion-crash-au-canada-est-probablement-leger\/\",\"url\":\"https:\/\/vieassociative.be\/actualites\/la-tete-davion-crash-au-canada-est-probablement-leger\/\",\"name\":\"La t\u00eate d'avion: Crash au Canada est probablement l\u00e9ger | Vie Associative\",\"isPartOf\":{\"@id\":\"https:\/\/vieassociative.be\/actualites\/#website\"},\"primaryImageOfPage\":{\"@id\":\"https:\/\/vieassociative.be\/actualites\/la-tete-davion-crash-au-canada-est-probablement-leger\/#primaryimage\"},\"image\":{\"@id\":\"https:\/\/vieassociative.be\/actualites\/la-tete-davion-crash-au-canada-est-probablement-leger\/#primaryimage\"},\"thumbnailUrl\":\"https:\/\/vieassociative.be\/actualites\/wp-content\/uploads\/2025\/02\/1739845091_La-tete-davion-Crash-au-Canada-est-probablement-leger.jpg\",\"datePublished\":\"2025-02-18T02:18:11+00:00\",\"dateModified\":\"2025-02-18T02:18:11+00:00\",\"breadcrumb\":{\"@id\":\"https:\/\/vieassociative.be\/actualites\/la-tete-davion-crash-au-canada-est-probablement-leger\/#breadcrumb\"},\"inLanguage\":\"fr-BE\",\"potentialAction\":[{\"@type\":\"ReadAction\",\"target\":[\"https:\/\/vieassociative.be\/actualites\/la-tete-davion-crash-au-canada-est-probablement-leger\/\"]}]},{\"@type\":\"ImageObject\",\"inLanguage\":\"fr-BE\",\"@id\":\"https:\/\/vieassociative.be\/actualites\/la-tete-davion-crash-au-canada-est-probablement-leger\/#primaryimage\",\"url\":\"https:\/\/vieassociative.be\/actualites\/wp-content\/uploads\/2025\/02\/1739845091_La-tete-davion-Crash-au-Canada-est-probablement-leger.jpg\",\"contentUrl\":\"https:\/\/vieassociative.be\/actualites\/wp-content\/uploads\/2025\/02\/1739845091_La-tete-davion-Crash-au-Canada-est-probablement-leger.jpg\",\"width\":1200,\"height\":648,\"caption\":\"La t\u00eate d'avion: Crash au Canada est probablement l\u00e9ger\"},{\"@type\":\"BreadcrumbList\",\"@id\":\"https:\/\/vieassociative.be\/actualites\/la-tete-davion-crash-au-canada-est-probablement-leger\/#breadcrumb\",\"itemListElement\":[{\"@type\":\"ListItem\",\"position\":1,\"name\":\"Accueil\",\"item\":\"https:\/\/vieassociative.be\/actualites\/\"},{\"@type\":\"ListItem\",\"position\":2,\"name\":\"La t\u00eate d&rsquo;avion: Crash au Canada est probablement l\u00e9ger\"}]},{\"@type\":\"WebSite\",\"@id\":\"https:\/\/vieassociative.be\/actualites\/#website\",\"url\":\"https:\/\/vieassociative.be\/actualites\/\",\"name\":\"Vie Associative\",\"description\":\"\",\"publisher\":{\"@id\":\"https:\/\/vieassociative.be\/actualites\/#organization\"},\"potentialAction\":[{\"@type\":\"SearchAction\",\"target\":{\"@type\":\"EntryPoint\",\"urlTemplate\":\"https:\/\/vieassociative.be\/actualites\/?s={search_term_string}\"},\"query-input\":{\"@type\":\"PropertyValueSpecification\",\"valueRequired\":true,\"valueName\":\"search_term_string\"}}],\"inLanguage\":\"fr-BE\"},{\"@type\":\"Organization\",\"@id\":\"https:\/\/vieassociative.be\/actualites\/#organization\",\"name\":\"Vie Associative\",\"url\":\"https:\/\/vieassociative.be\/actualites\/\",\"logo\":{\"@type\":\"ImageObject\",\"inLanguage\":\"fr-BE\",\"@id\":\"https:\/\/vieassociative.be\/actualites\/#\/schema\/logo\/image\/\",\"url\":\"https:\/\/vieassociative.be\/actualites\/wp-content\/uploads\/2024\/09\/cropped-vieassociative_favicon.ico.png\",\"contentUrl\":\"https:\/\/vieassociative.be\/actualites\/wp-content\/uploads\/2024\/09\/cropped-vieassociative_favicon.ico.png\",\"width\":512,\"height\":512,\"caption\":\"Vie Associative\"},\"image\":{\"@id\":\"https:\/\/vieassociative.be\/actualites\/#\/schema\/logo\/image\/\"}},{\"@type\":\"Person\",\"@id\":\"https:\/\/vieassociative.be\/actualites\/#\/schema\/person\/b87ac4f82f9d4e7b7cec7395b679edc4\",\"name\":\"Julien\",\"image\":{\"@type\":\"ImageObject\",\"inLanguage\":\"fr-BE\",\"@id\":\"https:\/\/vieassociative.be\/actualites\/#\/schema\/person\/image\/\",\"url\":\"https:\/\/vieassociative.be\/actualites\/wp-content\/uploads\/2024\/09\/vie-associative-1-150x150.jpg\",\"contentUrl\":\"https:\/\/vieassociative.be\/actualites\/wp-content\/uploads\/2024\/09\/vie-associative-1-150x150.jpg\",\"caption\":\"Julien\"},\"description\":\"Je suis Julien, r\u00e9dacteur pour Vie Associative. Passionn\u00e9 par le monde associatif depuis plus de 10 ans, j'ai \u00e0 c\u0153ur de partager des histoires inspirantes et de mettre en lumi\u00e8re les initiatives locales. Mon objectif est de sensibiliser et d'encourager l'engagement communautaire \u00e0 travers mes articles.\",\"sameAs\":[\"https:\/\/vieassociative.be\/\"]}]}<\/script>\n<!-- \/ Yoast SEO plugin. -->","yoast_head_json":{"title":"La t\u00eate d'avion: Crash au Canada est probablement l\u00e9ger | Vie Associative","robots":{"index":"index","follow":"follow","max-snippet":"max-snippet:-1","max-image-preview":"max-image-preview:large","max-video-preview":"max-video-preview:-1"},"canonical":"https:\/\/vieassociative.be\/actualites\/la-tete-davion-crash-au-canada-est-probablement-leger\/","og_locale":"fr_FR","og_type":"article","og_title":"La t\u00eate d'avion: Crash au Canada est probablement l\u00e9ger | Vie Associative","og_description":"\u00c0 Toronto, un avion a un accident apr\u00e8s l&rsquo;atterrissage. Il y a d&rsquo;abord un All -Clear. Mais les premi\u00e8res photos sugg\u00e8rent que les passagers ont","og_url":"https:\/\/vieassociative.be\/actualites\/la-tete-davion-crash-au-canada-est-probablement-leger\/","og_site_name":"Vie Associative","article_published_time":"2025-02-18T02:18:11+00:00","og_image":[{"width":279,"height":92,"url":"https:\/\/vieassociative.be\/actualites\/wp-content\/uploads\/2024\/09\/header_backgroundk-01-e1726694325946.png","type":"image\/png"}],"author":"Julien","twitter_card":"summary_large_image","twitter_misc":{"\u00c9crit par":"Julien","Dur\u00e9e de lecture est.":"2 minutes"},"schema":{"@context":"https:\/\/schema.org","@graph":[{"@type":"Article","@id":"https:\/\/vieassociative.be\/actualites\/la-tete-davion-crash-au-canada-est-probablement-leger\/#article","isPartOf":{"@id":"https:\/\/vieassociative.be\/actualites\/la-tete-davion-crash-au-canada-est-probablement-leger\/"},"author":{"name":"Julien","@id":"https:\/\/vieassociative.be\/actualites\/#\/schema\/person\/b87ac4f82f9d4e7b7cec7395b679edc4"},"headline":"La t\u00eate d&rsquo;avion: Crash au Canada est probablement l\u00e9ger","datePublished":"2025-02-18T02:18:11+00:00","dateModified":"2025-02-18T02:18:11+00:00","mainEntityOfPage":{"@id":"https:\/\/vieassociative.be\/actualites\/la-tete-davion-crash-au-canada-est-probablement-leger\/"},"wordCount":508,"publisher":{"@id":"https:\/\/vieassociative.be\/actualites\/#organization"},"image":{"@id":"https:\/\/vieassociative.be\/actualites\/la-tete-davion-crash-au-canada-est-probablement-leger\/#primaryimage"},"thumbnailUrl":"https:\/\/vieassociative.be\/actualites\/wp-content\/uploads\/2025\/02\/1739845091_La-tete-davion-Crash-au-Canada-est-probablement-leger.jpg","keywords":["Canada","Crash","davion","est","l\u00e9ger","probablement","t\u00eate"],"articleSection":["Belgique"],"inLanguage":"fr-BE"},{"@type":"WebPage","@id":"https:\/\/vieassociative.be\/actualites\/la-tete-davion-crash-au-canada-est-probablement-leger\/","url":"https:\/\/vieassociative.be\/actualites\/la-tete-davion-crash-au-canada-est-probablement-leger\/","name":"La t\u00eate d'avion: Crash au Canada est probablement l\u00e9ger | Vie Associative","isPartOf":{"@id":"https:\/\/vieassociative.be\/actualites\/#website"},"primaryImageOfPage":{"@id":"https:\/\/vieassociative.be\/actualites\/la-tete-davion-crash-au-canada-est-probablement-leger\/#primaryimage"},"image":{"@id":"https:\/\/vieassociative.be\/actualites\/la-tete-davion-crash-au-canada-est-probablement-leger\/#primaryimage"},"thumbnailUrl":"https:\/\/vieassociative.be\/actualites\/wp-content\/uploads\/2025\/02\/1739845091_La-tete-davion-Crash-au-Canada-est-probablement-leger.jpg","datePublished":"2025-02-18T02:18:11+00:00","dateModified":"2025-02-18T02:18:11+00:00","breadcrumb":{"@id":"https:\/\/vieassociative.be\/actualites\/la-tete-davion-crash-au-canada-est-probablement-leger\/#breadcrumb"},"inLanguage":"fr-BE","potentialAction":[{"@type":"ReadAction","target":["https:\/\/vieassociative.be\/actualites\/la-tete-davion-crash-au-canada-est-probablement-leger\/"]}]},{"@type":"ImageObject","inLanguage":"fr-BE","@id":"https:\/\/vieassociative.be\/actualites\/la-tete-davion-crash-au-canada-est-probablement-leger\/#primaryimage","url":"https:\/\/vieassociative.be\/actualites\/wp-content\/uploads\/2025\/02\/1739845091_La-tete-davion-Crash-au-Canada-est-probablement-leger.jpg","contentUrl":"https:\/\/vieassociative.be\/actualites\/wp-content\/uploads\/2025\/02\/1739845091_La-tete-davion-Crash-au-Canada-est-probablement-leger.jpg","width":1200,"height":648,"caption":"La t\u00eate d'avion: Crash au Canada est probablement l\u00e9ger"},{"@type":"BreadcrumbList","@id":"https:\/\/vieassociative.be\/actualites\/la-tete-davion-crash-au-canada-est-probablement-leger\/#breadcrumb","itemListElement":[{"@type":"ListItem","position":1,"name":"Accueil","item":"https:\/\/vieassociative.be\/actualites\/"},{"@type":"ListItem","position":2,"name":"La t\u00eate d&rsquo;avion: Crash au Canada est probablement l\u00e9ger"}]},{"@type":"WebSite","@id":"https:\/\/vieassociative.be\/actualites\/#website","url":"https:\/\/vieassociative.be\/actualites\/","name":"Vie Associative","description":"","publisher":{"@id":"https:\/\/vieassociative.be\/actualites\/#organization"},"potentialAction":[{"@type":"SearchAction","target":{"@type":"EntryPoint","urlTemplate":"https:\/\/vieassociative.be\/actualites\/?s={search_term_string}"},"query-input":{"@type":"PropertyValueSpecification","valueRequired":true,"valueName":"search_term_string"}}],"inLanguage":"fr-BE"},{"@type":"Organization","@id":"https:\/\/vieassociative.be\/actualites\/#organization","name":"Vie Associative","url":"https:\/\/vieassociative.be\/actualites\/","logo":{"@type":"ImageObject","inLanguage":"fr-BE","@id":"https:\/\/vieassociative.be\/actualites\/#\/schema\/logo\/image\/","url":"https:\/\/vieassociative.be\/actualites\/wp-content\/uploads\/2024\/09\/cropped-vieassociative_favicon.ico.png","contentUrl":"https:\/\/vieassociative.be\/actualites\/wp-content\/uploads\/2024\/09\/cropped-vieassociative_favicon.ico.png","width":512,"height":512,"caption":"Vie Associative"},"image":{"@id":"https:\/\/vieassociative.be\/actualites\/#\/schema\/logo\/image\/"}},{"@type":"Person","@id":"https:\/\/vieassociative.be\/actualites\/#\/schema\/person\/b87ac4f82f9d4e7b7cec7395b679edc4","name":"Julien","image":{"@type":"ImageObject","inLanguage":"fr-BE","@id":"https:\/\/vieassociative.be\/actualites\/#\/schema\/person\/image\/","url":"https:\/\/vieassociative.be\/actualites\/wp-content\/uploads\/2024\/09\/vie-associative-1-150x150.jpg","contentUrl":"https:\/\/vieassociative.be\/actualites\/wp-content\/uploads\/2024\/09\/vie-associative-1-150x150.jpg","caption":"Julien"},"description":"Je suis Julien, r\u00e9dacteur pour Vie Associative. Passionn\u00e9 par le monde associatif depuis plus de 10 ans, j'ai \u00e0 c\u0153ur de partager des histoires inspirantes et de mettre en lumi\u00e8re les initiatives locales. Mon objectif est de sensibiliser et d'encourager l'engagement communautaire \u00e0 travers mes articles.","sameAs":["https:\/\/vieassociative.be\/"]}]}},"_links":{"self":[{"href":"https:\/\/vieassociative.be\/actualites\/wp-json\/wp\/v2\/posts\/5202"}],"collection":[{"href":"https:\/\/vieassociative.be\/actualites\/wp-json\/wp\/v2\/posts"}],"about":[{"href":"https:\/\/vieassociative.be\/actualites\/wp-json\/wp\/v2\/types\/post"}],"author":[{"embeddable":true,"href":"https:\/\/vieassociative.be\/actualites\/wp-json\/wp\/v2\/users\/1"}],"replies":[{"embeddable":true,"href":"https:\/\/vieassociative.be\/actualites\/wp-json\/wp\/v2\/comments?post=5202"}],"version-history":[{"count":0,"href":"https:\/\/vieassociative.be\/actualites\/wp-json\/wp\/v2\/posts\/5202\/revisions"}],"wp:featuredmedia":[{"embeddable":true,"href":"https:\/\/vieassociative.be\/actualites\/wp-json\/wp\/v2\/media\/5203"}],"wp:attachment":[{"href":"https:\/\/vieassociative.be\/actualites\/wp-json\/wp\/v2\/media?parent=5202"}],"wp:term":[{"taxonomy":"category","embeddable":true,"href":"https:\/\/vieassociative.be\/actualites\/wp-json\/wp\/v2\/categories?post=5202"},{"taxonomy":"post_tag","embeddable":true,"href":"https:\/\/vieassociative.be\/actualites\/wp-json\/wp\/v2\/tags?post=5202"}],"curies":[{"name":"wp","href":"https:\/\/api.w.org\/{rel}","templated":true}]}}