{"id":520,"date":"2024-09-26T17:17:57","date_gmt":"2024-09-26T15:17:57","guid":{"rendered":"https:\/\/vieassociative.be\/actualites\/les-meilleures-idees-de-rendez-vous-dautomne-qui-ne-se-resument-pas-a-la-cueillette-de-pommes\/"},"modified":"2024-09-26T17:17:57","modified_gmt":"2024-09-26T15:17:57","slug":"les-meilleures-idees-de-rendez-vous-dautomne-qui-ne-se-resument-pas-a-la-cueillette-de-pommes","status":"publish","type":"post","link":"https:\/\/vieassociative.be\/actualites\/les-meilleures-idees-de-rendez-vous-dautomne-qui-ne-se-resument-pas-a-la-cueillette-de-pommes\/","title":{"rendered":"Les meilleures id\u00e9es de rendez-vous d&rsquo;automne qui ne se r\u00e9sument pas \u00e0 la cueillette de pommes"},"content":{"rendered":"<div class=\"mt-4 leading-6 md:mb-8\">Habillez-vous en plusieurs couches et sortez pour ces id\u00e9es de rendez-vous d&rsquo;automne.<\/div>\n<p><\/p>\n<p>Le temps n&rsquo;est peut-\u00eatre pas aussi chaud une fois que les feuilles commencent \u00e0 changer de couleur, mais cela ne signifie pas que votre vie amoureuse doit se refroidir. Il existe de nombreuses fa\u00e7ons de profiter du changement de saison sans devenir un couple basique \u00e0 base de PSL et de tartan. Planifier un rendez-vous d&rsquo;automne ne doit pas n\u00e9cessairement faire mal \u00e0 votre portefeuille, ni \u00eatre g\u00eanant et clich\u00e9. Vous trouverez ci-dessous quelques id\u00e9es de rencontres d&rsquo;automne uniques pour r\u00e9chauffer votre relation cette saison.<\/p>\n<h2 id=\"take-a-class-together\">Suivre un cours ensemble <\/h2>\n<p>Pour beaucoup, la rentr\u00e9e scolaire commence \u00e0 l&rsquo;automne. Si recevoir un bouquet de crayons fra\u00eechement taill\u00e9s est votre aphrodisiaque pr\u00e9f\u00e9r\u00e9, vous pourriez envisager de suivre un cours avec un partenaire. Qu&rsquo;il s&rsquo;agisse d&rsquo;une s\u00e9ance ponctuelle, comme un cours de cuisine le vendredi soir, ou d&rsquo;un cours hebdomadaire, retourner \u00e0 l&rsquo;\u00e9cole ensemble pourrait vous permettre de cr\u00e9er des liens importants. <\/p>\n<h2 id=\"go-wardrobe-shopping\">Faire du shopping pour sa garde-robe<\/h2>\n<p>Il y a une raison pour laquelle le num\u00e9ro de septembre de Vogue est embl\u00e9matique : l&rsquo;automne est <em>le<\/em> C&rsquo;est la saison des changements de garde-robe et du nettoyage pour vous pr\u00e9parer aux jours plus froids \u00e0 venir. Faire du shopping ensemble tout en r\u00e9approvisionnant votre garde-robe avec des tricots et des superpositions peut \u00eatre une exp\u00e9rience formidable pour cr\u00e9er des liens. Vous pouvez essayer des v\u00eatements l&rsquo;un devant l&rsquo;autre et sugg\u00e9rer des commentaires, obtenir des id\u00e9es et apprendre \u00e0 mieux vous conna\u00eetre gr\u00e2ce \u00e0 votre sens du style. <\/p>\n<h2 id=\"visit-a-bookstore\">Visiter une librairie<\/h2>\n<p>Si vous \u00eates tous les deux des rats de biblioth\u00e8que, il est indispensable de faire le plein de livres pour les froides journ\u00e9es d&rsquo;automne. De plus, quoi de plus chaleureux et romantique qu&rsquo;une librairie en automne ? Si vous le pouvez, essayez de trouver une librairie ind\u00e9pendante dans votre quartier, de pr\u00e9f\u00e9rence avec un caf\u00e9, et perdez-vous dans la conversation sur vos derniers choix de livres tout en vous attardant \u00e0 une table pendant l&rsquo;apr\u00e8s-midi.<\/p>\n<h2 id=\"volunteer-at-a-local-soup-kitchen-or-food-bank\">Devenez b\u00e9n\u00e9vole dans une soupe populaire ou une banque alimentaire locale<\/h2>\n<p>Alors que de plus en plus de personnes d\u00e9pendent des banques alimentaires et d&rsquo;autres organismes de bienfaisance pour joindre les deux bouts, c&rsquo;est le moment id\u00e9al pour faire du b\u00e9n\u00e9volat aupr\u00e8s d&rsquo;une organisation locale en pr\u00e9vision de la saison d&rsquo;automne et d&rsquo;hiver. En plus de doubler votre impact, le b\u00e9n\u00e9volat \u00e0 deux est une merveilleuse fa\u00e7on de renforcer vos liens en soutenant une cause qui vous tient \u00e0 c\u0153ur \u00e0 tous les deux. Cela permet \u00e9galement d&rsquo;identifier et d&rsquo;intensifier les valeurs fondamentales que vous d\u00e9veloppez ensemble en tant que couple.<\/p>\n<h2 id=\"organize-a-flag-football-date\">Organiser une sortie de flag football<\/h2>\n<p>Si vous \u00eates tous les deux sportifs et que vous aimez jouer au football, organisez une partie de football en groupe avec vos amis dans votre parc local. Une petite comp\u00e9tition saine est toujours amusante, et s&rsquo;entra\u00eener ensemble est connu pour apporter des bienfaits indispensables comme la stimulation des endorphines, qui aident \u00e0 am\u00e9liorer votre humeur et \u00e0 augmenter votre libido.<\/p>\n<h2 id=\"go-for-a-drive-in-the-country\">Faire une promenade \u00e0 la campagne<\/h2>\n<p>L&rsquo;automne est la saison la plus color\u00e9e, alors prenez la route pour profiter du paysage et des feuillages. Faites de cette excursion une journ\u00e9e en emportant un thermos de caf\u00e9 ou de chocolat chaud, en t\u00e9l\u00e9chargeant vos chansons pr\u00e9f\u00e9r\u00e9es sur une playlist et en faisant le tour des stations-service pour acheter de la malbouffe pour les voyages en voiture. Prolongez votre voyage en r\u00e9servant un chalet \u00e0 la montagne. Voyager est un excellent moyen de renforcer vos liens ; cela vous permet de profiter d&rsquo;une exp\u00e9rience partag\u00e9e tout en cr\u00e9ant des souvenirs ensemble. <\/p>\n","protected":false},"excerpt":{"rendered":"<p>Habillez-vous en plusieurs couches et sortez pour ces id\u00e9es de rendez-vous d&rsquo;automne. Le temps n&rsquo;est peut-\u00eatre pas aussi chaud une fois que les feuilles commencent<\/p>\n","protected":false},"author":1,"featured_media":521,"comment_status":"","ping_status":"","sticky":false,"template":"","format":"standard","meta":{"footnotes":""},"categories":[42],"tags":[703,849,848,14,79,126,704,99,315,850],"class_list":["post-520","post","type-post","status-publish","format-standard","has-post-thumbnail","hentry","category-relations","tag-cueillette","tag-dautomne","tag-idees","tag-les","tag-meilleures","tag-pas","tag-pommes","tag-qui","tag-rendezvous","tag-resument","generate-columns","tablet-grid-50","mobile-grid-100","grid-parent","grid-33"],"yoast_head":"<!-- This site is optimized with the Yoast SEO plugin v24.0 - https:\/\/yoast.com\/wordpress\/plugins\/seo\/ -->\n<title>Les meilleures id\u00e9es de rendez-vous d&#039;automne qui ne se r\u00e9sument pas \u00e0 la cueillette de pommes | Vie Associative<\/title>\n<meta name=\"robots\" content=\"index, follow, max-snippet:-1, max-image-preview:large, max-video-preview:-1\" \/>\n<link rel=\"canonical\" href=\"https:\/\/vieassociative.be\/actualites\/les-meilleures-idees-de-rendez-vous-dautomne-qui-ne-se-resument-pas-a-la-cueillette-de-pommes\/\" \/>\n<meta property=\"og:locale\" content=\"fr_FR\" \/>\n<meta property=\"og:type\" content=\"article\" \/>\n<meta property=\"og:title\" content=\"Les meilleures id\u00e9es de rendez-vous d&#039;automne qui ne se r\u00e9sument pas \u00e0 la cueillette de pommes | Vie Associative\" \/>\n<meta property=\"og:description\" content=\"Habillez-vous en plusieurs couches et sortez pour ces id\u00e9es de rendez-vous d&rsquo;automne. Le temps n&rsquo;est peut-\u00eatre pas aussi chaud une fois que les feuilles commencent\" \/>\n<meta property=\"og:url\" content=\"https:\/\/vieassociative.be\/actualites\/les-meilleures-idees-de-rendez-vous-dautomne-qui-ne-se-resument-pas-a-la-cueillette-de-pommes\/\" \/>\n<meta property=\"og:site_name\" content=\"Vie Associative\" \/>\n<meta property=\"article:published_time\" content=\"2024-09-26T15:17:57+00:00\" \/>\n<meta property=\"og:image\" content=\"https:\/\/vieassociative.be\/actualites\/wp-content\/uploads\/2024\/09\/header_backgroundk-01-e1726694325946.png\" \/>\n\t<meta property=\"og:image:width\" content=\"279\" \/>\n\t<meta property=\"og:image:height\" content=\"92\" \/>\n\t<meta property=\"og:image:type\" content=\"image\/png\" \/>\n<meta name=\"author\" content=\"Julien\" \/>\n<meta name=\"twitter:card\" content=\"summary_large_image\" \/>\n<meta name=\"twitter:label1\" content=\"\u00c9crit par\" \/>\n\t<meta name=\"twitter:data1\" content=\"Julien\" \/>\n\t<meta name=\"twitter:label2\" content=\"Dur\u00e9e de lecture est.\" \/>\n\t<meta name=\"twitter:data2\" content=\"3 minutes\" \/>\n<script type=\"application\/ld+json\" class=\"yoast-schema-graph\">{\"@context\":\"https:\/\/schema.org\",\"@graph\":[{\"@type\":\"Article\",\"@id\":\"https:\/\/vieassociative.be\/actualites\/les-meilleures-idees-de-rendez-vous-dautomne-qui-ne-se-resument-pas-a-la-cueillette-de-pommes\/#article\",\"isPartOf\":{\"@id\":\"https:\/\/vieassociative.be\/actualites\/les-meilleures-idees-de-rendez-vous-dautomne-qui-ne-se-resument-pas-a-la-cueillette-de-pommes\/\"},\"author\":{\"name\":\"Julien\",\"@id\":\"https:\/\/vieassociative.be\/actualites\/#\/schema\/person\/b87ac4f82f9d4e7b7cec7395b679edc4\"},\"headline\":\"Les meilleures id\u00e9es de rendez-vous d&rsquo;automne qui ne se r\u00e9sument pas \u00e0 la cueillette de pommes\",\"datePublished\":\"2024-09-26T15:17:57+00:00\",\"dateModified\":\"2024-09-26T15:17:57+00:00\",\"mainEntityOfPage\":{\"@id\":\"https:\/\/vieassociative.be\/actualites\/les-meilleures-idees-de-rendez-vous-dautomne-qui-ne-se-resument-pas-a-la-cueillette-de-pommes\/\"},\"wordCount\":684,\"publisher\":{\"@id\":\"https:\/\/vieassociative.be\/actualites\/#organization\"},\"image\":{\"@id\":\"https:\/\/vieassociative.be\/actualites\/les-meilleures-idees-de-rendez-vous-dautomne-qui-ne-se-resument-pas-a-la-cueillette-de-pommes\/#primaryimage\"},\"thumbnailUrl\":\"https:\/\/vieassociative.be\/actualites\/wp-content\/uploads\/2024\/09\/Les-meilleures-idees-de-rendez-vous-dautomne-qui-ne-se-resument.jpg\",\"keywords\":[\"cueillette\",\"dautomne\",\"id\u00e9es\",\"Les\",\"meilleures\",\"pas\",\"pommes\",\"qui\",\"rendezvous\",\"r\u00e9sument\"],\"articleSection\":[\"Relations\"],\"inLanguage\":\"fr-BE\"},{\"@type\":\"WebPage\",\"@id\":\"https:\/\/vieassociative.be\/actualites\/les-meilleures-idees-de-rendez-vous-dautomne-qui-ne-se-resument-pas-a-la-cueillette-de-pommes\/\",\"url\":\"https:\/\/vieassociative.be\/actualites\/les-meilleures-idees-de-rendez-vous-dautomne-qui-ne-se-resument-pas-a-la-cueillette-de-pommes\/\",\"name\":\"Les meilleures id\u00e9es de rendez-vous d'automne qui ne se r\u00e9sument pas \u00e0 la cueillette de pommes | Vie Associative\",\"isPartOf\":{\"@id\":\"https:\/\/vieassociative.be\/actualites\/#website\"},\"primaryImageOfPage\":{\"@id\":\"https:\/\/vieassociative.be\/actualites\/les-meilleures-idees-de-rendez-vous-dautomne-qui-ne-se-resument-pas-a-la-cueillette-de-pommes\/#primaryimage\"},\"image\":{\"@id\":\"https:\/\/vieassociative.be\/actualites\/les-meilleures-idees-de-rendez-vous-dautomne-qui-ne-se-resument-pas-a-la-cueillette-de-pommes\/#primaryimage\"},\"thumbnailUrl\":\"https:\/\/vieassociative.be\/actualites\/wp-content\/uploads\/2024\/09\/Les-meilleures-idees-de-rendez-vous-dautomne-qui-ne-se-resument.jpg\",\"datePublished\":\"2024-09-26T15:17:57+00:00\",\"dateModified\":\"2024-09-26T15:17:57+00:00\",\"breadcrumb\":{\"@id\":\"https:\/\/vieassociative.be\/actualites\/les-meilleures-idees-de-rendez-vous-dautomne-qui-ne-se-resument-pas-a-la-cueillette-de-pommes\/#breadcrumb\"},\"inLanguage\":\"fr-BE\",\"potentialAction\":[{\"@type\":\"ReadAction\",\"target\":[\"https:\/\/vieassociative.be\/actualites\/les-meilleures-idees-de-rendez-vous-dautomne-qui-ne-se-resument-pas-a-la-cueillette-de-pommes\/\"]}]},{\"@type\":\"ImageObject\",\"inLanguage\":\"fr-BE\",\"@id\":\"https:\/\/vieassociative.be\/actualites\/les-meilleures-idees-de-rendez-vous-dautomne-qui-ne-se-resument-pas-a-la-cueillette-de-pommes\/#primaryimage\",\"url\":\"https:\/\/vieassociative.be\/actualites\/wp-content\/uploads\/2024\/09\/Les-meilleures-idees-de-rendez-vous-dautomne-qui-ne-se-resument.jpg\",\"contentUrl\":\"https:\/\/vieassociative.be\/actualites\/wp-content\/uploads\/2024\/09\/Les-meilleures-idees-de-rendez-vous-dautomne-qui-ne-se-resument.jpg\",\"width\":1200,\"height\":675,\"caption\":\"Les meilleures id\u00e9es de rendez-vous d'automne qui ne se r\u00e9sument pas \u00e0 la cueillette de pommes\"},{\"@type\":\"BreadcrumbList\",\"@id\":\"https:\/\/vieassociative.be\/actualites\/les-meilleures-idees-de-rendez-vous-dautomne-qui-ne-se-resument-pas-a-la-cueillette-de-pommes\/#breadcrumb\",\"itemListElement\":[{\"@type\":\"ListItem\",\"position\":1,\"name\":\"Accueil\",\"item\":\"https:\/\/vieassociative.be\/actualites\/\"},{\"@type\":\"ListItem\",\"position\":2,\"name\":\"Les meilleures id\u00e9es de rendez-vous d&rsquo;automne qui ne se r\u00e9sument pas \u00e0 la cueillette de pommes\"}]},{\"@type\":\"WebSite\",\"@id\":\"https:\/\/vieassociative.be\/actualites\/#website\",\"url\":\"https:\/\/vieassociative.be\/actualites\/\",\"name\":\"Vie Associative\",\"description\":\"\",\"publisher\":{\"@id\":\"https:\/\/vieassociative.be\/actualites\/#organization\"},\"potentialAction\":[{\"@type\":\"SearchAction\",\"target\":{\"@type\":\"EntryPoint\",\"urlTemplate\":\"https:\/\/vieassociative.be\/actualites\/?s={search_term_string}\"},\"query-input\":{\"@type\":\"PropertyValueSpecification\",\"valueRequired\":true,\"valueName\":\"search_term_string\"}}],\"inLanguage\":\"fr-BE\"},{\"@type\":\"Organization\",\"@id\":\"https:\/\/vieassociative.be\/actualites\/#organization\",\"name\":\"Vie Associative\",\"url\":\"https:\/\/vieassociative.be\/actualites\/\",\"logo\":{\"@type\":\"ImageObject\",\"inLanguage\":\"fr-BE\",\"@id\":\"https:\/\/vieassociative.be\/actualites\/#\/schema\/logo\/image\/\",\"url\":\"https:\/\/vieassociative.be\/actualites\/wp-content\/uploads\/2024\/09\/cropped-vieassociative_favicon.ico.png\",\"contentUrl\":\"https:\/\/vieassociative.be\/actualites\/wp-content\/uploads\/2024\/09\/cropped-vieassociative_favicon.ico.png\",\"width\":512,\"height\":512,\"caption\":\"Vie Associative\"},\"image\":{\"@id\":\"https:\/\/vieassociative.be\/actualites\/#\/schema\/logo\/image\/\"}},{\"@type\":\"Person\",\"@id\":\"https:\/\/vieassociative.be\/actualites\/#\/schema\/person\/b87ac4f82f9d4e7b7cec7395b679edc4\",\"name\":\"Julien\",\"image\":{\"@type\":\"ImageObject\",\"inLanguage\":\"fr-BE\",\"@id\":\"https:\/\/vieassociative.be\/actualites\/#\/schema\/person\/image\/\",\"url\":\"https:\/\/vieassociative.be\/actualites\/wp-content\/uploads\/2024\/09\/vie-associative-1-150x150.jpg\",\"contentUrl\":\"https:\/\/vieassociative.be\/actualites\/wp-content\/uploads\/2024\/09\/vie-associative-1-150x150.jpg\",\"caption\":\"Julien\"},\"description\":\"Je suis Julien, r\u00e9dacteur pour Vie Associative. Passionn\u00e9 par le monde associatif depuis plus de 10 ans, j'ai \u00e0 c\u0153ur de partager des histoires inspirantes et de mettre en lumi\u00e8re les initiatives locales. Mon objectif est de sensibiliser et d'encourager l'engagement communautaire \u00e0 travers mes articles.\",\"sameAs\":[\"https:\/\/vieassociative.be\/\"]}]}<\/script>\n<!-- \/ Yoast SEO plugin. -->","yoast_head_json":{"title":"Les meilleures id\u00e9es de rendez-vous d'automne qui ne se r\u00e9sument pas \u00e0 la cueillette de pommes | Vie Associative","robots":{"index":"index","follow":"follow","max-snippet":"max-snippet:-1","max-image-preview":"max-image-preview:large","max-video-preview":"max-video-preview:-1"},"canonical":"https:\/\/vieassociative.be\/actualites\/les-meilleures-idees-de-rendez-vous-dautomne-qui-ne-se-resument-pas-a-la-cueillette-de-pommes\/","og_locale":"fr_FR","og_type":"article","og_title":"Les meilleures id\u00e9es de rendez-vous d'automne qui ne se r\u00e9sument pas \u00e0 la cueillette de pommes | Vie Associative","og_description":"Habillez-vous en plusieurs couches et sortez pour ces id\u00e9es de rendez-vous d&rsquo;automne. Le temps n&rsquo;est peut-\u00eatre pas aussi chaud une fois que les feuilles commencent","og_url":"https:\/\/vieassociative.be\/actualites\/les-meilleures-idees-de-rendez-vous-dautomne-qui-ne-se-resument-pas-a-la-cueillette-de-pommes\/","og_site_name":"Vie Associative","article_published_time":"2024-09-26T15:17:57+00:00","og_image":[{"width":279,"height":92,"url":"https:\/\/vieassociative.be\/actualites\/wp-content\/uploads\/2024\/09\/header_backgroundk-01-e1726694325946.png","type":"image\/png"}],"author":"Julien","twitter_card":"summary_large_image","twitter_misc":{"\u00c9crit par":"Julien","Dur\u00e9e de lecture est.":"3 minutes"},"schema":{"@context":"https:\/\/schema.org","@graph":[{"@type":"Article","@id":"https:\/\/vieassociative.be\/actualites\/les-meilleures-idees-de-rendez-vous-dautomne-qui-ne-se-resument-pas-a-la-cueillette-de-pommes\/#article","isPartOf":{"@id":"https:\/\/vieassociative.be\/actualites\/les-meilleures-idees-de-rendez-vous-dautomne-qui-ne-se-resument-pas-a-la-cueillette-de-pommes\/"},"author":{"name":"Julien","@id":"https:\/\/vieassociative.be\/actualites\/#\/schema\/person\/b87ac4f82f9d4e7b7cec7395b679edc4"},"headline":"Les meilleures id\u00e9es de rendez-vous d&rsquo;automne qui ne se r\u00e9sument pas \u00e0 la cueillette de pommes","datePublished":"2024-09-26T15:17:57+00:00","dateModified":"2024-09-26T15:17:57+00:00","mainEntityOfPage":{"@id":"https:\/\/vieassociative.be\/actualites\/les-meilleures-idees-de-rendez-vous-dautomne-qui-ne-se-resument-pas-a-la-cueillette-de-pommes\/"},"wordCount":684,"publisher":{"@id":"https:\/\/vieassociative.be\/actualites\/#organization"},"image":{"@id":"https:\/\/vieassociative.be\/actualites\/les-meilleures-idees-de-rendez-vous-dautomne-qui-ne-se-resument-pas-a-la-cueillette-de-pommes\/#primaryimage"},"thumbnailUrl":"https:\/\/vieassociative.be\/actualites\/wp-content\/uploads\/2024\/09\/Les-meilleures-idees-de-rendez-vous-dautomne-qui-ne-se-resument.jpg","keywords":["cueillette","dautomne","id\u00e9es","Les","meilleures","pas","pommes","qui","rendezvous","r\u00e9sument"],"articleSection":["Relations"],"inLanguage":"fr-BE"},{"@type":"WebPage","@id":"https:\/\/vieassociative.be\/actualites\/les-meilleures-idees-de-rendez-vous-dautomne-qui-ne-se-resument-pas-a-la-cueillette-de-pommes\/","url":"https:\/\/vieassociative.be\/actualites\/les-meilleures-idees-de-rendez-vous-dautomne-qui-ne-se-resument-pas-a-la-cueillette-de-pommes\/","name":"Les meilleures id\u00e9es de rendez-vous d'automne qui ne se r\u00e9sument pas \u00e0 la cueillette de pommes | Vie Associative","isPartOf":{"@id":"https:\/\/vieassociative.be\/actualites\/#website"},"primaryImageOfPage":{"@id":"https:\/\/vieassociative.be\/actualites\/les-meilleures-idees-de-rendez-vous-dautomne-qui-ne-se-resument-pas-a-la-cueillette-de-pommes\/#primaryimage"},"image":{"@id":"https:\/\/vieassociative.be\/actualites\/les-meilleures-idees-de-rendez-vous-dautomne-qui-ne-se-resument-pas-a-la-cueillette-de-pommes\/#primaryimage"},"thumbnailUrl":"https:\/\/vieassociative.be\/actualites\/wp-content\/uploads\/2024\/09\/Les-meilleures-idees-de-rendez-vous-dautomne-qui-ne-se-resument.jpg","datePublished":"2024-09-26T15:17:57+00:00","dateModified":"2024-09-26T15:17:57+00:00","breadcrumb":{"@id":"https:\/\/vieassociative.be\/actualites\/les-meilleures-idees-de-rendez-vous-dautomne-qui-ne-se-resument-pas-a-la-cueillette-de-pommes\/#breadcrumb"},"inLanguage":"fr-BE","potentialAction":[{"@type":"ReadAction","target":["https:\/\/vieassociative.be\/actualites\/les-meilleures-idees-de-rendez-vous-dautomne-qui-ne-se-resument-pas-a-la-cueillette-de-pommes\/"]}]},{"@type":"ImageObject","inLanguage":"fr-BE","@id":"https:\/\/vieassociative.be\/actualites\/les-meilleures-idees-de-rendez-vous-dautomne-qui-ne-se-resument-pas-a-la-cueillette-de-pommes\/#primaryimage","url":"https:\/\/vieassociative.be\/actualites\/wp-content\/uploads\/2024\/09\/Les-meilleures-idees-de-rendez-vous-dautomne-qui-ne-se-resument.jpg","contentUrl":"https:\/\/vieassociative.be\/actualites\/wp-content\/uploads\/2024\/09\/Les-meilleures-idees-de-rendez-vous-dautomne-qui-ne-se-resument.jpg","width":1200,"height":675,"caption":"Les meilleures id\u00e9es de rendez-vous d'automne qui ne se r\u00e9sument pas \u00e0 la cueillette de pommes"},{"@type":"BreadcrumbList","@id":"https:\/\/vieassociative.be\/actualites\/les-meilleures-idees-de-rendez-vous-dautomne-qui-ne-se-resument-pas-a-la-cueillette-de-pommes\/#breadcrumb","itemListElement":[{"@type":"ListItem","position":1,"name":"Accueil","item":"https:\/\/vieassociative.be\/actualites\/"},{"@type":"ListItem","position":2,"name":"Les meilleures id\u00e9es de rendez-vous d&rsquo;automne qui ne se r\u00e9sument pas \u00e0 la cueillette de pommes"}]},{"@type":"WebSite","@id":"https:\/\/vieassociative.be\/actualites\/#website","url":"https:\/\/vieassociative.be\/actualites\/","name":"Vie Associative","description":"","publisher":{"@id":"https:\/\/vieassociative.be\/actualites\/#organization"},"potentialAction":[{"@type":"SearchAction","target":{"@type":"EntryPoint","urlTemplate":"https:\/\/vieassociative.be\/actualites\/?s={search_term_string}"},"query-input":{"@type":"PropertyValueSpecification","valueRequired":true,"valueName":"search_term_string"}}],"inLanguage":"fr-BE"},{"@type":"Organization","@id":"https:\/\/vieassociative.be\/actualites\/#organization","name":"Vie Associative","url":"https:\/\/vieassociative.be\/actualites\/","logo":{"@type":"ImageObject","inLanguage":"fr-BE","@id":"https:\/\/vieassociative.be\/actualites\/#\/schema\/logo\/image\/","url":"https:\/\/vieassociative.be\/actualites\/wp-content\/uploads\/2024\/09\/cropped-vieassociative_favicon.ico.png","contentUrl":"https:\/\/vieassociative.be\/actualites\/wp-content\/uploads\/2024\/09\/cropped-vieassociative_favicon.ico.png","width":512,"height":512,"caption":"Vie Associative"},"image":{"@id":"https:\/\/vieassociative.be\/actualites\/#\/schema\/logo\/image\/"}},{"@type":"Person","@id":"https:\/\/vieassociative.be\/actualites\/#\/schema\/person\/b87ac4f82f9d4e7b7cec7395b679edc4","name":"Julien","image":{"@type":"ImageObject","inLanguage":"fr-BE","@id":"https:\/\/vieassociative.be\/actualites\/#\/schema\/person\/image\/","url":"https:\/\/vieassociative.be\/actualites\/wp-content\/uploads\/2024\/09\/vie-associative-1-150x150.jpg","contentUrl":"https:\/\/vieassociative.be\/actualites\/wp-content\/uploads\/2024\/09\/vie-associative-1-150x150.jpg","caption":"Julien"},"description":"Je suis Julien, r\u00e9dacteur pour Vie Associative. Passionn\u00e9 par le monde associatif depuis plus de 10 ans, j'ai \u00e0 c\u0153ur de partager des histoires inspirantes et de mettre en lumi\u00e8re les initiatives locales. Mon objectif est de sensibiliser et d'encourager l'engagement communautaire \u00e0 travers mes articles.","sameAs":["https:\/\/vieassociative.be\/"]}]}},"_links":{"self":[{"href":"https:\/\/vieassociative.be\/actualites\/wp-json\/wp\/v2\/posts\/520"}],"collection":[{"href":"https:\/\/vieassociative.be\/actualites\/wp-json\/wp\/v2\/posts"}],"about":[{"href":"https:\/\/vieassociative.be\/actualites\/wp-json\/wp\/v2\/types\/post"}],"author":[{"embeddable":true,"href":"https:\/\/vieassociative.be\/actualites\/wp-json\/wp\/v2\/users\/1"}],"replies":[{"embeddable":true,"href":"https:\/\/vieassociative.be\/actualites\/wp-json\/wp\/v2\/comments?post=520"}],"version-history":[{"count":0,"href":"https:\/\/vieassociative.be\/actualites\/wp-json\/wp\/v2\/posts\/520\/revisions"}],"wp:featuredmedia":[{"embeddable":true,"href":"https:\/\/vieassociative.be\/actualites\/wp-json\/wp\/v2\/media\/521"}],"wp:attachment":[{"href":"https:\/\/vieassociative.be\/actualites\/wp-json\/wp\/v2\/media?parent=520"}],"wp:term":[{"taxonomy":"category","embeddable":true,"href":"https:\/\/vieassociative.be\/actualites\/wp-json\/wp\/v2\/categories?post=520"},{"taxonomy":"post_tag","embeddable":true,"href":"https:\/\/vieassociative.be\/actualites\/wp-json\/wp\/v2\/tags?post=520"}],"curies":[{"name":"wp","href":"https:\/\/api.w.org\/{rel}","templated":true}]}}