{"id":5197,"date":"2025-02-18T00:17:20","date_gmt":"2025-02-17T23:17:20","guid":{"rendered":"https:\/\/vieassociative.be\/actualites\/comment-commencer-a-manger-sainement-2\/"},"modified":"2025-02-18T00:17:20","modified_gmt":"2025-02-17T23:17:20","slug":"comment-commencer-a-manger-sainement-2","status":"publish","type":"post","link":"https:\/\/vieassociative.be\/actualites\/comment-commencer-a-manger-sainement-2\/","title":{"rendered":"Comment commencer \u00e0 manger sainement"},"content":{"rendered":"<div class=\"mt-4 leading-6 md:mb-8\">Il n&rsquo;y a pas de \u00ab\u00a0meilleur\u00a0\u00bb r\u00e9gime, mais voici quelques \u00e9tapes simples qui vous permettront de manger plus sainement que vous ne l&rsquo;\u00eates maintenant.<\/div>\n<p><\/p>\n<p>Manger sainement est bon pour vous, peu importe qui vous \u00eates ou quels sont vos objectifs. Vous n&rsquo;avez pas besoin d&rsquo;essayer de perdre du poids pour manger plus sainement, d&rsquo;une part. Mais il peut \u00eatre difficile de savoir par o\u00f9 commencer, alors voici vos directives de base pour une alimentation saine. Les fruits, les l\u00e9gumes et les prot\u00e9ines sont quelques-uns des endroits les plus simples pour commencer, et ils auront les plus grands impacts.<\/p>\n<h2 id=\"theres-no-perfect-diet\">Il n&rsquo;y a pas de r\u00e9gime parfait<\/h2>\n<p>Avant de commencer, une r\u00e8gle de base importante: il n&rsquo;y a pas un vrai moyen parfait de manger. Peu importe ce que dit votre ami c\u00e9to, ou votre maman qui a ce plan de r\u00e9gime <em>avoir<\/em> pour essayer, ou m\u00eame ces listes class\u00e9es des \u00ab\u00a0meilleurs\u00a0\u00bb r\u00e9gimes. Lorsque des r\u00e9gimes de perte de poids ont \u00e9t\u00e9 test\u00e9s les uns contre les autres, ils fonctionnent tous \u00e0 peu pr\u00e8s la m\u00eame chose. Et si vous mangez en bonne sant\u00e9 pour, vous savez, votre sant\u00e9 (quelle id\u00e9e!) Il existe encore beaucoup de fa\u00e7ons de le faire. Parlons donc des choses que presque toutes les approches alimentaires saines ont en commun. <\/p>\n<p>M\u00eame si je vais \u00e9num\u00e9rer plusieurs bons points de d\u00e9part ci-dessous, vous n&rsquo;avez pas \u00e0 les faire tous &#8211; pichez <em>un<\/em> pour l&rsquo;instant. Tout comme avec l&rsquo;exercice, il faut du temps pour s&rsquo;habituer \u00e0 une habitude. Manger plus sainement peut impliquer de nombreuses habitudes diff\u00e9rentes, comme apprendre de nouvelles recettes ou acheter des produits d&rsquo;\u00e9picerie diff\u00e9rents que ce \u00e0 quoi vous \u00eates habitu\u00e9, alors donnez-vous du temps pour apprendre et vous y habituer. <\/p>\n<h2 id=\"eat-more-fruits-and-vegetables\">Mangez plus de fruits et l\u00e9gumes<\/h2>\n<p>Si vous ne changez qu&rsquo;une chose, faites-le. La plupart d&rsquo;entre nous ne mangent pas assez de l\u00e9gumes, ou nous mangeons les m\u00eames quelques-uns encore et encore. Mangez plus de l\u00e9gumes et plus de types de l\u00e9gumes. Idem avec les fruits, en particulier les fruits frais. (La tarte aux pommes est techniquement un fruit, mais ce n&rsquo;est pas tout \u00e0 fait ce que je veux dire.) Les fruits et l\u00e9gumes contiennent des fibres, dont la plupart d&rsquo;entre nous n&rsquo;en obtiennent pas assez, y compris les types solubles, insolubles et pr\u00e9biotiques. Ils contiennent \u00e9galement des vitamines et des min\u00e9raux que la plupart d&rsquo;entre nous pourraient utiliser davantage, comme la vitamine A et le potassium. Et ils contiennent beaucoup de phytonutriments, qui sont des compos\u00e9s chimiques naturels qui ne sont pas consid\u00e9r\u00e9s comme des vitamines mais qui sont probablement bons pour nous. Par exemple, le b\u00eata-carot\u00e8ne est une forme de vitamine A, mais il y en a au moins 40 <em>autre<\/em> carot\u00e8nes que nous pouvons obtenir dans notre alimentation. Mangez une vari\u00e9t\u00e9 de fruits et l\u00e9gumes et vous couvrirez beaucoup de bases.<\/p>\n<p><strong>Comment faire<\/strong>: Essayez d&rsquo;ajouter un fruit ou un l\u00e9gume \u00e0 au moins un repas par jour. (Lorsque vous avez le coup, construisez sur cela et ajoutez-en un autre.) N&rsquo;h\u00e9sitez pas \u00e0 faire cela pratique: les l\u00e9gumes surgel\u00e9s sont tout aussi nutritifs que frais (parfois plus encore). Vous pouvez jeter des \u00e9pinards cuits congel\u00e9s dans \u00e0 peu pr\u00e8s n&rsquo;importe quelle sauce ou soupe, ou r\u00f4tir un tas de l\u00e9gumes &#8211; froiss\u00e9, congel\u00e9, peu importe &#8211; sur une po\u00eale pour un plat d&rsquo;accompagnement ou un repas facile. Tout a bon go\u00fbt assaisonn\u00e9 et r\u00f4ti. <\/p>\n<h2 id=\"get-enough-protein\">Obtenez suffisamment de prot\u00e9ines<\/h2>\n<p>Il n&rsquo;est pas difficile d&rsquo;obtenir suffisamment de prot\u00e9ines sur une alimentation normale, mais en r\u00e9visant ce que vous mangez, assurez-vous de la faire de la place. Les prot\u00e9ines maigres comme le poisson, le poulet et le tofu sont une excellente base pour votre alimentation. Que ce soit pour inclure des plus gros comme la viande rouge d\u00e9pend de vos objectifs pour votre alimentation (y compris si votre m\u00e9decin vous a conseill\u00e9 de limiter ces aliments pour des raisons de sant\u00e9). <\/p>\n<p>Si vous essayez de perdre du poids, vous avez besoin de plus de prot\u00e9ines que la personne moyenne. Moins vous mangez de nourriture, plus il doit \u00eatre des prot\u00e9ines. N&rsquo;oubliez pas que les prot\u00e9ines sont un nutriment trouv\u00e9 dans de nombreux aliments; Ce ne sont pas seulement les viandes et le tofu eux-m\u00eames. Habituez-vous \u00e0 lire les \u00e9tiquettes (ou \u00e0 Googler la teneur en prot\u00e9ines de vos aliments) pour vous assurer d&rsquo;en obtenir beaucoup. Les nombres sont dans notre guide prot\u00e9ique. Si vous vous entra\u00eenez beaucoup, vous aurez \u00e9galement besoin de plus de prot\u00e9ines que la personne moyenne. <\/p>\n<p>Et ne vous inqui\u00e9tez pas des messages de peur que vous avez peut-\u00eatre entendu parler de la fa\u00e7on dont nous obtenons d\u00e9j\u00e0 des prot\u00e9ines \u00ab\u00a0trop\u00a0\u00bb. Ceci est un mythe, n\u00e9 de certains malentendus sur la fa\u00e7on dont la RDA pour les prot\u00e9ines est calcul\u00e9e. Lorsque vous v\u00e9rifiez les chiffres, il s&rsquo;av\u00e8re que la personne moyenne mange <em>Juste \u00e0 peine assez<\/em> Les prot\u00e9ines, et beaucoup d&rsquo;entre nous sont en groupes qui devraient obtenir plus que le minimum. Si vous \u00eates un adulte plus \u00e2g\u00e9, par exemple, vous avez probablement besoin beaucoup plus que vous n&rsquo;en obtenez d\u00e9j\u00e0.<\/p>\n<h2 id=\"have-less-sugar-and-processed-food\">Avoir moins de sucre et de nourriture transform\u00e9e<\/h2>\n<p>Il n&rsquo;est pas r\u00e9aliste de couper le sucre et les aliments transform\u00e9s compl\u00e8tement hors de votre alimentation. Le traitement est relatif, de toute fa\u00e7on; La cuisson est une forme de traitement. Mais si vous vous retrouvez \u00e0 manger beaucoup de ces aliments, il peut \u00eatre utile de vous demander: que puis-je manger \u00e0 la place?<\/p>\n<p>\u00c0 la place d&rsquo;une c\u00e9r\u00e9ale de petit-d\u00e9jeuner en bo\u00eete, par exemple, vous pouvez faire votre propre flocons d&rsquo;avoine ou avoine de nuit. Si vous buvez beaucoup de soda, peut-\u00eatre que vous iriez bien pour \u00e9changer certaines de ces boissons contre l&rsquo;eau ou le seltzer. Et si vous grignotez beaucoup de bonbons ou de frites, vous pourriez peut-\u00eatre agrandir vos repas (plus de prot\u00e9ines? Plus de l\u00e9gumes?)<\/p>\n<h2 id=\"make-it-easy-to-eat-healthy\">Faciliter la consommation saine<\/h2>\n<p><em>Intention<\/em> Manger sain est la partie facile. Il attrape en fait le bon repas ou la bonne collation lorsque vous \u00eates occup\u00e9 ou \u00e9puis\u00e9 qui fait voyager les gens. Alors r\u00e9fl\u00e9chissez \u00e0 ce que vous voulez manger et installez les choses pour vous faciliter la t\u00e2che. <\/p>\n<p>Mettez les fruits frais dans un endroit pratique et poussez les bonbons \u00e0 l&rsquo;arri\u00e8re d&rsquo;une armoire. Hachez des l\u00e9gumes le week-end et faites cuire du riz brun afin qu&rsquo;ils soient pr\u00eats \u00e0 monter ensemble quand il est temps pour un repas. Si vous aimez pr\u00e9parer le d\u00eener mais que vous avez tendance \u00e0 \u00eatre perdu \u00e0 l&rsquo;heure du d\u00e9jeuner, allez-y et pr\u00e9parez-vous un d\u00e9jeuner le soir (m\u00eame si vous travaillez \u00e0 la maison) afin que vous n&rsquo;ayez qu&rsquo;\u00e0 ouvrir votre bo\u00eete \u00e0 lunch quand il est temps de manger. <\/p>\n<p>Soit dit en passant, manger sain ne signifie pas de cuisson \u00e0 partir de z\u00e9ro. J&rsquo;adore obtenir des sacs de l\u00e9gumes glac\u00e9s ou des m\u00e9langes v\u00e9g\u00e9tariens \/ c\u00e9r\u00e9aliers de Trader Joe&rsquo;s et les jumeler avec toutes les prot\u00e9ines que j&rsquo;ai sous la main (souvent aussi achet\u00e9es et d\u00e9congel\u00e9es chez Trader Joe&rsquo;s, d\u00e9sol\u00e9, je suis pr\u00e9visible). Ce n&rsquo;est pas tricher de vous faciliter les choses. Si vous pensez que la pr\u00e9paration de vos repas \u00e0 l&rsquo;avance pourrait vous aider, consultez mon guide pour entrer dans l&rsquo;habitude de pr\u00e9paration des repas sans \u00eatre submerg\u00e9 par la cuisine ou ennuy\u00e9 par les repas. <\/p>\n<h2 id=\"only-track-calories-if-you-really-want-or-need-to\">Suivez uniquement les calories si vous voulez vraiment ou avez besoin de<\/h2>\n<p>Si vous essayez de prendre ou de perdre du poids, ce qui doit arriver, c&rsquo;est que votre apport calorique total devra changer par rapport au nombre de calories que vous br\u00fblez. Et si votre poids a chang\u00e9 mais vous <em>ne le faites pas<\/em> Je le veux, vous aurez besoin de votre apport calorique et de votre br\u00fblure calorique pour \u00eatre \u00e9gale. Le suivi de votre nourriture et le comptage des calories peuvent vous aider \u00e0 garder un \u0153il sur la question de savoir si les chiffres se d\u00e9roulent comme vous le souhaitez. <\/p>\n<p>Cela dit, ne suivez pas les calories simplement parce que vous vous sentez comme vous \u00abdevriez\u00bb. Si vous n&rsquo;avez pas d&rsquo;objectif sp\u00e9cifique, ou si vous \u00eates flexible au sujet de la chronologie, vous n&rsquo;avez pas \u00e0 t\u00e9l\u00e9charger MyFitnessPal simplement parce que c&rsquo;est ce que tous vos amis de r\u00e9gime font. (Cronom\u00e8tre est la meilleure application pour le suivi des repas de toute fa\u00e7on, et vous pouvez mieux comprendre votre gain de poids ou votre perte avec macrofacteur (pay\u00e9) ou une solution de bricolage gratuite.)<\/p>\n<p>Si vous finissez par compter les calories, un mot d&rsquo;avertissement: ne visez pas un nombre choquant, m\u00eame si vous avez la volont\u00e9 pour le faire fonctionner. (1200 calories sont des rations de famine.) Les d\u00e9ficits de calories extr\u00eames peuvent vous faire perdre du muscle, pas seulement la graisse, ce qui peut vous laisser, ironiquement, moins apte \u00e0 celle que lorsque vous avez commenc\u00e9. Les changements progressifs sont de toute fa\u00e7on plus durables.<\/p>\n","protected":false},"excerpt":{"rendered":"<p>Il n&rsquo;y a pas de \u00ab\u00a0meilleur\u00a0\u00bb r\u00e9gime, mais voici quelques \u00e9tapes simples qui vous permettront de manger plus sainement que vous ne l&rsquo;\u00eates maintenant. Manger<\/p>\n","protected":false},"author":1,"featured_media":5193,"comment_status":"","ping_status":"","sticky":false,"template":"","format":"standard","meta":{"footnotes":""},"categories":[38],"tags":[1323,44,1170,5387],"class_list":["post-5197","post","type-post","status-publish","format-standard","has-post-thumbnail","hentry","category-sante","tag-commencer","tag-comment","tag-manger","tag-sainement","generate-columns","tablet-grid-50","mobile-grid-100","grid-parent","grid-33"],"yoast_head":"<!-- This site is optimized with the Yoast SEO plugin v24.0 - https:\/\/yoast.com\/wordpress\/plugins\/seo\/ -->\n<title>Comment commencer \u00e0 manger sainement | Vie Associative<\/title>\n<meta name=\"robots\" content=\"index, follow, max-snippet:-1, max-image-preview:large, max-video-preview:-1\" \/>\n<link rel=\"canonical\" href=\"https:\/\/vieassociative.be\/actualites\/comment-commencer-a-manger-sainement-2\/\" \/>\n<meta property=\"og:locale\" content=\"fr_FR\" \/>\n<meta property=\"og:type\" content=\"article\" \/>\n<meta property=\"og:title\" content=\"Comment commencer \u00e0 manger sainement | Vie Associative\" \/>\n<meta property=\"og:description\" content=\"Il n&rsquo;y a pas de \u00ab\u00a0meilleur\u00a0\u00bb r\u00e9gime, mais voici quelques \u00e9tapes simples qui vous permettront de manger plus sainement que vous ne l&rsquo;\u00eates maintenant. Manger\" \/>\n<meta property=\"og:url\" content=\"https:\/\/vieassociative.be\/actualites\/comment-commencer-a-manger-sainement-2\/\" \/>\n<meta property=\"og:site_name\" content=\"Vie Associative\" \/>\n<meta property=\"article:published_time\" content=\"2025-02-17T23:17:20+00:00\" \/>\n<meta property=\"og:image\" content=\"https:\/\/vieassociative.be\/actualites\/wp-content\/uploads\/2024\/09\/header_backgroundk-01-e1726694325946.png\" \/>\n\t<meta property=\"og:image:width\" content=\"279\" \/>\n\t<meta property=\"og:image:height\" content=\"92\" \/>\n\t<meta property=\"og:image:type\" content=\"image\/png\" \/>\n<meta name=\"author\" content=\"Julien\" \/>\n<meta name=\"twitter:card\" content=\"summary_large_image\" \/>\n<meta name=\"twitter:label1\" content=\"\u00c9crit par\" \/>\n\t<meta name=\"twitter:data1\" content=\"Julien\" \/>\n\t<meta name=\"twitter:label2\" content=\"Dur\u00e9e de lecture est.\" \/>\n\t<meta name=\"twitter:data2\" content=\"8 minutes\" \/>\n<script type=\"application\/ld+json\" class=\"yoast-schema-graph\">{\"@context\":\"https:\/\/schema.org\",\"@graph\":[{\"@type\":\"Article\",\"@id\":\"https:\/\/vieassociative.be\/actualites\/comment-commencer-a-manger-sainement-2\/#article\",\"isPartOf\":{\"@id\":\"https:\/\/vieassociative.be\/actualites\/comment-commencer-a-manger-sainement-2\/\"},\"author\":{\"name\":\"Julien\",\"@id\":\"https:\/\/vieassociative.be\/actualites\/#\/schema\/person\/b87ac4f82f9d4e7b7cec7395b679edc4\"},\"headline\":\"Comment commencer \u00e0 manger sainement\",\"datePublished\":\"2025-02-17T23:17:20+00:00\",\"dateModified\":\"2025-02-17T23:17:20+00:00\",\"mainEntityOfPage\":{\"@id\":\"https:\/\/vieassociative.be\/actualites\/comment-commencer-a-manger-sainement-2\/\"},\"wordCount\":1623,\"publisher\":{\"@id\":\"https:\/\/vieassociative.be\/actualites\/#organization\"},\"image\":{\"@id\":\"https:\/\/vieassociative.be\/actualites\/comment-commencer-a-manger-sainement-2\/#primaryimage\"},\"thumbnailUrl\":\"https:\/\/vieassociative.be\/actualites\/wp-content\/uploads\/2025\/02\/Comment-commencer-a-manger-sainement.jpg\",\"keywords\":[\"commencer\",\"Comment\",\"manger\",\"sainement\"],\"articleSection\":[\"Sant\u00e9\"],\"inLanguage\":\"fr-BE\"},{\"@type\":\"WebPage\",\"@id\":\"https:\/\/vieassociative.be\/actualites\/comment-commencer-a-manger-sainement-2\/\",\"url\":\"https:\/\/vieassociative.be\/actualites\/comment-commencer-a-manger-sainement-2\/\",\"name\":\"Comment commencer \u00e0 manger sainement | Vie Associative\",\"isPartOf\":{\"@id\":\"https:\/\/vieassociative.be\/actualites\/#website\"},\"primaryImageOfPage\":{\"@id\":\"https:\/\/vieassociative.be\/actualites\/comment-commencer-a-manger-sainement-2\/#primaryimage\"},\"image\":{\"@id\":\"https:\/\/vieassociative.be\/actualites\/comment-commencer-a-manger-sainement-2\/#primaryimage\"},\"thumbnailUrl\":\"https:\/\/vieassociative.be\/actualites\/wp-content\/uploads\/2025\/02\/Comment-commencer-a-manger-sainement.jpg\",\"datePublished\":\"2025-02-17T23:17:20+00:00\",\"dateModified\":\"2025-02-17T23:17:20+00:00\",\"breadcrumb\":{\"@id\":\"https:\/\/vieassociative.be\/actualites\/comment-commencer-a-manger-sainement-2\/#breadcrumb\"},\"inLanguage\":\"fr-BE\",\"potentialAction\":[{\"@type\":\"ReadAction\",\"target\":[\"https:\/\/vieassociative.be\/actualites\/comment-commencer-a-manger-sainement-2\/\"]}]},{\"@type\":\"ImageObject\",\"inLanguage\":\"fr-BE\",\"@id\":\"https:\/\/vieassociative.be\/actualites\/comment-commencer-a-manger-sainement-2\/#primaryimage\",\"url\":\"https:\/\/vieassociative.be\/actualites\/wp-content\/uploads\/2025\/02\/Comment-commencer-a-manger-sainement.jpg\",\"contentUrl\":\"https:\/\/vieassociative.be\/actualites\/wp-content\/uploads\/2025\/02\/Comment-commencer-a-manger-sainement.jpg\",\"width\":1200,\"height\":675,\"caption\":\"Comment commencer \u00e0 manger sainement\"},{\"@type\":\"BreadcrumbList\",\"@id\":\"https:\/\/vieassociative.be\/actualites\/comment-commencer-a-manger-sainement-2\/#breadcrumb\",\"itemListElement\":[{\"@type\":\"ListItem\",\"position\":1,\"name\":\"Accueil\",\"item\":\"https:\/\/vieassociative.be\/actualites\/\"},{\"@type\":\"ListItem\",\"position\":2,\"name\":\"Comment commencer \u00e0 manger sainement\"}]},{\"@type\":\"WebSite\",\"@id\":\"https:\/\/vieassociative.be\/actualites\/#website\",\"url\":\"https:\/\/vieassociative.be\/actualites\/\",\"name\":\"Vie Associative\",\"description\":\"\",\"publisher\":{\"@id\":\"https:\/\/vieassociative.be\/actualites\/#organization\"},\"potentialAction\":[{\"@type\":\"SearchAction\",\"target\":{\"@type\":\"EntryPoint\",\"urlTemplate\":\"https:\/\/vieassociative.be\/actualites\/?s={search_term_string}\"},\"query-input\":{\"@type\":\"PropertyValueSpecification\",\"valueRequired\":true,\"valueName\":\"search_term_string\"}}],\"inLanguage\":\"fr-BE\"},{\"@type\":\"Organization\",\"@id\":\"https:\/\/vieassociative.be\/actualites\/#organization\",\"name\":\"Vie Associative\",\"url\":\"https:\/\/vieassociative.be\/actualites\/\",\"logo\":{\"@type\":\"ImageObject\",\"inLanguage\":\"fr-BE\",\"@id\":\"https:\/\/vieassociative.be\/actualites\/#\/schema\/logo\/image\/\",\"url\":\"https:\/\/vieassociative.be\/actualites\/wp-content\/uploads\/2024\/09\/cropped-vieassociative_favicon.ico.png\",\"contentUrl\":\"https:\/\/vieassociative.be\/actualites\/wp-content\/uploads\/2024\/09\/cropped-vieassociative_favicon.ico.png\",\"width\":512,\"height\":512,\"caption\":\"Vie Associative\"},\"image\":{\"@id\":\"https:\/\/vieassociative.be\/actualites\/#\/schema\/logo\/image\/\"}},{\"@type\":\"Person\",\"@id\":\"https:\/\/vieassociative.be\/actualites\/#\/schema\/person\/b87ac4f82f9d4e7b7cec7395b679edc4\",\"name\":\"Julien\",\"image\":{\"@type\":\"ImageObject\",\"inLanguage\":\"fr-BE\",\"@id\":\"https:\/\/vieassociative.be\/actualites\/#\/schema\/person\/image\/\",\"url\":\"https:\/\/vieassociative.be\/actualites\/wp-content\/uploads\/2024\/09\/vie-associative-1-150x150.jpg\",\"contentUrl\":\"https:\/\/vieassociative.be\/actualites\/wp-content\/uploads\/2024\/09\/vie-associative-1-150x150.jpg\",\"caption\":\"Julien\"},\"description\":\"Je suis Julien, r\u00e9dacteur pour Vie Associative. Passionn\u00e9 par le monde associatif depuis plus de 10 ans, j'ai \u00e0 c\u0153ur de partager des histoires inspirantes et de mettre en lumi\u00e8re les initiatives locales. Mon objectif est de sensibiliser et d'encourager l'engagement communautaire \u00e0 travers mes articles.\",\"sameAs\":[\"https:\/\/vieassociative.be\/\"]}]}<\/script>\n<!-- \/ Yoast SEO plugin. -->","yoast_head_json":{"title":"Comment commencer \u00e0 manger sainement | Vie Associative","robots":{"index":"index","follow":"follow","max-snippet":"max-snippet:-1","max-image-preview":"max-image-preview:large","max-video-preview":"max-video-preview:-1"},"canonical":"https:\/\/vieassociative.be\/actualites\/comment-commencer-a-manger-sainement-2\/","og_locale":"fr_FR","og_type":"article","og_title":"Comment commencer \u00e0 manger sainement | Vie Associative","og_description":"Il n&rsquo;y a pas de \u00ab\u00a0meilleur\u00a0\u00bb r\u00e9gime, mais voici quelques \u00e9tapes simples qui vous permettront de manger plus sainement que vous ne l&rsquo;\u00eates maintenant. Manger","og_url":"https:\/\/vieassociative.be\/actualites\/comment-commencer-a-manger-sainement-2\/","og_site_name":"Vie Associative","article_published_time":"2025-02-17T23:17:20+00:00","og_image":[{"width":279,"height":92,"url":"https:\/\/vieassociative.be\/actualites\/wp-content\/uploads\/2024\/09\/header_backgroundk-01-e1726694325946.png","type":"image\/png"}],"author":"Julien","twitter_card":"summary_large_image","twitter_misc":{"\u00c9crit par":"Julien","Dur\u00e9e de lecture est.":"8 minutes"},"schema":{"@context":"https:\/\/schema.org","@graph":[{"@type":"Article","@id":"https:\/\/vieassociative.be\/actualites\/comment-commencer-a-manger-sainement-2\/#article","isPartOf":{"@id":"https:\/\/vieassociative.be\/actualites\/comment-commencer-a-manger-sainement-2\/"},"author":{"name":"Julien","@id":"https:\/\/vieassociative.be\/actualites\/#\/schema\/person\/b87ac4f82f9d4e7b7cec7395b679edc4"},"headline":"Comment commencer \u00e0 manger sainement","datePublished":"2025-02-17T23:17:20+00:00","dateModified":"2025-02-17T23:17:20+00:00","mainEntityOfPage":{"@id":"https:\/\/vieassociative.be\/actualites\/comment-commencer-a-manger-sainement-2\/"},"wordCount":1623,"publisher":{"@id":"https:\/\/vieassociative.be\/actualites\/#organization"},"image":{"@id":"https:\/\/vieassociative.be\/actualites\/comment-commencer-a-manger-sainement-2\/#primaryimage"},"thumbnailUrl":"https:\/\/vieassociative.be\/actualites\/wp-content\/uploads\/2025\/02\/Comment-commencer-a-manger-sainement.jpg","keywords":["commencer","Comment","manger","sainement"],"articleSection":["Sant\u00e9"],"inLanguage":"fr-BE"},{"@type":"WebPage","@id":"https:\/\/vieassociative.be\/actualites\/comment-commencer-a-manger-sainement-2\/","url":"https:\/\/vieassociative.be\/actualites\/comment-commencer-a-manger-sainement-2\/","name":"Comment commencer \u00e0 manger sainement | Vie Associative","isPartOf":{"@id":"https:\/\/vieassociative.be\/actualites\/#website"},"primaryImageOfPage":{"@id":"https:\/\/vieassociative.be\/actualites\/comment-commencer-a-manger-sainement-2\/#primaryimage"},"image":{"@id":"https:\/\/vieassociative.be\/actualites\/comment-commencer-a-manger-sainement-2\/#primaryimage"},"thumbnailUrl":"https:\/\/vieassociative.be\/actualites\/wp-content\/uploads\/2025\/02\/Comment-commencer-a-manger-sainement.jpg","datePublished":"2025-02-17T23:17:20+00:00","dateModified":"2025-02-17T23:17:20+00:00","breadcrumb":{"@id":"https:\/\/vieassociative.be\/actualites\/comment-commencer-a-manger-sainement-2\/#breadcrumb"},"inLanguage":"fr-BE","potentialAction":[{"@type":"ReadAction","target":["https:\/\/vieassociative.be\/actualites\/comment-commencer-a-manger-sainement-2\/"]}]},{"@type":"ImageObject","inLanguage":"fr-BE","@id":"https:\/\/vieassociative.be\/actualites\/comment-commencer-a-manger-sainement-2\/#primaryimage","url":"https:\/\/vieassociative.be\/actualites\/wp-content\/uploads\/2025\/02\/Comment-commencer-a-manger-sainement.jpg","contentUrl":"https:\/\/vieassociative.be\/actualites\/wp-content\/uploads\/2025\/02\/Comment-commencer-a-manger-sainement.jpg","width":1200,"height":675,"caption":"Comment commencer \u00e0 manger sainement"},{"@type":"BreadcrumbList","@id":"https:\/\/vieassociative.be\/actualites\/comment-commencer-a-manger-sainement-2\/#breadcrumb","itemListElement":[{"@type":"ListItem","position":1,"name":"Accueil","item":"https:\/\/vieassociative.be\/actualites\/"},{"@type":"ListItem","position":2,"name":"Comment commencer \u00e0 manger sainement"}]},{"@type":"WebSite","@id":"https:\/\/vieassociative.be\/actualites\/#website","url":"https:\/\/vieassociative.be\/actualites\/","name":"Vie Associative","description":"","publisher":{"@id":"https:\/\/vieassociative.be\/actualites\/#organization"},"potentialAction":[{"@type":"SearchAction","target":{"@type":"EntryPoint","urlTemplate":"https:\/\/vieassociative.be\/actualites\/?s={search_term_string}"},"query-input":{"@type":"PropertyValueSpecification","valueRequired":true,"valueName":"search_term_string"}}],"inLanguage":"fr-BE"},{"@type":"Organization","@id":"https:\/\/vieassociative.be\/actualites\/#organization","name":"Vie Associative","url":"https:\/\/vieassociative.be\/actualites\/","logo":{"@type":"ImageObject","inLanguage":"fr-BE","@id":"https:\/\/vieassociative.be\/actualites\/#\/schema\/logo\/image\/","url":"https:\/\/vieassociative.be\/actualites\/wp-content\/uploads\/2024\/09\/cropped-vieassociative_favicon.ico.png","contentUrl":"https:\/\/vieassociative.be\/actualites\/wp-content\/uploads\/2024\/09\/cropped-vieassociative_favicon.ico.png","width":512,"height":512,"caption":"Vie Associative"},"image":{"@id":"https:\/\/vieassociative.be\/actualites\/#\/schema\/logo\/image\/"}},{"@type":"Person","@id":"https:\/\/vieassociative.be\/actualites\/#\/schema\/person\/b87ac4f82f9d4e7b7cec7395b679edc4","name":"Julien","image":{"@type":"ImageObject","inLanguage":"fr-BE","@id":"https:\/\/vieassociative.be\/actualites\/#\/schema\/person\/image\/","url":"https:\/\/vieassociative.be\/actualites\/wp-content\/uploads\/2024\/09\/vie-associative-1-150x150.jpg","contentUrl":"https:\/\/vieassociative.be\/actualites\/wp-content\/uploads\/2024\/09\/vie-associative-1-150x150.jpg","caption":"Julien"},"description":"Je suis Julien, r\u00e9dacteur pour Vie Associative. Passionn\u00e9 par le monde associatif depuis plus de 10 ans, j'ai \u00e0 c\u0153ur de partager des histoires inspirantes et de mettre en lumi\u00e8re les initiatives locales. Mon objectif est de sensibiliser et d'encourager l'engagement communautaire \u00e0 travers mes articles.","sameAs":["https:\/\/vieassociative.be\/"]}]}},"_links":{"self":[{"href":"https:\/\/vieassociative.be\/actualites\/wp-json\/wp\/v2\/posts\/5197"}],"collection":[{"href":"https:\/\/vieassociative.be\/actualites\/wp-json\/wp\/v2\/posts"}],"about":[{"href":"https:\/\/vieassociative.be\/actualites\/wp-json\/wp\/v2\/types\/post"}],"author":[{"embeddable":true,"href":"https:\/\/vieassociative.be\/actualites\/wp-json\/wp\/v2\/users\/1"}],"replies":[{"embeddable":true,"href":"https:\/\/vieassociative.be\/actualites\/wp-json\/wp\/v2\/comments?post=5197"}],"version-history":[{"count":0,"href":"https:\/\/vieassociative.be\/actualites\/wp-json\/wp\/v2\/posts\/5197\/revisions"}],"wp:featuredmedia":[{"embeddable":true,"href":"https:\/\/vieassociative.be\/actualites\/wp-json\/wp\/v2\/media\/5193"}],"wp:attachment":[{"href":"https:\/\/vieassociative.be\/actualites\/wp-json\/wp\/v2\/media?parent=5197"}],"wp:term":[{"taxonomy":"category","embeddable":true,"href":"https:\/\/vieassociative.be\/actualites\/wp-json\/wp\/v2\/categories?post=5197"},{"taxonomy":"post_tag","embeddable":true,"href":"https:\/\/vieassociative.be\/actualites\/wp-json\/wp\/v2\/tags?post=5197"}],"curies":[{"name":"wp","href":"https:\/\/api.w.org\/{rel}","templated":true}]}}