{"id":5194,"date":"2025-02-17T21:17:53","date_gmt":"2025-02-17T20:17:53","guid":{"rendered":"https:\/\/vieassociative.be\/actualites\/le-sommet-de-la-crise-commence-apres-le-debat-sur-lenvoi-dune-force-de-paix-europeenne-pour-lukraine\/"},"modified":"2025-02-17T21:17:53","modified_gmt":"2025-02-17T20:17:53","slug":"le-sommet-de-la-crise-commence-apres-le-debat-sur-lenvoi-dune-force-de-paix-europeenne-pour-lukraine","status":"publish","type":"post","link":"https:\/\/vieassociative.be\/actualites\/le-sommet-de-la-crise-commence-apres-le-debat-sur-lenvoi-dune-force-de-paix-europeenne-pour-lukraine\/","title":{"rendered":"Le sommet de la crise commence apr\u00e8s le d\u00e9bat sur l&rsquo;envoi d&rsquo;une force de paix europ\u00e9enne pour l&rsquo;Ukraine"},"content":{"rendered":"<p><strong>Afin de trouver une ligne europ\u00e9enne commune dans la politique de l&rsquo;Ukraine, plusieurs chefs d&rsquo;\u00c9tat et de gouvernement \u00e0 Paris se sont r\u00e9unis pour former un sommet. L&rsquo;Italie, la Pologne, l&rsquo;Espagne, les Pays-Bas et le Danemark sont \u00e9galement repr\u00e9sent\u00e9s ainsi que les sommets de l&rsquo;UE et de l&rsquo;OTAN. Les Europ\u00e9ens veulent informer la fa\u00e7on de g\u00e9rer le changement de la politique am\u00e9ricaine dans la guerre de l&rsquo;Ukraine.<\/strong><\/p>\n<p><span id=\"more-408425\"><\/span>Dans l&rsquo;apr\u00e8s-midi, entre autres, le chancelier Olaf Scholz et le premier ministre britannique Keir Strandmer sont arriv\u00e9s \u00e0 l&rsquo;\u00c9lys\u00e9e-Palast. Peu de temps avant le d\u00e9but de la r\u00e9union, l&rsquo;h\u00f4te Emmanuel Macron a appel\u00e9 le pr\u00e9sident am\u00e9ricain Donald Trump.<\/p>\n<p>Trump veut commencer les n\u00e9gociations avec le pr\u00e9sident russe Vladimir Poutine d\u00e8s que possible sur la fin de la guerre d&rsquo;attaque russe en Ukraine. Le secr\u00e9taire d&rsquo;\u00c9tat am\u00e9ricain Marco Rubio et Rankhoehhe, les repr\u00e9sentants de la Russie, veulent en parler cette semaine en Arabie saoudite, sans la participation de l&rsquo;Ukraine ou d&rsquo;autres repr\u00e9sentants europ\u00e9ens. Les \u00c9tats-Unis ont d\u00e9j\u00e0 clairement indiqu\u00e9 qu&rsquo;ils ne voulaient pas envoyer des soldats en Ukraine pour s\u00e9curiser un armistice.<\/p>\n<div id=\"attachment_408453\" class=\"wp-caption alignleft\" style=\"max-width: 300px\"><img fetchpriority=\"high\" decoding=\"async\" class=\"wp-image-408453 size-medium\" src=\"https:\/\/vieassociative.be\/actualites\/wp-content\/uploads\/2025\/02\/Le-sommet-de-la-crise-commence-apres-le-debat-sur.jpg\" alt=\"\" width=\"300\" height=\"200\"><\/p>\n<p class=\"wp-caption-text\">17\/02\/2025, France, Paris: Wachen se tient devant l&rsquo;ElyS\u00e9epalast lors d&rsquo;une r\u00e9union informelle des chefs d&rsquo;\u00c9tat et du gouvernement des pays les plus importants de l&rsquo;UE et du Royaume-Uni \u00e0 Paris. Photo: Aurelien Morissard \/ AP \/ DPA<\/p>\n<\/div>\n<p><strong>&#8211; D\u00e9saccord en cas d&rsquo;un \u00e9ventuel soldat de la paix avant les r\u00e9unions clairement:<\/strong> Avant que les pourparlers ne commencent \u00e0 Paris, les Europ\u00e9ens se sont montr\u00e9s \u00e0 la question d&rsquo;une force de paix pour obtenir un cessez-le-feu \u00e9ventuel. Strander s&rsquo;est pr\u00e9cipit\u00e9 et a montr\u00e9 \u00abpr\u00eat et volont\u00e9\u00bb \u00e0 envoyer des soldats dans le pays attaqu\u00e9 par la Russie si n\u00e9cessaire. Dans un article invit\u00e9 pour le \u00abTelegraph\u00bb, il a \u00e9crit que la Grande-Bretagne pourrait assumer un \u00abr\u00f4le de premier plan\u00bb pour l&rsquo;Ukraine lorsqu&rsquo;il travaille sur les garanties de s\u00e9curit\u00e9.<\/p>\n<p>Scholz, en revanche, consid\u00e8re le d\u00e9bat pr\u00e9matur\u00e9. \u00ab\u00a0Il est tr\u00e8s important que nous le pr\u00e9cisions clairement, malheureusement nous sommes loin d&rsquo;\u00eatre\u00a0\u00bb, a d\u00e9clar\u00e9 Scholz avant de partir \u00e0 Paris \u00e0 Kassel. La question est maintenant de savoir comment la paix peut \u00eatre garantie sans que les chefs des Ukrainiens soient d\u00e9cid\u00e9s.<\/p>\n<p>Le pr\u00e9sident ukrainien Wolodymyr Selenskyj, en revanche, a soulign\u00e9 en mettant l&rsquo;accent sur les soldats de la paix europ\u00e9ens. \u00ab\u00a0Je pense que nous sommes tr\u00e8s forts en ce qui concerne la question d&rsquo;un contingent\u00a0\u00bb, a-t-il d\u00e9clar\u00e9 \u00e0 l&rsquo;agence de presse Interfax-Ukraine, selon les journalistes \u00e0 la fin d&rsquo;une visite aux \u00c9mirats arabes unis. \u00ab\u00a0Nous voulons des garanties de s\u00e9curit\u00e9 non seulement sur le papier, mais sur le sol, dans l&rsquo;eau, dans l&rsquo;air, les avions, les avions, les navires.\u00a0\u00bb<\/p>\n<p><strong>&#8211; France Rapports sur les conversations tr\u00e8s sp\u00e9cifiques:<\/strong> Macron conduit depuis longtemps le sujet d&rsquo;un soldat de la paix europ\u00e9en. D\u00e8s la mi-d\u00e9cembre, six semaines avant que Trump ne prenne ses fonctions, il y avait des informations sur les plans du gouvernement concern\u00e9s \u00e0 Paris.<\/p>\n<p>Le ministre fran\u00e7ais des Affaires \u00e9trang\u00e8res, Jean-No\u00ebl Barrot, rapporte d\u00e9sormais des conversations tr\u00e8s concr\u00e8tes \u00ab\u00a0\u00e0 diff\u00e9rents niveaux\u00a0\u00bb, qui traitent de la publication de troupes en particulier de la France, de la Grande-Bretagne et de la Pologne &#8211; les \u00ab\u00a0trois grandes arm\u00e9es\u00a0\u00bb d&rsquo;Europe. La Force de la paix devrait assurer un cessez-le-feu futur et une \u00ab\u00a0paix permanente\u00a0\u00bb en Ukraine, a-t-il d\u00e9clar\u00e9 dans une interview du diffuseur LCI.<\/p>\n<\/p>\n<div id=\"attachment_408455\" class=\"wp-caption alignleft\" style=\"max-width: 300px\"><img decoding=\"async\" class=\"wp-image-408455 size-medium\" src=\"https:\/\/vieassociative.be\/actualites\/wp-content\/uploads\/2025\/02\/1739823473_511_Le-sommet-de-la-crise-commence-apres-le-debat-sur.jpg\" alt=\"\" width=\"300\" height=\"200\"><\/p>\n<p class=\"wp-caption-text\">17\/02\/2025, France, Paris: le chancelier Olaf Scholz (SPD) parle aux repr\u00e9sentants des m\u00e9dias dans le message allemand apr\u00e8s une r\u00e9union informelle des chefs d&rsquo;\u00c9tat et du gouvernement des pays les plus importants de l&rsquo;Union europ\u00e9enne et du Royaume-Uni \u00e0 Paris . Photo: Thibault Camus \/ AP \/ DPA<\/p>\n<\/div>\n<p>L&rsquo;Allemagne, qui poss\u00e8de la cinqui\u00e8me plus grande arm\u00e9e de l&rsquo;alliance, selon les \u00c9tats-Unis, la Turquie, la Pologne et la France, ne mentionne pas le ministre des Affaires \u00e9trang\u00e8res. La Grande-Bretagne n&rsquo;est qu&rsquo;\u00e0 la septi\u00e8me place derri\u00e8re l&rsquo;Italie.<\/p>\n<p><strong>&#8211; Ligne rouge de Scholz:<\/strong> Scholz est sur le frein depuis le d\u00e9but du d\u00e9bat sur une force de paix. Son argument: Tout d&rsquo;abord, il doit y avoir un r\u00e9sultat de n\u00e9gociation avec la participation des Ukrainiens, alors seulement pour obtenir un cessez-le-feu. \u00ab\u00a0Trump pour promouvoir quelque chose pour un accord que nous ne savons m\u00eame pas serait n\u00e9gligent\u00a0\u00bb, explique les cercles gouvernementaux allemands.<\/p>\n<p>Il y a une ligne rouge pour l&rsquo;ordre des troupes: sans la participation des troupes am\u00e9ricaines, cela est hors de question pour lui car \u00e0 son avis, cela diviserait l&rsquo;OTAN: \u00abDans ce contexte, nous ne participerons pas \u00e0 des sc\u00e9narios, dans lesquels Europ\u00e9en et la s\u00e9curit\u00e9 am\u00e9ricaine, par exemple, sont utilis\u00e9es, par exemple des soldats europ\u00e9ens sans investissement am\u00e9ricain complet. \u00bb<\/p>\n<p><strong>&#8211; L&rsquo;Allemagne pr\u00e9f\u00e8re am\u00e9liorer l&rsquo;arm\u00e9e ukrainienne:<\/strong> Le chancelier pr\u00e9f\u00e9rerait de loin mettre les Ukrainiens en position d&rsquo;assurer leur s\u00e9curit\u00e9 eux-m\u00eames. \u00ab\u00a0Pour moi, il est tr\u00e8s clair que l&rsquo;accent est mis sur une arm\u00e9e ukrainienne tr\u00e8s forte, m\u00eame pendant la paix\u00a0\u00bb, dit-il \u00e0 Kassel. Il voit les Europ\u00e9ens et les Am\u00e9ricains davantage en tant que donateur et fournisseur. \u00ab\u00a0Ce sera une grande t\u00e2che pour l&rsquo;Europe, les \u00c9tats-Unis et les partenaires de l&rsquo;Alliance internationale.\u00a0\u00bb<\/p>\n<p>Avant un cessez-le-feu, la publication des troupes de l&rsquo;OTAN pour Scholz est compl\u00e8tement exclue parce que, \u00e0 son avis, l&rsquo;alliance serait entra\u00een\u00e9e dans la guerre. Cependant, il n&rsquo;est pas clair si d&rsquo;autres accents seraient fix\u00e9s par un nouveau gouvernement f\u00e9d\u00e9ral apr\u00e8s les \u00e9lections de Bundestag.<\/p>\n<\/p>\n<div id=\"attachment_408428\" class=\"wp-caption alignleft\" style=\"max-width: 300px\"><img decoding=\"async\" class=\"wp-image-408428 size-medium\" src=\"https:\/\/vieassociative.be\/actualites\/wp-content\/uploads\/2025\/02\/1739823473_268_Le-sommet-de-la-crise-commence-apres-le-debat-sur.jpg\" alt=\"\" width=\"300\" height=\"200\"><\/p>\n<p class=\"wp-caption-text\">07.12.2024, France, Paris: le pr\u00e9sident de la France Emmanuel Macron (M) montre son pouce, flanqu\u00e9 du pr\u00e9sident am\u00e9ricain d\u00e9sign\u00e9 Donald Trump (R) et du pr\u00e9sident ukrainien Wolodymyr Selenskyj apr\u00e8s une r\u00e9union au pr\u00e9sident Palace Elys\u00e9e. Photo: Julien de Rosa \/ AFP \/ DPA<\/p>\n<\/div>\n<p><strong>&#8211; Pologne R\u00e9serv\u00e9, Pays-Bas et Su\u00e8de Open:<\/strong><br \/>\n Contrairement au ministre fran\u00e7ais des Affaires \u00e9trang\u00e8res, la Pologne ne planifie pas une publication de soldats &#8211; mais soutient l&rsquo;approche des macrons et des stranchers. Avant son d\u00e9part pour Paris, le Premier ministre polonais Donald Tusk a d\u00e9clar\u00e9: \u00ab\u00a0Nous n&rsquo;avons pas l&rsquo;intention d&rsquo;envoyer des troupes polonaises en Ukraine, mais nous soutiendrons \u00e9galement les pays qui souhaitent donner de telles garanties \u00e0 l&rsquo;avenir.\u00a0\u00bb Le gouvernement de Varsovie a jusqu&rsquo;\u00e0 pr\u00e9sent \u00e9t\u00e9 r\u00e9serv\u00e9 \u00e0 des raisons historiques: avant la Seconde Guerre mondiale, certaines parties de l&rsquo;Ukraine occidentale actuelle appartenaient \u00e0 la Pologne.<\/p>\n<p>En revanche, les Pays-Bas et la Su\u00e8de se sont \u00e9galement montr\u00e9s ouverts \u00e0 la publication de troupes en Ukraine. L&rsquo;Espagne et le Danemark n&rsquo;ont finalement plus exclu une telle \u00e9tape cat\u00e9goriquement.<\/p>\n<p><strong>&#8211; La force des troupes n&rsquo;est pas claire:<\/strong> Combien de soldats europ\u00e9ens pourraient \u00eatre envoy\u00e9s en Ukraine apr\u00e8s qu&rsquo;un \u00e9ventuel accord de paix n&rsquo;est pas encore clair. Comme l&rsquo;agence de presse allemande l&rsquo;a appris des cercles de n\u00e9gociation, un num\u00e9ro \u00e0 cinq chiffres est discut\u00e9. En cons\u00e9quence, une force de troupe de 200 000 soldats mis en jeu par le pr\u00e9sident ukrainien Wolodymyr Selenskyj n&rsquo;est pas r\u00e9aliste. Au d\u00e9but du d\u00e9bat en d\u00e9cembre, plus de 40 000 soldats avaient \u00e9t\u00e9 sp\u00e9cul\u00e9s.<\/p>\n<p>Selon les diplomates, l&rsquo;objectif principal est actuellement de savoir si et si c&rsquo;est le cas, les soldats europ\u00e9ens pourraient \u00eatre stationn\u00e9s pour la formation des forces arm\u00e9es ukrainiennes dans la partie ouest du pays. Il est donc \u00e9galement extr\u00eamement peu probable qu&rsquo;ils soient envoy\u00e9s directement \u00e0 la ligne de premi\u00e8re ligne afin de surveiller la conformit\u00e9 \u00e0 un \u00e9ventuel accord de paix. (DPA)<\/p>\n","protected":false},"excerpt":{"rendered":"<p>Afin de trouver une ligne europ\u00e9enne commune dans la politique de l&rsquo;Ukraine, plusieurs chefs d&rsquo;\u00c9tat et de gouvernement \u00e0 Paris se sont r\u00e9unis pour former<\/p>\n","protected":false},"author":1,"featured_media":5195,"comment_status":"","ping_status":"","sticky":false,"template":"","format":"standard","meta":{"footnotes":""},"categories":[298],"tags":[472,1051,644,3035,698,3561,540,5388,3403,3280,81,4040,33],"class_list":["post-5194","post","type-post","status-publish","format-standard","has-post-thumbnail","hentry","category-belgique","tag-apres","tag-commence","tag-crise","tag-debat","tag-dune","tag-europeenne","tag-force","tag-lenvoi","tag-lukraine","tag-paix","tag-pour","tag-sommet","tag-sur","generate-columns","tablet-grid-50","mobile-grid-100","grid-parent","grid-33"],"yoast_head":"<!-- This site is optimized with the Yoast SEO plugin v24.0 - https:\/\/yoast.com\/wordpress\/plugins\/seo\/ -->\n<title>Le sommet de la crise commence apr\u00e8s le d\u00e9bat sur l&#039;envoi d&#039;une force de paix europ\u00e9enne pour l&#039;Ukraine | Vie Associative<\/title>\n<meta name=\"robots\" content=\"index, follow, max-snippet:-1, max-image-preview:large, max-video-preview:-1\" \/>\n<link rel=\"canonical\" href=\"https:\/\/vieassociative.be\/actualites\/le-sommet-de-la-crise-commence-apres-le-debat-sur-lenvoi-dune-force-de-paix-europeenne-pour-lukraine\/\" \/>\n<meta property=\"og:locale\" content=\"fr_FR\" \/>\n<meta property=\"og:type\" content=\"article\" \/>\n<meta property=\"og:title\" content=\"Le sommet de la crise commence apr\u00e8s le d\u00e9bat sur l&#039;envoi d&#039;une force de paix europ\u00e9enne pour l&#039;Ukraine | Vie Associative\" \/>\n<meta property=\"og:description\" content=\"Afin de trouver une ligne europ\u00e9enne commune dans la politique de l&rsquo;Ukraine, plusieurs chefs d&rsquo;\u00c9tat et de gouvernement \u00e0 Paris se sont r\u00e9unis pour former\" \/>\n<meta property=\"og:url\" content=\"https:\/\/vieassociative.be\/actualites\/le-sommet-de-la-crise-commence-apres-le-debat-sur-lenvoi-dune-force-de-paix-europeenne-pour-lukraine\/\" \/>\n<meta property=\"og:site_name\" content=\"Vie Associative\" \/>\n<meta property=\"article:published_time\" content=\"2025-02-17T20:17:53+00:00\" \/>\n<meta property=\"og:image\" content=\"https:\/\/vieassociative.be\/actualites\/wp-content\/uploads\/2024\/09\/header_backgroundk-01-e1726694325946.png\" \/>\n\t<meta property=\"og:image:width\" content=\"279\" \/>\n\t<meta property=\"og:image:height\" content=\"92\" \/>\n\t<meta property=\"og:image:type\" content=\"image\/png\" \/>\n<meta name=\"author\" content=\"Julien\" \/>\n<meta name=\"twitter:card\" content=\"summary_large_image\" \/>\n<meta name=\"twitter:label1\" content=\"\u00c9crit par\" \/>\n\t<meta name=\"twitter:data1\" content=\"Julien\" \/>\n\t<meta name=\"twitter:label2\" content=\"Dur\u00e9e de lecture est.\" \/>\n\t<meta name=\"twitter:data2\" content=\"7 minutes\" \/>\n<script type=\"application\/ld+json\" class=\"yoast-schema-graph\">{\"@context\":\"https:\/\/schema.org\",\"@graph\":[{\"@type\":\"Article\",\"@id\":\"https:\/\/vieassociative.be\/actualites\/le-sommet-de-la-crise-commence-apres-le-debat-sur-lenvoi-dune-force-de-paix-europeenne-pour-lukraine\/#article\",\"isPartOf\":{\"@id\":\"https:\/\/vieassociative.be\/actualites\/le-sommet-de-la-crise-commence-apres-le-debat-sur-lenvoi-dune-force-de-paix-europeenne-pour-lukraine\/\"},\"author\":{\"name\":\"Julien\",\"@id\":\"https:\/\/vieassociative.be\/actualites\/#\/schema\/person\/b87ac4f82f9d4e7b7cec7395b679edc4\"},\"headline\":\"Le sommet de la crise commence apr\u00e8s le d\u00e9bat sur l&rsquo;envoi d&rsquo;une force de paix europ\u00e9enne pour l&rsquo;Ukraine\",\"datePublished\":\"2025-02-17T20:17:53+00:00\",\"dateModified\":\"2025-02-17T20:17:53+00:00\",\"mainEntityOfPage\":{\"@id\":\"https:\/\/vieassociative.be\/actualites\/le-sommet-de-la-crise-commence-apres-le-debat-sur-lenvoi-dune-force-de-paix-europeenne-pour-lukraine\/\"},\"wordCount\":1392,\"publisher\":{\"@id\":\"https:\/\/vieassociative.be\/actualites\/#organization\"},\"image\":{\"@id\":\"https:\/\/vieassociative.be\/actualites\/le-sommet-de-la-crise-commence-apres-le-debat-sur-lenvoi-dune-force-de-paix-europeenne-pour-lukraine\/#primaryimage\"},\"thumbnailUrl\":\"https:\/\/vieassociative.be\/actualites\/wp-content\/uploads\/2025\/02\/1739823473_Le-sommet-de-la-crise-commence-apres-le-debat-sur.jpg\",\"keywords\":[\"Apr\u00e8s\",\"commenc\u00e9\",\"Crise\",\"d\u00e9bat\",\"dune\",\"europ\u00e9enne\",\"forc\u00e9\",\"lenvoi\",\"lUkraine\",\"paix\",\"pour\",\"Sommet\",\"sur\"],\"articleSection\":[\"Belgique\"],\"inLanguage\":\"fr-BE\"},{\"@type\":\"WebPage\",\"@id\":\"https:\/\/vieassociative.be\/actualites\/le-sommet-de-la-crise-commence-apres-le-debat-sur-lenvoi-dune-force-de-paix-europeenne-pour-lukraine\/\",\"url\":\"https:\/\/vieassociative.be\/actualites\/le-sommet-de-la-crise-commence-apres-le-debat-sur-lenvoi-dune-force-de-paix-europeenne-pour-lukraine\/\",\"name\":\"Le sommet de la crise commence apr\u00e8s le d\u00e9bat sur l'envoi d'une force de paix europ\u00e9enne pour l'Ukraine | Vie Associative\",\"isPartOf\":{\"@id\":\"https:\/\/vieassociative.be\/actualites\/#website\"},\"primaryImageOfPage\":{\"@id\":\"https:\/\/vieassociative.be\/actualites\/le-sommet-de-la-crise-commence-apres-le-debat-sur-lenvoi-dune-force-de-paix-europeenne-pour-lukraine\/#primaryimage\"},\"image\":{\"@id\":\"https:\/\/vieassociative.be\/actualites\/le-sommet-de-la-crise-commence-apres-le-debat-sur-lenvoi-dune-force-de-paix-europeenne-pour-lukraine\/#primaryimage\"},\"thumbnailUrl\":\"https:\/\/vieassociative.be\/actualites\/wp-content\/uploads\/2025\/02\/1739823473_Le-sommet-de-la-crise-commence-apres-le-debat-sur.jpg\",\"datePublished\":\"2025-02-17T20:17:53+00:00\",\"dateModified\":\"2025-02-17T20:17:53+00:00\",\"breadcrumb\":{\"@id\":\"https:\/\/vieassociative.be\/actualites\/le-sommet-de-la-crise-commence-apres-le-debat-sur-lenvoi-dune-force-de-paix-europeenne-pour-lukraine\/#breadcrumb\"},\"inLanguage\":\"fr-BE\",\"potentialAction\":[{\"@type\":\"ReadAction\",\"target\":[\"https:\/\/vieassociative.be\/actualites\/le-sommet-de-la-crise-commence-apres-le-debat-sur-lenvoi-dune-force-de-paix-europeenne-pour-lukraine\/\"]}]},{\"@type\":\"ImageObject\",\"inLanguage\":\"fr-BE\",\"@id\":\"https:\/\/vieassociative.be\/actualites\/le-sommet-de-la-crise-commence-apres-le-debat-sur-lenvoi-dune-force-de-paix-europeenne-pour-lukraine\/#primaryimage\",\"url\":\"https:\/\/vieassociative.be\/actualites\/wp-content\/uploads\/2025\/02\/1739823473_Le-sommet-de-la-crise-commence-apres-le-debat-sur.jpg\",\"contentUrl\":\"https:\/\/vieassociative.be\/actualites\/wp-content\/uploads\/2025\/02\/1739823473_Le-sommet-de-la-crise-commence-apres-le-debat-sur.jpg\",\"width\":1200,\"height\":800,\"caption\":\"Le sommet de la crise commence apr\u00e8s le d\u00e9bat sur l'envoi d'une force de paix europ\u00e9enne pour l'Ukraine\"},{\"@type\":\"BreadcrumbList\",\"@id\":\"https:\/\/vieassociative.be\/actualites\/le-sommet-de-la-crise-commence-apres-le-debat-sur-lenvoi-dune-force-de-paix-europeenne-pour-lukraine\/#breadcrumb\",\"itemListElement\":[{\"@type\":\"ListItem\",\"position\":1,\"name\":\"Accueil\",\"item\":\"https:\/\/vieassociative.be\/actualites\/\"},{\"@type\":\"ListItem\",\"position\":2,\"name\":\"Le sommet de la crise commence apr\u00e8s le d\u00e9bat sur l&rsquo;envoi d&rsquo;une force de paix europ\u00e9enne pour l&rsquo;Ukraine\"}]},{\"@type\":\"WebSite\",\"@id\":\"https:\/\/vieassociative.be\/actualites\/#website\",\"url\":\"https:\/\/vieassociative.be\/actualites\/\",\"name\":\"Vie Associative\",\"description\":\"\",\"publisher\":{\"@id\":\"https:\/\/vieassociative.be\/actualites\/#organization\"},\"potentialAction\":[{\"@type\":\"SearchAction\",\"target\":{\"@type\":\"EntryPoint\",\"urlTemplate\":\"https:\/\/vieassociative.be\/actualites\/?s={search_term_string}\"},\"query-input\":{\"@type\":\"PropertyValueSpecification\",\"valueRequired\":true,\"valueName\":\"search_term_string\"}}],\"inLanguage\":\"fr-BE\"},{\"@type\":\"Organization\",\"@id\":\"https:\/\/vieassociative.be\/actualites\/#organization\",\"name\":\"Vie Associative\",\"url\":\"https:\/\/vieassociative.be\/actualites\/\",\"logo\":{\"@type\":\"ImageObject\",\"inLanguage\":\"fr-BE\",\"@id\":\"https:\/\/vieassociative.be\/actualites\/#\/schema\/logo\/image\/\",\"url\":\"https:\/\/vieassociative.be\/actualites\/wp-content\/uploads\/2024\/09\/cropped-vieassociative_favicon.ico.png\",\"contentUrl\":\"https:\/\/vieassociative.be\/actualites\/wp-content\/uploads\/2024\/09\/cropped-vieassociative_favicon.ico.png\",\"width\":512,\"height\":512,\"caption\":\"Vie Associative\"},\"image\":{\"@id\":\"https:\/\/vieassociative.be\/actualites\/#\/schema\/logo\/image\/\"}},{\"@type\":\"Person\",\"@id\":\"https:\/\/vieassociative.be\/actualites\/#\/schema\/person\/b87ac4f82f9d4e7b7cec7395b679edc4\",\"name\":\"Julien\",\"image\":{\"@type\":\"ImageObject\",\"inLanguage\":\"fr-BE\",\"@id\":\"https:\/\/vieassociative.be\/actualites\/#\/schema\/person\/image\/\",\"url\":\"https:\/\/vieassociative.be\/actualites\/wp-content\/uploads\/2024\/09\/vie-associative-1-150x150.jpg\",\"contentUrl\":\"https:\/\/vieassociative.be\/actualites\/wp-content\/uploads\/2024\/09\/vie-associative-1-150x150.jpg\",\"caption\":\"Julien\"},\"description\":\"Je suis Julien, r\u00e9dacteur pour Vie Associative. Passionn\u00e9 par le monde associatif depuis plus de 10 ans, j'ai \u00e0 c\u0153ur de partager des histoires inspirantes et de mettre en lumi\u00e8re les initiatives locales. Mon objectif est de sensibiliser et d'encourager l'engagement communautaire \u00e0 travers mes articles.\",\"sameAs\":[\"https:\/\/vieassociative.be\/\"]}]}<\/script>\n<!-- \/ Yoast SEO plugin. -->","yoast_head_json":{"title":"Le sommet de la crise commence apr\u00e8s le d\u00e9bat sur l'envoi d'une force de paix europ\u00e9enne pour l'Ukraine | Vie Associative","robots":{"index":"index","follow":"follow","max-snippet":"max-snippet:-1","max-image-preview":"max-image-preview:large","max-video-preview":"max-video-preview:-1"},"canonical":"https:\/\/vieassociative.be\/actualites\/le-sommet-de-la-crise-commence-apres-le-debat-sur-lenvoi-dune-force-de-paix-europeenne-pour-lukraine\/","og_locale":"fr_FR","og_type":"article","og_title":"Le sommet de la crise commence apr\u00e8s le d\u00e9bat sur l'envoi d'une force de paix europ\u00e9enne pour l'Ukraine | Vie Associative","og_description":"Afin de trouver une ligne europ\u00e9enne commune dans la politique de l&rsquo;Ukraine, plusieurs chefs d&rsquo;\u00c9tat et de gouvernement \u00e0 Paris se sont r\u00e9unis pour former","og_url":"https:\/\/vieassociative.be\/actualites\/le-sommet-de-la-crise-commence-apres-le-debat-sur-lenvoi-dune-force-de-paix-europeenne-pour-lukraine\/","og_site_name":"Vie Associative","article_published_time":"2025-02-17T20:17:53+00:00","og_image":[{"width":279,"height":92,"url":"https:\/\/vieassociative.be\/actualites\/wp-content\/uploads\/2024\/09\/header_backgroundk-01-e1726694325946.png","type":"image\/png"}],"author":"Julien","twitter_card":"summary_large_image","twitter_misc":{"\u00c9crit par":"Julien","Dur\u00e9e de lecture est.":"7 minutes"},"schema":{"@context":"https:\/\/schema.org","@graph":[{"@type":"Article","@id":"https:\/\/vieassociative.be\/actualites\/le-sommet-de-la-crise-commence-apres-le-debat-sur-lenvoi-dune-force-de-paix-europeenne-pour-lukraine\/#article","isPartOf":{"@id":"https:\/\/vieassociative.be\/actualites\/le-sommet-de-la-crise-commence-apres-le-debat-sur-lenvoi-dune-force-de-paix-europeenne-pour-lukraine\/"},"author":{"name":"Julien","@id":"https:\/\/vieassociative.be\/actualites\/#\/schema\/person\/b87ac4f82f9d4e7b7cec7395b679edc4"},"headline":"Le sommet de la crise commence apr\u00e8s le d\u00e9bat sur l&rsquo;envoi d&rsquo;une force de paix europ\u00e9enne pour l&rsquo;Ukraine","datePublished":"2025-02-17T20:17:53+00:00","dateModified":"2025-02-17T20:17:53+00:00","mainEntityOfPage":{"@id":"https:\/\/vieassociative.be\/actualites\/le-sommet-de-la-crise-commence-apres-le-debat-sur-lenvoi-dune-force-de-paix-europeenne-pour-lukraine\/"},"wordCount":1392,"publisher":{"@id":"https:\/\/vieassociative.be\/actualites\/#organization"},"image":{"@id":"https:\/\/vieassociative.be\/actualites\/le-sommet-de-la-crise-commence-apres-le-debat-sur-lenvoi-dune-force-de-paix-europeenne-pour-lukraine\/#primaryimage"},"thumbnailUrl":"https:\/\/vieassociative.be\/actualites\/wp-content\/uploads\/2025\/02\/1739823473_Le-sommet-de-la-crise-commence-apres-le-debat-sur.jpg","keywords":["Apr\u00e8s","commenc\u00e9","Crise","d\u00e9bat","dune","europ\u00e9enne","forc\u00e9","lenvoi","lUkraine","paix","pour","Sommet","sur"],"articleSection":["Belgique"],"inLanguage":"fr-BE"},{"@type":"WebPage","@id":"https:\/\/vieassociative.be\/actualites\/le-sommet-de-la-crise-commence-apres-le-debat-sur-lenvoi-dune-force-de-paix-europeenne-pour-lukraine\/","url":"https:\/\/vieassociative.be\/actualites\/le-sommet-de-la-crise-commence-apres-le-debat-sur-lenvoi-dune-force-de-paix-europeenne-pour-lukraine\/","name":"Le sommet de la crise commence apr\u00e8s le d\u00e9bat sur l'envoi d'une force de paix europ\u00e9enne pour l'Ukraine | Vie Associative","isPartOf":{"@id":"https:\/\/vieassociative.be\/actualites\/#website"},"primaryImageOfPage":{"@id":"https:\/\/vieassociative.be\/actualites\/le-sommet-de-la-crise-commence-apres-le-debat-sur-lenvoi-dune-force-de-paix-europeenne-pour-lukraine\/#primaryimage"},"image":{"@id":"https:\/\/vieassociative.be\/actualites\/le-sommet-de-la-crise-commence-apres-le-debat-sur-lenvoi-dune-force-de-paix-europeenne-pour-lukraine\/#primaryimage"},"thumbnailUrl":"https:\/\/vieassociative.be\/actualites\/wp-content\/uploads\/2025\/02\/1739823473_Le-sommet-de-la-crise-commence-apres-le-debat-sur.jpg","datePublished":"2025-02-17T20:17:53+00:00","dateModified":"2025-02-17T20:17:53+00:00","breadcrumb":{"@id":"https:\/\/vieassociative.be\/actualites\/le-sommet-de-la-crise-commence-apres-le-debat-sur-lenvoi-dune-force-de-paix-europeenne-pour-lukraine\/#breadcrumb"},"inLanguage":"fr-BE","potentialAction":[{"@type":"ReadAction","target":["https:\/\/vieassociative.be\/actualites\/le-sommet-de-la-crise-commence-apres-le-debat-sur-lenvoi-dune-force-de-paix-europeenne-pour-lukraine\/"]}]},{"@type":"ImageObject","inLanguage":"fr-BE","@id":"https:\/\/vieassociative.be\/actualites\/le-sommet-de-la-crise-commence-apres-le-debat-sur-lenvoi-dune-force-de-paix-europeenne-pour-lukraine\/#primaryimage","url":"https:\/\/vieassociative.be\/actualites\/wp-content\/uploads\/2025\/02\/1739823473_Le-sommet-de-la-crise-commence-apres-le-debat-sur.jpg","contentUrl":"https:\/\/vieassociative.be\/actualites\/wp-content\/uploads\/2025\/02\/1739823473_Le-sommet-de-la-crise-commence-apres-le-debat-sur.jpg","width":1200,"height":800,"caption":"Le sommet de la crise commence apr\u00e8s le d\u00e9bat sur l'envoi d'une force de paix europ\u00e9enne pour l'Ukraine"},{"@type":"BreadcrumbList","@id":"https:\/\/vieassociative.be\/actualites\/le-sommet-de-la-crise-commence-apres-le-debat-sur-lenvoi-dune-force-de-paix-europeenne-pour-lukraine\/#breadcrumb","itemListElement":[{"@type":"ListItem","position":1,"name":"Accueil","item":"https:\/\/vieassociative.be\/actualites\/"},{"@type":"ListItem","position":2,"name":"Le sommet de la crise commence apr\u00e8s le d\u00e9bat sur l&rsquo;envoi d&rsquo;une force de paix europ\u00e9enne pour l&rsquo;Ukraine"}]},{"@type":"WebSite","@id":"https:\/\/vieassociative.be\/actualites\/#website","url":"https:\/\/vieassociative.be\/actualites\/","name":"Vie Associative","description":"","publisher":{"@id":"https:\/\/vieassociative.be\/actualites\/#organization"},"potentialAction":[{"@type":"SearchAction","target":{"@type":"EntryPoint","urlTemplate":"https:\/\/vieassociative.be\/actualites\/?s={search_term_string}"},"query-input":{"@type":"PropertyValueSpecification","valueRequired":true,"valueName":"search_term_string"}}],"inLanguage":"fr-BE"},{"@type":"Organization","@id":"https:\/\/vieassociative.be\/actualites\/#organization","name":"Vie Associative","url":"https:\/\/vieassociative.be\/actualites\/","logo":{"@type":"ImageObject","inLanguage":"fr-BE","@id":"https:\/\/vieassociative.be\/actualites\/#\/schema\/logo\/image\/","url":"https:\/\/vieassociative.be\/actualites\/wp-content\/uploads\/2024\/09\/cropped-vieassociative_favicon.ico.png","contentUrl":"https:\/\/vieassociative.be\/actualites\/wp-content\/uploads\/2024\/09\/cropped-vieassociative_favicon.ico.png","width":512,"height":512,"caption":"Vie Associative"},"image":{"@id":"https:\/\/vieassociative.be\/actualites\/#\/schema\/logo\/image\/"}},{"@type":"Person","@id":"https:\/\/vieassociative.be\/actualites\/#\/schema\/person\/b87ac4f82f9d4e7b7cec7395b679edc4","name":"Julien","image":{"@type":"ImageObject","inLanguage":"fr-BE","@id":"https:\/\/vieassociative.be\/actualites\/#\/schema\/person\/image\/","url":"https:\/\/vieassociative.be\/actualites\/wp-content\/uploads\/2024\/09\/vie-associative-1-150x150.jpg","contentUrl":"https:\/\/vieassociative.be\/actualites\/wp-content\/uploads\/2024\/09\/vie-associative-1-150x150.jpg","caption":"Julien"},"description":"Je suis Julien, r\u00e9dacteur pour Vie Associative. Passionn\u00e9 par le monde associatif depuis plus de 10 ans, j'ai \u00e0 c\u0153ur de partager des histoires inspirantes et de mettre en lumi\u00e8re les initiatives locales. Mon objectif est de sensibiliser et d'encourager l'engagement communautaire \u00e0 travers mes articles.","sameAs":["https:\/\/vieassociative.be\/"]}]}},"_links":{"self":[{"href":"https:\/\/vieassociative.be\/actualites\/wp-json\/wp\/v2\/posts\/5194"}],"collection":[{"href":"https:\/\/vieassociative.be\/actualites\/wp-json\/wp\/v2\/posts"}],"about":[{"href":"https:\/\/vieassociative.be\/actualites\/wp-json\/wp\/v2\/types\/post"}],"author":[{"embeddable":true,"href":"https:\/\/vieassociative.be\/actualites\/wp-json\/wp\/v2\/users\/1"}],"replies":[{"embeddable":true,"href":"https:\/\/vieassociative.be\/actualites\/wp-json\/wp\/v2\/comments?post=5194"}],"version-history":[{"count":0,"href":"https:\/\/vieassociative.be\/actualites\/wp-json\/wp\/v2\/posts\/5194\/revisions"}],"wp:featuredmedia":[{"embeddable":true,"href":"https:\/\/vieassociative.be\/actualites\/wp-json\/wp\/v2\/media\/5195"}],"wp:attachment":[{"href":"https:\/\/vieassociative.be\/actualites\/wp-json\/wp\/v2\/media?parent=5194"}],"wp:term":[{"taxonomy":"category","embeddable":true,"href":"https:\/\/vieassociative.be\/actualites\/wp-json\/wp\/v2\/categories?post=5194"},{"taxonomy":"post_tag","embeddable":true,"href":"https:\/\/vieassociative.be\/actualites\/wp-json\/wp\/v2\/tags?post=5194"}],"curies":[{"name":"wp","href":"https:\/\/api.w.org\/{rel}","templated":true}]}}