{"id":5187,"date":"2025-02-17T15:17:40","date_gmt":"2025-02-17T14:17:40","guid":{"rendered":"https:\/\/vieassociative.be\/actualites\/le-pape-francois-doit-rester-dans-la-clinique-plus-longtemps-il-est-question-dun-tableau-clinique-complexe\/"},"modified":"2025-02-17T15:17:40","modified_gmt":"2025-02-17T14:17:40","slug":"le-pape-francois-doit-rester-dans-la-clinique-plus-longtemps-il-est-question-dun-tableau-clinique-complexe","status":"publish","type":"post","link":"https:\/\/vieassociative.be\/actualites\/le-pape-francois-doit-rester-dans-la-clinique-plus-longtemps-il-est-question-dun-tableau-clinique-complexe\/","title":{"rendered":"Le pape Fran\u00e7ois doit rester dans la clinique plus longtemps &#8211; il est question d&rsquo;un \u00abtableau clinique complexe\u00bb"},"content":{"rendered":"<p><strong>Francis est trait\u00e9 dans un h\u00f4pital de Rome depuis vendredi &#8211; jusqu&rsquo;\u00e0 pr\u00e9sent \u00e0 cause de la bronchite. Maintenant, il est question d&rsquo;une \u00ab\u00a0image clinique complexe\u00a0\u00bb. Le s\u00e9jour pourrait prendre.<\/strong><\/p>\n<p><span id=\"more-408434\"><\/span>Le pape Fran\u00e7ois doit probablement rester \u00e0 l&rsquo;h\u00f4pital plus longtemps. Apr\u00e8s un nouveau diagnostic que le Vatican s&rsquo;est propag\u00e9, l&rsquo;homme de 88 ans souffre d&rsquo;une \u00ab\u00a0infection polymique robe des voies respiratoires\u00a0\u00bb, c&rsquo;est pourquoi le traitement est modifi\u00e9. Il a \u00e9galement d\u00e9clar\u00e9 dans un message de la chaise sainte: \u00ab\u00a0Tous les examens effectu\u00e9s \u00e0 ce jour indiquent une image clinique complexe qui n\u00e9cessite un s\u00e9jour \u00e0 l&rsquo;h\u00f4pital correspondant.\u00a0\u00bb<\/p>\n<div id=\"attachment_408436\" class=\"wp-caption alignleft\" style=\"max-width: 300px\"><img fetchpriority=\"high\" decoding=\"async\" class=\"wp-image-408436 size-medium\" src=\"https:\/\/vieassociative.be\/actualites\/wp-content\/uploads\/2025\/02\/Le-pape-Francois-doit-rester-dans-la-clinique-plus-longtemps.jpg\" alt=\"\" width=\"300\" height=\"200\"><\/p>\n<p class=\"wp-caption-text\">17\/02\/2025, Italie, Rome: Une religieuse se trouve devant l&rsquo;entr\u00e9e principale de l&rsquo;Agostino gemelli polyclinique \u00e0 Rome, o\u00f9 le pape Fran\u00e7ois a \u00e9t\u00e9 hospitalis\u00e9 afin de subir des tests de diagnostic n\u00e9cessaires et de poursuivre son traitement continu de la bronchite. Photo: Andrew Medichini \/ AP \/ DPA<\/p>\n<\/div>\n<p>Le chef de 1,4 milliard de catholiques dans le monde est trait\u00e9 dans une clinique \u00e0 Rome depuis vendredi. Jusqu&rsquo;\u00e0 pr\u00e9sent, le Vatican avait d\u00e9clar\u00e9 que Francis souffrait d&rsquo;une maladie des voies respiratoires, la bronchite. Sous une infection polym\u00e8re-robe des voies respiratoires, les m\u00e9decins comprennent que les communaut\u00e9s bact\u00e9riennes se sont \u00e9tablies dans les poumons difficiles \u00e0 traiter.<\/p>\n<p>-Le deuxi\u00e8me pape le plus ancien de l&rsquo;histoire: Au d\u00e9but, il a \u00e9t\u00e9 dit de l&rsquo;environnement de Francis que le s\u00e9jour \u00e0 l&rsquo;h\u00f4pital Gemelli de l&rsquo;ouest de la Rome pourrait prendre jusqu&rsquo;au milieu de la semaine prochaine. Le Vatican n&rsquo;a toujours pas comment\u00e9 plus en d\u00e9tail sur la dur\u00e9e du Pape \u00e0 \u00eatre trait\u00e9 \u00e0 l&rsquo;h\u00f4pital. Dans le cas du natif de l&rsquo;Argentin, il est difficile pour lui de manquer d&rsquo;une partie des poumons droits depuis une op\u00e9ration \u00e0 un jeune \u00e2ge.<\/p>\n<p>\u00c0 l&rsquo;\u00e2ge de 88 ans, Francis est maintenant le deuxi\u00e8me pape le plus ancien de l&rsquo;histoire. En tant que successeur de Benedict XVI. Il est en fonction depuis mars 2013. Il regardait depuis longtemps que la sant\u00e9 est de plus en plus troubl\u00e9e par lui. Sa voix s&rsquo;est s\u00e9par\u00e9e plusieurs fois sur les rendez-vous publics. Il a \u00e0 peine quitt\u00e9 son lieu de r\u00e9sidence au Vatican. (DPA)<\/p>\n","protected":false},"excerpt":{"rendered":"<p>Francis est trait\u00e9 dans un h\u00f4pital de Rome depuis vendredi &#8211; jusqu&rsquo;\u00e0 pr\u00e9sent \u00e0 cause de la bronchite. Maintenant, il est question d&rsquo;une \u00ab\u00a0image clinique<\/p>\n","protected":false},"author":1,"featured_media":5188,"comment_status":"","ping_status":"","sticky":false,"template":"","format":"standard","meta":{"footnotes":""},"categories":[298],"tags":[5365,5385,166,2552,354,76,4202,3088,4201,2519,2213,2352],"class_list":["post-5187","post","type-post","status-publish","format-standard","has-post-thumbnail","hentry","category-belgique","tag-clinique","tag-complexe","tag-dans","tag-doit","tag-dun","tag-est","tag-francois","tag-longtemps","tag-pape","tag-question","tag-rester","tag-tableau","generate-columns","tablet-grid-50","mobile-grid-100","grid-parent","grid-33"],"yoast_head":"<!-- This site is optimized with the Yoast SEO plugin v24.0 - https:\/\/yoast.com\/wordpress\/plugins\/seo\/ -->\n<title>Le pape Fran\u00e7ois doit rester dans la clinique plus longtemps - il est question d&#039;un \u00abtableau clinique complexe\u00bb | Vie Associative<\/title>\n<meta name=\"robots\" content=\"index, follow, max-snippet:-1, max-image-preview:large, max-video-preview:-1\" \/>\n<link rel=\"canonical\" href=\"https:\/\/vieassociative.be\/actualites\/le-pape-francois-doit-rester-dans-la-clinique-plus-longtemps-il-est-question-dun-tableau-clinique-complexe\/\" \/>\n<meta property=\"og:locale\" content=\"fr_FR\" \/>\n<meta property=\"og:type\" content=\"article\" \/>\n<meta property=\"og:title\" content=\"Le pape Fran\u00e7ois doit rester dans la clinique plus longtemps - il est question d&#039;un \u00abtableau clinique complexe\u00bb | Vie Associative\" \/>\n<meta property=\"og:description\" content=\"Francis est trait\u00e9 dans un h\u00f4pital de Rome depuis vendredi &#8211; jusqu&rsquo;\u00e0 pr\u00e9sent \u00e0 cause de la bronchite. Maintenant, il est question d&rsquo;une \u00ab\u00a0image clinique\" \/>\n<meta property=\"og:url\" content=\"https:\/\/vieassociative.be\/actualites\/le-pape-francois-doit-rester-dans-la-clinique-plus-longtemps-il-est-question-dun-tableau-clinique-complexe\/\" \/>\n<meta property=\"og:site_name\" content=\"Vie Associative\" \/>\n<meta property=\"article:published_time\" content=\"2025-02-17T14:17:40+00:00\" \/>\n<meta property=\"og:image\" content=\"https:\/\/vieassociative.be\/actualites\/wp-content\/uploads\/2024\/09\/header_backgroundk-01-e1726694325946.png\" \/>\n\t<meta property=\"og:image:width\" content=\"279\" \/>\n\t<meta property=\"og:image:height\" content=\"92\" \/>\n\t<meta property=\"og:image:type\" content=\"image\/png\" \/>\n<meta name=\"author\" content=\"Julien\" \/>\n<meta name=\"twitter:card\" content=\"summary_large_image\" \/>\n<meta name=\"twitter:label1\" content=\"\u00c9crit par\" \/>\n\t<meta name=\"twitter:data1\" content=\"Julien\" \/>\n\t<meta name=\"twitter:label2\" content=\"Dur\u00e9e de lecture est.\" \/>\n\t<meta name=\"twitter:data2\" content=\"2 minutes\" \/>\n<script type=\"application\/ld+json\" class=\"yoast-schema-graph\">{\"@context\":\"https:\/\/schema.org\",\"@graph\":[{\"@type\":\"Article\",\"@id\":\"https:\/\/vieassociative.be\/actualites\/le-pape-francois-doit-rester-dans-la-clinique-plus-longtemps-il-est-question-dun-tableau-clinique-complexe\/#article\",\"isPartOf\":{\"@id\":\"https:\/\/vieassociative.be\/actualites\/le-pape-francois-doit-rester-dans-la-clinique-plus-longtemps-il-est-question-dun-tableau-clinique-complexe\/\"},\"author\":{\"name\":\"Julien\",\"@id\":\"https:\/\/vieassociative.be\/actualites\/#\/schema\/person\/b87ac4f82f9d4e7b7cec7395b679edc4\"},\"headline\":\"Le pape Fran\u00e7ois doit rester dans la clinique plus longtemps &#8211; il est question d&rsquo;un \u00abtableau clinique complexe\u00bb\",\"datePublished\":\"2025-02-17T14:17:40+00:00\",\"dateModified\":\"2025-02-17T14:17:40+00:00\",\"mainEntityOfPage\":{\"@id\":\"https:\/\/vieassociative.be\/actualites\/le-pape-francois-doit-rester-dans-la-clinique-plus-longtemps-il-est-question-dun-tableau-clinique-complexe\/\"},\"wordCount\":406,\"publisher\":{\"@id\":\"https:\/\/vieassociative.be\/actualites\/#organization\"},\"image\":{\"@id\":\"https:\/\/vieassociative.be\/actualites\/le-pape-francois-doit-rester-dans-la-clinique-plus-longtemps-il-est-question-dun-tableau-clinique-complexe\/#primaryimage\"},\"thumbnailUrl\":\"https:\/\/vieassociative.be\/actualites\/wp-content\/uploads\/2025\/02\/1739801861_Le-pape-Francois-doit-rester-dans-la-clinique-plus-longtemps.jpg\",\"keywords\":[\"clinique\",\"complexe\",\"dans\",\"doit\",\"dun\",\"est\",\"Fran\u00e7ois\",\"longtemps\",\"pape\",\"question\",\"rester\",\"tableau\"],\"articleSection\":[\"Belgique\"],\"inLanguage\":\"fr-BE\"},{\"@type\":\"WebPage\",\"@id\":\"https:\/\/vieassociative.be\/actualites\/le-pape-francois-doit-rester-dans-la-clinique-plus-longtemps-il-est-question-dun-tableau-clinique-complexe\/\",\"url\":\"https:\/\/vieassociative.be\/actualites\/le-pape-francois-doit-rester-dans-la-clinique-plus-longtemps-il-est-question-dun-tableau-clinique-complexe\/\",\"name\":\"Le pape Fran\u00e7ois doit rester dans la clinique plus longtemps - il est question d'un \u00abtableau clinique complexe\u00bb | Vie Associative\",\"isPartOf\":{\"@id\":\"https:\/\/vieassociative.be\/actualites\/#website\"},\"primaryImageOfPage\":{\"@id\":\"https:\/\/vieassociative.be\/actualites\/le-pape-francois-doit-rester-dans-la-clinique-plus-longtemps-il-est-question-dun-tableau-clinique-complexe\/#primaryimage\"},\"image\":{\"@id\":\"https:\/\/vieassociative.be\/actualites\/le-pape-francois-doit-rester-dans-la-clinique-plus-longtemps-il-est-question-dun-tableau-clinique-complexe\/#primaryimage\"},\"thumbnailUrl\":\"https:\/\/vieassociative.be\/actualites\/wp-content\/uploads\/2025\/02\/1739801861_Le-pape-Francois-doit-rester-dans-la-clinique-plus-longtemps.jpg\",\"datePublished\":\"2025-02-17T14:17:40+00:00\",\"dateModified\":\"2025-02-17T14:17:40+00:00\",\"breadcrumb\":{\"@id\":\"https:\/\/vieassociative.be\/actualites\/le-pape-francois-doit-rester-dans-la-clinique-plus-longtemps-il-est-question-dun-tableau-clinique-complexe\/#breadcrumb\"},\"inLanguage\":\"fr-BE\",\"potentialAction\":[{\"@type\":\"ReadAction\",\"target\":[\"https:\/\/vieassociative.be\/actualites\/le-pape-francois-doit-rester-dans-la-clinique-plus-longtemps-il-est-question-dun-tableau-clinique-complexe\/\"]}]},{\"@type\":\"ImageObject\",\"inLanguage\":\"fr-BE\",\"@id\":\"https:\/\/vieassociative.be\/actualites\/le-pape-francois-doit-rester-dans-la-clinique-plus-longtemps-il-est-question-dun-tableau-clinique-complexe\/#primaryimage\",\"url\":\"https:\/\/vieassociative.be\/actualites\/wp-content\/uploads\/2025\/02\/1739801861_Le-pape-Francois-doit-rester-dans-la-clinique-plus-longtemps.jpg\",\"contentUrl\":\"https:\/\/vieassociative.be\/actualites\/wp-content\/uploads\/2025\/02\/1739801861_Le-pape-Francois-doit-rester-dans-la-clinique-plus-longtemps.jpg\",\"width\":1692,\"height\":1129,\"caption\":\"Le pape Fran\u00e7ois doit rester dans la clinique plus longtemps - il est question d'un \u00abtableau clinique complexe\u00bb\"},{\"@type\":\"BreadcrumbList\",\"@id\":\"https:\/\/vieassociative.be\/actualites\/le-pape-francois-doit-rester-dans-la-clinique-plus-longtemps-il-est-question-dun-tableau-clinique-complexe\/#breadcrumb\",\"itemListElement\":[{\"@type\":\"ListItem\",\"position\":1,\"name\":\"Accueil\",\"item\":\"https:\/\/vieassociative.be\/actualites\/\"},{\"@type\":\"ListItem\",\"position\":2,\"name\":\"Le pape Fran\u00e7ois doit rester dans la clinique plus longtemps &#8211; il est question d&rsquo;un \u00abtableau clinique complexe\u00bb\"}]},{\"@type\":\"WebSite\",\"@id\":\"https:\/\/vieassociative.be\/actualites\/#website\",\"url\":\"https:\/\/vieassociative.be\/actualites\/\",\"name\":\"Vie Associative\",\"description\":\"\",\"publisher\":{\"@id\":\"https:\/\/vieassociative.be\/actualites\/#organization\"},\"potentialAction\":[{\"@type\":\"SearchAction\",\"target\":{\"@type\":\"EntryPoint\",\"urlTemplate\":\"https:\/\/vieassociative.be\/actualites\/?s={search_term_string}\"},\"query-input\":{\"@type\":\"PropertyValueSpecification\",\"valueRequired\":true,\"valueName\":\"search_term_string\"}}],\"inLanguage\":\"fr-BE\"},{\"@type\":\"Organization\",\"@id\":\"https:\/\/vieassociative.be\/actualites\/#organization\",\"name\":\"Vie Associative\",\"url\":\"https:\/\/vieassociative.be\/actualites\/\",\"logo\":{\"@type\":\"ImageObject\",\"inLanguage\":\"fr-BE\",\"@id\":\"https:\/\/vieassociative.be\/actualites\/#\/schema\/logo\/image\/\",\"url\":\"https:\/\/vieassociative.be\/actualites\/wp-content\/uploads\/2024\/09\/cropped-vieassociative_favicon.ico.png\",\"contentUrl\":\"https:\/\/vieassociative.be\/actualites\/wp-content\/uploads\/2024\/09\/cropped-vieassociative_favicon.ico.png\",\"width\":512,\"height\":512,\"caption\":\"Vie Associative\"},\"image\":{\"@id\":\"https:\/\/vieassociative.be\/actualites\/#\/schema\/logo\/image\/\"}},{\"@type\":\"Person\",\"@id\":\"https:\/\/vieassociative.be\/actualites\/#\/schema\/person\/b87ac4f82f9d4e7b7cec7395b679edc4\",\"name\":\"Julien\",\"image\":{\"@type\":\"ImageObject\",\"inLanguage\":\"fr-BE\",\"@id\":\"https:\/\/vieassociative.be\/actualites\/#\/schema\/person\/image\/\",\"url\":\"https:\/\/vieassociative.be\/actualites\/wp-content\/uploads\/2024\/09\/vie-associative-1-150x150.jpg\",\"contentUrl\":\"https:\/\/vieassociative.be\/actualites\/wp-content\/uploads\/2024\/09\/vie-associative-1-150x150.jpg\",\"caption\":\"Julien\"},\"description\":\"Je suis Julien, r\u00e9dacteur pour Vie Associative. Passionn\u00e9 par le monde associatif depuis plus de 10 ans, j'ai \u00e0 c\u0153ur de partager des histoires inspirantes et de mettre en lumi\u00e8re les initiatives locales. Mon objectif est de sensibiliser et d'encourager l'engagement communautaire \u00e0 travers mes articles.\",\"sameAs\":[\"https:\/\/vieassociative.be\/\"]}]}<\/script>\n<!-- \/ Yoast SEO plugin. -->","yoast_head_json":{"title":"Le pape Fran\u00e7ois doit rester dans la clinique plus longtemps - il est question d'un \u00abtableau clinique complexe\u00bb | Vie Associative","robots":{"index":"index","follow":"follow","max-snippet":"max-snippet:-1","max-image-preview":"max-image-preview:large","max-video-preview":"max-video-preview:-1"},"canonical":"https:\/\/vieassociative.be\/actualites\/le-pape-francois-doit-rester-dans-la-clinique-plus-longtemps-il-est-question-dun-tableau-clinique-complexe\/","og_locale":"fr_FR","og_type":"article","og_title":"Le pape Fran\u00e7ois doit rester dans la clinique plus longtemps - il est question d'un \u00abtableau clinique complexe\u00bb | Vie Associative","og_description":"Francis est trait\u00e9 dans un h\u00f4pital de Rome depuis vendredi &#8211; jusqu&rsquo;\u00e0 pr\u00e9sent \u00e0 cause de la bronchite. Maintenant, il est question d&rsquo;une \u00ab\u00a0image clinique","og_url":"https:\/\/vieassociative.be\/actualites\/le-pape-francois-doit-rester-dans-la-clinique-plus-longtemps-il-est-question-dun-tableau-clinique-complexe\/","og_site_name":"Vie Associative","article_published_time":"2025-02-17T14:17:40+00:00","og_image":[{"width":279,"height":92,"url":"https:\/\/vieassociative.be\/actualites\/wp-content\/uploads\/2024\/09\/header_backgroundk-01-e1726694325946.png","type":"image\/png"}],"author":"Julien","twitter_card":"summary_large_image","twitter_misc":{"\u00c9crit par":"Julien","Dur\u00e9e de lecture est.":"2 minutes"},"schema":{"@context":"https:\/\/schema.org","@graph":[{"@type":"Article","@id":"https:\/\/vieassociative.be\/actualites\/le-pape-francois-doit-rester-dans-la-clinique-plus-longtemps-il-est-question-dun-tableau-clinique-complexe\/#article","isPartOf":{"@id":"https:\/\/vieassociative.be\/actualites\/le-pape-francois-doit-rester-dans-la-clinique-plus-longtemps-il-est-question-dun-tableau-clinique-complexe\/"},"author":{"name":"Julien","@id":"https:\/\/vieassociative.be\/actualites\/#\/schema\/person\/b87ac4f82f9d4e7b7cec7395b679edc4"},"headline":"Le pape Fran\u00e7ois doit rester dans la clinique plus longtemps &#8211; il est question d&rsquo;un \u00abtableau clinique complexe\u00bb","datePublished":"2025-02-17T14:17:40+00:00","dateModified":"2025-02-17T14:17:40+00:00","mainEntityOfPage":{"@id":"https:\/\/vieassociative.be\/actualites\/le-pape-francois-doit-rester-dans-la-clinique-plus-longtemps-il-est-question-dun-tableau-clinique-complexe\/"},"wordCount":406,"publisher":{"@id":"https:\/\/vieassociative.be\/actualites\/#organization"},"image":{"@id":"https:\/\/vieassociative.be\/actualites\/le-pape-francois-doit-rester-dans-la-clinique-plus-longtemps-il-est-question-dun-tableau-clinique-complexe\/#primaryimage"},"thumbnailUrl":"https:\/\/vieassociative.be\/actualites\/wp-content\/uploads\/2025\/02\/1739801861_Le-pape-Francois-doit-rester-dans-la-clinique-plus-longtemps.jpg","keywords":["clinique","complexe","dans","doit","dun","est","Fran\u00e7ois","longtemps","pape","question","rester","tableau"],"articleSection":["Belgique"],"inLanguage":"fr-BE"},{"@type":"WebPage","@id":"https:\/\/vieassociative.be\/actualites\/le-pape-francois-doit-rester-dans-la-clinique-plus-longtemps-il-est-question-dun-tableau-clinique-complexe\/","url":"https:\/\/vieassociative.be\/actualites\/le-pape-francois-doit-rester-dans-la-clinique-plus-longtemps-il-est-question-dun-tableau-clinique-complexe\/","name":"Le pape Fran\u00e7ois doit rester dans la clinique plus longtemps - il est question d'un \u00abtableau clinique complexe\u00bb | Vie Associative","isPartOf":{"@id":"https:\/\/vieassociative.be\/actualites\/#website"},"primaryImageOfPage":{"@id":"https:\/\/vieassociative.be\/actualites\/le-pape-francois-doit-rester-dans-la-clinique-plus-longtemps-il-est-question-dun-tableau-clinique-complexe\/#primaryimage"},"image":{"@id":"https:\/\/vieassociative.be\/actualites\/le-pape-francois-doit-rester-dans-la-clinique-plus-longtemps-il-est-question-dun-tableau-clinique-complexe\/#primaryimage"},"thumbnailUrl":"https:\/\/vieassociative.be\/actualites\/wp-content\/uploads\/2025\/02\/1739801861_Le-pape-Francois-doit-rester-dans-la-clinique-plus-longtemps.jpg","datePublished":"2025-02-17T14:17:40+00:00","dateModified":"2025-02-17T14:17:40+00:00","breadcrumb":{"@id":"https:\/\/vieassociative.be\/actualites\/le-pape-francois-doit-rester-dans-la-clinique-plus-longtemps-il-est-question-dun-tableau-clinique-complexe\/#breadcrumb"},"inLanguage":"fr-BE","potentialAction":[{"@type":"ReadAction","target":["https:\/\/vieassociative.be\/actualites\/le-pape-francois-doit-rester-dans-la-clinique-plus-longtemps-il-est-question-dun-tableau-clinique-complexe\/"]}]},{"@type":"ImageObject","inLanguage":"fr-BE","@id":"https:\/\/vieassociative.be\/actualites\/le-pape-francois-doit-rester-dans-la-clinique-plus-longtemps-il-est-question-dun-tableau-clinique-complexe\/#primaryimage","url":"https:\/\/vieassociative.be\/actualites\/wp-content\/uploads\/2025\/02\/1739801861_Le-pape-Francois-doit-rester-dans-la-clinique-plus-longtemps.jpg","contentUrl":"https:\/\/vieassociative.be\/actualites\/wp-content\/uploads\/2025\/02\/1739801861_Le-pape-Francois-doit-rester-dans-la-clinique-plus-longtemps.jpg","width":1692,"height":1129,"caption":"Le pape Fran\u00e7ois doit rester dans la clinique plus longtemps - il est question d'un \u00abtableau clinique complexe\u00bb"},{"@type":"BreadcrumbList","@id":"https:\/\/vieassociative.be\/actualites\/le-pape-francois-doit-rester-dans-la-clinique-plus-longtemps-il-est-question-dun-tableau-clinique-complexe\/#breadcrumb","itemListElement":[{"@type":"ListItem","position":1,"name":"Accueil","item":"https:\/\/vieassociative.be\/actualites\/"},{"@type":"ListItem","position":2,"name":"Le pape Fran\u00e7ois doit rester dans la clinique plus longtemps &#8211; il est question d&rsquo;un \u00abtableau clinique complexe\u00bb"}]},{"@type":"WebSite","@id":"https:\/\/vieassociative.be\/actualites\/#website","url":"https:\/\/vieassociative.be\/actualites\/","name":"Vie Associative","description":"","publisher":{"@id":"https:\/\/vieassociative.be\/actualites\/#organization"},"potentialAction":[{"@type":"SearchAction","target":{"@type":"EntryPoint","urlTemplate":"https:\/\/vieassociative.be\/actualites\/?s={search_term_string}"},"query-input":{"@type":"PropertyValueSpecification","valueRequired":true,"valueName":"search_term_string"}}],"inLanguage":"fr-BE"},{"@type":"Organization","@id":"https:\/\/vieassociative.be\/actualites\/#organization","name":"Vie Associative","url":"https:\/\/vieassociative.be\/actualites\/","logo":{"@type":"ImageObject","inLanguage":"fr-BE","@id":"https:\/\/vieassociative.be\/actualites\/#\/schema\/logo\/image\/","url":"https:\/\/vieassociative.be\/actualites\/wp-content\/uploads\/2024\/09\/cropped-vieassociative_favicon.ico.png","contentUrl":"https:\/\/vieassociative.be\/actualites\/wp-content\/uploads\/2024\/09\/cropped-vieassociative_favicon.ico.png","width":512,"height":512,"caption":"Vie Associative"},"image":{"@id":"https:\/\/vieassociative.be\/actualites\/#\/schema\/logo\/image\/"}},{"@type":"Person","@id":"https:\/\/vieassociative.be\/actualites\/#\/schema\/person\/b87ac4f82f9d4e7b7cec7395b679edc4","name":"Julien","image":{"@type":"ImageObject","inLanguage":"fr-BE","@id":"https:\/\/vieassociative.be\/actualites\/#\/schema\/person\/image\/","url":"https:\/\/vieassociative.be\/actualites\/wp-content\/uploads\/2024\/09\/vie-associative-1-150x150.jpg","contentUrl":"https:\/\/vieassociative.be\/actualites\/wp-content\/uploads\/2024\/09\/vie-associative-1-150x150.jpg","caption":"Julien"},"description":"Je suis Julien, r\u00e9dacteur pour Vie Associative. Passionn\u00e9 par le monde associatif depuis plus de 10 ans, j'ai \u00e0 c\u0153ur de partager des histoires inspirantes et de mettre en lumi\u00e8re les initiatives locales. Mon objectif est de sensibiliser et d'encourager l'engagement communautaire \u00e0 travers mes articles.","sameAs":["https:\/\/vieassociative.be\/"]}]}},"_links":{"self":[{"href":"https:\/\/vieassociative.be\/actualites\/wp-json\/wp\/v2\/posts\/5187"}],"collection":[{"href":"https:\/\/vieassociative.be\/actualites\/wp-json\/wp\/v2\/posts"}],"about":[{"href":"https:\/\/vieassociative.be\/actualites\/wp-json\/wp\/v2\/types\/post"}],"author":[{"embeddable":true,"href":"https:\/\/vieassociative.be\/actualites\/wp-json\/wp\/v2\/users\/1"}],"replies":[{"embeddable":true,"href":"https:\/\/vieassociative.be\/actualites\/wp-json\/wp\/v2\/comments?post=5187"}],"version-history":[{"count":0,"href":"https:\/\/vieassociative.be\/actualites\/wp-json\/wp\/v2\/posts\/5187\/revisions"}],"wp:featuredmedia":[{"embeddable":true,"href":"https:\/\/vieassociative.be\/actualites\/wp-json\/wp\/v2\/media\/5188"}],"wp:attachment":[{"href":"https:\/\/vieassociative.be\/actualites\/wp-json\/wp\/v2\/media?parent=5187"}],"wp:term":[{"taxonomy":"category","embeddable":true,"href":"https:\/\/vieassociative.be\/actualites\/wp-json\/wp\/v2\/categories?post=5187"},{"taxonomy":"post_tag","embeddable":true,"href":"https:\/\/vieassociative.be\/actualites\/wp-json\/wp\/v2\/tags?post=5187"}],"curies":[{"name":"wp","href":"https:\/\/api.w.org\/{rel}","templated":true}]}}