{"id":5180,"date":"2025-02-17T09:17:08","date_gmt":"2025-02-17T08:17:08","guid":{"rendered":"https:\/\/vieassociative.be\/actualites\/lanniversaire-de-la-mort-de-nawalny-des-centaines-de-fleurs-se-trouvaient-sur-la-tombe\/"},"modified":"2025-02-17T09:17:08","modified_gmt":"2025-02-17T08:17:08","slug":"lanniversaire-de-la-mort-de-nawalny-des-centaines-de-fleurs-se-trouvaient-sur-la-tombe","status":"publish","type":"post","link":"https:\/\/vieassociative.be\/actualites\/lanniversaire-de-la-mort-de-nawalny-des-centaines-de-fleurs-se-trouvaient-sur-la-tombe\/","title":{"rendered":"L&rsquo;anniversaire de la mort de Nawalny: des centaines de fleurs se trouvaient sur la tombe"},"content":{"rendered":"<p><strong>Le chef de l&rsquo;opposition Alexej Nawalny est mort depuis un an. Le jour de la mort, de nombreux Moscou visitent leur tombe malgr\u00e9 l&rsquo;intimidation officielle et pleurent le critique du Kremlin.<\/strong><\/p>\n<p><span id=\"more-408382\"><\/span>Un an apr\u00e8s la mort du chef de l&rsquo;opposition Alexej Nawalny dans un camp criminel russe, les reportages des m\u00e9dias ont mis des centaines de citoyens de Moscou sur la tombe du critique du Kremlin. La police leur a accord\u00e9 l&rsquo;acc\u00e8s au cimeti\u00e8re de Borissowskoje, mais les personnes en deuil ont \u00e9t\u00e9 film\u00e9es par des responsables, comme ont rapport\u00e9 des m\u00e9dias ind\u00e9pendants. Parmi les visiteurs figuraient \u00e9galement des diplomates \u00e9trangers, notamment l&rsquo;ambassadeur des \u00c9tats-Unis Lynne Tracy et l&rsquo;ambassadeur de l&rsquo;UE Roland Galharague.<\/p>\n<div id=\"attachment_408384\" class=\"wp-caption alignleft\" style=\"max-width: 300px\"><img fetchpriority=\"high\" decoding=\"async\" class=\"wp-image-408384 size-medium\" src=\"https:\/\/vieassociative.be\/actualites\/wp-content\/uploads\/2025\/02\/Lanniversaire-de-la-mort-de-Nawalny-des-centaines-de-fleurs.jpg\" alt=\"\" width=\"300\" height=\"200\"><\/p>\n<p class=\"wp-caption-text\">16\/02\/2025, Russie, Moscou: les gens font la queue, un an apr\u00e8s la mort du chef de l&rsquo;opposition russe Alexej Nawalny pour mettre des fleurs dans sa tombe au cimeti\u00e8re de Borisowskoje. Photo: non cr\u00e9dit\u00e9 \/ AP \/ DPA<\/p>\n<\/div>\n<p>Selon des m\u00e9dias ind\u00e9pendants, un serpent de personnes en attente s&rsquo;est form\u00e9e. Il y a \u00e9galement eu des campagnes comm\u00e9moratives dans d&rsquo;autres villes russes, notamment \u00e0 Saint-P\u00e9tersbourg et \u00e0 Jekaterinburg. Dans la ville de Novosibirsk, il y a eu au moins cinq arrestations lors d&rsquo;un \u00e9v\u00e9nement comm\u00e9moratif pour Nawalny, a indiqu\u00e9 le projet de droits civils OWD-Info.<\/p>\n<p><strong>&#8211; Demande de lib\u00e9ration des prisonniers politiques:<\/strong> La Grande-Bretagne, l&rsquo;Allemagne, la France et d&rsquo;autres pays \u00e9taient responsables de la lib\u00e9ration des prisonniers politiques emprisonn\u00e9s en Russie le premier jour de sa mort. \u00ab\u00a0Il y a plus de 800 prisonniers politiques en Russie, dont beaucoup qui sont emprisonn\u00e9s parce qu&rsquo;ils se sont prononc\u00e9s contre l&rsquo;invasion ill\u00e9gale du Kremlin en Ukraine et la brutalit\u00e9 envers le peuple ukrainien\u00a0\u00bb, indique une d\u00e9claration conjointe. La Russie maintient \u00ab\u00a0un climat de peur\u00a0\u00bb.<\/p>\n<div id=\"attachment_408385\" class=\"wp-caption alignleft\" style=\"max-width: 300px\"><img decoding=\"async\" class=\"wp-image-408385 size-medium\" src=\"https:\/\/vieassociative.be\/actualites\/wp-content\/uploads\/2025\/02\/1739780228_681_Lanniversaire-de-la-mort-de-Nawalny-des-centaines-de-fleurs.jpg\" alt=\"\" width=\"300\" height=\"200\"><\/p>\n<p class=\"wp-caption-text\">16\/02\/2025, Russie, Moscou: les gens font la queue, un an apr\u00e8s la mort du chef de l&rsquo;opposition russe Alexej Nawalny pour mettre des fleurs sur sa tombe sur le cimeti\u00e8re de Borisowskoje. Photo: non cr\u00e9dit\u00e9 \/ ap \/ dpa<\/p>\n<\/div>\n<p><strong>&#8211; Moving Words de Julia Nawalnaja:<\/strong> La veuve de Nawalny, Julia Nawalnaja, a \u00e9crit sur Instagram qu&rsquo;il n&rsquo;y avait pas de jour cette ann\u00e9e alors qu&rsquo;elle ne pensait pas \u00e0 Nawalny, a ri avec lui, s&rsquo;est conseill\u00e9 en interne, mais a \u00e9galement discut\u00e9 avec lui. \u00ab\u00a0Je t&rsquo;aime beaucoup, tu me manques beaucoup, tu me manques.\u00a0\u00bb Plus tard, elle a appel\u00e9 la Russie gratuite et paisible.<\/p>\n<p>Nawalny \u00e9tait le meilleur adversaire connu du chef du Kremlin Vladimir Poutine. En 2020, il a \u00e9t\u00e9 empoisonn\u00e9 lors d&rsquo;un s\u00e9jour en Sib\u00e9rie pour pr\u00e9parer les \u00e9lections r\u00e9gionales. Apr\u00e8s avoir \u00e9t\u00e9 transport\u00e9 par avion en Allemagne pour un traitement dans le coma, le traitement de Berlin Treator a diagnostiqu\u00e9 une vapeur nerveux comme cause. Le gouvernement russe a rejet\u00e9 toute participation \u00e0 l&rsquo;attaque.<\/p>\n<p>\u00c0 son retour \u00e0 Moscou, Nawalny a \u00e9t\u00e9 arr\u00eat\u00e9 \u00e0 l&rsquo;a\u00e9roport et a \u00e9t\u00e9 d\u00e9tenu d&rsquo;une proc\u00e9dure ant\u00e9rieure pour violer les rapports. Plus tard, les tribunaux russes l&rsquo;ont condamn\u00e9 \u00e0 neuf ans de prison pour d\u00e9tournement de fonds et insulte \u00e0 un juge.<\/p>\n<p>Apr\u00e8s un autre processus d&rsquo;extr\u00e9misme, l&#8217;emprisonnement a \u00e9t\u00e9 port\u00e9 \u00e0 19 ans, qu&rsquo;il \u00e9tait cens\u00e9 purger dans un camp de p\u00e9nalit\u00e9 sur le cercle de l&rsquo;Arctique. Au moment de la mort, Nawalny n&rsquo;avait que 47 ans. (DPA)<\/p>\n","protected":false},"excerpt":{"rendered":"<p>Le chef de l&rsquo;opposition Alexej Nawalny est mort depuis un an. Le jour de la mort, de nombreux Moscou visitent leur tombe malgr\u00e9 l&rsquo;intimidation officielle<\/p>\n","protected":false},"author":1,"featured_media":5181,"comment_status":"","ping_status":"","sticky":false,"template":"","format":"standard","meta":{"footnotes":""},"categories":[298],"tags":[2719,29,200,5382,1717,5383,33,1969,5384],"class_list":["post-5180","post","type-post","status-publish","format-standard","has-post-thumbnail","hentry","category-belgique","tag-centaines","tag-des","tag-fleurs","tag-lanniversaire","tag-mort","tag-nawalny","tag-sur","tag-tombe","tag-trouvaient","generate-columns","tablet-grid-50","mobile-grid-100","grid-parent","grid-33"],"yoast_head":"<!-- This site is optimized with the Yoast SEO plugin v24.0 - https:\/\/yoast.com\/wordpress\/plugins\/seo\/ -->\n<title>L&#039;anniversaire de la mort de Nawalny: des centaines de fleurs se trouvaient sur la tombe | Vie Associative<\/title>\n<meta name=\"robots\" content=\"index, follow, max-snippet:-1, max-image-preview:large, max-video-preview:-1\" \/>\n<link rel=\"canonical\" href=\"https:\/\/vieassociative.be\/actualites\/lanniversaire-de-la-mort-de-nawalny-des-centaines-de-fleurs-se-trouvaient-sur-la-tombe\/\" \/>\n<meta property=\"og:locale\" content=\"fr_FR\" \/>\n<meta property=\"og:type\" content=\"article\" \/>\n<meta property=\"og:title\" content=\"L&#039;anniversaire de la mort de Nawalny: des centaines de fleurs se trouvaient sur la tombe | Vie Associative\" \/>\n<meta property=\"og:description\" content=\"Le chef de l&rsquo;opposition Alexej Nawalny est mort depuis un an. Le jour de la mort, de nombreux Moscou visitent leur tombe malgr\u00e9 l&rsquo;intimidation officielle\" \/>\n<meta property=\"og:url\" content=\"https:\/\/vieassociative.be\/actualites\/lanniversaire-de-la-mort-de-nawalny-des-centaines-de-fleurs-se-trouvaient-sur-la-tombe\/\" \/>\n<meta property=\"og:site_name\" content=\"Vie Associative\" \/>\n<meta property=\"article:published_time\" content=\"2025-02-17T08:17:08+00:00\" \/>\n<meta property=\"og:image\" content=\"https:\/\/vieassociative.be\/actualites\/wp-content\/uploads\/2024\/09\/header_backgroundk-01-e1726694325946.png\" \/>\n\t<meta property=\"og:image:width\" content=\"279\" \/>\n\t<meta property=\"og:image:height\" content=\"92\" \/>\n\t<meta property=\"og:image:type\" content=\"image\/png\" \/>\n<meta name=\"author\" content=\"Julien\" \/>\n<meta name=\"twitter:card\" content=\"summary_large_image\" \/>\n<meta name=\"twitter:label1\" content=\"\u00c9crit par\" \/>\n\t<meta name=\"twitter:data1\" content=\"Julien\" \/>\n\t<meta name=\"twitter:label2\" content=\"Dur\u00e9e de lecture est.\" \/>\n\t<meta name=\"twitter:data2\" content=\"3 minutes\" \/>\n<script type=\"application\/ld+json\" class=\"yoast-schema-graph\">{\"@context\":\"https:\/\/schema.org\",\"@graph\":[{\"@type\":\"Article\",\"@id\":\"https:\/\/vieassociative.be\/actualites\/lanniversaire-de-la-mort-de-nawalny-des-centaines-de-fleurs-se-trouvaient-sur-la-tombe\/#article\",\"isPartOf\":{\"@id\":\"https:\/\/vieassociative.be\/actualites\/lanniversaire-de-la-mort-de-nawalny-des-centaines-de-fleurs-se-trouvaient-sur-la-tombe\/\"},\"author\":{\"name\":\"Julien\",\"@id\":\"https:\/\/vieassociative.be\/actualites\/#\/schema\/person\/b87ac4f82f9d4e7b7cec7395b679edc4\"},\"headline\":\"L&rsquo;anniversaire de la mort de Nawalny: des centaines de fleurs se trouvaient sur la tombe\",\"datePublished\":\"2025-02-17T08:17:08+00:00\",\"dateModified\":\"2025-02-17T08:17:08+00:00\",\"mainEntityOfPage\":{\"@id\":\"https:\/\/vieassociative.be\/actualites\/lanniversaire-de-la-mort-de-nawalny-des-centaines-de-fleurs-se-trouvaient-sur-la-tombe\/\"},\"wordCount\":601,\"publisher\":{\"@id\":\"https:\/\/vieassociative.be\/actualites\/#organization\"},\"image\":{\"@id\":\"https:\/\/vieassociative.be\/actualites\/lanniversaire-de-la-mort-de-nawalny-des-centaines-de-fleurs-se-trouvaient-sur-la-tombe\/#primaryimage\"},\"thumbnailUrl\":\"https:\/\/vieassociative.be\/actualites\/wp-content\/uploads\/2025\/02\/1739780228_Lanniversaire-de-la-mort-de-Nawalny-des-centaines-de-fleurs.jpg\",\"keywords\":[\"centaines\",\"Des\",\"fleurs\",\"Lanniversaire\",\"mort\",\"Nawalny\",\"sur\",\"tombe\",\"trouvaient\"],\"articleSection\":[\"Belgique\"],\"inLanguage\":\"fr-BE\"},{\"@type\":\"WebPage\",\"@id\":\"https:\/\/vieassociative.be\/actualites\/lanniversaire-de-la-mort-de-nawalny-des-centaines-de-fleurs-se-trouvaient-sur-la-tombe\/\",\"url\":\"https:\/\/vieassociative.be\/actualites\/lanniversaire-de-la-mort-de-nawalny-des-centaines-de-fleurs-se-trouvaient-sur-la-tombe\/\",\"name\":\"L'anniversaire de la mort de Nawalny: des centaines de fleurs se trouvaient sur la tombe | Vie Associative\",\"isPartOf\":{\"@id\":\"https:\/\/vieassociative.be\/actualites\/#website\"},\"primaryImageOfPage\":{\"@id\":\"https:\/\/vieassociative.be\/actualites\/lanniversaire-de-la-mort-de-nawalny-des-centaines-de-fleurs-se-trouvaient-sur-la-tombe\/#primaryimage\"},\"image\":{\"@id\":\"https:\/\/vieassociative.be\/actualites\/lanniversaire-de-la-mort-de-nawalny-des-centaines-de-fleurs-se-trouvaient-sur-la-tombe\/#primaryimage\"},\"thumbnailUrl\":\"https:\/\/vieassociative.be\/actualites\/wp-content\/uploads\/2025\/02\/1739780228_Lanniversaire-de-la-mort-de-Nawalny-des-centaines-de-fleurs.jpg\",\"datePublished\":\"2025-02-17T08:17:08+00:00\",\"dateModified\":\"2025-02-17T08:17:08+00:00\",\"breadcrumb\":{\"@id\":\"https:\/\/vieassociative.be\/actualites\/lanniversaire-de-la-mort-de-nawalny-des-centaines-de-fleurs-se-trouvaient-sur-la-tombe\/#breadcrumb\"},\"inLanguage\":\"fr-BE\",\"potentialAction\":[{\"@type\":\"ReadAction\",\"target\":[\"https:\/\/vieassociative.be\/actualites\/lanniversaire-de-la-mort-de-nawalny-des-centaines-de-fleurs-se-trouvaient-sur-la-tombe\/\"]}]},{\"@type\":\"ImageObject\",\"inLanguage\":\"fr-BE\",\"@id\":\"https:\/\/vieassociative.be\/actualites\/lanniversaire-de-la-mort-de-nawalny-des-centaines-de-fleurs-se-trouvaient-sur-la-tombe\/#primaryimage\",\"url\":\"https:\/\/vieassociative.be\/actualites\/wp-content\/uploads\/2025\/02\/1739780228_Lanniversaire-de-la-mort-de-Nawalny-des-centaines-de-fleurs.jpg\",\"contentUrl\":\"https:\/\/vieassociative.be\/actualites\/wp-content\/uploads\/2025\/02\/1739780228_Lanniversaire-de-la-mort-de-Nawalny-des-centaines-de-fleurs.jpg\",\"width\":1200,\"height\":800,\"caption\":\"L'anniversaire de la mort de Nawalny: des centaines de fleurs se trouvaient sur la tombe\"},{\"@type\":\"BreadcrumbList\",\"@id\":\"https:\/\/vieassociative.be\/actualites\/lanniversaire-de-la-mort-de-nawalny-des-centaines-de-fleurs-se-trouvaient-sur-la-tombe\/#breadcrumb\",\"itemListElement\":[{\"@type\":\"ListItem\",\"position\":1,\"name\":\"Accueil\",\"item\":\"https:\/\/vieassociative.be\/actualites\/\"},{\"@type\":\"ListItem\",\"position\":2,\"name\":\"L&rsquo;anniversaire de la mort de Nawalny: des centaines de fleurs se trouvaient sur la tombe\"}]},{\"@type\":\"WebSite\",\"@id\":\"https:\/\/vieassociative.be\/actualites\/#website\",\"url\":\"https:\/\/vieassociative.be\/actualites\/\",\"name\":\"Vie Associative\",\"description\":\"\",\"publisher\":{\"@id\":\"https:\/\/vieassociative.be\/actualites\/#organization\"},\"potentialAction\":[{\"@type\":\"SearchAction\",\"target\":{\"@type\":\"EntryPoint\",\"urlTemplate\":\"https:\/\/vieassociative.be\/actualites\/?s={search_term_string}\"},\"query-input\":{\"@type\":\"PropertyValueSpecification\",\"valueRequired\":true,\"valueName\":\"search_term_string\"}}],\"inLanguage\":\"fr-BE\"},{\"@type\":\"Organization\",\"@id\":\"https:\/\/vieassociative.be\/actualites\/#organization\",\"name\":\"Vie Associative\",\"url\":\"https:\/\/vieassociative.be\/actualites\/\",\"logo\":{\"@type\":\"ImageObject\",\"inLanguage\":\"fr-BE\",\"@id\":\"https:\/\/vieassociative.be\/actualites\/#\/schema\/logo\/image\/\",\"url\":\"https:\/\/vieassociative.be\/actualites\/wp-content\/uploads\/2024\/09\/cropped-vieassociative_favicon.ico.png\",\"contentUrl\":\"https:\/\/vieassociative.be\/actualites\/wp-content\/uploads\/2024\/09\/cropped-vieassociative_favicon.ico.png\",\"width\":512,\"height\":512,\"caption\":\"Vie Associative\"},\"image\":{\"@id\":\"https:\/\/vieassociative.be\/actualites\/#\/schema\/logo\/image\/\"}},{\"@type\":\"Person\",\"@id\":\"https:\/\/vieassociative.be\/actualites\/#\/schema\/person\/b87ac4f82f9d4e7b7cec7395b679edc4\",\"name\":\"Julien\",\"image\":{\"@type\":\"ImageObject\",\"inLanguage\":\"fr-BE\",\"@id\":\"https:\/\/vieassociative.be\/actualites\/#\/schema\/person\/image\/\",\"url\":\"https:\/\/vieassociative.be\/actualites\/wp-content\/uploads\/2024\/09\/vie-associative-1-150x150.jpg\",\"contentUrl\":\"https:\/\/vieassociative.be\/actualites\/wp-content\/uploads\/2024\/09\/vie-associative-1-150x150.jpg\",\"caption\":\"Julien\"},\"description\":\"Je suis Julien, r\u00e9dacteur pour Vie Associative. Passionn\u00e9 par le monde associatif depuis plus de 10 ans, j'ai \u00e0 c\u0153ur de partager des histoires inspirantes et de mettre en lumi\u00e8re les initiatives locales. Mon objectif est de sensibiliser et d'encourager l'engagement communautaire \u00e0 travers mes articles.\",\"sameAs\":[\"https:\/\/vieassociative.be\/\"]}]}<\/script>\n<!-- \/ Yoast SEO plugin. -->","yoast_head_json":{"title":"L'anniversaire de la mort de Nawalny: des centaines de fleurs se trouvaient sur la tombe | Vie Associative","robots":{"index":"index","follow":"follow","max-snippet":"max-snippet:-1","max-image-preview":"max-image-preview:large","max-video-preview":"max-video-preview:-1"},"canonical":"https:\/\/vieassociative.be\/actualites\/lanniversaire-de-la-mort-de-nawalny-des-centaines-de-fleurs-se-trouvaient-sur-la-tombe\/","og_locale":"fr_FR","og_type":"article","og_title":"L'anniversaire de la mort de Nawalny: des centaines de fleurs se trouvaient sur la tombe | Vie Associative","og_description":"Le chef de l&rsquo;opposition Alexej Nawalny est mort depuis un an. Le jour de la mort, de nombreux Moscou visitent leur tombe malgr\u00e9 l&rsquo;intimidation officielle","og_url":"https:\/\/vieassociative.be\/actualites\/lanniversaire-de-la-mort-de-nawalny-des-centaines-de-fleurs-se-trouvaient-sur-la-tombe\/","og_site_name":"Vie Associative","article_published_time":"2025-02-17T08:17:08+00:00","og_image":[{"width":279,"height":92,"url":"https:\/\/vieassociative.be\/actualites\/wp-content\/uploads\/2024\/09\/header_backgroundk-01-e1726694325946.png","type":"image\/png"}],"author":"Julien","twitter_card":"summary_large_image","twitter_misc":{"\u00c9crit par":"Julien","Dur\u00e9e de lecture est.":"3 minutes"},"schema":{"@context":"https:\/\/schema.org","@graph":[{"@type":"Article","@id":"https:\/\/vieassociative.be\/actualites\/lanniversaire-de-la-mort-de-nawalny-des-centaines-de-fleurs-se-trouvaient-sur-la-tombe\/#article","isPartOf":{"@id":"https:\/\/vieassociative.be\/actualites\/lanniversaire-de-la-mort-de-nawalny-des-centaines-de-fleurs-se-trouvaient-sur-la-tombe\/"},"author":{"name":"Julien","@id":"https:\/\/vieassociative.be\/actualites\/#\/schema\/person\/b87ac4f82f9d4e7b7cec7395b679edc4"},"headline":"L&rsquo;anniversaire de la mort de Nawalny: des centaines de fleurs se trouvaient sur la tombe","datePublished":"2025-02-17T08:17:08+00:00","dateModified":"2025-02-17T08:17:08+00:00","mainEntityOfPage":{"@id":"https:\/\/vieassociative.be\/actualites\/lanniversaire-de-la-mort-de-nawalny-des-centaines-de-fleurs-se-trouvaient-sur-la-tombe\/"},"wordCount":601,"publisher":{"@id":"https:\/\/vieassociative.be\/actualites\/#organization"},"image":{"@id":"https:\/\/vieassociative.be\/actualites\/lanniversaire-de-la-mort-de-nawalny-des-centaines-de-fleurs-se-trouvaient-sur-la-tombe\/#primaryimage"},"thumbnailUrl":"https:\/\/vieassociative.be\/actualites\/wp-content\/uploads\/2025\/02\/1739780228_Lanniversaire-de-la-mort-de-Nawalny-des-centaines-de-fleurs.jpg","keywords":["centaines","Des","fleurs","Lanniversaire","mort","Nawalny","sur","tombe","trouvaient"],"articleSection":["Belgique"],"inLanguage":"fr-BE"},{"@type":"WebPage","@id":"https:\/\/vieassociative.be\/actualites\/lanniversaire-de-la-mort-de-nawalny-des-centaines-de-fleurs-se-trouvaient-sur-la-tombe\/","url":"https:\/\/vieassociative.be\/actualites\/lanniversaire-de-la-mort-de-nawalny-des-centaines-de-fleurs-se-trouvaient-sur-la-tombe\/","name":"L'anniversaire de la mort de Nawalny: des centaines de fleurs se trouvaient sur la tombe | Vie Associative","isPartOf":{"@id":"https:\/\/vieassociative.be\/actualites\/#website"},"primaryImageOfPage":{"@id":"https:\/\/vieassociative.be\/actualites\/lanniversaire-de-la-mort-de-nawalny-des-centaines-de-fleurs-se-trouvaient-sur-la-tombe\/#primaryimage"},"image":{"@id":"https:\/\/vieassociative.be\/actualites\/lanniversaire-de-la-mort-de-nawalny-des-centaines-de-fleurs-se-trouvaient-sur-la-tombe\/#primaryimage"},"thumbnailUrl":"https:\/\/vieassociative.be\/actualites\/wp-content\/uploads\/2025\/02\/1739780228_Lanniversaire-de-la-mort-de-Nawalny-des-centaines-de-fleurs.jpg","datePublished":"2025-02-17T08:17:08+00:00","dateModified":"2025-02-17T08:17:08+00:00","breadcrumb":{"@id":"https:\/\/vieassociative.be\/actualites\/lanniversaire-de-la-mort-de-nawalny-des-centaines-de-fleurs-se-trouvaient-sur-la-tombe\/#breadcrumb"},"inLanguage":"fr-BE","potentialAction":[{"@type":"ReadAction","target":["https:\/\/vieassociative.be\/actualites\/lanniversaire-de-la-mort-de-nawalny-des-centaines-de-fleurs-se-trouvaient-sur-la-tombe\/"]}]},{"@type":"ImageObject","inLanguage":"fr-BE","@id":"https:\/\/vieassociative.be\/actualites\/lanniversaire-de-la-mort-de-nawalny-des-centaines-de-fleurs-se-trouvaient-sur-la-tombe\/#primaryimage","url":"https:\/\/vieassociative.be\/actualites\/wp-content\/uploads\/2025\/02\/1739780228_Lanniversaire-de-la-mort-de-Nawalny-des-centaines-de-fleurs.jpg","contentUrl":"https:\/\/vieassociative.be\/actualites\/wp-content\/uploads\/2025\/02\/1739780228_Lanniversaire-de-la-mort-de-Nawalny-des-centaines-de-fleurs.jpg","width":1200,"height":800,"caption":"L'anniversaire de la mort de Nawalny: des centaines de fleurs se trouvaient sur la tombe"},{"@type":"BreadcrumbList","@id":"https:\/\/vieassociative.be\/actualites\/lanniversaire-de-la-mort-de-nawalny-des-centaines-de-fleurs-se-trouvaient-sur-la-tombe\/#breadcrumb","itemListElement":[{"@type":"ListItem","position":1,"name":"Accueil","item":"https:\/\/vieassociative.be\/actualites\/"},{"@type":"ListItem","position":2,"name":"L&rsquo;anniversaire de la mort de Nawalny: des centaines de fleurs se trouvaient sur la tombe"}]},{"@type":"WebSite","@id":"https:\/\/vieassociative.be\/actualites\/#website","url":"https:\/\/vieassociative.be\/actualites\/","name":"Vie Associative","description":"","publisher":{"@id":"https:\/\/vieassociative.be\/actualites\/#organization"},"potentialAction":[{"@type":"SearchAction","target":{"@type":"EntryPoint","urlTemplate":"https:\/\/vieassociative.be\/actualites\/?s={search_term_string}"},"query-input":{"@type":"PropertyValueSpecification","valueRequired":true,"valueName":"search_term_string"}}],"inLanguage":"fr-BE"},{"@type":"Organization","@id":"https:\/\/vieassociative.be\/actualites\/#organization","name":"Vie Associative","url":"https:\/\/vieassociative.be\/actualites\/","logo":{"@type":"ImageObject","inLanguage":"fr-BE","@id":"https:\/\/vieassociative.be\/actualites\/#\/schema\/logo\/image\/","url":"https:\/\/vieassociative.be\/actualites\/wp-content\/uploads\/2024\/09\/cropped-vieassociative_favicon.ico.png","contentUrl":"https:\/\/vieassociative.be\/actualites\/wp-content\/uploads\/2024\/09\/cropped-vieassociative_favicon.ico.png","width":512,"height":512,"caption":"Vie Associative"},"image":{"@id":"https:\/\/vieassociative.be\/actualites\/#\/schema\/logo\/image\/"}},{"@type":"Person","@id":"https:\/\/vieassociative.be\/actualites\/#\/schema\/person\/b87ac4f82f9d4e7b7cec7395b679edc4","name":"Julien","image":{"@type":"ImageObject","inLanguage":"fr-BE","@id":"https:\/\/vieassociative.be\/actualites\/#\/schema\/person\/image\/","url":"https:\/\/vieassociative.be\/actualites\/wp-content\/uploads\/2024\/09\/vie-associative-1-150x150.jpg","contentUrl":"https:\/\/vieassociative.be\/actualites\/wp-content\/uploads\/2024\/09\/vie-associative-1-150x150.jpg","caption":"Julien"},"description":"Je suis Julien, r\u00e9dacteur pour Vie Associative. Passionn\u00e9 par le monde associatif depuis plus de 10 ans, j'ai \u00e0 c\u0153ur de partager des histoires inspirantes et de mettre en lumi\u00e8re les initiatives locales. Mon objectif est de sensibiliser et d'encourager l'engagement communautaire \u00e0 travers mes articles.","sameAs":["https:\/\/vieassociative.be\/"]}]}},"_links":{"self":[{"href":"https:\/\/vieassociative.be\/actualites\/wp-json\/wp\/v2\/posts\/5180"}],"collection":[{"href":"https:\/\/vieassociative.be\/actualites\/wp-json\/wp\/v2\/posts"}],"about":[{"href":"https:\/\/vieassociative.be\/actualites\/wp-json\/wp\/v2\/types\/post"}],"author":[{"embeddable":true,"href":"https:\/\/vieassociative.be\/actualites\/wp-json\/wp\/v2\/users\/1"}],"replies":[{"embeddable":true,"href":"https:\/\/vieassociative.be\/actualites\/wp-json\/wp\/v2\/comments?post=5180"}],"version-history":[{"count":0,"href":"https:\/\/vieassociative.be\/actualites\/wp-json\/wp\/v2\/posts\/5180\/revisions"}],"wp:featuredmedia":[{"embeddable":true,"href":"https:\/\/vieassociative.be\/actualites\/wp-json\/wp\/v2\/media\/5181"}],"wp:attachment":[{"href":"https:\/\/vieassociative.be\/actualites\/wp-json\/wp\/v2\/media?parent=5180"}],"wp:term":[{"taxonomy":"category","embeddable":true,"href":"https:\/\/vieassociative.be\/actualites\/wp-json\/wp\/v2\/categories?post=5180"},{"taxonomy":"post_tag","embeddable":true,"href":"https:\/\/vieassociative.be\/actualites\/wp-json\/wp\/v2\/tags?post=5180"}],"curies":[{"name":"wp","href":"https:\/\/api.w.org\/{rel}","templated":true}]}}