{"id":5162,"date":"2025-02-16T15:18:12","date_gmt":"2025-02-16T14:18:12","guid":{"rendered":"https:\/\/vieassociative.be\/actualites\/en-tant-queupen-un-seul-point-en-trois-matchs-contre-le-bas-du-tableau-aujourdhui-en-bas-de-jong-genk\/"},"modified":"2025-02-16T15:18:12","modified_gmt":"2025-02-16T14:18:12","slug":"en-tant-queupen-un-seul-point-en-trois-matchs-contre-le-bas-du-tableau-aujourdhui-en-bas-de-jong-genk","status":"publish","type":"post","link":"https:\/\/vieassociative.be\/actualites\/en-tant-queupen-un-seul-point-en-trois-matchs-contre-le-bas-du-tableau-aujourdhui-en-bas-de-jong-genk\/","title":{"rendered":"En tant qu&rsquo;Eupen, un seul point en trois matchs contre le bas du tableau &#8211; aujourd&rsquo;hui en bas de Jong Genk"},"content":{"rendered":"<p><strong>Deux d\u00e9faites contre les mod\u00e8les locaux et les francs, ainsi qu&rsquo;une maigre division de points contre RSC Anderlecht Futures: Jusqu&rsquo;\u00e0 pr\u00e9sent, le club de deuxi\u00e8me division comme Eupen n&rsquo;a pas provoqu\u00e9 le bas du tableau de la Challenger Pro League.<\/strong><\/p>\n<p><span id=\"more-408347\"><\/span>Lors d&rsquo;une autre erreur ce dimanche soir \u00e0 Jong Genk (19h15 \/ Live on Dazn), qui est au fond de la banque apr\u00e8s la faillite de Deinze dans la Challenger Pro League, le noir et blanc serait certainement un candidat de rel\u00e9gation. Comme Eupen n&rsquo;a que six points d&rsquo;avance sur Jong Genk aujourd&rsquo;hui. En cas de d\u00e9faite, ce ne serait plus que trois points avec neuf matchs en cours.<\/p>\n<div id=\"attachment_238584\" class=\"wp-caption alignleft\" style=\"max-width: 300px\"><img fetchpriority=\"high\" decoding=\"async\" class=\"wp-image-238584 size-medium\" src=\"https:\/\/vieassociative.be\/actualites\/wp-content\/uploads\/2025\/02\/En-tant-quEupen-un-seul-point-en-trois-matchs-contre.jpeg\" alt=\"\" width=\"300\" height=\"200\"><\/p>\n<p class=\"wp-caption-text\">Igor Plastun (M) de AA Gand dans un duel avec l&rsquo;attaquant d&rsquo;Eupen Smail Prevljak (R). Sven Kums (L) montres. C&rsquo;\u00e9tait le 14 f\u00e9vrier 2020. Photo: Belga<\/p>\n<\/div>\n<p>La premi\u00e8re \u00e9tape \u00e0 Eupen contre Jong Genk a remport\u00e9 l&rsquo;AS 3: 1 par des buts de Van Genecht, Caliskan et Gedikli. Quiconque croyait qu&rsquo;apr\u00e8s la victoire \u00e0 l&rsquo;\u00e9poque o\u00f9 Eupen commencerait \u00e0 partir de l&rsquo;\u00e9poque de Mersad Selimbegovic.<\/p>\n<p>En plus des bless\u00e9s \u00e0 long terme Isaac Nuhu, Manaf Nurudeen, Nathan Bitumazala et Scott Kennedy, le match contre Jong Genk, qui ne se d\u00e9roule pas \u00e0 Geel, mais dans le stade domestique, la Cegeka Arena \u00e0 Genk, sera manquante, il manquera, L&rsquo;Amadou Keita, qui faisait r\u00e9f\u00e9rence au terrain pr\u00e9c\u00e9demment contre SK Lierse. Igor Plastun peut \u00eatre utilis\u00e9 pour la premi\u00e8re fois dans la d\u00e9fense d&rsquo;Eupen ou dans le milieu de terrain d\u00e9fensif. (Cre)<\/p>\n","protected":false},"excerpt":{"rendered":"<p>Deux d\u00e9faites contre les mod\u00e8les locaux et les francs, ainsi qu&rsquo;une maigre division de points contre RSC Anderlecht Futures: Jusqu&rsquo;\u00e0 pr\u00e9sent, le club de deuxi\u00e8me<\/p>\n","protected":false},"author":1,"featured_media":4769,"comment_status":"","ping_status":"","sticky":false,"template":"","format":"standard","meta":{"footnotes":""},"categories":[298],"tags":[2330,700,796,932,5376,3023,174,5094,1236,2352,1745,771],"class_list":["post-5162","post","type-post","status-publish","format-standard","has-post-thumbnail","hentry","category-belgique","tag-aujourdhui","tag-bas","tag-contre","tag-genk","tag-jong","tag-matchs","tag-point","tag-queupen","tag-seul","tag-tableau","tag-tant","tag-trois","generate-columns","tablet-grid-50","mobile-grid-100","grid-parent","grid-33"],"yoast_head":"<!-- This site is optimized with the Yoast SEO plugin v24.0 - https:\/\/yoast.com\/wordpress\/plugins\/seo\/ -->\n<title>En tant qu&#039;Eupen, un seul point en trois matchs contre le bas du tableau - aujourd&#039;hui en bas de Jong Genk | Vie Associative<\/title>\n<meta name=\"robots\" content=\"index, follow, max-snippet:-1, max-image-preview:large, max-video-preview:-1\" \/>\n<link rel=\"canonical\" href=\"https:\/\/vieassociative.be\/actualites\/en-tant-queupen-un-seul-point-en-trois-matchs-contre-le-bas-du-tableau-aujourdhui-en-bas-de-jong-genk\/\" \/>\n<meta property=\"og:locale\" content=\"fr_FR\" \/>\n<meta property=\"og:type\" content=\"article\" \/>\n<meta property=\"og:title\" content=\"En tant qu&#039;Eupen, un seul point en trois matchs contre le bas du tableau - aujourd&#039;hui en bas de Jong Genk | Vie Associative\" \/>\n<meta property=\"og:description\" content=\"Deux d\u00e9faites contre les mod\u00e8les locaux et les francs, ainsi qu&rsquo;une maigre division de points contre RSC Anderlecht Futures: Jusqu&rsquo;\u00e0 pr\u00e9sent, le club de deuxi\u00e8me\" \/>\n<meta property=\"og:url\" content=\"https:\/\/vieassociative.be\/actualites\/en-tant-queupen-un-seul-point-en-trois-matchs-contre-le-bas-du-tableau-aujourdhui-en-bas-de-jong-genk\/\" \/>\n<meta property=\"og:site_name\" content=\"Vie Associative\" \/>\n<meta property=\"article:published_time\" content=\"2025-02-16T14:18:12+00:00\" \/>\n<meta property=\"og:image\" content=\"https:\/\/vieassociative.be\/actualites\/wp-content\/uploads\/2024\/09\/header_backgroundk-01-e1726694325946.png\" \/>\n\t<meta property=\"og:image:width\" content=\"279\" \/>\n\t<meta property=\"og:image:height\" content=\"92\" \/>\n\t<meta property=\"og:image:type\" content=\"image\/png\" \/>\n<meta name=\"author\" content=\"Julien\" \/>\n<meta name=\"twitter:card\" content=\"summary_large_image\" \/>\n<meta name=\"twitter:label1\" content=\"\u00c9crit par\" \/>\n\t<meta name=\"twitter:data1\" content=\"Julien\" \/>\n\t<meta name=\"twitter:label2\" content=\"Dur\u00e9e de lecture est.\" \/>\n\t<meta name=\"twitter:data2\" content=\"1 minute\" \/>\n<script type=\"application\/ld+json\" class=\"yoast-schema-graph\">{\"@context\":\"https:\/\/schema.org\",\"@graph\":[{\"@type\":\"Article\",\"@id\":\"https:\/\/vieassociative.be\/actualites\/en-tant-queupen-un-seul-point-en-trois-matchs-contre-le-bas-du-tableau-aujourdhui-en-bas-de-jong-genk\/#article\",\"isPartOf\":{\"@id\":\"https:\/\/vieassociative.be\/actualites\/en-tant-queupen-un-seul-point-en-trois-matchs-contre-le-bas-du-tableau-aujourdhui-en-bas-de-jong-genk\/\"},\"author\":{\"name\":\"Julien\",\"@id\":\"https:\/\/vieassociative.be\/actualites\/#\/schema\/person\/b87ac4f82f9d4e7b7cec7395b679edc4\"},\"headline\":\"En tant qu&rsquo;Eupen, un seul point en trois matchs contre le bas du tableau &#8211; aujourd&rsquo;hui en bas de Jong Genk\",\"datePublished\":\"2025-02-16T14:18:12+00:00\",\"dateModified\":\"2025-02-16T14:18:12+00:00\",\"mainEntityOfPage\":{\"@id\":\"https:\/\/vieassociative.be\/actualites\/en-tant-queupen-un-seul-point-en-trois-matchs-contre-le-bas-du-tableau-aujourdhui-en-bas-de-jong-genk\/\"},\"wordCount\":293,\"publisher\":{\"@id\":\"https:\/\/vieassociative.be\/actualites\/#organization\"},\"image\":{\"@id\":\"https:\/\/vieassociative.be\/actualites\/en-tant-queupen-un-seul-point-en-trois-matchs-contre-le-bas-du-tableau-aujourdhui-en-bas-de-jong-genk\/#primaryimage\"},\"thumbnailUrl\":\"https:\/\/vieassociative.be\/actualites\/wp-content\/uploads\/2025\/02\/1738419455_En-tant-quEupen-depuis-le-22-novembre-2024-sans-victoire.jpg\",\"keywords\":[\"aujourdhui\",\"bas\",\"contre\",\"Genk\",\"Jong\",\"matchs\",\"point\",\"quEupen\",\"seul\",\"tableau\",\"tant\",\"trois\"],\"articleSection\":[\"Belgique\"],\"inLanguage\":\"fr-BE\"},{\"@type\":\"WebPage\",\"@id\":\"https:\/\/vieassociative.be\/actualites\/en-tant-queupen-un-seul-point-en-trois-matchs-contre-le-bas-du-tableau-aujourdhui-en-bas-de-jong-genk\/\",\"url\":\"https:\/\/vieassociative.be\/actualites\/en-tant-queupen-un-seul-point-en-trois-matchs-contre-le-bas-du-tableau-aujourdhui-en-bas-de-jong-genk\/\",\"name\":\"En tant qu'Eupen, un seul point en trois matchs contre le bas du tableau - aujourd'hui en bas de Jong Genk | Vie Associative\",\"isPartOf\":{\"@id\":\"https:\/\/vieassociative.be\/actualites\/#website\"},\"primaryImageOfPage\":{\"@id\":\"https:\/\/vieassociative.be\/actualites\/en-tant-queupen-un-seul-point-en-trois-matchs-contre-le-bas-du-tableau-aujourdhui-en-bas-de-jong-genk\/#primaryimage\"},\"image\":{\"@id\":\"https:\/\/vieassociative.be\/actualites\/en-tant-queupen-un-seul-point-en-trois-matchs-contre-le-bas-du-tableau-aujourdhui-en-bas-de-jong-genk\/#primaryimage\"},\"thumbnailUrl\":\"https:\/\/vieassociative.be\/actualites\/wp-content\/uploads\/2025\/02\/1738419455_En-tant-quEupen-depuis-le-22-novembre-2024-sans-victoire.jpg\",\"datePublished\":\"2025-02-16T14:18:12+00:00\",\"dateModified\":\"2025-02-16T14:18:12+00:00\",\"breadcrumb\":{\"@id\":\"https:\/\/vieassociative.be\/actualites\/en-tant-queupen-un-seul-point-en-trois-matchs-contre-le-bas-du-tableau-aujourdhui-en-bas-de-jong-genk\/#breadcrumb\"},\"inLanguage\":\"fr-BE\",\"potentialAction\":[{\"@type\":\"ReadAction\",\"target\":[\"https:\/\/vieassociative.be\/actualites\/en-tant-queupen-un-seul-point-en-trois-matchs-contre-le-bas-du-tableau-aujourdhui-en-bas-de-jong-genk\/\"]}]},{\"@type\":\"ImageObject\",\"inLanguage\":\"fr-BE\",\"@id\":\"https:\/\/vieassociative.be\/actualites\/en-tant-queupen-un-seul-point-en-trois-matchs-contre-le-bas-du-tableau-aujourdhui-en-bas-de-jong-genk\/#primaryimage\",\"url\":\"https:\/\/vieassociative.be\/actualites\/wp-content\/uploads\/2025\/02\/1738419455_En-tant-quEupen-depuis-le-22-novembre-2024-sans-victoire.jpg\",\"contentUrl\":\"https:\/\/vieassociative.be\/actualites\/wp-content\/uploads\/2025\/02\/1738419455_En-tant-quEupen-depuis-le-22-novembre-2024-sans-victoire.jpg\",\"width\":1200,\"height\":800,\"caption\":\"En tant qu'Eupen depuis le 22 novembre 2024 sans victoire\"},{\"@type\":\"BreadcrumbList\",\"@id\":\"https:\/\/vieassociative.be\/actualites\/en-tant-queupen-un-seul-point-en-trois-matchs-contre-le-bas-du-tableau-aujourdhui-en-bas-de-jong-genk\/#breadcrumb\",\"itemListElement\":[{\"@type\":\"ListItem\",\"position\":1,\"name\":\"Accueil\",\"item\":\"https:\/\/vieassociative.be\/actualites\/\"},{\"@type\":\"ListItem\",\"position\":2,\"name\":\"En tant qu&rsquo;Eupen, un seul point en trois matchs contre le bas du tableau &#8211; aujourd&rsquo;hui en bas de Jong Genk\"}]},{\"@type\":\"WebSite\",\"@id\":\"https:\/\/vieassociative.be\/actualites\/#website\",\"url\":\"https:\/\/vieassociative.be\/actualites\/\",\"name\":\"Vie Associative\",\"description\":\"\",\"publisher\":{\"@id\":\"https:\/\/vieassociative.be\/actualites\/#organization\"},\"potentialAction\":[{\"@type\":\"SearchAction\",\"target\":{\"@type\":\"EntryPoint\",\"urlTemplate\":\"https:\/\/vieassociative.be\/actualites\/?s={search_term_string}\"},\"query-input\":{\"@type\":\"PropertyValueSpecification\",\"valueRequired\":true,\"valueName\":\"search_term_string\"}}],\"inLanguage\":\"fr-BE\"},{\"@type\":\"Organization\",\"@id\":\"https:\/\/vieassociative.be\/actualites\/#organization\",\"name\":\"Vie Associative\",\"url\":\"https:\/\/vieassociative.be\/actualites\/\",\"logo\":{\"@type\":\"ImageObject\",\"inLanguage\":\"fr-BE\",\"@id\":\"https:\/\/vieassociative.be\/actualites\/#\/schema\/logo\/image\/\",\"url\":\"https:\/\/vieassociative.be\/actualites\/wp-content\/uploads\/2024\/09\/cropped-vieassociative_favicon.ico.png\",\"contentUrl\":\"https:\/\/vieassociative.be\/actualites\/wp-content\/uploads\/2024\/09\/cropped-vieassociative_favicon.ico.png\",\"width\":512,\"height\":512,\"caption\":\"Vie Associative\"},\"image\":{\"@id\":\"https:\/\/vieassociative.be\/actualites\/#\/schema\/logo\/image\/\"}},{\"@type\":\"Person\",\"@id\":\"https:\/\/vieassociative.be\/actualites\/#\/schema\/person\/b87ac4f82f9d4e7b7cec7395b679edc4\",\"name\":\"Julien\",\"image\":{\"@type\":\"ImageObject\",\"inLanguage\":\"fr-BE\",\"@id\":\"https:\/\/vieassociative.be\/actualites\/#\/schema\/person\/image\/\",\"url\":\"https:\/\/vieassociative.be\/actualites\/wp-content\/uploads\/2024\/09\/vie-associative-1-150x150.jpg\",\"contentUrl\":\"https:\/\/vieassociative.be\/actualites\/wp-content\/uploads\/2024\/09\/vie-associative-1-150x150.jpg\",\"caption\":\"Julien\"},\"description\":\"Je suis Julien, r\u00e9dacteur pour Vie Associative. Passionn\u00e9 par le monde associatif depuis plus de 10 ans, j'ai \u00e0 c\u0153ur de partager des histoires inspirantes et de mettre en lumi\u00e8re les initiatives locales. Mon objectif est de sensibiliser et d'encourager l'engagement communautaire \u00e0 travers mes articles.\",\"sameAs\":[\"https:\/\/vieassociative.be\/\"]}]}<\/script>\n<!-- \/ Yoast SEO plugin. -->","yoast_head_json":{"title":"En tant qu'Eupen, un seul point en trois matchs contre le bas du tableau - aujourd'hui en bas de Jong Genk | Vie Associative","robots":{"index":"index","follow":"follow","max-snippet":"max-snippet:-1","max-image-preview":"max-image-preview:large","max-video-preview":"max-video-preview:-1"},"canonical":"https:\/\/vieassociative.be\/actualites\/en-tant-queupen-un-seul-point-en-trois-matchs-contre-le-bas-du-tableau-aujourdhui-en-bas-de-jong-genk\/","og_locale":"fr_FR","og_type":"article","og_title":"En tant qu'Eupen, un seul point en trois matchs contre le bas du tableau - aujourd'hui en bas de Jong Genk | Vie Associative","og_description":"Deux d\u00e9faites contre les mod\u00e8les locaux et les francs, ainsi qu&rsquo;une maigre division de points contre RSC Anderlecht Futures: Jusqu&rsquo;\u00e0 pr\u00e9sent, le club de deuxi\u00e8me","og_url":"https:\/\/vieassociative.be\/actualites\/en-tant-queupen-un-seul-point-en-trois-matchs-contre-le-bas-du-tableau-aujourdhui-en-bas-de-jong-genk\/","og_site_name":"Vie Associative","article_published_time":"2025-02-16T14:18:12+00:00","og_image":[{"width":279,"height":92,"url":"https:\/\/vieassociative.be\/actualites\/wp-content\/uploads\/2024\/09\/header_backgroundk-01-e1726694325946.png","type":"image\/png"}],"author":"Julien","twitter_card":"summary_large_image","twitter_misc":{"\u00c9crit par":"Julien","Dur\u00e9e de lecture est.":"1 minute"},"schema":{"@context":"https:\/\/schema.org","@graph":[{"@type":"Article","@id":"https:\/\/vieassociative.be\/actualites\/en-tant-queupen-un-seul-point-en-trois-matchs-contre-le-bas-du-tableau-aujourdhui-en-bas-de-jong-genk\/#article","isPartOf":{"@id":"https:\/\/vieassociative.be\/actualites\/en-tant-queupen-un-seul-point-en-trois-matchs-contre-le-bas-du-tableau-aujourdhui-en-bas-de-jong-genk\/"},"author":{"name":"Julien","@id":"https:\/\/vieassociative.be\/actualites\/#\/schema\/person\/b87ac4f82f9d4e7b7cec7395b679edc4"},"headline":"En tant qu&rsquo;Eupen, un seul point en trois matchs contre le bas du tableau &#8211; aujourd&rsquo;hui en bas de Jong Genk","datePublished":"2025-02-16T14:18:12+00:00","dateModified":"2025-02-16T14:18:12+00:00","mainEntityOfPage":{"@id":"https:\/\/vieassociative.be\/actualites\/en-tant-queupen-un-seul-point-en-trois-matchs-contre-le-bas-du-tableau-aujourdhui-en-bas-de-jong-genk\/"},"wordCount":293,"publisher":{"@id":"https:\/\/vieassociative.be\/actualites\/#organization"},"image":{"@id":"https:\/\/vieassociative.be\/actualites\/en-tant-queupen-un-seul-point-en-trois-matchs-contre-le-bas-du-tableau-aujourdhui-en-bas-de-jong-genk\/#primaryimage"},"thumbnailUrl":"https:\/\/vieassociative.be\/actualites\/wp-content\/uploads\/2025\/02\/1738419455_En-tant-quEupen-depuis-le-22-novembre-2024-sans-victoire.jpg","keywords":["aujourdhui","bas","contre","Genk","Jong","matchs","point","quEupen","seul","tableau","tant","trois"],"articleSection":["Belgique"],"inLanguage":"fr-BE"},{"@type":"WebPage","@id":"https:\/\/vieassociative.be\/actualites\/en-tant-queupen-un-seul-point-en-trois-matchs-contre-le-bas-du-tableau-aujourdhui-en-bas-de-jong-genk\/","url":"https:\/\/vieassociative.be\/actualites\/en-tant-queupen-un-seul-point-en-trois-matchs-contre-le-bas-du-tableau-aujourdhui-en-bas-de-jong-genk\/","name":"En tant qu'Eupen, un seul point en trois matchs contre le bas du tableau - aujourd'hui en bas de Jong Genk | Vie Associative","isPartOf":{"@id":"https:\/\/vieassociative.be\/actualites\/#website"},"primaryImageOfPage":{"@id":"https:\/\/vieassociative.be\/actualites\/en-tant-queupen-un-seul-point-en-trois-matchs-contre-le-bas-du-tableau-aujourdhui-en-bas-de-jong-genk\/#primaryimage"},"image":{"@id":"https:\/\/vieassociative.be\/actualites\/en-tant-queupen-un-seul-point-en-trois-matchs-contre-le-bas-du-tableau-aujourdhui-en-bas-de-jong-genk\/#primaryimage"},"thumbnailUrl":"https:\/\/vieassociative.be\/actualites\/wp-content\/uploads\/2025\/02\/1738419455_En-tant-quEupen-depuis-le-22-novembre-2024-sans-victoire.jpg","datePublished":"2025-02-16T14:18:12+00:00","dateModified":"2025-02-16T14:18:12+00:00","breadcrumb":{"@id":"https:\/\/vieassociative.be\/actualites\/en-tant-queupen-un-seul-point-en-trois-matchs-contre-le-bas-du-tableau-aujourdhui-en-bas-de-jong-genk\/#breadcrumb"},"inLanguage":"fr-BE","potentialAction":[{"@type":"ReadAction","target":["https:\/\/vieassociative.be\/actualites\/en-tant-queupen-un-seul-point-en-trois-matchs-contre-le-bas-du-tableau-aujourdhui-en-bas-de-jong-genk\/"]}]},{"@type":"ImageObject","inLanguage":"fr-BE","@id":"https:\/\/vieassociative.be\/actualites\/en-tant-queupen-un-seul-point-en-trois-matchs-contre-le-bas-du-tableau-aujourdhui-en-bas-de-jong-genk\/#primaryimage","url":"https:\/\/vieassociative.be\/actualites\/wp-content\/uploads\/2025\/02\/1738419455_En-tant-quEupen-depuis-le-22-novembre-2024-sans-victoire.jpg","contentUrl":"https:\/\/vieassociative.be\/actualites\/wp-content\/uploads\/2025\/02\/1738419455_En-tant-quEupen-depuis-le-22-novembre-2024-sans-victoire.jpg","width":1200,"height":800,"caption":"En tant qu'Eupen depuis le 22 novembre 2024 sans victoire"},{"@type":"BreadcrumbList","@id":"https:\/\/vieassociative.be\/actualites\/en-tant-queupen-un-seul-point-en-trois-matchs-contre-le-bas-du-tableau-aujourdhui-en-bas-de-jong-genk\/#breadcrumb","itemListElement":[{"@type":"ListItem","position":1,"name":"Accueil","item":"https:\/\/vieassociative.be\/actualites\/"},{"@type":"ListItem","position":2,"name":"En tant qu&rsquo;Eupen, un seul point en trois matchs contre le bas du tableau &#8211; aujourd&rsquo;hui en bas de Jong Genk"}]},{"@type":"WebSite","@id":"https:\/\/vieassociative.be\/actualites\/#website","url":"https:\/\/vieassociative.be\/actualites\/","name":"Vie Associative","description":"","publisher":{"@id":"https:\/\/vieassociative.be\/actualites\/#organization"},"potentialAction":[{"@type":"SearchAction","target":{"@type":"EntryPoint","urlTemplate":"https:\/\/vieassociative.be\/actualites\/?s={search_term_string}"},"query-input":{"@type":"PropertyValueSpecification","valueRequired":true,"valueName":"search_term_string"}}],"inLanguage":"fr-BE"},{"@type":"Organization","@id":"https:\/\/vieassociative.be\/actualites\/#organization","name":"Vie Associative","url":"https:\/\/vieassociative.be\/actualites\/","logo":{"@type":"ImageObject","inLanguage":"fr-BE","@id":"https:\/\/vieassociative.be\/actualites\/#\/schema\/logo\/image\/","url":"https:\/\/vieassociative.be\/actualites\/wp-content\/uploads\/2024\/09\/cropped-vieassociative_favicon.ico.png","contentUrl":"https:\/\/vieassociative.be\/actualites\/wp-content\/uploads\/2024\/09\/cropped-vieassociative_favicon.ico.png","width":512,"height":512,"caption":"Vie Associative"},"image":{"@id":"https:\/\/vieassociative.be\/actualites\/#\/schema\/logo\/image\/"}},{"@type":"Person","@id":"https:\/\/vieassociative.be\/actualites\/#\/schema\/person\/b87ac4f82f9d4e7b7cec7395b679edc4","name":"Julien","image":{"@type":"ImageObject","inLanguage":"fr-BE","@id":"https:\/\/vieassociative.be\/actualites\/#\/schema\/person\/image\/","url":"https:\/\/vieassociative.be\/actualites\/wp-content\/uploads\/2024\/09\/vie-associative-1-150x150.jpg","contentUrl":"https:\/\/vieassociative.be\/actualites\/wp-content\/uploads\/2024\/09\/vie-associative-1-150x150.jpg","caption":"Julien"},"description":"Je suis Julien, r\u00e9dacteur pour Vie Associative. Passionn\u00e9 par le monde associatif depuis plus de 10 ans, j'ai \u00e0 c\u0153ur de partager des histoires inspirantes et de mettre en lumi\u00e8re les initiatives locales. Mon objectif est de sensibiliser et d'encourager l'engagement communautaire \u00e0 travers mes articles.","sameAs":["https:\/\/vieassociative.be\/"]}]}},"_links":{"self":[{"href":"https:\/\/vieassociative.be\/actualites\/wp-json\/wp\/v2\/posts\/5162"}],"collection":[{"href":"https:\/\/vieassociative.be\/actualites\/wp-json\/wp\/v2\/posts"}],"about":[{"href":"https:\/\/vieassociative.be\/actualites\/wp-json\/wp\/v2\/types\/post"}],"author":[{"embeddable":true,"href":"https:\/\/vieassociative.be\/actualites\/wp-json\/wp\/v2\/users\/1"}],"replies":[{"embeddable":true,"href":"https:\/\/vieassociative.be\/actualites\/wp-json\/wp\/v2\/comments?post=5162"}],"version-history":[{"count":0,"href":"https:\/\/vieassociative.be\/actualites\/wp-json\/wp\/v2\/posts\/5162\/revisions"}],"wp:featuredmedia":[{"embeddable":true,"href":"https:\/\/vieassociative.be\/actualites\/wp-json\/wp\/v2\/media\/4769"}],"wp:attachment":[{"href":"https:\/\/vieassociative.be\/actualites\/wp-json\/wp\/v2\/media?parent=5162"}],"wp:term":[{"taxonomy":"category","embeddable":true,"href":"https:\/\/vieassociative.be\/actualites\/wp-json\/wp\/v2\/categories?post=5162"},{"taxonomy":"post_tag","embeddable":true,"href":"https:\/\/vieassociative.be\/actualites\/wp-json\/wp\/v2\/tags?post=5162"}],"curies":[{"name":"wp","href":"https:\/\/api.w.org\/{rel}","templated":true}]}}