{"id":5143,"date":"2025-02-15T21:18:10","date_gmt":"2025-02-15T20:18:10","guid":{"rendered":"https:\/\/vieassociative.be\/actualites\/lancienne-infirmiere-de-la-clinique-de-wurselen-aurait-assassine-plusieurs-patients-des-accusations-soulevees\/"},"modified":"2025-02-15T21:18:10","modified_gmt":"2025-02-15T20:18:10","slug":"lancienne-infirmiere-de-la-clinique-de-wurselen-aurait-assassine-plusieurs-patients-des-accusations-soulevees","status":"publish","type":"post","link":"https:\/\/vieassociative.be\/actualites\/lancienne-infirmiere-de-la-clinique-de-wurselen-aurait-assassine-plusieurs-patients-des-accusations-soulevees\/","title":{"rendered":"L&rsquo;ancienne infirmi\u00e8re de la clinique de W\u00fcrselen aurait assassin\u00e9 plusieurs patients &#8211; des accusations soulev\u00e9es"},"content":{"rendered":"<p><strong>Il y a une suspicion monstrueuse dans la salle: un employ\u00e9 de la clinique a-t-il re\u00e7u des patients en s\u00e9rie de m\u00e9dicaments forts et les a-t-il tu\u00e9s dans plusieurs cas? Les enqu\u00eateurs d&rsquo;Aix-de-Chang ont de nouvelles connaissances.<\/strong><\/p>\n<p><span id=\"more-408291\"><\/span>Une ancienne infirmi\u00e8re de la clinique Rhein-MaaS \u00e0 W\u00fcrsselen pr\u00e8s d&rsquo;Aix-lea aurait tu\u00e9 plusieurs patients. Le procureur a soulev\u00e9 des accusations contre l&rsquo;homme, comme l&rsquo;a annonc\u00e9 le tribunal de district d&rsquo;Aix-un.<\/p>\n<p>En cons\u00e9quence, l&rsquo;homme de 44 ans est accus\u00e9 de meurtre et 25 fois une tentative de meurtre. L&rsquo;homme aurait donn\u00e9 des patients \u00e0 des m\u00e9dicaments s\u00e9datifs, en partie en combinaison avec des pr\u00e9parations de soulagement de la douleur, comme l&rsquo;a expliqu\u00e9 une porte-parole.<\/p>\n<div id=\"attachment_408305\" class=\"wp-caption alignleft\" style=\"max-width: 300px\"><img fetchpriority=\"high\" decoding=\"async\" class=\"wp-image-408305 size-medium\" src=\"https:\/\/vieassociative.be\/actualites\/wp-content\/uploads\/2025\/02\/Lancienne-infirmiere-de-la-clinique-de-Wurselen-aurait-assassine-plusieurs.jpg\" alt=\"\" width=\"300\" height=\"200\"><\/p>\n<p class=\"wp-caption-text\">16\/01\/2024, Rhin-Westphalie du Nord, Aix-un: vue sur le tribunal de district du centre judiciaire d&rsquo;Aix-un. Photo: Rolf Vennenbernd \/ DPA<\/p>\n<\/div>\n<p>Cependant, l&rsquo;\u00e9tendue compl\u00e8te de l&rsquo;affaire peut ne pas encore \u00eatre couverte. Comme l&rsquo;a annonc\u00e9 le bureau du procureur, Aachen, il y a une autre enqu\u00eate contre l&rsquo;homme &#8211; au-del\u00e0 des all\u00e9gations de l&rsquo;acte d&rsquo;accusation. Une porte-parole a d\u00e9clar\u00e9.<\/p>\n<p>L&rsquo;\u00e9t\u00e9 dernier, il est devenu connu que le bureau du procureur enqu\u00eatait sur un ancien soignant de la clinique de W\u00fcrselen. \u00c0 cette \u00e9poque, il a \u00e9t\u00e9 question de plusieurs tentatives de tuer des infractions \u00ab\u00a0dans le cadre de son travail d&rsquo;infirmi\u00e8re\u00a0\u00bb. Selon les informations \u00e0 cette \u00e9poque, l&rsquo;allemand \u00e9tait employ\u00e9 depuis plusieurs ann\u00e9es &#8211; et jusqu&rsquo;au d\u00e9but mai 2024 &#8211; \u00e0 l&rsquo;unit\u00e9 de soins palliatifs de la clinique. Un mandat d&rsquo;arr\u00eat a \u00e9t\u00e9 \u00e9mis en juillet 2024.<\/p>\n<p>La clinique Rhein-Maas \u00e0 W\u00fcrselen a d\u00e9clar\u00e9 \u00e0 l&rsquo;Aachener Zeitung que l&rsquo;on \u00e9tait heureux que les enqu\u00eates officielles aient maintenant progress\u00e9 tr\u00e8s loin et que l&rsquo;acte d&rsquo;accusation s&rsquo;\u00e9tait produit. Le tribunal de district doit d\u00e9sormais d\u00e9cider si l&rsquo;acte d&rsquo;accusation est approuv\u00e9 et qu&rsquo;un processus se produit. (DPA)<\/p>\n","protected":false},"excerpt":{"rendered":"<p>Il y a une suspicion monstrueuse dans la salle: un employ\u00e9 de la clinique a-t-il re\u00e7u des patients en s\u00e9rie de m\u00e9dicaments forts et les<\/p>\n","protected":false},"author":1,"featured_media":5144,"comment_status":"","ping_status":"","sticky":false,"template":"","format":"standard","meta":{"footnotes":""},"categories":[298],"tags":[5368,5367,5252,5365,29,5364,214,780,3320,5369,5366],"class_list":["post-5143","post","type-post","status-publish","format-standard","has-post-thumbnail","hentry","category-belgique","tag-accusations","tag-assassine","tag-aurait","tag-clinique","tag-des","tag-infirmiere","tag-lancienne","tag-patients","tag-plusieurs","tag-soulevees","tag-wurselen","generate-columns","tablet-grid-50","mobile-grid-100","grid-parent","grid-33"],"yoast_head":"<!-- This site is optimized with the Yoast SEO plugin v24.0 - https:\/\/yoast.com\/wordpress\/plugins\/seo\/ -->\n<title>L&#039;ancienne infirmi\u00e8re de la clinique de W\u00fcrselen aurait assassin\u00e9 plusieurs patients - des accusations soulev\u00e9es | Vie Associative<\/title>\n<meta name=\"robots\" content=\"index, follow, max-snippet:-1, max-image-preview:large, max-video-preview:-1\" \/>\n<link rel=\"canonical\" href=\"https:\/\/vieassociative.be\/actualites\/lancienne-infirmiere-de-la-clinique-de-wurselen-aurait-assassine-plusieurs-patients-des-accusations-soulevees\/\" \/>\n<meta property=\"og:locale\" content=\"fr_FR\" \/>\n<meta property=\"og:type\" content=\"article\" \/>\n<meta property=\"og:title\" content=\"L&#039;ancienne infirmi\u00e8re de la clinique de W\u00fcrselen aurait assassin\u00e9 plusieurs patients - des accusations soulev\u00e9es | Vie Associative\" \/>\n<meta property=\"og:description\" content=\"Il y a une suspicion monstrueuse dans la salle: un employ\u00e9 de la clinique a-t-il re\u00e7u des patients en s\u00e9rie de m\u00e9dicaments forts et les\" \/>\n<meta property=\"og:url\" content=\"https:\/\/vieassociative.be\/actualites\/lancienne-infirmiere-de-la-clinique-de-wurselen-aurait-assassine-plusieurs-patients-des-accusations-soulevees\/\" \/>\n<meta property=\"og:site_name\" content=\"Vie Associative\" \/>\n<meta property=\"article:published_time\" content=\"2025-02-15T20:18:10+00:00\" \/>\n<meta property=\"og:image\" content=\"https:\/\/vieassociative.be\/actualites\/wp-content\/uploads\/2024\/09\/header_backgroundk-01-e1726694325946.png\" \/>\n\t<meta property=\"og:image:width\" content=\"279\" \/>\n\t<meta property=\"og:image:height\" content=\"92\" \/>\n\t<meta property=\"og:image:type\" content=\"image\/png\" \/>\n<meta name=\"author\" content=\"Julien\" \/>\n<meta name=\"twitter:card\" content=\"summary_large_image\" \/>\n<meta name=\"twitter:label1\" content=\"\u00c9crit par\" \/>\n\t<meta name=\"twitter:data1\" content=\"Julien\" \/>\n\t<meta name=\"twitter:label2\" content=\"Dur\u00e9e de lecture est.\" \/>\n\t<meta name=\"twitter:data2\" content=\"2 minutes\" \/>\n<script type=\"application\/ld+json\" class=\"yoast-schema-graph\">{\"@context\":\"https:\/\/schema.org\",\"@graph\":[{\"@type\":\"Article\",\"@id\":\"https:\/\/vieassociative.be\/actualites\/lancienne-infirmiere-de-la-clinique-de-wurselen-aurait-assassine-plusieurs-patients-des-accusations-soulevees\/#article\",\"isPartOf\":{\"@id\":\"https:\/\/vieassociative.be\/actualites\/lancienne-infirmiere-de-la-clinique-de-wurselen-aurait-assassine-plusieurs-patients-des-accusations-soulevees\/\"},\"author\":{\"name\":\"Julien\",\"@id\":\"https:\/\/vieassociative.be\/actualites\/#\/schema\/person\/b87ac4f82f9d4e7b7cec7395b679edc4\"},\"headline\":\"L&rsquo;ancienne infirmi\u00e8re de la clinique de W\u00fcrselen aurait assassin\u00e9 plusieurs patients &#8211; des accusations soulev\u00e9es\",\"datePublished\":\"2025-02-15T20:18:10+00:00\",\"dateModified\":\"2025-02-15T20:18:10+00:00\",\"mainEntityOfPage\":{\"@id\":\"https:\/\/vieassociative.be\/actualites\/lancienne-infirmiere-de-la-clinique-de-wurselen-aurait-assassine-plusieurs-patients-des-accusations-soulevees\/\"},\"wordCount\":357,\"publisher\":{\"@id\":\"https:\/\/vieassociative.be\/actualites\/#organization\"},\"image\":{\"@id\":\"https:\/\/vieassociative.be\/actualites\/lancienne-infirmiere-de-la-clinique-de-wurselen-aurait-assassine-plusieurs-patients-des-accusations-soulevees\/#primaryimage\"},\"thumbnailUrl\":\"https:\/\/vieassociative.be\/actualites\/wp-content\/uploads\/2025\/02\/1739650690_Lancienne-infirmiere-de-la-clinique-de-Wurselen-aurait-assassine-plusieurs.jpg\",\"keywords\":[\"accusations\",\"assassin\u00e9\",\"aurait\",\"clinique\",\"Des\",\"infirmi\u00e8re\",\"lancienne\",\"patients\",\"Plusieurs\",\"soulev\u00e9es\",\"W\u00fcrselen\"],\"articleSection\":[\"Belgique\"],\"inLanguage\":\"fr-BE\"},{\"@type\":\"WebPage\",\"@id\":\"https:\/\/vieassociative.be\/actualites\/lancienne-infirmiere-de-la-clinique-de-wurselen-aurait-assassine-plusieurs-patients-des-accusations-soulevees\/\",\"url\":\"https:\/\/vieassociative.be\/actualites\/lancienne-infirmiere-de-la-clinique-de-wurselen-aurait-assassine-plusieurs-patients-des-accusations-soulevees\/\",\"name\":\"L'ancienne infirmi\u00e8re de la clinique de W\u00fcrselen aurait assassin\u00e9 plusieurs patients - des accusations soulev\u00e9es | Vie Associative\",\"isPartOf\":{\"@id\":\"https:\/\/vieassociative.be\/actualites\/#website\"},\"primaryImageOfPage\":{\"@id\":\"https:\/\/vieassociative.be\/actualites\/lancienne-infirmiere-de-la-clinique-de-wurselen-aurait-assassine-plusieurs-patients-des-accusations-soulevees\/#primaryimage\"},\"image\":{\"@id\":\"https:\/\/vieassociative.be\/actualites\/lancienne-infirmiere-de-la-clinique-de-wurselen-aurait-assassine-plusieurs-patients-des-accusations-soulevees\/#primaryimage\"},\"thumbnailUrl\":\"https:\/\/vieassociative.be\/actualites\/wp-content\/uploads\/2025\/02\/1739650690_Lancienne-infirmiere-de-la-clinique-de-Wurselen-aurait-assassine-plusieurs.jpg\",\"datePublished\":\"2025-02-15T20:18:10+00:00\",\"dateModified\":\"2025-02-15T20:18:10+00:00\",\"breadcrumb\":{\"@id\":\"https:\/\/vieassociative.be\/actualites\/lancienne-infirmiere-de-la-clinique-de-wurselen-aurait-assassine-plusieurs-patients-des-accusations-soulevees\/#breadcrumb\"},\"inLanguage\":\"fr-BE\",\"potentialAction\":[{\"@type\":\"ReadAction\",\"target\":[\"https:\/\/vieassociative.be\/actualites\/lancienne-infirmiere-de-la-clinique-de-wurselen-aurait-assassine-plusieurs-patients-des-accusations-soulevees\/\"]}]},{\"@type\":\"ImageObject\",\"inLanguage\":\"fr-BE\",\"@id\":\"https:\/\/vieassociative.be\/actualites\/lancienne-infirmiere-de-la-clinique-de-wurselen-aurait-assassine-plusieurs-patients-des-accusations-soulevees\/#primaryimage\",\"url\":\"https:\/\/vieassociative.be\/actualites\/wp-content\/uploads\/2025\/02\/1739650690_Lancienne-infirmiere-de-la-clinique-de-Wurselen-aurait-assassine-plusieurs.jpg\",\"contentUrl\":\"https:\/\/vieassociative.be\/actualites\/wp-content\/uploads\/2025\/02\/1739650690_Lancienne-infirmiere-de-la-clinique-de-Wurselen-aurait-assassine-plusieurs.jpg\",\"width\":1200,\"height\":800,\"caption\":\"L'ancienne infirmi\u00e8re de la clinique de W\u00fcrselen aurait assassin\u00e9 plusieurs patients - des accusations soulev\u00e9es\"},{\"@type\":\"BreadcrumbList\",\"@id\":\"https:\/\/vieassociative.be\/actualites\/lancienne-infirmiere-de-la-clinique-de-wurselen-aurait-assassine-plusieurs-patients-des-accusations-soulevees\/#breadcrumb\",\"itemListElement\":[{\"@type\":\"ListItem\",\"position\":1,\"name\":\"Accueil\",\"item\":\"https:\/\/vieassociative.be\/actualites\/\"},{\"@type\":\"ListItem\",\"position\":2,\"name\":\"L&rsquo;ancienne infirmi\u00e8re de la clinique de W\u00fcrselen aurait assassin\u00e9 plusieurs patients &#8211; des accusations soulev\u00e9es\"}]},{\"@type\":\"WebSite\",\"@id\":\"https:\/\/vieassociative.be\/actualites\/#website\",\"url\":\"https:\/\/vieassociative.be\/actualites\/\",\"name\":\"Vie Associative\",\"description\":\"\",\"publisher\":{\"@id\":\"https:\/\/vieassociative.be\/actualites\/#organization\"},\"potentialAction\":[{\"@type\":\"SearchAction\",\"target\":{\"@type\":\"EntryPoint\",\"urlTemplate\":\"https:\/\/vieassociative.be\/actualites\/?s={search_term_string}\"},\"query-input\":{\"@type\":\"PropertyValueSpecification\",\"valueRequired\":true,\"valueName\":\"search_term_string\"}}],\"inLanguage\":\"fr-BE\"},{\"@type\":\"Organization\",\"@id\":\"https:\/\/vieassociative.be\/actualites\/#organization\",\"name\":\"Vie Associative\",\"url\":\"https:\/\/vieassociative.be\/actualites\/\",\"logo\":{\"@type\":\"ImageObject\",\"inLanguage\":\"fr-BE\",\"@id\":\"https:\/\/vieassociative.be\/actualites\/#\/schema\/logo\/image\/\",\"url\":\"https:\/\/vieassociative.be\/actualites\/wp-content\/uploads\/2024\/09\/cropped-vieassociative_favicon.ico.png\",\"contentUrl\":\"https:\/\/vieassociative.be\/actualites\/wp-content\/uploads\/2024\/09\/cropped-vieassociative_favicon.ico.png\",\"width\":512,\"height\":512,\"caption\":\"Vie Associative\"},\"image\":{\"@id\":\"https:\/\/vieassociative.be\/actualites\/#\/schema\/logo\/image\/\"}},{\"@type\":\"Person\",\"@id\":\"https:\/\/vieassociative.be\/actualites\/#\/schema\/person\/b87ac4f82f9d4e7b7cec7395b679edc4\",\"name\":\"Julien\",\"image\":{\"@type\":\"ImageObject\",\"inLanguage\":\"fr-BE\",\"@id\":\"https:\/\/vieassociative.be\/actualites\/#\/schema\/person\/image\/\",\"url\":\"https:\/\/vieassociative.be\/actualites\/wp-content\/uploads\/2024\/09\/vie-associative-1-150x150.jpg\",\"contentUrl\":\"https:\/\/vieassociative.be\/actualites\/wp-content\/uploads\/2024\/09\/vie-associative-1-150x150.jpg\",\"caption\":\"Julien\"},\"description\":\"Je suis Julien, r\u00e9dacteur pour Vie Associative. Passionn\u00e9 par le monde associatif depuis plus de 10 ans, j'ai \u00e0 c\u0153ur de partager des histoires inspirantes et de mettre en lumi\u00e8re les initiatives locales. Mon objectif est de sensibiliser et d'encourager l'engagement communautaire \u00e0 travers mes articles.\",\"sameAs\":[\"https:\/\/vieassociative.be\/\"]}]}<\/script>\n<!-- \/ Yoast SEO plugin. -->","yoast_head_json":{"title":"L'ancienne infirmi\u00e8re de la clinique de W\u00fcrselen aurait assassin\u00e9 plusieurs patients - des accusations soulev\u00e9es | Vie Associative","robots":{"index":"index","follow":"follow","max-snippet":"max-snippet:-1","max-image-preview":"max-image-preview:large","max-video-preview":"max-video-preview:-1"},"canonical":"https:\/\/vieassociative.be\/actualites\/lancienne-infirmiere-de-la-clinique-de-wurselen-aurait-assassine-plusieurs-patients-des-accusations-soulevees\/","og_locale":"fr_FR","og_type":"article","og_title":"L'ancienne infirmi\u00e8re de la clinique de W\u00fcrselen aurait assassin\u00e9 plusieurs patients - des accusations soulev\u00e9es | Vie Associative","og_description":"Il y a une suspicion monstrueuse dans la salle: un employ\u00e9 de la clinique a-t-il re\u00e7u des patients en s\u00e9rie de m\u00e9dicaments forts et les","og_url":"https:\/\/vieassociative.be\/actualites\/lancienne-infirmiere-de-la-clinique-de-wurselen-aurait-assassine-plusieurs-patients-des-accusations-soulevees\/","og_site_name":"Vie Associative","article_published_time":"2025-02-15T20:18:10+00:00","og_image":[{"width":279,"height":92,"url":"https:\/\/vieassociative.be\/actualites\/wp-content\/uploads\/2024\/09\/header_backgroundk-01-e1726694325946.png","type":"image\/png"}],"author":"Julien","twitter_card":"summary_large_image","twitter_misc":{"\u00c9crit par":"Julien","Dur\u00e9e de lecture est.":"2 minutes"},"schema":{"@context":"https:\/\/schema.org","@graph":[{"@type":"Article","@id":"https:\/\/vieassociative.be\/actualites\/lancienne-infirmiere-de-la-clinique-de-wurselen-aurait-assassine-plusieurs-patients-des-accusations-soulevees\/#article","isPartOf":{"@id":"https:\/\/vieassociative.be\/actualites\/lancienne-infirmiere-de-la-clinique-de-wurselen-aurait-assassine-plusieurs-patients-des-accusations-soulevees\/"},"author":{"name":"Julien","@id":"https:\/\/vieassociative.be\/actualites\/#\/schema\/person\/b87ac4f82f9d4e7b7cec7395b679edc4"},"headline":"L&rsquo;ancienne infirmi\u00e8re de la clinique de W\u00fcrselen aurait assassin\u00e9 plusieurs patients &#8211; des accusations soulev\u00e9es","datePublished":"2025-02-15T20:18:10+00:00","dateModified":"2025-02-15T20:18:10+00:00","mainEntityOfPage":{"@id":"https:\/\/vieassociative.be\/actualites\/lancienne-infirmiere-de-la-clinique-de-wurselen-aurait-assassine-plusieurs-patients-des-accusations-soulevees\/"},"wordCount":357,"publisher":{"@id":"https:\/\/vieassociative.be\/actualites\/#organization"},"image":{"@id":"https:\/\/vieassociative.be\/actualites\/lancienne-infirmiere-de-la-clinique-de-wurselen-aurait-assassine-plusieurs-patients-des-accusations-soulevees\/#primaryimage"},"thumbnailUrl":"https:\/\/vieassociative.be\/actualites\/wp-content\/uploads\/2025\/02\/1739650690_Lancienne-infirmiere-de-la-clinique-de-Wurselen-aurait-assassine-plusieurs.jpg","keywords":["accusations","assassin\u00e9","aurait","clinique","Des","infirmi\u00e8re","lancienne","patients","Plusieurs","soulev\u00e9es","W\u00fcrselen"],"articleSection":["Belgique"],"inLanguage":"fr-BE"},{"@type":"WebPage","@id":"https:\/\/vieassociative.be\/actualites\/lancienne-infirmiere-de-la-clinique-de-wurselen-aurait-assassine-plusieurs-patients-des-accusations-soulevees\/","url":"https:\/\/vieassociative.be\/actualites\/lancienne-infirmiere-de-la-clinique-de-wurselen-aurait-assassine-plusieurs-patients-des-accusations-soulevees\/","name":"L'ancienne infirmi\u00e8re de la clinique de W\u00fcrselen aurait assassin\u00e9 plusieurs patients - des accusations soulev\u00e9es | Vie Associative","isPartOf":{"@id":"https:\/\/vieassociative.be\/actualites\/#website"},"primaryImageOfPage":{"@id":"https:\/\/vieassociative.be\/actualites\/lancienne-infirmiere-de-la-clinique-de-wurselen-aurait-assassine-plusieurs-patients-des-accusations-soulevees\/#primaryimage"},"image":{"@id":"https:\/\/vieassociative.be\/actualites\/lancienne-infirmiere-de-la-clinique-de-wurselen-aurait-assassine-plusieurs-patients-des-accusations-soulevees\/#primaryimage"},"thumbnailUrl":"https:\/\/vieassociative.be\/actualites\/wp-content\/uploads\/2025\/02\/1739650690_Lancienne-infirmiere-de-la-clinique-de-Wurselen-aurait-assassine-plusieurs.jpg","datePublished":"2025-02-15T20:18:10+00:00","dateModified":"2025-02-15T20:18:10+00:00","breadcrumb":{"@id":"https:\/\/vieassociative.be\/actualites\/lancienne-infirmiere-de-la-clinique-de-wurselen-aurait-assassine-plusieurs-patients-des-accusations-soulevees\/#breadcrumb"},"inLanguage":"fr-BE","potentialAction":[{"@type":"ReadAction","target":["https:\/\/vieassociative.be\/actualites\/lancienne-infirmiere-de-la-clinique-de-wurselen-aurait-assassine-plusieurs-patients-des-accusations-soulevees\/"]}]},{"@type":"ImageObject","inLanguage":"fr-BE","@id":"https:\/\/vieassociative.be\/actualites\/lancienne-infirmiere-de-la-clinique-de-wurselen-aurait-assassine-plusieurs-patients-des-accusations-soulevees\/#primaryimage","url":"https:\/\/vieassociative.be\/actualites\/wp-content\/uploads\/2025\/02\/1739650690_Lancienne-infirmiere-de-la-clinique-de-Wurselen-aurait-assassine-plusieurs.jpg","contentUrl":"https:\/\/vieassociative.be\/actualites\/wp-content\/uploads\/2025\/02\/1739650690_Lancienne-infirmiere-de-la-clinique-de-Wurselen-aurait-assassine-plusieurs.jpg","width":1200,"height":800,"caption":"L'ancienne infirmi\u00e8re de la clinique de W\u00fcrselen aurait assassin\u00e9 plusieurs patients - des accusations soulev\u00e9es"},{"@type":"BreadcrumbList","@id":"https:\/\/vieassociative.be\/actualites\/lancienne-infirmiere-de-la-clinique-de-wurselen-aurait-assassine-plusieurs-patients-des-accusations-soulevees\/#breadcrumb","itemListElement":[{"@type":"ListItem","position":1,"name":"Accueil","item":"https:\/\/vieassociative.be\/actualites\/"},{"@type":"ListItem","position":2,"name":"L&rsquo;ancienne infirmi\u00e8re de la clinique de W\u00fcrselen aurait assassin\u00e9 plusieurs patients &#8211; des accusations soulev\u00e9es"}]},{"@type":"WebSite","@id":"https:\/\/vieassociative.be\/actualites\/#website","url":"https:\/\/vieassociative.be\/actualites\/","name":"Vie Associative","description":"","publisher":{"@id":"https:\/\/vieassociative.be\/actualites\/#organization"},"potentialAction":[{"@type":"SearchAction","target":{"@type":"EntryPoint","urlTemplate":"https:\/\/vieassociative.be\/actualites\/?s={search_term_string}"},"query-input":{"@type":"PropertyValueSpecification","valueRequired":true,"valueName":"search_term_string"}}],"inLanguage":"fr-BE"},{"@type":"Organization","@id":"https:\/\/vieassociative.be\/actualites\/#organization","name":"Vie Associative","url":"https:\/\/vieassociative.be\/actualites\/","logo":{"@type":"ImageObject","inLanguage":"fr-BE","@id":"https:\/\/vieassociative.be\/actualites\/#\/schema\/logo\/image\/","url":"https:\/\/vieassociative.be\/actualites\/wp-content\/uploads\/2024\/09\/cropped-vieassociative_favicon.ico.png","contentUrl":"https:\/\/vieassociative.be\/actualites\/wp-content\/uploads\/2024\/09\/cropped-vieassociative_favicon.ico.png","width":512,"height":512,"caption":"Vie Associative"},"image":{"@id":"https:\/\/vieassociative.be\/actualites\/#\/schema\/logo\/image\/"}},{"@type":"Person","@id":"https:\/\/vieassociative.be\/actualites\/#\/schema\/person\/b87ac4f82f9d4e7b7cec7395b679edc4","name":"Julien","image":{"@type":"ImageObject","inLanguage":"fr-BE","@id":"https:\/\/vieassociative.be\/actualites\/#\/schema\/person\/image\/","url":"https:\/\/vieassociative.be\/actualites\/wp-content\/uploads\/2024\/09\/vie-associative-1-150x150.jpg","contentUrl":"https:\/\/vieassociative.be\/actualites\/wp-content\/uploads\/2024\/09\/vie-associative-1-150x150.jpg","caption":"Julien"},"description":"Je suis Julien, r\u00e9dacteur pour Vie Associative. Passionn\u00e9 par le monde associatif depuis plus de 10 ans, j'ai \u00e0 c\u0153ur de partager des histoires inspirantes et de mettre en lumi\u00e8re les initiatives locales. Mon objectif est de sensibiliser et d'encourager l'engagement communautaire \u00e0 travers mes articles.","sameAs":["https:\/\/vieassociative.be\/"]}]}},"_links":{"self":[{"href":"https:\/\/vieassociative.be\/actualites\/wp-json\/wp\/v2\/posts\/5143"}],"collection":[{"href":"https:\/\/vieassociative.be\/actualites\/wp-json\/wp\/v2\/posts"}],"about":[{"href":"https:\/\/vieassociative.be\/actualites\/wp-json\/wp\/v2\/types\/post"}],"author":[{"embeddable":true,"href":"https:\/\/vieassociative.be\/actualites\/wp-json\/wp\/v2\/users\/1"}],"replies":[{"embeddable":true,"href":"https:\/\/vieassociative.be\/actualites\/wp-json\/wp\/v2\/comments?post=5143"}],"version-history":[{"count":0,"href":"https:\/\/vieassociative.be\/actualites\/wp-json\/wp\/v2\/posts\/5143\/revisions"}],"wp:featuredmedia":[{"embeddable":true,"href":"https:\/\/vieassociative.be\/actualites\/wp-json\/wp\/v2\/media\/5144"}],"wp:attachment":[{"href":"https:\/\/vieassociative.be\/actualites\/wp-json\/wp\/v2\/media?parent=5143"}],"wp:term":[{"taxonomy":"category","embeddable":true,"href":"https:\/\/vieassociative.be\/actualites\/wp-json\/wp\/v2\/categories?post=5143"},{"taxonomy":"post_tag","embeddable":true,"href":"https:\/\/vieassociative.be\/actualites\/wp-json\/wp\/v2\/tags?post=5143"}],"curies":[{"name":"wp","href":"https:\/\/api.w.org\/{rel}","templated":true}]}}