{"id":5136,"date":"2025-02-15T15:17:27","date_gmt":"2025-02-15T14:17:27","guid":{"rendered":"https:\/\/vieassociative.be\/actualites\/bundesliga-kracher-bayer-contre-la-baviere-aujourdhui-a-18h30-leverkusen-est-putain-de-gagner\/"},"modified":"2025-02-15T15:17:27","modified_gmt":"2025-02-15T14:17:27","slug":"bundesliga-kracher-bayer-contre-la-baviere-aujourdhui-a-18h30-leverkusen-est-putain-de-gagner","status":"publish","type":"post","link":"https:\/\/vieassociative.be\/actualites\/bundesliga-kracher-bayer-contre-la-baviere-aujourdhui-a-18h30-leverkusen-est-putain-de-gagner\/","title":{"rendered":"Bundesliga-Kracher Bayer contre la Bavi\u00e8re aujourd&rsquo;hui \u00e0 18h30-Leverkusen est putain de gagner"},"content":{"rendered":"<p><strong>Ma\u00eetre contre les champions record: Bayer Leverkusen contre le Bayern Munich: le vainqueur en double de la Rh\u00e9nanie a \u00e9lectrifi\u00e9 la Bundesliga avec le leader de la ligue. Le FC Bayern, qui a \u00e9t\u00e9 ramen\u00e9 au cours de l&rsquo;entra\u00eeneur Vincent Kompany, ressemble d\u00e9j\u00e0 au champion en s\u00e9curit\u00e9 2025 de l&rsquo;entra\u00eeneur Vincent Kompany avec huit points. Si Leverkusen veut avoir son mot \u00e0 dire dans la course au titre, le Werkelf doit \u00eatre gagn\u00e9.<\/strong><\/p>\n<p><span id=\"more-408271\"><\/span>Juste \u00e0 temps pour le duel de la Bayarena (18h30 \/ en Belgique en direct sur Dazn), le FC Bayern a annonc\u00e9 l&rsquo;extension du contrat avec Jamal Musiala et a donc provoqu\u00e9 une autre augmentation de la motivation.<\/p>\n<p>Bien s\u00fbr, il s&rsquo;attend \u00e0 \u00ab\u00a0un gros match\u00a0\u00bb, a d\u00e9clar\u00e9 l&rsquo;entra\u00eeneur de Leverkusen, Xabi Alonso. \u00ab\u00a0Le poste est maintenant meilleur pour le Bayern.\u00a0\u00bb<\/p>\n<div id=\"attachment_408284\" class=\"wp-caption alignleft\" style=\"max-width: 300px\"><img fetchpriority=\"high\" decoding=\"async\" class=\"wp-image-408284 size-medium\" src=\"https:\/\/vieassociative.be\/actualites\/wp-content\/uploads\/2025\/02\/Bundesliga-Kracher-Bayer-contre-la-Baviere-aujourdhui-a-18h30-Leverkusen-est-putain.jpg\" alt=\"\" width=\"300\" height=\"216\"><\/p>\n<p class=\"wp-caption-text\">30\/11\/2024, Rhin-Westphalie du Nord, Dortmund: Jamal Musiala du FC Bayern Bayern apr\u00e8s son objectif pour 1-1 au Borussia Dortmund. Photo: Federico Gambarini \/ DPA<\/p>\n<\/div>\n<p>L&rsquo;Alonso toujours invaincu, en tant qu&rsquo;entra\u00eeneur contre le Bayern en cinq matchs jusqu&rsquo;\u00e0 pr\u00e9sent, doit se passer de la nouvelle venue Mario Hermoso samedi. \u00ab\u00a0Il avait une infection gastro-intestinale et n&rsquo;a pas pu s&rsquo;entra\u00eener et n&rsquo;est malheureusement pas dans l&rsquo;\u00e9quipe\u00a0\u00bb, a d\u00e9clar\u00e9 Alonso \u00e0 propos de son compatriote espagnol.<\/p>\n<p>\u00ab\u00a0Nous nous attendons \u00e0 un premier match contre un adversaire sup\u00e9rieur, a d\u00e9clar\u00e9 l&rsquo;entra\u00eeneur du ma\u00eetre et la seconde actuelle du tableau. Une seule avec une victoire que le champion en titre pr\u00e9serverait au moins un peu de tension dans la course au titre. \u00ab\u00a0Nous sommes comp\u00e9titifs.\u00a0\u00bb<\/p>\n<p>Juste \u00e0 temps pour le premier match, les d\u00e9clarations de Munich sont r\u00e9cemment venues \u00e0 Wirtz. Le pr\u00e9sident honoraire Uli Hoene\u00df a parl\u00e9 d&rsquo;un \u00ab\u00a0r\u00eave\u00a0\u00bb pour voir le Wirtz, li\u00e9 par Leverkusen jusqu&rsquo;en 2027, \u00e0 un moment donn\u00e9 au Bayern. Pour le directeur sportif de Bayer Rolfes, ce n&rsquo;est qu&rsquo;une plaisanterie. \u00ab\u00a0Le Bayern l&rsquo;a fait lorsque j&rsquo;ai lu le\u00a0\u00bb kicker \u00ab\u00a0avec dix\u00a0\u00bb, a d\u00e9clar\u00e9 le directeur sportif du ma\u00eetre. \u00ab\u00a0Donc, ce n&rsquo;est peut-\u00eatre pas une nouvelle tactique.\u00a0\u00bb<\/p>\n","protected":false},"excerpt":{"rendered":"<p>Ma\u00eetre contre les champions record: Bayer Leverkusen contre le Bayern Munich: le vainqueur en double de la Rh\u00e9nanie a \u00e9lectrifi\u00e9 la Bundesliga avec le leader<\/p>\n","protected":false},"author":1,"featured_media":5137,"comment_status":"","ping_status":"","sticky":false,"template":"","format":"standard","meta":{"footnotes":""},"categories":[298],"tags":[5360,2330,5359,2821,5358,796,76,497,5361],"class_list":["post-5136","post","type-post","status-publish","format-standard","has-post-thumbnail","hentry","category-belgique","tag-18h30leverkusen","tag-aujourdhui","tag-baviere","tag-bayer","tag-bundesligakracher","tag-contre","tag-est","tag-gagner","tag-putain","generate-columns","tablet-grid-50","mobile-grid-100","grid-parent","grid-33"],"yoast_head":"<!-- This site is optimized with the Yoast SEO plugin v24.0 - https:\/\/yoast.com\/wordpress\/plugins\/seo\/ -->\n<title>Bundesliga-Kracher Bayer contre la Bavi\u00e8re aujourd&#039;hui \u00e0 18h30-Leverkusen est putain de gagner | Vie Associative<\/title>\n<meta name=\"robots\" content=\"index, follow, max-snippet:-1, max-image-preview:large, max-video-preview:-1\" \/>\n<link rel=\"canonical\" href=\"https:\/\/vieassociative.be\/actualites\/bundesliga-kracher-bayer-contre-la-baviere-aujourdhui-a-18h30-leverkusen-est-putain-de-gagner\/\" \/>\n<meta property=\"og:locale\" content=\"fr_FR\" \/>\n<meta property=\"og:type\" content=\"article\" \/>\n<meta property=\"og:title\" content=\"Bundesliga-Kracher Bayer contre la Bavi\u00e8re aujourd&#039;hui \u00e0 18h30-Leverkusen est putain de gagner | Vie Associative\" \/>\n<meta property=\"og:description\" content=\"Ma\u00eetre contre les champions record: Bayer Leverkusen contre le Bayern Munich: le vainqueur en double de la Rh\u00e9nanie a \u00e9lectrifi\u00e9 la Bundesliga avec le leader\" \/>\n<meta property=\"og:url\" content=\"https:\/\/vieassociative.be\/actualites\/bundesliga-kracher-bayer-contre-la-baviere-aujourdhui-a-18h30-leverkusen-est-putain-de-gagner\/\" \/>\n<meta property=\"og:site_name\" content=\"Vie Associative\" \/>\n<meta property=\"article:published_time\" content=\"2025-02-15T14:17:27+00:00\" \/>\n<meta property=\"og:image\" content=\"https:\/\/vieassociative.be\/actualites\/wp-content\/uploads\/2024\/09\/header_backgroundk-01-e1726694325946.png\" \/>\n\t<meta property=\"og:image:width\" content=\"279\" \/>\n\t<meta property=\"og:image:height\" content=\"92\" \/>\n\t<meta property=\"og:image:type\" content=\"image\/png\" \/>\n<meta name=\"author\" content=\"Julien\" \/>\n<meta name=\"twitter:card\" content=\"summary_large_image\" \/>\n<meta name=\"twitter:label1\" content=\"\u00c9crit par\" \/>\n\t<meta name=\"twitter:data1\" content=\"Julien\" \/>\n\t<meta name=\"twitter:label2\" content=\"Dur\u00e9e de lecture est.\" \/>\n\t<meta name=\"twitter:data2\" content=\"2 minutes\" \/>\n<script type=\"application\/ld+json\" class=\"yoast-schema-graph\">{\"@context\":\"https:\/\/schema.org\",\"@graph\":[{\"@type\":\"Article\",\"@id\":\"https:\/\/vieassociative.be\/actualites\/bundesliga-kracher-bayer-contre-la-baviere-aujourdhui-a-18h30-leverkusen-est-putain-de-gagner\/#article\",\"isPartOf\":{\"@id\":\"https:\/\/vieassociative.be\/actualites\/bundesliga-kracher-bayer-contre-la-baviere-aujourdhui-a-18h30-leverkusen-est-putain-de-gagner\/\"},\"author\":{\"name\":\"Julien\",\"@id\":\"https:\/\/vieassociative.be\/actualites\/#\/schema\/person\/b87ac4f82f9d4e7b7cec7395b679edc4\"},\"headline\":\"Bundesliga-Kracher Bayer contre la Bavi\u00e8re aujourd&rsquo;hui \u00e0 18h30-Leverkusen est putain de gagner\",\"datePublished\":\"2025-02-15T14:17:27+00:00\",\"dateModified\":\"2025-02-15T14:17:27+00:00\",\"mainEntityOfPage\":{\"@id\":\"https:\/\/vieassociative.be\/actualites\/bundesliga-kracher-bayer-contre-la-baviere-aujourdhui-a-18h30-leverkusen-est-putain-de-gagner\/\"},\"wordCount\":378,\"publisher\":{\"@id\":\"https:\/\/vieassociative.be\/actualites\/#organization\"},\"image\":{\"@id\":\"https:\/\/vieassociative.be\/actualites\/bundesliga-kracher-bayer-contre-la-baviere-aujourdhui-a-18h30-leverkusen-est-putain-de-gagner\/#primaryimage\"},\"thumbnailUrl\":\"https:\/\/vieassociative.be\/actualites\/wp-content\/uploads\/2025\/02\/1739629047_Bundesliga-Kracher-Bayer-contre-la-Baviere-aujourdhui-a-18h30-Leverkusen-est-putain.jpg\",\"keywords\":[\"18h30Leverkusen\",\"aujourdhui\",\"Bavi\u00e8re\",\"Bayer\",\"BundesligaKracher\",\"contre\",\"est\",\"gagner\",\"putain\"],\"articleSection\":[\"Belgique\"],\"inLanguage\":\"fr-BE\"},{\"@type\":\"WebPage\",\"@id\":\"https:\/\/vieassociative.be\/actualites\/bundesliga-kracher-bayer-contre-la-baviere-aujourdhui-a-18h30-leverkusen-est-putain-de-gagner\/\",\"url\":\"https:\/\/vieassociative.be\/actualites\/bundesliga-kracher-bayer-contre-la-baviere-aujourdhui-a-18h30-leverkusen-est-putain-de-gagner\/\",\"name\":\"Bundesliga-Kracher Bayer contre la Bavi\u00e8re aujourd'hui \u00e0 18h30-Leverkusen est putain de gagner | Vie Associative\",\"isPartOf\":{\"@id\":\"https:\/\/vieassociative.be\/actualites\/#website\"},\"primaryImageOfPage\":{\"@id\":\"https:\/\/vieassociative.be\/actualites\/bundesliga-kracher-bayer-contre-la-baviere-aujourdhui-a-18h30-leverkusen-est-putain-de-gagner\/#primaryimage\"},\"image\":{\"@id\":\"https:\/\/vieassociative.be\/actualites\/bundesliga-kracher-bayer-contre-la-baviere-aujourdhui-a-18h30-leverkusen-est-putain-de-gagner\/#primaryimage\"},\"thumbnailUrl\":\"https:\/\/vieassociative.be\/actualites\/wp-content\/uploads\/2025\/02\/1739629047_Bundesliga-Kracher-Bayer-contre-la-Baviere-aujourdhui-a-18h30-Leverkusen-est-putain.jpg\",\"datePublished\":\"2025-02-15T14:17:27+00:00\",\"dateModified\":\"2025-02-15T14:17:27+00:00\",\"breadcrumb\":{\"@id\":\"https:\/\/vieassociative.be\/actualites\/bundesliga-kracher-bayer-contre-la-baviere-aujourdhui-a-18h30-leverkusen-est-putain-de-gagner\/#breadcrumb\"},\"inLanguage\":\"fr-BE\",\"potentialAction\":[{\"@type\":\"ReadAction\",\"target\":[\"https:\/\/vieassociative.be\/actualites\/bundesliga-kracher-bayer-contre-la-baviere-aujourdhui-a-18h30-leverkusen-est-putain-de-gagner\/\"]}]},{\"@type\":\"ImageObject\",\"inLanguage\":\"fr-BE\",\"@id\":\"https:\/\/vieassociative.be\/actualites\/bundesliga-kracher-bayer-contre-la-baviere-aujourdhui-a-18h30-leverkusen-est-putain-de-gagner\/#primaryimage\",\"url\":\"https:\/\/vieassociative.be\/actualites\/wp-content\/uploads\/2025\/02\/1739629047_Bundesliga-Kracher-Bayer-contre-la-Baviere-aujourdhui-a-18h30-Leverkusen-est-putain.jpg\",\"contentUrl\":\"https:\/\/vieassociative.be\/actualites\/wp-content\/uploads\/2025\/02\/1739629047_Bundesliga-Kracher-Bayer-contre-la-Baviere-aujourdhui-a-18h30-Leverkusen-est-putain.jpg\",\"width\":1200,\"height\":800,\"caption\":\"Bundesliga-Kracher Bayer contre la Bavi\u00e8re aujourd'hui \u00e0 18h30-Leverkusen est putain de gagner\"},{\"@type\":\"BreadcrumbList\",\"@id\":\"https:\/\/vieassociative.be\/actualites\/bundesliga-kracher-bayer-contre-la-baviere-aujourdhui-a-18h30-leverkusen-est-putain-de-gagner\/#breadcrumb\",\"itemListElement\":[{\"@type\":\"ListItem\",\"position\":1,\"name\":\"Accueil\",\"item\":\"https:\/\/vieassociative.be\/actualites\/\"},{\"@type\":\"ListItem\",\"position\":2,\"name\":\"Bundesliga-Kracher Bayer contre la Bavi\u00e8re aujourd&rsquo;hui \u00e0 18h30-Leverkusen est putain de gagner\"}]},{\"@type\":\"WebSite\",\"@id\":\"https:\/\/vieassociative.be\/actualites\/#website\",\"url\":\"https:\/\/vieassociative.be\/actualites\/\",\"name\":\"Vie Associative\",\"description\":\"\",\"publisher\":{\"@id\":\"https:\/\/vieassociative.be\/actualites\/#organization\"},\"potentialAction\":[{\"@type\":\"SearchAction\",\"target\":{\"@type\":\"EntryPoint\",\"urlTemplate\":\"https:\/\/vieassociative.be\/actualites\/?s={search_term_string}\"},\"query-input\":{\"@type\":\"PropertyValueSpecification\",\"valueRequired\":true,\"valueName\":\"search_term_string\"}}],\"inLanguage\":\"fr-BE\"},{\"@type\":\"Organization\",\"@id\":\"https:\/\/vieassociative.be\/actualites\/#organization\",\"name\":\"Vie Associative\",\"url\":\"https:\/\/vieassociative.be\/actualites\/\",\"logo\":{\"@type\":\"ImageObject\",\"inLanguage\":\"fr-BE\",\"@id\":\"https:\/\/vieassociative.be\/actualites\/#\/schema\/logo\/image\/\",\"url\":\"https:\/\/vieassociative.be\/actualites\/wp-content\/uploads\/2024\/09\/cropped-vieassociative_favicon.ico.png\",\"contentUrl\":\"https:\/\/vieassociative.be\/actualites\/wp-content\/uploads\/2024\/09\/cropped-vieassociative_favicon.ico.png\",\"width\":512,\"height\":512,\"caption\":\"Vie Associative\"},\"image\":{\"@id\":\"https:\/\/vieassociative.be\/actualites\/#\/schema\/logo\/image\/\"}},{\"@type\":\"Person\",\"@id\":\"https:\/\/vieassociative.be\/actualites\/#\/schema\/person\/b87ac4f82f9d4e7b7cec7395b679edc4\",\"name\":\"Julien\",\"image\":{\"@type\":\"ImageObject\",\"inLanguage\":\"fr-BE\",\"@id\":\"https:\/\/vieassociative.be\/actualites\/#\/schema\/person\/image\/\",\"url\":\"https:\/\/vieassociative.be\/actualites\/wp-content\/uploads\/2024\/09\/vie-associative-1-150x150.jpg\",\"contentUrl\":\"https:\/\/vieassociative.be\/actualites\/wp-content\/uploads\/2024\/09\/vie-associative-1-150x150.jpg\",\"caption\":\"Julien\"},\"description\":\"Je suis Julien, r\u00e9dacteur pour Vie Associative. Passionn\u00e9 par le monde associatif depuis plus de 10 ans, j'ai \u00e0 c\u0153ur de partager des histoires inspirantes et de mettre en lumi\u00e8re les initiatives locales. Mon objectif est de sensibiliser et d'encourager l'engagement communautaire \u00e0 travers mes articles.\",\"sameAs\":[\"https:\/\/vieassociative.be\/\"]}]}<\/script>\n<!-- \/ Yoast SEO plugin. -->","yoast_head_json":{"title":"Bundesliga-Kracher Bayer contre la Bavi\u00e8re aujourd'hui \u00e0 18h30-Leverkusen est putain de gagner | Vie Associative","robots":{"index":"index","follow":"follow","max-snippet":"max-snippet:-1","max-image-preview":"max-image-preview:large","max-video-preview":"max-video-preview:-1"},"canonical":"https:\/\/vieassociative.be\/actualites\/bundesliga-kracher-bayer-contre-la-baviere-aujourdhui-a-18h30-leverkusen-est-putain-de-gagner\/","og_locale":"fr_FR","og_type":"article","og_title":"Bundesliga-Kracher Bayer contre la Bavi\u00e8re aujourd'hui \u00e0 18h30-Leverkusen est putain de gagner | Vie Associative","og_description":"Ma\u00eetre contre les champions record: Bayer Leverkusen contre le Bayern Munich: le vainqueur en double de la Rh\u00e9nanie a \u00e9lectrifi\u00e9 la Bundesliga avec le leader","og_url":"https:\/\/vieassociative.be\/actualites\/bundesliga-kracher-bayer-contre-la-baviere-aujourdhui-a-18h30-leverkusen-est-putain-de-gagner\/","og_site_name":"Vie Associative","article_published_time":"2025-02-15T14:17:27+00:00","og_image":[{"width":279,"height":92,"url":"https:\/\/vieassociative.be\/actualites\/wp-content\/uploads\/2024\/09\/header_backgroundk-01-e1726694325946.png","type":"image\/png"}],"author":"Julien","twitter_card":"summary_large_image","twitter_misc":{"\u00c9crit par":"Julien","Dur\u00e9e de lecture est.":"2 minutes"},"schema":{"@context":"https:\/\/schema.org","@graph":[{"@type":"Article","@id":"https:\/\/vieassociative.be\/actualites\/bundesliga-kracher-bayer-contre-la-baviere-aujourdhui-a-18h30-leverkusen-est-putain-de-gagner\/#article","isPartOf":{"@id":"https:\/\/vieassociative.be\/actualites\/bundesliga-kracher-bayer-contre-la-baviere-aujourdhui-a-18h30-leverkusen-est-putain-de-gagner\/"},"author":{"name":"Julien","@id":"https:\/\/vieassociative.be\/actualites\/#\/schema\/person\/b87ac4f82f9d4e7b7cec7395b679edc4"},"headline":"Bundesliga-Kracher Bayer contre la Bavi\u00e8re aujourd&rsquo;hui \u00e0 18h30-Leverkusen est putain de gagner","datePublished":"2025-02-15T14:17:27+00:00","dateModified":"2025-02-15T14:17:27+00:00","mainEntityOfPage":{"@id":"https:\/\/vieassociative.be\/actualites\/bundesliga-kracher-bayer-contre-la-baviere-aujourdhui-a-18h30-leverkusen-est-putain-de-gagner\/"},"wordCount":378,"publisher":{"@id":"https:\/\/vieassociative.be\/actualites\/#organization"},"image":{"@id":"https:\/\/vieassociative.be\/actualites\/bundesliga-kracher-bayer-contre-la-baviere-aujourdhui-a-18h30-leverkusen-est-putain-de-gagner\/#primaryimage"},"thumbnailUrl":"https:\/\/vieassociative.be\/actualites\/wp-content\/uploads\/2025\/02\/1739629047_Bundesliga-Kracher-Bayer-contre-la-Baviere-aujourdhui-a-18h30-Leverkusen-est-putain.jpg","keywords":["18h30Leverkusen","aujourdhui","Bavi\u00e8re","Bayer","BundesligaKracher","contre","est","gagner","putain"],"articleSection":["Belgique"],"inLanguage":"fr-BE"},{"@type":"WebPage","@id":"https:\/\/vieassociative.be\/actualites\/bundesliga-kracher-bayer-contre-la-baviere-aujourdhui-a-18h30-leverkusen-est-putain-de-gagner\/","url":"https:\/\/vieassociative.be\/actualites\/bundesliga-kracher-bayer-contre-la-baviere-aujourdhui-a-18h30-leverkusen-est-putain-de-gagner\/","name":"Bundesliga-Kracher Bayer contre la Bavi\u00e8re aujourd'hui \u00e0 18h30-Leverkusen est putain de gagner | Vie Associative","isPartOf":{"@id":"https:\/\/vieassociative.be\/actualites\/#website"},"primaryImageOfPage":{"@id":"https:\/\/vieassociative.be\/actualites\/bundesliga-kracher-bayer-contre-la-baviere-aujourdhui-a-18h30-leverkusen-est-putain-de-gagner\/#primaryimage"},"image":{"@id":"https:\/\/vieassociative.be\/actualites\/bundesliga-kracher-bayer-contre-la-baviere-aujourdhui-a-18h30-leverkusen-est-putain-de-gagner\/#primaryimage"},"thumbnailUrl":"https:\/\/vieassociative.be\/actualites\/wp-content\/uploads\/2025\/02\/1739629047_Bundesliga-Kracher-Bayer-contre-la-Baviere-aujourdhui-a-18h30-Leverkusen-est-putain.jpg","datePublished":"2025-02-15T14:17:27+00:00","dateModified":"2025-02-15T14:17:27+00:00","breadcrumb":{"@id":"https:\/\/vieassociative.be\/actualites\/bundesliga-kracher-bayer-contre-la-baviere-aujourdhui-a-18h30-leverkusen-est-putain-de-gagner\/#breadcrumb"},"inLanguage":"fr-BE","potentialAction":[{"@type":"ReadAction","target":["https:\/\/vieassociative.be\/actualites\/bundesliga-kracher-bayer-contre-la-baviere-aujourdhui-a-18h30-leverkusen-est-putain-de-gagner\/"]}]},{"@type":"ImageObject","inLanguage":"fr-BE","@id":"https:\/\/vieassociative.be\/actualites\/bundesliga-kracher-bayer-contre-la-baviere-aujourdhui-a-18h30-leverkusen-est-putain-de-gagner\/#primaryimage","url":"https:\/\/vieassociative.be\/actualites\/wp-content\/uploads\/2025\/02\/1739629047_Bundesliga-Kracher-Bayer-contre-la-Baviere-aujourdhui-a-18h30-Leverkusen-est-putain.jpg","contentUrl":"https:\/\/vieassociative.be\/actualites\/wp-content\/uploads\/2025\/02\/1739629047_Bundesliga-Kracher-Bayer-contre-la-Baviere-aujourdhui-a-18h30-Leverkusen-est-putain.jpg","width":1200,"height":800,"caption":"Bundesliga-Kracher Bayer contre la Bavi\u00e8re aujourd'hui \u00e0 18h30-Leverkusen est putain de gagner"},{"@type":"BreadcrumbList","@id":"https:\/\/vieassociative.be\/actualites\/bundesliga-kracher-bayer-contre-la-baviere-aujourdhui-a-18h30-leverkusen-est-putain-de-gagner\/#breadcrumb","itemListElement":[{"@type":"ListItem","position":1,"name":"Accueil","item":"https:\/\/vieassociative.be\/actualites\/"},{"@type":"ListItem","position":2,"name":"Bundesliga-Kracher Bayer contre la Bavi\u00e8re aujourd&rsquo;hui \u00e0 18h30-Leverkusen est putain de gagner"}]},{"@type":"WebSite","@id":"https:\/\/vieassociative.be\/actualites\/#website","url":"https:\/\/vieassociative.be\/actualites\/","name":"Vie Associative","description":"","publisher":{"@id":"https:\/\/vieassociative.be\/actualites\/#organization"},"potentialAction":[{"@type":"SearchAction","target":{"@type":"EntryPoint","urlTemplate":"https:\/\/vieassociative.be\/actualites\/?s={search_term_string}"},"query-input":{"@type":"PropertyValueSpecification","valueRequired":true,"valueName":"search_term_string"}}],"inLanguage":"fr-BE"},{"@type":"Organization","@id":"https:\/\/vieassociative.be\/actualites\/#organization","name":"Vie Associative","url":"https:\/\/vieassociative.be\/actualites\/","logo":{"@type":"ImageObject","inLanguage":"fr-BE","@id":"https:\/\/vieassociative.be\/actualites\/#\/schema\/logo\/image\/","url":"https:\/\/vieassociative.be\/actualites\/wp-content\/uploads\/2024\/09\/cropped-vieassociative_favicon.ico.png","contentUrl":"https:\/\/vieassociative.be\/actualites\/wp-content\/uploads\/2024\/09\/cropped-vieassociative_favicon.ico.png","width":512,"height":512,"caption":"Vie Associative"},"image":{"@id":"https:\/\/vieassociative.be\/actualites\/#\/schema\/logo\/image\/"}},{"@type":"Person","@id":"https:\/\/vieassociative.be\/actualites\/#\/schema\/person\/b87ac4f82f9d4e7b7cec7395b679edc4","name":"Julien","image":{"@type":"ImageObject","inLanguage":"fr-BE","@id":"https:\/\/vieassociative.be\/actualites\/#\/schema\/person\/image\/","url":"https:\/\/vieassociative.be\/actualites\/wp-content\/uploads\/2024\/09\/vie-associative-1-150x150.jpg","contentUrl":"https:\/\/vieassociative.be\/actualites\/wp-content\/uploads\/2024\/09\/vie-associative-1-150x150.jpg","caption":"Julien"},"description":"Je suis Julien, r\u00e9dacteur pour Vie Associative. Passionn\u00e9 par le monde associatif depuis plus de 10 ans, j'ai \u00e0 c\u0153ur de partager des histoires inspirantes et de mettre en lumi\u00e8re les initiatives locales. Mon objectif est de sensibiliser et d'encourager l'engagement communautaire \u00e0 travers mes articles.","sameAs":["https:\/\/vieassociative.be\/"]}]}},"_links":{"self":[{"href":"https:\/\/vieassociative.be\/actualites\/wp-json\/wp\/v2\/posts\/5136"}],"collection":[{"href":"https:\/\/vieassociative.be\/actualites\/wp-json\/wp\/v2\/posts"}],"about":[{"href":"https:\/\/vieassociative.be\/actualites\/wp-json\/wp\/v2\/types\/post"}],"author":[{"embeddable":true,"href":"https:\/\/vieassociative.be\/actualites\/wp-json\/wp\/v2\/users\/1"}],"replies":[{"embeddable":true,"href":"https:\/\/vieassociative.be\/actualites\/wp-json\/wp\/v2\/comments?post=5136"}],"version-history":[{"count":0,"href":"https:\/\/vieassociative.be\/actualites\/wp-json\/wp\/v2\/posts\/5136\/revisions"}],"wp:featuredmedia":[{"embeddable":true,"href":"https:\/\/vieassociative.be\/actualites\/wp-json\/wp\/v2\/media\/5137"}],"wp:attachment":[{"href":"https:\/\/vieassociative.be\/actualites\/wp-json\/wp\/v2\/media?parent=5136"}],"wp:term":[{"taxonomy":"category","embeddable":true,"href":"https:\/\/vieassociative.be\/actualites\/wp-json\/wp\/v2\/categories?post=5136"},{"taxonomy":"post_tag","embeddable":true,"href":"https:\/\/vieassociative.be\/actualites\/wp-json\/wp\/v2\/tags?post=5136"}],"curies":[{"name":"wp","href":"https:\/\/api.w.org\/{rel}","templated":true}]}}