{"id":5131,"date":"2025-02-15T08:17:05","date_gmt":"2025-02-15T07:17:05","guid":{"rendered":"https:\/\/vieassociative.be\/actualites\/jai-essaye-le-generateur-video-ai-de-youtube-et-jai-peur\/"},"modified":"2025-02-15T08:17:05","modified_gmt":"2025-02-15T07:17:05","slug":"jai-essaye-le-generateur-video-ai-de-youtube-et-jai-peur","status":"publish","type":"post","link":"https:\/\/vieassociative.be\/actualites\/jai-essaye-le-generateur-video-ai-de-youtube-et-jai-peur\/","title":{"rendered":"J&rsquo;ai essay\u00e9 le g\u00e9n\u00e9rateur vid\u00e9o AI de YouTube, et j&rsquo;ai peur"},"content":{"rendered":"<div class=\"mt-4 leading-6 md:mb-8\">L&rsquo;IA est vraiment l&rsquo;avenir des vid\u00e9os verticales que vous passerez au-del\u00e0 avant de choisir quelque chose que vous voulez r\u00e9ellement regarder.<\/div>\n<p><\/p>\n<p>Cette semaine, Google a ajout\u00e9 Veo 2 \u00e0 YouTube Shorts et &#8211; Wow, cet article est d\u00e9j\u00e0 en charapon. Laisse-moi reculer.<\/p>\n<p>YouTube Shorts est Tiktok de YouTube <s>violonage<\/s> concurrent. VEO2 est l&rsquo;outil AI de Google pour g\u00e9n\u00e9rer des vid\u00e9os. Depuis cette semaine, vous pouvez utiliser cette IA pour faire des clips pour les shorts YouTube. Ce changement innovant et r\u00e9volutionnaire modifiera \u00e0 jamais les vid\u00e9os verticales que la plupart des gens passent devant afin qu&rsquo;ils puissent trouver la chose qu&rsquo;ils voulaient r\u00e9ellement regarder.<\/p>\n<p>Selon un article d&rsquo;annonce confus, vous pouvez d\u00e9sormais cr\u00e9er des clips pour ajouter \u00e0 votre short simplement en tapant une phrase. Tout le monde peut cr\u00e9er un court droit dans l&rsquo;application mobile YouTube soit en combinant des images d\u00e9j\u00e0 enregistr\u00e9es sur son t\u00e9l\u00e9phone, soit en enregistrant directement. Maintenant, il y a une troisi\u00e8me option: g\u00e9n\u00e9rer des images horribles \u00e0 l&rsquo;aide de l&rsquo;IA.<\/p>\n<p>\u00ab\u00a0Besoin d&rsquo;une sc\u00e8ne sp\u00e9cifique mais vous n&rsquo;avez pas les bonnes images?\u00a0\u00bb Le message demande. \u00ab\u00a0Utilisez simplement une invite de texte pour g\u00e9n\u00e9rer un clip vid\u00e9o qui s&rsquo;int\u00e8gre parfaitement dans votre r\u00e9cit, ou cr\u00e9er un tout nouveau monde de contenu.\u00a0\u00bb<\/p>\n<p>Je ne peux penser \u00e0 aucun endroit moins attrayant qu&rsquo;un \u00abtout nouveau monde de contenu\u00bb. La phrase m\u00eame \u00e9voque les images mentales d&rsquo;un purgatoire num\u00e9rique, un vide sans fin de contenu d&rsquo;espace r\u00e9serv\u00e9 o\u00f9 les indignes sont envoy\u00e9s apr\u00e8s une vie v\u00e9cue passive. <\/p>\n<p>Donc, naturellement, je voulais essayer \u00e7a. <\/p>\n<p>J&rsquo;ai tir\u00e9 l&rsquo;application YouTube sur mon t\u00e9l\u00e9phone, j&rsquo;ai constat\u00e9 que la fonctionnalit\u00e9 est un peu enterr\u00e9e. Pour g\u00e9n\u00e9rer un clip, vous devez cliquer sur le <strong>Ajouter<\/strong> bouton dans le coin inf\u00e9rieur \u00e0 gauche puis &#8211; au lieu de cliquer sur l&rsquo;une des photos ou des vid\u00e9os sur votre t\u00e9l\u00e9phone: <strong>Cr\u00e9er<\/strong> bouton en haut de l&rsquo;\u00e9cran. Apr\u00e8s cela, vous pouvez taper votre invite et taper <strong>Cr\u00e9er<\/strong>.<\/p>\n<div class=\"eloquent-imagery-image\">\n<div class=\"flex justify-center\">\n                    <img decoding=\"async\" class=\"border border-gray-100\" src=\"https:\/\/vieassociative.be\/actualites\/wp-content\/uploads\/2025\/02\/Jai-essaye-le-generateur-video-AI-de-YouTube-et-jai.png\" alt=\"Trois captures d'\u00e9cran. Le premier me montre \" a cat eating all of the planets in solar system second shows four examples this. forth action kind of. width=\"2000\" height=\"964\" loading=\"lazy\"  >\n            <\/div>\n<\/p><\/div>\n<p>Vous verrez quatre miniatures &#8211; Tap One et l&rsquo;IA g\u00e9n\u00e9rera un clip pour vous. Cela sera ajout\u00e9 \u00e0 votre calendrier, ce qui signifie que vous pouvez le modifier dans le reste du court comme vous le souhaitez.<\/p>\n<p>J&rsquo;ai jou\u00e9 avec \u00e7a plusieurs fois, principalement avec des chats qui mangent des plan\u00e8tes (je voulais le voir). Les r\u00e9sultats n&rsquo;\u00e9taient pas particuli\u00e8rement convaincants d&rsquo;un point de vue f\u00e9lin ou astronomique &#8211; je dirais qu&rsquo;il ressemblait au sentiment d&rsquo;une m\u00e9moire d\u00e9colorante d&rsquo;un r\u00eave plus que des s\u00e9quences vid\u00e9o r\u00e9elles &#8211; mais je me suis certainement retrouv\u00e9 avec une vid\u00e9o qui comprenait les \u00e9l\u00e9ments que j&rsquo;ai d\u00e9crits.<\/p>\n<p>Il y a une autre fa\u00e7on d&rsquo;utiliser ces vid\u00e9os, comme arri\u00e8re-plan anim\u00e9 pour votre short. Pour ce faire, appuyez sur la fl\u00e8che vers le bas de la barre d&rsquo;outils pour l&rsquo;\u00e9tendre, appuyez sur le <strong>\u00c9cran vert<\/strong> Option, puis appuyez sur l&rsquo;\u00e9clat AI au lieu d&rsquo;une de vos photos. Comme pr\u00e9c\u00e9demment, vous recevrez quatre miniatures au choix &#8211; celle que vous choisissez deviendra une vid\u00e9o. Vous pouvez ensuite vous enregistrer en parlant comme les boucles vid\u00e9o en arri\u00e8re-plan. Honn\u00eatement, cela semble \u00eatre une utilisation d\u00e9cente pour l&rsquo;IA &#8211; une pouss\u00e9e visuelle rapide et jetable pour une vid\u00e9o qui est \u00e9galement rapide et jetable.<\/p>\n<p>Pour ce que \u00e7a vaut, nous avons un article sur la fa\u00e7on de cacher les shorts YouTube de votre flux, tout comme tous les autres sites Web sur Internet. Je me demande pourquoi.<\/p>\n","protected":false},"excerpt":{"rendered":"<p>L&rsquo;IA est vraiment l&rsquo;avenir des vid\u00e9os verticales que vous passerez au-del\u00e0 avant de choisir quelque chose que vous voulez r\u00e9ellement regarder. Cette semaine, Google a<\/p>\n","protected":false},"author":1,"featured_media":5132,"comment_status":"","ping_status":"","sticky":false,"template":"","format":"standard","meta":{"footnotes":""},"categories":[13],"tags":[2258,3899,823,1923,1204,35],"class_list":["post-5131","post","type-post","status-publish","format-standard","has-post-thumbnail","hentry","category-technologie","tag-essaye","tag-generateur","tag-jai","tag-peur","tag-video","tag-youtube","generate-columns","tablet-grid-50","mobile-grid-100","grid-parent","grid-33"],"yoast_head":"<!-- This site is optimized with the Yoast SEO plugin v24.0 - https:\/\/yoast.com\/wordpress\/plugins\/seo\/ -->\n<title>J&#039;ai essay\u00e9 le g\u00e9n\u00e9rateur vid\u00e9o AI de YouTube, et j&#039;ai peur | Vie Associative<\/title>\n<meta name=\"robots\" content=\"index, follow, max-snippet:-1, max-image-preview:large, max-video-preview:-1\" \/>\n<link rel=\"canonical\" href=\"https:\/\/vieassociative.be\/actualites\/jai-essaye-le-generateur-video-ai-de-youtube-et-jai-peur\/\" \/>\n<meta property=\"og:locale\" content=\"fr_FR\" \/>\n<meta property=\"og:type\" content=\"article\" \/>\n<meta property=\"og:title\" content=\"J&#039;ai essay\u00e9 le g\u00e9n\u00e9rateur vid\u00e9o AI de YouTube, et j&#039;ai peur | Vie Associative\" \/>\n<meta property=\"og:description\" content=\"L&rsquo;IA est vraiment l&rsquo;avenir des vid\u00e9os verticales que vous passerez au-del\u00e0 avant de choisir quelque chose que vous voulez r\u00e9ellement regarder. Cette semaine, Google a\" \/>\n<meta property=\"og:url\" content=\"https:\/\/vieassociative.be\/actualites\/jai-essaye-le-generateur-video-ai-de-youtube-et-jai-peur\/\" \/>\n<meta property=\"og:site_name\" content=\"Vie Associative\" \/>\n<meta property=\"article:published_time\" content=\"2025-02-15T07:17:05+00:00\" \/>\n<meta property=\"og:image\" content=\"https:\/\/vieassociative.be\/actualites\/wp-content\/uploads\/2025\/02\/Jai-essaye-le-generateur-video-AI-de-YouTube-et-jai.png\" \/>\n<meta name=\"author\" content=\"Julien\" \/>\n<meta name=\"twitter:card\" content=\"summary_large_image\" \/>\n<meta name=\"twitter:label1\" content=\"\u00c9crit par\" \/>\n\t<meta name=\"twitter:data1\" content=\"Julien\" \/>\n\t<meta name=\"twitter:label2\" content=\"Dur\u00e9e de lecture est.\" \/>\n\t<meta name=\"twitter:data2\" content=\"3 minutes\" \/>\n<script type=\"application\/ld+json\" class=\"yoast-schema-graph\">{\"@context\":\"https:\/\/schema.org\",\"@graph\":[{\"@type\":\"Article\",\"@id\":\"https:\/\/vieassociative.be\/actualites\/jai-essaye-le-generateur-video-ai-de-youtube-et-jai-peur\/#article\",\"isPartOf\":{\"@id\":\"https:\/\/vieassociative.be\/actualites\/jai-essaye-le-generateur-video-ai-de-youtube-et-jai-peur\/\"},\"author\":{\"name\":\"Julien\",\"@id\":\"https:\/\/vieassociative.be\/actualites\/#\/schema\/person\/b87ac4f82f9d4e7b7cec7395b679edc4\"},\"headline\":\"J&rsquo;ai essay\u00e9 le g\u00e9n\u00e9rateur vid\u00e9o AI de YouTube, et j&rsquo;ai peur\",\"datePublished\":\"2025-02-15T07:17:05+00:00\",\"dateModified\":\"2025-02-15T07:17:05+00:00\",\"mainEntityOfPage\":{\"@id\":\"https:\/\/vieassociative.be\/actualites\/jai-essaye-le-generateur-video-ai-de-youtube-et-jai-peur\/\"},\"wordCount\":673,\"publisher\":{\"@id\":\"https:\/\/vieassociative.be\/actualites\/#organization\"},\"image\":{\"@id\":\"https:\/\/vieassociative.be\/actualites\/jai-essaye-le-generateur-video-ai-de-youtube-et-jai-peur\/#primaryimage\"},\"thumbnailUrl\":\"https:\/\/vieassociative.be\/actualites\/wp-content\/uploads\/2025\/02\/1739603825_Jai-essaye-le-generateur-video-AI-de-YouTube-et-jai.png\",\"keywords\":[\"essay\u00e9\",\"g\u00e9n\u00e9rateur\",\"Jai\",\"peur\",\"vid\u00e9o\",\"YouTube\"],\"articleSection\":[\"Technologie\"],\"inLanguage\":\"fr-BE\"},{\"@type\":\"WebPage\",\"@id\":\"https:\/\/vieassociative.be\/actualites\/jai-essaye-le-generateur-video-ai-de-youtube-et-jai-peur\/\",\"url\":\"https:\/\/vieassociative.be\/actualites\/jai-essaye-le-generateur-video-ai-de-youtube-et-jai-peur\/\",\"name\":\"J'ai essay\u00e9 le g\u00e9n\u00e9rateur vid\u00e9o AI de YouTube, et j'ai peur | Vie Associative\",\"isPartOf\":{\"@id\":\"https:\/\/vieassociative.be\/actualites\/#website\"},\"primaryImageOfPage\":{\"@id\":\"https:\/\/vieassociative.be\/actualites\/jai-essaye-le-generateur-video-ai-de-youtube-et-jai-peur\/#primaryimage\"},\"image\":{\"@id\":\"https:\/\/vieassociative.be\/actualites\/jai-essaye-le-generateur-video-ai-de-youtube-et-jai-peur\/#primaryimage\"},\"thumbnailUrl\":\"https:\/\/vieassociative.be\/actualites\/wp-content\/uploads\/2025\/02\/1739603825_Jai-essaye-le-generateur-video-AI-de-YouTube-et-jai.png\",\"datePublished\":\"2025-02-15T07:17:05+00:00\",\"dateModified\":\"2025-02-15T07:17:05+00:00\",\"breadcrumb\":{\"@id\":\"https:\/\/vieassociative.be\/actualites\/jai-essaye-le-generateur-video-ai-de-youtube-et-jai-peur\/#breadcrumb\"},\"inLanguage\":\"fr-BE\",\"potentialAction\":[{\"@type\":\"ReadAction\",\"target\":[\"https:\/\/vieassociative.be\/actualites\/jai-essaye-le-generateur-video-ai-de-youtube-et-jai-peur\/\"]}]},{\"@type\":\"ImageObject\",\"inLanguage\":\"fr-BE\",\"@id\":\"https:\/\/vieassociative.be\/actualites\/jai-essaye-le-generateur-video-ai-de-youtube-et-jai-peur\/#primaryimage\",\"url\":\"https:\/\/vieassociative.be\/actualites\/wp-content\/uploads\/2025\/02\/1739603825_Jai-essaye-le-generateur-video-AI-de-YouTube-et-jai.png\",\"contentUrl\":\"https:\/\/vieassociative.be\/actualites\/wp-content\/uploads\/2025\/02\/1739603825_Jai-essaye-le-generateur-video-AI-de-YouTube-et-jai.png\",\"width\":1200,\"height\":675,\"caption\":\"J'ai essay\u00e9 le g\u00e9n\u00e9rateur vid\u00e9o AI de YouTube, et j'ai peur\"},{\"@type\":\"BreadcrumbList\",\"@id\":\"https:\/\/vieassociative.be\/actualites\/jai-essaye-le-generateur-video-ai-de-youtube-et-jai-peur\/#breadcrumb\",\"itemListElement\":[{\"@type\":\"ListItem\",\"position\":1,\"name\":\"Accueil\",\"item\":\"https:\/\/vieassociative.be\/actualites\/\"},{\"@type\":\"ListItem\",\"position\":2,\"name\":\"J&rsquo;ai essay\u00e9 le g\u00e9n\u00e9rateur vid\u00e9o AI de YouTube, et j&rsquo;ai peur\"}]},{\"@type\":\"WebSite\",\"@id\":\"https:\/\/vieassociative.be\/actualites\/#website\",\"url\":\"https:\/\/vieassociative.be\/actualites\/\",\"name\":\"Vie Associative\",\"description\":\"\",\"publisher\":{\"@id\":\"https:\/\/vieassociative.be\/actualites\/#organization\"},\"potentialAction\":[{\"@type\":\"SearchAction\",\"target\":{\"@type\":\"EntryPoint\",\"urlTemplate\":\"https:\/\/vieassociative.be\/actualites\/?s={search_term_string}\"},\"query-input\":{\"@type\":\"PropertyValueSpecification\",\"valueRequired\":true,\"valueName\":\"search_term_string\"}}],\"inLanguage\":\"fr-BE\"},{\"@type\":\"Organization\",\"@id\":\"https:\/\/vieassociative.be\/actualites\/#organization\",\"name\":\"Vie Associative\",\"url\":\"https:\/\/vieassociative.be\/actualites\/\",\"logo\":{\"@type\":\"ImageObject\",\"inLanguage\":\"fr-BE\",\"@id\":\"https:\/\/vieassociative.be\/actualites\/#\/schema\/logo\/image\/\",\"url\":\"https:\/\/vieassociative.be\/actualites\/wp-content\/uploads\/2024\/09\/cropped-vieassociative_favicon.ico.png\",\"contentUrl\":\"https:\/\/vieassociative.be\/actualites\/wp-content\/uploads\/2024\/09\/cropped-vieassociative_favicon.ico.png\",\"width\":512,\"height\":512,\"caption\":\"Vie Associative\"},\"image\":{\"@id\":\"https:\/\/vieassociative.be\/actualites\/#\/schema\/logo\/image\/\"}},{\"@type\":\"Person\",\"@id\":\"https:\/\/vieassociative.be\/actualites\/#\/schema\/person\/b87ac4f82f9d4e7b7cec7395b679edc4\",\"name\":\"Julien\",\"image\":{\"@type\":\"ImageObject\",\"inLanguage\":\"fr-BE\",\"@id\":\"https:\/\/vieassociative.be\/actualites\/#\/schema\/person\/image\/\",\"url\":\"https:\/\/vieassociative.be\/actualites\/wp-content\/uploads\/2024\/09\/vie-associative-1-150x150.jpg\",\"contentUrl\":\"https:\/\/vieassociative.be\/actualites\/wp-content\/uploads\/2024\/09\/vie-associative-1-150x150.jpg\",\"caption\":\"Julien\"},\"description\":\"Je suis Julien, r\u00e9dacteur pour Vie Associative. Passionn\u00e9 par le monde associatif depuis plus de 10 ans, j'ai \u00e0 c\u0153ur de partager des histoires inspirantes et de mettre en lumi\u00e8re les initiatives locales. Mon objectif est de sensibiliser et d'encourager l'engagement communautaire \u00e0 travers mes articles.\",\"sameAs\":[\"https:\/\/vieassociative.be\/\"]}]}<\/script>\n<!-- \/ Yoast SEO plugin. -->","yoast_head_json":{"title":"J'ai essay\u00e9 le g\u00e9n\u00e9rateur vid\u00e9o AI de YouTube, et j'ai peur | Vie Associative","robots":{"index":"index","follow":"follow","max-snippet":"max-snippet:-1","max-image-preview":"max-image-preview:large","max-video-preview":"max-video-preview:-1"},"canonical":"https:\/\/vieassociative.be\/actualites\/jai-essaye-le-generateur-video-ai-de-youtube-et-jai-peur\/","og_locale":"fr_FR","og_type":"article","og_title":"J'ai essay\u00e9 le g\u00e9n\u00e9rateur vid\u00e9o AI de YouTube, et j'ai peur | Vie Associative","og_description":"L&rsquo;IA est vraiment l&rsquo;avenir des vid\u00e9os verticales que vous passerez au-del\u00e0 avant de choisir quelque chose que vous voulez r\u00e9ellement regarder. Cette semaine, Google a","og_url":"https:\/\/vieassociative.be\/actualites\/jai-essaye-le-generateur-video-ai-de-youtube-et-jai-peur\/","og_site_name":"Vie Associative","article_published_time":"2025-02-15T07:17:05+00:00","og_image":[{"url":"https:\/\/vieassociative.be\/actualites\/wp-content\/uploads\/2025\/02\/Jai-essaye-le-generateur-video-AI-de-YouTube-et-jai.png","type":"","width":"","height":""}],"author":"Julien","twitter_card":"summary_large_image","twitter_misc":{"\u00c9crit par":"Julien","Dur\u00e9e de lecture est.":"3 minutes"},"schema":{"@context":"https:\/\/schema.org","@graph":[{"@type":"Article","@id":"https:\/\/vieassociative.be\/actualites\/jai-essaye-le-generateur-video-ai-de-youtube-et-jai-peur\/#article","isPartOf":{"@id":"https:\/\/vieassociative.be\/actualites\/jai-essaye-le-generateur-video-ai-de-youtube-et-jai-peur\/"},"author":{"name":"Julien","@id":"https:\/\/vieassociative.be\/actualites\/#\/schema\/person\/b87ac4f82f9d4e7b7cec7395b679edc4"},"headline":"J&rsquo;ai essay\u00e9 le g\u00e9n\u00e9rateur vid\u00e9o AI de YouTube, et j&rsquo;ai peur","datePublished":"2025-02-15T07:17:05+00:00","dateModified":"2025-02-15T07:17:05+00:00","mainEntityOfPage":{"@id":"https:\/\/vieassociative.be\/actualites\/jai-essaye-le-generateur-video-ai-de-youtube-et-jai-peur\/"},"wordCount":673,"publisher":{"@id":"https:\/\/vieassociative.be\/actualites\/#organization"},"image":{"@id":"https:\/\/vieassociative.be\/actualites\/jai-essaye-le-generateur-video-ai-de-youtube-et-jai-peur\/#primaryimage"},"thumbnailUrl":"https:\/\/vieassociative.be\/actualites\/wp-content\/uploads\/2025\/02\/1739603825_Jai-essaye-le-generateur-video-AI-de-YouTube-et-jai.png","keywords":["essay\u00e9","g\u00e9n\u00e9rateur","Jai","peur","vid\u00e9o","YouTube"],"articleSection":["Technologie"],"inLanguage":"fr-BE"},{"@type":"WebPage","@id":"https:\/\/vieassociative.be\/actualites\/jai-essaye-le-generateur-video-ai-de-youtube-et-jai-peur\/","url":"https:\/\/vieassociative.be\/actualites\/jai-essaye-le-generateur-video-ai-de-youtube-et-jai-peur\/","name":"J'ai essay\u00e9 le g\u00e9n\u00e9rateur vid\u00e9o AI de YouTube, et j'ai peur | Vie Associative","isPartOf":{"@id":"https:\/\/vieassociative.be\/actualites\/#website"},"primaryImageOfPage":{"@id":"https:\/\/vieassociative.be\/actualites\/jai-essaye-le-generateur-video-ai-de-youtube-et-jai-peur\/#primaryimage"},"image":{"@id":"https:\/\/vieassociative.be\/actualites\/jai-essaye-le-generateur-video-ai-de-youtube-et-jai-peur\/#primaryimage"},"thumbnailUrl":"https:\/\/vieassociative.be\/actualites\/wp-content\/uploads\/2025\/02\/1739603825_Jai-essaye-le-generateur-video-AI-de-YouTube-et-jai.png","datePublished":"2025-02-15T07:17:05+00:00","dateModified":"2025-02-15T07:17:05+00:00","breadcrumb":{"@id":"https:\/\/vieassociative.be\/actualites\/jai-essaye-le-generateur-video-ai-de-youtube-et-jai-peur\/#breadcrumb"},"inLanguage":"fr-BE","potentialAction":[{"@type":"ReadAction","target":["https:\/\/vieassociative.be\/actualites\/jai-essaye-le-generateur-video-ai-de-youtube-et-jai-peur\/"]}]},{"@type":"ImageObject","inLanguage":"fr-BE","@id":"https:\/\/vieassociative.be\/actualites\/jai-essaye-le-generateur-video-ai-de-youtube-et-jai-peur\/#primaryimage","url":"https:\/\/vieassociative.be\/actualites\/wp-content\/uploads\/2025\/02\/1739603825_Jai-essaye-le-generateur-video-AI-de-YouTube-et-jai.png","contentUrl":"https:\/\/vieassociative.be\/actualites\/wp-content\/uploads\/2025\/02\/1739603825_Jai-essaye-le-generateur-video-AI-de-YouTube-et-jai.png","width":1200,"height":675,"caption":"J'ai essay\u00e9 le g\u00e9n\u00e9rateur vid\u00e9o AI de YouTube, et j'ai peur"},{"@type":"BreadcrumbList","@id":"https:\/\/vieassociative.be\/actualites\/jai-essaye-le-generateur-video-ai-de-youtube-et-jai-peur\/#breadcrumb","itemListElement":[{"@type":"ListItem","position":1,"name":"Accueil","item":"https:\/\/vieassociative.be\/actualites\/"},{"@type":"ListItem","position":2,"name":"J&rsquo;ai essay\u00e9 le g\u00e9n\u00e9rateur vid\u00e9o AI de YouTube, et j&rsquo;ai peur"}]},{"@type":"WebSite","@id":"https:\/\/vieassociative.be\/actualites\/#website","url":"https:\/\/vieassociative.be\/actualites\/","name":"Vie Associative","description":"","publisher":{"@id":"https:\/\/vieassociative.be\/actualites\/#organization"},"potentialAction":[{"@type":"SearchAction","target":{"@type":"EntryPoint","urlTemplate":"https:\/\/vieassociative.be\/actualites\/?s={search_term_string}"},"query-input":{"@type":"PropertyValueSpecification","valueRequired":true,"valueName":"search_term_string"}}],"inLanguage":"fr-BE"},{"@type":"Organization","@id":"https:\/\/vieassociative.be\/actualites\/#organization","name":"Vie Associative","url":"https:\/\/vieassociative.be\/actualites\/","logo":{"@type":"ImageObject","inLanguage":"fr-BE","@id":"https:\/\/vieassociative.be\/actualites\/#\/schema\/logo\/image\/","url":"https:\/\/vieassociative.be\/actualites\/wp-content\/uploads\/2024\/09\/cropped-vieassociative_favicon.ico.png","contentUrl":"https:\/\/vieassociative.be\/actualites\/wp-content\/uploads\/2024\/09\/cropped-vieassociative_favicon.ico.png","width":512,"height":512,"caption":"Vie Associative"},"image":{"@id":"https:\/\/vieassociative.be\/actualites\/#\/schema\/logo\/image\/"}},{"@type":"Person","@id":"https:\/\/vieassociative.be\/actualites\/#\/schema\/person\/b87ac4f82f9d4e7b7cec7395b679edc4","name":"Julien","image":{"@type":"ImageObject","inLanguage":"fr-BE","@id":"https:\/\/vieassociative.be\/actualites\/#\/schema\/person\/image\/","url":"https:\/\/vieassociative.be\/actualites\/wp-content\/uploads\/2024\/09\/vie-associative-1-150x150.jpg","contentUrl":"https:\/\/vieassociative.be\/actualites\/wp-content\/uploads\/2024\/09\/vie-associative-1-150x150.jpg","caption":"Julien"},"description":"Je suis Julien, r\u00e9dacteur pour Vie Associative. Passionn\u00e9 par le monde associatif depuis plus de 10 ans, j'ai \u00e0 c\u0153ur de partager des histoires inspirantes et de mettre en lumi\u00e8re les initiatives locales. Mon objectif est de sensibiliser et d'encourager l'engagement communautaire \u00e0 travers mes articles.","sameAs":["https:\/\/vieassociative.be\/"]}]}},"_links":{"self":[{"href":"https:\/\/vieassociative.be\/actualites\/wp-json\/wp\/v2\/posts\/5131"}],"collection":[{"href":"https:\/\/vieassociative.be\/actualites\/wp-json\/wp\/v2\/posts"}],"about":[{"href":"https:\/\/vieassociative.be\/actualites\/wp-json\/wp\/v2\/types\/post"}],"author":[{"embeddable":true,"href":"https:\/\/vieassociative.be\/actualites\/wp-json\/wp\/v2\/users\/1"}],"replies":[{"embeddable":true,"href":"https:\/\/vieassociative.be\/actualites\/wp-json\/wp\/v2\/comments?post=5131"}],"version-history":[{"count":0,"href":"https:\/\/vieassociative.be\/actualites\/wp-json\/wp\/v2\/posts\/5131\/revisions"}],"wp:featuredmedia":[{"embeddable":true,"href":"https:\/\/vieassociative.be\/actualites\/wp-json\/wp\/v2\/media\/5132"}],"wp:attachment":[{"href":"https:\/\/vieassociative.be\/actualites\/wp-json\/wp\/v2\/media?parent=5131"}],"wp:term":[{"taxonomy":"category","embeddable":true,"href":"https:\/\/vieassociative.be\/actualites\/wp-json\/wp\/v2\/categories?post=5131"},{"taxonomy":"post_tag","embeddable":true,"href":"https:\/\/vieassociative.be\/actualites\/wp-json\/wp\/v2\/tags?post=5131"}],"curies":[{"name":"wp","href":"https:\/\/api.w.org\/{rel}","templated":true}]}}