{"id":5125,"date":"2025-02-15T03:17:19","date_gmt":"2025-02-15T02:17:19","guid":{"rendered":"https:\/\/vieassociative.be\/actualites\/oliver-paasch-parle-contre-les-fermetures-de-frontieres-et-geoblocking-les-jours-de-contact-des-ambassadeurs\/"},"modified":"2025-02-15T03:17:19","modified_gmt":"2025-02-15T02:17:19","slug":"oliver-paasch-parle-contre-les-fermetures-de-frontieres-et-geoblocking-les-jours-de-contact-des-ambassadeurs","status":"publish","type":"post","link":"https:\/\/vieassociative.be\/actualites\/oliver-paasch-parle-contre-les-fermetures-de-frontieres-et-geoblocking-les-jours-de-contact-des-ambassadeurs\/","title":{"rendered":"Oliver Paasch parle contre les fermetures de fronti\u00e8res et \u00ab\u00a0Geoblocking\u00a0\u00bb les \u00ab\u00a0jours de contact des ambassadeurs\u00a0\u00bb"},"content":{"rendered":"<p><strong>Dans le cadre des \u00abjours de contact des ambassadeurs\u00bb, les chefs de gouvernement des communaut\u00e9s et r\u00e9gions de notre pays se sont pos\u00e9s aux nombreuses questions de la<\/strong> <strong>Repr\u00e9sentants diplomatiques de la Belgique \u00e0 l&rsquo;\u00e9tranger.<\/strong><\/p>\n<p><span id=\"more-408239\"><\/span>Le Premier ministre DG Oliver Paasch (ProDG) s&rsquo;est concentr\u00e9 sur la fonction de pont de la DG, qu&rsquo;il continue de les mettre au service des autres \u00c9tats membres belges, en particulier dans la direction de l&rsquo;Europe germanophone.<\/p>\n<div id=\"attachment_408241\" class=\"wp-caption alignleft\" style=\"max-width: 300px\"><img fetchpriority=\"high\" decoding=\"async\" class=\"wp-image-408241 size-medium\" src=\"https:\/\/vieassociative.be\/actualites\/wp-content\/uploads\/2025\/02\/Oliver-Paasch-parle-contre-les-fermetures-de-frontieres-et-Geoblocking.jpg\" alt=\"\" width=\"300\" height=\"200\"><\/p>\n<p class=\"wp-caption-text\">\u00ab\u00a0Contact Days of the Botchaffer\u00a0\u00bb dans le Bruxelles Egmont-Palast. Photo: armoire Paasch<\/p>\n<\/div>\n<p>Notamment dans le contexte des prochaines \u00e9lections de Bundestag en Allemagne, Paasch en a profit\u00e9 pour s&rsquo;exprimer express\u00e9ment contre une \u00e9ventuelle fermeture des fronti\u00e8res allemandes-belgiennes.<\/p>\n<p>Le chef de gouvernement de la DG a \u00e9galement fait campagne devant son homologue et les ambassadeurs pour mettre fin \u00e0 la discrimination num\u00e9rique contre les r\u00e9gions frontali\u00e8res telles que l&rsquo;Est de la Belgique par le g\u00e9oblocage. \u00ab\u00a0Les ambassadeurs de notre pays peuvent fournir un soutien important dans nos pr\u00e9occupations\u00a0\u00bb, a d\u00e9clar\u00e9 Paasch.<\/p>\n<p>Les \u00abjours de contact\u00bb se d\u00e9roulent r\u00e9guli\u00e8rement et sont organis\u00e9s par F\u00f6d \u00e0 partir de questions \u00e9trang\u00e8res, de coop\u00e9ration au commerce ext\u00e9rieur et au d\u00e9veloppement. L&rsquo;objectif est de permettre des rencontres essentielles \u00e0 l&rsquo;exercice du bureau des repr\u00e9sentants belges \u00e0 l&rsquo;\u00e9tranger. Cela comprend naturellement la r\u00e9union et le dialogue en profondeur avec le Premier ministre des dirigeants belges.<\/p>\n","protected":false},"excerpt":{"rendered":"<p>Dans le cadre des \u00abjours de contact des ambassadeurs\u00bb, les chefs de gouvernement des communaut\u00e9s et r\u00e9gions de notre pays se sont pos\u00e9s aux nombreuses<\/p>\n","protected":false},"author":1,"featured_media":5126,"comment_status":"","ping_status":"","sticky":false,"template":"","format":"standard","meta":{"footnotes":""},"categories":[298],"tags":[5355,5283,796,29,5353,361,5354,937,14,3141,2553,3127],"class_list":["post-5125","post","type-post","status-publish","format-standard","has-post-thumbnail","hentry","category-belgique","tag-ambassadeurs","tag-contact","tag-contre","tag-des","tag-fermetures","tag-frontieres","tag-geoblocking","tag-jours","tag-les","tag-oliver","tag-paasch","tag-parle","generate-columns","tablet-grid-50","mobile-grid-100","grid-parent","grid-33"],"yoast_head":"<!-- This site is optimized with the Yoast SEO plugin v24.0 - https:\/\/yoast.com\/wordpress\/plugins\/seo\/ -->\n<title>Oliver Paasch parle contre les fermetures de fronti\u00e8res et &quot;Geoblocking&quot; les &quot;jours de contact des ambassadeurs&quot; | Vie Associative<\/title>\n<meta name=\"robots\" content=\"index, follow, max-snippet:-1, max-image-preview:large, max-video-preview:-1\" \/>\n<link rel=\"canonical\" href=\"https:\/\/vieassociative.be\/actualites\/oliver-paasch-parle-contre-les-fermetures-de-frontieres-et-geoblocking-les-jours-de-contact-des-ambassadeurs\/\" \/>\n<meta property=\"og:locale\" content=\"fr_FR\" \/>\n<meta property=\"og:type\" content=\"article\" \/>\n<meta property=\"og:title\" content=\"Oliver Paasch parle contre les fermetures de fronti\u00e8res et &quot;Geoblocking&quot; les &quot;jours de contact des ambassadeurs&quot; | Vie Associative\" \/>\n<meta property=\"og:description\" content=\"Dans le cadre des \u00abjours de contact des ambassadeurs\u00bb, les chefs de gouvernement des communaut\u00e9s et r\u00e9gions de notre pays se sont pos\u00e9s aux nombreuses\" \/>\n<meta property=\"og:url\" content=\"https:\/\/vieassociative.be\/actualites\/oliver-paasch-parle-contre-les-fermetures-de-frontieres-et-geoblocking-les-jours-de-contact-des-ambassadeurs\/\" \/>\n<meta property=\"og:site_name\" content=\"Vie Associative\" \/>\n<meta property=\"article:published_time\" content=\"2025-02-15T02:17:19+00:00\" \/>\n<meta property=\"og:image\" content=\"https:\/\/vieassociative.be\/actualites\/wp-content\/uploads\/2024\/09\/header_backgroundk-01-e1726694325946.png\" \/>\n\t<meta property=\"og:image:width\" content=\"279\" \/>\n\t<meta property=\"og:image:height\" content=\"92\" \/>\n\t<meta property=\"og:image:type\" content=\"image\/png\" \/>\n<meta name=\"author\" content=\"Julien\" \/>\n<meta name=\"twitter:card\" content=\"summary_large_image\" \/>\n<meta name=\"twitter:label1\" content=\"\u00c9crit par\" \/>\n\t<meta name=\"twitter:data1\" content=\"Julien\" \/>\n\t<meta name=\"twitter:label2\" content=\"Dur\u00e9e de lecture est.\" \/>\n\t<meta name=\"twitter:data2\" content=\"1 minute\" \/>\n<script type=\"application\/ld+json\" class=\"yoast-schema-graph\">{\"@context\":\"https:\/\/schema.org\",\"@graph\":[{\"@type\":\"Article\",\"@id\":\"https:\/\/vieassociative.be\/actualites\/oliver-paasch-parle-contre-les-fermetures-de-frontieres-et-geoblocking-les-jours-de-contact-des-ambassadeurs\/#article\",\"isPartOf\":{\"@id\":\"https:\/\/vieassociative.be\/actualites\/oliver-paasch-parle-contre-les-fermetures-de-frontieres-et-geoblocking-les-jours-de-contact-des-ambassadeurs\/\"},\"author\":{\"name\":\"Julien\",\"@id\":\"https:\/\/vieassociative.be\/actualites\/#\/schema\/person\/b87ac4f82f9d4e7b7cec7395b679edc4\"},\"headline\":\"Oliver Paasch parle contre les fermetures de fronti\u00e8res et \u00ab\u00a0Geoblocking\u00a0\u00bb les \u00ab\u00a0jours de contact des ambassadeurs\u00a0\u00bb\",\"datePublished\":\"2025-02-15T02:17:19+00:00\",\"dateModified\":\"2025-02-15T02:17:19+00:00\",\"mainEntityOfPage\":{\"@id\":\"https:\/\/vieassociative.be\/actualites\/oliver-paasch-parle-contre-les-fermetures-de-frontieres-et-geoblocking-les-jours-de-contact-des-ambassadeurs\/\"},\"wordCount\":264,\"publisher\":{\"@id\":\"https:\/\/vieassociative.be\/actualites\/#organization\"},\"image\":{\"@id\":\"https:\/\/vieassociative.be\/actualites\/oliver-paasch-parle-contre-les-fermetures-de-frontieres-et-geoblocking-les-jours-de-contact-des-ambassadeurs\/#primaryimage\"},\"thumbnailUrl\":\"https:\/\/vieassociative.be\/actualites\/wp-content\/uploads\/2025\/02\/1739585839_Oliver-Paasch-parle-contre-les-fermetures-de-frontieres-et-Geoblocking.jpg\",\"keywords\":[\"ambassadeurs\",\"contact\",\"contre\",\"Des\",\"fermetures\",\"fronti\u00e8res\",\"Geoblocking\",\"jours\",\"Les\",\"Oliver\",\"Paasch\",\"parle\"],\"articleSection\":[\"Belgique\"],\"inLanguage\":\"fr-BE\"},{\"@type\":\"WebPage\",\"@id\":\"https:\/\/vieassociative.be\/actualites\/oliver-paasch-parle-contre-les-fermetures-de-frontieres-et-geoblocking-les-jours-de-contact-des-ambassadeurs\/\",\"url\":\"https:\/\/vieassociative.be\/actualites\/oliver-paasch-parle-contre-les-fermetures-de-frontieres-et-geoblocking-les-jours-de-contact-des-ambassadeurs\/\",\"name\":\"Oliver Paasch parle contre les fermetures de fronti\u00e8res et \\\"Geoblocking\\\" les \\\"jours de contact des ambassadeurs\\\" | Vie Associative\",\"isPartOf\":{\"@id\":\"https:\/\/vieassociative.be\/actualites\/#website\"},\"primaryImageOfPage\":{\"@id\":\"https:\/\/vieassociative.be\/actualites\/oliver-paasch-parle-contre-les-fermetures-de-frontieres-et-geoblocking-les-jours-de-contact-des-ambassadeurs\/#primaryimage\"},\"image\":{\"@id\":\"https:\/\/vieassociative.be\/actualites\/oliver-paasch-parle-contre-les-fermetures-de-frontieres-et-geoblocking-les-jours-de-contact-des-ambassadeurs\/#primaryimage\"},\"thumbnailUrl\":\"https:\/\/vieassociative.be\/actualites\/wp-content\/uploads\/2025\/02\/1739585839_Oliver-Paasch-parle-contre-les-fermetures-de-frontieres-et-Geoblocking.jpg\",\"datePublished\":\"2025-02-15T02:17:19+00:00\",\"dateModified\":\"2025-02-15T02:17:19+00:00\",\"breadcrumb\":{\"@id\":\"https:\/\/vieassociative.be\/actualites\/oliver-paasch-parle-contre-les-fermetures-de-frontieres-et-geoblocking-les-jours-de-contact-des-ambassadeurs\/#breadcrumb\"},\"inLanguage\":\"fr-BE\",\"potentialAction\":[{\"@type\":\"ReadAction\",\"target\":[\"https:\/\/vieassociative.be\/actualites\/oliver-paasch-parle-contre-les-fermetures-de-frontieres-et-geoblocking-les-jours-de-contact-des-ambassadeurs\/\"]}]},{\"@type\":\"ImageObject\",\"inLanguage\":\"fr-BE\",\"@id\":\"https:\/\/vieassociative.be\/actualites\/oliver-paasch-parle-contre-les-fermetures-de-frontieres-et-geoblocking-les-jours-de-contact-des-ambassadeurs\/#primaryimage\",\"url\":\"https:\/\/vieassociative.be\/actualites\/wp-content\/uploads\/2025\/02\/1739585839_Oliver-Paasch-parle-contre-les-fermetures-de-frontieres-et-Geoblocking.jpg\",\"contentUrl\":\"https:\/\/vieassociative.be\/actualites\/wp-content\/uploads\/2025\/02\/1739585839_Oliver-Paasch-parle-contre-les-fermetures-de-frontieres-et-Geoblocking.jpg\",\"width\":1200,\"height\":800,\"caption\":\"Oliver Paasch parle contre les fermetures de fronti\u00e8res et \\\"Geoblocking\\\" les \\\"jours de contact des ambassadeurs\\\"\"},{\"@type\":\"BreadcrumbList\",\"@id\":\"https:\/\/vieassociative.be\/actualites\/oliver-paasch-parle-contre-les-fermetures-de-frontieres-et-geoblocking-les-jours-de-contact-des-ambassadeurs\/#breadcrumb\",\"itemListElement\":[{\"@type\":\"ListItem\",\"position\":1,\"name\":\"Accueil\",\"item\":\"https:\/\/vieassociative.be\/actualites\/\"},{\"@type\":\"ListItem\",\"position\":2,\"name\":\"Oliver Paasch parle contre les fermetures de fronti\u00e8res et \u00ab\u00a0Geoblocking\u00a0\u00bb les \u00ab\u00a0jours de contact des ambassadeurs\u00a0\u00bb\"}]},{\"@type\":\"WebSite\",\"@id\":\"https:\/\/vieassociative.be\/actualites\/#website\",\"url\":\"https:\/\/vieassociative.be\/actualites\/\",\"name\":\"Vie Associative\",\"description\":\"\",\"publisher\":{\"@id\":\"https:\/\/vieassociative.be\/actualites\/#organization\"},\"potentialAction\":[{\"@type\":\"SearchAction\",\"target\":{\"@type\":\"EntryPoint\",\"urlTemplate\":\"https:\/\/vieassociative.be\/actualites\/?s={search_term_string}\"},\"query-input\":{\"@type\":\"PropertyValueSpecification\",\"valueRequired\":true,\"valueName\":\"search_term_string\"}}],\"inLanguage\":\"fr-BE\"},{\"@type\":\"Organization\",\"@id\":\"https:\/\/vieassociative.be\/actualites\/#organization\",\"name\":\"Vie Associative\",\"url\":\"https:\/\/vieassociative.be\/actualites\/\",\"logo\":{\"@type\":\"ImageObject\",\"inLanguage\":\"fr-BE\",\"@id\":\"https:\/\/vieassociative.be\/actualites\/#\/schema\/logo\/image\/\",\"url\":\"https:\/\/vieassociative.be\/actualites\/wp-content\/uploads\/2024\/09\/cropped-vieassociative_favicon.ico.png\",\"contentUrl\":\"https:\/\/vieassociative.be\/actualites\/wp-content\/uploads\/2024\/09\/cropped-vieassociative_favicon.ico.png\",\"width\":512,\"height\":512,\"caption\":\"Vie Associative\"},\"image\":{\"@id\":\"https:\/\/vieassociative.be\/actualites\/#\/schema\/logo\/image\/\"}},{\"@type\":\"Person\",\"@id\":\"https:\/\/vieassociative.be\/actualites\/#\/schema\/person\/b87ac4f82f9d4e7b7cec7395b679edc4\",\"name\":\"Julien\",\"image\":{\"@type\":\"ImageObject\",\"inLanguage\":\"fr-BE\",\"@id\":\"https:\/\/vieassociative.be\/actualites\/#\/schema\/person\/image\/\",\"url\":\"https:\/\/vieassociative.be\/actualites\/wp-content\/uploads\/2024\/09\/vie-associative-1-150x150.jpg\",\"contentUrl\":\"https:\/\/vieassociative.be\/actualites\/wp-content\/uploads\/2024\/09\/vie-associative-1-150x150.jpg\",\"caption\":\"Julien\"},\"description\":\"Je suis Julien, r\u00e9dacteur pour Vie Associative. Passionn\u00e9 par le monde associatif depuis plus de 10 ans, j'ai \u00e0 c\u0153ur de partager des histoires inspirantes et de mettre en lumi\u00e8re les initiatives locales. Mon objectif est de sensibiliser et d'encourager l'engagement communautaire \u00e0 travers mes articles.\",\"sameAs\":[\"https:\/\/vieassociative.be\/\"]}]}<\/script>\n<!-- \/ Yoast SEO plugin. -->","yoast_head_json":{"title":"Oliver Paasch parle contre les fermetures de fronti\u00e8res et \"Geoblocking\" les \"jours de contact des ambassadeurs\" | Vie Associative","robots":{"index":"index","follow":"follow","max-snippet":"max-snippet:-1","max-image-preview":"max-image-preview:large","max-video-preview":"max-video-preview:-1"},"canonical":"https:\/\/vieassociative.be\/actualites\/oliver-paasch-parle-contre-les-fermetures-de-frontieres-et-geoblocking-les-jours-de-contact-des-ambassadeurs\/","og_locale":"fr_FR","og_type":"article","og_title":"Oliver Paasch parle contre les fermetures de fronti\u00e8res et \"Geoblocking\" les \"jours de contact des ambassadeurs\" | Vie Associative","og_description":"Dans le cadre des \u00abjours de contact des ambassadeurs\u00bb, les chefs de gouvernement des communaut\u00e9s et r\u00e9gions de notre pays se sont pos\u00e9s aux nombreuses","og_url":"https:\/\/vieassociative.be\/actualites\/oliver-paasch-parle-contre-les-fermetures-de-frontieres-et-geoblocking-les-jours-de-contact-des-ambassadeurs\/","og_site_name":"Vie Associative","article_published_time":"2025-02-15T02:17:19+00:00","og_image":[{"width":279,"height":92,"url":"https:\/\/vieassociative.be\/actualites\/wp-content\/uploads\/2024\/09\/header_backgroundk-01-e1726694325946.png","type":"image\/png"}],"author":"Julien","twitter_card":"summary_large_image","twitter_misc":{"\u00c9crit par":"Julien","Dur\u00e9e de lecture est.":"1 minute"},"schema":{"@context":"https:\/\/schema.org","@graph":[{"@type":"Article","@id":"https:\/\/vieassociative.be\/actualites\/oliver-paasch-parle-contre-les-fermetures-de-frontieres-et-geoblocking-les-jours-de-contact-des-ambassadeurs\/#article","isPartOf":{"@id":"https:\/\/vieassociative.be\/actualites\/oliver-paasch-parle-contre-les-fermetures-de-frontieres-et-geoblocking-les-jours-de-contact-des-ambassadeurs\/"},"author":{"name":"Julien","@id":"https:\/\/vieassociative.be\/actualites\/#\/schema\/person\/b87ac4f82f9d4e7b7cec7395b679edc4"},"headline":"Oliver Paasch parle contre les fermetures de fronti\u00e8res et \u00ab\u00a0Geoblocking\u00a0\u00bb les \u00ab\u00a0jours de contact des ambassadeurs\u00a0\u00bb","datePublished":"2025-02-15T02:17:19+00:00","dateModified":"2025-02-15T02:17:19+00:00","mainEntityOfPage":{"@id":"https:\/\/vieassociative.be\/actualites\/oliver-paasch-parle-contre-les-fermetures-de-frontieres-et-geoblocking-les-jours-de-contact-des-ambassadeurs\/"},"wordCount":264,"publisher":{"@id":"https:\/\/vieassociative.be\/actualites\/#organization"},"image":{"@id":"https:\/\/vieassociative.be\/actualites\/oliver-paasch-parle-contre-les-fermetures-de-frontieres-et-geoblocking-les-jours-de-contact-des-ambassadeurs\/#primaryimage"},"thumbnailUrl":"https:\/\/vieassociative.be\/actualites\/wp-content\/uploads\/2025\/02\/1739585839_Oliver-Paasch-parle-contre-les-fermetures-de-frontieres-et-Geoblocking.jpg","keywords":["ambassadeurs","contact","contre","Des","fermetures","fronti\u00e8res","Geoblocking","jours","Les","Oliver","Paasch","parle"],"articleSection":["Belgique"],"inLanguage":"fr-BE"},{"@type":"WebPage","@id":"https:\/\/vieassociative.be\/actualites\/oliver-paasch-parle-contre-les-fermetures-de-frontieres-et-geoblocking-les-jours-de-contact-des-ambassadeurs\/","url":"https:\/\/vieassociative.be\/actualites\/oliver-paasch-parle-contre-les-fermetures-de-frontieres-et-geoblocking-les-jours-de-contact-des-ambassadeurs\/","name":"Oliver Paasch parle contre les fermetures de fronti\u00e8res et \"Geoblocking\" les \"jours de contact des ambassadeurs\" | Vie Associative","isPartOf":{"@id":"https:\/\/vieassociative.be\/actualites\/#website"},"primaryImageOfPage":{"@id":"https:\/\/vieassociative.be\/actualites\/oliver-paasch-parle-contre-les-fermetures-de-frontieres-et-geoblocking-les-jours-de-contact-des-ambassadeurs\/#primaryimage"},"image":{"@id":"https:\/\/vieassociative.be\/actualites\/oliver-paasch-parle-contre-les-fermetures-de-frontieres-et-geoblocking-les-jours-de-contact-des-ambassadeurs\/#primaryimage"},"thumbnailUrl":"https:\/\/vieassociative.be\/actualites\/wp-content\/uploads\/2025\/02\/1739585839_Oliver-Paasch-parle-contre-les-fermetures-de-frontieres-et-Geoblocking.jpg","datePublished":"2025-02-15T02:17:19+00:00","dateModified":"2025-02-15T02:17:19+00:00","breadcrumb":{"@id":"https:\/\/vieassociative.be\/actualites\/oliver-paasch-parle-contre-les-fermetures-de-frontieres-et-geoblocking-les-jours-de-contact-des-ambassadeurs\/#breadcrumb"},"inLanguage":"fr-BE","potentialAction":[{"@type":"ReadAction","target":["https:\/\/vieassociative.be\/actualites\/oliver-paasch-parle-contre-les-fermetures-de-frontieres-et-geoblocking-les-jours-de-contact-des-ambassadeurs\/"]}]},{"@type":"ImageObject","inLanguage":"fr-BE","@id":"https:\/\/vieassociative.be\/actualites\/oliver-paasch-parle-contre-les-fermetures-de-frontieres-et-geoblocking-les-jours-de-contact-des-ambassadeurs\/#primaryimage","url":"https:\/\/vieassociative.be\/actualites\/wp-content\/uploads\/2025\/02\/1739585839_Oliver-Paasch-parle-contre-les-fermetures-de-frontieres-et-Geoblocking.jpg","contentUrl":"https:\/\/vieassociative.be\/actualites\/wp-content\/uploads\/2025\/02\/1739585839_Oliver-Paasch-parle-contre-les-fermetures-de-frontieres-et-Geoblocking.jpg","width":1200,"height":800,"caption":"Oliver Paasch parle contre les fermetures de fronti\u00e8res et \"Geoblocking\" les \"jours de contact des ambassadeurs\""},{"@type":"BreadcrumbList","@id":"https:\/\/vieassociative.be\/actualites\/oliver-paasch-parle-contre-les-fermetures-de-frontieres-et-geoblocking-les-jours-de-contact-des-ambassadeurs\/#breadcrumb","itemListElement":[{"@type":"ListItem","position":1,"name":"Accueil","item":"https:\/\/vieassociative.be\/actualites\/"},{"@type":"ListItem","position":2,"name":"Oliver Paasch parle contre les fermetures de fronti\u00e8res et \u00ab\u00a0Geoblocking\u00a0\u00bb les \u00ab\u00a0jours de contact des ambassadeurs\u00a0\u00bb"}]},{"@type":"WebSite","@id":"https:\/\/vieassociative.be\/actualites\/#website","url":"https:\/\/vieassociative.be\/actualites\/","name":"Vie Associative","description":"","publisher":{"@id":"https:\/\/vieassociative.be\/actualites\/#organization"},"potentialAction":[{"@type":"SearchAction","target":{"@type":"EntryPoint","urlTemplate":"https:\/\/vieassociative.be\/actualites\/?s={search_term_string}"},"query-input":{"@type":"PropertyValueSpecification","valueRequired":true,"valueName":"search_term_string"}}],"inLanguage":"fr-BE"},{"@type":"Organization","@id":"https:\/\/vieassociative.be\/actualites\/#organization","name":"Vie Associative","url":"https:\/\/vieassociative.be\/actualites\/","logo":{"@type":"ImageObject","inLanguage":"fr-BE","@id":"https:\/\/vieassociative.be\/actualites\/#\/schema\/logo\/image\/","url":"https:\/\/vieassociative.be\/actualites\/wp-content\/uploads\/2024\/09\/cropped-vieassociative_favicon.ico.png","contentUrl":"https:\/\/vieassociative.be\/actualites\/wp-content\/uploads\/2024\/09\/cropped-vieassociative_favicon.ico.png","width":512,"height":512,"caption":"Vie Associative"},"image":{"@id":"https:\/\/vieassociative.be\/actualites\/#\/schema\/logo\/image\/"}},{"@type":"Person","@id":"https:\/\/vieassociative.be\/actualites\/#\/schema\/person\/b87ac4f82f9d4e7b7cec7395b679edc4","name":"Julien","image":{"@type":"ImageObject","inLanguage":"fr-BE","@id":"https:\/\/vieassociative.be\/actualites\/#\/schema\/person\/image\/","url":"https:\/\/vieassociative.be\/actualites\/wp-content\/uploads\/2024\/09\/vie-associative-1-150x150.jpg","contentUrl":"https:\/\/vieassociative.be\/actualites\/wp-content\/uploads\/2024\/09\/vie-associative-1-150x150.jpg","caption":"Julien"},"description":"Je suis Julien, r\u00e9dacteur pour Vie Associative. Passionn\u00e9 par le monde associatif depuis plus de 10 ans, j'ai \u00e0 c\u0153ur de partager des histoires inspirantes et de mettre en lumi\u00e8re les initiatives locales. Mon objectif est de sensibiliser et d'encourager l'engagement communautaire \u00e0 travers mes articles.","sameAs":["https:\/\/vieassociative.be\/"]}]}},"_links":{"self":[{"href":"https:\/\/vieassociative.be\/actualites\/wp-json\/wp\/v2\/posts\/5125"}],"collection":[{"href":"https:\/\/vieassociative.be\/actualites\/wp-json\/wp\/v2\/posts"}],"about":[{"href":"https:\/\/vieassociative.be\/actualites\/wp-json\/wp\/v2\/types\/post"}],"author":[{"embeddable":true,"href":"https:\/\/vieassociative.be\/actualites\/wp-json\/wp\/v2\/users\/1"}],"replies":[{"embeddable":true,"href":"https:\/\/vieassociative.be\/actualites\/wp-json\/wp\/v2\/comments?post=5125"}],"version-history":[{"count":0,"href":"https:\/\/vieassociative.be\/actualites\/wp-json\/wp\/v2\/posts\/5125\/revisions"}],"wp:featuredmedia":[{"embeddable":true,"href":"https:\/\/vieassociative.be\/actualites\/wp-json\/wp\/v2\/media\/5126"}],"wp:attachment":[{"href":"https:\/\/vieassociative.be\/actualites\/wp-json\/wp\/v2\/media?parent=5125"}],"wp:term":[{"taxonomy":"category","embeddable":true,"href":"https:\/\/vieassociative.be\/actualites\/wp-json\/wp\/v2\/categories?post=5125"},{"taxonomy":"post_tag","embeddable":true,"href":"https:\/\/vieassociative.be\/actualites\/wp-json\/wp\/v2\/tags?post=5125"}],"curies":[{"name":"wp","href":"https:\/\/api.w.org\/{rel}","templated":true}]}}