{"id":5123,"date":"2025-02-15T02:18:43","date_gmt":"2025-02-15T01:18:43","guid":{"rendered":"https:\/\/vieassociative.be\/actualites\/my-amazon-deal-de-la-journee-preferee-the-samsung-galaxy-book-4-pro\/"},"modified":"2025-02-15T02:18:43","modified_gmt":"2025-02-15T01:18:43","slug":"my-amazon-deal-de-la-journee-preferee-the-samsung-galaxy-book-4-pro","status":"publish","type":"post","link":"https:\/\/vieassociative.be\/actualites\/my-amazon-deal-de-la-journee-preferee-the-samsung-galaxy-book-4-pro\/","title":{"rendered":"My Amazon Deal de la journ\u00e9e pr\u00e9f\u00e9r\u00e9e: The Samsung Galaxy Book 4 Pro"},"content":{"rendered":"<div class=\"mt-4 leading-6 md:mb-8\">Les mod\u00e8les de 14 et 16 pouces sont jusqu&rsquo;\u00e0 48% de r\u00e9duction.<\/div>\n<p><\/p>\n<p>Le MacBook Air est un ordinateur portable de productivit\u00e9 portable de base que les gens semblent aimer, et en tant que telles, de nombreuses entreprises essaient d&rsquo;en faire leurs propres versions. La prise de Samsung est le Galaxy Book Pro, et apr\u00e8s la r\u00e9cente sortie de Galaxy Book5 Pro, Galaxy Book4 Pro de l&rsquo;an dernier est tomb\u00e9 \u00e0<strong> 699,99 $ <\/strong>(\u00e0 l&rsquo;origine 1 349,99 $) pour le processeur I5 Ultra, un nouveau prix record en fonction des outils de suivi des prix. Le mod\u00e8le avec un processeur i7 commence \u00e0<strong> 899,99 $<\/strong> (\u00e0 l&rsquo;origine 1 449,99 $), \u00e9galement son prix le plus bas.<\/p>\n<div class=\"shadow-b-2 mb-12 mt-10 rounded-md border-2 border-(#F0F0F0) px-6 py-2 shadow-lg md:px-12\" role=\"region\" aria-label=\"Products List\" x-data=\"{ showMore: false }\">\n<div class=\"flex w-full gap-x-5\">\n<div class=\"flex w-full flex-col flex-nowrap justify-center gap-2 text-black no-underline md:order-2 md:gap-y-6\">\n<div class=\"flex flex-col justify-between gap-y-2 md:w-full md:gap-y-1\">\n<div class=\"block font-sans text-xs font-semibold capitalize leading-3 text-gray-900 md:leading-4\">RAM: 16 Go, stockage: 512 Go SSD, processeur: Intel Core Ultra 5, taille: 14 pouces.<\/div>\n<div class=\"block w-fit cursor-pointer font-akshar text-lg font-medium leading-5 text-brand-green duration-200 ease-in-out hover:text-brand-green-700 md:text-xl md:leading-6\">\n<p>                            Samsung Galaxy Book4 Pro, i5 Ultra Processeur\n                        <\/p><\/div>\n<\/p><\/div>\n<div class=\"hidden md:flex md:justify-between md:gap-x-4\">\n<div class=\"w-full mb-0 md:flex md:flex-col md:justify-center font-sans leading-4 text-black\">\n<div class=\"flex flex-wrap items-center justify-center gap-x-1 md:justify-start\">\n        <span class=\"font-bold\"><\/p>\n<p>            699,99 $<br \/>\n                            <span class=\"font-medium\">\u00e0 Amazon<\/span><br \/>\n                    <\/span><br \/>\n                    <img decoding=\"async\" class=\"mt-0 h-(15px)\" src=\"https:\/\/vieassociative.be\/actualites\/wp-content\/uploads\/2025\/02\/My-Amazon-Deal-de-la-journee-preferee-The-Samsung-Galaxy.svg.svg+xml\" title=\"Amazon Prime\" alt=\"Amazon Prime\">\n            <\/div>\n<div class=\"flex items-center justify-center gap-x-1 font-bold md:justify-start\">\n            <span class=\"text-sm line-through\">1 349,99 $<\/span><br \/>\n            <span class=\"text-sm text-brand-green\">\u00c9conomisez 650,00 $<\/span>\n        <\/div>\n<\/p><\/div>\n<p>                            <button class=\"flex justify-center items-center w-full bg-brand-green text-white text-base font-sans font-medium rounded-md hover:bg-brand-green-700 hover:cursor-pointer md:text-sm hidden self-end h-12 max-w-(10rem) duration-200 ease-in-out hover:bg-brand-green-700 md:flex md:h-10\"><\/p>\n<p>    Conclure un accord<br \/>\n<\/button>\n                        <\/div>\n<\/p><\/div>\n<div class=\"flex aspect-video h-(90px) shrink-0 items-center justify-center self-center md:order-1\">\n                        <img decoding=\"async\" class=\"m-0 max-h-full max-w-full rounded-md\" src=\"https:\/\/vieassociative.be\/actualites\/wp-content\/uploads\/2025\/02\/My-Amazon-Deal-de-la-journee-preferee-The-Samsung-Galaxy.jpg\" alt=\"Samsung 14\" galaxy book4 pro laptop pc computer intel core ultra processor amoled x touchscreen advanced security model np940xgk-kg2us moonstone gray width=\"auto\" height=\"auto\" loading=\"lazy\">\n                    <\/div>\n<\/p><\/div>\n<p>                            <button class=\"flex justify-center items-center w-full bg-brand-green text-white text-base font-sans font-medium rounded-md hover:bg-brand-green-700 hover:cursor-pointer md:text-sm w-full h-12 duration-200 ease-in-out hover:bg-brand-green-700 md:hidden md:h-10\"><\/p>\n<p>    Conclure un accord<br \/>\n<\/button><\/p>\n<div class=\"flex flex-col items-center w-full md:hidden font-sans leading-4 text-black\">\n<div class=\"flex flex-wrap items-center justify-center gap-x-1 md:justify-start\">\n        <span class=\"font-bold\"><\/p>\n<p>            699,99 $<br \/>\n                            <span class=\"font-medium\">\u00e0 Amazon<\/span><br \/>\n                    <\/span><br \/>\n                    <img decoding=\"async\" class=\"mt-0 h-(15px)\" src=\"https:\/\/vieassociative.be\/actualites\/wp-content\/uploads\/2025\/02\/My-Amazon-Deal-de-la-journee-preferee-The-Samsung-Galaxy.svg.svg+xml\" title=\"Amazon Prime\" alt=\"Amazon Prime\">\n            <\/div>\n<div class=\"flex items-center justify-center gap-x-1 font-bold md:justify-start\">\n            <span class=\"text-sm line-through\">1 349,99 $<\/span><br \/>\n            <span class=\"text-sm text-brand-green\">\u00c9conomisez 650,00 $<\/span>\n        <\/div>\n<\/p><\/div>\n<div class=\"flex w-full gap-x-5\">\n<div class=\"flex w-full flex-col flex-nowrap justify-center gap-2 text-black no-underline md:order-2 md:gap-y-6\">\n<div class=\"flex flex-col justify-between gap-y-2 md:w-full md:gap-y-1\">\n<div class=\"block font-sans text-xs font-semibold capitalize leading-3 text-gray-900 md:leading-4\">RAM: 16 Go, stockage: 512 Go SSD, processeur: Intel Core Ultra 7 155H, taille: 14 pouces.<\/div>\n<div class=\"block w-fit cursor-pointer font-akshar text-lg font-medium leading-5 text-brand-green duration-200 ease-in-out hover:text-brand-green-700 md:text-xl md:leading-6\">\n<p>                            Samsung Galaxy Book4 Pro, I7 Ultra Processeur\n                        <\/p><\/div>\n<\/p><\/div>\n<div class=\"hidden md:flex md:justify-between md:gap-x-4\">\n<div class=\"w-full mb-0 md:flex md:flex-col md:justify-center font-sans leading-4 text-black\">\n<div class=\"flex flex-wrap items-center justify-center gap-x-1 md:justify-start\">\n        <span class=\"font-bold\"><\/p>\n<p>            899,99 $<br \/>\n                            <span class=\"font-medium\">\u00e0 Amazon<\/span><br \/>\n                    <\/span><br \/>\n                    <img decoding=\"async\" class=\"mt-0 h-(15px)\" src=\"https:\/\/vieassociative.be\/actualites\/wp-content\/uploads\/2025\/02\/My-Amazon-Deal-de-la-journee-preferee-The-Samsung-Galaxy.svg.svg+xml\" title=\"Amazon Prime\" alt=\"Amazon Prime\">\n            <\/div>\n<div class=\"flex items-center justify-center gap-x-1 font-bold md:justify-start\">\n            <span class=\"text-sm line-through\">1 449,99 $<\/span><br \/>\n            <span class=\"text-sm text-brand-green\">\u00c9conomisez 550,00 $<\/span>\n        <\/div>\n<\/p><\/div>\n<p>                            <button class=\"flex justify-center items-center w-full bg-brand-green text-white text-base font-sans font-medium rounded-md hover:bg-brand-green-700 hover:cursor-pointer md:text-sm hidden self-end h-12 max-w-(10rem) duration-200 ease-in-out hover:bg-brand-green-700 md:flex md:h-10\"><\/p>\n<p>    Conclure un accord<br \/>\n<\/button>\n                        <\/div>\n<\/p><\/div>\n<div class=\"flex aspect-video h-(90px) shrink-0 items-center justify-center self-center md:order-1\">\n                        <img decoding=\"async\" class=\"m-0 max-h-full max-w-full rounded-md\" src=\"https:\/\/vieassociative.be\/actualites\/wp-content\/uploads\/2025\/02\/1739582323_48_My-Amazon-Deal-de-la-journee-preferee-The-Samsung-Galaxy.jpg\" alt=\"Samsung Galaxy Book4 Pro (Intel Core Ultra 7 155H, 512 Go SSD, 16 Go de RAM)\" width=\"auto\" height=\"auto\" loading=\"lazy\">\n                    <\/div>\n<\/p><\/div>\n<p>                            <button class=\"flex justify-center items-center w-full bg-brand-green text-white text-base font-sans font-medium rounded-md hover:bg-brand-green-700 hover:cursor-pointer md:text-sm w-full h-12 duration-200 ease-in-out hover:bg-brand-green-700 md:hidden md:h-10\"><\/p>\n<p>    Conclure un accord<br \/>\n<\/button><\/p>\n<div class=\"flex flex-col items-center w-full md:hidden font-sans leading-4 text-black\">\n<div class=\"flex flex-wrap items-center justify-center gap-x-1 md:justify-start\">\n        <span class=\"font-bold\"><\/p>\n<p>            899,99 $<br \/>\n                            <span class=\"font-medium\">\u00e0 Amazon<\/span><br \/>\n                    <\/span><br \/>\n                    <img decoding=\"async\" class=\"mt-0 h-(15px)\" src=\"https:\/\/vieassociative.be\/actualites\/wp-content\/uploads\/2025\/02\/My-Amazon-Deal-de-la-journee-preferee-The-Samsung-Galaxy.svg.svg+xml\" title=\"Amazon Prime\" alt=\"Amazon Prime\">\n            <\/div>\n<div class=\"flex items-center justify-center gap-x-1 font-bold md:justify-start\">\n            <span class=\"text-sm line-through\">1 449,99 $<\/span><br \/>\n            <span class=\"text-sm text-brand-green\">\u00c9conomisez 550,00 $<\/span>\n        <\/div>\n<\/p><\/div>\n<\/div>\n<p>Quel que soit celui que vous choisissez, 16 Go de RAM est fantastique. Si vous faites autre chose que de naviguer sur Internet, je vous sugg\u00e8re d&rsquo;opter pour le processeur I7 Ultra. Il \u00e9largira la vie de votre ordinateur portable et rendra votre travail beaucoup plus fluide.<\/p>\n<p>Le mod\u00e8le de 14 pouces est parfait pour ceux qui recherchent un ordinateur portable portable qui peut facilement tenir dans un sac \u00e0 dos. Vous obtenez un lecteur imprim\u00e9 pour ouvrir votre ordinateur portable, un \u00e9cran tactile anti-r\u00e9fl\u00e9chissant AMOLED avec une r\u00e9solution 2880 x 1800 (3k) et une webcam 1080p. Il a deux ports USB-C Thunderbolt 4, un HDMI 2.1, un USB-A 3.2, un microSD et une prise casque de 3,5 mm. <\/p>\n<p>Avec un \u00e9cran AMOLED, vous obtenez un bel contraste avec les noirs et les couleurs profonds qui apparaissent, ce qui le rend id\u00e9al pour le streaming. Le 120 Hz signifie que les sc\u00e8nes d&rsquo;action ou les jeux vid\u00e9o seront tr\u00e8s lisses. Gardez \u00e0 l&rsquo;esprit que les haut-parleurs ne sont pas bons, alors assurez-vous d&rsquo;avoir une paire d&rsquo;\u00e9couteurs d\u00e9cente.<\/p>\n<p>Vous obtiendrez en moyenne 14 heures d&rsquo;autonomie avec cet ordinateur portable lorsque vous regardez des vid\u00e9os, ce qui est excellent par rapport \u00e0 la comp\u00e9tition. Si vous faites un travail l\u00e9ger, attendez-vous \u00e0 plus d&rsquo;une journ\u00e9e de dur\u00e9e de vie de la batterie. <\/p>\n<p>Si vous cherchez un \u00e9quivalent Windows du MacBook Air avec une grande autonomie de batterie \u00e0 un prix tueur, cet ordinateur portable est pour vous.<\/p>\n","protected":false},"excerpt":{"rendered":"<p>Les mod\u00e8les de 14 et 16 pouces sont jusqu&rsquo;\u00e0 48% de r\u00e9duction. Le MacBook Air est un ordinateur portable de productivit\u00e9 portable de base que<\/p>\n","protected":false},"author":1,"featured_media":5124,"comment_status":"","ping_status":"","sticky":false,"template":"","format":"standard","meta":{"footnotes":""},"categories":[13],"tags":[51,5352,3630,4183,2877,52,630,1878],"class_list":["post-5123","post","type-post","status-publish","format-standard","has-post-thumbnail","hentry","category-technologie","tag-amazon","tag-book","tag-deal","tag-galaxy","tag-journee","tag-preferee","tag-pro","tag-samsung","generate-columns","tablet-grid-50","mobile-grid-100","grid-parent","grid-33"],"yoast_head":"<!-- This site is optimized with the Yoast SEO plugin v24.0 - https:\/\/yoast.com\/wordpress\/plugins\/seo\/ -->\n<title>My Amazon Deal de la journ\u00e9e pr\u00e9f\u00e9r\u00e9e: The Samsung Galaxy Book 4 Pro | Vie Associative<\/title>\n<meta name=\"robots\" content=\"index, follow, max-snippet:-1, max-image-preview:large, max-video-preview:-1\" \/>\n<link rel=\"canonical\" href=\"https:\/\/vieassociative.be\/actualites\/my-amazon-deal-de-la-journee-preferee-the-samsung-galaxy-book-4-pro\/\" \/>\n<meta property=\"og:locale\" content=\"fr_FR\" \/>\n<meta property=\"og:type\" content=\"article\" \/>\n<meta property=\"og:title\" content=\"My Amazon Deal de la journ\u00e9e pr\u00e9f\u00e9r\u00e9e: The Samsung Galaxy Book 4 Pro | Vie Associative\" \/>\n<meta property=\"og:description\" content=\"Les mod\u00e8les de 14 et 16 pouces sont jusqu&rsquo;\u00e0 48% de r\u00e9duction. Le MacBook Air est un ordinateur portable de productivit\u00e9 portable de base que\" \/>\n<meta property=\"og:url\" content=\"https:\/\/vieassociative.be\/actualites\/my-amazon-deal-de-la-journee-preferee-the-samsung-galaxy-book-4-pro\/\" \/>\n<meta property=\"og:site_name\" content=\"Vie Associative\" \/>\n<meta property=\"article:published_time\" content=\"2025-02-15T01:18:43+00:00\" \/>\n<meta property=\"og:image\" content=\"https:\/\/vieassociative.be\/actualites\/wp-content\/uploads\/2025\/02\/My-Amazon-Deal-de-la-journee-preferee-The-Samsung-Galaxy.svg.svg+xml\" \/>\n<meta name=\"author\" content=\"Julien\" \/>\n<meta name=\"twitter:card\" content=\"summary_large_image\" \/>\n<meta name=\"twitter:label1\" content=\"\u00c9crit par\" \/>\n\t<meta name=\"twitter:data1\" content=\"Julien\" \/>\n\t<meta name=\"twitter:label2\" content=\"Dur\u00e9e de lecture est.\" \/>\n\t<meta name=\"twitter:data2\" content=\"2 minutes\" \/>\n<script type=\"application\/ld+json\" class=\"yoast-schema-graph\">{\"@context\":\"https:\/\/schema.org\",\"@graph\":[{\"@type\":\"Article\",\"@id\":\"https:\/\/vieassociative.be\/actualites\/my-amazon-deal-de-la-journee-preferee-the-samsung-galaxy-book-4-pro\/#article\",\"isPartOf\":{\"@id\":\"https:\/\/vieassociative.be\/actualites\/my-amazon-deal-de-la-journee-preferee-the-samsung-galaxy-book-4-pro\/\"},\"author\":{\"name\":\"Julien\",\"@id\":\"https:\/\/vieassociative.be\/actualites\/#\/schema\/person\/b87ac4f82f9d4e7b7cec7395b679edc4\"},\"headline\":\"My Amazon Deal de la journ\u00e9e pr\u00e9f\u00e9r\u00e9e: The Samsung Galaxy Book 4 Pro\",\"datePublished\":\"2025-02-15T01:18:43+00:00\",\"dateModified\":\"2025-02-15T01:18:43+00:00\",\"mainEntityOfPage\":{\"@id\":\"https:\/\/vieassociative.be\/actualites\/my-amazon-deal-de-la-journee-preferee-the-samsung-galaxy-book-4-pro\/\"},\"wordCount\":432,\"publisher\":{\"@id\":\"https:\/\/vieassociative.be\/actualites\/#organization\"},\"image\":{\"@id\":\"https:\/\/vieassociative.be\/actualites\/my-amazon-deal-de-la-journee-preferee-the-samsung-galaxy-book-4-pro\/#primaryimage\"},\"thumbnailUrl\":\"https:\/\/vieassociative.be\/actualites\/wp-content\/uploads\/2025\/02\/My-Amazon-Deal-de-la-journee-preferee-The-Samsung-Galaxy.png\",\"keywords\":[\"Amazon\",\"Book\",\"Deal\",\"Galaxy\",\"journ\u00e9e\",\"pr\u00e9f\u00e9r\u00e9e\",\"Pro\",\"Samsung\"],\"articleSection\":[\"Technologie\"],\"inLanguage\":\"fr-BE\"},{\"@type\":\"WebPage\",\"@id\":\"https:\/\/vieassociative.be\/actualites\/my-amazon-deal-de-la-journee-preferee-the-samsung-galaxy-book-4-pro\/\",\"url\":\"https:\/\/vieassociative.be\/actualites\/my-amazon-deal-de-la-journee-preferee-the-samsung-galaxy-book-4-pro\/\",\"name\":\"My Amazon Deal de la journ\u00e9e pr\u00e9f\u00e9r\u00e9e: The Samsung Galaxy Book 4 Pro | Vie Associative\",\"isPartOf\":{\"@id\":\"https:\/\/vieassociative.be\/actualites\/#website\"},\"primaryImageOfPage\":{\"@id\":\"https:\/\/vieassociative.be\/actualites\/my-amazon-deal-de-la-journee-preferee-the-samsung-galaxy-book-4-pro\/#primaryimage\"},\"image\":{\"@id\":\"https:\/\/vieassociative.be\/actualites\/my-amazon-deal-de-la-journee-preferee-the-samsung-galaxy-book-4-pro\/#primaryimage\"},\"thumbnailUrl\":\"https:\/\/vieassociative.be\/actualites\/wp-content\/uploads\/2025\/02\/My-Amazon-Deal-de-la-journee-preferee-The-Samsung-Galaxy.png\",\"datePublished\":\"2025-02-15T01:18:43+00:00\",\"dateModified\":\"2025-02-15T01:18:43+00:00\",\"breadcrumb\":{\"@id\":\"https:\/\/vieassociative.be\/actualites\/my-amazon-deal-de-la-journee-preferee-the-samsung-galaxy-book-4-pro\/#breadcrumb\"},\"inLanguage\":\"fr-BE\",\"potentialAction\":[{\"@type\":\"ReadAction\",\"target\":[\"https:\/\/vieassociative.be\/actualites\/my-amazon-deal-de-la-journee-preferee-the-samsung-galaxy-book-4-pro\/\"]}]},{\"@type\":\"ImageObject\",\"inLanguage\":\"fr-BE\",\"@id\":\"https:\/\/vieassociative.be\/actualites\/my-amazon-deal-de-la-journee-preferee-the-samsung-galaxy-book-4-pro\/#primaryimage\",\"url\":\"https:\/\/vieassociative.be\/actualites\/wp-content\/uploads\/2025\/02\/My-Amazon-Deal-de-la-journee-preferee-The-Samsung-Galaxy.png\",\"contentUrl\":\"https:\/\/vieassociative.be\/actualites\/wp-content\/uploads\/2025\/02\/My-Amazon-Deal-de-la-journee-preferee-The-Samsung-Galaxy.png\",\"width\":1200,\"height\":675,\"caption\":\"My Amazon Deal de la journ\u00e9e pr\u00e9f\u00e9r\u00e9e: The Samsung Galaxy Book 4 Pro\"},{\"@type\":\"BreadcrumbList\",\"@id\":\"https:\/\/vieassociative.be\/actualites\/my-amazon-deal-de-la-journee-preferee-the-samsung-galaxy-book-4-pro\/#breadcrumb\",\"itemListElement\":[{\"@type\":\"ListItem\",\"position\":1,\"name\":\"Accueil\",\"item\":\"https:\/\/vieassociative.be\/actualites\/\"},{\"@type\":\"ListItem\",\"position\":2,\"name\":\"My Amazon Deal de la journ\u00e9e pr\u00e9f\u00e9r\u00e9e: The Samsung Galaxy Book 4 Pro\"}]},{\"@type\":\"WebSite\",\"@id\":\"https:\/\/vieassociative.be\/actualites\/#website\",\"url\":\"https:\/\/vieassociative.be\/actualites\/\",\"name\":\"Vie Associative\",\"description\":\"\",\"publisher\":{\"@id\":\"https:\/\/vieassociative.be\/actualites\/#organization\"},\"potentialAction\":[{\"@type\":\"SearchAction\",\"target\":{\"@type\":\"EntryPoint\",\"urlTemplate\":\"https:\/\/vieassociative.be\/actualites\/?s={search_term_string}\"},\"query-input\":{\"@type\":\"PropertyValueSpecification\",\"valueRequired\":true,\"valueName\":\"search_term_string\"}}],\"inLanguage\":\"fr-BE\"},{\"@type\":\"Organization\",\"@id\":\"https:\/\/vieassociative.be\/actualites\/#organization\",\"name\":\"Vie Associative\",\"url\":\"https:\/\/vieassociative.be\/actualites\/\",\"logo\":{\"@type\":\"ImageObject\",\"inLanguage\":\"fr-BE\",\"@id\":\"https:\/\/vieassociative.be\/actualites\/#\/schema\/logo\/image\/\",\"url\":\"https:\/\/vieassociative.be\/actualites\/wp-content\/uploads\/2024\/09\/cropped-vieassociative_favicon.ico.png\",\"contentUrl\":\"https:\/\/vieassociative.be\/actualites\/wp-content\/uploads\/2024\/09\/cropped-vieassociative_favicon.ico.png\",\"width\":512,\"height\":512,\"caption\":\"Vie Associative\"},\"image\":{\"@id\":\"https:\/\/vieassociative.be\/actualites\/#\/schema\/logo\/image\/\"}},{\"@type\":\"Person\",\"@id\":\"https:\/\/vieassociative.be\/actualites\/#\/schema\/person\/b87ac4f82f9d4e7b7cec7395b679edc4\",\"name\":\"Julien\",\"image\":{\"@type\":\"ImageObject\",\"inLanguage\":\"fr-BE\",\"@id\":\"https:\/\/vieassociative.be\/actualites\/#\/schema\/person\/image\/\",\"url\":\"https:\/\/vieassociative.be\/actualites\/wp-content\/uploads\/2024\/09\/vie-associative-1-150x150.jpg\",\"contentUrl\":\"https:\/\/vieassociative.be\/actualites\/wp-content\/uploads\/2024\/09\/vie-associative-1-150x150.jpg\",\"caption\":\"Julien\"},\"description\":\"Je suis Julien, r\u00e9dacteur pour Vie Associative. Passionn\u00e9 par le monde associatif depuis plus de 10 ans, j'ai \u00e0 c\u0153ur de partager des histoires inspirantes et de mettre en lumi\u00e8re les initiatives locales. Mon objectif est de sensibiliser et d'encourager l'engagement communautaire \u00e0 travers mes articles.\",\"sameAs\":[\"https:\/\/vieassociative.be\/\"]}]}<\/script>\n<!-- \/ Yoast SEO plugin. -->","yoast_head_json":{"title":"My Amazon Deal de la journ\u00e9e pr\u00e9f\u00e9r\u00e9e: The Samsung Galaxy Book 4 Pro | Vie Associative","robots":{"index":"index","follow":"follow","max-snippet":"max-snippet:-1","max-image-preview":"max-image-preview:large","max-video-preview":"max-video-preview:-1"},"canonical":"https:\/\/vieassociative.be\/actualites\/my-amazon-deal-de-la-journee-preferee-the-samsung-galaxy-book-4-pro\/","og_locale":"fr_FR","og_type":"article","og_title":"My Amazon Deal de la journ\u00e9e pr\u00e9f\u00e9r\u00e9e: The Samsung Galaxy Book 4 Pro | Vie Associative","og_description":"Les mod\u00e8les de 14 et 16 pouces sont jusqu&rsquo;\u00e0 48% de r\u00e9duction. Le MacBook Air est un ordinateur portable de productivit\u00e9 portable de base que","og_url":"https:\/\/vieassociative.be\/actualites\/my-amazon-deal-de-la-journee-preferee-the-samsung-galaxy-book-4-pro\/","og_site_name":"Vie Associative","article_published_time":"2025-02-15T01:18:43+00:00","og_image":[{"url":"https:\/\/vieassociative.be\/actualites\/wp-content\/uploads\/2025\/02\/My-Amazon-Deal-de-la-journee-preferee-The-Samsung-Galaxy.svg.svg+xml","type":"","width":"","height":""}],"author":"Julien","twitter_card":"summary_large_image","twitter_misc":{"\u00c9crit par":"Julien","Dur\u00e9e de lecture est.":"2 minutes"},"schema":{"@context":"https:\/\/schema.org","@graph":[{"@type":"Article","@id":"https:\/\/vieassociative.be\/actualites\/my-amazon-deal-de-la-journee-preferee-the-samsung-galaxy-book-4-pro\/#article","isPartOf":{"@id":"https:\/\/vieassociative.be\/actualites\/my-amazon-deal-de-la-journee-preferee-the-samsung-galaxy-book-4-pro\/"},"author":{"name":"Julien","@id":"https:\/\/vieassociative.be\/actualites\/#\/schema\/person\/b87ac4f82f9d4e7b7cec7395b679edc4"},"headline":"My Amazon Deal de la journ\u00e9e pr\u00e9f\u00e9r\u00e9e: The Samsung Galaxy Book 4 Pro","datePublished":"2025-02-15T01:18:43+00:00","dateModified":"2025-02-15T01:18:43+00:00","mainEntityOfPage":{"@id":"https:\/\/vieassociative.be\/actualites\/my-amazon-deal-de-la-journee-preferee-the-samsung-galaxy-book-4-pro\/"},"wordCount":432,"publisher":{"@id":"https:\/\/vieassociative.be\/actualites\/#organization"},"image":{"@id":"https:\/\/vieassociative.be\/actualites\/my-amazon-deal-de-la-journee-preferee-the-samsung-galaxy-book-4-pro\/#primaryimage"},"thumbnailUrl":"https:\/\/vieassociative.be\/actualites\/wp-content\/uploads\/2025\/02\/My-Amazon-Deal-de-la-journee-preferee-The-Samsung-Galaxy.png","keywords":["Amazon","Book","Deal","Galaxy","journ\u00e9e","pr\u00e9f\u00e9r\u00e9e","Pro","Samsung"],"articleSection":["Technologie"],"inLanguage":"fr-BE"},{"@type":"WebPage","@id":"https:\/\/vieassociative.be\/actualites\/my-amazon-deal-de-la-journee-preferee-the-samsung-galaxy-book-4-pro\/","url":"https:\/\/vieassociative.be\/actualites\/my-amazon-deal-de-la-journee-preferee-the-samsung-galaxy-book-4-pro\/","name":"My Amazon Deal de la journ\u00e9e pr\u00e9f\u00e9r\u00e9e: The Samsung Galaxy Book 4 Pro | Vie Associative","isPartOf":{"@id":"https:\/\/vieassociative.be\/actualites\/#website"},"primaryImageOfPage":{"@id":"https:\/\/vieassociative.be\/actualites\/my-amazon-deal-de-la-journee-preferee-the-samsung-galaxy-book-4-pro\/#primaryimage"},"image":{"@id":"https:\/\/vieassociative.be\/actualites\/my-amazon-deal-de-la-journee-preferee-the-samsung-galaxy-book-4-pro\/#primaryimage"},"thumbnailUrl":"https:\/\/vieassociative.be\/actualites\/wp-content\/uploads\/2025\/02\/My-Amazon-Deal-de-la-journee-preferee-The-Samsung-Galaxy.png","datePublished":"2025-02-15T01:18:43+00:00","dateModified":"2025-02-15T01:18:43+00:00","breadcrumb":{"@id":"https:\/\/vieassociative.be\/actualites\/my-amazon-deal-de-la-journee-preferee-the-samsung-galaxy-book-4-pro\/#breadcrumb"},"inLanguage":"fr-BE","potentialAction":[{"@type":"ReadAction","target":["https:\/\/vieassociative.be\/actualites\/my-amazon-deal-de-la-journee-preferee-the-samsung-galaxy-book-4-pro\/"]}]},{"@type":"ImageObject","inLanguage":"fr-BE","@id":"https:\/\/vieassociative.be\/actualites\/my-amazon-deal-de-la-journee-preferee-the-samsung-galaxy-book-4-pro\/#primaryimage","url":"https:\/\/vieassociative.be\/actualites\/wp-content\/uploads\/2025\/02\/My-Amazon-Deal-de-la-journee-preferee-The-Samsung-Galaxy.png","contentUrl":"https:\/\/vieassociative.be\/actualites\/wp-content\/uploads\/2025\/02\/My-Amazon-Deal-de-la-journee-preferee-The-Samsung-Galaxy.png","width":1200,"height":675,"caption":"My Amazon Deal de la journ\u00e9e pr\u00e9f\u00e9r\u00e9e: The Samsung Galaxy Book 4 Pro"},{"@type":"BreadcrumbList","@id":"https:\/\/vieassociative.be\/actualites\/my-amazon-deal-de-la-journee-preferee-the-samsung-galaxy-book-4-pro\/#breadcrumb","itemListElement":[{"@type":"ListItem","position":1,"name":"Accueil","item":"https:\/\/vieassociative.be\/actualites\/"},{"@type":"ListItem","position":2,"name":"My Amazon Deal de la journ\u00e9e pr\u00e9f\u00e9r\u00e9e: The Samsung Galaxy Book 4 Pro"}]},{"@type":"WebSite","@id":"https:\/\/vieassociative.be\/actualites\/#website","url":"https:\/\/vieassociative.be\/actualites\/","name":"Vie Associative","description":"","publisher":{"@id":"https:\/\/vieassociative.be\/actualites\/#organization"},"potentialAction":[{"@type":"SearchAction","target":{"@type":"EntryPoint","urlTemplate":"https:\/\/vieassociative.be\/actualites\/?s={search_term_string}"},"query-input":{"@type":"PropertyValueSpecification","valueRequired":true,"valueName":"search_term_string"}}],"inLanguage":"fr-BE"},{"@type":"Organization","@id":"https:\/\/vieassociative.be\/actualites\/#organization","name":"Vie Associative","url":"https:\/\/vieassociative.be\/actualites\/","logo":{"@type":"ImageObject","inLanguage":"fr-BE","@id":"https:\/\/vieassociative.be\/actualites\/#\/schema\/logo\/image\/","url":"https:\/\/vieassociative.be\/actualites\/wp-content\/uploads\/2024\/09\/cropped-vieassociative_favicon.ico.png","contentUrl":"https:\/\/vieassociative.be\/actualites\/wp-content\/uploads\/2024\/09\/cropped-vieassociative_favicon.ico.png","width":512,"height":512,"caption":"Vie Associative"},"image":{"@id":"https:\/\/vieassociative.be\/actualites\/#\/schema\/logo\/image\/"}},{"@type":"Person","@id":"https:\/\/vieassociative.be\/actualites\/#\/schema\/person\/b87ac4f82f9d4e7b7cec7395b679edc4","name":"Julien","image":{"@type":"ImageObject","inLanguage":"fr-BE","@id":"https:\/\/vieassociative.be\/actualites\/#\/schema\/person\/image\/","url":"https:\/\/vieassociative.be\/actualites\/wp-content\/uploads\/2024\/09\/vie-associative-1-150x150.jpg","contentUrl":"https:\/\/vieassociative.be\/actualites\/wp-content\/uploads\/2024\/09\/vie-associative-1-150x150.jpg","caption":"Julien"},"description":"Je suis Julien, r\u00e9dacteur pour Vie Associative. Passionn\u00e9 par le monde associatif depuis plus de 10 ans, j'ai \u00e0 c\u0153ur de partager des histoires inspirantes et de mettre en lumi\u00e8re les initiatives locales. Mon objectif est de sensibiliser et d'encourager l'engagement communautaire \u00e0 travers mes articles.","sameAs":["https:\/\/vieassociative.be\/"]}]}},"_links":{"self":[{"href":"https:\/\/vieassociative.be\/actualites\/wp-json\/wp\/v2\/posts\/5123"}],"collection":[{"href":"https:\/\/vieassociative.be\/actualites\/wp-json\/wp\/v2\/posts"}],"about":[{"href":"https:\/\/vieassociative.be\/actualites\/wp-json\/wp\/v2\/types\/post"}],"author":[{"embeddable":true,"href":"https:\/\/vieassociative.be\/actualites\/wp-json\/wp\/v2\/users\/1"}],"replies":[{"embeddable":true,"href":"https:\/\/vieassociative.be\/actualites\/wp-json\/wp\/v2\/comments?post=5123"}],"version-history":[{"count":0,"href":"https:\/\/vieassociative.be\/actualites\/wp-json\/wp\/v2\/posts\/5123\/revisions"}],"wp:featuredmedia":[{"embeddable":true,"href":"https:\/\/vieassociative.be\/actualites\/wp-json\/wp\/v2\/media\/5124"}],"wp:attachment":[{"href":"https:\/\/vieassociative.be\/actualites\/wp-json\/wp\/v2\/media?parent=5123"}],"wp:term":[{"taxonomy":"category","embeddable":true,"href":"https:\/\/vieassociative.be\/actualites\/wp-json\/wp\/v2\/categories?post=5123"},{"taxonomy":"post_tag","embeddable":true,"href":"https:\/\/vieassociative.be\/actualites\/wp-json\/wp\/v2\/tags?post=5123"}],"curies":[{"name":"wp","href":"https:\/\/api.w.org\/{rel}","templated":true}]}}