{"id":5119,"date":"2025-02-14T21:17:27","date_gmt":"2025-02-14T20:17:27","guid":{"rendered":"https:\/\/vieassociative.be\/actualites\/le-vice-de-trump-avertit-des-murs-de-feu-en-europe\/"},"modified":"2025-02-14T21:17:27","modified_gmt":"2025-02-14T20:17:27","slug":"le-vice-de-trump-avertit-des-murs-de-feu-en-europe","status":"publish","type":"post","link":"https:\/\/vieassociative.be\/actualites\/le-vice-de-trump-avertit-des-murs-de-feu-en-europe\/","title":{"rendered":"Le vice de Trump avertit des \u00ab\u00a0murs de feu\u00a0\u00bb en Europe"},"content":{"rendered":"<p><strong>Il s&rsquo;agit d&rsquo;une attaque sans pr\u00e9c\u00e9dent contre les alli\u00e9s europ\u00e9ens: le vice de Donald Trump les accuse de mettre en danger la d\u00e9mocratie &#8211; et utilise un terme central pour la campagne \u00e9lectorale allemande.<\/strong><\/p>\n<p><span id=\"more-408257\"><\/span>Le vice-pr\u00e9sident am\u00e9ricain JD Vance a inhabituellement averti les alli\u00e9s europ\u00e9ens \u00e0 la Conf\u00e9rence de s\u00e9curit\u00e9 de Munich contre une menace pour la d\u00e9mocratie. Il a indirectement r\u00e9f\u00e9r\u00e9 le d\u00e9bat allemand sur une d\u00e9limitation de l&rsquo;AFD.<\/p>\n<p>\u00ab\u00a0Il n&rsquo;y a pas d&rsquo;espace pour les murs de feu\u00a0\u00bb, a-t-il d\u00e9clar\u00e9. \u00ab\u00a0La d\u00e9mocratie est bas\u00e9e sur le principe sacr\u00e9 que la voix du peuple compte.\u00a0\u00bb Vous maintenez ce principe ou non. \u00ab\u00a0Nous ne devons pas avoir peur de nos citoyens, m\u00eame s&rsquo;ils expriment des points de vue qui ne correspondent pas \u00e0 leur leadership.\u00a0\u00bb<\/p>\n<div id=\"attachment_408262\" class=\"wp-caption alignleft\" style=\"max-width: 300px\"><img fetchpriority=\"high\" decoding=\"async\" class=\"wp-image-408262 size-medium\" src=\"https:\/\/vieassociative.be\/actualites\/wp-content\/uploads\/2025\/02\/Le-vice-de-Trump-avertit-des-murs-de-feu-en.jpg\" alt=\"\" width=\"300\" height=\"200\"><\/p>\n<p class=\"wp-caption-text\">14.02.2025, Munich: le vice-pr\u00e9sident am\u00e9ricain JD Vance (R) parle sur la touche de la Conf\u00e9rence de s\u00e9curit\u00e9 de Munich lors d&rsquo;une r\u00e9union bilat\u00e9rale avec le secr\u00e9taire g\u00e9n\u00e9ral de l&rsquo;OTAN, Mark Rutte. Photo: Matthias Schrader \/ AP \/ DPA<\/p>\n<\/div>\n<p><strong>&#8211; Vance rencontre les Europ\u00e9ens avec une contre-attaque:<\/strong> Avec son discours, Vance a surpris son public \u00e0 pr\u00e9dominance europ\u00e9enne \u00e0 l&rsquo;h\u00f4tel Bayerischer Hof. On s&rsquo;attendait \u00e0 ce qu&rsquo;il r\u00e9ponde aux probl\u00e8mes de s\u00e9curit\u00e9 urgents &#8211; des efforts de paix en Ukraine \u00e0 la division des charges dans les d\u00e9penses de d\u00e9fense. Cependant, il a pratiquement sauv\u00e9 la politique de s\u00e9curit\u00e9 et s&rsquo;est plut\u00f4t consacr\u00e9 \u00e0 la d\u00e9mocratie.<\/p>\n<p>Il a rencontr\u00e9 les Europ\u00e9ens avec une contre-attaque m\u00e9morable. Le nouveau gouvernement am\u00e9ricain du pr\u00e9sident Donald Trump rencontre des r\u00e9serves massives sur sa gestion de l&rsquo;\u00e9tat de droit et de la d\u00e9mocratie parmi la plupart des gouvernements de l&rsquo;UE. Apr\u00e8s sa d\u00e9faite \u00e9lectorale en 2020, le milliardaire n&rsquo;avait pas reconnu l&rsquo;issue des \u00e9lections et regard\u00e9 ses partisans \u00e0 une attaque contre le Parlement pour faire pencher le r\u00e9sultat des \u00e9lections. C&rsquo;est aussi Trump qui teste maintenant les limites du syst\u00e8me constitutionnel \u00e0 un rythme et \u00e0 l&rsquo;\u00e9tendue vertigineux au cours de son deuxi\u00e8me mandat.<\/p>\n<div id=\"attachment_391503\" class=\"wp-caption alignleft\" style=\"max-width: 300px\"><img decoding=\"async\" class=\"wp-image-391503 size-medium\" src=\"https:\/\/vieassociative.be\/actualites\/wp-content\/uploads\/2025\/02\/1739564247_358_Le-vice-de-Trump-avertit-des-murs-de-feu-en.jpg\" alt=\"\" width=\"300\" height=\"200\"><\/p>\n<p class=\"wp-caption-text\">15\/07\/2024, \u00c9tats-Unis, Milwaukee: Le candidat pr\u00e9sidentiel r\u00e9publicain et ancien pr\u00e9sident am\u00e9ricain Donald Trump et le candidat r\u00e9publicain vice-pr\u00e9sidentiel JD Vance participent au premier jour de la convention nationale r\u00e9publicaine. Photo: Evan Vucci \/ AP<\/p>\n<\/div>\n<p>Le pr\u00e9sident \u00e9teint compl\u00e8tement l&rsquo;appareil de l&rsquo;\u00c9tat, lib\u00e8re l&rsquo;assistant f\u00e9d\u00e9ral \u00e0 grande \u00e9chelle, qui n&rsquo;est pas inconditionnellement sur sa ligne, arr\u00eate les journalistes peu instruits sans le consentement du Congr\u00e8s des \u00c9tats-Unis au pays et \u00e0 l&rsquo;\u00e9tranger.<\/p>\n<p><strong>&#8211; \u00ab\u00a0\u00c0 Washington, il y a un nouveau sh\u00e9rif dans la ville\u00a0\u00bb:<\/strong> Vance a essay\u00e9 de tourner les tables dans son discours de Munich. Il a accus\u00e9 les alli\u00e9s europ\u00e9ens de poursuivre des opinions comme d\u00e9sinformation. Il est certainement important de mettre en place des capacit\u00e9s de d\u00e9fense, a-t-il d\u00e9clar\u00e9. Mais il n&rsquo;\u00e9tait pas principalement pr\u00e9occup\u00e9 par les acteurs externes. \u00ab\u00a0En raison du danger de l&rsquo;int\u00e9rieur, je crains que l&rsquo;Europe ne se retire de certaines des valeurs fondamentales, des valeurs partag\u00e9es avec les \u00c9tats-Unis\u00a0\u00bb, a-t-il dit: \u00ab\u00a0Nous devons faire plus que parler de Valeurs d\u00e9mocratiques, nous devons les vivre. \u00ab\u00a0<\/p>\n<p>Vance consid\u00e8re l&rsquo;immigration comme le probl\u00e8me le plus urgent pour l&rsquo;Europe et les \u00c9tats-Unis. Il a fait r\u00e9f\u00e9rence \u00e0 l&rsquo;attaque pr\u00e9sum\u00e9e \u00e0 Munich, o\u00f9 la veille d&rsquo;un Afghan avait conduit dans un groupe de manifestants en voiture.<\/p>\n<div id=\"attachment_408263\" class=\"wp-caption alignleft\" style=\"max-width: 300px\"><img decoding=\"async\" class=\"wp-image-408263 size-medium\" src=\"https:\/\/vieassociative.be\/actualites\/wp-content\/uploads\/2025\/02\/1739564247_938_Le-vice-de-Trump-avertit-des-murs-de-feu-en.jpg\" alt=\"\" width=\"300\" height=\"215\"><\/p>\n<p class=\"wp-caption-text\">13.02.2025, Bavi\u00e8re, Munich: le vice-pr\u00e9sident am\u00e9ricain JD Vance et son \u00e9pouse Usha Chilukuri Vance assistent \u00e0 l&rsquo;ancien camp de concentration de Dachau apr\u00e8s leur arriv\u00e9e en Bavi\u00e8re, afin de voir les victimes qui y avaient \u00e9t\u00e9 perdues et les survivants du terroriste national socialiste national Le r\u00e9gime et le 80e anniversaire de la lib\u00e9ration de l&rsquo;entrep\u00f4t pour comm\u00e9morer par les forces arm\u00e9es am\u00e9ricaines le 29 avril 1945. Photo: Peter Kneffel \/ DPA<\/p>\n<\/div>\n<p>\u00ab\u00a0\u00c0 quelle fr\u00e9quence devons-nous subir ces horribles revers avant de changer notre cours?\u00a0\u00bb Le gouvernement am\u00e9ricain du pr\u00e9sident Donald Trump entra\u00eene un cours difficile de politique de migration et de forcer l&rsquo;arrestation et la d\u00e9portation de personnes sans permis de s\u00e9jour. Le syst\u00e8me Trump a salu\u00e9 Vance avec la phrase: \u00ab\u00a0Washington est un nouveau sh\u00e9rif dans la ville.\u00a0\u00bb<\/p>\n<p><strong>&#8211; Vance rencontre Merz, mais pas Scholz:<\/strong> Vance avait exprim\u00e9 sa critique de la d\u00e9limitation de l&rsquo;AFD en Allemagne peu de temps avant son discours dans une interview sur le \u00ab\u00a0Wall Street Journal\u00a0\u00bb. Le m\u00e9dium am\u00e9ricain l&rsquo;avait cit\u00e9 avec les mots qu&rsquo;il exhortait les politiciens allemands \u00e0 travailler avec toutes les parties, y compris l&rsquo;AFD.<\/p>\n<p>Le terme \u00abmur de feu\u00bb repr\u00e9sente l&rsquo;exclusion des coalitions avec l&rsquo;AFD. \u00c9tant donn\u00e9 que le syndicat du Bundestag a apport\u00e9 un document sur la politique de migration avec le soutien de la partie qui a \u00e9t\u00e9 partiellement redress\u00e9e par la protection constitutionnelle dans le cadre de la protection constitutionnelle, il a \u00e9t\u00e9 examin\u00e9 si ce mur de pompiers tremble.<\/p>\n<p>En Belgique, on parle de \u00ab\u00a0Cordon Sanitaire\u00a0\u00bb, avec lesquels les parties s&rsquo;engagent \u00e0 ne pas entrer dans une coalition avec des partis extr\u00e9mistes tels que le \u00ab\u00a0Vlaam&rsquo;s Rank\u00a0\u00bb. Cependant, le \u00ab\u00a0Cordon Sanitaire\u00a0\u00bb a \u00e9t\u00e9 d\u00e9chir\u00e9 dans certaines communaut\u00e9s belges apr\u00e8s les \u00e9lections municipales d&rsquo;octobre 2024. (DPA \/ CRE)<\/p>\n<p><em><strong>Sur le sujet, voir \u00e9galement l&rsquo;article suivant sur OD:<\/strong><\/em><\/p>\n<div class=\"responsive-embed widescreen\">\n<blockquote class=\"wp-embedded-content\" data-secret=\"GPpxx87auZ\">\n<p>O\u00f9 est la r\u00e9sistance \u00e0 Trump aux \u00c9tats-Unis?<\/p>\n<\/blockquote>\n<p><iframe loading=\"lazy\" class=\"wp-embedded-content\" sandbox=\"allow-scripts\" security=\"restricted\" style=\"position: absolute; visibility: hidden;\" title=\"\u201eWo bleibt in den USA der Widerstand gegen Trump?\u201c \u2014 Ostbelgien Direkt\" src=\"https:\/\/ostbelgiendirekt.be\/about:blank\" data-secret=\"GPpxx87auZ\" width=\"500\" height=\"282\" frameborder=\"0\" marginwidth=\"0\" marginheight=\"0\" scrolling=\"no\" data-rocket-lazyload=\"fitvidscompatible\" data-lazy-src=\"https:\/\/ostbelgiendirekt.be\/trump-bestraft-nachrichtenagentur-408106\/embed#?secret=eh4Qo3hA8Q#?secret=GPpxx87auZ\"><\/iframe><noscript><iframe class=\"wp-embedded-content\" sandbox=\"allow-scripts\" security=\"restricted\" style=\"position: absolute; visibility: hidden;\" title=\"\u201eWo bleibt in den USA der Widerstand gegen Trump?\u201c \u2014 Ostbelgien Direkt\" src=\"https:\/\/ostbelgiendirekt.be\/trump-bestraft-nachrichtenagentur-408106\/embed#?secret=eh4Qo3hA8Q#?secret=GPpxx87auZ\" data-secret=\"GPpxx87auZ\" width=\"500\" height=\"282\" frameborder=\"0\" marginwidth=\"0\" marginheight=\"0\" scrolling=\"no\"><\/iframe><\/noscript><\/p>\n<\/div>\n","protected":false},"excerpt":{"rendered":"<p>Il s&rsquo;agit d&rsquo;une attaque sans pr\u00e9c\u00e9dent contre les alli\u00e9s europ\u00e9ens: le vice de Donald Trump les accuse de mettre en danger la d\u00e9mocratie &#8211; et<\/p>\n","protected":false},"author":1,"featured_media":5120,"comment_status":"","ping_status":"","sticky":false,"template":"","format":"standard","meta":{"footnotes":""},"categories":[298],"tags":[5349,29,5351,2114,5350,2425,2495],"class_list":["post-5119","post","type-post","status-publish","format-standard","has-post-thumbnail","hentry","category-belgique","tag-avertit","tag-des","tag-europe","tag-feu","tag-murs","tag-trump","tag-vice","generate-columns","tablet-grid-50","mobile-grid-100","grid-parent","grid-33"],"yoast_head":"<!-- This site is optimized with the Yoast SEO plugin v24.0 - https:\/\/yoast.com\/wordpress\/plugins\/seo\/ -->\n<title>Le vice de Trump avertit des &quot;murs de feu&quot; en Europe | Vie Associative<\/title>\n<meta name=\"robots\" content=\"index, follow, max-snippet:-1, max-image-preview:large, max-video-preview:-1\" \/>\n<link rel=\"canonical\" href=\"https:\/\/vieassociative.be\/actualites\/le-vice-de-trump-avertit-des-murs-de-feu-en-europe\/\" \/>\n<meta property=\"og:locale\" content=\"fr_FR\" \/>\n<meta property=\"og:type\" content=\"article\" \/>\n<meta property=\"og:title\" content=\"Le vice de Trump avertit des &quot;murs de feu&quot; en Europe | Vie Associative\" \/>\n<meta property=\"og:description\" content=\"Il s&rsquo;agit d&rsquo;une attaque sans pr\u00e9c\u00e9dent contre les alli\u00e9s europ\u00e9ens: le vice de Donald Trump les accuse de mettre en danger la d\u00e9mocratie &#8211; et\" \/>\n<meta property=\"og:url\" content=\"https:\/\/vieassociative.be\/actualites\/le-vice-de-trump-avertit-des-murs-de-feu-en-europe\/\" \/>\n<meta property=\"og:site_name\" content=\"Vie Associative\" \/>\n<meta property=\"article:published_time\" content=\"2025-02-14T20:17:27+00:00\" \/>\n<meta property=\"og:image\" content=\"https:\/\/vieassociative.be\/actualites\/wp-content\/uploads\/2024\/09\/header_backgroundk-01-e1726694325946.png\" \/>\n\t<meta property=\"og:image:width\" content=\"279\" \/>\n\t<meta property=\"og:image:height\" content=\"92\" \/>\n\t<meta property=\"og:image:type\" content=\"image\/png\" \/>\n<meta name=\"author\" content=\"Julien\" \/>\n<meta name=\"twitter:card\" content=\"summary_large_image\" \/>\n<meta name=\"twitter:label1\" content=\"\u00c9crit par\" \/>\n\t<meta name=\"twitter:data1\" content=\"Julien\" \/>\n\t<meta name=\"twitter:label2\" content=\"Dur\u00e9e de lecture est.\" \/>\n\t<meta name=\"twitter:data2\" content=\"5 minutes\" \/>\n<script type=\"application\/ld+json\" class=\"yoast-schema-graph\">{\"@context\":\"https:\/\/schema.org\",\"@graph\":[{\"@type\":\"Article\",\"@id\":\"https:\/\/vieassociative.be\/actualites\/le-vice-de-trump-avertit-des-murs-de-feu-en-europe\/#article\",\"isPartOf\":{\"@id\":\"https:\/\/vieassociative.be\/actualites\/le-vice-de-trump-avertit-des-murs-de-feu-en-europe\/\"},\"author\":{\"name\":\"Julien\",\"@id\":\"https:\/\/vieassociative.be\/actualites\/#\/schema\/person\/b87ac4f82f9d4e7b7cec7395b679edc4\"},\"headline\":\"Le vice de Trump avertit des \u00ab\u00a0murs de feu\u00a0\u00bb en Europe\",\"datePublished\":\"2025-02-14T20:17:27+00:00\",\"dateModified\":\"2025-02-14T20:17:27+00:00\",\"mainEntityOfPage\":{\"@id\":\"https:\/\/vieassociative.be\/actualites\/le-vice-de-trump-avertit-des-murs-de-feu-en-europe\/\"},\"wordCount\":975,\"publisher\":{\"@id\":\"https:\/\/vieassociative.be\/actualites\/#organization\"},\"image\":{\"@id\":\"https:\/\/vieassociative.be\/actualites\/le-vice-de-trump-avertit-des-murs-de-feu-en-europe\/#primaryimage\"},\"thumbnailUrl\":\"https:\/\/vieassociative.be\/actualites\/wp-content\/uploads\/2025\/02\/1739564247_Le-vice-de-Trump-avertit-des-murs-de-feu-en.jpg\",\"keywords\":[\"avertit\",\"Des\",\"Europe\",\"feu\",\"murs\",\"Trump\",\"vice\"],\"articleSection\":[\"Belgique\"],\"inLanguage\":\"fr-BE\"},{\"@type\":\"WebPage\",\"@id\":\"https:\/\/vieassociative.be\/actualites\/le-vice-de-trump-avertit-des-murs-de-feu-en-europe\/\",\"url\":\"https:\/\/vieassociative.be\/actualites\/le-vice-de-trump-avertit-des-murs-de-feu-en-europe\/\",\"name\":\"Le vice de Trump avertit des \\\"murs de feu\\\" en Europe | Vie Associative\",\"isPartOf\":{\"@id\":\"https:\/\/vieassociative.be\/actualites\/#website\"},\"primaryImageOfPage\":{\"@id\":\"https:\/\/vieassociative.be\/actualites\/le-vice-de-trump-avertit-des-murs-de-feu-en-europe\/#primaryimage\"},\"image\":{\"@id\":\"https:\/\/vieassociative.be\/actualites\/le-vice-de-trump-avertit-des-murs-de-feu-en-europe\/#primaryimage\"},\"thumbnailUrl\":\"https:\/\/vieassociative.be\/actualites\/wp-content\/uploads\/2025\/02\/1739564247_Le-vice-de-Trump-avertit-des-murs-de-feu-en.jpg\",\"datePublished\":\"2025-02-14T20:17:27+00:00\",\"dateModified\":\"2025-02-14T20:17:27+00:00\",\"breadcrumb\":{\"@id\":\"https:\/\/vieassociative.be\/actualites\/le-vice-de-trump-avertit-des-murs-de-feu-en-europe\/#breadcrumb\"},\"inLanguage\":\"fr-BE\",\"potentialAction\":[{\"@type\":\"ReadAction\",\"target\":[\"https:\/\/vieassociative.be\/actualites\/le-vice-de-trump-avertit-des-murs-de-feu-en-europe\/\"]}]},{\"@type\":\"ImageObject\",\"inLanguage\":\"fr-BE\",\"@id\":\"https:\/\/vieassociative.be\/actualites\/le-vice-de-trump-avertit-des-murs-de-feu-en-europe\/#primaryimage\",\"url\":\"https:\/\/vieassociative.be\/actualites\/wp-content\/uploads\/2025\/02\/1739564247_Le-vice-de-Trump-avertit-des-murs-de-feu-en.jpg\",\"contentUrl\":\"https:\/\/vieassociative.be\/actualites\/wp-content\/uploads\/2025\/02\/1739564247_Le-vice-de-Trump-avertit-des-murs-de-feu-en.jpg\",\"width\":1200,\"height\":736,\"caption\":\"Le vice de Trump avertit des \\\"murs de feu\\\" en Europe\"},{\"@type\":\"BreadcrumbList\",\"@id\":\"https:\/\/vieassociative.be\/actualites\/le-vice-de-trump-avertit-des-murs-de-feu-en-europe\/#breadcrumb\",\"itemListElement\":[{\"@type\":\"ListItem\",\"position\":1,\"name\":\"Accueil\",\"item\":\"https:\/\/vieassociative.be\/actualites\/\"},{\"@type\":\"ListItem\",\"position\":2,\"name\":\"Le vice de Trump avertit des \u00ab\u00a0murs de feu\u00a0\u00bb en Europe\"}]},{\"@type\":\"WebSite\",\"@id\":\"https:\/\/vieassociative.be\/actualites\/#website\",\"url\":\"https:\/\/vieassociative.be\/actualites\/\",\"name\":\"Vie Associative\",\"description\":\"\",\"publisher\":{\"@id\":\"https:\/\/vieassociative.be\/actualites\/#organization\"},\"potentialAction\":[{\"@type\":\"SearchAction\",\"target\":{\"@type\":\"EntryPoint\",\"urlTemplate\":\"https:\/\/vieassociative.be\/actualites\/?s={search_term_string}\"},\"query-input\":{\"@type\":\"PropertyValueSpecification\",\"valueRequired\":true,\"valueName\":\"search_term_string\"}}],\"inLanguage\":\"fr-BE\"},{\"@type\":\"Organization\",\"@id\":\"https:\/\/vieassociative.be\/actualites\/#organization\",\"name\":\"Vie Associative\",\"url\":\"https:\/\/vieassociative.be\/actualites\/\",\"logo\":{\"@type\":\"ImageObject\",\"inLanguage\":\"fr-BE\",\"@id\":\"https:\/\/vieassociative.be\/actualites\/#\/schema\/logo\/image\/\",\"url\":\"https:\/\/vieassociative.be\/actualites\/wp-content\/uploads\/2024\/09\/cropped-vieassociative_favicon.ico.png\",\"contentUrl\":\"https:\/\/vieassociative.be\/actualites\/wp-content\/uploads\/2024\/09\/cropped-vieassociative_favicon.ico.png\",\"width\":512,\"height\":512,\"caption\":\"Vie Associative\"},\"image\":{\"@id\":\"https:\/\/vieassociative.be\/actualites\/#\/schema\/logo\/image\/\"}},{\"@type\":\"Person\",\"@id\":\"https:\/\/vieassociative.be\/actualites\/#\/schema\/person\/b87ac4f82f9d4e7b7cec7395b679edc4\",\"name\":\"Julien\",\"image\":{\"@type\":\"ImageObject\",\"inLanguage\":\"fr-BE\",\"@id\":\"https:\/\/vieassociative.be\/actualites\/#\/schema\/person\/image\/\",\"url\":\"https:\/\/vieassociative.be\/actualites\/wp-content\/uploads\/2024\/09\/vie-associative-1-150x150.jpg\",\"contentUrl\":\"https:\/\/vieassociative.be\/actualites\/wp-content\/uploads\/2024\/09\/vie-associative-1-150x150.jpg\",\"caption\":\"Julien\"},\"description\":\"Je suis Julien, r\u00e9dacteur pour Vie Associative. Passionn\u00e9 par le monde associatif depuis plus de 10 ans, j'ai \u00e0 c\u0153ur de partager des histoires inspirantes et de mettre en lumi\u00e8re les initiatives locales. Mon objectif est de sensibiliser et d'encourager l'engagement communautaire \u00e0 travers mes articles.\",\"sameAs\":[\"https:\/\/vieassociative.be\/\"]}]}<\/script>\n<!-- \/ Yoast SEO plugin. -->","yoast_head_json":{"title":"Le vice de Trump avertit des \"murs de feu\" en Europe | Vie Associative","robots":{"index":"index","follow":"follow","max-snippet":"max-snippet:-1","max-image-preview":"max-image-preview:large","max-video-preview":"max-video-preview:-1"},"canonical":"https:\/\/vieassociative.be\/actualites\/le-vice-de-trump-avertit-des-murs-de-feu-en-europe\/","og_locale":"fr_FR","og_type":"article","og_title":"Le vice de Trump avertit des \"murs de feu\" en Europe | Vie Associative","og_description":"Il s&rsquo;agit d&rsquo;une attaque sans pr\u00e9c\u00e9dent contre les alli\u00e9s europ\u00e9ens: le vice de Donald Trump les accuse de mettre en danger la d\u00e9mocratie &#8211; et","og_url":"https:\/\/vieassociative.be\/actualites\/le-vice-de-trump-avertit-des-murs-de-feu-en-europe\/","og_site_name":"Vie Associative","article_published_time":"2025-02-14T20:17:27+00:00","og_image":[{"width":279,"height":92,"url":"https:\/\/vieassociative.be\/actualites\/wp-content\/uploads\/2024\/09\/header_backgroundk-01-e1726694325946.png","type":"image\/png"}],"author":"Julien","twitter_card":"summary_large_image","twitter_misc":{"\u00c9crit par":"Julien","Dur\u00e9e de lecture est.":"5 minutes"},"schema":{"@context":"https:\/\/schema.org","@graph":[{"@type":"Article","@id":"https:\/\/vieassociative.be\/actualites\/le-vice-de-trump-avertit-des-murs-de-feu-en-europe\/#article","isPartOf":{"@id":"https:\/\/vieassociative.be\/actualites\/le-vice-de-trump-avertit-des-murs-de-feu-en-europe\/"},"author":{"name":"Julien","@id":"https:\/\/vieassociative.be\/actualites\/#\/schema\/person\/b87ac4f82f9d4e7b7cec7395b679edc4"},"headline":"Le vice de Trump avertit des \u00ab\u00a0murs de feu\u00a0\u00bb en Europe","datePublished":"2025-02-14T20:17:27+00:00","dateModified":"2025-02-14T20:17:27+00:00","mainEntityOfPage":{"@id":"https:\/\/vieassociative.be\/actualites\/le-vice-de-trump-avertit-des-murs-de-feu-en-europe\/"},"wordCount":975,"publisher":{"@id":"https:\/\/vieassociative.be\/actualites\/#organization"},"image":{"@id":"https:\/\/vieassociative.be\/actualites\/le-vice-de-trump-avertit-des-murs-de-feu-en-europe\/#primaryimage"},"thumbnailUrl":"https:\/\/vieassociative.be\/actualites\/wp-content\/uploads\/2025\/02\/1739564247_Le-vice-de-Trump-avertit-des-murs-de-feu-en.jpg","keywords":["avertit","Des","Europe","feu","murs","Trump","vice"],"articleSection":["Belgique"],"inLanguage":"fr-BE"},{"@type":"WebPage","@id":"https:\/\/vieassociative.be\/actualites\/le-vice-de-trump-avertit-des-murs-de-feu-en-europe\/","url":"https:\/\/vieassociative.be\/actualites\/le-vice-de-trump-avertit-des-murs-de-feu-en-europe\/","name":"Le vice de Trump avertit des \"murs de feu\" en Europe | Vie Associative","isPartOf":{"@id":"https:\/\/vieassociative.be\/actualites\/#website"},"primaryImageOfPage":{"@id":"https:\/\/vieassociative.be\/actualites\/le-vice-de-trump-avertit-des-murs-de-feu-en-europe\/#primaryimage"},"image":{"@id":"https:\/\/vieassociative.be\/actualites\/le-vice-de-trump-avertit-des-murs-de-feu-en-europe\/#primaryimage"},"thumbnailUrl":"https:\/\/vieassociative.be\/actualites\/wp-content\/uploads\/2025\/02\/1739564247_Le-vice-de-Trump-avertit-des-murs-de-feu-en.jpg","datePublished":"2025-02-14T20:17:27+00:00","dateModified":"2025-02-14T20:17:27+00:00","breadcrumb":{"@id":"https:\/\/vieassociative.be\/actualites\/le-vice-de-trump-avertit-des-murs-de-feu-en-europe\/#breadcrumb"},"inLanguage":"fr-BE","potentialAction":[{"@type":"ReadAction","target":["https:\/\/vieassociative.be\/actualites\/le-vice-de-trump-avertit-des-murs-de-feu-en-europe\/"]}]},{"@type":"ImageObject","inLanguage":"fr-BE","@id":"https:\/\/vieassociative.be\/actualites\/le-vice-de-trump-avertit-des-murs-de-feu-en-europe\/#primaryimage","url":"https:\/\/vieassociative.be\/actualites\/wp-content\/uploads\/2025\/02\/1739564247_Le-vice-de-Trump-avertit-des-murs-de-feu-en.jpg","contentUrl":"https:\/\/vieassociative.be\/actualites\/wp-content\/uploads\/2025\/02\/1739564247_Le-vice-de-Trump-avertit-des-murs-de-feu-en.jpg","width":1200,"height":736,"caption":"Le vice de Trump avertit des \"murs de feu\" en Europe"},{"@type":"BreadcrumbList","@id":"https:\/\/vieassociative.be\/actualites\/le-vice-de-trump-avertit-des-murs-de-feu-en-europe\/#breadcrumb","itemListElement":[{"@type":"ListItem","position":1,"name":"Accueil","item":"https:\/\/vieassociative.be\/actualites\/"},{"@type":"ListItem","position":2,"name":"Le vice de Trump avertit des \u00ab\u00a0murs de feu\u00a0\u00bb en Europe"}]},{"@type":"WebSite","@id":"https:\/\/vieassociative.be\/actualites\/#website","url":"https:\/\/vieassociative.be\/actualites\/","name":"Vie Associative","description":"","publisher":{"@id":"https:\/\/vieassociative.be\/actualites\/#organization"},"potentialAction":[{"@type":"SearchAction","target":{"@type":"EntryPoint","urlTemplate":"https:\/\/vieassociative.be\/actualites\/?s={search_term_string}"},"query-input":{"@type":"PropertyValueSpecification","valueRequired":true,"valueName":"search_term_string"}}],"inLanguage":"fr-BE"},{"@type":"Organization","@id":"https:\/\/vieassociative.be\/actualites\/#organization","name":"Vie Associative","url":"https:\/\/vieassociative.be\/actualites\/","logo":{"@type":"ImageObject","inLanguage":"fr-BE","@id":"https:\/\/vieassociative.be\/actualites\/#\/schema\/logo\/image\/","url":"https:\/\/vieassociative.be\/actualites\/wp-content\/uploads\/2024\/09\/cropped-vieassociative_favicon.ico.png","contentUrl":"https:\/\/vieassociative.be\/actualites\/wp-content\/uploads\/2024\/09\/cropped-vieassociative_favicon.ico.png","width":512,"height":512,"caption":"Vie Associative"},"image":{"@id":"https:\/\/vieassociative.be\/actualites\/#\/schema\/logo\/image\/"}},{"@type":"Person","@id":"https:\/\/vieassociative.be\/actualites\/#\/schema\/person\/b87ac4f82f9d4e7b7cec7395b679edc4","name":"Julien","image":{"@type":"ImageObject","inLanguage":"fr-BE","@id":"https:\/\/vieassociative.be\/actualites\/#\/schema\/person\/image\/","url":"https:\/\/vieassociative.be\/actualites\/wp-content\/uploads\/2024\/09\/vie-associative-1-150x150.jpg","contentUrl":"https:\/\/vieassociative.be\/actualites\/wp-content\/uploads\/2024\/09\/vie-associative-1-150x150.jpg","caption":"Julien"},"description":"Je suis Julien, r\u00e9dacteur pour Vie Associative. Passionn\u00e9 par le monde associatif depuis plus de 10 ans, j'ai \u00e0 c\u0153ur de partager des histoires inspirantes et de mettre en lumi\u00e8re les initiatives locales. Mon objectif est de sensibiliser et d'encourager l'engagement communautaire \u00e0 travers mes articles.","sameAs":["https:\/\/vieassociative.be\/"]}]}},"_links":{"self":[{"href":"https:\/\/vieassociative.be\/actualites\/wp-json\/wp\/v2\/posts\/5119"}],"collection":[{"href":"https:\/\/vieassociative.be\/actualites\/wp-json\/wp\/v2\/posts"}],"about":[{"href":"https:\/\/vieassociative.be\/actualites\/wp-json\/wp\/v2\/types\/post"}],"author":[{"embeddable":true,"href":"https:\/\/vieassociative.be\/actualites\/wp-json\/wp\/v2\/users\/1"}],"replies":[{"embeddable":true,"href":"https:\/\/vieassociative.be\/actualites\/wp-json\/wp\/v2\/comments?post=5119"}],"version-history":[{"count":0,"href":"https:\/\/vieassociative.be\/actualites\/wp-json\/wp\/v2\/posts\/5119\/revisions"}],"wp:featuredmedia":[{"embeddable":true,"href":"https:\/\/vieassociative.be\/actualites\/wp-json\/wp\/v2\/media\/5120"}],"wp:attachment":[{"href":"https:\/\/vieassociative.be\/actualites\/wp-json\/wp\/v2\/media?parent=5119"}],"wp:term":[{"taxonomy":"category","embeddable":true,"href":"https:\/\/vieassociative.be\/actualites\/wp-json\/wp\/v2\/categories?post=5119"},{"taxonomy":"post_tag","embeddable":true,"href":"https:\/\/vieassociative.be\/actualites\/wp-json\/wp\/v2\/tags?post=5119"}],"curies":[{"name":"wp","href":"https:\/\/api.w.org\/{rel}","templated":true}]}}