{"id":5110,"date":"2025-02-14T15:18:46","date_gmt":"2025-02-14T14:18:46","guid":{"rendered":"https:\/\/vieassociative.be\/actualites\/cabaret-group-tout-le-monde-si-la-culture-est-amusante-et-que-la-dg-ne-coute-rien-un-nouveau-programme\/"},"modified":"2025-02-14T15:18:46","modified_gmt":"2025-02-14T14:18:46","slug":"cabaret-group-tout-le-monde-si-la-culture-est-amusante-et-que-la-dg-ne-coute-rien-un-nouveau-programme","status":"publish","type":"post","link":"https:\/\/vieassociative.be\/actualites\/cabaret-group-tout-le-monde-si-la-culture-est-amusante-et-que-la-dg-ne-coute-rien-un-nouveau-programme\/","title":{"rendered":"Cabaret Group \u00ab\u00a0Tout le monde\u00a0\u00bb: si la culture est amusante et que la DG ne co\u00fbte rien &#8211; un nouveau programme"},"content":{"rendered":"<p><strong>Le moment est revenu: en mars et avril, un total de neuf repr\u00e9sentations du groupe de cabaret, tout le monde aura lieu dans le foyer du J\u00fcngelshaus.<\/strong><\/p>\n<p><span id=\"more-408189\"><\/span>Les batailles \u00e9lectorales 2024 sont battues. Apr\u00e8s un record de n\u00e9gociations de coalition rapide ou sans rel\u00e2che et dur, il cristallise qui aime qui pr\u00e9f\u00e9rerait divorcer ou qui a simplement mis le tabouret \u00e0 la porte &#8211; des sujets sur lesquels tout le monde peut \u00e9puiser et illuminer l&rsquo;arri\u00e8re-plan.<\/p>\n<div id=\"attachment_346585\" class=\"wp-caption alignleft\" style=\"max-width: 300px\"><img fetchpriority=\"high\" decoding=\"async\" class=\"wp-image-346585 size-medium\" src=\"https:\/\/vieassociative.be\/actualites\/wp-content\/uploads\/2025\/02\/Cabaret-Group-Tout-le-monde-si-la-culture-est-amusante.jpeg\" alt=\"\" width=\"300\" height=\"225\"><\/p>\n<p class=\"wp-caption-text\">Odilia Gielen (en tant que balayeuse) et Edgar Paulus (en tant que chef Lapatsch) dans leur paradis respectif. (Photos: OD<\/p>\n<\/div>\n<p>Les gens \u00e9tonn\u00e9s sont toujours id\u00e9aux. Apr\u00e8s la Sweden Coalition, la Jama\u00efque, les feux de circulation et l&rsquo;Arizona, vous pouvez conna\u00eetre le monde color\u00e9 des drapeaux et des couleurs avec beaucoup d&rsquo;imagination gr\u00e2ce \u00e0 ce \u00abjeu\u00bb politique. Malheureusement, la couleur \u00ab\u00a0marron\u00a0\u00bb entre en jeu de plus en plus. Et le Vatikani blanc-blanc du pape se permet \u00e9galement un faux pas apr\u00e8s l&rsquo;autre lors de la visite de notre pays &#8230;<\/p>\n<p>Tout le monde a examin\u00e9 de plus pr\u00e8s les couleurs de l&rsquo;ann\u00e9e \u00e9coul\u00e9e et a examin\u00e9 les \u0153uvres d&rsquo;art qui ont \u00e9t\u00e9 cr\u00e9\u00e9es de cette mani\u00e8re avec une vision experte nette sur son chemin. Et les \u00c9tats: \u00e0 la fin, la couleur blues est!<\/p>\n<p>La premi\u00e8re du nouveau programme de tout le monde aura lieu le 14 mars dans le foyer du J\u00fcngelingshaus, Neustra\u00dfe 86 \u00e0 Eupen:<\/p>\n<ul>\n<li>Vendredi 14 mars 2025 20 h<\/li>\n<li>Samedi 15 mars 2025 19 h 00<\/li>\n<li>Dimanche 16 mars 2025 19 h<\/li>\n<li>Vendredi 21 mars 2025 20 h<\/li>\n<li>Samedi 22\/03\/2025 19 h<\/li>\n<li>Dimanche 23 mars 2025 19 h<\/li>\n<li>Vendredi 28 mars 2025 20 h<\/li>\n<li>Dimanche 30\/03\/2025 19 h<\/li>\n<li>Dimanche 6 avril 2025 19 h 00<\/li>\n<\/ul>\n<p><strong>Prix \u200b\u200bd&rsquo;admission: <\/strong>10 euros<\/p>\n<p><strong>Ventes de billets<\/strong>: KGL. Comit\u00e9 culturel de la ville d&rsquo;Eupen, Neustra\u00dfe 86 \u00e0 Eupen ou sur Internet \u00e0 <u>https:\/\/www.kultkom.be\/veranstaltungen\/Jedermann<\/u><\/p>\n<p>En parlant de tout le monde: \u00e0 l&rsquo;occasion du d\u00e9but du nouveau programme sur sc\u00e8ne, vous devez vous rappeler \u00e0 nouveau combien tout le monde co\u00fbte la DG dans une subvention chaque ann\u00e9e, \u00e0 savoir exactement 0,00 euros! L&rsquo;ind\u00e9pendance a son prix &#8230; (CR)<\/p>\n<p><em><strong>Sur le sujet, voir \u00e9galement l&rsquo;article suivant sur OD:<\/strong><\/em><\/p>\n<div class=\"responsive-embed widescreen\">\n<blockquote class=\"wp-embedded-content\" data-secret=\"cZ50VEn7p4\">\n<p>La DG est-elle un pays de culture? (Interjection)<\/p>\n<\/blockquote>\n<p><iframe loading=\"lazy\" class=\"wp-embedded-content\" sandbox=\"allow-scripts\" security=\"restricted\" style=\"position: absolute; visibility: hidden;\" title=\"\u201eIst die DG ein Kulturschlaraffenland? (Zwischenruf)\u201c \u2014 Ostbelgien Direkt\" src=\"https:\/\/ostbelgiendirekt.be\/about:blank\" data-secret=\"cZ50VEn7p4\" width=\"500\" height=\"282\" frameborder=\"0\" marginwidth=\"0\" marginheight=\"0\" scrolling=\"no\" data-rocket-lazyload=\"fitvidscompatible\" data-lazy-src=\"https:\/\/ostbelgiendirekt.be\/kulturschlaraffenland-dg-403835\/embed#?secret=OjzCdaDRGs#?secret=cZ50VEn7p4\"><\/iframe><noscript><iframe class=\"wp-embedded-content\" sandbox=\"allow-scripts\" security=\"restricted\" style=\"position: absolute; visibility: hidden;\" title=\"\u201eIst die DG ein Kulturschlaraffenland? (Zwischenruf)\u201c \u2014 Ostbelgien Direkt\" src=\"https:\/\/ostbelgiendirekt.be\/kulturschlaraffenland-dg-403835\/embed#?secret=OjzCdaDRGs#?secret=cZ50VEn7p4\" data-secret=\"cZ50VEn7p4\" width=\"500\" height=\"282\" frameborder=\"0\" marginwidth=\"0\" marginheight=\"0\" scrolling=\"no\"><\/iframe><\/noscript><\/p>\n<\/div>\n","protected":false},"excerpt":{"rendered":"<p>Le moment est revenu: en mars et avril, un total de neuf repr\u00e9sentations du groupe de cabaret, tout le monde aura lieu dans le foyer<\/p>\n","protected":false},"author":1,"featured_media":5111,"comment_status":"","ping_status":"","sticky":false,"template":"","format":"standard","meta":{"footnotes":""},"categories":[298],"tags":[868,5343,1122,2805,76,5344,237,553,887,892,236],"class_list":["post-5110","post","type-post","status-publish","format-standard","has-post-thumbnail","hentry","category-belgique","tag-amusante","tag-cabaret","tag-coute","tag-culture","tag-est","tag-group","tag-monde","tag-nouveau","tag-programme","tag-rien","tag-tout","generate-columns","tablet-grid-50","mobile-grid-100","grid-parent","grid-33"],"yoast_head":"<!-- This site is optimized with the Yoast SEO plugin v24.0 - https:\/\/yoast.com\/wordpress\/plugins\/seo\/ -->\n<title>Cabaret Group &quot;Tout le monde&quot;: si la culture est amusante et que la DG ne co\u00fbte rien - un nouveau programme | Vie Associative<\/title>\n<meta name=\"robots\" content=\"index, follow, max-snippet:-1, max-image-preview:large, max-video-preview:-1\" \/>\n<link rel=\"canonical\" href=\"https:\/\/vieassociative.be\/actualites\/cabaret-group-tout-le-monde-si-la-culture-est-amusante-et-que-la-dg-ne-coute-rien-un-nouveau-programme\/\" \/>\n<meta property=\"og:locale\" content=\"fr_FR\" \/>\n<meta property=\"og:type\" content=\"article\" \/>\n<meta property=\"og:title\" content=\"Cabaret Group &quot;Tout le monde&quot;: si la culture est amusante et que la DG ne co\u00fbte rien - un nouveau programme | Vie Associative\" \/>\n<meta property=\"og:description\" content=\"Le moment est revenu: en mars et avril, un total de neuf repr\u00e9sentations du groupe de cabaret, tout le monde aura lieu dans le foyer\" \/>\n<meta property=\"og:url\" content=\"https:\/\/vieassociative.be\/actualites\/cabaret-group-tout-le-monde-si-la-culture-est-amusante-et-que-la-dg-ne-coute-rien-un-nouveau-programme\/\" \/>\n<meta property=\"og:site_name\" content=\"Vie Associative\" \/>\n<meta property=\"article:published_time\" content=\"2025-02-14T14:18:46+00:00\" \/>\n<meta property=\"og:image\" content=\"https:\/\/vieassociative.be\/actualites\/wp-content\/uploads\/2024\/09\/header_backgroundk-01-e1726694325946.png\" \/>\n\t<meta property=\"og:image:width\" content=\"279\" \/>\n\t<meta property=\"og:image:height\" content=\"92\" \/>\n\t<meta property=\"og:image:type\" content=\"image\/png\" \/>\n<meta name=\"author\" content=\"Julien\" \/>\n<meta name=\"twitter:card\" content=\"summary_large_image\" \/>\n<meta name=\"twitter:label1\" content=\"\u00c9crit par\" \/>\n\t<meta name=\"twitter:data1\" content=\"Julien\" \/>\n\t<meta name=\"twitter:label2\" content=\"Dur\u00e9e de lecture est.\" \/>\n\t<meta name=\"twitter:data2\" content=\"2 minutes\" \/>\n<script type=\"application\/ld+json\" class=\"yoast-schema-graph\">{\"@context\":\"https:\/\/schema.org\",\"@graph\":[{\"@type\":\"Article\",\"@id\":\"https:\/\/vieassociative.be\/actualites\/cabaret-group-tout-le-monde-si-la-culture-est-amusante-et-que-la-dg-ne-coute-rien-un-nouveau-programme\/#article\",\"isPartOf\":{\"@id\":\"https:\/\/vieassociative.be\/actualites\/cabaret-group-tout-le-monde-si-la-culture-est-amusante-et-que-la-dg-ne-coute-rien-un-nouveau-programme\/\"},\"author\":{\"name\":\"Julien\",\"@id\":\"https:\/\/vieassociative.be\/actualites\/#\/schema\/person\/b87ac4f82f9d4e7b7cec7395b679edc4\"},\"headline\":\"Cabaret Group \u00ab\u00a0Tout le monde\u00a0\u00bb: si la culture est amusante et que la DG ne co\u00fbte rien &#8211; un nouveau programme\",\"datePublished\":\"2025-02-14T14:18:46+00:00\",\"dateModified\":\"2025-02-14T14:18:46+00:00\",\"mainEntityOfPage\":{\"@id\":\"https:\/\/vieassociative.be\/actualites\/cabaret-group-tout-le-monde-si-la-culture-est-amusante-et-que-la-dg-ne-coute-rien-un-nouveau-programme\/\"},\"wordCount\":392,\"publisher\":{\"@id\":\"https:\/\/vieassociative.be\/actualites\/#organization\"},\"image\":{\"@id\":\"https:\/\/vieassociative.be\/actualites\/cabaret-group-tout-le-monde-si-la-culture-est-amusante-et-que-la-dg-ne-coute-rien-un-nouveau-programme\/#primaryimage\"},\"thumbnailUrl\":\"https:\/\/vieassociative.be\/actualites\/wp-content\/uploads\/2025\/02\/1739542726_Cabaret-Group-Tout-le-monde-si-la-culture-est-amusante.jpeg\",\"keywords\":[\"amusante\",\"Cabaret\",\"co\u00fbte\",\"culture\",\"est\",\"Group\",\"monde\",\"nouveau\",\"programme\",\"rien\",\"tout\"],\"articleSection\":[\"Belgique\"],\"inLanguage\":\"fr-BE\"},{\"@type\":\"WebPage\",\"@id\":\"https:\/\/vieassociative.be\/actualites\/cabaret-group-tout-le-monde-si-la-culture-est-amusante-et-que-la-dg-ne-coute-rien-un-nouveau-programme\/\",\"url\":\"https:\/\/vieassociative.be\/actualites\/cabaret-group-tout-le-monde-si-la-culture-est-amusante-et-que-la-dg-ne-coute-rien-un-nouveau-programme\/\",\"name\":\"Cabaret Group \\\"Tout le monde\\\": si la culture est amusante et que la DG ne co\u00fbte rien - un nouveau programme | Vie Associative\",\"isPartOf\":{\"@id\":\"https:\/\/vieassociative.be\/actualites\/#website\"},\"primaryImageOfPage\":{\"@id\":\"https:\/\/vieassociative.be\/actualites\/cabaret-group-tout-le-monde-si-la-culture-est-amusante-et-que-la-dg-ne-coute-rien-un-nouveau-programme\/#primaryimage\"},\"image\":{\"@id\":\"https:\/\/vieassociative.be\/actualites\/cabaret-group-tout-le-monde-si-la-culture-est-amusante-et-que-la-dg-ne-coute-rien-un-nouveau-programme\/#primaryimage\"},\"thumbnailUrl\":\"https:\/\/vieassociative.be\/actualites\/wp-content\/uploads\/2025\/02\/1739542726_Cabaret-Group-Tout-le-monde-si-la-culture-est-amusante.jpeg\",\"datePublished\":\"2025-02-14T14:18:46+00:00\",\"dateModified\":\"2025-02-14T14:18:46+00:00\",\"breadcrumb\":{\"@id\":\"https:\/\/vieassociative.be\/actualites\/cabaret-group-tout-le-monde-si-la-culture-est-amusante-et-que-la-dg-ne-coute-rien-un-nouveau-programme\/#breadcrumb\"},\"inLanguage\":\"fr-BE\",\"potentialAction\":[{\"@type\":\"ReadAction\",\"target\":[\"https:\/\/vieassociative.be\/actualites\/cabaret-group-tout-le-monde-si-la-culture-est-amusante-et-que-la-dg-ne-coute-rien-un-nouveau-programme\/\"]}]},{\"@type\":\"ImageObject\",\"inLanguage\":\"fr-BE\",\"@id\":\"https:\/\/vieassociative.be\/actualites\/cabaret-group-tout-le-monde-si-la-culture-est-amusante-et-que-la-dg-ne-coute-rien-un-nouveau-programme\/#primaryimage\",\"url\":\"https:\/\/vieassociative.be\/actualites\/wp-content\/uploads\/2025\/02\/1739542726_Cabaret-Group-Tout-le-monde-si-la-culture-est-amusante.jpeg\",\"contentUrl\":\"https:\/\/vieassociative.be\/actualites\/wp-content\/uploads\/2025\/02\/1739542726_Cabaret-Group-Tout-le-monde-si-la-culture-est-amusante.jpeg\",\"width\":1200,\"height\":900,\"caption\":\"Cabaret Group \\\"Tout le monde\\\": si la culture est amusante et que la DG ne co\u00fbte rien - un nouveau programme\"},{\"@type\":\"BreadcrumbList\",\"@id\":\"https:\/\/vieassociative.be\/actualites\/cabaret-group-tout-le-monde-si-la-culture-est-amusante-et-que-la-dg-ne-coute-rien-un-nouveau-programme\/#breadcrumb\",\"itemListElement\":[{\"@type\":\"ListItem\",\"position\":1,\"name\":\"Accueil\",\"item\":\"https:\/\/vieassociative.be\/actualites\/\"},{\"@type\":\"ListItem\",\"position\":2,\"name\":\"Cabaret Group \u00ab\u00a0Tout le monde\u00a0\u00bb: si la culture est amusante et que la DG ne co\u00fbte rien &#8211; un nouveau programme\"}]},{\"@type\":\"WebSite\",\"@id\":\"https:\/\/vieassociative.be\/actualites\/#website\",\"url\":\"https:\/\/vieassociative.be\/actualites\/\",\"name\":\"Vie Associative\",\"description\":\"\",\"publisher\":{\"@id\":\"https:\/\/vieassociative.be\/actualites\/#organization\"},\"potentialAction\":[{\"@type\":\"SearchAction\",\"target\":{\"@type\":\"EntryPoint\",\"urlTemplate\":\"https:\/\/vieassociative.be\/actualites\/?s={search_term_string}\"},\"query-input\":{\"@type\":\"PropertyValueSpecification\",\"valueRequired\":true,\"valueName\":\"search_term_string\"}}],\"inLanguage\":\"fr-BE\"},{\"@type\":\"Organization\",\"@id\":\"https:\/\/vieassociative.be\/actualites\/#organization\",\"name\":\"Vie Associative\",\"url\":\"https:\/\/vieassociative.be\/actualites\/\",\"logo\":{\"@type\":\"ImageObject\",\"inLanguage\":\"fr-BE\",\"@id\":\"https:\/\/vieassociative.be\/actualites\/#\/schema\/logo\/image\/\",\"url\":\"https:\/\/vieassociative.be\/actualites\/wp-content\/uploads\/2024\/09\/cropped-vieassociative_favicon.ico.png\",\"contentUrl\":\"https:\/\/vieassociative.be\/actualites\/wp-content\/uploads\/2024\/09\/cropped-vieassociative_favicon.ico.png\",\"width\":512,\"height\":512,\"caption\":\"Vie Associative\"},\"image\":{\"@id\":\"https:\/\/vieassociative.be\/actualites\/#\/schema\/logo\/image\/\"}},{\"@type\":\"Person\",\"@id\":\"https:\/\/vieassociative.be\/actualites\/#\/schema\/person\/b87ac4f82f9d4e7b7cec7395b679edc4\",\"name\":\"Julien\",\"image\":{\"@type\":\"ImageObject\",\"inLanguage\":\"fr-BE\",\"@id\":\"https:\/\/vieassociative.be\/actualites\/#\/schema\/person\/image\/\",\"url\":\"https:\/\/vieassociative.be\/actualites\/wp-content\/uploads\/2024\/09\/vie-associative-1-150x150.jpg\",\"contentUrl\":\"https:\/\/vieassociative.be\/actualites\/wp-content\/uploads\/2024\/09\/vie-associative-1-150x150.jpg\",\"caption\":\"Julien\"},\"description\":\"Je suis Julien, r\u00e9dacteur pour Vie Associative. Passionn\u00e9 par le monde associatif depuis plus de 10 ans, j'ai \u00e0 c\u0153ur de partager des histoires inspirantes et de mettre en lumi\u00e8re les initiatives locales. Mon objectif est de sensibiliser et d'encourager l'engagement communautaire \u00e0 travers mes articles.\",\"sameAs\":[\"https:\/\/vieassociative.be\/\"]}]}<\/script>\n<!-- \/ Yoast SEO plugin. -->","yoast_head_json":{"title":"Cabaret Group \"Tout le monde\": si la culture est amusante et que la DG ne co\u00fbte rien - un nouveau programme | Vie Associative","robots":{"index":"index","follow":"follow","max-snippet":"max-snippet:-1","max-image-preview":"max-image-preview:large","max-video-preview":"max-video-preview:-1"},"canonical":"https:\/\/vieassociative.be\/actualites\/cabaret-group-tout-le-monde-si-la-culture-est-amusante-et-que-la-dg-ne-coute-rien-un-nouveau-programme\/","og_locale":"fr_FR","og_type":"article","og_title":"Cabaret Group \"Tout le monde\": si la culture est amusante et que la DG ne co\u00fbte rien - un nouveau programme | Vie Associative","og_description":"Le moment est revenu: en mars et avril, un total de neuf repr\u00e9sentations du groupe de cabaret, tout le monde aura lieu dans le foyer","og_url":"https:\/\/vieassociative.be\/actualites\/cabaret-group-tout-le-monde-si-la-culture-est-amusante-et-que-la-dg-ne-coute-rien-un-nouveau-programme\/","og_site_name":"Vie Associative","article_published_time":"2025-02-14T14:18:46+00:00","og_image":[{"width":279,"height":92,"url":"https:\/\/vieassociative.be\/actualites\/wp-content\/uploads\/2024\/09\/header_backgroundk-01-e1726694325946.png","type":"image\/png"}],"author":"Julien","twitter_card":"summary_large_image","twitter_misc":{"\u00c9crit par":"Julien","Dur\u00e9e de lecture est.":"2 minutes"},"schema":{"@context":"https:\/\/schema.org","@graph":[{"@type":"Article","@id":"https:\/\/vieassociative.be\/actualites\/cabaret-group-tout-le-monde-si-la-culture-est-amusante-et-que-la-dg-ne-coute-rien-un-nouveau-programme\/#article","isPartOf":{"@id":"https:\/\/vieassociative.be\/actualites\/cabaret-group-tout-le-monde-si-la-culture-est-amusante-et-que-la-dg-ne-coute-rien-un-nouveau-programme\/"},"author":{"name":"Julien","@id":"https:\/\/vieassociative.be\/actualites\/#\/schema\/person\/b87ac4f82f9d4e7b7cec7395b679edc4"},"headline":"Cabaret Group \u00ab\u00a0Tout le monde\u00a0\u00bb: si la culture est amusante et que la DG ne co\u00fbte rien &#8211; un nouveau programme","datePublished":"2025-02-14T14:18:46+00:00","dateModified":"2025-02-14T14:18:46+00:00","mainEntityOfPage":{"@id":"https:\/\/vieassociative.be\/actualites\/cabaret-group-tout-le-monde-si-la-culture-est-amusante-et-que-la-dg-ne-coute-rien-un-nouveau-programme\/"},"wordCount":392,"publisher":{"@id":"https:\/\/vieassociative.be\/actualites\/#organization"},"image":{"@id":"https:\/\/vieassociative.be\/actualites\/cabaret-group-tout-le-monde-si-la-culture-est-amusante-et-que-la-dg-ne-coute-rien-un-nouveau-programme\/#primaryimage"},"thumbnailUrl":"https:\/\/vieassociative.be\/actualites\/wp-content\/uploads\/2025\/02\/1739542726_Cabaret-Group-Tout-le-monde-si-la-culture-est-amusante.jpeg","keywords":["amusante","Cabaret","co\u00fbte","culture","est","Group","monde","nouveau","programme","rien","tout"],"articleSection":["Belgique"],"inLanguage":"fr-BE"},{"@type":"WebPage","@id":"https:\/\/vieassociative.be\/actualites\/cabaret-group-tout-le-monde-si-la-culture-est-amusante-et-que-la-dg-ne-coute-rien-un-nouveau-programme\/","url":"https:\/\/vieassociative.be\/actualites\/cabaret-group-tout-le-monde-si-la-culture-est-amusante-et-que-la-dg-ne-coute-rien-un-nouveau-programme\/","name":"Cabaret Group \"Tout le monde\": si la culture est amusante et que la DG ne co\u00fbte rien - un nouveau programme | Vie Associative","isPartOf":{"@id":"https:\/\/vieassociative.be\/actualites\/#website"},"primaryImageOfPage":{"@id":"https:\/\/vieassociative.be\/actualites\/cabaret-group-tout-le-monde-si-la-culture-est-amusante-et-que-la-dg-ne-coute-rien-un-nouveau-programme\/#primaryimage"},"image":{"@id":"https:\/\/vieassociative.be\/actualites\/cabaret-group-tout-le-monde-si-la-culture-est-amusante-et-que-la-dg-ne-coute-rien-un-nouveau-programme\/#primaryimage"},"thumbnailUrl":"https:\/\/vieassociative.be\/actualites\/wp-content\/uploads\/2025\/02\/1739542726_Cabaret-Group-Tout-le-monde-si-la-culture-est-amusante.jpeg","datePublished":"2025-02-14T14:18:46+00:00","dateModified":"2025-02-14T14:18:46+00:00","breadcrumb":{"@id":"https:\/\/vieassociative.be\/actualites\/cabaret-group-tout-le-monde-si-la-culture-est-amusante-et-que-la-dg-ne-coute-rien-un-nouveau-programme\/#breadcrumb"},"inLanguage":"fr-BE","potentialAction":[{"@type":"ReadAction","target":["https:\/\/vieassociative.be\/actualites\/cabaret-group-tout-le-monde-si-la-culture-est-amusante-et-que-la-dg-ne-coute-rien-un-nouveau-programme\/"]}]},{"@type":"ImageObject","inLanguage":"fr-BE","@id":"https:\/\/vieassociative.be\/actualites\/cabaret-group-tout-le-monde-si-la-culture-est-amusante-et-que-la-dg-ne-coute-rien-un-nouveau-programme\/#primaryimage","url":"https:\/\/vieassociative.be\/actualites\/wp-content\/uploads\/2025\/02\/1739542726_Cabaret-Group-Tout-le-monde-si-la-culture-est-amusante.jpeg","contentUrl":"https:\/\/vieassociative.be\/actualites\/wp-content\/uploads\/2025\/02\/1739542726_Cabaret-Group-Tout-le-monde-si-la-culture-est-amusante.jpeg","width":1200,"height":900,"caption":"Cabaret Group \"Tout le monde\": si la culture est amusante et que la DG ne co\u00fbte rien - un nouveau programme"},{"@type":"BreadcrumbList","@id":"https:\/\/vieassociative.be\/actualites\/cabaret-group-tout-le-monde-si-la-culture-est-amusante-et-que-la-dg-ne-coute-rien-un-nouveau-programme\/#breadcrumb","itemListElement":[{"@type":"ListItem","position":1,"name":"Accueil","item":"https:\/\/vieassociative.be\/actualites\/"},{"@type":"ListItem","position":2,"name":"Cabaret Group \u00ab\u00a0Tout le monde\u00a0\u00bb: si la culture est amusante et que la DG ne co\u00fbte rien &#8211; un nouveau programme"}]},{"@type":"WebSite","@id":"https:\/\/vieassociative.be\/actualites\/#website","url":"https:\/\/vieassociative.be\/actualites\/","name":"Vie Associative","description":"","publisher":{"@id":"https:\/\/vieassociative.be\/actualites\/#organization"},"potentialAction":[{"@type":"SearchAction","target":{"@type":"EntryPoint","urlTemplate":"https:\/\/vieassociative.be\/actualites\/?s={search_term_string}"},"query-input":{"@type":"PropertyValueSpecification","valueRequired":true,"valueName":"search_term_string"}}],"inLanguage":"fr-BE"},{"@type":"Organization","@id":"https:\/\/vieassociative.be\/actualites\/#organization","name":"Vie Associative","url":"https:\/\/vieassociative.be\/actualites\/","logo":{"@type":"ImageObject","inLanguage":"fr-BE","@id":"https:\/\/vieassociative.be\/actualites\/#\/schema\/logo\/image\/","url":"https:\/\/vieassociative.be\/actualites\/wp-content\/uploads\/2024\/09\/cropped-vieassociative_favicon.ico.png","contentUrl":"https:\/\/vieassociative.be\/actualites\/wp-content\/uploads\/2024\/09\/cropped-vieassociative_favicon.ico.png","width":512,"height":512,"caption":"Vie Associative"},"image":{"@id":"https:\/\/vieassociative.be\/actualites\/#\/schema\/logo\/image\/"}},{"@type":"Person","@id":"https:\/\/vieassociative.be\/actualites\/#\/schema\/person\/b87ac4f82f9d4e7b7cec7395b679edc4","name":"Julien","image":{"@type":"ImageObject","inLanguage":"fr-BE","@id":"https:\/\/vieassociative.be\/actualites\/#\/schema\/person\/image\/","url":"https:\/\/vieassociative.be\/actualites\/wp-content\/uploads\/2024\/09\/vie-associative-1-150x150.jpg","contentUrl":"https:\/\/vieassociative.be\/actualites\/wp-content\/uploads\/2024\/09\/vie-associative-1-150x150.jpg","caption":"Julien"},"description":"Je suis Julien, r\u00e9dacteur pour Vie Associative. Passionn\u00e9 par le monde associatif depuis plus de 10 ans, j'ai \u00e0 c\u0153ur de partager des histoires inspirantes et de mettre en lumi\u00e8re les initiatives locales. Mon objectif est de sensibiliser et d'encourager l'engagement communautaire \u00e0 travers mes articles.","sameAs":["https:\/\/vieassociative.be\/"]}]}},"_links":{"self":[{"href":"https:\/\/vieassociative.be\/actualites\/wp-json\/wp\/v2\/posts\/5110"}],"collection":[{"href":"https:\/\/vieassociative.be\/actualites\/wp-json\/wp\/v2\/posts"}],"about":[{"href":"https:\/\/vieassociative.be\/actualites\/wp-json\/wp\/v2\/types\/post"}],"author":[{"embeddable":true,"href":"https:\/\/vieassociative.be\/actualites\/wp-json\/wp\/v2\/users\/1"}],"replies":[{"embeddable":true,"href":"https:\/\/vieassociative.be\/actualites\/wp-json\/wp\/v2\/comments?post=5110"}],"version-history":[{"count":0,"href":"https:\/\/vieassociative.be\/actualites\/wp-json\/wp\/v2\/posts\/5110\/revisions"}],"wp:featuredmedia":[{"embeddable":true,"href":"https:\/\/vieassociative.be\/actualites\/wp-json\/wp\/v2\/media\/5111"}],"wp:attachment":[{"href":"https:\/\/vieassociative.be\/actualites\/wp-json\/wp\/v2\/media?parent=5110"}],"wp:term":[{"taxonomy":"category","embeddable":true,"href":"https:\/\/vieassociative.be\/actualites\/wp-json\/wp\/v2\/categories?post=5110"},{"taxonomy":"post_tag","embeddable":true,"href":"https:\/\/vieassociative.be\/actualites\/wp-json\/wp\/v2\/tags?post=5110"}],"curies":[{"name":"wp","href":"https:\/\/api.w.org\/{rel}","templated":true}]}}