{"id":511,"date":"2024-09-26T13:17:01","date_gmt":"2024-09-26T11:17:01","guid":{"rendered":"https:\/\/vieassociative.be\/actualites\/meta-redouble-defforts-en-matiere-de-dispositifs-portables-de-realite-augmentee\/"},"modified":"2024-09-26T13:17:01","modified_gmt":"2024-09-26T11:17:01","slug":"meta-redouble-defforts-en-matiere-de-dispositifs-portables-de-realite-augmentee","status":"publish","type":"post","link":"https:\/\/vieassociative.be\/actualites\/meta-redouble-defforts-en-matiere-de-dispositifs-portables-de-realite-augmentee\/","title":{"rendered":"Meta redouble d&rsquo;efforts en mati\u00e8re de dispositifs portables de r\u00e9alit\u00e9 augment\u00e9e"},"content":{"rendered":"<div class=\"mt-4 leading-6 md:mb-8\">Meta Connect 2024 \u00e9tait consacr\u00e9 au Meta Quest, aux lunettes intelligentes et \u00e0 l&rsquo;IA.<\/div>\n<p><\/p>\n<p>Le Meta Connect 2024 est termin\u00e9. Mark Zuckerberg est mont\u00e9 sur sc\u00e8ne mercredi pour faire des annonces sur une multitude de cat\u00e9gories de produits. <\/p>\n<p>Bien que de nouvelles fonctionnalit\u00e9s soient d\u00e9sormais disponibles sur des applications famili\u00e8res comme Instagram, Facebook et WhatsApp, Meta Connect concernait principalement d&rsquo;autres projets de l&rsquo;entreprise, \u00e0 savoir le Meta Quest, les lunettes intelligentes et, bien s\u00fbr, l&rsquo;IA. <\/p>\n<h2 id=\"a-cheaper-meta-quest-3\">Un Meta Quest 3 moins cher<\/h2>\n<p>Enfin, une version du Meta Quest 3 qui ne co\u00fbte pas 500 $. Le Meta Quest 3S regroupe la plupart des \u00e9l\u00e9ments qui ont fait la valeur du Quest 3 dans un appareil presque aussi bon march\u00e9 que le Quest 2 \u00e0 son apog\u00e9e. \u00c0 partir de 299 $, il est dot\u00e9 de la m\u00eame puce Qualcomm Snapdragon XR2 Gen 2 et des m\u00eames contr\u00f4leurs Touch Plus (sans anneau autour des doigts), et il a en fait une autonomie de batterie l\u00e9g\u00e8rement meilleure (Meta dit qu&rsquo;il vous offre 2,5 heures contre 2,2 heures sur le Quest 3 original). La disposition de son appareil photo, qui comporte 3 capteurs de chaque c\u00f4t\u00e9 de l&rsquo;appareil, est \u00e9galement un peu plus \u00e9l\u00e9gante, du moins \u00e0 mon avis en tant que propri\u00e9taire du Quest 3.<\/p>\n<div class=\"eloquent-imagery-image\">\n<div class=\"flex justify-center\">\n<img decoding=\"async\" class=\"border border-gray-100\" src=\"https:\/\/vieassociative.be\/actualites\/wp-content\/uploads\/2024\/09\/Meta-redouble-defforts-en-matiere-de-dispositifs-portables-de-realite.png\" alt=\"Meta Quest 3S \u00e0 c\u00f4t\u00e9 de Meta Quest 3\" width=\"2000\" height=\"1125\" loading=\"lazy\"  >\n<\/div>\n<\/div>\n<p>Cela ne veut pas dire qu&rsquo;il n&rsquo;y a pas de compromis avec le mod\u00e8le moins cher. Bien que le 3S puisse ex\u00e9cuter toutes les m\u00eames applications que le Quest 3 standard, et que vous b\u00e9n\u00e9ficiiez toujours d&rsquo;un transfert couleur complet, l&rsquo;\u00e9cran a une r\u00e9solution inf\u00e9rieure. Plut\u00f4t qu&rsquo;une r\u00e9solution par \u0153il de 2 064 x 2 208, vous obtenez des chiffres identiques \u00e0 ceux du Quest 2, \u00e0 1 832 x 1 920. Le champ de vision a \u00e9galement \u00e9t\u00e9 abaiss\u00e9 d&rsquo;un maximum de 110 degr\u00e9s \u00e0 un maximum de 96 degr\u00e9s, et il n&rsquo;y a pas de capteur de profondeur. Mais bon, il y a maintenant un vrai bouton pour passer de la RA \u00e0 la RV, vous n&rsquo;avez donc pas besoin d&rsquo;appuyer deux fois sur le c\u00f4t\u00e9 de l&rsquo;appareil.<\/p>\n<p>Le Quest 3S remplace officiellement le Quest 2, et Meta met \u00e9galement fin aux ventes du Quest Pro, donc je suppose que le Quest 3 est d\u00e9sormais techniquement son casque de niveau professionnel (il a une r\u00e9solution plus \u00e9lev\u00e9e, de toute fa\u00e7on). La soci\u00e9t\u00e9 affirme qu&rsquo;elle continuera \u00e0 vendre le Quest 2 et le Pro jusqu&rsquo;\u00e0 \u00e9puisement des stocks (ou jusqu&rsquo;\u00e0 la fin de l&rsquo;ann\u00e9e, m\u00eame s&rsquo;il reste des stocks), donc si vous en voulez un, c&rsquo;est votre derni\u00e8re chance.<\/p>\n<p>Mais vous serez probablement mieux servi en choisissant une version du Quest 3. Le Quest 3S \u00e0 299 $ dispose de 128 Go de stockage, ou vous pouvez passer \u00e0 une version 256 Go pour 399 $. Le Quest 3 standard continuera \u00e0 co\u00fbter 499 $, mais toutes les versions seront d\u00e9sormais fournies avec <em>Batman : L&rsquo;Ombre d&rsquo;Arkham<\/em>qui sortira le 22 octobre. Les pr\u00e9commandes du Quest 3S sont ouvertes, avec une sortie officielle le 15 octobre.<\/p>\n<h2 id=\"a-new-version-of-llama-32-metas-ai-model\">Une nouvelle version de Llama 3.2, le mod\u00e8le d&rsquo;IA de Meta<\/h2>\n<p>Meta a \u00e9galement annonc\u00e9 la derni\u00e8re version de Llama, son mod\u00e8le d&rsquo;IA. Llama 3.2 fait suite \u00e0 Llama 3.1 de juillet et se d\u00e9cline sous plusieurs formes : deux LLM de vision (petit et moyen format), ainsi que deux mod\u00e8les texte uniquement (1B et 3B), selon la mani\u00e8re dont le mod\u00e8le doit \u00eatre impl\u00e9ment\u00e9. Meta indique que ces mod\u00e8les sont pr\u00eats \u00e0 \u00eatre utilis\u00e9s d\u00e8s aujourd&rsquo;hui pour le mat\u00e9riel Qualcomm et MediaTek, et sont optimis\u00e9s pour les processeurs Arm.<\/p>\n<p>Meta affirme que les deux mod\u00e8les de texte uniquement prennent en charge 128\u00a0000 jetons et sont \u00ab \u00e0 la pointe de la technologie dans leur cat\u00e9gorie \u00bb lorsqu&rsquo;ils sont utilis\u00e9s sur l&rsquo;appareil pour des t\u00e2ches telles que la synth\u00e8se, la r\u00e9\u00e9criture et le suivi d&rsquo;instructions. Les mod\u00e8les de vision, en revanche, peuvent \u00e9changer leurs \u00e9quivalents de mod\u00e8le de texte, et Meta affirme qu&rsquo;ils peuvent rivaliser avec des mod\u00e8les ferm\u00e9s comme Claude 3 Haiku. Les mod\u00e8les sont disponibles en t\u00e9l\u00e9chargement sur llama.com et Hugging Face.<\/p>\n<p>Bien que cela soit une bonne nouvelle pour les d\u00e9veloppeurs, pour le reste d&rsquo;entre nous, Llama 3.2 est \u00e9galement disponible via l&rsquo;assistant de Meta, Meta AI. Il se trouve que le chatbot a \u00e9galement fait l&rsquo;objet de plusieurs annonces lors du Meta Connect 2024. <\/p>\n<h2 id=\"whats-new-with-meta-ai\">Quoi de neuf avec Meta AI <\/h2>\n<p>Pour les entreprises d&rsquo;IA, il ne suffit pas d&rsquo;\u00e9changer des SMS avec vos robots d&rsquo;IA : la nouvelle tendance est <em>Parlant<\/em> avec votre compagnon num\u00e9rique. Meta va bient\u00f4t d\u00e9ployer cette capacit\u00e9 pour Meta AI, et quand ce sera le cas, vous pourrez parler avec l&rsquo;assistant dans des applications Meta comme Facebook, Instagram et WhatsApp, et le bot vous r\u00e9pondra de la m\u00eame mani\u00e8re. Ce sont les m\u00eames r\u00e9ponses que vous obtiendriez habituellement de Meta AI, mais prononc\u00e9es \u00e0 voix haute. Comme avec d&rsquo;autres bots IA parl\u00e9s, vous pouvez choisir parmi diff\u00e9rentes voix IA, y compris des options de c\u00e9l\u00e9brit\u00e9s comme Awkwafina, Dame Judi Dench, John Cena, Keegan Michael Key et Kristen Bell.<\/p>\n<p>Cette annonce intervient juste apr\u00e8s le d\u00e9ploiement complet du mode vocal avanc\u00e9 d&rsquo;OpenAI, qui offre aux abonn\u00e9s payants une exp\u00e9rience plus \u00ab naturelle \u00bb lorsqu&rsquo;ils parlent avec ChatGPT.<\/p>\n<p>Meta AI comprend d\u00e9sormais mieux les images. Vous pouvez t\u00e9l\u00e9charger une image et demander \u00e0 Meta AI d&rsquo;identifier des sujets, comme un type de fleur sp\u00e9cifique, ou publier une photo d&rsquo;un plat dont vous aimeriez avoir la recette. (Je suis sceptique quant \u00e0 la capacit\u00e9 de Meta AI \u00e0 cr\u00e9er une recette \u00e0 partir d&rsquo;une photo, mais nous verrons bien.) Meta AI peut \u00e9galement \u00ab photoshoper \u00bb vos images : Meta dit que le bot peut changer votre tenue ou remplacer compl\u00e8tement l&rsquo;arri\u00e8re-plan, par exemple. <\/p>\n<p>En parlant d&rsquo;arri\u00e8re-plans, lorsque vous partagez une photo de votre flux vers votre story, Meta AI peut analyser la photo et g\u00e9n\u00e9rer un arri\u00e8re-plan compl\u00e9mentaire pour votre publication. <\/p>\n<div class=\"eloquent-imagery-image\">\n<div class=\"flex justify-center\">\n<img decoding=\"async\" class=\"border border-gray-100\" src=\"https:\/\/vieassociative.be\/actualites\/wp-content\/uploads\/2024\/09\/Meta-redouble-defforts-en-matiere-de-dispositifs-portables-de-realite.webp.webp\" alt=\"m\u00e9ta IA analysant les images\" width=\"2000\" height=\"1742\" loading=\"lazy\"  >\n<\/div>\n<\/div>\n<p>Meta affirme \u00e9galement travailler sur une fonctionnalit\u00e9 de traduction en direct pour Reels. Une fois d\u00e9ploy\u00e9e, la fonctionnalit\u00e9 traduira l&rsquo;audio de Reels dans une langue cible, avec doublage automatique et synchronisation labiale. Selon Meta, Meta AI peut essentiellement cloner la voix de l&rsquo;orateur, la traduire et l&rsquo;adapter \u00e0 son style de parole, ce qui est \u00e0 la fois cool et assez effrayant. <\/p>\n<p>\u00c0 l&rsquo;heure actuelle, les tests de ces fonctionnalit\u00e9s sont tr\u00e8s limit\u00e9s et se limitent au contenu en anglais et en espagnol des cr\u00e9ateurs d&rsquo;Am\u00e9rique latine et des \u00c9tats-Unis. <\/p>\n<div class=\"eloquent-imagery-image\">\n<div class=\"flex justify-center\">\n<img decoding=\"async\" class=\"border border-gray-100\" src=\"https:\/\/vieassociative.be\/actualites\/wp-content\/uploads\/2024\/09\/1727349420_93_Meta-redouble-defforts-en-matiere-de-dispositifs-portables-de-realite.webp.webp\" alt=\"Traduction m\u00e9ta-IA\" width=\"2000\" height=\"1742\" loading=\"lazy\"  >\n<\/div>\n<\/div>\n<p>Meta ajoute \u00e9galement des fonctionnalit\u00e9s d&rsquo;IA g\u00e9n\u00e9ratrices \u00e0 ses applications. Vous pouvez utiliser la fonction Imagine pour g\u00e9n\u00e9rer une image de vous dans un certain nombre de situations (super-h\u00e9ros, royaut\u00e9, astronaute, etc.) et les partager dans vos flux ; vous pouvez utiliser l&rsquo;IA pour g\u00e9n\u00e9rer un nouvel arri\u00e8re-plan de chat pour les DM Messenger et Instagram ; et Meta teste le contenu g\u00e9n\u00e9r\u00e9 par l&rsquo;IA Meta dans vos flux, personnalis\u00e9 pour vous. (Je me m\u00e9fie de qualifier ce dernier point de \u00ab fonctionnalit\u00e9 \u00bb, car cela signifie encore plus de spam d&rsquo;IA dans vos flux Meta.) <\/p>\n<p>Enfin, Meta donne \u00e0 des \u00ab milliers \u00bb d\u2019entreprises la possibilit\u00e9 de cr\u00e9er des robots IA pour les interactions avec les clients. Ces robots peuvent \u00eatre activ\u00e9s par le client via des publicit\u00e9s \u00ab click-to-message \u00bb sur WhatsApp et Messenger. <\/p>\n<h2 id=\"smarter-transparent-ray-ban-meta-glasses\">Des lunettes Ray-Ban Meta plus intelligentes et transparentes<\/h2>\n<div class=\"eloquent-imagery-image\">\n<div class=\"flex justify-center\">\n<img decoding=\"async\" class=\"border border-gray-100\" src=\"https:\/\/vieassociative.be\/actualites\/wp-content\/uploads\/2024\/09\/1727349420_227_Meta-redouble-defforts-en-matiere-de-dispositifs-portables-de-realite.webp.webp\" alt=\"Lunettes de soleil transparentes Ray-Ban Meta\" width=\"2000\" height=\"2000\" loading=\"lazy\"  >\n<\/div>\n<\/div>\n<p>Les fans des lunettes connect\u00e9es Wayfarer que Meta a con\u00e7ues avec Ray-Ban devront attendre un peu plus longtemps pour un tout nouveau mod\u00e8le, mais l&rsquo;entreprise technologique a pr\u00e9sent\u00e9 quelques am\u00e9liorations. La plupart d&rsquo;entre elles \u00e9taient ax\u00e9es sur le logiciel, comme une IA Meta plus conversationnelle, mais les fans de technologie transparente devraient \u00eatre satisfaits : avec l&rsquo;ajout des montures \u00ab Shiny Transparent \u00bb, vous pouvez d\u00e9sormais obtenir les lunettes Wayfarer avec un aspect clair et transparent, bien qu&rsquo;elles ne soient disponibles qu&rsquo;en taille standard. <\/p>\n<p>Elles sont livr\u00e9es avec un \u00e9tui de chargement noir et des verres de transition, mais vous devrez payer 429 $ pour ce privil\u00e8ge, au lieu de 299 $ pour une paire standard. Meta ne produit \u00e9galement que 7 500 paires de ces lunettes, mais si vous les ratez, ne vous inqui\u00e9tez pas : des verres de transition seront \u00e9galement disponibles pour au moins certaines des montures de la gamme r\u00e9guli\u00e8re.<\/p>\n<p>En ce qui concerne ces mises \u00e0 niveau logicielles, toutes les lunettes Wayfarer sont d\u00e9sormais \u00e9galement dot\u00e9es d&rsquo;une int\u00e9gration unique de Meta AI : Meta indique que vous pouvez d\u00e9sormais dire \u00ab Hey Meta \u00bb une fois et avoir un \u00e9change avec l&rsquo;assistant IA, plut\u00f4t que de devoir prononcer le mot cl\u00e9 pour chaque question. Ces lunettes se souviendront \u00e9galement de l&rsquo;endroit o\u00f9 vous avez gar\u00e9 votre voiture, d\u00e9finiront des rappels \u00e0 partir de demandes vocales et prendront des mesures en fonction du texte devant vous. Sur ce dernier point, vous pouvez demander \u00e0 Meta AI d&rsquo;appeler un num\u00e9ro de t\u00e9l\u00e9phone sur un d\u00e9pliant que vous consultez.<\/p>\n<p>Meta AI peut \u00e9galement enregistrer et envoyer des vid\u00e9os directement sur les chats WhatsApp et Messenger, sans n\u00e9cessiter aucune action de votre t\u00e9l\u00e9phone. Meta AI s&rsquo;int\u00e9grera \u00e9galement aux vid\u00e9os via vos lunettes : vous pouvez utiliser des vid\u00e9os pour demander de l&rsquo;aide \u00e0 Meta AI en temps r\u00e9el, et Meta AI se souviendra des \u00e9v\u00e9nements pass\u00e9s afin que vous puissiez poser des questions avec un contexte.<\/p>\n<p>Le concept le plus int\u00e9ressant est peut-\u00eatre la traduction en direct. Si vous parlez \u00e0 quelqu&rsquo;un en espagnol, en fran\u00e7ais ou en italien, vos lunettes traduiront son discours en anglais, que vous entendrez via les haut-parleurs des lunettes. Les lunettes prennent d\u00e9sormais \u00e9galement en charge Be My Eyes, ce qui permet aux utilisateurs d&rsquo;aider les personnes aveugles ou malvoyantes via un flux vid\u00e9o diffus\u00e9 dans leurs lunettes. Enfin, vous pouvez contr\u00f4ler la lecture de musique depuis Spotify, Amazon Music, Audible et iHeart avec Meta AI. <\/p>\n<h2 id=\"metas-first-true-ar-glasses\">Les premi\u00e8res \u00ab True AR Glasses \u00bb de Meta<\/h2>\n<p>Avant de cl\u00f4turer le Meta Connect de cette ann\u00e9e, Zuckerberg a donn\u00e9 un avant-go\u00fbt d&rsquo;un produit qui n&rsquo;est pas encore tout \u00e0 fait pr\u00eat \u00e0 \u00eatre commercialis\u00e9. Selon The Verge, il \u00e9tait cens\u00e9 l&rsquo;\u00eatre, mais l&rsquo;entreprise n&rsquo;est pas satisfaite de sa taille et de sa complexit\u00e9, donc il reste encore en interne pour le moment. <\/p>\n<p>D\u00e9couvrez Orion, une paire de lunettes AR qui vise \u00e0 capturer les principaux arguments de vente de l&rsquo;Apple Vision Pro, mais dans un format beaucoup plus petit et plus accessible. Cela signifie des \u00e9crans d&rsquo;ordinateur virtuels, des objets AR plac\u00e9s sur le monde r\u00e9el et m\u00eame une technologie de suivi pour une interaction plus facile et des jeux l\u00e9gers.<\/p>\n<div class=\"eloquent-imagery-image\">\n<div class=\"flex justify-center\">\n<img decoding=\"async\" class=\"border border-gray-100\" src=\"https:\/\/vieassociative.be\/actualites\/wp-content\/uploads\/2024\/09\/1727349420_235_Meta-redouble-defforts-en-matiere-de-dispositifs-portables-de-realite.webp.webp\" alt=\"M\u00e9ta Orion\" width=\"2000\" height=\"1125\" loading=\"lazy\"  >\n<\/div>\n<\/div>\n<p>Meta qualifie l&rsquo;exp\u00e9rience d&rsquo;\u00ab holographique \u00bb, m\u00eame si elle ne semble pas tr\u00e8s diff\u00e9rente de ce que vous pourriez obtenir avec les appareils Air similaires de XReal. La diff\u00e9rence est que tout ici est propri\u00e9taire, plut\u00f4t que de d\u00e9pendre de votre t\u00e9l\u00e9phone ou de votre PC, Zuckerberg envisageant un avenir o\u00f9 les lunettes AR remplaceraient les t\u00e9l\u00e9phones.<\/p>\n<p>Cela signifie que ces lunettes seront \u00e9galement \u00e9quip\u00e9es de fonctionnalit\u00e9s Meta AI similaires aux lunettes intelligentes Ray-Ban, ainsi que de moyens permettant de passer des appels et de naviguer sur Internet. Il existe \u00e9galement un bracelet pour faciliter le contr\u00f4le et un \u00ab pack de transport sans fil \u00bb, qui permet aux lunettes d&rsquo;\u00eatre plus petites en transf\u00e9rant les t\u00e2ches de traitement sur un autre appareil. L&rsquo;inconv\u00e9nient est que ces deux modules compl\u00e9mentaires sont n\u00e9cessaires pour le moment : il n&rsquo;y a pas de suivi des mains sans appareil comme sur la Vision Pro.<\/p>\n<div class=\"eloquent-imagery-image\">\n<div class=\"flex justify-center\">\n<img decoding=\"async\" class=\"border border-gray-100\" src=\"https:\/\/vieassociative.be\/actualites\/wp-content\/uploads\/2024\/09\/1727349421_870_Meta-redouble-defforts-en-matiere-de-dispositifs-portables-de-realite.webp.webp\" alt=\"Meta Orion \u00e0 c\u00f4t\u00e9 du bracelet et du pack de transport\" width=\"2000\" height=\"1742\" loading=\"lazy\"  >\n<\/div>\n<\/div>\n<p>C&rsquo;est peut-\u00eatre pour cette raison que ces prototypes sont encore en pr\u00e9paration, m\u00eame si Meta insiste sur le fait qu&rsquo;Orion n&rsquo;est \u00ab pas un prototype de recherche \u00bb, le qualifiant plut\u00f4t de \u00ab l&rsquo;un des prototypes de produits les plus aboutis que nous ayons jamais d\u00e9velopp\u00e9s \u00bb. Pour l&rsquo;instant, ses tests sont limit\u00e9s aux employ\u00e9s de Meta et \u00e0 \u00ab un public externe s\u00e9lectionn\u00e9 \u00bb, l&rsquo;entreprise affirmant vouloir \u00ab se concentrer d&rsquo;abord sur le d\u00e9veloppement interne \u00bb, m\u00eame si elle a d\u00e9clar\u00e9 qu&rsquo;Orion \u00ab est vraiment repr\u00e9sentatif de quelque chose qui pourrait \u00eatre livr\u00e9 aux consommateurs \u00bb.<\/p>\n<p>En d\u2019autres termes, l\u2019entreprise pense pouvoir proposer Orion tel quel, mais souhaite d\u2019abord am\u00e9liorer quelques points, peut-\u00eatre en raison du mauvais accueil r\u00e9serv\u00e9 par les consommateurs \u00e0 l\u2019Apple Vision Pro, un mod\u00e8le similaire. Ces objectifs incluent des visuels plus nets, un format encore plus petit et, surtout, un prix plus bas.<\/p>\n<p>C&rsquo;est intriguant, mais nous devons malheureusement croire Meta sur parole lorsqu&rsquo;il dit qu&rsquo;Orion se concr\u00e9tisera un jour. L&rsquo;entreprise affirme que nous pouvons \u00ab nous attendre \u00e0 voir de nouveaux appareils de notre part qui s&rsquo;appuieront sur nos efforts de recherche et d\u00e9veloppement \u00bb au cours des \u00ab prochaines ann\u00e9es \u00bb, alors croisons les doigts.<\/p>\n","protected":false},"excerpt":{"rendered":"<p>Meta Connect 2024 \u00e9tait consacr\u00e9 au Meta Quest, aux lunettes intelligentes et \u00e0 l&rsquo;IA. Le Meta Connect 2024 est termin\u00e9. Mark Zuckerberg est mont\u00e9 sur<\/p>\n","protected":false},"author":1,"featured_media":512,"comment_status":"","ping_status":"","sticky":false,"template":"","format":"standard","meta":{"footnotes":""},"categories":[13],"tags":[835,831,833,832,487,427,834,830],"class_list":["post-511","post","type-post","status-publish","format-standard","has-post-thumbnail","hentry","category-technologie","tag-augmentee","tag-defforts","tag-dispositifs","tag-matiere","tag-meta","tag-portables","tag-realite","tag-redouble","generate-columns","tablet-grid-50","mobile-grid-100","grid-parent","grid-33"],"yoast_head":"<!-- This site is optimized with the Yoast SEO plugin v24.0 - https:\/\/yoast.com\/wordpress\/plugins\/seo\/ -->\n<title>Meta redouble d&#039;efforts en mati\u00e8re de dispositifs portables de r\u00e9alit\u00e9 augment\u00e9e | Vie Associative<\/title>\n<meta name=\"robots\" content=\"index, follow, max-snippet:-1, max-image-preview:large, max-video-preview:-1\" \/>\n<link rel=\"canonical\" href=\"https:\/\/vieassociative.be\/actualites\/meta-redouble-defforts-en-matiere-de-dispositifs-portables-de-realite-augmentee\/\" \/>\n<meta property=\"og:locale\" content=\"fr_FR\" \/>\n<meta property=\"og:type\" content=\"article\" \/>\n<meta property=\"og:title\" content=\"Meta redouble d&#039;efforts en mati\u00e8re de dispositifs portables de r\u00e9alit\u00e9 augment\u00e9e | Vie Associative\" \/>\n<meta property=\"og:description\" content=\"Meta Connect 2024 \u00e9tait consacr\u00e9 au Meta Quest, aux lunettes intelligentes et \u00e0 l&rsquo;IA. Le Meta Connect 2024 est termin\u00e9. Mark Zuckerberg est mont\u00e9 sur\" \/>\n<meta property=\"og:url\" content=\"https:\/\/vieassociative.be\/actualites\/meta-redouble-defforts-en-matiere-de-dispositifs-portables-de-realite-augmentee\/\" \/>\n<meta property=\"og:site_name\" content=\"Vie Associative\" \/>\n<meta property=\"article:published_time\" content=\"2024-09-26T11:17:01+00:00\" \/>\n<meta property=\"og:image\" content=\"https:\/\/vieassociative.be\/actualites\/wp-content\/uploads\/2024\/09\/Meta-redouble-defforts-en-matiere-de-dispositifs-portables-de-realite.png\" \/>\n<meta name=\"author\" content=\"Julien\" \/>\n<meta name=\"twitter:card\" content=\"summary_large_image\" \/>\n<meta name=\"twitter:label1\" content=\"\u00c9crit par\" \/>\n\t<meta name=\"twitter:data1\" content=\"Julien\" \/>\n\t<meta name=\"twitter:label2\" content=\"Dur\u00e9e de lecture est.\" \/>\n\t<meta name=\"twitter:data2\" content=\"11 minutes\" \/>\n<script type=\"application\/ld+json\" class=\"yoast-schema-graph\">{\"@context\":\"https:\/\/schema.org\",\"@graph\":[{\"@type\":\"Article\",\"@id\":\"https:\/\/vieassociative.be\/actualites\/meta-redouble-defforts-en-matiere-de-dispositifs-portables-de-realite-augmentee\/#article\",\"isPartOf\":{\"@id\":\"https:\/\/vieassociative.be\/actualites\/meta-redouble-defforts-en-matiere-de-dispositifs-portables-de-realite-augmentee\/\"},\"author\":{\"name\":\"Julien\",\"@id\":\"https:\/\/vieassociative.be\/actualites\/#\/schema\/person\/b87ac4f82f9d4e7b7cec7395b679edc4\"},\"headline\":\"Meta redouble d&rsquo;efforts en mati\u00e8re de dispositifs portables de r\u00e9alit\u00e9 augment\u00e9e\",\"datePublished\":\"2024-09-26T11:17:01+00:00\",\"dateModified\":\"2024-09-26T11:17:01+00:00\",\"mainEntityOfPage\":{\"@id\":\"https:\/\/vieassociative.be\/actualites\/meta-redouble-defforts-en-matiere-de-dispositifs-portables-de-realite-augmentee\/\"},\"wordCount\":2277,\"publisher\":{\"@id\":\"https:\/\/vieassociative.be\/actualites\/#organization\"},\"image\":{\"@id\":\"https:\/\/vieassociative.be\/actualites\/meta-redouble-defforts-en-matiere-de-dispositifs-portables-de-realite-augmentee\/#primaryimage\"},\"thumbnailUrl\":\"https:\/\/vieassociative.be\/actualites\/wp-content\/uploads\/2024\/09\/Meta-redouble-defforts-en-matiere-de-dispositifs-portables-de-realite.jpg\",\"keywords\":[\"augment\u00e9e\",\"defforts\",\"dispositifs\",\"mati\u00e8re\",\"Meta\",\"portables\",\"r\u00e9alit\u00e9\",\"redouble\"],\"articleSection\":[\"Technologie\"],\"inLanguage\":\"fr-BE\"},{\"@type\":\"WebPage\",\"@id\":\"https:\/\/vieassociative.be\/actualites\/meta-redouble-defforts-en-matiere-de-dispositifs-portables-de-realite-augmentee\/\",\"url\":\"https:\/\/vieassociative.be\/actualites\/meta-redouble-defforts-en-matiere-de-dispositifs-portables-de-realite-augmentee\/\",\"name\":\"Meta redouble d'efforts en mati\u00e8re de dispositifs portables de r\u00e9alit\u00e9 augment\u00e9e | Vie Associative\",\"isPartOf\":{\"@id\":\"https:\/\/vieassociative.be\/actualites\/#website\"},\"primaryImageOfPage\":{\"@id\":\"https:\/\/vieassociative.be\/actualites\/meta-redouble-defforts-en-matiere-de-dispositifs-portables-de-realite-augmentee\/#primaryimage\"},\"image\":{\"@id\":\"https:\/\/vieassociative.be\/actualites\/meta-redouble-defforts-en-matiere-de-dispositifs-portables-de-realite-augmentee\/#primaryimage\"},\"thumbnailUrl\":\"https:\/\/vieassociative.be\/actualites\/wp-content\/uploads\/2024\/09\/Meta-redouble-defforts-en-matiere-de-dispositifs-portables-de-realite.jpg\",\"datePublished\":\"2024-09-26T11:17:01+00:00\",\"dateModified\":\"2024-09-26T11:17:01+00:00\",\"breadcrumb\":{\"@id\":\"https:\/\/vieassociative.be\/actualites\/meta-redouble-defforts-en-matiere-de-dispositifs-portables-de-realite-augmentee\/#breadcrumb\"},\"inLanguage\":\"fr-BE\",\"potentialAction\":[{\"@type\":\"ReadAction\",\"target\":[\"https:\/\/vieassociative.be\/actualites\/meta-redouble-defforts-en-matiere-de-dispositifs-portables-de-realite-augmentee\/\"]}]},{\"@type\":\"ImageObject\",\"inLanguage\":\"fr-BE\",\"@id\":\"https:\/\/vieassociative.be\/actualites\/meta-redouble-defforts-en-matiere-de-dispositifs-portables-de-realite-augmentee\/#primaryimage\",\"url\":\"https:\/\/vieassociative.be\/actualites\/wp-content\/uploads\/2024\/09\/Meta-redouble-defforts-en-matiere-de-dispositifs-portables-de-realite.jpg\",\"contentUrl\":\"https:\/\/vieassociative.be\/actualites\/wp-content\/uploads\/2024\/09\/Meta-redouble-defforts-en-matiere-de-dispositifs-portables-de-realite.jpg\",\"width\":1200,\"height\":675,\"caption\":\"Meta redouble d'efforts en mati\u00e8re de dispositifs portables de r\u00e9alit\u00e9 augment\u00e9e\"},{\"@type\":\"BreadcrumbList\",\"@id\":\"https:\/\/vieassociative.be\/actualites\/meta-redouble-defforts-en-matiere-de-dispositifs-portables-de-realite-augmentee\/#breadcrumb\",\"itemListElement\":[{\"@type\":\"ListItem\",\"position\":1,\"name\":\"Accueil\",\"item\":\"https:\/\/vieassociative.be\/actualites\/\"},{\"@type\":\"ListItem\",\"position\":2,\"name\":\"Meta redouble d&rsquo;efforts en mati\u00e8re de dispositifs portables de r\u00e9alit\u00e9 augment\u00e9e\"}]},{\"@type\":\"WebSite\",\"@id\":\"https:\/\/vieassociative.be\/actualites\/#website\",\"url\":\"https:\/\/vieassociative.be\/actualites\/\",\"name\":\"Vie Associative\",\"description\":\"\",\"publisher\":{\"@id\":\"https:\/\/vieassociative.be\/actualites\/#organization\"},\"potentialAction\":[{\"@type\":\"SearchAction\",\"target\":{\"@type\":\"EntryPoint\",\"urlTemplate\":\"https:\/\/vieassociative.be\/actualites\/?s={search_term_string}\"},\"query-input\":{\"@type\":\"PropertyValueSpecification\",\"valueRequired\":true,\"valueName\":\"search_term_string\"}}],\"inLanguage\":\"fr-BE\"},{\"@type\":\"Organization\",\"@id\":\"https:\/\/vieassociative.be\/actualites\/#organization\",\"name\":\"Vie Associative\",\"url\":\"https:\/\/vieassociative.be\/actualites\/\",\"logo\":{\"@type\":\"ImageObject\",\"inLanguage\":\"fr-BE\",\"@id\":\"https:\/\/vieassociative.be\/actualites\/#\/schema\/logo\/image\/\",\"url\":\"https:\/\/vieassociative.be\/actualites\/wp-content\/uploads\/2024\/09\/cropped-vieassociative_favicon.ico.png\",\"contentUrl\":\"https:\/\/vieassociative.be\/actualites\/wp-content\/uploads\/2024\/09\/cropped-vieassociative_favicon.ico.png\",\"width\":512,\"height\":512,\"caption\":\"Vie Associative\"},\"image\":{\"@id\":\"https:\/\/vieassociative.be\/actualites\/#\/schema\/logo\/image\/\"}},{\"@type\":\"Person\",\"@id\":\"https:\/\/vieassociative.be\/actualites\/#\/schema\/person\/b87ac4f82f9d4e7b7cec7395b679edc4\",\"name\":\"Julien\",\"image\":{\"@type\":\"ImageObject\",\"inLanguage\":\"fr-BE\",\"@id\":\"https:\/\/vieassociative.be\/actualites\/#\/schema\/person\/image\/\",\"url\":\"https:\/\/vieassociative.be\/actualites\/wp-content\/uploads\/2024\/09\/vie-associative-1-150x150.jpg\",\"contentUrl\":\"https:\/\/vieassociative.be\/actualites\/wp-content\/uploads\/2024\/09\/vie-associative-1-150x150.jpg\",\"caption\":\"Julien\"},\"description\":\"Je suis Julien, r\u00e9dacteur pour Vie Associative. Passionn\u00e9 par le monde associatif depuis plus de 10 ans, j'ai \u00e0 c\u0153ur de partager des histoires inspirantes et de mettre en lumi\u00e8re les initiatives locales. Mon objectif est de sensibiliser et d'encourager l'engagement communautaire \u00e0 travers mes articles.\",\"sameAs\":[\"https:\/\/vieassociative.be\/\"]}]}<\/script>\n<!-- \/ Yoast SEO plugin. -->","yoast_head_json":{"title":"Meta redouble d'efforts en mati\u00e8re de dispositifs portables de r\u00e9alit\u00e9 augment\u00e9e | Vie Associative","robots":{"index":"index","follow":"follow","max-snippet":"max-snippet:-1","max-image-preview":"max-image-preview:large","max-video-preview":"max-video-preview:-1"},"canonical":"https:\/\/vieassociative.be\/actualites\/meta-redouble-defforts-en-matiere-de-dispositifs-portables-de-realite-augmentee\/","og_locale":"fr_FR","og_type":"article","og_title":"Meta redouble d'efforts en mati\u00e8re de dispositifs portables de r\u00e9alit\u00e9 augment\u00e9e | Vie Associative","og_description":"Meta Connect 2024 \u00e9tait consacr\u00e9 au Meta Quest, aux lunettes intelligentes et \u00e0 l&rsquo;IA. Le Meta Connect 2024 est termin\u00e9. Mark Zuckerberg est mont\u00e9 sur","og_url":"https:\/\/vieassociative.be\/actualites\/meta-redouble-defforts-en-matiere-de-dispositifs-portables-de-realite-augmentee\/","og_site_name":"Vie Associative","article_published_time":"2024-09-26T11:17:01+00:00","og_image":[{"url":"https:\/\/vieassociative.be\/actualites\/wp-content\/uploads\/2024\/09\/Meta-redouble-defforts-en-matiere-de-dispositifs-portables-de-realite.png","type":"","width":"","height":""}],"author":"Julien","twitter_card":"summary_large_image","twitter_misc":{"\u00c9crit par":"Julien","Dur\u00e9e de lecture est.":"11 minutes"},"schema":{"@context":"https:\/\/schema.org","@graph":[{"@type":"Article","@id":"https:\/\/vieassociative.be\/actualites\/meta-redouble-defforts-en-matiere-de-dispositifs-portables-de-realite-augmentee\/#article","isPartOf":{"@id":"https:\/\/vieassociative.be\/actualites\/meta-redouble-defforts-en-matiere-de-dispositifs-portables-de-realite-augmentee\/"},"author":{"name":"Julien","@id":"https:\/\/vieassociative.be\/actualites\/#\/schema\/person\/b87ac4f82f9d4e7b7cec7395b679edc4"},"headline":"Meta redouble d&rsquo;efforts en mati\u00e8re de dispositifs portables de r\u00e9alit\u00e9 augment\u00e9e","datePublished":"2024-09-26T11:17:01+00:00","dateModified":"2024-09-26T11:17:01+00:00","mainEntityOfPage":{"@id":"https:\/\/vieassociative.be\/actualites\/meta-redouble-defforts-en-matiere-de-dispositifs-portables-de-realite-augmentee\/"},"wordCount":2277,"publisher":{"@id":"https:\/\/vieassociative.be\/actualites\/#organization"},"image":{"@id":"https:\/\/vieassociative.be\/actualites\/meta-redouble-defforts-en-matiere-de-dispositifs-portables-de-realite-augmentee\/#primaryimage"},"thumbnailUrl":"https:\/\/vieassociative.be\/actualites\/wp-content\/uploads\/2024\/09\/Meta-redouble-defforts-en-matiere-de-dispositifs-portables-de-realite.jpg","keywords":["augment\u00e9e","defforts","dispositifs","mati\u00e8re","Meta","portables","r\u00e9alit\u00e9","redouble"],"articleSection":["Technologie"],"inLanguage":"fr-BE"},{"@type":"WebPage","@id":"https:\/\/vieassociative.be\/actualites\/meta-redouble-defforts-en-matiere-de-dispositifs-portables-de-realite-augmentee\/","url":"https:\/\/vieassociative.be\/actualites\/meta-redouble-defforts-en-matiere-de-dispositifs-portables-de-realite-augmentee\/","name":"Meta redouble d'efforts en mati\u00e8re de dispositifs portables de r\u00e9alit\u00e9 augment\u00e9e | Vie Associative","isPartOf":{"@id":"https:\/\/vieassociative.be\/actualites\/#website"},"primaryImageOfPage":{"@id":"https:\/\/vieassociative.be\/actualites\/meta-redouble-defforts-en-matiere-de-dispositifs-portables-de-realite-augmentee\/#primaryimage"},"image":{"@id":"https:\/\/vieassociative.be\/actualites\/meta-redouble-defforts-en-matiere-de-dispositifs-portables-de-realite-augmentee\/#primaryimage"},"thumbnailUrl":"https:\/\/vieassociative.be\/actualites\/wp-content\/uploads\/2024\/09\/Meta-redouble-defforts-en-matiere-de-dispositifs-portables-de-realite.jpg","datePublished":"2024-09-26T11:17:01+00:00","dateModified":"2024-09-26T11:17:01+00:00","breadcrumb":{"@id":"https:\/\/vieassociative.be\/actualites\/meta-redouble-defforts-en-matiere-de-dispositifs-portables-de-realite-augmentee\/#breadcrumb"},"inLanguage":"fr-BE","potentialAction":[{"@type":"ReadAction","target":["https:\/\/vieassociative.be\/actualites\/meta-redouble-defforts-en-matiere-de-dispositifs-portables-de-realite-augmentee\/"]}]},{"@type":"ImageObject","inLanguage":"fr-BE","@id":"https:\/\/vieassociative.be\/actualites\/meta-redouble-defforts-en-matiere-de-dispositifs-portables-de-realite-augmentee\/#primaryimage","url":"https:\/\/vieassociative.be\/actualites\/wp-content\/uploads\/2024\/09\/Meta-redouble-defforts-en-matiere-de-dispositifs-portables-de-realite.jpg","contentUrl":"https:\/\/vieassociative.be\/actualites\/wp-content\/uploads\/2024\/09\/Meta-redouble-defforts-en-matiere-de-dispositifs-portables-de-realite.jpg","width":1200,"height":675,"caption":"Meta redouble d'efforts en mati\u00e8re de dispositifs portables de r\u00e9alit\u00e9 augment\u00e9e"},{"@type":"BreadcrumbList","@id":"https:\/\/vieassociative.be\/actualites\/meta-redouble-defforts-en-matiere-de-dispositifs-portables-de-realite-augmentee\/#breadcrumb","itemListElement":[{"@type":"ListItem","position":1,"name":"Accueil","item":"https:\/\/vieassociative.be\/actualites\/"},{"@type":"ListItem","position":2,"name":"Meta redouble d&rsquo;efforts en mati\u00e8re de dispositifs portables de r\u00e9alit\u00e9 augment\u00e9e"}]},{"@type":"WebSite","@id":"https:\/\/vieassociative.be\/actualites\/#website","url":"https:\/\/vieassociative.be\/actualites\/","name":"Vie Associative","description":"","publisher":{"@id":"https:\/\/vieassociative.be\/actualites\/#organization"},"potentialAction":[{"@type":"SearchAction","target":{"@type":"EntryPoint","urlTemplate":"https:\/\/vieassociative.be\/actualites\/?s={search_term_string}"},"query-input":{"@type":"PropertyValueSpecification","valueRequired":true,"valueName":"search_term_string"}}],"inLanguage":"fr-BE"},{"@type":"Organization","@id":"https:\/\/vieassociative.be\/actualites\/#organization","name":"Vie Associative","url":"https:\/\/vieassociative.be\/actualites\/","logo":{"@type":"ImageObject","inLanguage":"fr-BE","@id":"https:\/\/vieassociative.be\/actualites\/#\/schema\/logo\/image\/","url":"https:\/\/vieassociative.be\/actualites\/wp-content\/uploads\/2024\/09\/cropped-vieassociative_favicon.ico.png","contentUrl":"https:\/\/vieassociative.be\/actualites\/wp-content\/uploads\/2024\/09\/cropped-vieassociative_favicon.ico.png","width":512,"height":512,"caption":"Vie Associative"},"image":{"@id":"https:\/\/vieassociative.be\/actualites\/#\/schema\/logo\/image\/"}},{"@type":"Person","@id":"https:\/\/vieassociative.be\/actualites\/#\/schema\/person\/b87ac4f82f9d4e7b7cec7395b679edc4","name":"Julien","image":{"@type":"ImageObject","inLanguage":"fr-BE","@id":"https:\/\/vieassociative.be\/actualites\/#\/schema\/person\/image\/","url":"https:\/\/vieassociative.be\/actualites\/wp-content\/uploads\/2024\/09\/vie-associative-1-150x150.jpg","contentUrl":"https:\/\/vieassociative.be\/actualites\/wp-content\/uploads\/2024\/09\/vie-associative-1-150x150.jpg","caption":"Julien"},"description":"Je suis Julien, r\u00e9dacteur pour Vie Associative. Passionn\u00e9 par le monde associatif depuis plus de 10 ans, j'ai \u00e0 c\u0153ur de partager des histoires inspirantes et de mettre en lumi\u00e8re les initiatives locales. Mon objectif est de sensibiliser et d'encourager l'engagement communautaire \u00e0 travers mes articles.","sameAs":["https:\/\/vieassociative.be\/"]}]}},"_links":{"self":[{"href":"https:\/\/vieassociative.be\/actualites\/wp-json\/wp\/v2\/posts\/511"}],"collection":[{"href":"https:\/\/vieassociative.be\/actualites\/wp-json\/wp\/v2\/posts"}],"about":[{"href":"https:\/\/vieassociative.be\/actualites\/wp-json\/wp\/v2\/types\/post"}],"author":[{"embeddable":true,"href":"https:\/\/vieassociative.be\/actualites\/wp-json\/wp\/v2\/users\/1"}],"replies":[{"embeddable":true,"href":"https:\/\/vieassociative.be\/actualites\/wp-json\/wp\/v2\/comments?post=511"}],"version-history":[{"count":0,"href":"https:\/\/vieassociative.be\/actualites\/wp-json\/wp\/v2\/posts\/511\/revisions"}],"wp:featuredmedia":[{"embeddable":true,"href":"https:\/\/vieassociative.be\/actualites\/wp-json\/wp\/v2\/media\/512"}],"wp:attachment":[{"href":"https:\/\/vieassociative.be\/actualites\/wp-json\/wp\/v2\/media?parent=511"}],"wp:term":[{"taxonomy":"category","embeddable":true,"href":"https:\/\/vieassociative.be\/actualites\/wp-json\/wp\/v2\/categories?post=511"},{"taxonomy":"post_tag","embeddable":true,"href":"https:\/\/vieassociative.be\/actualites\/wp-json\/wp\/v2\/tags?post=511"}],"curies":[{"name":"wp","href":"https:\/\/api.w.org\/{rel}","templated":true}]}}