{"id":5094,"date":"2025-02-14T00:18:01","date_gmt":"2025-02-13T23:18:01","guid":{"rendered":"https:\/\/vieassociative.be\/actualites\/vous-devez-installer-ce-patch-de-securite-windows-immediatement\/"},"modified":"2025-02-14T00:18:01","modified_gmt":"2025-02-13T23:18:01","slug":"vous-devez-installer-ce-patch-de-securite-windows-immediatement","status":"publish","type":"post","link":"https:\/\/vieassociative.be\/actualites\/vous-devez-installer-ce-patch-de-securite-windows-immediatement\/","title":{"rendered":"Vous devez installer ce patch de s\u00e9curit\u00e9 Windows imm\u00e9diatement"},"content":{"rendered":"<div class=\"mt-4 leading-6 md:mb-8\">Microsoft a corrig\u00e9 quatre vuln\u00e9rabilit\u00e9s z\u00e9ro jour au total.<\/div>\n<p><\/p>\n<p>Microsoft vient de supprimer sa mise \u00e0 jour de s\u00e9curit\u00e9 du patch mardi pour f\u00e9vrier 2025. Il s&rsquo;agit d&rsquo;une mise \u00e0 jour mensuelle pour Windows qui comprend tous les correctifs de s\u00e9curit\u00e9 et les corrections de stabilit\u00e9 sur lesquelles Microsoft travaille depuis la derni\u00e8re version. Mais juste parce que ces mises \u00e0 jour arrivent sans de nouvelles fonctionnalit\u00e9s orient\u00e9es utilisateur, cela ne signifie pas qu&rsquo;ils ne sont pas tout aussi importants, sinon plus. <\/p>\n<p>Comme indiqu\u00e9 par Bleeping Computer, ce dernier patch mettant \u00e0 jour mardi corrige 55 d\u00e9fauts de s\u00e9curit\u00e9 \u00e0 travers Windows. Cela comprend 22 d\u00e9fauts d&rsquo;ex\u00e9cution de code distant, 19 d\u00e9fauts d&rsquo;\u00e9l\u00e9vation des privil\u00e8ges, neuf d\u00e9finiles de services, trois d\u00e9fauts d&rsquo;usurpation, deux d\u00e9fauts de contournement de fonctions de s\u00e9curit\u00e9 et un d\u00e9faut de divulgation d&rsquo;informations.<\/p>\n<h2 id=\"heres-what-microsoft-fixed-with-its-latest-patch-tuesday-update\">Voici ce que Microsoft a fix\u00e9 avec sa derni\u00e8re mise \u00e0 jour du mardi de patch<\/h2>\n<p>Alors que les 55 d\u00e9fauts valaient la peine d&rsquo;\u00eatre abord\u00e9s, quatre d&rsquo;entre eux \u00e9taient particuli\u00e8rement essentiels pour r\u00e9parer &#8211; et en r\u00e9pandre deux d&rsquo;entre eux \u00e9tait encore plus vital. En effet, quatre de ces d\u00e9fauts \u00e9taient des vuln\u00e9rabilit\u00e9s z\u00e9ro-jour, des d\u00e9fauts de s\u00e9curit\u00e9 qui sont connus publiquement sans patch disponible. C&rsquo;est une recette de catastrophe: les mauvais acteurs d\u00e9couvriront in\u00e9vitablement des moyens d&rsquo;exploiter les d\u00e9fauts de s\u00e9curit\u00e9, mais la cl\u00e9 est que les d\u00e9veloppeurs de logiciels d\u00e9couvrent et r\u00e9parent ces d\u00e9fauts avant m\u00eame que les mauvais acteurs aient une chance de savoir quels sont ces d\u00e9fauts. Lorsque des d\u00e9fauts sont d\u00e9couverts avant qu&rsquo;un correctif ne soit disponible, il augmente fortement les chances d&rsquo;un exploit en cours de d\u00e9veloppement avant que un patch ne puisse \u00eatre cr\u00e9\u00e9. <\/p>\n<p>Dans ce cas, quatre vuln\u00e9rabilit\u00e9s de ce type ont \u00e9t\u00e9 fix\u00e9es dans cette derni\u00e8re mise \u00e0 jour du mardi patch. Deux d&rsquo;entre eux n&rsquo;ont pas \u00e9t\u00e9 activement exploit\u00e9s &#8211; du moins, Microsoft dit qu&rsquo;ils ne l&rsquo;ont pas fait. L&rsquo;un est le CVE-2025-21194, une fonctionnalit\u00e9 de s\u00e9curit\u00e9 de Microsoft Surface contourne la vuln\u00e9rabilit\u00e9 qui pourrait permettre de contourner l&rsquo;interface du micrologiciel extensible unifi\u00e9 (UEFI) et de compromettre \u00e0 la fois l&rsquo;hyperviseur et le noyau s\u00e9curis\u00e9 de machines sp\u00e9cifiques. De mani\u00e8re claire, la faille pourrait permettre aux mauvais acteurs de compromettre le programme alimentant les machines virtuelles sur Windows, ainsi que le c\u0153ur de votre syst\u00e8me d&rsquo;exploitation.<\/p>\n<p>L&rsquo;autre d\u00e9faut divulgu\u00e9 publiquement \u00e9tait le CVE-2025-21377, une vuln\u00e9rabilit\u00e9 de l&rsquo;usurpation de divulgation de hachage NTLM, qui permet \u00e0 de mauvais acteurs d&rsquo;acc\u00e9der au hachage NTLM de votre ordinateur pour obtenir votre mot de passe en texte clair. Avec ce d\u00e9faut particulier, un utilisateur peut seulement avoir besoin de s\u00e9lectionner, de cliquer avec le bouton droit ou d&rsquo;interagir avec un fichier malveillant afin de d\u00e9clencher l&rsquo;exploit, ce qui pourrait ensuite permettre \u00e0 un pirate de se connecter \u00e0 la machine en tant qu&rsquo;utilisateur. Microsoft reste assez silencieux \u00e0 propos de celui-ci. <\/p>\n<p>Cependant, les deux autres correctifs de d\u00e9fauts z\u00e9ro-jours dans cette mise \u00e0 jour ont en fait \u00e9t\u00e9 activement exploit\u00e9s. Cela comprend CVE-2025-21391, une \u00e9l\u00e9vation de stockage Windows de la vuln\u00e9rabilit\u00e9 des privil\u00e8ges qui a permis aux mauvais acteurs de supprimer des fichiers cibl\u00e9s sur votre ordinateur. Microsoft a pr\u00e9cis\u00e9 que la faille ne permet pas aux mauvais acteurs de voir vos informations confidentielles, mais \u00eatre en mesure de supprimer des fichiers signifie que les attaquants peuvent casser des parties de votre syst\u00e8me. Le deuxi\u00e8me d\u00e9faut z\u00e9ro jour exploit\u00e9 activement \u00e9tait le CVE-2025-21418, une \u00e9l\u00e9vation de la vuln\u00e9rabilit\u00e9 des privil\u00e8ges qui a permis aux mauvais acteurs d&rsquo;obtenir des privil\u00e8ges syst\u00e8me sous Windows. Microsoft n&rsquo;a partag\u00e9 comment aucun de ces d\u00e9fauts a \u00e9t\u00e9 exploit\u00e9 par de mauvais acteurs et gardait l&rsquo;identit\u00e9 de ceux qui les ont d\u00e9couverts anonymes.  <\/p>\n<p>Bien que nous ne connaissions pas toute la port\u00e9e de ces deux derniers jours z\u00e9ro, il est important de les mettre \u00e0 jour et de les corriger d\u00e8s que possible. Comme ils sont activement exploit\u00e9s, il est possible que quelqu&rsquo;un puisse les utiliser contre votre ordinateur \u00e0 moins d&rsquo;installer le correctif.<\/p>\n<h2 id=\"how-to-install-the-latest-security-updates-on-windows\">Comment installer les derni\u00e8res mises \u00e0 jour de s\u00e9curit\u00e9 sur Windows<\/h2>\n<p>Pour prot\u00e9ger votre PC, installez cette derni\u00e8re mise \u00e0 jour du patch mardi d\u00e8s que possible. Pour ce faire, dirigez-vous vers <strong>D\u00e9marrer> Param\u00e8tres> Mise \u00e0 jour Windows<\/strong>alors choisissez <strong>V\u00e9rifiez les mises \u00e0 jour Windows<\/strong>.<\/p>\n","protected":false},"excerpt":{"rendered":"<p>Microsoft a corrig\u00e9 quatre vuln\u00e9rabilit\u00e9s z\u00e9ro jour au total. Microsoft vient de supprimer sa mise \u00e0 jour de s\u00e9curit\u00e9 du patch mardi pour f\u00e9vrier 2025.<\/p>\n","protected":false},"author":1,"featured_media":5095,"comment_status":"","ping_status":"","sticky":false,"template":"","format":"standard","meta":{"footnotes":""},"categories":[13],"tags":[1086,1631,4336,5334,151,4,171],"class_list":["post-5094","post","type-post","status-publish","format-standard","has-post-thumbnail","hentry","category-technologie","tag-devez","tag-immediatement","tag-installer","tag-patch","tag-securite","tag-vous","tag-windows","generate-columns","tablet-grid-50","mobile-grid-100","grid-parent","grid-33"],"yoast_head":"<!-- This site is optimized with the Yoast SEO plugin v24.0 - https:\/\/yoast.com\/wordpress\/plugins\/seo\/ -->\n<title>Vous devez installer ce patch de s\u00e9curit\u00e9 Windows imm\u00e9diatement | Vie Associative<\/title>\n<meta name=\"robots\" content=\"index, follow, max-snippet:-1, max-image-preview:large, max-video-preview:-1\" \/>\n<link rel=\"canonical\" href=\"https:\/\/vieassociative.be\/actualites\/vous-devez-installer-ce-patch-de-securite-windows-immediatement\/\" \/>\n<meta property=\"og:locale\" content=\"fr_FR\" \/>\n<meta property=\"og:type\" content=\"article\" \/>\n<meta property=\"og:title\" content=\"Vous devez installer ce patch de s\u00e9curit\u00e9 Windows imm\u00e9diatement | Vie Associative\" \/>\n<meta property=\"og:description\" content=\"Microsoft a corrig\u00e9 quatre vuln\u00e9rabilit\u00e9s z\u00e9ro jour au total. Microsoft vient de supprimer sa mise \u00e0 jour de s\u00e9curit\u00e9 du patch mardi pour f\u00e9vrier 2025.\" \/>\n<meta property=\"og:url\" content=\"https:\/\/vieassociative.be\/actualites\/vous-devez-installer-ce-patch-de-securite-windows-immediatement\/\" \/>\n<meta property=\"og:site_name\" content=\"Vie Associative\" \/>\n<meta property=\"article:published_time\" content=\"2025-02-13T23:18:01+00:00\" \/>\n<meta property=\"og:image\" content=\"https:\/\/vieassociative.be\/actualites\/wp-content\/uploads\/2024\/09\/header_backgroundk-01-e1726694325946.png\" \/>\n\t<meta property=\"og:image:width\" content=\"279\" \/>\n\t<meta property=\"og:image:height\" content=\"92\" \/>\n\t<meta property=\"og:image:type\" content=\"image\/png\" \/>\n<meta name=\"author\" content=\"Julien\" \/>\n<meta name=\"twitter:card\" content=\"summary_large_image\" \/>\n<meta name=\"twitter:label1\" content=\"\u00c9crit par\" \/>\n\t<meta name=\"twitter:data1\" content=\"Julien\" \/>\n\t<meta name=\"twitter:label2\" content=\"Dur\u00e9e de lecture est.\" \/>\n\t<meta name=\"twitter:data2\" content=\"4 minutes\" \/>\n<script type=\"application\/ld+json\" class=\"yoast-schema-graph\">{\"@context\":\"https:\/\/schema.org\",\"@graph\":[{\"@type\":\"Article\",\"@id\":\"https:\/\/vieassociative.be\/actualites\/vous-devez-installer-ce-patch-de-securite-windows-immediatement\/#article\",\"isPartOf\":{\"@id\":\"https:\/\/vieassociative.be\/actualites\/vous-devez-installer-ce-patch-de-securite-windows-immediatement\/\"},\"author\":{\"name\":\"Julien\",\"@id\":\"https:\/\/vieassociative.be\/actualites\/#\/schema\/person\/b87ac4f82f9d4e7b7cec7395b679edc4\"},\"headline\":\"Vous devez installer ce patch de s\u00e9curit\u00e9 Windows imm\u00e9diatement\",\"datePublished\":\"2025-02-13T23:18:01+00:00\",\"dateModified\":\"2025-02-13T23:18:01+00:00\",\"mainEntityOfPage\":{\"@id\":\"https:\/\/vieassociative.be\/actualites\/vous-devez-installer-ce-patch-de-securite-windows-immediatement\/\"},\"wordCount\":825,\"publisher\":{\"@id\":\"https:\/\/vieassociative.be\/actualites\/#organization\"},\"image\":{\"@id\":\"https:\/\/vieassociative.be\/actualites\/vous-devez-installer-ce-patch-de-securite-windows-immediatement\/#primaryimage\"},\"thumbnailUrl\":\"https:\/\/vieassociative.be\/actualites\/wp-content\/uploads\/2025\/02\/Vous-devez-installer-ce-patch-de-securite-Windows-immediatement.png\",\"keywords\":[\"devez\",\"imm\u00e9diatement\",\"installer\",\"patch\",\"s\u00e9curit\u00e9\",\"Vous\",\"Windows\"],\"articleSection\":[\"Technologie\"],\"inLanguage\":\"fr-BE\"},{\"@type\":\"WebPage\",\"@id\":\"https:\/\/vieassociative.be\/actualites\/vous-devez-installer-ce-patch-de-securite-windows-immediatement\/\",\"url\":\"https:\/\/vieassociative.be\/actualites\/vous-devez-installer-ce-patch-de-securite-windows-immediatement\/\",\"name\":\"Vous devez installer ce patch de s\u00e9curit\u00e9 Windows imm\u00e9diatement | Vie Associative\",\"isPartOf\":{\"@id\":\"https:\/\/vieassociative.be\/actualites\/#website\"},\"primaryImageOfPage\":{\"@id\":\"https:\/\/vieassociative.be\/actualites\/vous-devez-installer-ce-patch-de-securite-windows-immediatement\/#primaryimage\"},\"image\":{\"@id\":\"https:\/\/vieassociative.be\/actualites\/vous-devez-installer-ce-patch-de-securite-windows-immediatement\/#primaryimage\"},\"thumbnailUrl\":\"https:\/\/vieassociative.be\/actualites\/wp-content\/uploads\/2025\/02\/Vous-devez-installer-ce-patch-de-securite-Windows-immediatement.png\",\"datePublished\":\"2025-02-13T23:18:01+00:00\",\"dateModified\":\"2025-02-13T23:18:01+00:00\",\"breadcrumb\":{\"@id\":\"https:\/\/vieassociative.be\/actualites\/vous-devez-installer-ce-patch-de-securite-windows-immediatement\/#breadcrumb\"},\"inLanguage\":\"fr-BE\",\"potentialAction\":[{\"@type\":\"ReadAction\",\"target\":[\"https:\/\/vieassociative.be\/actualites\/vous-devez-installer-ce-patch-de-securite-windows-immediatement\/\"]}]},{\"@type\":\"ImageObject\",\"inLanguage\":\"fr-BE\",\"@id\":\"https:\/\/vieassociative.be\/actualites\/vous-devez-installer-ce-patch-de-securite-windows-immediatement\/#primaryimage\",\"url\":\"https:\/\/vieassociative.be\/actualites\/wp-content\/uploads\/2025\/02\/Vous-devez-installer-ce-patch-de-securite-Windows-immediatement.png\",\"contentUrl\":\"https:\/\/vieassociative.be\/actualites\/wp-content\/uploads\/2025\/02\/Vous-devez-installer-ce-patch-de-securite-Windows-immediatement.png\",\"width\":1200,\"height\":675,\"caption\":\"Vous devez installer ce patch de s\u00e9curit\u00e9 Windows imm\u00e9diatement\"},{\"@type\":\"BreadcrumbList\",\"@id\":\"https:\/\/vieassociative.be\/actualites\/vous-devez-installer-ce-patch-de-securite-windows-immediatement\/#breadcrumb\",\"itemListElement\":[{\"@type\":\"ListItem\",\"position\":1,\"name\":\"Accueil\",\"item\":\"https:\/\/vieassociative.be\/actualites\/\"},{\"@type\":\"ListItem\",\"position\":2,\"name\":\"Vous devez installer ce patch de s\u00e9curit\u00e9 Windows imm\u00e9diatement\"}]},{\"@type\":\"WebSite\",\"@id\":\"https:\/\/vieassociative.be\/actualites\/#website\",\"url\":\"https:\/\/vieassociative.be\/actualites\/\",\"name\":\"Vie Associative\",\"description\":\"\",\"publisher\":{\"@id\":\"https:\/\/vieassociative.be\/actualites\/#organization\"},\"potentialAction\":[{\"@type\":\"SearchAction\",\"target\":{\"@type\":\"EntryPoint\",\"urlTemplate\":\"https:\/\/vieassociative.be\/actualites\/?s={search_term_string}\"},\"query-input\":{\"@type\":\"PropertyValueSpecification\",\"valueRequired\":true,\"valueName\":\"search_term_string\"}}],\"inLanguage\":\"fr-BE\"},{\"@type\":\"Organization\",\"@id\":\"https:\/\/vieassociative.be\/actualites\/#organization\",\"name\":\"Vie Associative\",\"url\":\"https:\/\/vieassociative.be\/actualites\/\",\"logo\":{\"@type\":\"ImageObject\",\"inLanguage\":\"fr-BE\",\"@id\":\"https:\/\/vieassociative.be\/actualites\/#\/schema\/logo\/image\/\",\"url\":\"https:\/\/vieassociative.be\/actualites\/wp-content\/uploads\/2024\/09\/cropped-vieassociative_favicon.ico.png\",\"contentUrl\":\"https:\/\/vieassociative.be\/actualites\/wp-content\/uploads\/2024\/09\/cropped-vieassociative_favicon.ico.png\",\"width\":512,\"height\":512,\"caption\":\"Vie Associative\"},\"image\":{\"@id\":\"https:\/\/vieassociative.be\/actualites\/#\/schema\/logo\/image\/\"}},{\"@type\":\"Person\",\"@id\":\"https:\/\/vieassociative.be\/actualites\/#\/schema\/person\/b87ac4f82f9d4e7b7cec7395b679edc4\",\"name\":\"Julien\",\"image\":{\"@type\":\"ImageObject\",\"inLanguage\":\"fr-BE\",\"@id\":\"https:\/\/vieassociative.be\/actualites\/#\/schema\/person\/image\/\",\"url\":\"https:\/\/vieassociative.be\/actualites\/wp-content\/uploads\/2024\/09\/vie-associative-1-150x150.jpg\",\"contentUrl\":\"https:\/\/vieassociative.be\/actualites\/wp-content\/uploads\/2024\/09\/vie-associative-1-150x150.jpg\",\"caption\":\"Julien\"},\"description\":\"Je suis Julien, r\u00e9dacteur pour Vie Associative. Passionn\u00e9 par le monde associatif depuis plus de 10 ans, j'ai \u00e0 c\u0153ur de partager des histoires inspirantes et de mettre en lumi\u00e8re les initiatives locales. Mon objectif est de sensibiliser et d'encourager l'engagement communautaire \u00e0 travers mes articles.\",\"sameAs\":[\"https:\/\/vieassociative.be\/\"]}]}<\/script>\n<!-- \/ Yoast SEO plugin. -->","yoast_head_json":{"title":"Vous devez installer ce patch de s\u00e9curit\u00e9 Windows imm\u00e9diatement | Vie Associative","robots":{"index":"index","follow":"follow","max-snippet":"max-snippet:-1","max-image-preview":"max-image-preview:large","max-video-preview":"max-video-preview:-1"},"canonical":"https:\/\/vieassociative.be\/actualites\/vous-devez-installer-ce-patch-de-securite-windows-immediatement\/","og_locale":"fr_FR","og_type":"article","og_title":"Vous devez installer ce patch de s\u00e9curit\u00e9 Windows imm\u00e9diatement | Vie Associative","og_description":"Microsoft a corrig\u00e9 quatre vuln\u00e9rabilit\u00e9s z\u00e9ro jour au total. Microsoft vient de supprimer sa mise \u00e0 jour de s\u00e9curit\u00e9 du patch mardi pour f\u00e9vrier 2025.","og_url":"https:\/\/vieassociative.be\/actualites\/vous-devez-installer-ce-patch-de-securite-windows-immediatement\/","og_site_name":"Vie Associative","article_published_time":"2025-02-13T23:18:01+00:00","og_image":[{"width":279,"height":92,"url":"https:\/\/vieassociative.be\/actualites\/wp-content\/uploads\/2024\/09\/header_backgroundk-01-e1726694325946.png","type":"image\/png"}],"author":"Julien","twitter_card":"summary_large_image","twitter_misc":{"\u00c9crit par":"Julien","Dur\u00e9e de lecture est.":"4 minutes"},"schema":{"@context":"https:\/\/schema.org","@graph":[{"@type":"Article","@id":"https:\/\/vieassociative.be\/actualites\/vous-devez-installer-ce-patch-de-securite-windows-immediatement\/#article","isPartOf":{"@id":"https:\/\/vieassociative.be\/actualites\/vous-devez-installer-ce-patch-de-securite-windows-immediatement\/"},"author":{"name":"Julien","@id":"https:\/\/vieassociative.be\/actualites\/#\/schema\/person\/b87ac4f82f9d4e7b7cec7395b679edc4"},"headline":"Vous devez installer ce patch de s\u00e9curit\u00e9 Windows imm\u00e9diatement","datePublished":"2025-02-13T23:18:01+00:00","dateModified":"2025-02-13T23:18:01+00:00","mainEntityOfPage":{"@id":"https:\/\/vieassociative.be\/actualites\/vous-devez-installer-ce-patch-de-securite-windows-immediatement\/"},"wordCount":825,"publisher":{"@id":"https:\/\/vieassociative.be\/actualites\/#organization"},"image":{"@id":"https:\/\/vieassociative.be\/actualites\/vous-devez-installer-ce-patch-de-securite-windows-immediatement\/#primaryimage"},"thumbnailUrl":"https:\/\/vieassociative.be\/actualites\/wp-content\/uploads\/2025\/02\/Vous-devez-installer-ce-patch-de-securite-Windows-immediatement.png","keywords":["devez","imm\u00e9diatement","installer","patch","s\u00e9curit\u00e9","Vous","Windows"],"articleSection":["Technologie"],"inLanguage":"fr-BE"},{"@type":"WebPage","@id":"https:\/\/vieassociative.be\/actualites\/vous-devez-installer-ce-patch-de-securite-windows-immediatement\/","url":"https:\/\/vieassociative.be\/actualites\/vous-devez-installer-ce-patch-de-securite-windows-immediatement\/","name":"Vous devez installer ce patch de s\u00e9curit\u00e9 Windows imm\u00e9diatement | Vie Associative","isPartOf":{"@id":"https:\/\/vieassociative.be\/actualites\/#website"},"primaryImageOfPage":{"@id":"https:\/\/vieassociative.be\/actualites\/vous-devez-installer-ce-patch-de-securite-windows-immediatement\/#primaryimage"},"image":{"@id":"https:\/\/vieassociative.be\/actualites\/vous-devez-installer-ce-patch-de-securite-windows-immediatement\/#primaryimage"},"thumbnailUrl":"https:\/\/vieassociative.be\/actualites\/wp-content\/uploads\/2025\/02\/Vous-devez-installer-ce-patch-de-securite-Windows-immediatement.png","datePublished":"2025-02-13T23:18:01+00:00","dateModified":"2025-02-13T23:18:01+00:00","breadcrumb":{"@id":"https:\/\/vieassociative.be\/actualites\/vous-devez-installer-ce-patch-de-securite-windows-immediatement\/#breadcrumb"},"inLanguage":"fr-BE","potentialAction":[{"@type":"ReadAction","target":["https:\/\/vieassociative.be\/actualites\/vous-devez-installer-ce-patch-de-securite-windows-immediatement\/"]}]},{"@type":"ImageObject","inLanguage":"fr-BE","@id":"https:\/\/vieassociative.be\/actualites\/vous-devez-installer-ce-patch-de-securite-windows-immediatement\/#primaryimage","url":"https:\/\/vieassociative.be\/actualites\/wp-content\/uploads\/2025\/02\/Vous-devez-installer-ce-patch-de-securite-Windows-immediatement.png","contentUrl":"https:\/\/vieassociative.be\/actualites\/wp-content\/uploads\/2025\/02\/Vous-devez-installer-ce-patch-de-securite-Windows-immediatement.png","width":1200,"height":675,"caption":"Vous devez installer ce patch de s\u00e9curit\u00e9 Windows imm\u00e9diatement"},{"@type":"BreadcrumbList","@id":"https:\/\/vieassociative.be\/actualites\/vous-devez-installer-ce-patch-de-securite-windows-immediatement\/#breadcrumb","itemListElement":[{"@type":"ListItem","position":1,"name":"Accueil","item":"https:\/\/vieassociative.be\/actualites\/"},{"@type":"ListItem","position":2,"name":"Vous devez installer ce patch de s\u00e9curit\u00e9 Windows imm\u00e9diatement"}]},{"@type":"WebSite","@id":"https:\/\/vieassociative.be\/actualites\/#website","url":"https:\/\/vieassociative.be\/actualites\/","name":"Vie Associative","description":"","publisher":{"@id":"https:\/\/vieassociative.be\/actualites\/#organization"},"potentialAction":[{"@type":"SearchAction","target":{"@type":"EntryPoint","urlTemplate":"https:\/\/vieassociative.be\/actualites\/?s={search_term_string}"},"query-input":{"@type":"PropertyValueSpecification","valueRequired":true,"valueName":"search_term_string"}}],"inLanguage":"fr-BE"},{"@type":"Organization","@id":"https:\/\/vieassociative.be\/actualites\/#organization","name":"Vie Associative","url":"https:\/\/vieassociative.be\/actualites\/","logo":{"@type":"ImageObject","inLanguage":"fr-BE","@id":"https:\/\/vieassociative.be\/actualites\/#\/schema\/logo\/image\/","url":"https:\/\/vieassociative.be\/actualites\/wp-content\/uploads\/2024\/09\/cropped-vieassociative_favicon.ico.png","contentUrl":"https:\/\/vieassociative.be\/actualites\/wp-content\/uploads\/2024\/09\/cropped-vieassociative_favicon.ico.png","width":512,"height":512,"caption":"Vie Associative"},"image":{"@id":"https:\/\/vieassociative.be\/actualites\/#\/schema\/logo\/image\/"}},{"@type":"Person","@id":"https:\/\/vieassociative.be\/actualites\/#\/schema\/person\/b87ac4f82f9d4e7b7cec7395b679edc4","name":"Julien","image":{"@type":"ImageObject","inLanguage":"fr-BE","@id":"https:\/\/vieassociative.be\/actualites\/#\/schema\/person\/image\/","url":"https:\/\/vieassociative.be\/actualites\/wp-content\/uploads\/2024\/09\/vie-associative-1-150x150.jpg","contentUrl":"https:\/\/vieassociative.be\/actualites\/wp-content\/uploads\/2024\/09\/vie-associative-1-150x150.jpg","caption":"Julien"},"description":"Je suis Julien, r\u00e9dacteur pour Vie Associative. Passionn\u00e9 par le monde associatif depuis plus de 10 ans, j'ai \u00e0 c\u0153ur de partager des histoires inspirantes et de mettre en lumi\u00e8re les initiatives locales. Mon objectif est de sensibiliser et d'encourager l'engagement communautaire \u00e0 travers mes articles.","sameAs":["https:\/\/vieassociative.be\/"]}]}},"_links":{"self":[{"href":"https:\/\/vieassociative.be\/actualites\/wp-json\/wp\/v2\/posts\/5094"}],"collection":[{"href":"https:\/\/vieassociative.be\/actualites\/wp-json\/wp\/v2\/posts"}],"about":[{"href":"https:\/\/vieassociative.be\/actualites\/wp-json\/wp\/v2\/types\/post"}],"author":[{"embeddable":true,"href":"https:\/\/vieassociative.be\/actualites\/wp-json\/wp\/v2\/users\/1"}],"replies":[{"embeddable":true,"href":"https:\/\/vieassociative.be\/actualites\/wp-json\/wp\/v2\/comments?post=5094"}],"version-history":[{"count":0,"href":"https:\/\/vieassociative.be\/actualites\/wp-json\/wp\/v2\/posts\/5094\/revisions"}],"wp:featuredmedia":[{"embeddable":true,"href":"https:\/\/vieassociative.be\/actualites\/wp-json\/wp\/v2\/media\/5095"}],"wp:attachment":[{"href":"https:\/\/vieassociative.be\/actualites\/wp-json\/wp\/v2\/media?parent=5094"}],"wp:term":[{"taxonomy":"category","embeddable":true,"href":"https:\/\/vieassociative.be\/actualites\/wp-json\/wp\/v2\/categories?post=5094"},{"taxonomy":"post_tag","embeddable":true,"href":"https:\/\/vieassociative.be\/actualites\/wp-json\/wp\/v2\/tags?post=5094"}],"curies":[{"name":"wp","href":"https:\/\/api.w.org\/{rel}","templated":true}]}}