{"id":5090,"date":"2025-02-13T21:17:47","date_gmt":"2025-02-13T20:17:47","guid":{"rendered":"https:\/\/vieassociative.be\/actualites\/voiture-de-voiture-en-demo-ce-que-nous-savons-et-ce-qui-ne-fait-pas\/"},"modified":"2025-02-13T21:17:47","modified_gmt":"2025-02-13T20:17:47","slug":"voiture-de-voiture-en-demo-ce-que-nous-savons-et-ce-qui-ne-fait-pas","status":"publish","type":"post","link":"https:\/\/vieassociative.be\/actualites\/voiture-de-voiture-en-demo-ce-que-nous-savons-et-ce-qui-ne-fait-pas\/","title":{"rendered":"Voiture de voiture en d\u00e9mo: ce que nous savons et ce qui ne fait pas"},"content":{"rendered":"<p><strong>Mise \u00e0 jour &#8211; Drives de voitures \u00e0 Munich \u00e0 Munich: ce que nous savons et ce qui n&rsquo;est pas<\/strong><br \/>\n<strong>Une d\u00e9mo coule dans le centre-ville de Munich lorsqu&rsquo;une voiture se rend soudainement dans une foule. Le chancelier Scholz (SPD) parle d&rsquo;une \u00ab\u00a0attaque\u00a0\u00bb, il y a des indications d&rsquo;un motif islamiste.<\/strong><\/p>\n<p><span id=\"more-408172\"><\/span>Dans le centre-ville de Munich, un v\u00e9hicule se d\u00e9roule dans un groupe de personnes.<\/p>\n<h3>Ce que nous savons<\/h3>\n<p><strong>&#8211; Le processus:<\/strong> Vers 10 h 30, un homme conduit au Munich Stiglmaierplatz avec une voiture par derri\u00e8re dans un train de d\u00e9monstration de l&rsquo;Union de Verdi.<\/p>\n<p><strong>&#8211; Les bless\u00e9s:<\/strong> Au moins 28 personnes ont \u00e9t\u00e9 bless\u00e9es selon la police, dont certaines au s\u00e9rieux. Selon les pompiers, il n&rsquo;y a aucun danger de vie pour certaines personnes. Le maire de Munich Dieter Reiter (SPD) a annonc\u00e9 que les enfants faisaient \u00e9galement partie des bless\u00e9s.<\/p>\n<div id=\"attachment_408204\" class=\"wp-caption alignleft\" style=\"max-width: 300px\"><img fetchpriority=\"high\" decoding=\"async\" class=\"wp-image-408204 size-medium\" src=\"https:\/\/vieassociative.be\/actualites\/wp-content\/uploads\/2025\/02\/Voiture-de-voiture-en-demo-ce-que-nous-savons-et.jpg\" alt=\"\" width=\"300\" height=\"200\"><\/p>\n<p class=\"wp-caption-text\">13.02.2025, Bavi\u00e8re, Munich: Une voiture est soulev\u00e9e sur une voiture de remorquage sur les lieux. Dans le centre-ville de Munich, un v\u00e9hicule est all\u00e9 \u00e0 un groupe de personnes. Photo: Matthias Balk \/ DPA<\/p>\n<\/div>\n<p><strong>&#8211; Le suspect:<\/strong> Selon la police, le conducteur est un demandeur d&rsquo;asile de 24 ans d&rsquo;Afghanistan. L&rsquo;homme a \u00e9t\u00e9 captur\u00e9 et la police a \u00e9galement abattu lors de l&rsquo;arrestation. Le conducteur a \u00e9t\u00e9 \u00ab\u00a0l\u00e9g\u00e8rement bless\u00e9\u00a0\u00bb lors de l&rsquo;arrestation. Cependant, ce n&rsquo;\u00e9tait pas une blessure par balle, comme l&rsquo;a expliqu\u00e9 la police. Il n&rsquo;y a actuellement aucun autre danger de sa part, a d\u00e9clar\u00e9 un porte-parole. Selon la police, il n&rsquo;y a aucune preuve d&rsquo;autres participants. En m\u00eame temps, il a \u00e9t\u00e9 constat\u00e9 \u00ab\u00a0qu&rsquo;il ne peut pas \u00eatre expuls\u00e9 pour le moment et qu&rsquo;il \u00e9tait donc autoris\u00e9 \u00e0 rester dans notre pays\u00a0\u00bb, a d\u00e9clar\u00e9 Herrmann. Le jeune homme \u00ab\u00a0a \u00e9galement\u00a0\u00bb remarqu\u00e9 des stup\u00e9fiants et du vol \u00e0 l&rsquo;\u00e9talage \u00ab\u00a0, mais selon l&rsquo;\u00e9tat actuel d&rsquo;enqu\u00eate, et non avec des actes violents. Selon le Premier ministre de Bavaria Markus S\u00f6der (CSU), le joueur de 24 ans a poursuivi un emploi. Fin 2016, il est venu en Allemagne en tant que mineure non accompagn\u00e9e. Il aurait \u00e9t\u00e9 en Italie au pr\u00e9alable. Quelques semaines apr\u00e8s son arriv\u00e9e, il avait fait une demande d&rsquo;asile qui a \u00e9t\u00e9 rejet\u00e9e en septembre 2017. D&rsquo;un autre c\u00f4t\u00e9, le jeune homme s&rsquo;est plaint &#8211; mais sans succ\u00e8s. Il aurait v\u00e9cu dans un immeuble dans le district de Munich \u00e0 Munich, et son appartement a \u00e9t\u00e9 recherch\u00e9 pour des informations DPA. La police et le procureur g\u00e9n\u00e9ral n&rsquo;ont initialement pas comment\u00e9 la demande.<\/p>\n<p><strong>&#8211; Le motif:<\/strong> Le chancelier Olaf Scholz (SPD) a parl\u00e9 d&rsquo;une \u00ab\u00a0terrible attaque\u00a0\u00bb. Il y a des indications initiales d&rsquo;un motif islamiste dans les r\u00e9seaux sociaux: le suspect aurait propos\u00e9 un poste pr\u00e9sum\u00e9 islamiste avant le crime. Selon les informations de l&rsquo;agence de presse allemande, l&rsquo;Afghan a partag\u00e9 le contenu correspondant sur les r\u00e9seaux sociaux.<\/p>\n<div id=\"attachment_408175\" class=\"wp-caption alignleft\" style=\"max-width: 300px\"><img decoding=\"async\" class=\"wp-image-408175 size-medium\" src=\"https:\/\/vieassociative.be\/actualites\/wp-content\/uploads\/2025\/02\/1739477867_665_Voiture-de-voiture-en-demo-ce-que-nous-savons-et.jpg\" alt=\"\" width=\"300\" height=\"200\"><\/p>\n<p class=\"wp-caption-text\">13.02.2025, Bavi\u00e8re, Munich: Les policiers examinent une voiture pr\u00e8s du lieu d&rsquo;utilisation. Photo: Peter Kneffel \/ DPA<\/p>\n<\/div>\n<p>Le \u00ab\u00a0Spiegel\u00a0\u00bb avait pr\u00e9c\u00e9demment \u00e9crit des contributions islamistes du suspect. Selon le ministre de la Justice de la Bavi\u00e8re, Georg Eisenreich (CSU), le bureau central bavarois de l&rsquo;extr\u00e9misme et du terrorisme du procureur g\u00e9n\u00e9ral a commenc\u00e9 l&rsquo;enqu\u00eate. Le Bureau f\u00e9d\u00e9ral pour la protection de la Constitution a d\u00e9clar\u00e9 que le Bureau f\u00e9d\u00e9ral \u00e9tait \u00ab\u00a0\u00e9troitement int\u00e9gr\u00e9 aux enqu\u00eates\u00a0\u00bb et \u00e9tait en \u00e9change des autorit\u00e9s locales.<\/p>\n<p><strong>&#8211; L&#8217;emplacement:<\/strong> Le Stiglmaierplatz est situ\u00e9 dans le Munich Maxvorstadt. Quelques rues du Stiglmaierplatz se tenaient \u00e9galement le matin plusieurs ambulances.<br \/>\nLes cons\u00e9quences: le chancelier Scholz a expliqu\u00e9 que l&rsquo;agresseur \u00ab\u00a0a \u00e9t\u00e9 puni\u00a0\u00bb et \u00ab\u00a0quittant le pays\u00a0\u00bb. Il a d\u00fb retourner dans le pays \u00ab\u00a0\u00e0 partir duquel il est venu\u00a0\u00bb, a d\u00e9clar\u00e9 Scholz. Le ministre de l&rsquo;Int\u00e9rieur, Nancy Faeser (SPD), a annonc\u00e9 la \u00abduret\u00e9 maximale\u00bb de l&rsquo;\u00e9tat de droit et des informations approfondies. L&rsquo;Allemagne est le seul \u00c9tat en Europe \u00e0 d\u00e9m\u00e9nager en Afghanistan &#8211; et continuera de le faire, a d\u00e9clar\u00e9 Faeser. Le ministre de l&rsquo;Int\u00e9rieur de la Bavi\u00e8re, Herrmann,, en revanche, a accus\u00e9 le niveau f\u00e9d\u00e9ral de n&rsquo;avoir approuv\u00e9 que quelques d\u00e9portations en Afghanistan. Herrmann a critiqu\u00e9 que des milliers d&rsquo;Afghans avec une application d&rsquo;asile rejet\u00e9e auraient pu avoir lieu jusqu&rsquo;\u00e0 pr\u00e9sent. L&rsquo;AFD bavarois, cependant, a appel\u00e9 \u00e0 la d\u00e9mission d&rsquo;Hermann et S\u00f6der. S\u00f6der n&rsquo;est pas en mesure de \u00ab\u00a0assurer notre s\u00e9curit\u00e9\u00a0\u00bb.<\/p>\n<h3>Ce que nous ne savons pas<\/h3>\n<div id=\"attachment_408176\" class=\"wp-caption alignleft\" style=\"max-width: 300px\"><img decoding=\"async\" class=\"wp-image-408176 size-medium\" src=\"https:\/\/vieassociative.be\/actualites\/wp-content\/uploads\/2025\/02\/1739477867_909_Voiture-de-voiture-en-demo-ce-que-nous-savons-et.jpg\" alt=\"\" width=\"300\" height=\"200\"  ><\/p>\n<p class=\"wp-caption-text\">13.02.2025, Bavi\u00e8re, Munich: le Premier ministre de Bavi\u00e8re Markus S\u00f6der (CSU, R) et le ministre de l&rsquo;Int\u00e9rieur Joachim Herrmann (CSU, 2e VR) fournissent une d\u00e9claration sur le site. Photo: Roland Freund \/ DPA<\/p>\n<\/div>\n<p><strong>&#8211; L&rsquo;arri\u00e8re-plan:<\/strong> Comment et pourquoi l&rsquo;incident s&rsquo;est produit n&rsquo;a pas encore \u00e9t\u00e9 clarifi\u00e9. Afin de recueillir plus d&rsquo;informations, \u00e9galement pour une \u00e9ventuelle motivation islamiste de l&rsquo;agresseur, la police a mis en place un point de collecte de t\u00e9moins et a appel\u00e9 la plate-forme X \u00e0 t\u00e9l\u00e9charger des vid\u00e9os et des images pertinentes dans un portail Internet.<\/p>\n<p><strong>&#8211; La d\u00e9monstration:<\/strong> Il n&rsquo;est pas clair si l&rsquo;incident est li\u00e9 \u00e0 la d\u00e9monstration ou \u00e0 l&rsquo;Union de Verdi. Verdi appelle actuellement \u00e0 l&rsquo;\u00e9chelle nationale pour avertir les gr\u00e8ves et les rassemblements pour le tour de n\u00e9gociation collectif actuel dans la fonction publique. Le ministre de l&rsquo;Int\u00e9rieur de Bavaria, Herrmann, a d\u00e9clar\u00e9 que l&rsquo;homme n&rsquo;aurait pas choisi cette manifestation. \u00ab\u00a0Pour le moment, nous supposons que le groupe cible ici \u00e9tait que les victimes des rangs de cette manifestation de Verdi \u00e9taient plus par accident\u00a0\u00bb, a d\u00e9clar\u00e9 Herrmann. \u00ab\u00a0Mais bien s\u00fbr, il faut enqu\u00eater.\u00a0\u00bb La manifestation, dans laquelle Verdi a pris plusieurs centaines de personnes, a \u00e9t\u00e9 annul\u00e9e apr\u00e8s le crime.<\/p>\n<p><strong>&#8211; La conf\u00e9rence de s\u00e9curit\u00e9:<\/strong> Vendredi, la Conf\u00e9rence de s\u00e9curit\u00e9 de Munich commence \u00e0 l&rsquo;h\u00f4tel Bayerischer HOF &#8211; \u00e0 environ deux kilom\u00e8tres du site. \u00c0 partir de jeudi apr\u00e8s-midi, plus de 60 chefs d&rsquo;\u00c9tat et de gouvernement sont attendus et plus de 100 ministres. On ne sait toujours pas si l&rsquo;incident a un impact sur la r\u00e9union. (DPA)<\/p>\n","protected":false},"excerpt":{"rendered":"<p>Mise \u00e0 jour &#8211; Drives de voitures \u00e0 Munich \u00e0 Munich: ce que nous savons et ce qui n&rsquo;est pas Une d\u00e9mo coule dans le<\/p>\n","protected":false},"author":1,"featured_media":5091,"comment_status":"","ping_status":"","sticky":false,"template":"","format":"standard","meta":{"footnotes":""},"categories":[298],"tags":[5330,635,393,126,99,4320,1229],"class_list":["post-5090","post","type-post","status-publish","format-standard","has-post-thumbnail","hentry","category-belgique","tag-demo","tag-fait","tag-nous","tag-pas","tag-qui","tag-savons","tag-voiture","generate-columns","tablet-grid-50","mobile-grid-100","grid-parent","grid-33"],"yoast_head":"<!-- This site is optimized with the Yoast SEO plugin v24.0 - https:\/\/yoast.com\/wordpress\/plugins\/seo\/ -->\n<title>Voiture de voiture en d\u00e9mo: ce que nous savons et ce qui ne fait pas | Vie Associative<\/title>\n<meta name=\"robots\" content=\"index, follow, max-snippet:-1, max-image-preview:large, max-video-preview:-1\" \/>\n<link rel=\"canonical\" href=\"https:\/\/vieassociative.be\/actualites\/voiture-de-voiture-en-demo-ce-que-nous-savons-et-ce-qui-ne-fait-pas\/\" \/>\n<meta property=\"og:locale\" content=\"fr_FR\" \/>\n<meta property=\"og:type\" content=\"article\" \/>\n<meta property=\"og:title\" content=\"Voiture de voiture en d\u00e9mo: ce que nous savons et ce qui ne fait pas | Vie Associative\" \/>\n<meta property=\"og:description\" content=\"Mise \u00e0 jour &#8211; Drives de voitures \u00e0 Munich \u00e0 Munich: ce que nous savons et ce qui n&rsquo;est pas Une d\u00e9mo coule dans le\" \/>\n<meta property=\"og:url\" content=\"https:\/\/vieassociative.be\/actualites\/voiture-de-voiture-en-demo-ce-que-nous-savons-et-ce-qui-ne-fait-pas\/\" \/>\n<meta property=\"og:site_name\" content=\"Vie Associative\" \/>\n<meta property=\"article:published_time\" content=\"2025-02-13T20:17:47+00:00\" \/>\n<meta property=\"og:image\" content=\"https:\/\/vieassociative.be\/actualites\/wp-content\/uploads\/2024\/09\/header_backgroundk-01-e1726694325946.png\" \/>\n\t<meta property=\"og:image:width\" content=\"279\" \/>\n\t<meta property=\"og:image:height\" content=\"92\" \/>\n\t<meta property=\"og:image:type\" content=\"image\/png\" \/>\n<meta name=\"author\" content=\"Julien\" \/>\n<meta name=\"twitter:card\" content=\"summary_large_image\" \/>\n<meta name=\"twitter:label1\" content=\"\u00c9crit par\" \/>\n\t<meta name=\"twitter:data1\" content=\"Julien\" \/>\n\t<meta name=\"twitter:label2\" content=\"Dur\u00e9e de lecture est.\" \/>\n\t<meta name=\"twitter:data2\" content=\"5 minutes\" \/>\n<script type=\"application\/ld+json\" class=\"yoast-schema-graph\">{\"@context\":\"https:\/\/schema.org\",\"@graph\":[{\"@type\":\"Article\",\"@id\":\"https:\/\/vieassociative.be\/actualites\/voiture-de-voiture-en-demo-ce-que-nous-savons-et-ce-qui-ne-fait-pas\/#article\",\"isPartOf\":{\"@id\":\"https:\/\/vieassociative.be\/actualites\/voiture-de-voiture-en-demo-ce-que-nous-savons-et-ce-qui-ne-fait-pas\/\"},\"author\":{\"name\":\"Julien\",\"@id\":\"https:\/\/vieassociative.be\/actualites\/#\/schema\/person\/b87ac4f82f9d4e7b7cec7395b679edc4\"},\"headline\":\"Voiture de voiture en d\u00e9mo: ce que nous savons et ce qui ne fait pas\",\"datePublished\":\"2025-02-13T20:17:47+00:00\",\"dateModified\":\"2025-02-13T20:17:47+00:00\",\"mainEntityOfPage\":{\"@id\":\"https:\/\/vieassociative.be\/actualites\/voiture-de-voiture-en-demo-ce-que-nous-savons-et-ce-qui-ne-fait-pas\/\"},\"wordCount\":1102,\"publisher\":{\"@id\":\"https:\/\/vieassociative.be\/actualites\/#organization\"},\"image\":{\"@id\":\"https:\/\/vieassociative.be\/actualites\/voiture-de-voiture-en-demo-ce-que-nous-savons-et-ce-qui-ne-fait-pas\/#primaryimage\"},\"thumbnailUrl\":\"https:\/\/vieassociative.be\/actualites\/wp-content\/uploads\/2025\/02\/1739477867_Voiture-de-voiture-en-demo-ce-que-nous-savons-et.jpg\",\"keywords\":[\"d\u00e9mo\",\"fait\",\"nous\",\"pas\",\"qui\",\"savons\",\"voiture\"],\"articleSection\":[\"Belgique\"],\"inLanguage\":\"fr-BE\"},{\"@type\":\"WebPage\",\"@id\":\"https:\/\/vieassociative.be\/actualites\/voiture-de-voiture-en-demo-ce-que-nous-savons-et-ce-qui-ne-fait-pas\/\",\"url\":\"https:\/\/vieassociative.be\/actualites\/voiture-de-voiture-en-demo-ce-que-nous-savons-et-ce-qui-ne-fait-pas\/\",\"name\":\"Voiture de voiture en d\u00e9mo: ce que nous savons et ce qui ne fait pas | Vie Associative\",\"isPartOf\":{\"@id\":\"https:\/\/vieassociative.be\/actualites\/#website\"},\"primaryImageOfPage\":{\"@id\":\"https:\/\/vieassociative.be\/actualites\/voiture-de-voiture-en-demo-ce-que-nous-savons-et-ce-qui-ne-fait-pas\/#primaryimage\"},\"image\":{\"@id\":\"https:\/\/vieassociative.be\/actualites\/voiture-de-voiture-en-demo-ce-que-nous-savons-et-ce-qui-ne-fait-pas\/#primaryimage\"},\"thumbnailUrl\":\"https:\/\/vieassociative.be\/actualites\/wp-content\/uploads\/2025\/02\/1739477867_Voiture-de-voiture-en-demo-ce-que-nous-savons-et.jpg\",\"datePublished\":\"2025-02-13T20:17:47+00:00\",\"dateModified\":\"2025-02-13T20:17:47+00:00\",\"breadcrumb\":{\"@id\":\"https:\/\/vieassociative.be\/actualites\/voiture-de-voiture-en-demo-ce-que-nous-savons-et-ce-qui-ne-fait-pas\/#breadcrumb\"},\"inLanguage\":\"fr-BE\",\"potentialAction\":[{\"@type\":\"ReadAction\",\"target\":[\"https:\/\/vieassociative.be\/actualites\/voiture-de-voiture-en-demo-ce-que-nous-savons-et-ce-qui-ne-fait-pas\/\"]}]},{\"@type\":\"ImageObject\",\"inLanguage\":\"fr-BE\",\"@id\":\"https:\/\/vieassociative.be\/actualites\/voiture-de-voiture-en-demo-ce-que-nous-savons-et-ce-qui-ne-fait-pas\/#primaryimage\",\"url\":\"https:\/\/vieassociative.be\/actualites\/wp-content\/uploads\/2025\/02\/1739477867_Voiture-de-voiture-en-demo-ce-que-nous-savons-et.jpg\",\"contentUrl\":\"https:\/\/vieassociative.be\/actualites\/wp-content\/uploads\/2025\/02\/1739477867_Voiture-de-voiture-en-demo-ce-que-nous-savons-et.jpg\",\"width\":1200,\"height\":800,\"caption\":\"Voiture de voiture en d\u00e9mo: ce que nous savons et ce qui ne fait pas\"},{\"@type\":\"BreadcrumbList\",\"@id\":\"https:\/\/vieassociative.be\/actualites\/voiture-de-voiture-en-demo-ce-que-nous-savons-et-ce-qui-ne-fait-pas\/#breadcrumb\",\"itemListElement\":[{\"@type\":\"ListItem\",\"position\":1,\"name\":\"Accueil\",\"item\":\"https:\/\/vieassociative.be\/actualites\/\"},{\"@type\":\"ListItem\",\"position\":2,\"name\":\"Voiture de voiture en d\u00e9mo: ce que nous savons et ce qui ne fait pas\"}]},{\"@type\":\"WebSite\",\"@id\":\"https:\/\/vieassociative.be\/actualites\/#website\",\"url\":\"https:\/\/vieassociative.be\/actualites\/\",\"name\":\"Vie Associative\",\"description\":\"\",\"publisher\":{\"@id\":\"https:\/\/vieassociative.be\/actualites\/#organization\"},\"potentialAction\":[{\"@type\":\"SearchAction\",\"target\":{\"@type\":\"EntryPoint\",\"urlTemplate\":\"https:\/\/vieassociative.be\/actualites\/?s={search_term_string}\"},\"query-input\":{\"@type\":\"PropertyValueSpecification\",\"valueRequired\":true,\"valueName\":\"search_term_string\"}}],\"inLanguage\":\"fr-BE\"},{\"@type\":\"Organization\",\"@id\":\"https:\/\/vieassociative.be\/actualites\/#organization\",\"name\":\"Vie Associative\",\"url\":\"https:\/\/vieassociative.be\/actualites\/\",\"logo\":{\"@type\":\"ImageObject\",\"inLanguage\":\"fr-BE\",\"@id\":\"https:\/\/vieassociative.be\/actualites\/#\/schema\/logo\/image\/\",\"url\":\"https:\/\/vieassociative.be\/actualites\/wp-content\/uploads\/2024\/09\/cropped-vieassociative_favicon.ico.png\",\"contentUrl\":\"https:\/\/vieassociative.be\/actualites\/wp-content\/uploads\/2024\/09\/cropped-vieassociative_favicon.ico.png\",\"width\":512,\"height\":512,\"caption\":\"Vie Associative\"},\"image\":{\"@id\":\"https:\/\/vieassociative.be\/actualites\/#\/schema\/logo\/image\/\"}},{\"@type\":\"Person\",\"@id\":\"https:\/\/vieassociative.be\/actualites\/#\/schema\/person\/b87ac4f82f9d4e7b7cec7395b679edc4\",\"name\":\"Julien\",\"image\":{\"@type\":\"ImageObject\",\"inLanguage\":\"fr-BE\",\"@id\":\"https:\/\/vieassociative.be\/actualites\/#\/schema\/person\/image\/\",\"url\":\"https:\/\/vieassociative.be\/actualites\/wp-content\/uploads\/2024\/09\/vie-associative-1-150x150.jpg\",\"contentUrl\":\"https:\/\/vieassociative.be\/actualites\/wp-content\/uploads\/2024\/09\/vie-associative-1-150x150.jpg\",\"caption\":\"Julien\"},\"description\":\"Je suis Julien, r\u00e9dacteur pour Vie Associative. Passionn\u00e9 par le monde associatif depuis plus de 10 ans, j'ai \u00e0 c\u0153ur de partager des histoires inspirantes et de mettre en lumi\u00e8re les initiatives locales. Mon objectif est de sensibiliser et d'encourager l'engagement communautaire \u00e0 travers mes articles.\",\"sameAs\":[\"https:\/\/vieassociative.be\/\"]}]}<\/script>\n<!-- \/ Yoast SEO plugin. -->","yoast_head_json":{"title":"Voiture de voiture en d\u00e9mo: ce que nous savons et ce qui ne fait pas | Vie Associative","robots":{"index":"index","follow":"follow","max-snippet":"max-snippet:-1","max-image-preview":"max-image-preview:large","max-video-preview":"max-video-preview:-1"},"canonical":"https:\/\/vieassociative.be\/actualites\/voiture-de-voiture-en-demo-ce-que-nous-savons-et-ce-qui-ne-fait-pas\/","og_locale":"fr_FR","og_type":"article","og_title":"Voiture de voiture en d\u00e9mo: ce que nous savons et ce qui ne fait pas | Vie Associative","og_description":"Mise \u00e0 jour &#8211; Drives de voitures \u00e0 Munich \u00e0 Munich: ce que nous savons et ce qui n&rsquo;est pas Une d\u00e9mo coule dans le","og_url":"https:\/\/vieassociative.be\/actualites\/voiture-de-voiture-en-demo-ce-que-nous-savons-et-ce-qui-ne-fait-pas\/","og_site_name":"Vie Associative","article_published_time":"2025-02-13T20:17:47+00:00","og_image":[{"width":279,"height":92,"url":"https:\/\/vieassociative.be\/actualites\/wp-content\/uploads\/2024\/09\/header_backgroundk-01-e1726694325946.png","type":"image\/png"}],"author":"Julien","twitter_card":"summary_large_image","twitter_misc":{"\u00c9crit par":"Julien","Dur\u00e9e de lecture est.":"5 minutes"},"schema":{"@context":"https:\/\/schema.org","@graph":[{"@type":"Article","@id":"https:\/\/vieassociative.be\/actualites\/voiture-de-voiture-en-demo-ce-que-nous-savons-et-ce-qui-ne-fait-pas\/#article","isPartOf":{"@id":"https:\/\/vieassociative.be\/actualites\/voiture-de-voiture-en-demo-ce-que-nous-savons-et-ce-qui-ne-fait-pas\/"},"author":{"name":"Julien","@id":"https:\/\/vieassociative.be\/actualites\/#\/schema\/person\/b87ac4f82f9d4e7b7cec7395b679edc4"},"headline":"Voiture de voiture en d\u00e9mo: ce que nous savons et ce qui ne fait pas","datePublished":"2025-02-13T20:17:47+00:00","dateModified":"2025-02-13T20:17:47+00:00","mainEntityOfPage":{"@id":"https:\/\/vieassociative.be\/actualites\/voiture-de-voiture-en-demo-ce-que-nous-savons-et-ce-qui-ne-fait-pas\/"},"wordCount":1102,"publisher":{"@id":"https:\/\/vieassociative.be\/actualites\/#organization"},"image":{"@id":"https:\/\/vieassociative.be\/actualites\/voiture-de-voiture-en-demo-ce-que-nous-savons-et-ce-qui-ne-fait-pas\/#primaryimage"},"thumbnailUrl":"https:\/\/vieassociative.be\/actualites\/wp-content\/uploads\/2025\/02\/1739477867_Voiture-de-voiture-en-demo-ce-que-nous-savons-et.jpg","keywords":["d\u00e9mo","fait","nous","pas","qui","savons","voiture"],"articleSection":["Belgique"],"inLanguage":"fr-BE"},{"@type":"WebPage","@id":"https:\/\/vieassociative.be\/actualites\/voiture-de-voiture-en-demo-ce-que-nous-savons-et-ce-qui-ne-fait-pas\/","url":"https:\/\/vieassociative.be\/actualites\/voiture-de-voiture-en-demo-ce-que-nous-savons-et-ce-qui-ne-fait-pas\/","name":"Voiture de voiture en d\u00e9mo: ce que nous savons et ce qui ne fait pas | Vie Associative","isPartOf":{"@id":"https:\/\/vieassociative.be\/actualites\/#website"},"primaryImageOfPage":{"@id":"https:\/\/vieassociative.be\/actualites\/voiture-de-voiture-en-demo-ce-que-nous-savons-et-ce-qui-ne-fait-pas\/#primaryimage"},"image":{"@id":"https:\/\/vieassociative.be\/actualites\/voiture-de-voiture-en-demo-ce-que-nous-savons-et-ce-qui-ne-fait-pas\/#primaryimage"},"thumbnailUrl":"https:\/\/vieassociative.be\/actualites\/wp-content\/uploads\/2025\/02\/1739477867_Voiture-de-voiture-en-demo-ce-que-nous-savons-et.jpg","datePublished":"2025-02-13T20:17:47+00:00","dateModified":"2025-02-13T20:17:47+00:00","breadcrumb":{"@id":"https:\/\/vieassociative.be\/actualites\/voiture-de-voiture-en-demo-ce-que-nous-savons-et-ce-qui-ne-fait-pas\/#breadcrumb"},"inLanguage":"fr-BE","potentialAction":[{"@type":"ReadAction","target":["https:\/\/vieassociative.be\/actualites\/voiture-de-voiture-en-demo-ce-que-nous-savons-et-ce-qui-ne-fait-pas\/"]}]},{"@type":"ImageObject","inLanguage":"fr-BE","@id":"https:\/\/vieassociative.be\/actualites\/voiture-de-voiture-en-demo-ce-que-nous-savons-et-ce-qui-ne-fait-pas\/#primaryimage","url":"https:\/\/vieassociative.be\/actualites\/wp-content\/uploads\/2025\/02\/1739477867_Voiture-de-voiture-en-demo-ce-que-nous-savons-et.jpg","contentUrl":"https:\/\/vieassociative.be\/actualites\/wp-content\/uploads\/2025\/02\/1739477867_Voiture-de-voiture-en-demo-ce-que-nous-savons-et.jpg","width":1200,"height":800,"caption":"Voiture de voiture en d\u00e9mo: ce que nous savons et ce qui ne fait pas"},{"@type":"BreadcrumbList","@id":"https:\/\/vieassociative.be\/actualites\/voiture-de-voiture-en-demo-ce-que-nous-savons-et-ce-qui-ne-fait-pas\/#breadcrumb","itemListElement":[{"@type":"ListItem","position":1,"name":"Accueil","item":"https:\/\/vieassociative.be\/actualites\/"},{"@type":"ListItem","position":2,"name":"Voiture de voiture en d\u00e9mo: ce que nous savons et ce qui ne fait pas"}]},{"@type":"WebSite","@id":"https:\/\/vieassociative.be\/actualites\/#website","url":"https:\/\/vieassociative.be\/actualites\/","name":"Vie Associative","description":"","publisher":{"@id":"https:\/\/vieassociative.be\/actualites\/#organization"},"potentialAction":[{"@type":"SearchAction","target":{"@type":"EntryPoint","urlTemplate":"https:\/\/vieassociative.be\/actualites\/?s={search_term_string}"},"query-input":{"@type":"PropertyValueSpecification","valueRequired":true,"valueName":"search_term_string"}}],"inLanguage":"fr-BE"},{"@type":"Organization","@id":"https:\/\/vieassociative.be\/actualites\/#organization","name":"Vie Associative","url":"https:\/\/vieassociative.be\/actualites\/","logo":{"@type":"ImageObject","inLanguage":"fr-BE","@id":"https:\/\/vieassociative.be\/actualites\/#\/schema\/logo\/image\/","url":"https:\/\/vieassociative.be\/actualites\/wp-content\/uploads\/2024\/09\/cropped-vieassociative_favicon.ico.png","contentUrl":"https:\/\/vieassociative.be\/actualites\/wp-content\/uploads\/2024\/09\/cropped-vieassociative_favicon.ico.png","width":512,"height":512,"caption":"Vie Associative"},"image":{"@id":"https:\/\/vieassociative.be\/actualites\/#\/schema\/logo\/image\/"}},{"@type":"Person","@id":"https:\/\/vieassociative.be\/actualites\/#\/schema\/person\/b87ac4f82f9d4e7b7cec7395b679edc4","name":"Julien","image":{"@type":"ImageObject","inLanguage":"fr-BE","@id":"https:\/\/vieassociative.be\/actualites\/#\/schema\/person\/image\/","url":"https:\/\/vieassociative.be\/actualites\/wp-content\/uploads\/2024\/09\/vie-associative-1-150x150.jpg","contentUrl":"https:\/\/vieassociative.be\/actualites\/wp-content\/uploads\/2024\/09\/vie-associative-1-150x150.jpg","caption":"Julien"},"description":"Je suis Julien, r\u00e9dacteur pour Vie Associative. Passionn\u00e9 par le monde associatif depuis plus de 10 ans, j'ai \u00e0 c\u0153ur de partager des histoires inspirantes et de mettre en lumi\u00e8re les initiatives locales. Mon objectif est de sensibiliser et d'encourager l'engagement communautaire \u00e0 travers mes articles.","sameAs":["https:\/\/vieassociative.be\/"]}]}},"_links":{"self":[{"href":"https:\/\/vieassociative.be\/actualites\/wp-json\/wp\/v2\/posts\/5090"}],"collection":[{"href":"https:\/\/vieassociative.be\/actualites\/wp-json\/wp\/v2\/posts"}],"about":[{"href":"https:\/\/vieassociative.be\/actualites\/wp-json\/wp\/v2\/types\/post"}],"author":[{"embeddable":true,"href":"https:\/\/vieassociative.be\/actualites\/wp-json\/wp\/v2\/users\/1"}],"replies":[{"embeddable":true,"href":"https:\/\/vieassociative.be\/actualites\/wp-json\/wp\/v2\/comments?post=5090"}],"version-history":[{"count":0,"href":"https:\/\/vieassociative.be\/actualites\/wp-json\/wp\/v2\/posts\/5090\/revisions"}],"wp:featuredmedia":[{"embeddable":true,"href":"https:\/\/vieassociative.be\/actualites\/wp-json\/wp\/v2\/media\/5091"}],"wp:attachment":[{"href":"https:\/\/vieassociative.be\/actualites\/wp-json\/wp\/v2\/media?parent=5090"}],"wp:term":[{"taxonomy":"category","embeddable":true,"href":"https:\/\/vieassociative.be\/actualites\/wp-json\/wp\/v2\/categories?post=5090"},{"taxonomy":"post_tag","embeddable":true,"href":"https:\/\/vieassociative.be\/actualites\/wp-json\/wp\/v2\/tags?post=5090"}],"curies":[{"name":"wp","href":"https:\/\/api.w.org\/{rel}","templated":true}]}}