{"id":5085,"date":"2025-02-13T15:17:03","date_gmt":"2025-02-13T14:17:03","guid":{"rendered":"https:\/\/vieassociative.be\/actualites\/des-dizaines-de-milliers-de-participants-a-bruxelles-a-grande-demo-contre-les-mesures-dausterite-du-gouvernement-arizona\/"},"modified":"2025-02-13T15:17:03","modified_gmt":"2025-02-13T14:17:03","slug":"des-dizaines-de-milliers-de-participants-a-bruxelles-a-grande-demo-contre-les-mesures-dausterite-du-gouvernement-arizona","status":"publish","type":"post","link":"https:\/\/vieassociative.be\/actualites\/des-dizaines-de-milliers-de-participants-a-bruxelles-a-grande-demo-contre-les-mesures-dausterite-du-gouvernement-arizona\/","title":{"rendered":"Des dizaines de milliers de participants \u00e0 Bruxelles \u00e0 grande d\u00e9mo contre les mesures d&rsquo;aust\u00e9rit\u00e9 du gouvernement \u00ab\u00a0Arizona\u00a0\u00bb"},"content":{"rendered":"<p><strong>Les rues de Bruxelles sont color\u00e9es le jeudi 13 f\u00e9vrier, vert, rouge et bleu. Le d\u00e9clencheur est un grand rallye \u00e0 l&rsquo;\u00e9chelle nationale organis\u00e9e par un front de l&rsquo;Union commun.<\/strong><\/p>\n<p><span id=\"more-408181\"><\/span>Vers 11 h 30, le train de d\u00e9monstration s&rsquo;\u00e9tendait de la station de m\u00e9tro de Tr\u00f4ne \u00e0 la Bruxelles Nordbahnhof, o\u00f9 les manifestants affluaient toujours. Le FGTB a parl\u00e9 de 100 000 personnes mobilis\u00e9es, la police de 60 000.<\/p>\n<div id=\"attachment_408185\" class=\"wp-caption alignleft\" style=\"max-width: 300px\"><img fetchpriority=\"high\" decoding=\"async\" class=\"wp-image-408185 size-medium\" src=\"https:\/\/vieassociative.be\/actualites\/wp-content\/uploads\/2025\/02\/Des-dizaines-de-milliers-de-participants-a-Bruxelles-a-grande.jpg\" alt=\"\" width=\"300\" height=\"200\"><\/p>\n<p class=\"wp-caption-text\">13.02.2025, Belgique, Bruxelles: les membres du syndicat se r\u00e9unissent \u00e0 Bruxelles pour une manifestation nationale contre les d\u00e9cisions d&rsquo;\u00e9pargne du nouveau gouvernement. Photo: Nicolas Maeterlinck \/ Belga \/ DPA<\/p>\n<\/div>\n<p>Le rassemblement \u00e9tait initialement pr\u00e9vu pour d\u00e9fendre la fonction publique, mais l&rsquo;objectif du rassemblement a \u00e9t\u00e9 \u00e9tendu \u00e0 la lutte contre les mesures d\u00e9sormais annonc\u00e9es du nouveau gouvernement \u00ab\u00a0Arizona\u00a0\u00bb. Le socialiste et l&rsquo;Union chr\u00e9tienne ont averti que cette manifestation ne serait que le d\u00e9but d&rsquo;une longue r\u00e9sistance qui pourrait durer toute la p\u00e9riode l\u00e9gislative.<\/p>\n<p>L&rsquo;atmosph\u00e8re \u00e9tait tendue, surtout devant le quartier g\u00e9n\u00e9ral des lib\u00e9raux francophones (MR), o\u00f9 les agents des forces de l&rsquo;ordre ont m\u00eame utilis\u00e9 des canons \u00e0 eau et des extincteurs. M\u00eame avant le si\u00e8ge de la f\u00eate \u00abLes Engages\u00bb, les manifestants ont fait leur m\u00e9contentement. (Cre)<\/p>\n","protected":false},"excerpt":{"rendered":"<p>Les rues de Bruxelles sont color\u00e9es le jeudi 13 f\u00e9vrier, vert, rouge et bleu. Le d\u00e9clencheur est un grand rallye \u00e0 l&rsquo;\u00e9chelle nationale organis\u00e9e par<\/p>\n","protected":false},"author":1,"featured_media":5086,"comment_status":"","ping_status":"","sticky":false,"template":"","format":"standard","meta":{"footnotes":""},"categories":[298],"tags":[5333,455,796,5332,5330,29,5328,615,1787,14,5331,4638,5329],"class_list":["post-5085","post","type-post","status-publish","format-standard","has-post-thumbnail","hentry","category-belgique","tag-arizona","tag-bruxelles","tag-contre","tag-dausterite","tag-demo","tag-des","tag-dizaines","tag-gouvernement","tag-grande","tag-les","tag-mesures","tag-milliers","tag-participants","generate-columns","tablet-grid-50","mobile-grid-100","grid-parent","grid-33"],"yoast_head":"<!-- This site is optimized with the Yoast SEO plugin v24.0 - https:\/\/yoast.com\/wordpress\/plugins\/seo\/ -->\n<title>Des dizaines de milliers de participants \u00e0 Bruxelles \u00e0 grande d\u00e9mo contre les mesures d&#039;aust\u00e9rit\u00e9 du gouvernement &quot;Arizona&quot; | Vie Associative<\/title>\n<meta name=\"robots\" content=\"index, follow, max-snippet:-1, max-image-preview:large, max-video-preview:-1\" \/>\n<link rel=\"canonical\" href=\"https:\/\/vieassociative.be\/actualites\/des-dizaines-de-milliers-de-participants-a-bruxelles-a-grande-demo-contre-les-mesures-dausterite-du-gouvernement-arizona\/\" \/>\n<meta property=\"og:locale\" content=\"fr_FR\" \/>\n<meta property=\"og:type\" content=\"article\" \/>\n<meta property=\"og:title\" content=\"Des dizaines de milliers de participants \u00e0 Bruxelles \u00e0 grande d\u00e9mo contre les mesures d&#039;aust\u00e9rit\u00e9 du gouvernement &quot;Arizona&quot; | Vie Associative\" \/>\n<meta property=\"og:description\" content=\"Les rues de Bruxelles sont color\u00e9es le jeudi 13 f\u00e9vrier, vert, rouge et bleu. Le d\u00e9clencheur est un grand rallye \u00e0 l&rsquo;\u00e9chelle nationale organis\u00e9e par\" \/>\n<meta property=\"og:url\" content=\"https:\/\/vieassociative.be\/actualites\/des-dizaines-de-milliers-de-participants-a-bruxelles-a-grande-demo-contre-les-mesures-dausterite-du-gouvernement-arizona\/\" \/>\n<meta property=\"og:site_name\" content=\"Vie Associative\" \/>\n<meta property=\"article:published_time\" content=\"2025-02-13T14:17:03+00:00\" \/>\n<meta property=\"og:image\" content=\"https:\/\/vieassociative.be\/actualites\/wp-content\/uploads\/2024\/09\/header_backgroundk-01-e1726694325946.png\" \/>\n\t<meta property=\"og:image:width\" content=\"279\" \/>\n\t<meta property=\"og:image:height\" content=\"92\" \/>\n\t<meta property=\"og:image:type\" content=\"image\/png\" \/>\n<meta name=\"author\" content=\"Julien\" \/>\n<meta name=\"twitter:card\" content=\"summary_large_image\" \/>\n<meta name=\"twitter:label1\" content=\"\u00c9crit par\" \/>\n\t<meta name=\"twitter:data1\" content=\"Julien\" \/>\n\t<meta name=\"twitter:label2\" content=\"Dur\u00e9e de lecture est.\" \/>\n\t<meta name=\"twitter:data2\" content=\"1 minute\" \/>\n<script type=\"application\/ld+json\" class=\"yoast-schema-graph\">{\"@context\":\"https:\/\/schema.org\",\"@graph\":[{\"@type\":\"Article\",\"@id\":\"https:\/\/vieassociative.be\/actualites\/des-dizaines-de-milliers-de-participants-a-bruxelles-a-grande-demo-contre-les-mesures-dausterite-du-gouvernement-arizona\/#article\",\"isPartOf\":{\"@id\":\"https:\/\/vieassociative.be\/actualites\/des-dizaines-de-milliers-de-participants-a-bruxelles-a-grande-demo-contre-les-mesures-dausterite-du-gouvernement-arizona\/\"},\"author\":{\"name\":\"Julien\",\"@id\":\"https:\/\/vieassociative.be\/actualites\/#\/schema\/person\/b87ac4f82f9d4e7b7cec7395b679edc4\"},\"headline\":\"Des dizaines de milliers de participants \u00e0 Bruxelles \u00e0 grande d\u00e9mo contre les mesures d&rsquo;aust\u00e9rit\u00e9 du gouvernement \u00ab\u00a0Arizona\u00a0\u00bb\",\"datePublished\":\"2025-02-13T14:17:03+00:00\",\"dateModified\":\"2025-02-13T14:17:03+00:00\",\"mainEntityOfPage\":{\"@id\":\"https:\/\/vieassociative.be\/actualites\/des-dizaines-de-milliers-de-participants-a-bruxelles-a-grande-demo-contre-les-mesures-dausterite-du-gouvernement-arizona\/\"},\"wordCount\":238,\"publisher\":{\"@id\":\"https:\/\/vieassociative.be\/actualites\/#organization\"},\"image\":{\"@id\":\"https:\/\/vieassociative.be\/actualites\/des-dizaines-de-milliers-de-participants-a-bruxelles-a-grande-demo-contre-les-mesures-dausterite-du-gouvernement-arizona\/#primaryimage\"},\"thumbnailUrl\":\"https:\/\/vieassociative.be\/actualites\/wp-content\/uploads\/2025\/02\/1739456223_Des-dizaines-de-milliers-de-participants-a-Bruxelles-a-grande.jpg\",\"keywords\":[\"Arizona\",\"Bruxelles\",\"contre\",\"daust\u00e9rit\u00e9\",\"d\u00e9mo\",\"Des\",\"dizaines\",\"gouvernement\",\"grande\",\"Les\",\"mesures\",\"milliers\",\"participants\"],\"articleSection\":[\"Belgique\"],\"inLanguage\":\"fr-BE\"},{\"@type\":\"WebPage\",\"@id\":\"https:\/\/vieassociative.be\/actualites\/des-dizaines-de-milliers-de-participants-a-bruxelles-a-grande-demo-contre-les-mesures-dausterite-du-gouvernement-arizona\/\",\"url\":\"https:\/\/vieassociative.be\/actualites\/des-dizaines-de-milliers-de-participants-a-bruxelles-a-grande-demo-contre-les-mesures-dausterite-du-gouvernement-arizona\/\",\"name\":\"Des dizaines de milliers de participants \u00e0 Bruxelles \u00e0 grande d\u00e9mo contre les mesures d'aust\u00e9rit\u00e9 du gouvernement \\\"Arizona\\\" | Vie Associative\",\"isPartOf\":{\"@id\":\"https:\/\/vieassociative.be\/actualites\/#website\"},\"primaryImageOfPage\":{\"@id\":\"https:\/\/vieassociative.be\/actualites\/des-dizaines-de-milliers-de-participants-a-bruxelles-a-grande-demo-contre-les-mesures-dausterite-du-gouvernement-arizona\/#primaryimage\"},\"image\":{\"@id\":\"https:\/\/vieassociative.be\/actualites\/des-dizaines-de-milliers-de-participants-a-bruxelles-a-grande-demo-contre-les-mesures-dausterite-du-gouvernement-arizona\/#primaryimage\"},\"thumbnailUrl\":\"https:\/\/vieassociative.be\/actualites\/wp-content\/uploads\/2025\/02\/1739456223_Des-dizaines-de-milliers-de-participants-a-Bruxelles-a-grande.jpg\",\"datePublished\":\"2025-02-13T14:17:03+00:00\",\"dateModified\":\"2025-02-13T14:17:03+00:00\",\"breadcrumb\":{\"@id\":\"https:\/\/vieassociative.be\/actualites\/des-dizaines-de-milliers-de-participants-a-bruxelles-a-grande-demo-contre-les-mesures-dausterite-du-gouvernement-arizona\/#breadcrumb\"},\"inLanguage\":\"fr-BE\",\"potentialAction\":[{\"@type\":\"ReadAction\",\"target\":[\"https:\/\/vieassociative.be\/actualites\/des-dizaines-de-milliers-de-participants-a-bruxelles-a-grande-demo-contre-les-mesures-dausterite-du-gouvernement-arizona\/\"]}]},{\"@type\":\"ImageObject\",\"inLanguage\":\"fr-BE\",\"@id\":\"https:\/\/vieassociative.be\/actualites\/des-dizaines-de-milliers-de-participants-a-bruxelles-a-grande-demo-contre-les-mesures-dausterite-du-gouvernement-arizona\/#primaryimage\",\"url\":\"https:\/\/vieassociative.be\/actualites\/wp-content\/uploads\/2025\/02\/1739456223_Des-dizaines-de-milliers-de-participants-a-Bruxelles-a-grande.jpg\",\"contentUrl\":\"https:\/\/vieassociative.be\/actualites\/wp-content\/uploads\/2025\/02\/1739456223_Des-dizaines-de-milliers-de-participants-a-Bruxelles-a-grande.jpg\",\"width\":1200,\"height\":800,\"caption\":\"Des dizaines de milliers de participants \u00e0 Bruxelles \u00e0 grande d\u00e9mo contre les mesures d'aust\u00e9rit\u00e9 du gouvernement \\\"Arizona\\\"\"},{\"@type\":\"BreadcrumbList\",\"@id\":\"https:\/\/vieassociative.be\/actualites\/des-dizaines-de-milliers-de-participants-a-bruxelles-a-grande-demo-contre-les-mesures-dausterite-du-gouvernement-arizona\/#breadcrumb\",\"itemListElement\":[{\"@type\":\"ListItem\",\"position\":1,\"name\":\"Accueil\",\"item\":\"https:\/\/vieassociative.be\/actualites\/\"},{\"@type\":\"ListItem\",\"position\":2,\"name\":\"Des dizaines de milliers de participants \u00e0 Bruxelles \u00e0 grande d\u00e9mo contre les mesures d&rsquo;aust\u00e9rit\u00e9 du gouvernement \u00ab\u00a0Arizona\u00a0\u00bb\"}]},{\"@type\":\"WebSite\",\"@id\":\"https:\/\/vieassociative.be\/actualites\/#website\",\"url\":\"https:\/\/vieassociative.be\/actualites\/\",\"name\":\"Vie Associative\",\"description\":\"\",\"publisher\":{\"@id\":\"https:\/\/vieassociative.be\/actualites\/#organization\"},\"potentialAction\":[{\"@type\":\"SearchAction\",\"target\":{\"@type\":\"EntryPoint\",\"urlTemplate\":\"https:\/\/vieassociative.be\/actualites\/?s={search_term_string}\"},\"query-input\":{\"@type\":\"PropertyValueSpecification\",\"valueRequired\":true,\"valueName\":\"search_term_string\"}}],\"inLanguage\":\"fr-BE\"},{\"@type\":\"Organization\",\"@id\":\"https:\/\/vieassociative.be\/actualites\/#organization\",\"name\":\"Vie Associative\",\"url\":\"https:\/\/vieassociative.be\/actualites\/\",\"logo\":{\"@type\":\"ImageObject\",\"inLanguage\":\"fr-BE\",\"@id\":\"https:\/\/vieassociative.be\/actualites\/#\/schema\/logo\/image\/\",\"url\":\"https:\/\/vieassociative.be\/actualites\/wp-content\/uploads\/2024\/09\/cropped-vieassociative_favicon.ico.png\",\"contentUrl\":\"https:\/\/vieassociative.be\/actualites\/wp-content\/uploads\/2024\/09\/cropped-vieassociative_favicon.ico.png\",\"width\":512,\"height\":512,\"caption\":\"Vie Associative\"},\"image\":{\"@id\":\"https:\/\/vieassociative.be\/actualites\/#\/schema\/logo\/image\/\"}},{\"@type\":\"Person\",\"@id\":\"https:\/\/vieassociative.be\/actualites\/#\/schema\/person\/b87ac4f82f9d4e7b7cec7395b679edc4\",\"name\":\"Julien\",\"image\":{\"@type\":\"ImageObject\",\"inLanguage\":\"fr-BE\",\"@id\":\"https:\/\/vieassociative.be\/actualites\/#\/schema\/person\/image\/\",\"url\":\"https:\/\/vieassociative.be\/actualites\/wp-content\/uploads\/2024\/09\/vie-associative-1-150x150.jpg\",\"contentUrl\":\"https:\/\/vieassociative.be\/actualites\/wp-content\/uploads\/2024\/09\/vie-associative-1-150x150.jpg\",\"caption\":\"Julien\"},\"description\":\"Je suis Julien, r\u00e9dacteur pour Vie Associative. Passionn\u00e9 par le monde associatif depuis plus de 10 ans, j'ai \u00e0 c\u0153ur de partager des histoires inspirantes et de mettre en lumi\u00e8re les initiatives locales. Mon objectif est de sensibiliser et d'encourager l'engagement communautaire \u00e0 travers mes articles.\",\"sameAs\":[\"https:\/\/vieassociative.be\/\"]}]}<\/script>\n<!-- \/ Yoast SEO plugin. -->","yoast_head_json":{"title":"Des dizaines de milliers de participants \u00e0 Bruxelles \u00e0 grande d\u00e9mo contre les mesures d'aust\u00e9rit\u00e9 du gouvernement \"Arizona\" | Vie Associative","robots":{"index":"index","follow":"follow","max-snippet":"max-snippet:-1","max-image-preview":"max-image-preview:large","max-video-preview":"max-video-preview:-1"},"canonical":"https:\/\/vieassociative.be\/actualites\/des-dizaines-de-milliers-de-participants-a-bruxelles-a-grande-demo-contre-les-mesures-dausterite-du-gouvernement-arizona\/","og_locale":"fr_FR","og_type":"article","og_title":"Des dizaines de milliers de participants \u00e0 Bruxelles \u00e0 grande d\u00e9mo contre les mesures d'aust\u00e9rit\u00e9 du gouvernement \"Arizona\" | Vie Associative","og_description":"Les rues de Bruxelles sont color\u00e9es le jeudi 13 f\u00e9vrier, vert, rouge et bleu. Le d\u00e9clencheur est un grand rallye \u00e0 l&rsquo;\u00e9chelle nationale organis\u00e9e par","og_url":"https:\/\/vieassociative.be\/actualites\/des-dizaines-de-milliers-de-participants-a-bruxelles-a-grande-demo-contre-les-mesures-dausterite-du-gouvernement-arizona\/","og_site_name":"Vie Associative","article_published_time":"2025-02-13T14:17:03+00:00","og_image":[{"width":279,"height":92,"url":"https:\/\/vieassociative.be\/actualites\/wp-content\/uploads\/2024\/09\/header_backgroundk-01-e1726694325946.png","type":"image\/png"}],"author":"Julien","twitter_card":"summary_large_image","twitter_misc":{"\u00c9crit par":"Julien","Dur\u00e9e de lecture est.":"1 minute"},"schema":{"@context":"https:\/\/schema.org","@graph":[{"@type":"Article","@id":"https:\/\/vieassociative.be\/actualites\/des-dizaines-de-milliers-de-participants-a-bruxelles-a-grande-demo-contre-les-mesures-dausterite-du-gouvernement-arizona\/#article","isPartOf":{"@id":"https:\/\/vieassociative.be\/actualites\/des-dizaines-de-milliers-de-participants-a-bruxelles-a-grande-demo-contre-les-mesures-dausterite-du-gouvernement-arizona\/"},"author":{"name":"Julien","@id":"https:\/\/vieassociative.be\/actualites\/#\/schema\/person\/b87ac4f82f9d4e7b7cec7395b679edc4"},"headline":"Des dizaines de milliers de participants \u00e0 Bruxelles \u00e0 grande d\u00e9mo contre les mesures d&rsquo;aust\u00e9rit\u00e9 du gouvernement \u00ab\u00a0Arizona\u00a0\u00bb","datePublished":"2025-02-13T14:17:03+00:00","dateModified":"2025-02-13T14:17:03+00:00","mainEntityOfPage":{"@id":"https:\/\/vieassociative.be\/actualites\/des-dizaines-de-milliers-de-participants-a-bruxelles-a-grande-demo-contre-les-mesures-dausterite-du-gouvernement-arizona\/"},"wordCount":238,"publisher":{"@id":"https:\/\/vieassociative.be\/actualites\/#organization"},"image":{"@id":"https:\/\/vieassociative.be\/actualites\/des-dizaines-de-milliers-de-participants-a-bruxelles-a-grande-demo-contre-les-mesures-dausterite-du-gouvernement-arizona\/#primaryimage"},"thumbnailUrl":"https:\/\/vieassociative.be\/actualites\/wp-content\/uploads\/2025\/02\/1739456223_Des-dizaines-de-milliers-de-participants-a-Bruxelles-a-grande.jpg","keywords":["Arizona","Bruxelles","contre","daust\u00e9rit\u00e9","d\u00e9mo","Des","dizaines","gouvernement","grande","Les","mesures","milliers","participants"],"articleSection":["Belgique"],"inLanguage":"fr-BE"},{"@type":"WebPage","@id":"https:\/\/vieassociative.be\/actualites\/des-dizaines-de-milliers-de-participants-a-bruxelles-a-grande-demo-contre-les-mesures-dausterite-du-gouvernement-arizona\/","url":"https:\/\/vieassociative.be\/actualites\/des-dizaines-de-milliers-de-participants-a-bruxelles-a-grande-demo-contre-les-mesures-dausterite-du-gouvernement-arizona\/","name":"Des dizaines de milliers de participants \u00e0 Bruxelles \u00e0 grande d\u00e9mo contre les mesures d'aust\u00e9rit\u00e9 du gouvernement \"Arizona\" | Vie Associative","isPartOf":{"@id":"https:\/\/vieassociative.be\/actualites\/#website"},"primaryImageOfPage":{"@id":"https:\/\/vieassociative.be\/actualites\/des-dizaines-de-milliers-de-participants-a-bruxelles-a-grande-demo-contre-les-mesures-dausterite-du-gouvernement-arizona\/#primaryimage"},"image":{"@id":"https:\/\/vieassociative.be\/actualites\/des-dizaines-de-milliers-de-participants-a-bruxelles-a-grande-demo-contre-les-mesures-dausterite-du-gouvernement-arizona\/#primaryimage"},"thumbnailUrl":"https:\/\/vieassociative.be\/actualites\/wp-content\/uploads\/2025\/02\/1739456223_Des-dizaines-de-milliers-de-participants-a-Bruxelles-a-grande.jpg","datePublished":"2025-02-13T14:17:03+00:00","dateModified":"2025-02-13T14:17:03+00:00","breadcrumb":{"@id":"https:\/\/vieassociative.be\/actualites\/des-dizaines-de-milliers-de-participants-a-bruxelles-a-grande-demo-contre-les-mesures-dausterite-du-gouvernement-arizona\/#breadcrumb"},"inLanguage":"fr-BE","potentialAction":[{"@type":"ReadAction","target":["https:\/\/vieassociative.be\/actualites\/des-dizaines-de-milliers-de-participants-a-bruxelles-a-grande-demo-contre-les-mesures-dausterite-du-gouvernement-arizona\/"]}]},{"@type":"ImageObject","inLanguage":"fr-BE","@id":"https:\/\/vieassociative.be\/actualites\/des-dizaines-de-milliers-de-participants-a-bruxelles-a-grande-demo-contre-les-mesures-dausterite-du-gouvernement-arizona\/#primaryimage","url":"https:\/\/vieassociative.be\/actualites\/wp-content\/uploads\/2025\/02\/1739456223_Des-dizaines-de-milliers-de-participants-a-Bruxelles-a-grande.jpg","contentUrl":"https:\/\/vieassociative.be\/actualites\/wp-content\/uploads\/2025\/02\/1739456223_Des-dizaines-de-milliers-de-participants-a-Bruxelles-a-grande.jpg","width":1200,"height":800,"caption":"Des dizaines de milliers de participants \u00e0 Bruxelles \u00e0 grande d\u00e9mo contre les mesures d'aust\u00e9rit\u00e9 du gouvernement \"Arizona\""},{"@type":"BreadcrumbList","@id":"https:\/\/vieassociative.be\/actualites\/des-dizaines-de-milliers-de-participants-a-bruxelles-a-grande-demo-contre-les-mesures-dausterite-du-gouvernement-arizona\/#breadcrumb","itemListElement":[{"@type":"ListItem","position":1,"name":"Accueil","item":"https:\/\/vieassociative.be\/actualites\/"},{"@type":"ListItem","position":2,"name":"Des dizaines de milliers de participants \u00e0 Bruxelles \u00e0 grande d\u00e9mo contre les mesures d&rsquo;aust\u00e9rit\u00e9 du gouvernement \u00ab\u00a0Arizona\u00a0\u00bb"}]},{"@type":"WebSite","@id":"https:\/\/vieassociative.be\/actualites\/#website","url":"https:\/\/vieassociative.be\/actualites\/","name":"Vie Associative","description":"","publisher":{"@id":"https:\/\/vieassociative.be\/actualites\/#organization"},"potentialAction":[{"@type":"SearchAction","target":{"@type":"EntryPoint","urlTemplate":"https:\/\/vieassociative.be\/actualites\/?s={search_term_string}"},"query-input":{"@type":"PropertyValueSpecification","valueRequired":true,"valueName":"search_term_string"}}],"inLanguage":"fr-BE"},{"@type":"Organization","@id":"https:\/\/vieassociative.be\/actualites\/#organization","name":"Vie Associative","url":"https:\/\/vieassociative.be\/actualites\/","logo":{"@type":"ImageObject","inLanguage":"fr-BE","@id":"https:\/\/vieassociative.be\/actualites\/#\/schema\/logo\/image\/","url":"https:\/\/vieassociative.be\/actualites\/wp-content\/uploads\/2024\/09\/cropped-vieassociative_favicon.ico.png","contentUrl":"https:\/\/vieassociative.be\/actualites\/wp-content\/uploads\/2024\/09\/cropped-vieassociative_favicon.ico.png","width":512,"height":512,"caption":"Vie Associative"},"image":{"@id":"https:\/\/vieassociative.be\/actualites\/#\/schema\/logo\/image\/"}},{"@type":"Person","@id":"https:\/\/vieassociative.be\/actualites\/#\/schema\/person\/b87ac4f82f9d4e7b7cec7395b679edc4","name":"Julien","image":{"@type":"ImageObject","inLanguage":"fr-BE","@id":"https:\/\/vieassociative.be\/actualites\/#\/schema\/person\/image\/","url":"https:\/\/vieassociative.be\/actualites\/wp-content\/uploads\/2024\/09\/vie-associative-1-150x150.jpg","contentUrl":"https:\/\/vieassociative.be\/actualites\/wp-content\/uploads\/2024\/09\/vie-associative-1-150x150.jpg","caption":"Julien"},"description":"Je suis Julien, r\u00e9dacteur pour Vie Associative. Passionn\u00e9 par le monde associatif depuis plus de 10 ans, j'ai \u00e0 c\u0153ur de partager des histoires inspirantes et de mettre en lumi\u00e8re les initiatives locales. Mon objectif est de sensibiliser et d'encourager l'engagement communautaire \u00e0 travers mes articles.","sameAs":["https:\/\/vieassociative.be\/"]}]}},"_links":{"self":[{"href":"https:\/\/vieassociative.be\/actualites\/wp-json\/wp\/v2\/posts\/5085"}],"collection":[{"href":"https:\/\/vieassociative.be\/actualites\/wp-json\/wp\/v2\/posts"}],"about":[{"href":"https:\/\/vieassociative.be\/actualites\/wp-json\/wp\/v2\/types\/post"}],"author":[{"embeddable":true,"href":"https:\/\/vieassociative.be\/actualites\/wp-json\/wp\/v2\/users\/1"}],"replies":[{"embeddable":true,"href":"https:\/\/vieassociative.be\/actualites\/wp-json\/wp\/v2\/comments?post=5085"}],"version-history":[{"count":0,"href":"https:\/\/vieassociative.be\/actualites\/wp-json\/wp\/v2\/posts\/5085\/revisions"}],"wp:featuredmedia":[{"embeddable":true,"href":"https:\/\/vieassociative.be\/actualites\/wp-json\/wp\/v2\/media\/5086"}],"wp:attachment":[{"href":"https:\/\/vieassociative.be\/actualites\/wp-json\/wp\/v2\/media?parent=5085"}],"wp:term":[{"taxonomy":"category","embeddable":true,"href":"https:\/\/vieassociative.be\/actualites\/wp-json\/wp\/v2\/categories?post=5085"},{"taxonomy":"post_tag","embeddable":true,"href":"https:\/\/vieassociative.be\/actualites\/wp-json\/wp\/v2\/tags?post=5085"}],"curies":[{"name":"wp","href":"https:\/\/api.w.org\/{rel}","templated":true}]}}