{"id":5083,"date":"2025-02-13T14:16:57","date_gmt":"2025-02-13T13:16:57","guid":{"rendered":"https:\/\/vieassociative.be\/actualites\/cette-application-death-clock-ma-fait-repenser-ma-vie\/"},"modified":"2025-02-13T14:16:57","modified_gmt":"2025-02-13T13:16:57","slug":"cette-application-death-clock-ma-fait-repenser-ma-vie","status":"publish","type":"post","link":"https:\/\/vieassociative.be\/actualites\/cette-application-death-clock-ma-fait-repenser-ma-vie\/","title":{"rendered":"Cette application \u00abDeath Clock\u00bb m&rsquo;a fait repenser ma vie"},"content":{"rendered":"<div class=\"mt-4 leading-6 md:mb-8\">Une application qui pr\u00e9dit que votre mort semble d\u00e9primante, mais je l&rsquo;ai trouv\u00e9 plein d&rsquo;espoir.<\/div>\n<p><\/p>\n<p>Je t\u00e9l\u00e9chargerai n&rsquo;importe quelle application pour laquelle je re\u00e7ois une annonce &#8211; ce fait a \u00e9t\u00e9 \u00e9tabli \u00e0 maintes reprises. Parce que l&rsquo;algorithme me conna\u00eet bien, cela signifie g\u00e9n\u00e9ralement que je suis servi des publicit\u00e9s pour les applications et les services qui tournent dans la mode et la beaut\u00e9. Pourtant, j&rsquo;ai aussi un c\u00f4t\u00e9 introspectif cach\u00e9, cependant, encore une fois, apparemment pas cach\u00e9 \u00e0 l&rsquo;algorithme: au cours du week-end, j&rsquo;ai \u00e9t\u00e9 encourag\u00e9 \u00e0 t\u00e9l\u00e9charger quelque chose appel\u00e9 Death Clock AI. Cette application a affirm\u00e9 qu&rsquo;elle pourrait deviner quand je mourrai en fonction de mes donn\u00e9es, corr\u00e9l\u00e9es \u00e0 certaines \u00e9tudes scientifiques. Comment pourrais-je dire non \u00e0 \u00e7a?<\/p>\n<p>Maintenant, je ne pense pas que je mourrai le vendredi 30 juin 2079, comme l&rsquo;a pr\u00e9dit l&rsquo;application, et je ne pense pas vraiment qu&rsquo;une application soit la meilleure r\u00e9ponse pour tracer mon chemin le plus sain de la vie. Bien que l&rsquo;application m&rsquo;a donn\u00e9 des suggestions pour am\u00e9liorer ma sant\u00e9 globale, cela ne remplace pas les choses avec mon m\u00e9decin. Pourtant, l&rsquo;application m&rsquo;a fait r\u00e9fl\u00e9chir un peu plus \u00e0 la fa\u00e7on dont je vis, ce qui, je pense, le rend potentiellement pr\u00e9cieux. Et c&rsquo;est aussi un peu soign\u00e9.<\/p>\n<h2 id=\"what-is-death-clock-ai\">Qu&rsquo;est-ce que la mort de la mort AI?<\/h2>\n<p>Lorsque vous ouvrez l&rsquo;application (disponible sur iOS ou Google Play), vous \u00eates accueilli par un \u00e9cran qui indique que vous pouvez \u00ab\u00a0vivre plus longtemps, mieux\u00a0\u00bb, puis vous avez demand\u00e9 \u00e0 appuyer sur un bouton qui dit: \u00ab\u00a0Voir ma date de mort\u00a0\u00bb. Avant de l&rsquo;obtenir, vous aurez besoin de plus de 30 questions sur vos habitudes et votre sant\u00e9. Il regroupera ensuite ces chiffres et livrera les nouvelles.<\/p>\n<p>L&rsquo;application pr\u00e9tend \u00eatre \u00absoutenue par la science, aliment\u00e9e par l&rsquo;IA\u00bb et tire ses informations \u00e0 partir de 1 217 \u00e9tudes qui impliquaient une population combin\u00e9e de 53 millions de participants. Bien que l&rsquo;application vous pose des questions sur votre \u00e2ge et quelques questions de fond, cependant, vos statistiques peuvent ne pas correspondre \u00e0 celles des participants. Et l&rsquo;application ne fait rien pour tenir compte de vos propres ant\u00e9c\u00e9dents familiaux et de sant\u00e9, ou d&rsquo;autres facteurs importants comme les risques auxquels vous \u00eates confront\u00e9 au travail ou des facteurs sociaux qui peuvent affecter votre sant\u00e9.<\/p>\n<div class=\"eloquent-imagery-image\">\n<div class=\"flex justify-center\">\n                    <img decoding=\"async\" class=\"border border-gray-100\" src=\"https:\/\/vieassociative.be\/actualites\/wp-content\/uploads\/2025\/02\/Cette-application-Death-Clock-ma-fait-repenser-ma-vie.png\" alt=\"Horloge de mort ai\" width=\"2000\" height=\"1119\" loading=\"lazy\"  >\n            <\/div>\n<\/p><\/div>\n<p>Pourtant, \u00e0 chaque question, il pose &#8211; comme \u00ab\u00a0\u00c0 quelle fr\u00e9quence incluez-vous des fruits et des l\u00e9gumes dans vos repas?\u00a0\u00bb &#8211; Vous avez la possibilit\u00e9 d&rsquo;explorer la recherche sur laquelle il est bas\u00e9. Tappant sur le bouton de recherche pour cette question particuli\u00e8re ouvre un fen\u00eatre contextuelle qui note: \u00ab\u00a0La recherche de 16 \u00e9tudes impliquant plus de 833 000 participants montrent que chaque portion quotidienne suppl\u00e9mentaire de fruits et l\u00e9gumes r\u00e9duit le risque de d\u00e9c\u00e8s de toutes les causes de 5%, avec des avantages sociaux culant \u00e0 cinq portions par jour. \u00a0\u00bb <\/p>\n<p>Certaines questions peuvent \u00eatre plus difficiles \u00e0 r\u00e9pondre. Bien que vous puissiez indiquer de mani\u00e8re assez fiable la fr\u00e9quence \u00e0 laquelle vous faites du cardio en une semaine ou le nombre d&rsquo;heures que vous passez assis chaque jour, d&rsquo;autres choses &#8211; comme la fr\u00e9quence \u00e0 laquelle vous \u00ab\u00a0ressentez un stress important dans votre vie quotidienne\u00a0\u00bb &#8211; sont plus subjectifs. \u00c0 l&rsquo;autre extr\u00e9mit\u00e9 du spectre, il y a des questions sp\u00e9cifiques que vous ne connaissez peut-\u00eatre pas la r\u00e9ponse \u00e0 la main, comme sur votre lecture typique de la pression art\u00e9rielle ou votre niveau de cholest\u00e9rol LDL. Je ne connais certainement pas mon niveau de glucose \u00e0 jeun sur le haut de ma t\u00eate, j&rsquo;ai donc d\u00fb r\u00e9pondre \u00ab\u00a0Je ne sais pas\u00a0\u00bb plusieurs fois; Cela affectera vos r\u00e9sultats globaux. <\/p>\n<p>Une fois que l&rsquo;horloge de mort AI calcule votre \u00ab\u00a0date de d\u00e9c\u00e8s\u00a0\u00bb en fonction de vos r\u00e9ponses, elle fournit \u00e9galement une date \u00ab\u00a0meilleure\u00a0\u00bb (c&rsquo;est-\u00e0-dire plus loin \u00e0 l&rsquo;avenir) que vous pouvez viser. Vous serez \u00e9galement inform\u00e9 que vous pourrez utiliser le service gratuitement pendant trois jours, \u00e0 quel point vous serez factur\u00e9 les frais annuels de 40 $. Si vous choisissez de payer une ann\u00e9e de service, vous aurez l&rsquo;occasion de t\u00e9l\u00e9charger des documents de sant\u00e9 et des informations comme le sang r\u00e9cent. Vous pouvez \u00e9galement synchroniser les donn\u00e9es de sant\u00e9 de votre t\u00e9l\u00e9phone avec l&rsquo;application et elle gardera une trace de la quantit\u00e9 de sommeil la nuit, ainsi que du nombre de mesures que vous prenez en une journ\u00e9e. Votre \u00abdate de d\u00e9c\u00e8s\u00bb peut fluctuer en fonction de ces entr\u00e9es et, avec un abonnement, vous maintiendrez acc\u00e8s au plan de long\u00e9vit\u00e9 que l&rsquo;horloge de mort g\u00e9n\u00e8re pour vous.<\/p>\n<p>Je ne peux pas garantir \u00e0 quel point c&rsquo;est valable, car je n&rsquo;ai pas utilis\u00e9 de la mort de la mort AI sur une p\u00e9riode prolong\u00e9e. Mais m\u00eame un essai \u00e0 court terme m&rsquo;a donn\u00e9 beaucoup \u00e0 r\u00e9fl\u00e9chir.<\/p>\n<h2 id=\"how-death-clock-ai-made-me-rethink-my-health\">Comment la mort de la mort m&rsquo;a fait repenser ma sant\u00e9<\/h2>\n<p>Encore une fois, m\u00eame si les d\u00e9veloppeurs \u00e9taient intelligents pour baser leur application sur des \u00e9tudes r\u00e9put\u00e9es, je ne pense pas que vous devriez prendre les pr\u00e9dictions de la mort de Clock AI trop au s\u00e9rieux. Au lieu de cela, je l&rsquo;ai pens\u00e9 comme une excuse pour reconsid\u00e9rer ma propre sant\u00e9 &#8211; de la m\u00eame mani\u00e8re que je traite les donn\u00e9es de mes trackers de fitness et de mon \u00e9chelle intelligente. Il devrait \u00eatre consid\u00e9r\u00e9 comme une donn\u00e9e que ces donn\u00e9es ne sont jamais vraiment exactes, mais m\u00eame s&rsquo;arr\u00eater pour r\u00e9fl\u00e9chir \u00e0 la fr\u00e9quence \u00e0 laquelle je mange des l\u00e9gumes frais ou \u00e0 quelle fr\u00e9quence je me l\u00e8ve une journ\u00e9e moyenne a \u00e9t\u00e9 un r\u00e9veil mineur. Le drame d&rsquo;obtenir ma \u00abdate de mort\u00bb est plus un bonus amusant. <\/p>\n<div class=\"eloquent-imagery-image\">\n<div class=\"flex justify-center\">\n                    <img decoding=\"async\" class=\"border border-gray-100\" src=\"https:\/\/vieassociative.be\/actualites\/wp-content\/uploads\/2025\/02\/1739452617_742_Cette-application-Death-Clock-ma-fait-repenser-ma-vie.png\" alt=\"Horloge de mort ai\" width=\"2000\" height=\"1136\" loading=\"lazy\"  >\n            <\/div>\n<\/p><\/div>\n<p>Death Clock AI m&rsquo;a livr\u00e9 un \u00ab\u00a0plan de long\u00e9vit\u00e9\u00a0\u00bb qui comprend des sangles et des laboratoires recommand\u00e9s, des suppl\u00e9ments, des projections et des choses \u00e0 dire avec mon m\u00e9decin. Si vous \u00eates quelqu&rsquo;un qui veut approfondir votre sant\u00e9 mais qui ne sait pas par o\u00f9 commencer, ces informations pourraient \u00eatre utiles. Pour chaque article de la liste, l&rsquo;application fournit les \u00e9tapes que vous devez prendre pour le suivre, et il note m\u00eame s&rsquo;il est g\u00e9n\u00e9ralement couvert par l&rsquo;assurance. <\/p>\n<p>L&rsquo;\u00e9cran final que vous voyez est un rappel que la mort de la mort AI \u00ab\u00a0ne fournit pas de conseils m\u00e9dicaux\u00a0\u00bb et vous devriez parler \u00e0 un vrai m\u00e9decin des pr\u00e9occupations que vous avez concernant votre sant\u00e9. C&rsquo;est<em> certainement <\/em>vrai. <\/p>\n<h2 id=\"privacy-considerations\">Consid\u00e9rations de confidentialit\u00e9<\/h2>\n<p>Vous craignez peut-\u00eatre de saisir toutes vos informations de sant\u00e9 personnelles dans une application al\u00e9atoire. Le site Web de Death Clock AI note que les d\u00e9veloppeurs, \u00ab\u00a0cherchent \u00e0 prot\u00e9ger vos donn\u00e9es personnelles contre l&rsquo;acc\u00e8s non autoris\u00e9\u00a0\u00bb, mais peut \u00e9galement \u00ab\u00a0cr\u00e9er des donn\u00e9es agr\u00e9g\u00e9es, d\u00e9sidentifi\u00e9es ou anonymis\u00e9es \u00e0 partir des donn\u00e9es personnelles\u00a0\u00bb qu&rsquo;ils collectent, \u00e0 utiliser pour analyser ou am\u00e9liorer le service. C&rsquo;est en fait le cas pour la plupart des applications, bien s\u00fbr, mais <em>la plupart <\/em>Les applications ne vous demandent pas de r\u00e9v\u00e9ler vos donn\u00e9es de sant\u00e9 priv\u00e9es. <\/p>\n<p>Ce n&rsquo;est pas un gros probl\u00e8me pour moi, car je suppose toujours qu&rsquo;il y a un risque avec le partage de donn\u00e9es, et j&rsquo;ai renonc\u00e9 \u00e0 m&rsquo;inqui\u00e9ter il y a longtemps. Si vous \u00eates plus sensible, vous ne devriez saisir ce que vous vous sentez \u00e0 l&rsquo;aise avec le fait que vous \u00e9teignez dans le monde. En utilisant le niveau payant, par exemple, vous pouvez saisir des analyses de sang r\u00e9centes, mais elle n&rsquo;est pas requise. Restez avec la version gratuite, qui ne vous oblige pas \u00e0 cr\u00e9er un compte et n&rsquo;h\u00e9sitez pas \u00e0 sauter toutes les questions que vous trouvez trop sensibles. <\/p>\n<p>Parce qu&rsquo;encore une fois, cette application fournit des points de sauts utiles pour r\u00e9fl\u00e9chir plus profond\u00e9ment \u00e0 votre sant\u00e9, mais vous ne le faites pas non plus <em>vraiment<\/em> besoin du tout. Si taper votre taux de cholest\u00e9rol ou fumer des habitudes dans une application gimmicky vous fait vous sentir bizarre, il est pr\u00e9f\u00e9rable de le sauter et d&rsquo;interroger vos habitudes d&rsquo;une autre mani\u00e8re. Mais si vous pouvez d\u00e9passer des probl\u00e8mes de confidentialit\u00e9, et que vous cherchez un moyen de r\u00e9fl\u00e9chir plus profond\u00e9ment \u00e0 votre sant\u00e9 ou avez besoin d&rsquo;un cadre pour le faire, c&rsquo;est un point de d\u00e9marrage solide &#8211; sinon idiot.<\/p>\n","protected":false},"excerpt":{"rendered":"<p>Une application qui pr\u00e9dit que votre mort semble d\u00e9primante, mais je l&rsquo;ai trouv\u00e9 plein d&rsquo;espoir. Je t\u00e9l\u00e9chargerai n&rsquo;importe quelle application pour laquelle je re\u00e7ois une<\/p>\n","protected":false},"author":1,"featured_media":5084,"comment_status":"","ping_status":"","sticky":false,"template":"","format":"standard","meta":{"footnotes":""},"categories":[13],"tags":[1277,206,5326,5325,635,5327,58],"class_list":["post-5083","post","type-post","status-publish","format-standard","has-post-thumbnail","hentry","category-technologie","tag-application","tag-cette","tag-clock","tag-death","tag-fait","tag-repenser","tag-vie","generate-columns","tablet-grid-50","mobile-grid-100","grid-parent","grid-33"],"yoast_head":"<!-- This site is optimized with the Yoast SEO plugin v24.0 - https:\/\/yoast.com\/wordpress\/plugins\/seo\/ -->\n<title>Cette application \u00abDeath Clock\u00bb m&#039;a fait repenser ma vie | Vie Associative<\/title>\n<meta name=\"robots\" content=\"index, follow, max-snippet:-1, max-image-preview:large, max-video-preview:-1\" \/>\n<link rel=\"canonical\" href=\"https:\/\/vieassociative.be\/actualites\/cette-application-death-clock-ma-fait-repenser-ma-vie\/\" \/>\n<meta property=\"og:locale\" content=\"fr_FR\" \/>\n<meta property=\"og:type\" content=\"article\" \/>\n<meta property=\"og:title\" content=\"Cette application \u00abDeath Clock\u00bb m&#039;a fait repenser ma vie | Vie Associative\" \/>\n<meta property=\"og:description\" content=\"Une application qui pr\u00e9dit que votre mort semble d\u00e9primante, mais je l&rsquo;ai trouv\u00e9 plein d&rsquo;espoir. Je t\u00e9l\u00e9chargerai n&rsquo;importe quelle application pour laquelle je re\u00e7ois une\" \/>\n<meta property=\"og:url\" content=\"https:\/\/vieassociative.be\/actualites\/cette-application-death-clock-ma-fait-repenser-ma-vie\/\" \/>\n<meta property=\"og:site_name\" content=\"Vie Associative\" \/>\n<meta property=\"article:published_time\" content=\"2025-02-13T13:16:57+00:00\" \/>\n<meta property=\"og:image\" content=\"https:\/\/vieassociative.be\/actualites\/wp-content\/uploads\/2025\/02\/Cette-application-Death-Clock-ma-fait-repenser-ma-vie.png\" \/>\n<meta name=\"author\" content=\"Julien\" \/>\n<meta name=\"twitter:card\" content=\"summary_large_image\" \/>\n<meta name=\"twitter:label1\" content=\"\u00c9crit par\" \/>\n\t<meta name=\"twitter:data1\" content=\"Julien\" \/>\n\t<meta name=\"twitter:label2\" content=\"Dur\u00e9e de lecture est.\" \/>\n\t<meta name=\"twitter:data2\" content=\"7 minutes\" \/>\n<script type=\"application\/ld+json\" class=\"yoast-schema-graph\">{\"@context\":\"https:\/\/schema.org\",\"@graph\":[{\"@type\":\"Article\",\"@id\":\"https:\/\/vieassociative.be\/actualites\/cette-application-death-clock-ma-fait-repenser-ma-vie\/#article\",\"isPartOf\":{\"@id\":\"https:\/\/vieassociative.be\/actualites\/cette-application-death-clock-ma-fait-repenser-ma-vie\/\"},\"author\":{\"name\":\"Julien\",\"@id\":\"https:\/\/vieassociative.be\/actualites\/#\/schema\/person\/b87ac4f82f9d4e7b7cec7395b679edc4\"},\"headline\":\"Cette application \u00abDeath Clock\u00bb m&rsquo;a fait repenser ma vie\",\"datePublished\":\"2025-02-13T13:16:57+00:00\",\"dateModified\":\"2025-02-13T13:16:57+00:00\",\"mainEntityOfPage\":{\"@id\":\"https:\/\/vieassociative.be\/actualites\/cette-application-death-clock-ma-fait-repenser-ma-vie\/\"},\"wordCount\":1510,\"publisher\":{\"@id\":\"https:\/\/vieassociative.be\/actualites\/#organization\"},\"image\":{\"@id\":\"https:\/\/vieassociative.be\/actualites\/cette-application-death-clock-ma-fait-repenser-ma-vie\/#primaryimage\"},\"thumbnailUrl\":\"https:\/\/vieassociative.be\/actualites\/wp-content\/uploads\/2025\/02\/1739452618_Cette-application-Death-Clock-ma-fait-repenser-ma-vie.png\",\"keywords\":[\"application\",\"cette\",\"Clock\",\"Death\",\"fait\",\"repenser\",\"vie\"],\"articleSection\":[\"Technologie\"],\"inLanguage\":\"fr-BE\"},{\"@type\":\"WebPage\",\"@id\":\"https:\/\/vieassociative.be\/actualites\/cette-application-death-clock-ma-fait-repenser-ma-vie\/\",\"url\":\"https:\/\/vieassociative.be\/actualites\/cette-application-death-clock-ma-fait-repenser-ma-vie\/\",\"name\":\"Cette application \u00abDeath Clock\u00bb m'a fait repenser ma vie | Vie Associative\",\"isPartOf\":{\"@id\":\"https:\/\/vieassociative.be\/actualites\/#website\"},\"primaryImageOfPage\":{\"@id\":\"https:\/\/vieassociative.be\/actualites\/cette-application-death-clock-ma-fait-repenser-ma-vie\/#primaryimage\"},\"image\":{\"@id\":\"https:\/\/vieassociative.be\/actualites\/cette-application-death-clock-ma-fait-repenser-ma-vie\/#primaryimage\"},\"thumbnailUrl\":\"https:\/\/vieassociative.be\/actualites\/wp-content\/uploads\/2025\/02\/1739452618_Cette-application-Death-Clock-ma-fait-repenser-ma-vie.png\",\"datePublished\":\"2025-02-13T13:16:57+00:00\",\"dateModified\":\"2025-02-13T13:16:57+00:00\",\"breadcrumb\":{\"@id\":\"https:\/\/vieassociative.be\/actualites\/cette-application-death-clock-ma-fait-repenser-ma-vie\/#breadcrumb\"},\"inLanguage\":\"fr-BE\",\"potentialAction\":[{\"@type\":\"ReadAction\",\"target\":[\"https:\/\/vieassociative.be\/actualites\/cette-application-death-clock-ma-fait-repenser-ma-vie\/\"]}]},{\"@type\":\"ImageObject\",\"inLanguage\":\"fr-BE\",\"@id\":\"https:\/\/vieassociative.be\/actualites\/cette-application-death-clock-ma-fait-repenser-ma-vie\/#primaryimage\",\"url\":\"https:\/\/vieassociative.be\/actualites\/wp-content\/uploads\/2025\/02\/1739452618_Cette-application-Death-Clock-ma-fait-repenser-ma-vie.png\",\"contentUrl\":\"https:\/\/vieassociative.be\/actualites\/wp-content\/uploads\/2025\/02\/1739452618_Cette-application-Death-Clock-ma-fait-repenser-ma-vie.png\",\"width\":1200,\"height\":675,\"caption\":\"Cette application \u00abDeath Clock\u00bb m'a fait repenser ma vie\"},{\"@type\":\"BreadcrumbList\",\"@id\":\"https:\/\/vieassociative.be\/actualites\/cette-application-death-clock-ma-fait-repenser-ma-vie\/#breadcrumb\",\"itemListElement\":[{\"@type\":\"ListItem\",\"position\":1,\"name\":\"Accueil\",\"item\":\"https:\/\/vieassociative.be\/actualites\/\"},{\"@type\":\"ListItem\",\"position\":2,\"name\":\"Cette application \u00abDeath Clock\u00bb m&rsquo;a fait repenser ma vie\"}]},{\"@type\":\"WebSite\",\"@id\":\"https:\/\/vieassociative.be\/actualites\/#website\",\"url\":\"https:\/\/vieassociative.be\/actualites\/\",\"name\":\"Vie Associative\",\"description\":\"\",\"publisher\":{\"@id\":\"https:\/\/vieassociative.be\/actualites\/#organization\"},\"potentialAction\":[{\"@type\":\"SearchAction\",\"target\":{\"@type\":\"EntryPoint\",\"urlTemplate\":\"https:\/\/vieassociative.be\/actualites\/?s={search_term_string}\"},\"query-input\":{\"@type\":\"PropertyValueSpecification\",\"valueRequired\":true,\"valueName\":\"search_term_string\"}}],\"inLanguage\":\"fr-BE\"},{\"@type\":\"Organization\",\"@id\":\"https:\/\/vieassociative.be\/actualites\/#organization\",\"name\":\"Vie Associative\",\"url\":\"https:\/\/vieassociative.be\/actualites\/\",\"logo\":{\"@type\":\"ImageObject\",\"inLanguage\":\"fr-BE\",\"@id\":\"https:\/\/vieassociative.be\/actualites\/#\/schema\/logo\/image\/\",\"url\":\"https:\/\/vieassociative.be\/actualites\/wp-content\/uploads\/2024\/09\/cropped-vieassociative_favicon.ico.png\",\"contentUrl\":\"https:\/\/vieassociative.be\/actualites\/wp-content\/uploads\/2024\/09\/cropped-vieassociative_favicon.ico.png\",\"width\":512,\"height\":512,\"caption\":\"Vie Associative\"},\"image\":{\"@id\":\"https:\/\/vieassociative.be\/actualites\/#\/schema\/logo\/image\/\"}},{\"@type\":\"Person\",\"@id\":\"https:\/\/vieassociative.be\/actualites\/#\/schema\/person\/b87ac4f82f9d4e7b7cec7395b679edc4\",\"name\":\"Julien\",\"image\":{\"@type\":\"ImageObject\",\"inLanguage\":\"fr-BE\",\"@id\":\"https:\/\/vieassociative.be\/actualites\/#\/schema\/person\/image\/\",\"url\":\"https:\/\/vieassociative.be\/actualites\/wp-content\/uploads\/2024\/09\/vie-associative-1-150x150.jpg\",\"contentUrl\":\"https:\/\/vieassociative.be\/actualites\/wp-content\/uploads\/2024\/09\/vie-associative-1-150x150.jpg\",\"caption\":\"Julien\"},\"description\":\"Je suis Julien, r\u00e9dacteur pour Vie Associative. Passionn\u00e9 par le monde associatif depuis plus de 10 ans, j'ai \u00e0 c\u0153ur de partager des histoires inspirantes et de mettre en lumi\u00e8re les initiatives locales. Mon objectif est de sensibiliser et d'encourager l'engagement communautaire \u00e0 travers mes articles.\",\"sameAs\":[\"https:\/\/vieassociative.be\/\"]}]}<\/script>\n<!-- \/ Yoast SEO plugin. -->","yoast_head_json":{"title":"Cette application \u00abDeath Clock\u00bb m'a fait repenser ma vie | Vie Associative","robots":{"index":"index","follow":"follow","max-snippet":"max-snippet:-1","max-image-preview":"max-image-preview:large","max-video-preview":"max-video-preview:-1"},"canonical":"https:\/\/vieassociative.be\/actualites\/cette-application-death-clock-ma-fait-repenser-ma-vie\/","og_locale":"fr_FR","og_type":"article","og_title":"Cette application \u00abDeath Clock\u00bb m'a fait repenser ma vie | Vie Associative","og_description":"Une application qui pr\u00e9dit que votre mort semble d\u00e9primante, mais je l&rsquo;ai trouv\u00e9 plein d&rsquo;espoir. Je t\u00e9l\u00e9chargerai n&rsquo;importe quelle application pour laquelle je re\u00e7ois une","og_url":"https:\/\/vieassociative.be\/actualites\/cette-application-death-clock-ma-fait-repenser-ma-vie\/","og_site_name":"Vie Associative","article_published_time":"2025-02-13T13:16:57+00:00","og_image":[{"url":"https:\/\/vieassociative.be\/actualites\/wp-content\/uploads\/2025\/02\/Cette-application-Death-Clock-ma-fait-repenser-ma-vie.png","type":"","width":"","height":""}],"author":"Julien","twitter_card":"summary_large_image","twitter_misc":{"\u00c9crit par":"Julien","Dur\u00e9e de lecture est.":"7 minutes"},"schema":{"@context":"https:\/\/schema.org","@graph":[{"@type":"Article","@id":"https:\/\/vieassociative.be\/actualites\/cette-application-death-clock-ma-fait-repenser-ma-vie\/#article","isPartOf":{"@id":"https:\/\/vieassociative.be\/actualites\/cette-application-death-clock-ma-fait-repenser-ma-vie\/"},"author":{"name":"Julien","@id":"https:\/\/vieassociative.be\/actualites\/#\/schema\/person\/b87ac4f82f9d4e7b7cec7395b679edc4"},"headline":"Cette application \u00abDeath Clock\u00bb m&rsquo;a fait repenser ma vie","datePublished":"2025-02-13T13:16:57+00:00","dateModified":"2025-02-13T13:16:57+00:00","mainEntityOfPage":{"@id":"https:\/\/vieassociative.be\/actualites\/cette-application-death-clock-ma-fait-repenser-ma-vie\/"},"wordCount":1510,"publisher":{"@id":"https:\/\/vieassociative.be\/actualites\/#organization"},"image":{"@id":"https:\/\/vieassociative.be\/actualites\/cette-application-death-clock-ma-fait-repenser-ma-vie\/#primaryimage"},"thumbnailUrl":"https:\/\/vieassociative.be\/actualites\/wp-content\/uploads\/2025\/02\/1739452618_Cette-application-Death-Clock-ma-fait-repenser-ma-vie.png","keywords":["application","cette","Clock","Death","fait","repenser","vie"],"articleSection":["Technologie"],"inLanguage":"fr-BE"},{"@type":"WebPage","@id":"https:\/\/vieassociative.be\/actualites\/cette-application-death-clock-ma-fait-repenser-ma-vie\/","url":"https:\/\/vieassociative.be\/actualites\/cette-application-death-clock-ma-fait-repenser-ma-vie\/","name":"Cette application \u00abDeath Clock\u00bb m'a fait repenser ma vie | Vie Associative","isPartOf":{"@id":"https:\/\/vieassociative.be\/actualites\/#website"},"primaryImageOfPage":{"@id":"https:\/\/vieassociative.be\/actualites\/cette-application-death-clock-ma-fait-repenser-ma-vie\/#primaryimage"},"image":{"@id":"https:\/\/vieassociative.be\/actualites\/cette-application-death-clock-ma-fait-repenser-ma-vie\/#primaryimage"},"thumbnailUrl":"https:\/\/vieassociative.be\/actualites\/wp-content\/uploads\/2025\/02\/1739452618_Cette-application-Death-Clock-ma-fait-repenser-ma-vie.png","datePublished":"2025-02-13T13:16:57+00:00","dateModified":"2025-02-13T13:16:57+00:00","breadcrumb":{"@id":"https:\/\/vieassociative.be\/actualites\/cette-application-death-clock-ma-fait-repenser-ma-vie\/#breadcrumb"},"inLanguage":"fr-BE","potentialAction":[{"@type":"ReadAction","target":["https:\/\/vieassociative.be\/actualites\/cette-application-death-clock-ma-fait-repenser-ma-vie\/"]}]},{"@type":"ImageObject","inLanguage":"fr-BE","@id":"https:\/\/vieassociative.be\/actualites\/cette-application-death-clock-ma-fait-repenser-ma-vie\/#primaryimage","url":"https:\/\/vieassociative.be\/actualites\/wp-content\/uploads\/2025\/02\/1739452618_Cette-application-Death-Clock-ma-fait-repenser-ma-vie.png","contentUrl":"https:\/\/vieassociative.be\/actualites\/wp-content\/uploads\/2025\/02\/1739452618_Cette-application-Death-Clock-ma-fait-repenser-ma-vie.png","width":1200,"height":675,"caption":"Cette application \u00abDeath Clock\u00bb m'a fait repenser ma vie"},{"@type":"BreadcrumbList","@id":"https:\/\/vieassociative.be\/actualites\/cette-application-death-clock-ma-fait-repenser-ma-vie\/#breadcrumb","itemListElement":[{"@type":"ListItem","position":1,"name":"Accueil","item":"https:\/\/vieassociative.be\/actualites\/"},{"@type":"ListItem","position":2,"name":"Cette application \u00abDeath Clock\u00bb m&rsquo;a fait repenser ma vie"}]},{"@type":"WebSite","@id":"https:\/\/vieassociative.be\/actualites\/#website","url":"https:\/\/vieassociative.be\/actualites\/","name":"Vie Associative","description":"","publisher":{"@id":"https:\/\/vieassociative.be\/actualites\/#organization"},"potentialAction":[{"@type":"SearchAction","target":{"@type":"EntryPoint","urlTemplate":"https:\/\/vieassociative.be\/actualites\/?s={search_term_string}"},"query-input":{"@type":"PropertyValueSpecification","valueRequired":true,"valueName":"search_term_string"}}],"inLanguage":"fr-BE"},{"@type":"Organization","@id":"https:\/\/vieassociative.be\/actualites\/#organization","name":"Vie Associative","url":"https:\/\/vieassociative.be\/actualites\/","logo":{"@type":"ImageObject","inLanguage":"fr-BE","@id":"https:\/\/vieassociative.be\/actualites\/#\/schema\/logo\/image\/","url":"https:\/\/vieassociative.be\/actualites\/wp-content\/uploads\/2024\/09\/cropped-vieassociative_favicon.ico.png","contentUrl":"https:\/\/vieassociative.be\/actualites\/wp-content\/uploads\/2024\/09\/cropped-vieassociative_favicon.ico.png","width":512,"height":512,"caption":"Vie Associative"},"image":{"@id":"https:\/\/vieassociative.be\/actualites\/#\/schema\/logo\/image\/"}},{"@type":"Person","@id":"https:\/\/vieassociative.be\/actualites\/#\/schema\/person\/b87ac4f82f9d4e7b7cec7395b679edc4","name":"Julien","image":{"@type":"ImageObject","inLanguage":"fr-BE","@id":"https:\/\/vieassociative.be\/actualites\/#\/schema\/person\/image\/","url":"https:\/\/vieassociative.be\/actualites\/wp-content\/uploads\/2024\/09\/vie-associative-1-150x150.jpg","contentUrl":"https:\/\/vieassociative.be\/actualites\/wp-content\/uploads\/2024\/09\/vie-associative-1-150x150.jpg","caption":"Julien"},"description":"Je suis Julien, r\u00e9dacteur pour Vie Associative. Passionn\u00e9 par le monde associatif depuis plus de 10 ans, j'ai \u00e0 c\u0153ur de partager des histoires inspirantes et de mettre en lumi\u00e8re les initiatives locales. Mon objectif est de sensibiliser et d'encourager l'engagement communautaire \u00e0 travers mes articles.","sameAs":["https:\/\/vieassociative.be\/"]}]}},"_links":{"self":[{"href":"https:\/\/vieassociative.be\/actualites\/wp-json\/wp\/v2\/posts\/5083"}],"collection":[{"href":"https:\/\/vieassociative.be\/actualites\/wp-json\/wp\/v2\/posts"}],"about":[{"href":"https:\/\/vieassociative.be\/actualites\/wp-json\/wp\/v2\/types\/post"}],"author":[{"embeddable":true,"href":"https:\/\/vieassociative.be\/actualites\/wp-json\/wp\/v2\/users\/1"}],"replies":[{"embeddable":true,"href":"https:\/\/vieassociative.be\/actualites\/wp-json\/wp\/v2\/comments?post=5083"}],"version-history":[{"count":0,"href":"https:\/\/vieassociative.be\/actualites\/wp-json\/wp\/v2\/posts\/5083\/revisions"}],"wp:featuredmedia":[{"embeddable":true,"href":"https:\/\/vieassociative.be\/actualites\/wp-json\/wp\/v2\/media\/5084"}],"wp:attachment":[{"href":"https:\/\/vieassociative.be\/actualites\/wp-json\/wp\/v2\/media?parent=5083"}],"wp:term":[{"taxonomy":"category","embeddable":true,"href":"https:\/\/vieassociative.be\/actualites\/wp-json\/wp\/v2\/categories?post=5083"},{"taxonomy":"post_tag","embeddable":true,"href":"https:\/\/vieassociative.be\/actualites\/wp-json\/wp\/v2\/tags?post=5083"}],"curies":[{"name":"wp","href":"https:\/\/api.w.org\/{rel}","templated":true}]}}