{"id":5076,"date":"2025-02-13T09:18:13","date_gmt":"2025-02-13T08:18:13","guid":{"rendered":"https:\/\/vieassociative.be\/actualites\/le-projet-cinema-retrovision-montre-le-film-the-club-of-dead-poets-dimanche-dans-le-cinema-eupen\/"},"modified":"2025-02-13T09:18:13","modified_gmt":"2025-02-13T08:18:13","slug":"le-projet-cinema-retrovision-montre-le-film-the-club-of-dead-poets-dimanche-dans-le-cinema-eupen","status":"publish","type":"post","link":"https:\/\/vieassociative.be\/actualites\/le-projet-cinema-retrovision-montre-le-film-the-club-of-dead-poets-dimanche-dans-le-cinema-eupen\/","title":{"rendered":"Le projet cin\u00e9ma \u00ab\u00a0Retrovision\u00a0\u00bb montre le film \u00ab\u00a0The Club of Dead Poets\u00a0\u00bb dimanche dans le cin\u00e9ma Eupen"},"content":{"rendered":"<p><strong>Le projet de cin\u00e9ma \u00ab\u00a0Retrovision\u00a0\u00bb fait reculer sur grand \u00e9cran dans le cin\u00e9ma Eupener depuis juin 2023 en coop\u00e9ration avec Kultkom Film Classics. Ce dimanche 16 f\u00e9vrier 2025, \u00e0 19 h.<\/strong><\/p>\n<p><span id=\"more-408060\"><\/span>\u00ab\u00a0Le Club of the Dead Poet\u00a0\u00bb raconte l&rsquo;histoire \u00e9mouvante d&rsquo;un groupe d&rsquo;\u00e9l\u00e8ves de l&rsquo;interm\u00e9diaire qui apprennent \u00e0 l&rsquo;automne 1959 par le biais de son professeur d&rsquo;anglais non conventionnel John Keating (Robin Williams) pour regarder la vie sous une nouvelle perspective.<\/p>\n<p>Avec l&rsquo;aide de la po\u00e9sie, Keating met ses \u00e9tudiants sur de nouvelles pens\u00e9es: avec le pouvoir r\u00e9volutionnaire de po\u00e9tique, ils prennent conscience de valeurs telles que la libert\u00e9 et l&rsquo;action non conventionnelle.<\/p>\n<div id=\"attachment_408074\" class=\"wp-caption alignleft\" style=\"max-width: 300px\"><img fetchpriority=\"high\" decoding=\"async\" class=\"wp-image-408074 size-medium\" src=\"https:\/\/vieassociative.be\/actualites\/wp-content\/uploads\/2025\/02\/Le-projet-cinema-Retrovision-montre-le-film-The-Club-of.jpg\" alt=\"\" width=\"300\" height=\"229\"  ><\/p>\n<p class=\"wp-caption-text\">Old Films, New Shine: The \u00ab\u00a0Retrovision\u00a0\u00bb Project a d\u00e9j\u00e0 la deuxi\u00e8me saison.<\/p>\n<\/div>\n<p>Certains gar\u00e7ons fascinent tellement le nouveau contenu p\u00e9dagogique et les m\u00e9thodes qu&rsquo;ils ont trouv\u00e9 un club secret &#8211; le \u00ab\u00a0Club of the Dead Poets\u00a0\u00bb.<\/p>\n<p>Ses membres se rencontrent dans une vieille grotte la nuit pour s&rsquo;imaginer des po\u00e8mes. Cependant, parce que le monde reste conservateur autour et en particulier le recteur despotique Nolan (Norman Lloyd) fait tout pour lutter contre les exc\u00e8s spirituels libres dans son institution, la courte excursion de l&rsquo;ind\u00e9pendance mentale se termine tragiquement &#8230;<\/p>\n<p>Le projet \u00abRetrovision\u00bb est une initiative d&rsquo;un groupe de cin\u00e9astes et d&rsquo;amateurs de cin\u00e9ma belge orientaux, qui s&rsquo;est fix\u00e9 l&rsquo;objectif de ramener \u00e0 nouveau le classique embl\u00e9matique sur grand \u00e9cran. En coop\u00e9ration avec Kultkom, le comit\u00e9 culturel de la ville d&rsquo;Eupen et l&rsquo;infrastructure du cin\u00e9ma d&rsquo;Eupen, le projet a \u00e9t\u00e9 lanc\u00e9 au d\u00e9but de l&rsquo;\u00e9t\u00e9 2023.<\/p>\n<p>\u00ab\u00a0Retrovision\u00a0\u00bb veut aborder la nostalgie du public. En particulier, la g\u00e9n\u00e9ration plus \u00e2g\u00e9e a l&rsquo;occasion de pr\u00e9senter de grands films \u00e0 leurs enfants ou petits-enfants sur un grand \u00e9cran.<\/p>\n<div id=\"attachment_351703\" class=\"wp-caption alignleft\" style=\"max-width: 300px\"><img decoding=\"async\" class=\"wp-image-351703 size-medium\" src=\"https:\/\/vieassociative.be\/actualites\/wp-content\/uploads\/2025\/02\/Le-projet-cinema-Retrovision-montre-le-film-The-Club-of.jpeg\" alt=\"\" width=\"300\" height=\"200\"  ><\/p>\n<p class=\"wp-caption-text\">Photo: Shutterstock<\/p>\n<\/div>\n<p>\u00ab\u00a0Retrovision\u00a0\u00bb propose un ou deux films par soir\u00e9e. Dans les \u00ab\u00a0Double Features\u00a0\u00bb, les deux films s&rsquo;assemblent de mani\u00e8re th\u00e9matique, ont le m\u00eame r\u00e9alisateur ou acteur de premier plan. Les \u00e9v\u00e9nements ont lieu dans le cadre de l&rsquo;art ouvert dimanche.<\/p>\n<p>Le programme de soutien est con\u00e7u de telle mani\u00e8re qu&rsquo;il est relaxant et divertissant pour le public. La musique accompagne les \u00e9v\u00e9nements, que ce soit comme une bande-son r\u00e9frig\u00e9r\u00e9e dans la grande salle ou avec un DJ en direct dans le foyer.<\/p>\n<p>\u00abRetrovision offre aux t\u00e9l\u00e9spectateurs l&rsquo;occasion de s&rsquo;\u00e9teindre pendant quelques heures, de parler \u00e0 des gens, de faire des gens ou tout simplement de profiter. Nos soir\u00e9es rassemblent des gens int\u00e9ressants qui ne se sont peut-\u00eatre pas vus depuis un certain temps. Le hall de la charni\u00e8re jeune est ouvert chaque soir\u00e9e de r\u00e9trovision et propose de d\u00e9licieuses bi\u00e8res pour la d\u00e9gustation ensemble \u00bb, ont d\u00e9clar\u00e9 les auteurs du projet.<\/p>\n<p><i>Pour seulement 200 francs belges (5 euros), vous pouvez regarder un excellent film, rencontrer des gens cool et prendre un verre. Plus d&rsquo;informations sous <u>r\u00e9trovision.cinema eupen.be<\/u> et <u>www.kultkom.be<\/u><\/i><\/p>\n<p><em><strong>Vous trouverez ci-dessous la bande-annonce du film \u00ab\u00a0The Club of the Dead Poets\u00a0\u00bb:<\/strong><\/em><\/p>\n<div class=\"responsive-embed widescreen\">\n<div class=\"rll-youtube-player\" data-src=\"https:\/\/www.youtube.com\/embed\/oS97Z4WJ5lg\" data-id=\"oS97Z4WJ5lg\" data-query=\"feature=oembed\" data-alt=\"Der Club der Toten Dichter - Original Trailer Deutsch HD\"><\/div>\n<p><noscript><a href=\"https:\/\/www.youtube.com\/watch?v=os97z4wj5lg\">https:\/\/www.youtube.com\/watch?v=os97z4wj5lg<\/a><\/noscript><\/div>\n","protected":false},"excerpt":{"rendered":"<p>Le projet de cin\u00e9ma \u00ab\u00a0Retrovision\u00a0\u00bb fait reculer sur grand \u00e9cran dans le cin\u00e9ma Eupener depuis juin 2023 en coop\u00e9ration avec Kultkom Film Classics. Ce dimanche<\/p>\n","protected":false},"author":1,"featured_media":5077,"comment_status":"","ping_status":"","sticky":false,"template":"","format":"standard","meta":{"footnotes":""},"categories":[298],"tags":[98,269,166,4845,471,2329,4195,1252,5323,5322,2386],"class_list":["post-5076","post","type-post","status-publish","format-standard","has-post-thumbnail","hentry","category-belgique","tag-cinema","tag-club","tag-dans","tag-dead","tag-dimanche","tag-eupen","tag-film","tag-montre","tag-poets","tag-projet","tag-retrovision","generate-columns","tablet-grid-50","mobile-grid-100","grid-parent","grid-33"],"yoast_head":"<!-- This site is optimized with the Yoast SEO plugin v24.0 - https:\/\/yoast.com\/wordpress\/plugins\/seo\/ -->\n<title>Le projet cin\u00e9ma &quot;Retrovision&quot; montre le film &quot;The Club of Dead Poets&quot; dimanche dans le cin\u00e9ma Eupen | Vie Associative<\/title>\n<meta name=\"robots\" content=\"index, follow, max-snippet:-1, max-image-preview:large, max-video-preview:-1\" \/>\n<link rel=\"canonical\" href=\"https:\/\/vieassociative.be\/actualites\/le-projet-cinema-retrovision-montre-le-film-the-club-of-dead-poets-dimanche-dans-le-cinema-eupen\/\" \/>\n<meta property=\"og:locale\" content=\"fr_FR\" \/>\n<meta property=\"og:type\" content=\"article\" \/>\n<meta property=\"og:title\" content=\"Le projet cin\u00e9ma &quot;Retrovision&quot; montre le film &quot;The Club of Dead Poets&quot; dimanche dans le cin\u00e9ma Eupen | Vie Associative\" \/>\n<meta property=\"og:description\" content=\"Le projet de cin\u00e9ma \u00ab\u00a0Retrovision\u00a0\u00bb fait reculer sur grand \u00e9cran dans le cin\u00e9ma Eupener depuis juin 2023 en coop\u00e9ration avec Kultkom Film Classics. Ce dimanche\" \/>\n<meta property=\"og:url\" content=\"https:\/\/vieassociative.be\/actualites\/le-projet-cinema-retrovision-montre-le-film-the-club-of-dead-poets-dimanche-dans-le-cinema-eupen\/\" \/>\n<meta property=\"og:site_name\" content=\"Vie Associative\" \/>\n<meta property=\"article:published_time\" content=\"2025-02-13T08:18:13+00:00\" \/>\n<meta property=\"og:image\" content=\"https:\/\/vieassociative.be\/actualites\/wp-content\/uploads\/2024\/09\/header_backgroundk-01-e1726694325946.png\" \/>\n\t<meta property=\"og:image:width\" content=\"279\" \/>\n\t<meta property=\"og:image:height\" content=\"92\" \/>\n\t<meta property=\"og:image:type\" content=\"image\/png\" \/>\n<meta name=\"author\" content=\"Julien\" \/>\n<meta name=\"twitter:card\" content=\"summary_large_image\" \/>\n<meta name=\"twitter:label1\" content=\"\u00c9crit par\" \/>\n\t<meta name=\"twitter:data1\" content=\"Julien\" \/>\n\t<meta name=\"twitter:label2\" content=\"Dur\u00e9e de lecture est.\" \/>\n\t<meta name=\"twitter:data2\" content=\"3 minutes\" \/>\n<script type=\"application\/ld+json\" class=\"yoast-schema-graph\">{\"@context\":\"https:\/\/schema.org\",\"@graph\":[{\"@type\":\"Article\",\"@id\":\"https:\/\/vieassociative.be\/actualites\/le-projet-cinema-retrovision-montre-le-film-the-club-of-dead-poets-dimanche-dans-le-cinema-eupen\/#article\",\"isPartOf\":{\"@id\":\"https:\/\/vieassociative.be\/actualites\/le-projet-cinema-retrovision-montre-le-film-the-club-of-dead-poets-dimanche-dans-le-cinema-eupen\/\"},\"author\":{\"name\":\"Julien\",\"@id\":\"https:\/\/vieassociative.be\/actualites\/#\/schema\/person\/b87ac4f82f9d4e7b7cec7395b679edc4\"},\"headline\":\"Le projet cin\u00e9ma \u00ab\u00a0Retrovision\u00a0\u00bb montre le film \u00ab\u00a0The Club of Dead Poets\u00a0\u00bb dimanche dans le cin\u00e9ma Eupen\",\"datePublished\":\"2025-02-13T08:18:13+00:00\",\"dateModified\":\"2025-02-13T08:18:13+00:00\",\"mainEntityOfPage\":{\"@id\":\"https:\/\/vieassociative.be\/actualites\/le-projet-cinema-retrovision-montre-le-film-the-club-of-dead-poets-dimanche-dans-le-cinema-eupen\/\"},\"wordCount\":569,\"publisher\":{\"@id\":\"https:\/\/vieassociative.be\/actualites\/#organization\"},\"image\":{\"@id\":\"https:\/\/vieassociative.be\/actualites\/le-projet-cinema-retrovision-montre-le-film-the-club-of-dead-poets-dimanche-dans-le-cinema-eupen\/#primaryimage\"},\"thumbnailUrl\":\"https:\/\/vieassociative.be\/actualites\/wp-content\/uploads\/2025\/02\/1739434694_Le-projet-cinema-Retrovision-montre-le-film-The-Club-of.jpg\",\"keywords\":[\"cin\u00e9ma\",\"Club\",\"dans\",\"Dead\",\"dimanche\",\"Eupen\",\"film\",\"montre\",\"Poets\",\"projet\",\"R\u00e9trovision\"],\"articleSection\":[\"Belgique\"],\"inLanguage\":\"fr-BE\"},{\"@type\":\"WebPage\",\"@id\":\"https:\/\/vieassociative.be\/actualites\/le-projet-cinema-retrovision-montre-le-film-the-club-of-dead-poets-dimanche-dans-le-cinema-eupen\/\",\"url\":\"https:\/\/vieassociative.be\/actualites\/le-projet-cinema-retrovision-montre-le-film-the-club-of-dead-poets-dimanche-dans-le-cinema-eupen\/\",\"name\":\"Le projet cin\u00e9ma \\\"Retrovision\\\" montre le film \\\"The Club of Dead Poets\\\" dimanche dans le cin\u00e9ma Eupen | Vie Associative\",\"isPartOf\":{\"@id\":\"https:\/\/vieassociative.be\/actualites\/#website\"},\"primaryImageOfPage\":{\"@id\":\"https:\/\/vieassociative.be\/actualites\/le-projet-cinema-retrovision-montre-le-film-the-club-of-dead-poets-dimanche-dans-le-cinema-eupen\/#primaryimage\"},\"image\":{\"@id\":\"https:\/\/vieassociative.be\/actualites\/le-projet-cinema-retrovision-montre-le-film-the-club-of-dead-poets-dimanche-dans-le-cinema-eupen\/#primaryimage\"},\"thumbnailUrl\":\"https:\/\/vieassociative.be\/actualites\/wp-content\/uploads\/2025\/02\/1739434694_Le-projet-cinema-Retrovision-montre-le-film-The-Club-of.jpg\",\"datePublished\":\"2025-02-13T08:18:13+00:00\",\"dateModified\":\"2025-02-13T08:18:13+00:00\",\"breadcrumb\":{\"@id\":\"https:\/\/vieassociative.be\/actualites\/le-projet-cinema-retrovision-montre-le-film-the-club-of-dead-poets-dimanche-dans-le-cinema-eupen\/#breadcrumb\"},\"inLanguage\":\"fr-BE\",\"potentialAction\":[{\"@type\":\"ReadAction\",\"target\":[\"https:\/\/vieassociative.be\/actualites\/le-projet-cinema-retrovision-montre-le-film-the-club-of-dead-poets-dimanche-dans-le-cinema-eupen\/\"]}]},{\"@type\":\"ImageObject\",\"inLanguage\":\"fr-BE\",\"@id\":\"https:\/\/vieassociative.be\/actualites\/le-projet-cinema-retrovision-montre-le-film-the-club-of-dead-poets-dimanche-dans-le-cinema-eupen\/#primaryimage\",\"url\":\"https:\/\/vieassociative.be\/actualites\/wp-content\/uploads\/2025\/02\/1739434694_Le-projet-cinema-Retrovision-montre-le-film-The-Club-of.jpg\",\"contentUrl\":\"https:\/\/vieassociative.be\/actualites\/wp-content\/uploads\/2025\/02\/1739434694_Le-projet-cinema-Retrovision-montre-le-film-The-Club-of.jpg\",\"width\":1726,\"height\":1231,\"caption\":\"Le projet cin\u00e9ma \\\"Retrovision\\\" montre le film \\\"The Club of Dead Poets\\\" dimanche dans le cin\u00e9ma Eupen\"},{\"@type\":\"BreadcrumbList\",\"@id\":\"https:\/\/vieassociative.be\/actualites\/le-projet-cinema-retrovision-montre-le-film-the-club-of-dead-poets-dimanche-dans-le-cinema-eupen\/#breadcrumb\",\"itemListElement\":[{\"@type\":\"ListItem\",\"position\":1,\"name\":\"Accueil\",\"item\":\"https:\/\/vieassociative.be\/actualites\/\"},{\"@type\":\"ListItem\",\"position\":2,\"name\":\"Le projet cin\u00e9ma \u00ab\u00a0Retrovision\u00a0\u00bb montre le film \u00ab\u00a0The Club of Dead Poets\u00a0\u00bb dimanche dans le cin\u00e9ma Eupen\"}]},{\"@type\":\"WebSite\",\"@id\":\"https:\/\/vieassociative.be\/actualites\/#website\",\"url\":\"https:\/\/vieassociative.be\/actualites\/\",\"name\":\"Vie Associative\",\"description\":\"\",\"publisher\":{\"@id\":\"https:\/\/vieassociative.be\/actualites\/#organization\"},\"potentialAction\":[{\"@type\":\"SearchAction\",\"target\":{\"@type\":\"EntryPoint\",\"urlTemplate\":\"https:\/\/vieassociative.be\/actualites\/?s={search_term_string}\"},\"query-input\":{\"@type\":\"PropertyValueSpecification\",\"valueRequired\":true,\"valueName\":\"search_term_string\"}}],\"inLanguage\":\"fr-BE\"},{\"@type\":\"Organization\",\"@id\":\"https:\/\/vieassociative.be\/actualites\/#organization\",\"name\":\"Vie Associative\",\"url\":\"https:\/\/vieassociative.be\/actualites\/\",\"logo\":{\"@type\":\"ImageObject\",\"inLanguage\":\"fr-BE\",\"@id\":\"https:\/\/vieassociative.be\/actualites\/#\/schema\/logo\/image\/\",\"url\":\"https:\/\/vieassociative.be\/actualites\/wp-content\/uploads\/2024\/09\/cropped-vieassociative_favicon.ico.png\",\"contentUrl\":\"https:\/\/vieassociative.be\/actualites\/wp-content\/uploads\/2024\/09\/cropped-vieassociative_favicon.ico.png\",\"width\":512,\"height\":512,\"caption\":\"Vie Associative\"},\"image\":{\"@id\":\"https:\/\/vieassociative.be\/actualites\/#\/schema\/logo\/image\/\"}},{\"@type\":\"Person\",\"@id\":\"https:\/\/vieassociative.be\/actualites\/#\/schema\/person\/b87ac4f82f9d4e7b7cec7395b679edc4\",\"name\":\"Julien\",\"image\":{\"@type\":\"ImageObject\",\"inLanguage\":\"fr-BE\",\"@id\":\"https:\/\/vieassociative.be\/actualites\/#\/schema\/person\/image\/\",\"url\":\"https:\/\/vieassociative.be\/actualites\/wp-content\/uploads\/2024\/09\/vie-associative-1-150x150.jpg\",\"contentUrl\":\"https:\/\/vieassociative.be\/actualites\/wp-content\/uploads\/2024\/09\/vie-associative-1-150x150.jpg\",\"caption\":\"Julien\"},\"description\":\"Je suis Julien, r\u00e9dacteur pour Vie Associative. Passionn\u00e9 par le monde associatif depuis plus de 10 ans, j'ai \u00e0 c\u0153ur de partager des histoires inspirantes et de mettre en lumi\u00e8re les initiatives locales. Mon objectif est de sensibiliser et d'encourager l'engagement communautaire \u00e0 travers mes articles.\",\"sameAs\":[\"https:\/\/vieassociative.be\/\"]}]}<\/script>\n<!-- \/ Yoast SEO plugin. -->","yoast_head_json":{"title":"Le projet cin\u00e9ma \"Retrovision\" montre le film \"The Club of Dead Poets\" dimanche dans le cin\u00e9ma Eupen | Vie Associative","robots":{"index":"index","follow":"follow","max-snippet":"max-snippet:-1","max-image-preview":"max-image-preview:large","max-video-preview":"max-video-preview:-1"},"canonical":"https:\/\/vieassociative.be\/actualites\/le-projet-cinema-retrovision-montre-le-film-the-club-of-dead-poets-dimanche-dans-le-cinema-eupen\/","og_locale":"fr_FR","og_type":"article","og_title":"Le projet cin\u00e9ma \"Retrovision\" montre le film \"The Club of Dead Poets\" dimanche dans le cin\u00e9ma Eupen | Vie Associative","og_description":"Le projet de cin\u00e9ma \u00ab\u00a0Retrovision\u00a0\u00bb fait reculer sur grand \u00e9cran dans le cin\u00e9ma Eupener depuis juin 2023 en coop\u00e9ration avec Kultkom Film Classics. Ce dimanche","og_url":"https:\/\/vieassociative.be\/actualites\/le-projet-cinema-retrovision-montre-le-film-the-club-of-dead-poets-dimanche-dans-le-cinema-eupen\/","og_site_name":"Vie Associative","article_published_time":"2025-02-13T08:18:13+00:00","og_image":[{"width":279,"height":92,"url":"https:\/\/vieassociative.be\/actualites\/wp-content\/uploads\/2024\/09\/header_backgroundk-01-e1726694325946.png","type":"image\/png"}],"author":"Julien","twitter_card":"summary_large_image","twitter_misc":{"\u00c9crit par":"Julien","Dur\u00e9e de lecture est.":"3 minutes"},"schema":{"@context":"https:\/\/schema.org","@graph":[{"@type":"Article","@id":"https:\/\/vieassociative.be\/actualites\/le-projet-cinema-retrovision-montre-le-film-the-club-of-dead-poets-dimanche-dans-le-cinema-eupen\/#article","isPartOf":{"@id":"https:\/\/vieassociative.be\/actualites\/le-projet-cinema-retrovision-montre-le-film-the-club-of-dead-poets-dimanche-dans-le-cinema-eupen\/"},"author":{"name":"Julien","@id":"https:\/\/vieassociative.be\/actualites\/#\/schema\/person\/b87ac4f82f9d4e7b7cec7395b679edc4"},"headline":"Le projet cin\u00e9ma \u00ab\u00a0Retrovision\u00a0\u00bb montre le film \u00ab\u00a0The Club of Dead Poets\u00a0\u00bb dimanche dans le cin\u00e9ma Eupen","datePublished":"2025-02-13T08:18:13+00:00","dateModified":"2025-02-13T08:18:13+00:00","mainEntityOfPage":{"@id":"https:\/\/vieassociative.be\/actualites\/le-projet-cinema-retrovision-montre-le-film-the-club-of-dead-poets-dimanche-dans-le-cinema-eupen\/"},"wordCount":569,"publisher":{"@id":"https:\/\/vieassociative.be\/actualites\/#organization"},"image":{"@id":"https:\/\/vieassociative.be\/actualites\/le-projet-cinema-retrovision-montre-le-film-the-club-of-dead-poets-dimanche-dans-le-cinema-eupen\/#primaryimage"},"thumbnailUrl":"https:\/\/vieassociative.be\/actualites\/wp-content\/uploads\/2025\/02\/1739434694_Le-projet-cinema-Retrovision-montre-le-film-The-Club-of.jpg","keywords":["cin\u00e9ma","Club","dans","Dead","dimanche","Eupen","film","montre","Poets","projet","R\u00e9trovision"],"articleSection":["Belgique"],"inLanguage":"fr-BE"},{"@type":"WebPage","@id":"https:\/\/vieassociative.be\/actualites\/le-projet-cinema-retrovision-montre-le-film-the-club-of-dead-poets-dimanche-dans-le-cinema-eupen\/","url":"https:\/\/vieassociative.be\/actualites\/le-projet-cinema-retrovision-montre-le-film-the-club-of-dead-poets-dimanche-dans-le-cinema-eupen\/","name":"Le projet cin\u00e9ma \"Retrovision\" montre le film \"The Club of Dead Poets\" dimanche dans le cin\u00e9ma Eupen | Vie Associative","isPartOf":{"@id":"https:\/\/vieassociative.be\/actualites\/#website"},"primaryImageOfPage":{"@id":"https:\/\/vieassociative.be\/actualites\/le-projet-cinema-retrovision-montre-le-film-the-club-of-dead-poets-dimanche-dans-le-cinema-eupen\/#primaryimage"},"image":{"@id":"https:\/\/vieassociative.be\/actualites\/le-projet-cinema-retrovision-montre-le-film-the-club-of-dead-poets-dimanche-dans-le-cinema-eupen\/#primaryimage"},"thumbnailUrl":"https:\/\/vieassociative.be\/actualites\/wp-content\/uploads\/2025\/02\/1739434694_Le-projet-cinema-Retrovision-montre-le-film-The-Club-of.jpg","datePublished":"2025-02-13T08:18:13+00:00","dateModified":"2025-02-13T08:18:13+00:00","breadcrumb":{"@id":"https:\/\/vieassociative.be\/actualites\/le-projet-cinema-retrovision-montre-le-film-the-club-of-dead-poets-dimanche-dans-le-cinema-eupen\/#breadcrumb"},"inLanguage":"fr-BE","potentialAction":[{"@type":"ReadAction","target":["https:\/\/vieassociative.be\/actualites\/le-projet-cinema-retrovision-montre-le-film-the-club-of-dead-poets-dimanche-dans-le-cinema-eupen\/"]}]},{"@type":"ImageObject","inLanguage":"fr-BE","@id":"https:\/\/vieassociative.be\/actualites\/le-projet-cinema-retrovision-montre-le-film-the-club-of-dead-poets-dimanche-dans-le-cinema-eupen\/#primaryimage","url":"https:\/\/vieassociative.be\/actualites\/wp-content\/uploads\/2025\/02\/1739434694_Le-projet-cinema-Retrovision-montre-le-film-The-Club-of.jpg","contentUrl":"https:\/\/vieassociative.be\/actualites\/wp-content\/uploads\/2025\/02\/1739434694_Le-projet-cinema-Retrovision-montre-le-film-The-Club-of.jpg","width":1726,"height":1231,"caption":"Le projet cin\u00e9ma \"Retrovision\" montre le film \"The Club of Dead Poets\" dimanche dans le cin\u00e9ma Eupen"},{"@type":"BreadcrumbList","@id":"https:\/\/vieassociative.be\/actualites\/le-projet-cinema-retrovision-montre-le-film-the-club-of-dead-poets-dimanche-dans-le-cinema-eupen\/#breadcrumb","itemListElement":[{"@type":"ListItem","position":1,"name":"Accueil","item":"https:\/\/vieassociative.be\/actualites\/"},{"@type":"ListItem","position":2,"name":"Le projet cin\u00e9ma \u00ab\u00a0Retrovision\u00a0\u00bb montre le film \u00ab\u00a0The Club of Dead Poets\u00a0\u00bb dimanche dans le cin\u00e9ma Eupen"}]},{"@type":"WebSite","@id":"https:\/\/vieassociative.be\/actualites\/#website","url":"https:\/\/vieassociative.be\/actualites\/","name":"Vie Associative","description":"","publisher":{"@id":"https:\/\/vieassociative.be\/actualites\/#organization"},"potentialAction":[{"@type":"SearchAction","target":{"@type":"EntryPoint","urlTemplate":"https:\/\/vieassociative.be\/actualites\/?s={search_term_string}"},"query-input":{"@type":"PropertyValueSpecification","valueRequired":true,"valueName":"search_term_string"}}],"inLanguage":"fr-BE"},{"@type":"Organization","@id":"https:\/\/vieassociative.be\/actualites\/#organization","name":"Vie Associative","url":"https:\/\/vieassociative.be\/actualites\/","logo":{"@type":"ImageObject","inLanguage":"fr-BE","@id":"https:\/\/vieassociative.be\/actualites\/#\/schema\/logo\/image\/","url":"https:\/\/vieassociative.be\/actualites\/wp-content\/uploads\/2024\/09\/cropped-vieassociative_favicon.ico.png","contentUrl":"https:\/\/vieassociative.be\/actualites\/wp-content\/uploads\/2024\/09\/cropped-vieassociative_favicon.ico.png","width":512,"height":512,"caption":"Vie Associative"},"image":{"@id":"https:\/\/vieassociative.be\/actualites\/#\/schema\/logo\/image\/"}},{"@type":"Person","@id":"https:\/\/vieassociative.be\/actualites\/#\/schema\/person\/b87ac4f82f9d4e7b7cec7395b679edc4","name":"Julien","image":{"@type":"ImageObject","inLanguage":"fr-BE","@id":"https:\/\/vieassociative.be\/actualites\/#\/schema\/person\/image\/","url":"https:\/\/vieassociative.be\/actualites\/wp-content\/uploads\/2024\/09\/vie-associative-1-150x150.jpg","contentUrl":"https:\/\/vieassociative.be\/actualites\/wp-content\/uploads\/2024\/09\/vie-associative-1-150x150.jpg","caption":"Julien"},"description":"Je suis Julien, r\u00e9dacteur pour Vie Associative. Passionn\u00e9 par le monde associatif depuis plus de 10 ans, j'ai \u00e0 c\u0153ur de partager des histoires inspirantes et de mettre en lumi\u00e8re les initiatives locales. Mon objectif est de sensibiliser et d'encourager l'engagement communautaire \u00e0 travers mes articles.","sameAs":["https:\/\/vieassociative.be\/"]}]}},"_links":{"self":[{"href":"https:\/\/vieassociative.be\/actualites\/wp-json\/wp\/v2\/posts\/5076"}],"collection":[{"href":"https:\/\/vieassociative.be\/actualites\/wp-json\/wp\/v2\/posts"}],"about":[{"href":"https:\/\/vieassociative.be\/actualites\/wp-json\/wp\/v2\/types\/post"}],"author":[{"embeddable":true,"href":"https:\/\/vieassociative.be\/actualites\/wp-json\/wp\/v2\/users\/1"}],"replies":[{"embeddable":true,"href":"https:\/\/vieassociative.be\/actualites\/wp-json\/wp\/v2\/comments?post=5076"}],"version-history":[{"count":0,"href":"https:\/\/vieassociative.be\/actualites\/wp-json\/wp\/v2\/posts\/5076\/revisions"}],"wp:featuredmedia":[{"embeddable":true,"href":"https:\/\/vieassociative.be\/actualites\/wp-json\/wp\/v2\/media\/5077"}],"wp:attachment":[{"href":"https:\/\/vieassociative.be\/actualites\/wp-json\/wp\/v2\/media?parent=5076"}],"wp:term":[{"taxonomy":"category","embeddable":true,"href":"https:\/\/vieassociative.be\/actualites\/wp-json\/wp\/v2\/categories?post=5076"},{"taxonomy":"post_tag","embeddable":true,"href":"https:\/\/vieassociative.be\/actualites\/wp-json\/wp\/v2\/tags?post=5076"}],"curies":[{"name":"wp","href":"https:\/\/api.w.org\/{rel}","templated":true}]}}