{"id":5071,"date":"2025-02-13T03:18:21","date_gmt":"2025-02-13T02:18:21","guid":{"rendered":"https:\/\/vieassociative.be\/actualites\/la-presidente-americaine-donald-trump-punit-lagence-de-presse-parce-quelle-continue-decrire-gulf-of-mexico-au-lieu-de-golf-of-america\/"},"modified":"2025-02-13T03:18:21","modified_gmt":"2025-02-13T02:18:21","slug":"la-presidente-americaine-donald-trump-punit-lagence-de-presse-parce-quelle-continue-decrire-gulf-of-mexico-au-lieu-de-golf-of-america","status":"publish","type":"post","link":"https:\/\/vieassociative.be\/actualites\/la-presidente-americaine-donald-trump-punit-lagence-de-presse-parce-quelle-continue-decrire-gulf-of-mexico-au-lieu-de-golf-of-america\/","title":{"rendered":"La pr\u00e9sidente am\u00e9ricaine Donald Trump punit l&rsquo;agence de presse parce qu&rsquo;elle continue d&rsquo;\u00e9crire \u00ab\u00a0Gulf of Mexico\u00a0\u00bb au lieu de \u00ab\u00a0Golf of America\u00a0\u00bb"},"content":{"rendered":"<p><strong>Associated Press a \u00e9t\u00e9 banni par plusieurs conf\u00e9rences de presse de la Maison Blanche. Dans le contexte, cette punition a \u00e9t\u00e9 impos\u00e9e que la pr\u00e9sidence am\u00e9ricaine expliquait la guerre aux m\u00e9dias am\u00e9ricains, qui n&rsquo;agissaient pas dans leur sens.<\/strong><\/p>\n<p><span id=\"more-408106\"><\/span>Le mardi 11 f\u00e9vrier, la Maison Blanche a occup\u00e9 l&rsquo;agence de presse am\u00e9ricaine Associated Press (AP) avec un appel de commande. Depuis qu&rsquo;elle continue de parler du \u00ab\u00a0golfe du Mexique\u00a0\u00bb, que Donald Trump a renomm\u00e9 \u00ab\u00a0Gulf of America\u00a0\u00bb, AP a \u00e9t\u00e9 exclu des conf\u00e9rences de presse, qui est d\u00e9tenue par le si\u00e8ge du pr\u00e9sident am\u00e9ricain. Cette attaque a suivi d&rsquo;autres personnes qui \u00e9taient destin\u00e9es \u00e0 plusieurs m\u00e9dias am\u00e9ricains, en particulier les m\u00e9dias lib\u00e9raux.<\/p>\n<div id=\"attachment_408116\" class=\"wp-caption alignleft\" style=\"max-width: 300px\"><img fetchpriority=\"high\" decoding=\"async\" class=\"wp-image-408116 size-medium\" src=\"https:\/\/vieassociative.be\/actualites\/wp-content\/uploads\/2025\/02\/La-presidente-americaine-Donald-Trump-punit-lagence-de-presse-parce.jpg\" alt=\"\" width=\"300\" height=\"200\"><\/p>\n<p class=\"wp-caption-text\">09.02.2025, \u00c9tats-Unis, -: Le pr\u00e9sident am\u00e9ricain Donald Trump (R) parle aux journalistes accompagn\u00e9s du ministre de l&rsquo;Int\u00e9rieur Doug Burgum (M) et de l&rsquo;\u00e9pouse de Burgum, Kathryn Burgum, \u00e0 bord de l&rsquo;Air Force One. Photo: Ben Curtis \/ AP \/ DPA<\/p>\n<\/div>\n<p>Associated Press critique une d\u00e9cision \u00ab\u00a0alarmante\u00a0\u00bb. Comme l&rsquo;AP l&rsquo;explique dans un article, le journaliste a voulu entrer dans la salle de r\u00e9ception en pr\u00e9paration de la conf\u00e9rence de presse d&rsquo;Elon Musk au bureau ovale. On lui a refus\u00e9 l&rsquo;acc\u00e8s. Il en va de m\u00eame pour son coll\u00e8gue \u00e0 la fin de la journ\u00e9e dans la salle de diplomate. Une mesure qui a \u00e9t\u00e9 prise conform\u00e9ment aux all\u00e9gations de la Maison Blanche en raison du nom \u00ab\u00a0Golf of Mexico\u00a0\u00bb toujours utilis\u00e9 dans l&rsquo;AP.<\/p>\n<p>L&rsquo;agence \u00e9tait rest\u00e9e avec son attitude et avait expliqu\u00e9 qu&rsquo;elle se tournait vers un public international et devait donc utiliser un vocabulaire \u00e9galement utilis\u00e9 par d&rsquo;autres pays.<\/p>\n<p>\u00ab\u00a0Il est alarmant que le gouvernement Trump punie AP pour son journalisme ind\u00e9pendant\u00a0\u00bb, a d\u00e9clar\u00e9 Julie Pace, vice-pr\u00e9sidente principale et r\u00e9dactrice en chef de l&rsquo;AP. \u00ab\u00a0Pour limiter notre acc\u00e8s au bureau ovale en fonction du contenu de l&rsquo;ap-discours, g\u00eane s\u00e9rieusement l&rsquo;acc\u00e8s du public \u00e0 des informations ind\u00e9pendantes, mais viole \u00e9galement clairement le premier additif constitutionnel.\u00a0\u00bb<\/p>\n<div id=\"attachment_407520\" class=\"wp-caption alignleft\" style=\"max-width: 300px\"><img decoding=\"async\" class=\"wp-image-407520 size-medium\" src=\"https:\/\/vieassociative.be\/actualites\/wp-content\/uploads\/2025\/02\/Trump-veut-faire-de-Gaza-un-Riviera-du-Moyen-Orient.jpg\" alt=\"\" width=\"300\" height=\"200\"><\/p>\n<p class=\"wp-caption-text\">04.02.2025, \u00c9tats-Unis, Washington: le pr\u00e9sident am\u00e9ricain Donald Trump r\u00e9pond aux questions lors d&rsquo;une conf\u00e9rence de presse avec le Premier ministre isra\u00e9lien Benjamin Netanyahu dans la salle est de la Maison Blanche. Photo: Alex Brandon \/ AP \/ DPA<\/p>\n<\/div>\n<p>Ce n&rsquo;est pas la premi\u00e8re fois que Donald Trump attaque les m\u00e9dias depuis son retour au pouvoir. Vendredi dernier, le Pentagone a refus\u00e9 d&rsquo;enregistrer huit m\u00e9dias: NPR, New York Times, NBC News, CNN, Washington Post, Politico, The Hill and the War Zone.<\/p>\n<p>La veille, le pr\u00e9sident avait appel\u00e9 \u00e0 la diffusion de CBS \u00ab60 minutes\u00bb, que Kamala Harris avait soutenue aux \u00e9lections. Il a accus\u00e9 le diffuseur des \u00ab\u00a0actes de partis et ill\u00e9gaux engag\u00e9s de l&rsquo;influence de voter par des distorsions malveillantes, trompeuses et importantes de l&rsquo;information\u00a0\u00bb et a appel\u00e9 \u00e0 une punition de 10 milliards de dollars.<\/p>\n<p>Fin janvier, Jim Acosta, un journaliste mod\u00e8le bien connu de CNN, qui s&rsquo;est oppos\u00e9 \u00e0 Donald Trump, a finalement quitt\u00e9 la cha\u00eene d&rsquo;information. \u00abEn tant que fils d&rsquo;un r\u00e9fugi\u00e9 cubain, j&rsquo;ai appris la le\u00e7on qu&rsquo;il n&rsquo;est jamais bon de s&rsquo;incliner devant un tyran. J&rsquo;ai toujours cru que c&rsquo;est la presse de la presse pour tenir compte du pouvoir politique. J&rsquo;ai toujours essay\u00e9 de le faire chez CNN et je pr\u00e9vois de le faire ailleurs \u00bb, a-t-il d\u00e9clar\u00e9 dans son dernier discours \u00e0 CNN. (Cre)<\/p>\n","protected":false},"excerpt":{"rendered":"<p>Associated Press a \u00e9t\u00e9 banni par plusieurs conf\u00e9rences de presse de la Maison Blanche. Dans le contexte, cette punition a \u00e9t\u00e9 impos\u00e9e que la pr\u00e9sidence<\/p>\n","protected":false},"author":1,"featured_media":5072,"comment_status":"","ping_status":"","sticky":false,"template":"","format":"standard","meta":{"footnotes":""},"categories":[298],"tags":[2998,2102,2426,5318,2424,5321,5319,5316,1541,5320,5317,5047,4842,5315,1411,2425],"class_list":["post-5071","post","type-post","status-publish","format-standard","has-post-thumbnail","hentry","category-belgique","tag-america","tag-americaine","tag-continue","tag-decrire","tag-donald","tag-golf","tag-gulf","tag-lagence","tag-lieu","tag-mexico","tag-parce","tag-presidente","tag-presse","tag-punit","tag-quelle","tag-trump","generate-columns","tablet-grid-50","mobile-grid-100","grid-parent","grid-33"],"yoast_head":"<!-- This site is optimized with the Yoast SEO plugin v24.0 - https:\/\/yoast.com\/wordpress\/plugins\/seo\/ -->\n<title>La pr\u00e9sidente am\u00e9ricaine Donald Trump punit l&#039;agence de presse parce qu&#039;elle continue d&#039;\u00e9crire &quot;Gulf of Mexico&quot; au lieu de &quot;Golf of America&quot; | Vie Associative<\/title>\n<meta name=\"robots\" content=\"index, follow, max-snippet:-1, max-image-preview:large, max-video-preview:-1\" \/>\n<link rel=\"canonical\" href=\"https:\/\/vieassociative.be\/actualites\/la-presidente-americaine-donald-trump-punit-lagence-de-presse-parce-quelle-continue-decrire-gulf-of-mexico-au-lieu-de-golf-of-america\/\" \/>\n<meta property=\"og:locale\" content=\"fr_FR\" \/>\n<meta property=\"og:type\" content=\"article\" \/>\n<meta property=\"og:title\" content=\"La pr\u00e9sidente am\u00e9ricaine Donald Trump punit l&#039;agence de presse parce qu&#039;elle continue d&#039;\u00e9crire &quot;Gulf of Mexico&quot; au lieu de &quot;Golf of America&quot; | Vie Associative\" \/>\n<meta property=\"og:description\" content=\"Associated Press a \u00e9t\u00e9 banni par plusieurs conf\u00e9rences de presse de la Maison Blanche. Dans le contexte, cette punition a \u00e9t\u00e9 impos\u00e9e que la pr\u00e9sidence\" \/>\n<meta property=\"og:url\" content=\"https:\/\/vieassociative.be\/actualites\/la-presidente-americaine-donald-trump-punit-lagence-de-presse-parce-quelle-continue-decrire-gulf-of-mexico-au-lieu-de-golf-of-america\/\" \/>\n<meta property=\"og:site_name\" content=\"Vie Associative\" \/>\n<meta property=\"article:published_time\" content=\"2025-02-13T02:18:21+00:00\" \/>\n<meta property=\"og:image\" content=\"https:\/\/vieassociative.be\/actualites\/wp-content\/uploads\/2024\/09\/header_backgroundk-01-e1726694325946.png\" \/>\n\t<meta property=\"og:image:width\" content=\"279\" \/>\n\t<meta property=\"og:image:height\" content=\"92\" \/>\n\t<meta property=\"og:image:type\" content=\"image\/png\" \/>\n<meta name=\"author\" content=\"Julien\" \/>\n<meta name=\"twitter:card\" content=\"summary_large_image\" \/>\n<meta name=\"twitter:label1\" content=\"\u00c9crit par\" \/>\n\t<meta name=\"twitter:data1\" content=\"Julien\" \/>\n\t<meta name=\"twitter:label2\" content=\"Dur\u00e9e de lecture est.\" \/>\n\t<meta name=\"twitter:data2\" content=\"3 minutes\" \/>\n<script type=\"application\/ld+json\" class=\"yoast-schema-graph\">{\"@context\":\"https:\/\/schema.org\",\"@graph\":[{\"@type\":\"Article\",\"@id\":\"https:\/\/vieassociative.be\/actualites\/la-presidente-americaine-donald-trump-punit-lagence-de-presse-parce-quelle-continue-decrire-gulf-of-mexico-au-lieu-de-golf-of-america\/#article\",\"isPartOf\":{\"@id\":\"https:\/\/vieassociative.be\/actualites\/la-presidente-americaine-donald-trump-punit-lagence-de-presse-parce-quelle-continue-decrire-gulf-of-mexico-au-lieu-de-golf-of-america\/\"},\"author\":{\"name\":\"Julien\",\"@id\":\"https:\/\/vieassociative.be\/actualites\/#\/schema\/person\/b87ac4f82f9d4e7b7cec7395b679edc4\"},\"headline\":\"La pr\u00e9sidente am\u00e9ricaine Donald Trump punit l&rsquo;agence de presse parce qu&rsquo;elle continue d&rsquo;\u00e9crire \u00ab\u00a0Gulf of Mexico\u00a0\u00bb au lieu de \u00ab\u00a0Golf of America\u00a0\u00bb\",\"datePublished\":\"2025-02-13T02:18:21+00:00\",\"dateModified\":\"2025-02-13T02:18:21+00:00\",\"mainEntityOfPage\":{\"@id\":\"https:\/\/vieassociative.be\/actualites\/la-presidente-americaine-donald-trump-punit-lagence-de-presse-parce-quelle-continue-decrire-gulf-of-mexico-au-lieu-de-golf-of-america\/\"},\"wordCount\":636,\"publisher\":{\"@id\":\"https:\/\/vieassociative.be\/actualites\/#organization\"},\"image\":{\"@id\":\"https:\/\/vieassociative.be\/actualites\/la-presidente-americaine-donald-trump-punit-lagence-de-presse-parce-quelle-continue-decrire-gulf-of-mexico-au-lieu-de-golf-of-america\/#primaryimage\"},\"thumbnailUrl\":\"https:\/\/vieassociative.be\/actualites\/wp-content\/uploads\/2025\/02\/1739413101_La-presidente-americaine-Donald-Trump-punit-lagence-de-presse-parce.jpg\",\"keywords\":[\"Am\u00e9rica\",\"am\u00e9ricaine\",\"continue\",\"d\u00e9crire\",\"Donald\",\"Golf\",\"Gulf\",\"lagence\",\"lieu\",\"Mexico\",\"parce\",\"pr\u00e9sidente\",\"presse\",\"punit\",\"quelle\",\"Trump\"],\"articleSection\":[\"Belgique\"],\"inLanguage\":\"fr-BE\"},{\"@type\":\"WebPage\",\"@id\":\"https:\/\/vieassociative.be\/actualites\/la-presidente-americaine-donald-trump-punit-lagence-de-presse-parce-quelle-continue-decrire-gulf-of-mexico-au-lieu-de-golf-of-america\/\",\"url\":\"https:\/\/vieassociative.be\/actualites\/la-presidente-americaine-donald-trump-punit-lagence-de-presse-parce-quelle-continue-decrire-gulf-of-mexico-au-lieu-de-golf-of-america\/\",\"name\":\"La pr\u00e9sidente am\u00e9ricaine Donald Trump punit l'agence de presse parce qu'elle continue d'\u00e9crire \\\"Gulf of Mexico\\\" au lieu de \\\"Golf of America\\\" | Vie Associative\",\"isPartOf\":{\"@id\":\"https:\/\/vieassociative.be\/actualites\/#website\"},\"primaryImageOfPage\":{\"@id\":\"https:\/\/vieassociative.be\/actualites\/la-presidente-americaine-donald-trump-punit-lagence-de-presse-parce-quelle-continue-decrire-gulf-of-mexico-au-lieu-de-golf-of-america\/#primaryimage\"},\"image\":{\"@id\":\"https:\/\/vieassociative.be\/actualites\/la-presidente-americaine-donald-trump-punit-lagence-de-presse-parce-quelle-continue-decrire-gulf-of-mexico-au-lieu-de-golf-of-america\/#primaryimage\"},\"thumbnailUrl\":\"https:\/\/vieassociative.be\/actualites\/wp-content\/uploads\/2025\/02\/1739413101_La-presidente-americaine-Donald-Trump-punit-lagence-de-presse-parce.jpg\",\"datePublished\":\"2025-02-13T02:18:21+00:00\",\"dateModified\":\"2025-02-13T02:18:21+00:00\",\"breadcrumb\":{\"@id\":\"https:\/\/vieassociative.be\/actualites\/la-presidente-americaine-donald-trump-punit-lagence-de-presse-parce-quelle-continue-decrire-gulf-of-mexico-au-lieu-de-golf-of-america\/#breadcrumb\"},\"inLanguage\":\"fr-BE\",\"potentialAction\":[{\"@type\":\"ReadAction\",\"target\":[\"https:\/\/vieassociative.be\/actualites\/la-presidente-americaine-donald-trump-punit-lagence-de-presse-parce-quelle-continue-decrire-gulf-of-mexico-au-lieu-de-golf-of-america\/\"]}]},{\"@type\":\"ImageObject\",\"inLanguage\":\"fr-BE\",\"@id\":\"https:\/\/vieassociative.be\/actualites\/la-presidente-americaine-donald-trump-punit-lagence-de-presse-parce-quelle-continue-decrire-gulf-of-mexico-au-lieu-de-golf-of-america\/#primaryimage\",\"url\":\"https:\/\/vieassociative.be\/actualites\/wp-content\/uploads\/2025\/02\/1739413101_La-presidente-americaine-Donald-Trump-punit-lagence-de-presse-parce.jpg\",\"contentUrl\":\"https:\/\/vieassociative.be\/actualites\/wp-content\/uploads\/2025\/02\/1739413101_La-presidente-americaine-Donald-Trump-punit-lagence-de-presse-parce.jpg\",\"width\":1200,\"height\":800,\"caption\":\"La pr\u00e9sidente am\u00e9ricaine Donald Trump punit l'agence de presse parce qu'elle continue d'\u00e9crire \\\"Gulf of Mexico\\\" au lieu de \\\"Golf of America\\\"\"},{\"@type\":\"BreadcrumbList\",\"@id\":\"https:\/\/vieassociative.be\/actualites\/la-presidente-americaine-donald-trump-punit-lagence-de-presse-parce-quelle-continue-decrire-gulf-of-mexico-au-lieu-de-golf-of-america\/#breadcrumb\",\"itemListElement\":[{\"@type\":\"ListItem\",\"position\":1,\"name\":\"Accueil\",\"item\":\"https:\/\/vieassociative.be\/actualites\/\"},{\"@type\":\"ListItem\",\"position\":2,\"name\":\"La pr\u00e9sidente am\u00e9ricaine Donald Trump punit l&rsquo;agence de presse parce qu&rsquo;elle continue d&rsquo;\u00e9crire \u00ab\u00a0Gulf of Mexico\u00a0\u00bb au lieu de \u00ab\u00a0Golf of America\u00a0\u00bb\"}]},{\"@type\":\"WebSite\",\"@id\":\"https:\/\/vieassociative.be\/actualites\/#website\",\"url\":\"https:\/\/vieassociative.be\/actualites\/\",\"name\":\"Vie Associative\",\"description\":\"\",\"publisher\":{\"@id\":\"https:\/\/vieassociative.be\/actualites\/#organization\"},\"potentialAction\":[{\"@type\":\"SearchAction\",\"target\":{\"@type\":\"EntryPoint\",\"urlTemplate\":\"https:\/\/vieassociative.be\/actualites\/?s={search_term_string}\"},\"query-input\":{\"@type\":\"PropertyValueSpecification\",\"valueRequired\":true,\"valueName\":\"search_term_string\"}}],\"inLanguage\":\"fr-BE\"},{\"@type\":\"Organization\",\"@id\":\"https:\/\/vieassociative.be\/actualites\/#organization\",\"name\":\"Vie Associative\",\"url\":\"https:\/\/vieassociative.be\/actualites\/\",\"logo\":{\"@type\":\"ImageObject\",\"inLanguage\":\"fr-BE\",\"@id\":\"https:\/\/vieassociative.be\/actualites\/#\/schema\/logo\/image\/\",\"url\":\"https:\/\/vieassociative.be\/actualites\/wp-content\/uploads\/2024\/09\/cropped-vieassociative_favicon.ico.png\",\"contentUrl\":\"https:\/\/vieassociative.be\/actualites\/wp-content\/uploads\/2024\/09\/cropped-vieassociative_favicon.ico.png\",\"width\":512,\"height\":512,\"caption\":\"Vie Associative\"},\"image\":{\"@id\":\"https:\/\/vieassociative.be\/actualites\/#\/schema\/logo\/image\/\"}},{\"@type\":\"Person\",\"@id\":\"https:\/\/vieassociative.be\/actualites\/#\/schema\/person\/b87ac4f82f9d4e7b7cec7395b679edc4\",\"name\":\"Julien\",\"image\":{\"@type\":\"ImageObject\",\"inLanguage\":\"fr-BE\",\"@id\":\"https:\/\/vieassociative.be\/actualites\/#\/schema\/person\/image\/\",\"url\":\"https:\/\/vieassociative.be\/actualites\/wp-content\/uploads\/2024\/09\/vie-associative-1-150x150.jpg\",\"contentUrl\":\"https:\/\/vieassociative.be\/actualites\/wp-content\/uploads\/2024\/09\/vie-associative-1-150x150.jpg\",\"caption\":\"Julien\"},\"description\":\"Je suis Julien, r\u00e9dacteur pour Vie Associative. Passionn\u00e9 par le monde associatif depuis plus de 10 ans, j'ai \u00e0 c\u0153ur de partager des histoires inspirantes et de mettre en lumi\u00e8re les initiatives locales. Mon objectif est de sensibiliser et d'encourager l'engagement communautaire \u00e0 travers mes articles.\",\"sameAs\":[\"https:\/\/vieassociative.be\/\"]}]}<\/script>\n<!-- \/ Yoast SEO plugin. -->","yoast_head_json":{"title":"La pr\u00e9sidente am\u00e9ricaine Donald Trump punit l'agence de presse parce qu'elle continue d'\u00e9crire \"Gulf of Mexico\" au lieu de \"Golf of America\" | Vie Associative","robots":{"index":"index","follow":"follow","max-snippet":"max-snippet:-1","max-image-preview":"max-image-preview:large","max-video-preview":"max-video-preview:-1"},"canonical":"https:\/\/vieassociative.be\/actualites\/la-presidente-americaine-donald-trump-punit-lagence-de-presse-parce-quelle-continue-decrire-gulf-of-mexico-au-lieu-de-golf-of-america\/","og_locale":"fr_FR","og_type":"article","og_title":"La pr\u00e9sidente am\u00e9ricaine Donald Trump punit l'agence de presse parce qu'elle continue d'\u00e9crire \"Gulf of Mexico\" au lieu de \"Golf of America\" | Vie Associative","og_description":"Associated Press a \u00e9t\u00e9 banni par plusieurs conf\u00e9rences de presse de la Maison Blanche. Dans le contexte, cette punition a \u00e9t\u00e9 impos\u00e9e que la pr\u00e9sidence","og_url":"https:\/\/vieassociative.be\/actualites\/la-presidente-americaine-donald-trump-punit-lagence-de-presse-parce-quelle-continue-decrire-gulf-of-mexico-au-lieu-de-golf-of-america\/","og_site_name":"Vie Associative","article_published_time":"2025-02-13T02:18:21+00:00","og_image":[{"width":279,"height":92,"url":"https:\/\/vieassociative.be\/actualites\/wp-content\/uploads\/2024\/09\/header_backgroundk-01-e1726694325946.png","type":"image\/png"}],"author":"Julien","twitter_card":"summary_large_image","twitter_misc":{"\u00c9crit par":"Julien","Dur\u00e9e de lecture est.":"3 minutes"},"schema":{"@context":"https:\/\/schema.org","@graph":[{"@type":"Article","@id":"https:\/\/vieassociative.be\/actualites\/la-presidente-americaine-donald-trump-punit-lagence-de-presse-parce-quelle-continue-decrire-gulf-of-mexico-au-lieu-de-golf-of-america\/#article","isPartOf":{"@id":"https:\/\/vieassociative.be\/actualites\/la-presidente-americaine-donald-trump-punit-lagence-de-presse-parce-quelle-continue-decrire-gulf-of-mexico-au-lieu-de-golf-of-america\/"},"author":{"name":"Julien","@id":"https:\/\/vieassociative.be\/actualites\/#\/schema\/person\/b87ac4f82f9d4e7b7cec7395b679edc4"},"headline":"La pr\u00e9sidente am\u00e9ricaine Donald Trump punit l&rsquo;agence de presse parce qu&rsquo;elle continue d&rsquo;\u00e9crire \u00ab\u00a0Gulf of Mexico\u00a0\u00bb au lieu de \u00ab\u00a0Golf of America\u00a0\u00bb","datePublished":"2025-02-13T02:18:21+00:00","dateModified":"2025-02-13T02:18:21+00:00","mainEntityOfPage":{"@id":"https:\/\/vieassociative.be\/actualites\/la-presidente-americaine-donald-trump-punit-lagence-de-presse-parce-quelle-continue-decrire-gulf-of-mexico-au-lieu-de-golf-of-america\/"},"wordCount":636,"publisher":{"@id":"https:\/\/vieassociative.be\/actualites\/#organization"},"image":{"@id":"https:\/\/vieassociative.be\/actualites\/la-presidente-americaine-donald-trump-punit-lagence-de-presse-parce-quelle-continue-decrire-gulf-of-mexico-au-lieu-de-golf-of-america\/#primaryimage"},"thumbnailUrl":"https:\/\/vieassociative.be\/actualites\/wp-content\/uploads\/2025\/02\/1739413101_La-presidente-americaine-Donald-Trump-punit-lagence-de-presse-parce.jpg","keywords":["Am\u00e9rica","am\u00e9ricaine","continue","d\u00e9crire","Donald","Golf","Gulf","lagence","lieu","Mexico","parce","pr\u00e9sidente","presse","punit","quelle","Trump"],"articleSection":["Belgique"],"inLanguage":"fr-BE"},{"@type":"WebPage","@id":"https:\/\/vieassociative.be\/actualites\/la-presidente-americaine-donald-trump-punit-lagence-de-presse-parce-quelle-continue-decrire-gulf-of-mexico-au-lieu-de-golf-of-america\/","url":"https:\/\/vieassociative.be\/actualites\/la-presidente-americaine-donald-trump-punit-lagence-de-presse-parce-quelle-continue-decrire-gulf-of-mexico-au-lieu-de-golf-of-america\/","name":"La pr\u00e9sidente am\u00e9ricaine Donald Trump punit l'agence de presse parce qu'elle continue d'\u00e9crire \"Gulf of Mexico\" au lieu de \"Golf of America\" | Vie Associative","isPartOf":{"@id":"https:\/\/vieassociative.be\/actualites\/#website"},"primaryImageOfPage":{"@id":"https:\/\/vieassociative.be\/actualites\/la-presidente-americaine-donald-trump-punit-lagence-de-presse-parce-quelle-continue-decrire-gulf-of-mexico-au-lieu-de-golf-of-america\/#primaryimage"},"image":{"@id":"https:\/\/vieassociative.be\/actualites\/la-presidente-americaine-donald-trump-punit-lagence-de-presse-parce-quelle-continue-decrire-gulf-of-mexico-au-lieu-de-golf-of-america\/#primaryimage"},"thumbnailUrl":"https:\/\/vieassociative.be\/actualites\/wp-content\/uploads\/2025\/02\/1739413101_La-presidente-americaine-Donald-Trump-punit-lagence-de-presse-parce.jpg","datePublished":"2025-02-13T02:18:21+00:00","dateModified":"2025-02-13T02:18:21+00:00","breadcrumb":{"@id":"https:\/\/vieassociative.be\/actualites\/la-presidente-americaine-donald-trump-punit-lagence-de-presse-parce-quelle-continue-decrire-gulf-of-mexico-au-lieu-de-golf-of-america\/#breadcrumb"},"inLanguage":"fr-BE","potentialAction":[{"@type":"ReadAction","target":["https:\/\/vieassociative.be\/actualites\/la-presidente-americaine-donald-trump-punit-lagence-de-presse-parce-quelle-continue-decrire-gulf-of-mexico-au-lieu-de-golf-of-america\/"]}]},{"@type":"ImageObject","inLanguage":"fr-BE","@id":"https:\/\/vieassociative.be\/actualites\/la-presidente-americaine-donald-trump-punit-lagence-de-presse-parce-quelle-continue-decrire-gulf-of-mexico-au-lieu-de-golf-of-america\/#primaryimage","url":"https:\/\/vieassociative.be\/actualites\/wp-content\/uploads\/2025\/02\/1739413101_La-presidente-americaine-Donald-Trump-punit-lagence-de-presse-parce.jpg","contentUrl":"https:\/\/vieassociative.be\/actualites\/wp-content\/uploads\/2025\/02\/1739413101_La-presidente-americaine-Donald-Trump-punit-lagence-de-presse-parce.jpg","width":1200,"height":800,"caption":"La pr\u00e9sidente am\u00e9ricaine Donald Trump punit l'agence de presse parce qu'elle continue d'\u00e9crire \"Gulf of Mexico\" au lieu de \"Golf of America\""},{"@type":"BreadcrumbList","@id":"https:\/\/vieassociative.be\/actualites\/la-presidente-americaine-donald-trump-punit-lagence-de-presse-parce-quelle-continue-decrire-gulf-of-mexico-au-lieu-de-golf-of-america\/#breadcrumb","itemListElement":[{"@type":"ListItem","position":1,"name":"Accueil","item":"https:\/\/vieassociative.be\/actualites\/"},{"@type":"ListItem","position":2,"name":"La pr\u00e9sidente am\u00e9ricaine Donald Trump punit l&rsquo;agence de presse parce qu&rsquo;elle continue d&rsquo;\u00e9crire \u00ab\u00a0Gulf of Mexico\u00a0\u00bb au lieu de \u00ab\u00a0Golf of America\u00a0\u00bb"}]},{"@type":"WebSite","@id":"https:\/\/vieassociative.be\/actualites\/#website","url":"https:\/\/vieassociative.be\/actualites\/","name":"Vie Associative","description":"","publisher":{"@id":"https:\/\/vieassociative.be\/actualites\/#organization"},"potentialAction":[{"@type":"SearchAction","target":{"@type":"EntryPoint","urlTemplate":"https:\/\/vieassociative.be\/actualites\/?s={search_term_string}"},"query-input":{"@type":"PropertyValueSpecification","valueRequired":true,"valueName":"search_term_string"}}],"inLanguage":"fr-BE"},{"@type":"Organization","@id":"https:\/\/vieassociative.be\/actualites\/#organization","name":"Vie Associative","url":"https:\/\/vieassociative.be\/actualites\/","logo":{"@type":"ImageObject","inLanguage":"fr-BE","@id":"https:\/\/vieassociative.be\/actualites\/#\/schema\/logo\/image\/","url":"https:\/\/vieassociative.be\/actualites\/wp-content\/uploads\/2024\/09\/cropped-vieassociative_favicon.ico.png","contentUrl":"https:\/\/vieassociative.be\/actualites\/wp-content\/uploads\/2024\/09\/cropped-vieassociative_favicon.ico.png","width":512,"height":512,"caption":"Vie Associative"},"image":{"@id":"https:\/\/vieassociative.be\/actualites\/#\/schema\/logo\/image\/"}},{"@type":"Person","@id":"https:\/\/vieassociative.be\/actualites\/#\/schema\/person\/b87ac4f82f9d4e7b7cec7395b679edc4","name":"Julien","image":{"@type":"ImageObject","inLanguage":"fr-BE","@id":"https:\/\/vieassociative.be\/actualites\/#\/schema\/person\/image\/","url":"https:\/\/vieassociative.be\/actualites\/wp-content\/uploads\/2024\/09\/vie-associative-1-150x150.jpg","contentUrl":"https:\/\/vieassociative.be\/actualites\/wp-content\/uploads\/2024\/09\/vie-associative-1-150x150.jpg","caption":"Julien"},"description":"Je suis Julien, r\u00e9dacteur pour Vie Associative. Passionn\u00e9 par le monde associatif depuis plus de 10 ans, j'ai \u00e0 c\u0153ur de partager des histoires inspirantes et de mettre en lumi\u00e8re les initiatives locales. Mon objectif est de sensibiliser et d'encourager l'engagement communautaire \u00e0 travers mes articles.","sameAs":["https:\/\/vieassociative.be\/"]}]}},"_links":{"self":[{"href":"https:\/\/vieassociative.be\/actualites\/wp-json\/wp\/v2\/posts\/5071"}],"collection":[{"href":"https:\/\/vieassociative.be\/actualites\/wp-json\/wp\/v2\/posts"}],"about":[{"href":"https:\/\/vieassociative.be\/actualites\/wp-json\/wp\/v2\/types\/post"}],"author":[{"embeddable":true,"href":"https:\/\/vieassociative.be\/actualites\/wp-json\/wp\/v2\/users\/1"}],"replies":[{"embeddable":true,"href":"https:\/\/vieassociative.be\/actualites\/wp-json\/wp\/v2\/comments?post=5071"}],"version-history":[{"count":0,"href":"https:\/\/vieassociative.be\/actualites\/wp-json\/wp\/v2\/posts\/5071\/revisions"}],"wp:featuredmedia":[{"embeddable":true,"href":"https:\/\/vieassociative.be\/actualites\/wp-json\/wp\/v2\/media\/5072"}],"wp:attachment":[{"href":"https:\/\/vieassociative.be\/actualites\/wp-json\/wp\/v2\/media?parent=5071"}],"wp:term":[{"taxonomy":"category","embeddable":true,"href":"https:\/\/vieassociative.be\/actualites\/wp-json\/wp\/v2\/categories?post=5071"},{"taxonomy":"post_tag","embeddable":true,"href":"https:\/\/vieassociative.be\/actualites\/wp-json\/wp\/v2\/tags?post=5071"}],"curies":[{"name":"wp","href":"https:\/\/api.w.org\/{rel}","templated":true}]}}