{"id":5067,"date":"2025-02-13T01:17:38","date_gmt":"2025-02-13T00:17:38","guid":{"rendered":"https:\/\/vieassociative.be\/actualites\/cest-un-mauvais-moment-pour-acheter-des-appareils-amazon\/"},"modified":"2025-02-13T01:17:38","modified_gmt":"2025-02-13T00:17:38","slug":"cest-un-mauvais-moment-pour-acheter-des-appareils-amazon","status":"publish","type":"post","link":"https:\/\/vieassociative.be\/actualites\/cest-un-mauvais-moment-pour-acheter-des-appareils-amazon\/","title":{"rendered":"C&rsquo;est un mauvais moment pour acheter des appareils Amazon"},"content":{"rendered":"<div class=\"mt-4 leading-6 md:mb-8\">Peut-\u00eatre maintenir en appuyant sur ce bouton \u00ab\u00a0Acheter\u00a0\u00bb.<\/div>\n<p><\/p>\n<p>Les membres des m\u00e9dias ont r\u00e9cemment re\u00e7u des invitations pour un \u00e9v\u00e9nement Amazon Devices \u00e0 New York le 26 f\u00e9vrier, ce qui signifie une chose: n&rsquo;achetez aucun appareils Amazon avant <em>apr\u00e8s<\/em> l&rsquo;\u00e9v\u00e9nement.<\/p>\n<p>Bien qu&rsquo;Amazon n&rsquo;ait pas explicitement dit ce qui sera affich\u00e9 le jour, il est toujours bon d&rsquo;attendre apr\u00e8s ce type d&rsquo;annonces \u00e0 acheter &#8211; en supposant que les produits ne sont pas trop loin. M\u00eame si vous ne voyez rien qui vous int\u00e9resse dans les r\u00e9v\u00e9lations, les produits plus \u00e2g\u00e9s, d\u00e9sormais obsol\u00e8tes, sont susceptibles d&rsquo;obtenir un rabais dans les semaines qui ont suivi leurs successeurs. Vous obtiendrez quelque chose de nouveau, soit \u00e9conomiser sur quelque chose pour lequel vous auriez pay\u00e9 le prix fort. <\/p>\n<p>Quant \u00e0 ce \u00e0 quoi nous pouvons nous attendre \u00e0 ce qu&rsquo;Amazon trotte, malgr\u00e9 le fait que l&rsquo;entreprise gardait maman, il y a encore quelques indices \u00e0 suivre.<\/p>\n<h2 id=\"alexa-goes-ai\">Alexa va Ai<\/h2>\n<blockquote class=\"twitterEmbed twitter-tweet\"><p>\n    <a rel=\"nofollow noopener\" class=\"text-gray-600\" href=\"https:\/\/twitter.com\/voicegames\/status\/1887320844088877450\" title=\"open in a new window\" target=\"_blank\"><\/p>\n<p>        Ce tweet n&rsquo;est actuellement pas disponible. Il peut \u00eatre charg\u00e9 ou a \u00e9t\u00e9 supprim\u00e9.<br \/>\n    <\/a>\n<\/p><\/blockquote>\n<p>Alexa est probablement la star du nouvel \u00e9v\u00e9nement, Amazon cachant un \u0153uf de P\u00e2ques centr\u00e9 sur Alexa dans ses invitations. Il s&rsquo;av\u00e8re que diff\u00e9rents participants ont obtenu diff\u00e9rentes versions de l&rsquo;invitation, et si vous les assemblez tous, ils expliquent \u00abAlexa\u00bb.<\/p>\n<p>Alexa sera probablement le prochain assistant virtuel \u00e0 sauter sur la tendance de l&rsquo;IA, Amazon avec finalement la version propuls\u00e9e par l&rsquo;IA du bot qu&rsquo;elle a taquin\u00e9 en 2023. Depuis lors, la soci\u00e9t\u00e9 a \u00e9t\u00e9 assez silencieuse sur AI Alexa, bien que Reuters rapporte que Il est maintenant pr\u00eat pour le lancement, donc le timing s&rsquo;alignait. <\/p>\n<p>Dans sa taquinette initiale, Amazon a d\u00e9clar\u00e9 que Ai Alexa serait en mesure de g\u00e9rer les invites conversationnelles, de lire le langage corporel et de donner des r\u00e9ponses plus personnalis\u00e9es aux questions, bien que les sources de Reuters semblent indiquer que si les invites conversationnelles sont l\u00e0, d&rsquo;autres fonctionnalit\u00e9s peuvent prendre un peu plus de temps .<\/p>\n<p>L&rsquo;\u00e9quipe derri\u00e8re Alexa a d\u00e9j\u00e0 eu du mal \u00e0 obtenir la version AI du chatbot pour effectuer des t\u00e2ches simples comme les minuteries ou les stores ferm\u00e9s, selon les rapports de Bloomberg, donc il y a quelques pr\u00e9occupations. Esp\u00e9rons que cela ne perd aucune capacit\u00e9 dans la transition. S&rsquo;il est confront\u00e9 \u00e0 des probl\u00e8mes apr\u00e8s le lancement, cependant, cela pourrait \u00eatre une autre raison de tenir un peu sur un appareil Amazon.<\/p>\n<h2 id=\"new-alexa-enabled-devices\">Nouveaux appareils compatibles Alexa<\/h2>\n<p>Apr\u00e8s avoir quitt\u00e9 Microsoft en 2023, le chef du mat\u00e9riel Amazon Panos Panay devrait \u00e9galement \u00eatre \u00e0 l&rsquo;\u00e9v\u00e9nement, aux c\u00f4t\u00e9s de son \u00e9quipe d&rsquo;appareils et de services, ce qui semble confirmer que ce ne sera pas seulement une refonte du logiciel, mais que nous verrons un nouveau mat\u00e9riel aussi.<\/p>\n<p>Plus pr\u00e9cis\u00e9ment, je placerais un pari sur les nouveaux haut-parleurs intelligents Echo con\u00e7us pour profiter d&rsquo;un Alexa propuls\u00e9 par l&rsquo;IA. Peut-\u00eatre que ceux-ci incluraient une puce neuronale d\u00e9di\u00e9e ou de nouvelles cam\u00e9ras \u00e0 utiliser avec la capacit\u00e9 suppos\u00e9e de la LLM \u00e0 lire le langage corporel. Il est difficile \u00e0 dire, mais \u00e9tant donn\u00e9 que les versions d&rsquo;\u00e9cho les plus r\u00e9centes d&rsquo;Amazon \u00e9taient davantage ax\u00e9es sur le spectacle d&rsquo;\u00e9cho premium, ses cousins \u200b\u200bplus abordables sont probablement dus pour un rafra\u00eechissement.<\/p>\n<p>De m\u00eame, les t\u00e9l\u00e9viseurs de feu d&rsquo;Amazon ou d&rsquo;autres \u00e9crans intelligents pourraient obtenir leurs propres mises \u00e0 niveau qui permettent une meilleure compatibilit\u00e9 avec Alexa.<\/p>\n<h2 id=\"dont-expect-new-kindles\">Ne vous attendez pas \u00e0 de nouveaux Kindles<\/h2>\n<p>Personnellement, je n&rsquo;ai pas tendance \u00e0 utiliser les appareils Amazon dans ma maison, principalement parce que je n&rsquo;ai pas de maison intelligente. La plus grande exception \u00e0 cela est probablement le Kindle, mais quiconque s&rsquo;attendant \u00e0 une nouvelle s\u00e9rie de Kindles peut probablement ralentir.<\/p>\n<p>C&rsquo;est parce qu&rsquo;Amazon a publi\u00e9 une nouvelle gamme de Kindles il y a quelques mois \u00e0 peine, y compris sa toute premi\u00e8re couleur Kindle dans le Kindle Colorsoft. C&rsquo;\u00e9tait une gamme assez robuste, avec quatre options \u00e9parpill\u00e9es dans plusieurs cat\u00e9gories de prix. Avec les \u00e9missions de l&rsquo;utilisateur, plusieurs plaintes concernant le mat\u00e9riel d\u00e9fectueux au lancement, ainsi que ce qui semblait \u00eatre une br\u00e8ve pause dans l&rsquo;exp\u00e9dition, Amazon est peu susceptible de vouloir retirer le vent de ses voiles.<\/p>\n<p><script async src=\"https:\/\/platform.twitter.com\/widgets.js\" charset=\"utf-8\"><\/script><\/p>\n","protected":false},"excerpt":{"rendered":"<p>Peut-\u00eatre maintenir en appuyant sur ce bouton \u00ab\u00a0Acheter\u00a0\u00bb. Les membres des m\u00e9dias ont r\u00e9cemment re\u00e7u des invitations pour un \u00e9v\u00e9nement Amazon Devices \u00e0 New York<\/p>\n","protected":false},"author":1,"featured_media":5068,"comment_status":"","ping_status":"","sticky":false,"template":"","format":"standard","meta":{"footnotes":""},"categories":[13],"tags":[428,51,451,362,29,693,1429,81],"class_list":["post-5067","post","type-post","status-publish","format-standard","has-post-thumbnail","hentry","category-technologie","tag-acheter","tag-amazon","tag-appareils","tag-cest","tag-des","tag-mauvais","tag-moment","tag-pour","generate-columns","tablet-grid-50","mobile-grid-100","grid-parent","grid-33"],"yoast_head":"<!-- This site is optimized with the Yoast SEO plugin v24.0 - https:\/\/yoast.com\/wordpress\/plugins\/seo\/ -->\n<title>C&#039;est un mauvais moment pour acheter des appareils Amazon | Vie Associative<\/title>\n<meta name=\"robots\" content=\"index, follow, max-snippet:-1, max-image-preview:large, max-video-preview:-1\" \/>\n<link rel=\"canonical\" href=\"https:\/\/vieassociative.be\/actualites\/cest-un-mauvais-moment-pour-acheter-des-appareils-amazon\/\" \/>\n<meta property=\"og:locale\" content=\"fr_FR\" \/>\n<meta property=\"og:type\" content=\"article\" \/>\n<meta property=\"og:title\" content=\"C&#039;est un mauvais moment pour acheter des appareils Amazon | Vie Associative\" \/>\n<meta property=\"og:description\" content=\"Peut-\u00eatre maintenir en appuyant sur ce bouton \u00ab\u00a0Acheter\u00a0\u00bb. Les membres des m\u00e9dias ont r\u00e9cemment re\u00e7u des invitations pour un \u00e9v\u00e9nement Amazon Devices \u00e0 New York\" \/>\n<meta property=\"og:url\" content=\"https:\/\/vieassociative.be\/actualites\/cest-un-mauvais-moment-pour-acheter-des-appareils-amazon\/\" \/>\n<meta property=\"og:site_name\" content=\"Vie Associative\" \/>\n<meta property=\"article:published_time\" content=\"2025-02-13T00:17:38+00:00\" \/>\n<meta property=\"og:image\" content=\"https:\/\/vieassociative.be\/actualites\/wp-content\/uploads\/2024\/09\/header_backgroundk-01-e1726694325946.png\" \/>\n\t<meta property=\"og:image:width\" content=\"279\" \/>\n\t<meta property=\"og:image:height\" content=\"92\" \/>\n\t<meta property=\"og:image:type\" content=\"image\/png\" \/>\n<meta name=\"author\" content=\"Julien\" \/>\n<meta name=\"twitter:card\" content=\"summary_large_image\" \/>\n<meta name=\"twitter:label1\" content=\"\u00c9crit par\" \/>\n\t<meta name=\"twitter:data1\" content=\"Julien\" \/>\n\t<meta name=\"twitter:label2\" content=\"Dur\u00e9e de lecture est.\" \/>\n\t<meta name=\"twitter:data2\" content=\"4 minutes\" \/>\n<script type=\"application\/ld+json\" class=\"yoast-schema-graph\">{\"@context\":\"https:\/\/schema.org\",\"@graph\":[{\"@type\":\"Article\",\"@id\":\"https:\/\/vieassociative.be\/actualites\/cest-un-mauvais-moment-pour-acheter-des-appareils-amazon\/#article\",\"isPartOf\":{\"@id\":\"https:\/\/vieassociative.be\/actualites\/cest-un-mauvais-moment-pour-acheter-des-appareils-amazon\/\"},\"author\":{\"name\":\"Julien\",\"@id\":\"https:\/\/vieassociative.be\/actualites\/#\/schema\/person\/b87ac4f82f9d4e7b7cec7395b679edc4\"},\"headline\":\"C&rsquo;est un mauvais moment pour acheter des appareils Amazon\",\"datePublished\":\"2025-02-13T00:17:38+00:00\",\"dateModified\":\"2025-02-13T00:17:38+00:00\",\"mainEntityOfPage\":{\"@id\":\"https:\/\/vieassociative.be\/actualites\/cest-un-mauvais-moment-pour-acheter-des-appareils-amazon\/\"},\"wordCount\":770,\"publisher\":{\"@id\":\"https:\/\/vieassociative.be\/actualites\/#organization\"},\"image\":{\"@id\":\"https:\/\/vieassociative.be\/actualites\/cest-un-mauvais-moment-pour-acheter-des-appareils-amazon\/#primaryimage\"},\"thumbnailUrl\":\"https:\/\/vieassociative.be\/actualites\/wp-content\/uploads\/2025\/02\/Cest-un-mauvais-moment-pour-acheter-des-appareils-Amazon.png\",\"keywords\":[\"acheter\",\"Amazon\",\"appareils\",\"cest\",\"Des\",\"mauvais\",\"moment\",\"pour\"],\"articleSection\":[\"Technologie\"],\"inLanguage\":\"fr-BE\"},{\"@type\":\"WebPage\",\"@id\":\"https:\/\/vieassociative.be\/actualites\/cest-un-mauvais-moment-pour-acheter-des-appareils-amazon\/\",\"url\":\"https:\/\/vieassociative.be\/actualites\/cest-un-mauvais-moment-pour-acheter-des-appareils-amazon\/\",\"name\":\"C'est un mauvais moment pour acheter des appareils Amazon | Vie Associative\",\"isPartOf\":{\"@id\":\"https:\/\/vieassociative.be\/actualites\/#website\"},\"primaryImageOfPage\":{\"@id\":\"https:\/\/vieassociative.be\/actualites\/cest-un-mauvais-moment-pour-acheter-des-appareils-amazon\/#primaryimage\"},\"image\":{\"@id\":\"https:\/\/vieassociative.be\/actualites\/cest-un-mauvais-moment-pour-acheter-des-appareils-amazon\/#primaryimage\"},\"thumbnailUrl\":\"https:\/\/vieassociative.be\/actualites\/wp-content\/uploads\/2025\/02\/Cest-un-mauvais-moment-pour-acheter-des-appareils-Amazon.png\",\"datePublished\":\"2025-02-13T00:17:38+00:00\",\"dateModified\":\"2025-02-13T00:17:38+00:00\",\"breadcrumb\":{\"@id\":\"https:\/\/vieassociative.be\/actualites\/cest-un-mauvais-moment-pour-acheter-des-appareils-amazon\/#breadcrumb\"},\"inLanguage\":\"fr-BE\",\"potentialAction\":[{\"@type\":\"ReadAction\",\"target\":[\"https:\/\/vieassociative.be\/actualites\/cest-un-mauvais-moment-pour-acheter-des-appareils-amazon\/\"]}]},{\"@type\":\"ImageObject\",\"inLanguage\":\"fr-BE\",\"@id\":\"https:\/\/vieassociative.be\/actualites\/cest-un-mauvais-moment-pour-acheter-des-appareils-amazon\/#primaryimage\",\"url\":\"https:\/\/vieassociative.be\/actualites\/wp-content\/uploads\/2025\/02\/Cest-un-mauvais-moment-pour-acheter-des-appareils-Amazon.png\",\"contentUrl\":\"https:\/\/vieassociative.be\/actualites\/wp-content\/uploads\/2025\/02\/Cest-un-mauvais-moment-pour-acheter-des-appareils-Amazon.png\",\"width\":1200,\"height\":675,\"caption\":\"C'est un mauvais moment pour acheter des appareils Amazon\"},{\"@type\":\"BreadcrumbList\",\"@id\":\"https:\/\/vieassociative.be\/actualites\/cest-un-mauvais-moment-pour-acheter-des-appareils-amazon\/#breadcrumb\",\"itemListElement\":[{\"@type\":\"ListItem\",\"position\":1,\"name\":\"Accueil\",\"item\":\"https:\/\/vieassociative.be\/actualites\/\"},{\"@type\":\"ListItem\",\"position\":2,\"name\":\"C&rsquo;est un mauvais moment pour acheter des appareils Amazon\"}]},{\"@type\":\"WebSite\",\"@id\":\"https:\/\/vieassociative.be\/actualites\/#website\",\"url\":\"https:\/\/vieassociative.be\/actualites\/\",\"name\":\"Vie Associative\",\"description\":\"\",\"publisher\":{\"@id\":\"https:\/\/vieassociative.be\/actualites\/#organization\"},\"potentialAction\":[{\"@type\":\"SearchAction\",\"target\":{\"@type\":\"EntryPoint\",\"urlTemplate\":\"https:\/\/vieassociative.be\/actualites\/?s={search_term_string}\"},\"query-input\":{\"@type\":\"PropertyValueSpecification\",\"valueRequired\":true,\"valueName\":\"search_term_string\"}}],\"inLanguage\":\"fr-BE\"},{\"@type\":\"Organization\",\"@id\":\"https:\/\/vieassociative.be\/actualites\/#organization\",\"name\":\"Vie Associative\",\"url\":\"https:\/\/vieassociative.be\/actualites\/\",\"logo\":{\"@type\":\"ImageObject\",\"inLanguage\":\"fr-BE\",\"@id\":\"https:\/\/vieassociative.be\/actualites\/#\/schema\/logo\/image\/\",\"url\":\"https:\/\/vieassociative.be\/actualites\/wp-content\/uploads\/2024\/09\/cropped-vieassociative_favicon.ico.png\",\"contentUrl\":\"https:\/\/vieassociative.be\/actualites\/wp-content\/uploads\/2024\/09\/cropped-vieassociative_favicon.ico.png\",\"width\":512,\"height\":512,\"caption\":\"Vie Associative\"},\"image\":{\"@id\":\"https:\/\/vieassociative.be\/actualites\/#\/schema\/logo\/image\/\"}},{\"@type\":\"Person\",\"@id\":\"https:\/\/vieassociative.be\/actualites\/#\/schema\/person\/b87ac4f82f9d4e7b7cec7395b679edc4\",\"name\":\"Julien\",\"image\":{\"@type\":\"ImageObject\",\"inLanguage\":\"fr-BE\",\"@id\":\"https:\/\/vieassociative.be\/actualites\/#\/schema\/person\/image\/\",\"url\":\"https:\/\/vieassociative.be\/actualites\/wp-content\/uploads\/2024\/09\/vie-associative-1-150x150.jpg\",\"contentUrl\":\"https:\/\/vieassociative.be\/actualites\/wp-content\/uploads\/2024\/09\/vie-associative-1-150x150.jpg\",\"caption\":\"Julien\"},\"description\":\"Je suis Julien, r\u00e9dacteur pour Vie Associative. Passionn\u00e9 par le monde associatif depuis plus de 10 ans, j'ai \u00e0 c\u0153ur de partager des histoires inspirantes et de mettre en lumi\u00e8re les initiatives locales. Mon objectif est de sensibiliser et d'encourager l'engagement communautaire \u00e0 travers mes articles.\",\"sameAs\":[\"https:\/\/vieassociative.be\/\"]}]}<\/script>\n<!-- \/ Yoast SEO plugin. -->","yoast_head_json":{"title":"C'est un mauvais moment pour acheter des appareils Amazon | Vie Associative","robots":{"index":"index","follow":"follow","max-snippet":"max-snippet:-1","max-image-preview":"max-image-preview:large","max-video-preview":"max-video-preview:-1"},"canonical":"https:\/\/vieassociative.be\/actualites\/cest-un-mauvais-moment-pour-acheter-des-appareils-amazon\/","og_locale":"fr_FR","og_type":"article","og_title":"C'est un mauvais moment pour acheter des appareils Amazon | Vie Associative","og_description":"Peut-\u00eatre maintenir en appuyant sur ce bouton \u00ab\u00a0Acheter\u00a0\u00bb. Les membres des m\u00e9dias ont r\u00e9cemment re\u00e7u des invitations pour un \u00e9v\u00e9nement Amazon Devices \u00e0 New York","og_url":"https:\/\/vieassociative.be\/actualites\/cest-un-mauvais-moment-pour-acheter-des-appareils-amazon\/","og_site_name":"Vie Associative","article_published_time":"2025-02-13T00:17:38+00:00","og_image":[{"width":279,"height":92,"url":"https:\/\/vieassociative.be\/actualites\/wp-content\/uploads\/2024\/09\/header_backgroundk-01-e1726694325946.png","type":"image\/png"}],"author":"Julien","twitter_card":"summary_large_image","twitter_misc":{"\u00c9crit par":"Julien","Dur\u00e9e de lecture est.":"4 minutes"},"schema":{"@context":"https:\/\/schema.org","@graph":[{"@type":"Article","@id":"https:\/\/vieassociative.be\/actualites\/cest-un-mauvais-moment-pour-acheter-des-appareils-amazon\/#article","isPartOf":{"@id":"https:\/\/vieassociative.be\/actualites\/cest-un-mauvais-moment-pour-acheter-des-appareils-amazon\/"},"author":{"name":"Julien","@id":"https:\/\/vieassociative.be\/actualites\/#\/schema\/person\/b87ac4f82f9d4e7b7cec7395b679edc4"},"headline":"C&rsquo;est un mauvais moment pour acheter des appareils Amazon","datePublished":"2025-02-13T00:17:38+00:00","dateModified":"2025-02-13T00:17:38+00:00","mainEntityOfPage":{"@id":"https:\/\/vieassociative.be\/actualites\/cest-un-mauvais-moment-pour-acheter-des-appareils-amazon\/"},"wordCount":770,"publisher":{"@id":"https:\/\/vieassociative.be\/actualites\/#organization"},"image":{"@id":"https:\/\/vieassociative.be\/actualites\/cest-un-mauvais-moment-pour-acheter-des-appareils-amazon\/#primaryimage"},"thumbnailUrl":"https:\/\/vieassociative.be\/actualites\/wp-content\/uploads\/2025\/02\/Cest-un-mauvais-moment-pour-acheter-des-appareils-Amazon.png","keywords":["acheter","Amazon","appareils","cest","Des","mauvais","moment","pour"],"articleSection":["Technologie"],"inLanguage":"fr-BE"},{"@type":"WebPage","@id":"https:\/\/vieassociative.be\/actualites\/cest-un-mauvais-moment-pour-acheter-des-appareils-amazon\/","url":"https:\/\/vieassociative.be\/actualites\/cest-un-mauvais-moment-pour-acheter-des-appareils-amazon\/","name":"C'est un mauvais moment pour acheter des appareils Amazon | Vie Associative","isPartOf":{"@id":"https:\/\/vieassociative.be\/actualites\/#website"},"primaryImageOfPage":{"@id":"https:\/\/vieassociative.be\/actualites\/cest-un-mauvais-moment-pour-acheter-des-appareils-amazon\/#primaryimage"},"image":{"@id":"https:\/\/vieassociative.be\/actualites\/cest-un-mauvais-moment-pour-acheter-des-appareils-amazon\/#primaryimage"},"thumbnailUrl":"https:\/\/vieassociative.be\/actualites\/wp-content\/uploads\/2025\/02\/Cest-un-mauvais-moment-pour-acheter-des-appareils-Amazon.png","datePublished":"2025-02-13T00:17:38+00:00","dateModified":"2025-02-13T00:17:38+00:00","breadcrumb":{"@id":"https:\/\/vieassociative.be\/actualites\/cest-un-mauvais-moment-pour-acheter-des-appareils-amazon\/#breadcrumb"},"inLanguage":"fr-BE","potentialAction":[{"@type":"ReadAction","target":["https:\/\/vieassociative.be\/actualites\/cest-un-mauvais-moment-pour-acheter-des-appareils-amazon\/"]}]},{"@type":"ImageObject","inLanguage":"fr-BE","@id":"https:\/\/vieassociative.be\/actualites\/cest-un-mauvais-moment-pour-acheter-des-appareils-amazon\/#primaryimage","url":"https:\/\/vieassociative.be\/actualites\/wp-content\/uploads\/2025\/02\/Cest-un-mauvais-moment-pour-acheter-des-appareils-Amazon.png","contentUrl":"https:\/\/vieassociative.be\/actualites\/wp-content\/uploads\/2025\/02\/Cest-un-mauvais-moment-pour-acheter-des-appareils-Amazon.png","width":1200,"height":675,"caption":"C'est un mauvais moment pour acheter des appareils Amazon"},{"@type":"BreadcrumbList","@id":"https:\/\/vieassociative.be\/actualites\/cest-un-mauvais-moment-pour-acheter-des-appareils-amazon\/#breadcrumb","itemListElement":[{"@type":"ListItem","position":1,"name":"Accueil","item":"https:\/\/vieassociative.be\/actualites\/"},{"@type":"ListItem","position":2,"name":"C&rsquo;est un mauvais moment pour acheter des appareils Amazon"}]},{"@type":"WebSite","@id":"https:\/\/vieassociative.be\/actualites\/#website","url":"https:\/\/vieassociative.be\/actualites\/","name":"Vie Associative","description":"","publisher":{"@id":"https:\/\/vieassociative.be\/actualites\/#organization"},"potentialAction":[{"@type":"SearchAction","target":{"@type":"EntryPoint","urlTemplate":"https:\/\/vieassociative.be\/actualites\/?s={search_term_string}"},"query-input":{"@type":"PropertyValueSpecification","valueRequired":true,"valueName":"search_term_string"}}],"inLanguage":"fr-BE"},{"@type":"Organization","@id":"https:\/\/vieassociative.be\/actualites\/#organization","name":"Vie Associative","url":"https:\/\/vieassociative.be\/actualites\/","logo":{"@type":"ImageObject","inLanguage":"fr-BE","@id":"https:\/\/vieassociative.be\/actualites\/#\/schema\/logo\/image\/","url":"https:\/\/vieassociative.be\/actualites\/wp-content\/uploads\/2024\/09\/cropped-vieassociative_favicon.ico.png","contentUrl":"https:\/\/vieassociative.be\/actualites\/wp-content\/uploads\/2024\/09\/cropped-vieassociative_favicon.ico.png","width":512,"height":512,"caption":"Vie Associative"},"image":{"@id":"https:\/\/vieassociative.be\/actualites\/#\/schema\/logo\/image\/"}},{"@type":"Person","@id":"https:\/\/vieassociative.be\/actualites\/#\/schema\/person\/b87ac4f82f9d4e7b7cec7395b679edc4","name":"Julien","image":{"@type":"ImageObject","inLanguage":"fr-BE","@id":"https:\/\/vieassociative.be\/actualites\/#\/schema\/person\/image\/","url":"https:\/\/vieassociative.be\/actualites\/wp-content\/uploads\/2024\/09\/vie-associative-1-150x150.jpg","contentUrl":"https:\/\/vieassociative.be\/actualites\/wp-content\/uploads\/2024\/09\/vie-associative-1-150x150.jpg","caption":"Julien"},"description":"Je suis Julien, r\u00e9dacteur pour Vie Associative. Passionn\u00e9 par le monde associatif depuis plus de 10 ans, j'ai \u00e0 c\u0153ur de partager des histoires inspirantes et de mettre en lumi\u00e8re les initiatives locales. Mon objectif est de sensibiliser et d'encourager l'engagement communautaire \u00e0 travers mes articles.","sameAs":["https:\/\/vieassociative.be\/"]}]}},"_links":{"self":[{"href":"https:\/\/vieassociative.be\/actualites\/wp-json\/wp\/v2\/posts\/5067"}],"collection":[{"href":"https:\/\/vieassociative.be\/actualites\/wp-json\/wp\/v2\/posts"}],"about":[{"href":"https:\/\/vieassociative.be\/actualites\/wp-json\/wp\/v2\/types\/post"}],"author":[{"embeddable":true,"href":"https:\/\/vieassociative.be\/actualites\/wp-json\/wp\/v2\/users\/1"}],"replies":[{"embeddable":true,"href":"https:\/\/vieassociative.be\/actualites\/wp-json\/wp\/v2\/comments?post=5067"}],"version-history":[{"count":0,"href":"https:\/\/vieassociative.be\/actualites\/wp-json\/wp\/v2\/posts\/5067\/revisions"}],"wp:featuredmedia":[{"embeddable":true,"href":"https:\/\/vieassociative.be\/actualites\/wp-json\/wp\/v2\/media\/5068"}],"wp:attachment":[{"href":"https:\/\/vieassociative.be\/actualites\/wp-json\/wp\/v2\/media?parent=5067"}],"wp:term":[{"taxonomy":"category","embeddable":true,"href":"https:\/\/vieassociative.be\/actualites\/wp-json\/wp\/v2\/categories?post=5067"},{"taxonomy":"post_tag","embeddable":true,"href":"https:\/\/vieassociative.be\/actualites\/wp-json\/wp\/v2\/tags?post=5067"}],"curies":[{"name":"wp","href":"https:\/\/api.w.org\/{rel}","templated":true}]}}