{"id":5062,"date":"2025-02-12T21:19:19","date_gmt":"2025-02-12T20:19:19","guid":{"rendered":"https:\/\/vieassociative.be\/actualites\/le-fc-bruges-a-de-bonnes-chances-de-la-finale-de-16-de-la-ligue-des-champions-apres-la-victoire-2-1-contre-atalanta\/"},"modified":"2025-02-12T21:19:19","modified_gmt":"2025-02-12T20:19:19","slug":"le-fc-bruges-a-de-bonnes-chances-de-la-finale-de-16-de-la-ligue-des-champions-apres-la-victoire-2-1-contre-atalanta","status":"publish","type":"post","link":"https:\/\/vieassociative.be\/actualites\/le-fc-bruges-a-de-bonnes-chances-de-la-finale-de-16-de-la-ligue-des-champions-apres-la-victoire-2-1-contre-atalanta\/","title":{"rendered":"Le FC Bruges a de bonnes chances de la finale de 16 de la Ligue des champions apr\u00e8s la victoire 2-1 contre Atalanta"},"content":{"rendered":"<p><strong>Le FC Bruges a une fois de plus prouv\u00e9 mercredi qu&rsquo;il a la maturit\u00e9 de la Ligue des champions: les champions belges ont gagn\u00e9 2-1 contre Atalanta Bergamo lors de la premi\u00e8re \u00e9tape des s\u00e9ries \u00e9liminatoires pour la manche de 16 ans, le tiers de la s\u00e9rie italienne A. Le Le deuxi\u00e8me \u00e9tage \u00e0 Bergamo a lieu mardi prochain.<\/strong><\/p>\n<p><span id=\"more-408143\"><\/span>Le ma\u00eetre belge a parfaitement commenc\u00e9 le jeu et a domin\u00e9 le jeu. Tzolis a rat\u00e9 une contre-attaque lorsqu&rsquo;il a tir\u00e9 sur Rui Patricio, mais le Br\u00fcgger a \u00e9t\u00e9 r\u00e9compens\u00e9 apr\u00e8s un quart d&rsquo;heure.<\/p>\n<p>Apr\u00e8s que Talbi ait conquis le ballon apr\u00e8s un mauvais jet des Italiens, le joueur de l&rsquo;aile Jutgla a trouv\u00e9 dans la zone de p\u00e9nalit\u00e9. L&rsquo;Espagnol a v\u00e9rifi\u00e9 le ballon et a tir\u00e9 un coup de vol\u00e9e 1-0 pour le gardien de but portugais.<\/p>\n<div id=\"attachment_408151\" class=\"wp-caption alignleft\" style=\"max-width: 300px\"><img fetchpriority=\"high\" decoding=\"async\" class=\"wp-image-408151 size-medium\" src=\"https:\/\/vieassociative.be\/actualites\/wp-content\/uploads\/2025\/02\/Le-FC-Bruges-a-de-bonnes-chances-de-la-finale.jpg\" alt=\"\" width=\"300\" height=\"200\"><\/p>\n<p class=\"wp-caption-text\">12.02.2025, Belgique, Bruges: Christos Tzolis (Front) de FC Bruges et Atalantas Ederson se battent pour le ballon.<\/p>\n<\/div>\n<p>Bruges est rest\u00e9 sur le ballon, tandis que la premi\u00e8re chance italienne n&rsquo;est venue \u00e0 la 27e minute que lorsqu&rsquo;un tir \u00e0 long terme a \u00e9t\u00e9 intercept\u00e9 par Mignolet. Mais le vainqueur de la Ligue Europa de l&rsquo;ann\u00e9e derni\u00e8re augmentait de plus en plus dans la r\u00e9gion de Br\u00fcgger et Pasalic a r\u00e9ussi \u00e0 \u00e9galiser peu avant la pause, 1-1.<\/p>\n<p>La pause a \u00e9t\u00e9 bonne pour les hommes de l&rsquo;entra\u00eeneur Nicky Hayen parce qu&rsquo;ils ont commenc\u00e9 la seconde moiti\u00e9. Talbi et De Cuyper ont presque trouv\u00e9 leur chemin vers le but, mais le ballon vient de passer le but.<\/p>\n<p>D&rsquo;un autre c\u00f4t\u00e9, Mignolet a sauv\u00e9 son \u00e9quipe apr\u00e8s une t\u00eate de Zappacosta, tandis que Samardzic a rat\u00e9 l&rsquo;avance pour les Italiens en t\u00eate-\u00e0-t\u00eate avec l&rsquo;ancien gardien de but du Devil Red. Le gardien de but de Br\u00fcgger s&rsquo;est av\u00e9r\u00e9 \u00e0 nouveau crucial lorsqu&rsquo;il a d\u00e9fendu un tir \u00e0 long terme de son ancienne \u00e9quipe &#8211; le camarade Charles de Ketelaere, mais dans l&rsquo;ensemble, il est rest\u00e9 assez p\u00e2le.<\/p>\n<p>Dans le temps suppl\u00e9mentaire, Nilsson a re\u00e7u une sanction controvers\u00e9e, qu&rsquo;il a lui-m\u00eame ex\u00e9cut\u00e9 et converti. Les joueurs d&rsquo;Atalanta \u00e9taient en col\u00e8re et, apr\u00e8s une phase finale anim\u00e9e, discut\u00e9 directement avec l&rsquo;arbitre. Mais il est rest\u00e9 avec la victoire 2-1 non m\u00e9rit\u00e9e de FC Bruges. Le deuxi\u00e8me \u00e9tage aura lieu \u00e0 Bergame mardi prochain \u00e0 21 h. (Cre)<\/p>\n<p><em><strong>Sur le sujet, voir \u00e9galement l&rsquo;article suivant sur OD:<\/strong><\/em><\/p>\n<div class=\"responsive-embed widescreen\">\n<blockquote class=\"wp-embedded-content\" data-secret=\"UE7qfBcI65\">\n<p>Manchester City se frappe dans le 2: 3 contre le vrai &#8211; Belge Mbangula Siegtor pour la Juventus &#8211; BVB surpris<\/p>\n<\/blockquote>\n<p><iframe loading=\"lazy\" class=\"wp-embedded-content\" sandbox=\"allow-scripts\" security=\"restricted\" style=\"position: absolute; visibility: hidden;\" title=\"\u201eManchester City schl\u00e4gt sich selbst beim 2:3 gegen Real \u2013 Belgier Mbangula erzielt Siegtor f\u00fcr Juventus \u2013 BVB \u00fcberrascht\u201c \u2014 Ostbelgien Direkt\" src=\"https:\/\/ostbelgiendirekt.be\/about:blank\" data-secret=\"UE7qfBcI65\" width=\"500\" height=\"282\" frameborder=\"0\" marginwidth=\"0\" marginheight=\"0\" scrolling=\"no\" data-rocket-lazyload=\"fitvidscompatible\" data-lazy-src=\"https:\/\/ostbelgiendirekt.be\/dortmund-ueberrascht-408048\/embed#?secret=61i0jgNmW3#?secret=UE7qfBcI65\"><\/iframe><noscript><iframe class=\"wp-embedded-content\" sandbox=\"allow-scripts\" security=\"restricted\" style=\"position: absolute; visibility: hidden;\" title=\"\u201eManchester City schl\u00e4gt sich selbst beim 2:3 gegen Real \u2013 Belgier Mbangula erzielt Siegtor f\u00fcr Juventus \u2013 BVB \u00fcberrascht\u201c \u2014 Ostbelgien Direkt\" src=\"https:\/\/ostbelgiendirekt.be\/dortmund-ueberrascht-408048\/embed#?secret=61i0jgNmW3#?secret=UE7qfBcI65\" data-secret=\"UE7qfBcI65\" width=\"500\" height=\"282\" frameborder=\"0\" marginwidth=\"0\" marginheight=\"0\" scrolling=\"no\"><\/iframe><\/noscript><\/p>\n<\/div>\n","protected":false},"excerpt":{"rendered":"<p>Le FC Bruges a une fois de plus prouv\u00e9 mercredi qu&rsquo;il a la maturit\u00e9 de la Ligue des champions: les champions belges ont gagn\u00e9 2-1<\/p>\n","protected":false},"author":1,"featured_media":5063,"comment_status":"","ping_status":"","sticky":false,"template":"","format":"standard","meta":{"footnotes":""},"categories":[298],"tags":[472,5311,3038,2851,2818,3279,796,29,879,2817,784],"class_list":["post-5062","post","type-post","status-publish","format-standard","has-post-thumbnail","hentry","category-belgique","tag-apres","tag-atalanta","tag-bonnes","tag-bruges","tag-champions","tag-chances","tag-contre","tag-des","tag-finale","tag-ligue","tag-victoire","generate-columns","tablet-grid-50","mobile-grid-100","grid-parent","grid-33"],"yoast_head":"<!-- This site is optimized with the Yoast SEO plugin v24.0 - https:\/\/yoast.com\/wordpress\/plugins\/seo\/ -->\n<title>Le FC Bruges a de bonnes chances de la finale de 16 de la Ligue des champions apr\u00e8s la victoire 2-1 contre Atalanta | Vie Associative<\/title>\n<meta name=\"robots\" content=\"index, follow, max-snippet:-1, max-image-preview:large, max-video-preview:-1\" \/>\n<link rel=\"canonical\" href=\"https:\/\/vieassociative.be\/actualites\/le-fc-bruges-a-de-bonnes-chances-de-la-finale-de-16-de-la-ligue-des-champions-apres-la-victoire-2-1-contre-atalanta\/\" \/>\n<meta property=\"og:locale\" content=\"fr_FR\" \/>\n<meta property=\"og:type\" content=\"article\" \/>\n<meta property=\"og:title\" content=\"Le FC Bruges a de bonnes chances de la finale de 16 de la Ligue des champions apr\u00e8s la victoire 2-1 contre Atalanta | Vie Associative\" \/>\n<meta property=\"og:description\" content=\"Le FC Bruges a une fois de plus prouv\u00e9 mercredi qu&rsquo;il a la maturit\u00e9 de la Ligue des champions: les champions belges ont gagn\u00e9 2-1\" \/>\n<meta property=\"og:url\" content=\"https:\/\/vieassociative.be\/actualites\/le-fc-bruges-a-de-bonnes-chances-de-la-finale-de-16-de-la-ligue-des-champions-apres-la-victoire-2-1-contre-atalanta\/\" \/>\n<meta property=\"og:site_name\" content=\"Vie Associative\" \/>\n<meta property=\"article:published_time\" content=\"2025-02-12T20:19:19+00:00\" \/>\n<meta property=\"og:image\" content=\"https:\/\/vieassociative.be\/actualites\/wp-content\/uploads\/2024\/09\/header_backgroundk-01-e1726694325946.png\" \/>\n\t<meta property=\"og:image:width\" content=\"279\" \/>\n\t<meta property=\"og:image:height\" content=\"92\" \/>\n\t<meta property=\"og:image:type\" content=\"image\/png\" \/>\n<meta name=\"author\" content=\"Julien\" \/>\n<meta name=\"twitter:card\" content=\"summary_large_image\" \/>\n<meta name=\"twitter:label1\" content=\"\u00c9crit par\" \/>\n\t<meta name=\"twitter:data1\" content=\"Julien\" \/>\n\t<meta name=\"twitter:label2\" content=\"Dur\u00e9e de lecture est.\" \/>\n\t<meta name=\"twitter:data2\" content=\"2 minutes\" \/>\n<script type=\"application\/ld+json\" class=\"yoast-schema-graph\">{\"@context\":\"https:\/\/schema.org\",\"@graph\":[{\"@type\":\"Article\",\"@id\":\"https:\/\/vieassociative.be\/actualites\/le-fc-bruges-a-de-bonnes-chances-de-la-finale-de-16-de-la-ligue-des-champions-apres-la-victoire-2-1-contre-atalanta\/#article\",\"isPartOf\":{\"@id\":\"https:\/\/vieassociative.be\/actualites\/le-fc-bruges-a-de-bonnes-chances-de-la-finale-de-16-de-la-ligue-des-champions-apres-la-victoire-2-1-contre-atalanta\/\"},\"author\":{\"name\":\"Julien\",\"@id\":\"https:\/\/vieassociative.be\/actualites\/#\/schema\/person\/b87ac4f82f9d4e7b7cec7395b679edc4\"},\"headline\":\"Le FC Bruges a de bonnes chances de la finale de 16 de la Ligue des champions apr\u00e8s la victoire 2-1 contre Atalanta\",\"datePublished\":\"2025-02-12T20:19:19+00:00\",\"dateModified\":\"2025-02-12T20:19:19+00:00\",\"mainEntityOfPage\":{\"@id\":\"https:\/\/vieassociative.be\/actualites\/le-fc-bruges-a-de-bonnes-chances-de-la-finale-de-16-de-la-ligue-des-champions-apres-la-victoire-2-1-contre-atalanta\/\"},\"wordCount\":481,\"publisher\":{\"@id\":\"https:\/\/vieassociative.be\/actualites\/#organization\"},\"image\":{\"@id\":\"https:\/\/vieassociative.be\/actualites\/le-fc-bruges-a-de-bonnes-chances-de-la-finale-de-16-de-la-ligue-des-champions-apres-la-victoire-2-1-contre-atalanta\/#primaryimage\"},\"thumbnailUrl\":\"https:\/\/vieassociative.be\/actualites\/wp-content\/uploads\/2025\/02\/1739391559_Le-FC-Bruges-a-de-bonnes-chances-de-la-finale.jpg\",\"keywords\":[\"Apr\u00e8s\",\"Atalanta\",\"bonnes\",\"Bruges\",\"Champions\",\"chances\",\"contre\",\"Des\",\"finale\",\"Ligue\",\"victoire\"],\"articleSection\":[\"Belgique\"],\"inLanguage\":\"fr-BE\"},{\"@type\":\"WebPage\",\"@id\":\"https:\/\/vieassociative.be\/actualites\/le-fc-bruges-a-de-bonnes-chances-de-la-finale-de-16-de-la-ligue-des-champions-apres-la-victoire-2-1-contre-atalanta\/\",\"url\":\"https:\/\/vieassociative.be\/actualites\/le-fc-bruges-a-de-bonnes-chances-de-la-finale-de-16-de-la-ligue-des-champions-apres-la-victoire-2-1-contre-atalanta\/\",\"name\":\"Le FC Bruges a de bonnes chances de la finale de 16 de la Ligue des champions apr\u00e8s la victoire 2-1 contre Atalanta | Vie Associative\",\"isPartOf\":{\"@id\":\"https:\/\/vieassociative.be\/actualites\/#website\"},\"primaryImageOfPage\":{\"@id\":\"https:\/\/vieassociative.be\/actualites\/le-fc-bruges-a-de-bonnes-chances-de-la-finale-de-16-de-la-ligue-des-champions-apres-la-victoire-2-1-contre-atalanta\/#primaryimage\"},\"image\":{\"@id\":\"https:\/\/vieassociative.be\/actualites\/le-fc-bruges-a-de-bonnes-chances-de-la-finale-de-16-de-la-ligue-des-champions-apres-la-victoire-2-1-contre-atalanta\/#primaryimage\"},\"thumbnailUrl\":\"https:\/\/vieassociative.be\/actualites\/wp-content\/uploads\/2025\/02\/1739391559_Le-FC-Bruges-a-de-bonnes-chances-de-la-finale.jpg\",\"datePublished\":\"2025-02-12T20:19:19+00:00\",\"dateModified\":\"2025-02-12T20:19:19+00:00\",\"breadcrumb\":{\"@id\":\"https:\/\/vieassociative.be\/actualites\/le-fc-bruges-a-de-bonnes-chances-de-la-finale-de-16-de-la-ligue-des-champions-apres-la-victoire-2-1-contre-atalanta\/#breadcrumb\"},\"inLanguage\":\"fr-BE\",\"potentialAction\":[{\"@type\":\"ReadAction\",\"target\":[\"https:\/\/vieassociative.be\/actualites\/le-fc-bruges-a-de-bonnes-chances-de-la-finale-de-16-de-la-ligue-des-champions-apres-la-victoire-2-1-contre-atalanta\/\"]}]},{\"@type\":\"ImageObject\",\"inLanguage\":\"fr-BE\",\"@id\":\"https:\/\/vieassociative.be\/actualites\/le-fc-bruges-a-de-bonnes-chances-de-la-finale-de-16-de-la-ligue-des-champions-apres-la-victoire-2-1-contre-atalanta\/#primaryimage\",\"url\":\"https:\/\/vieassociative.be\/actualites\/wp-content\/uploads\/2025\/02\/1739391559_Le-FC-Bruges-a-de-bonnes-chances-de-la-finale.jpg\",\"contentUrl\":\"https:\/\/vieassociative.be\/actualites\/wp-content\/uploads\/2025\/02\/1739391559_Le-FC-Bruges-a-de-bonnes-chances-de-la-finale.jpg\",\"width\":1200,\"height\":799,\"caption\":\"Le FC Bruges a de bonnes chances de la finale de 16 de la Ligue des champions apr\u00e8s la victoire 2-1 contre Atalanta\"},{\"@type\":\"BreadcrumbList\",\"@id\":\"https:\/\/vieassociative.be\/actualites\/le-fc-bruges-a-de-bonnes-chances-de-la-finale-de-16-de-la-ligue-des-champions-apres-la-victoire-2-1-contre-atalanta\/#breadcrumb\",\"itemListElement\":[{\"@type\":\"ListItem\",\"position\":1,\"name\":\"Accueil\",\"item\":\"https:\/\/vieassociative.be\/actualites\/\"},{\"@type\":\"ListItem\",\"position\":2,\"name\":\"Le FC Bruges a de bonnes chances de la finale de 16 de la Ligue des champions apr\u00e8s la victoire 2-1 contre Atalanta\"}]},{\"@type\":\"WebSite\",\"@id\":\"https:\/\/vieassociative.be\/actualites\/#website\",\"url\":\"https:\/\/vieassociative.be\/actualites\/\",\"name\":\"Vie Associative\",\"description\":\"\",\"publisher\":{\"@id\":\"https:\/\/vieassociative.be\/actualites\/#organization\"},\"potentialAction\":[{\"@type\":\"SearchAction\",\"target\":{\"@type\":\"EntryPoint\",\"urlTemplate\":\"https:\/\/vieassociative.be\/actualites\/?s={search_term_string}\"},\"query-input\":{\"@type\":\"PropertyValueSpecification\",\"valueRequired\":true,\"valueName\":\"search_term_string\"}}],\"inLanguage\":\"fr-BE\"},{\"@type\":\"Organization\",\"@id\":\"https:\/\/vieassociative.be\/actualites\/#organization\",\"name\":\"Vie Associative\",\"url\":\"https:\/\/vieassociative.be\/actualites\/\",\"logo\":{\"@type\":\"ImageObject\",\"inLanguage\":\"fr-BE\",\"@id\":\"https:\/\/vieassociative.be\/actualites\/#\/schema\/logo\/image\/\",\"url\":\"https:\/\/vieassociative.be\/actualites\/wp-content\/uploads\/2024\/09\/cropped-vieassociative_favicon.ico.png\",\"contentUrl\":\"https:\/\/vieassociative.be\/actualites\/wp-content\/uploads\/2024\/09\/cropped-vieassociative_favicon.ico.png\",\"width\":512,\"height\":512,\"caption\":\"Vie Associative\"},\"image\":{\"@id\":\"https:\/\/vieassociative.be\/actualites\/#\/schema\/logo\/image\/\"}},{\"@type\":\"Person\",\"@id\":\"https:\/\/vieassociative.be\/actualites\/#\/schema\/person\/b87ac4f82f9d4e7b7cec7395b679edc4\",\"name\":\"Julien\",\"image\":{\"@type\":\"ImageObject\",\"inLanguage\":\"fr-BE\",\"@id\":\"https:\/\/vieassociative.be\/actualites\/#\/schema\/person\/image\/\",\"url\":\"https:\/\/vieassociative.be\/actualites\/wp-content\/uploads\/2024\/09\/vie-associative-1-150x150.jpg\",\"contentUrl\":\"https:\/\/vieassociative.be\/actualites\/wp-content\/uploads\/2024\/09\/vie-associative-1-150x150.jpg\",\"caption\":\"Julien\"},\"description\":\"Je suis Julien, r\u00e9dacteur pour Vie Associative. Passionn\u00e9 par le monde associatif depuis plus de 10 ans, j'ai \u00e0 c\u0153ur de partager des histoires inspirantes et de mettre en lumi\u00e8re les initiatives locales. Mon objectif est de sensibiliser et d'encourager l'engagement communautaire \u00e0 travers mes articles.\",\"sameAs\":[\"https:\/\/vieassociative.be\/\"]}]}<\/script>\n<!-- \/ Yoast SEO plugin. -->","yoast_head_json":{"title":"Le FC Bruges a de bonnes chances de la finale de 16 de la Ligue des champions apr\u00e8s la victoire 2-1 contre Atalanta | Vie Associative","robots":{"index":"index","follow":"follow","max-snippet":"max-snippet:-1","max-image-preview":"max-image-preview:large","max-video-preview":"max-video-preview:-1"},"canonical":"https:\/\/vieassociative.be\/actualites\/le-fc-bruges-a-de-bonnes-chances-de-la-finale-de-16-de-la-ligue-des-champions-apres-la-victoire-2-1-contre-atalanta\/","og_locale":"fr_FR","og_type":"article","og_title":"Le FC Bruges a de bonnes chances de la finale de 16 de la Ligue des champions apr\u00e8s la victoire 2-1 contre Atalanta | Vie Associative","og_description":"Le FC Bruges a une fois de plus prouv\u00e9 mercredi qu&rsquo;il a la maturit\u00e9 de la Ligue des champions: les champions belges ont gagn\u00e9 2-1","og_url":"https:\/\/vieassociative.be\/actualites\/le-fc-bruges-a-de-bonnes-chances-de-la-finale-de-16-de-la-ligue-des-champions-apres-la-victoire-2-1-contre-atalanta\/","og_site_name":"Vie Associative","article_published_time":"2025-02-12T20:19:19+00:00","og_image":[{"width":279,"height":92,"url":"https:\/\/vieassociative.be\/actualites\/wp-content\/uploads\/2024\/09\/header_backgroundk-01-e1726694325946.png","type":"image\/png"}],"author":"Julien","twitter_card":"summary_large_image","twitter_misc":{"\u00c9crit par":"Julien","Dur\u00e9e de lecture est.":"2 minutes"},"schema":{"@context":"https:\/\/schema.org","@graph":[{"@type":"Article","@id":"https:\/\/vieassociative.be\/actualites\/le-fc-bruges-a-de-bonnes-chances-de-la-finale-de-16-de-la-ligue-des-champions-apres-la-victoire-2-1-contre-atalanta\/#article","isPartOf":{"@id":"https:\/\/vieassociative.be\/actualites\/le-fc-bruges-a-de-bonnes-chances-de-la-finale-de-16-de-la-ligue-des-champions-apres-la-victoire-2-1-contre-atalanta\/"},"author":{"name":"Julien","@id":"https:\/\/vieassociative.be\/actualites\/#\/schema\/person\/b87ac4f82f9d4e7b7cec7395b679edc4"},"headline":"Le FC Bruges a de bonnes chances de la finale de 16 de la Ligue des champions apr\u00e8s la victoire 2-1 contre Atalanta","datePublished":"2025-02-12T20:19:19+00:00","dateModified":"2025-02-12T20:19:19+00:00","mainEntityOfPage":{"@id":"https:\/\/vieassociative.be\/actualites\/le-fc-bruges-a-de-bonnes-chances-de-la-finale-de-16-de-la-ligue-des-champions-apres-la-victoire-2-1-contre-atalanta\/"},"wordCount":481,"publisher":{"@id":"https:\/\/vieassociative.be\/actualites\/#organization"},"image":{"@id":"https:\/\/vieassociative.be\/actualites\/le-fc-bruges-a-de-bonnes-chances-de-la-finale-de-16-de-la-ligue-des-champions-apres-la-victoire-2-1-contre-atalanta\/#primaryimage"},"thumbnailUrl":"https:\/\/vieassociative.be\/actualites\/wp-content\/uploads\/2025\/02\/1739391559_Le-FC-Bruges-a-de-bonnes-chances-de-la-finale.jpg","keywords":["Apr\u00e8s","Atalanta","bonnes","Bruges","Champions","chances","contre","Des","finale","Ligue","victoire"],"articleSection":["Belgique"],"inLanguage":"fr-BE"},{"@type":"WebPage","@id":"https:\/\/vieassociative.be\/actualites\/le-fc-bruges-a-de-bonnes-chances-de-la-finale-de-16-de-la-ligue-des-champions-apres-la-victoire-2-1-contre-atalanta\/","url":"https:\/\/vieassociative.be\/actualites\/le-fc-bruges-a-de-bonnes-chances-de-la-finale-de-16-de-la-ligue-des-champions-apres-la-victoire-2-1-contre-atalanta\/","name":"Le FC Bruges a de bonnes chances de la finale de 16 de la Ligue des champions apr\u00e8s la victoire 2-1 contre Atalanta | Vie Associative","isPartOf":{"@id":"https:\/\/vieassociative.be\/actualites\/#website"},"primaryImageOfPage":{"@id":"https:\/\/vieassociative.be\/actualites\/le-fc-bruges-a-de-bonnes-chances-de-la-finale-de-16-de-la-ligue-des-champions-apres-la-victoire-2-1-contre-atalanta\/#primaryimage"},"image":{"@id":"https:\/\/vieassociative.be\/actualites\/le-fc-bruges-a-de-bonnes-chances-de-la-finale-de-16-de-la-ligue-des-champions-apres-la-victoire-2-1-contre-atalanta\/#primaryimage"},"thumbnailUrl":"https:\/\/vieassociative.be\/actualites\/wp-content\/uploads\/2025\/02\/1739391559_Le-FC-Bruges-a-de-bonnes-chances-de-la-finale.jpg","datePublished":"2025-02-12T20:19:19+00:00","dateModified":"2025-02-12T20:19:19+00:00","breadcrumb":{"@id":"https:\/\/vieassociative.be\/actualites\/le-fc-bruges-a-de-bonnes-chances-de-la-finale-de-16-de-la-ligue-des-champions-apres-la-victoire-2-1-contre-atalanta\/#breadcrumb"},"inLanguage":"fr-BE","potentialAction":[{"@type":"ReadAction","target":["https:\/\/vieassociative.be\/actualites\/le-fc-bruges-a-de-bonnes-chances-de-la-finale-de-16-de-la-ligue-des-champions-apres-la-victoire-2-1-contre-atalanta\/"]}]},{"@type":"ImageObject","inLanguage":"fr-BE","@id":"https:\/\/vieassociative.be\/actualites\/le-fc-bruges-a-de-bonnes-chances-de-la-finale-de-16-de-la-ligue-des-champions-apres-la-victoire-2-1-contre-atalanta\/#primaryimage","url":"https:\/\/vieassociative.be\/actualites\/wp-content\/uploads\/2025\/02\/1739391559_Le-FC-Bruges-a-de-bonnes-chances-de-la-finale.jpg","contentUrl":"https:\/\/vieassociative.be\/actualites\/wp-content\/uploads\/2025\/02\/1739391559_Le-FC-Bruges-a-de-bonnes-chances-de-la-finale.jpg","width":1200,"height":799,"caption":"Le FC Bruges a de bonnes chances de la finale de 16 de la Ligue des champions apr\u00e8s la victoire 2-1 contre Atalanta"},{"@type":"BreadcrumbList","@id":"https:\/\/vieassociative.be\/actualites\/le-fc-bruges-a-de-bonnes-chances-de-la-finale-de-16-de-la-ligue-des-champions-apres-la-victoire-2-1-contre-atalanta\/#breadcrumb","itemListElement":[{"@type":"ListItem","position":1,"name":"Accueil","item":"https:\/\/vieassociative.be\/actualites\/"},{"@type":"ListItem","position":2,"name":"Le FC Bruges a de bonnes chances de la finale de 16 de la Ligue des champions apr\u00e8s la victoire 2-1 contre Atalanta"}]},{"@type":"WebSite","@id":"https:\/\/vieassociative.be\/actualites\/#website","url":"https:\/\/vieassociative.be\/actualites\/","name":"Vie Associative","description":"","publisher":{"@id":"https:\/\/vieassociative.be\/actualites\/#organization"},"potentialAction":[{"@type":"SearchAction","target":{"@type":"EntryPoint","urlTemplate":"https:\/\/vieassociative.be\/actualites\/?s={search_term_string}"},"query-input":{"@type":"PropertyValueSpecification","valueRequired":true,"valueName":"search_term_string"}}],"inLanguage":"fr-BE"},{"@type":"Organization","@id":"https:\/\/vieassociative.be\/actualites\/#organization","name":"Vie Associative","url":"https:\/\/vieassociative.be\/actualites\/","logo":{"@type":"ImageObject","inLanguage":"fr-BE","@id":"https:\/\/vieassociative.be\/actualites\/#\/schema\/logo\/image\/","url":"https:\/\/vieassociative.be\/actualites\/wp-content\/uploads\/2024\/09\/cropped-vieassociative_favicon.ico.png","contentUrl":"https:\/\/vieassociative.be\/actualites\/wp-content\/uploads\/2024\/09\/cropped-vieassociative_favicon.ico.png","width":512,"height":512,"caption":"Vie Associative"},"image":{"@id":"https:\/\/vieassociative.be\/actualites\/#\/schema\/logo\/image\/"}},{"@type":"Person","@id":"https:\/\/vieassociative.be\/actualites\/#\/schema\/person\/b87ac4f82f9d4e7b7cec7395b679edc4","name":"Julien","image":{"@type":"ImageObject","inLanguage":"fr-BE","@id":"https:\/\/vieassociative.be\/actualites\/#\/schema\/person\/image\/","url":"https:\/\/vieassociative.be\/actualites\/wp-content\/uploads\/2024\/09\/vie-associative-1-150x150.jpg","contentUrl":"https:\/\/vieassociative.be\/actualites\/wp-content\/uploads\/2024\/09\/vie-associative-1-150x150.jpg","caption":"Julien"},"description":"Je suis Julien, r\u00e9dacteur pour Vie Associative. Passionn\u00e9 par le monde associatif depuis plus de 10 ans, j'ai \u00e0 c\u0153ur de partager des histoires inspirantes et de mettre en lumi\u00e8re les initiatives locales. Mon objectif est de sensibiliser et d'encourager l'engagement communautaire \u00e0 travers mes articles.","sameAs":["https:\/\/vieassociative.be\/"]}]}},"_links":{"self":[{"href":"https:\/\/vieassociative.be\/actualites\/wp-json\/wp\/v2\/posts\/5062"}],"collection":[{"href":"https:\/\/vieassociative.be\/actualites\/wp-json\/wp\/v2\/posts"}],"about":[{"href":"https:\/\/vieassociative.be\/actualites\/wp-json\/wp\/v2\/types\/post"}],"author":[{"embeddable":true,"href":"https:\/\/vieassociative.be\/actualites\/wp-json\/wp\/v2\/users\/1"}],"replies":[{"embeddable":true,"href":"https:\/\/vieassociative.be\/actualites\/wp-json\/wp\/v2\/comments?post=5062"}],"version-history":[{"count":0,"href":"https:\/\/vieassociative.be\/actualites\/wp-json\/wp\/v2\/posts\/5062\/revisions"}],"wp:featuredmedia":[{"embeddable":true,"href":"https:\/\/vieassociative.be\/actualites\/wp-json\/wp\/v2\/media\/5063"}],"wp:attachment":[{"href":"https:\/\/vieassociative.be\/actualites\/wp-json\/wp\/v2\/media?parent=5062"}],"wp:term":[{"taxonomy":"category","embeddable":true,"href":"https:\/\/vieassociative.be\/actualites\/wp-json\/wp\/v2\/categories?post=5062"},{"taxonomy":"post_tag","embeddable":true,"href":"https:\/\/vieassociative.be\/actualites\/wp-json\/wp\/v2\/tags?post=5062"}],"curies":[{"name":"wp","href":"https:\/\/api.w.org\/{rel}","templated":true}]}}