{"id":5060,"date":"2025-02-12T20:17:54","date_gmt":"2025-02-12T19:17:54","guid":{"rendered":"https:\/\/vieassociative.be\/actualites\/cette-extension-safari-vous-donne-plus-de-controle-sur-votre-flux-reddit\/"},"modified":"2025-02-12T20:17:54","modified_gmt":"2025-02-12T19:17:54","slug":"cette-extension-safari-vous-donne-plus-de-controle-sur-votre-flux-reddit","status":"publish","type":"post","link":"https:\/\/vieassociative.be\/actualites\/cette-extension-safari-vous-donne-plus-de-controle-sur-votre-flux-reddit\/","title":{"rendered":"Cette extension Safari vous donne plus de contr\u00f4le sur votre flux Reddit"},"content":{"rendered":"<div class=\"mt-4 leading-6 md:mb-8\">Il supprime les app\u00e2ts de rage de votre flux Reddit.<\/div>\n<p><\/p>\n<p>Chaque fois que j&rsquo;ouvre Reddit ces jours-ci, j&rsquo;ai l&rsquo;impression de demander simplement \u00e0 voir des app\u00e2ts outrage. Cela signifie des messages de l&rsquo;AITA, des messages de l&rsquo;AIO (suis-je r\u00e9agi de mani\u00e8re excessive) et des messages sur les troubles politiques. En tant qu&rsquo;\u00e9crivain, je dois v\u00e9rifier Reddit pour garder un \u0153il sur les lancements int\u00e9ressants de nouvelles applications, les probl\u00e8mes communs auxquels les gens sont confront\u00e9s avec la technologie (afin que je puisse \u00e9crire sur les solutions), et parfois, pour r\u00e9soudre un probl\u00e8me de niche auxquels je suis confront\u00e9 avec le mien technologie. Mais si j&rsquo;ouvre accidentellement la page d&rsquo;accueil par d\u00e9faut de Reddit, ma sant\u00e9 mentale commence \u00e0 tanker, et mes pens\u00e9es deviennent plus en col\u00e8re.<\/p>\n<p>Oui, beaucoup de mauvaises choses se passent dans le monde en ce moment, mais je ne veux pas en entendre parler <em>tout le temps<\/em>. Mon cerveau a besoin d&rsquo;une rupture de tout cela de temps en temps. Malheureusement, Reddit n&rsquo;offre pas d&rsquo;outils faciles pour filtrer les messages ind\u00e9sirables de votre flux, mais il y a quelques mois, j&rsquo;ai d\u00e9couvert Protego (1 $), une extension Safari qui offre cette fonctionnalit\u00e9. Protego vous permet de cr\u00e9er une liste de blocs personnalis\u00e9e pour masquer toutes sortes de carburant d&rsquo;indignation sur Reddit. Vous pouvez bloquer les mots cl\u00e9s, des liens vers des domaines sp\u00e9cifiques, des sites de m\u00e9dias sociaux et \u00eatre automatiquement redirig\u00e9 vers l&rsquo;interface utilisateur de Reddit (qui a beaucoup moins de widgets distrayants qui essaient d&rsquo;augmenter l&rsquo;engagement). <\/p>\n<h2 id=\"create-reddit-filters-using-protego\">Cr\u00e9er des filtres Reddit \u00e0 l&rsquo;aide de Protego<\/h2>\n<div class=\"eloquent-imagery-image\">\n<div class=\"flex justify-center\">\n                    <img decoding=\"async\" class=\"border border-gray-100\" src=\"https:\/\/vieassociative.be\/actualites\/wp-content\/uploads\/2025\/02\/Cette-extension-Safari-vous-donne-plus-de-controle-sur-votre.jpg\" alt=\"L'onglet de gestion de la liste dans Protego, o\u00f9 vous pouvez importer et exporter des listes de blocs cr\u00e9\u00e9es dans l'application.\" width=\"2000\" height=\"1125\" loading=\"lazy\"  >\n            <\/div>\n<\/p><\/div>\n<p>Tout d&rsquo;abord, ouvrez Protego sur votre iPhone, iPad ou Mac, puis allez au <strong>Filtres<\/strong> onglet et s\u00e9lectionnez <strong>Mots cl\u00e9s<\/strong>. Frapper le <strong>+<\/strong> bouton et s\u00e9lectionner <strong>Ajouter la liste des mots cl\u00e9s<\/strong>. Cela vous permet d&rsquo;ajouter plusieurs filtres de mots cl\u00e9s \u00e0 reddit en une seule fois. Vous devez ajouter une virgule entre les mots cl\u00e9s, par exemple: AITA, AIO, Elon Musk, etc. Protego prend \u00e9galement en charge les caract\u00e8res g\u00e9n\u00e9riques, ce qui vous permet de bloquer plusieurs variations d&rsquo;un mot incrimin\u00e9. Par exemple, si vous souhaitez bloquer le terme AITA et des termes connexes tels que Aitah, alors ajoutez simplement <em>Aita<\/em> \u00e0 la liste de blocs, et il bloquera tous les mots qui commencent avec AITA. <\/p>\n<p>Lorsque vous avez termin\u00e9 d&rsquo;ajouter des mots cl\u00e9s, vous pouvez partager votre liste de blocs avec les autres si vous le souhaitez. Protego vous permet d&rsquo;exporter des listes de blocs dans un fichier JSON, qu&rsquo;il importe de mani\u00e8re transparente. Pour utiliser cette fonctionnalit\u00e9, ouvrez l&rsquo;application et acc\u00e9dez \u00e0 <strong>Filtre> Gestion de la liste<\/strong>. <\/p>\n<h2 id=\"block-posts-that-link-to-specific-websites\">Bloquer les publications qui sont li\u00e9es \u00e0 des sites Web sp\u00e9cifiques<\/h2>\n<div class=\"eloquent-imagery-image\">\n<div class=\"flex justify-center\">\n                    <img decoding=\"async\" class=\"border border-gray-100\" src=\"https:\/\/vieassociative.be\/actualites\/wp-content\/uploads\/2025\/02\/1739387874_72_Cette-extension-Safari-vous-donne-plus-de-controle-sur-votre.jpg\" alt=\"La page de listes de blocs de m\u00e9dias sociaux de Protego dans son application Mac. Il r\u00e9pertorie les r\u00e9seaux sociaux populaires et a une bascule \u00e0 c\u00f4t\u00e9 de chaque nom de la liste.\" width=\"2000\" height=\"1125\" loading=\"lazy\"  >\n            <\/div>\n<\/p><\/div>\n<p>Dans sa derni\u00e8re mise \u00e0 jour, Protego a ajout\u00e9 la possibilit\u00e9 de bloquer des domaines sp\u00e9cifiques. Vous pouvez activer cela en allant \u00e0 <strong>Filtre> m\u00e9dias sociaux<\/strong> Dans l&rsquo;application et activer les commutateurs \u00e0 c\u00f4t\u00e9 des plateformes de m\u00e9dias sociaux que vous pr\u00e9f\u00e9rez \u00e9viter. Pour moi, c&rsquo;\u00e9tait une \u00e9vidence de bloquer les publications de ce lien vers X, Instagram, Threads, LinkedIn et Facebook. Les autres options incluent YouTube, Snapchat, Pinterest, Bluesky, Mastodon et quelques autres sites de m\u00e9dias sociaux. Vous pouvez \u00e9galement bloquer les domaines personnalis\u00e9s en allant \u00e0 <strong>Filtre> Domaines<\/strong>. Frapper le <strong>+<\/strong> bouton ici et s\u00e9lectionner <strong>Ajouter la liste du domaine<\/strong>. Tout comme vous avez ajout\u00e9 plusieurs mots cl\u00e9s plus t\u00f4t, vous pouvez utiliser ce formulaire pour ajouter de nombreux domaines \u00e0 la liste de blocs en une seule fois. Il existe plusieurs sites bien connus qui prosp\u00e8rent sur les fausses nouvelles, le sensationnalisme et le contenu de faible qualit\u00e9, et la cr\u00e9ation de votre propre liste de blocs emp\u00eachera ces sites de Reddit \u00e0 Safari.<\/p>\n<p>Bien que cette fonctionnalit\u00e9 soit excellente, Protego a encore besoin de la possibilit\u00e9 de filtrer les sous-verts de votre flux. Avec cette fonctionnalit\u00e9, je peux facilement masquer les articles des sous-verres connus pour publier de fausses histoires d&rsquo;app\u00e2ts de rage et ceux qui contiennent de la propagande politique que je pr\u00e9f\u00e8re ne pas voir. Le d\u00e9veloppeur travaille sur cette fonctionnalit\u00e9 et, esp\u00e9rons-le, sera disponible dans un avenir proche.<\/p>\n<h2 id=\"a-few-more-quality-of-life-improvements\">Quelques am\u00e9liorations de qualit\u00e9 de vie suppl\u00e9mentaires<\/h2>\n<div class=\"eloquent-imagery-image\">\n<div class=\"flex justify-center\">\n                    <img decoding=\"async\" class=\"border border-gray-100\" src=\"https:\/\/vieassociative.be\/actualites\/wp-content\/uploads\/2025\/02\/1739387874_588_Cette-extension-Safari-vous-donne-plus-de-controle-sur-votre.jpg\" alt=\"L'onglet Param\u00e8tres de Protego s'ouvre dans son application Mac.\" width=\"2000\" height=\"1125\" loading=\"lazy\"  >\n            <\/div>\n<\/p><\/div>\n<p>Enfin, Protego a quelques beaux ajustements Reddit qui rendent le site beaucoup plus facile \u00e0 parcourir. Ces fonctionnalit\u00e9s sont dans l&rsquo;onglet Param\u00e8tres de l&rsquo;application. Vous pouvez demander \u00e0 l&rsquo;application de vous changer automatiquement vers l&rsquo;interface utilisateur de Reddit, qui semble beaucoup plus spartiate mais n&rsquo;a pas de contenu sugg\u00e9r\u00e9 ennuyeux et de vid\u00e9os de lecture automatique. L&rsquo;extension vous permet \u00e9galement de masquer les publications promues et les publicit\u00e9s Reddit, et sur Mobile Safari, il cache la banni\u00e8re ennuyeuse d&rsquo;Open-in-App. Vous pouvez \u00e9galement lui demander de masquer ou d&rsquo;effondrer automatiquement les commentaires de l&rsquo;automoderateur dans tous les threads.<\/p>\n<p>Toutes ces choses font de Protego un incontournable pour tous ceux qui utilisent Reddit sur Safari pour iPhone, iPad ou Mac. Un seul achat d\u00e9verrouille l&rsquo;application sur toutes les plates-formes et l&rsquo;extension synchronise vos param\u00e8tres et filtres de mots cl\u00e9s sur les appareils. Apr\u00e8s avoir configur\u00e9 l&rsquo;application, ouvrant R \/ Popular ou R \/ tous ne ruinent plus ma journ\u00e9e. Je vois plus de contenu autour des sports, de la nature, des chiens et des chats, des jeux vid\u00e9o et m\u00eame des articles r\u00e9confortants de sous-verres de niche comme R \/ Quilting. Cela a r\u00e9duit la domination de certaines des plus grandes communaut\u00e9s de Reddit \u00e0 mon avis sur le flux populaire, et je vois maintenant plus de types de messages qui m&rsquo;ont attir\u00e9 sur ce site en premier lieu. C&rsquo;est encore loin d&rsquo;\u00eatre id\u00e9al, \u00e9tant donn\u00e9 que le discours sur Reddit continue d&rsquo;\u00eatre domin\u00e9 par les types de messages que j&rsquo;ai cach\u00e9s, mais bon, au moins je peux facilement me distancier d&rsquo;eux maintenant.<\/p>\n","protected":false},"excerpt":{"rendered":"<p>Il supprime les app\u00e2ts de rage de votre flux Reddit. Chaque fois que j&rsquo;ouvre Reddit ces jours-ci, j&rsquo;ai l&rsquo;impression de demander simplement \u00e0 voir des<\/p>\n","protected":false},"author":1,"featured_media":5061,"comment_status":"","ping_status":"","sticky":false,"template":"","format":"standard","meta":{"footnotes":""},"categories":[13],"tags":[206,360,728,2028,34,305,2076,33,8,4],"class_list":["post-5060","post","type-post","status-publish","format-standard","has-post-thumbnail","hentry","category-technologie","tag-cette","tag-controle","tag-donne","tag-extension","tag-flux","tag-reddit","tag-safari","tag-sur","tag-votre","tag-vous","generate-columns","tablet-grid-50","mobile-grid-100","grid-parent","grid-33"],"yoast_head":"<!-- This site is optimized with the Yoast SEO plugin v24.0 - https:\/\/yoast.com\/wordpress\/plugins\/seo\/ -->\n<title>Cette extension Safari vous donne plus de contr\u00f4le sur votre flux Reddit | Vie Associative<\/title>\n<meta name=\"robots\" content=\"index, follow, max-snippet:-1, max-image-preview:large, max-video-preview:-1\" \/>\n<link rel=\"canonical\" href=\"https:\/\/vieassociative.be\/actualites\/cette-extension-safari-vous-donne-plus-de-controle-sur-votre-flux-reddit\/\" \/>\n<meta property=\"og:locale\" content=\"fr_FR\" \/>\n<meta property=\"og:type\" content=\"article\" \/>\n<meta property=\"og:title\" content=\"Cette extension Safari vous donne plus de contr\u00f4le sur votre flux Reddit | Vie Associative\" \/>\n<meta property=\"og:description\" content=\"Il supprime les app\u00e2ts de rage de votre flux Reddit. Chaque fois que j&rsquo;ouvre Reddit ces jours-ci, j&rsquo;ai l&rsquo;impression de demander simplement \u00e0 voir des\" \/>\n<meta property=\"og:url\" content=\"https:\/\/vieassociative.be\/actualites\/cette-extension-safari-vous-donne-plus-de-controle-sur-votre-flux-reddit\/\" \/>\n<meta property=\"og:site_name\" content=\"Vie Associative\" \/>\n<meta property=\"article:published_time\" content=\"2025-02-12T19:17:54+00:00\" \/>\n<meta property=\"og:image\" content=\"https:\/\/vieassociative.be\/actualites\/wp-content\/uploads\/2025\/02\/Cette-extension-Safari-vous-donne-plus-de-controle-sur-votre.jpg\" \/>\n<meta name=\"author\" content=\"Julien\" \/>\n<meta name=\"twitter:card\" content=\"summary_large_image\" \/>\n<meta name=\"twitter:label1\" content=\"\u00c9crit par\" \/>\n\t<meta name=\"twitter:data1\" content=\"Julien\" \/>\n\t<meta name=\"twitter:label2\" content=\"Dur\u00e9e de lecture est.\" \/>\n\t<meta name=\"twitter:data2\" content=\"5 minutes\" \/>\n<script type=\"application\/ld+json\" class=\"yoast-schema-graph\">{\"@context\":\"https:\/\/schema.org\",\"@graph\":[{\"@type\":\"Article\",\"@id\":\"https:\/\/vieassociative.be\/actualites\/cette-extension-safari-vous-donne-plus-de-controle-sur-votre-flux-reddit\/#article\",\"isPartOf\":{\"@id\":\"https:\/\/vieassociative.be\/actualites\/cette-extension-safari-vous-donne-plus-de-controle-sur-votre-flux-reddit\/\"},\"author\":{\"name\":\"Julien\",\"@id\":\"https:\/\/vieassociative.be\/actualites\/#\/schema\/person\/b87ac4f82f9d4e7b7cec7395b679edc4\"},\"headline\":\"Cette extension Safari vous donne plus de contr\u00f4le sur votre flux Reddit\",\"datePublished\":\"2025-02-12T19:17:54+00:00\",\"dateModified\":\"2025-02-12T19:17:54+00:00\",\"mainEntityOfPage\":{\"@id\":\"https:\/\/vieassociative.be\/actualites\/cette-extension-safari-vous-donne-plus-de-controle-sur-votre-flux-reddit\/\"},\"wordCount\":1052,\"publisher\":{\"@id\":\"https:\/\/vieassociative.be\/actualites\/#organization\"},\"image\":{\"@id\":\"https:\/\/vieassociative.be\/actualites\/cette-extension-safari-vous-donne-plus-de-controle-sur-votre-flux-reddit\/#primaryimage\"},\"thumbnailUrl\":\"https:\/\/vieassociative.be\/actualites\/wp-content\/uploads\/2025\/02\/1739387874_Cette-extension-Safari-vous-donne-plus-de-controle-sur-votre.jpg\",\"keywords\":[\"cette\",\"contr\u00f4le\",\"donne\",\"extension\",\"flux\",\"Reddit\",\"Safari\",\"sur\",\"votre\",\"Vous\"],\"articleSection\":[\"Technologie\"],\"inLanguage\":\"fr-BE\"},{\"@type\":\"WebPage\",\"@id\":\"https:\/\/vieassociative.be\/actualites\/cette-extension-safari-vous-donne-plus-de-controle-sur-votre-flux-reddit\/\",\"url\":\"https:\/\/vieassociative.be\/actualites\/cette-extension-safari-vous-donne-plus-de-controle-sur-votre-flux-reddit\/\",\"name\":\"Cette extension Safari vous donne plus de contr\u00f4le sur votre flux Reddit | Vie Associative\",\"isPartOf\":{\"@id\":\"https:\/\/vieassociative.be\/actualites\/#website\"},\"primaryImageOfPage\":{\"@id\":\"https:\/\/vieassociative.be\/actualites\/cette-extension-safari-vous-donne-plus-de-controle-sur-votre-flux-reddit\/#primaryimage\"},\"image\":{\"@id\":\"https:\/\/vieassociative.be\/actualites\/cette-extension-safari-vous-donne-plus-de-controle-sur-votre-flux-reddit\/#primaryimage\"},\"thumbnailUrl\":\"https:\/\/vieassociative.be\/actualites\/wp-content\/uploads\/2025\/02\/1739387874_Cette-extension-Safari-vous-donne-plus-de-controle-sur-votre.jpg\",\"datePublished\":\"2025-02-12T19:17:54+00:00\",\"dateModified\":\"2025-02-12T19:17:54+00:00\",\"breadcrumb\":{\"@id\":\"https:\/\/vieassociative.be\/actualites\/cette-extension-safari-vous-donne-plus-de-controle-sur-votre-flux-reddit\/#breadcrumb\"},\"inLanguage\":\"fr-BE\",\"potentialAction\":[{\"@type\":\"ReadAction\",\"target\":[\"https:\/\/vieassociative.be\/actualites\/cette-extension-safari-vous-donne-plus-de-controle-sur-votre-flux-reddit\/\"]}]},{\"@type\":\"ImageObject\",\"inLanguage\":\"fr-BE\",\"@id\":\"https:\/\/vieassociative.be\/actualites\/cette-extension-safari-vous-donne-plus-de-controle-sur-votre-flux-reddit\/#primaryimage\",\"url\":\"https:\/\/vieassociative.be\/actualites\/wp-content\/uploads\/2025\/02\/1739387874_Cette-extension-Safari-vous-donne-plus-de-controle-sur-votre.jpg\",\"contentUrl\":\"https:\/\/vieassociative.be\/actualites\/wp-content\/uploads\/2025\/02\/1739387874_Cette-extension-Safari-vous-donne-plus-de-controle-sur-votre.jpg\",\"width\":1200,\"height\":675,\"caption\":\"Cette extension Safari vous donne plus de contr\u00f4le sur votre flux Reddit\"},{\"@type\":\"BreadcrumbList\",\"@id\":\"https:\/\/vieassociative.be\/actualites\/cette-extension-safari-vous-donne-plus-de-controle-sur-votre-flux-reddit\/#breadcrumb\",\"itemListElement\":[{\"@type\":\"ListItem\",\"position\":1,\"name\":\"Accueil\",\"item\":\"https:\/\/vieassociative.be\/actualites\/\"},{\"@type\":\"ListItem\",\"position\":2,\"name\":\"Cette extension Safari vous donne plus de contr\u00f4le sur votre flux Reddit\"}]},{\"@type\":\"WebSite\",\"@id\":\"https:\/\/vieassociative.be\/actualites\/#website\",\"url\":\"https:\/\/vieassociative.be\/actualites\/\",\"name\":\"Vie Associative\",\"description\":\"\",\"publisher\":{\"@id\":\"https:\/\/vieassociative.be\/actualites\/#organization\"},\"potentialAction\":[{\"@type\":\"SearchAction\",\"target\":{\"@type\":\"EntryPoint\",\"urlTemplate\":\"https:\/\/vieassociative.be\/actualites\/?s={search_term_string}\"},\"query-input\":{\"@type\":\"PropertyValueSpecification\",\"valueRequired\":true,\"valueName\":\"search_term_string\"}}],\"inLanguage\":\"fr-BE\"},{\"@type\":\"Organization\",\"@id\":\"https:\/\/vieassociative.be\/actualites\/#organization\",\"name\":\"Vie Associative\",\"url\":\"https:\/\/vieassociative.be\/actualites\/\",\"logo\":{\"@type\":\"ImageObject\",\"inLanguage\":\"fr-BE\",\"@id\":\"https:\/\/vieassociative.be\/actualites\/#\/schema\/logo\/image\/\",\"url\":\"https:\/\/vieassociative.be\/actualites\/wp-content\/uploads\/2024\/09\/cropped-vieassociative_favicon.ico.png\",\"contentUrl\":\"https:\/\/vieassociative.be\/actualites\/wp-content\/uploads\/2024\/09\/cropped-vieassociative_favicon.ico.png\",\"width\":512,\"height\":512,\"caption\":\"Vie Associative\"},\"image\":{\"@id\":\"https:\/\/vieassociative.be\/actualites\/#\/schema\/logo\/image\/\"}},{\"@type\":\"Person\",\"@id\":\"https:\/\/vieassociative.be\/actualites\/#\/schema\/person\/b87ac4f82f9d4e7b7cec7395b679edc4\",\"name\":\"Julien\",\"image\":{\"@type\":\"ImageObject\",\"inLanguage\":\"fr-BE\",\"@id\":\"https:\/\/vieassociative.be\/actualites\/#\/schema\/person\/image\/\",\"url\":\"https:\/\/vieassociative.be\/actualites\/wp-content\/uploads\/2024\/09\/vie-associative-1-150x150.jpg\",\"contentUrl\":\"https:\/\/vieassociative.be\/actualites\/wp-content\/uploads\/2024\/09\/vie-associative-1-150x150.jpg\",\"caption\":\"Julien\"},\"description\":\"Je suis Julien, r\u00e9dacteur pour Vie Associative. Passionn\u00e9 par le monde associatif depuis plus de 10 ans, j'ai \u00e0 c\u0153ur de partager des histoires inspirantes et de mettre en lumi\u00e8re les initiatives locales. Mon objectif est de sensibiliser et d'encourager l'engagement communautaire \u00e0 travers mes articles.\",\"sameAs\":[\"https:\/\/vieassociative.be\/\"]}]}<\/script>\n<!-- \/ Yoast SEO plugin. -->","yoast_head_json":{"title":"Cette extension Safari vous donne plus de contr\u00f4le sur votre flux Reddit | Vie Associative","robots":{"index":"index","follow":"follow","max-snippet":"max-snippet:-1","max-image-preview":"max-image-preview:large","max-video-preview":"max-video-preview:-1"},"canonical":"https:\/\/vieassociative.be\/actualites\/cette-extension-safari-vous-donne-plus-de-controle-sur-votre-flux-reddit\/","og_locale":"fr_FR","og_type":"article","og_title":"Cette extension Safari vous donne plus de contr\u00f4le sur votre flux Reddit | Vie Associative","og_description":"Il supprime les app\u00e2ts de rage de votre flux Reddit. Chaque fois que j&rsquo;ouvre Reddit ces jours-ci, j&rsquo;ai l&rsquo;impression de demander simplement \u00e0 voir des","og_url":"https:\/\/vieassociative.be\/actualites\/cette-extension-safari-vous-donne-plus-de-controle-sur-votre-flux-reddit\/","og_site_name":"Vie Associative","article_published_time":"2025-02-12T19:17:54+00:00","og_image":[{"url":"https:\/\/vieassociative.be\/actualites\/wp-content\/uploads\/2025\/02\/Cette-extension-Safari-vous-donne-plus-de-controle-sur-votre.jpg","type":"","width":"","height":""}],"author":"Julien","twitter_card":"summary_large_image","twitter_misc":{"\u00c9crit par":"Julien","Dur\u00e9e de lecture est.":"5 minutes"},"schema":{"@context":"https:\/\/schema.org","@graph":[{"@type":"Article","@id":"https:\/\/vieassociative.be\/actualites\/cette-extension-safari-vous-donne-plus-de-controle-sur-votre-flux-reddit\/#article","isPartOf":{"@id":"https:\/\/vieassociative.be\/actualites\/cette-extension-safari-vous-donne-plus-de-controle-sur-votre-flux-reddit\/"},"author":{"name":"Julien","@id":"https:\/\/vieassociative.be\/actualites\/#\/schema\/person\/b87ac4f82f9d4e7b7cec7395b679edc4"},"headline":"Cette extension Safari vous donne plus de contr\u00f4le sur votre flux Reddit","datePublished":"2025-02-12T19:17:54+00:00","dateModified":"2025-02-12T19:17:54+00:00","mainEntityOfPage":{"@id":"https:\/\/vieassociative.be\/actualites\/cette-extension-safari-vous-donne-plus-de-controle-sur-votre-flux-reddit\/"},"wordCount":1052,"publisher":{"@id":"https:\/\/vieassociative.be\/actualites\/#organization"},"image":{"@id":"https:\/\/vieassociative.be\/actualites\/cette-extension-safari-vous-donne-plus-de-controle-sur-votre-flux-reddit\/#primaryimage"},"thumbnailUrl":"https:\/\/vieassociative.be\/actualites\/wp-content\/uploads\/2025\/02\/1739387874_Cette-extension-Safari-vous-donne-plus-de-controle-sur-votre.jpg","keywords":["cette","contr\u00f4le","donne","extension","flux","Reddit","Safari","sur","votre","Vous"],"articleSection":["Technologie"],"inLanguage":"fr-BE"},{"@type":"WebPage","@id":"https:\/\/vieassociative.be\/actualites\/cette-extension-safari-vous-donne-plus-de-controle-sur-votre-flux-reddit\/","url":"https:\/\/vieassociative.be\/actualites\/cette-extension-safari-vous-donne-plus-de-controle-sur-votre-flux-reddit\/","name":"Cette extension Safari vous donne plus de contr\u00f4le sur votre flux Reddit | Vie Associative","isPartOf":{"@id":"https:\/\/vieassociative.be\/actualites\/#website"},"primaryImageOfPage":{"@id":"https:\/\/vieassociative.be\/actualites\/cette-extension-safari-vous-donne-plus-de-controle-sur-votre-flux-reddit\/#primaryimage"},"image":{"@id":"https:\/\/vieassociative.be\/actualites\/cette-extension-safari-vous-donne-plus-de-controle-sur-votre-flux-reddit\/#primaryimage"},"thumbnailUrl":"https:\/\/vieassociative.be\/actualites\/wp-content\/uploads\/2025\/02\/1739387874_Cette-extension-Safari-vous-donne-plus-de-controle-sur-votre.jpg","datePublished":"2025-02-12T19:17:54+00:00","dateModified":"2025-02-12T19:17:54+00:00","breadcrumb":{"@id":"https:\/\/vieassociative.be\/actualites\/cette-extension-safari-vous-donne-plus-de-controle-sur-votre-flux-reddit\/#breadcrumb"},"inLanguage":"fr-BE","potentialAction":[{"@type":"ReadAction","target":["https:\/\/vieassociative.be\/actualites\/cette-extension-safari-vous-donne-plus-de-controle-sur-votre-flux-reddit\/"]}]},{"@type":"ImageObject","inLanguage":"fr-BE","@id":"https:\/\/vieassociative.be\/actualites\/cette-extension-safari-vous-donne-plus-de-controle-sur-votre-flux-reddit\/#primaryimage","url":"https:\/\/vieassociative.be\/actualites\/wp-content\/uploads\/2025\/02\/1739387874_Cette-extension-Safari-vous-donne-plus-de-controle-sur-votre.jpg","contentUrl":"https:\/\/vieassociative.be\/actualites\/wp-content\/uploads\/2025\/02\/1739387874_Cette-extension-Safari-vous-donne-plus-de-controle-sur-votre.jpg","width":1200,"height":675,"caption":"Cette extension Safari vous donne plus de contr\u00f4le sur votre flux Reddit"},{"@type":"BreadcrumbList","@id":"https:\/\/vieassociative.be\/actualites\/cette-extension-safari-vous-donne-plus-de-controle-sur-votre-flux-reddit\/#breadcrumb","itemListElement":[{"@type":"ListItem","position":1,"name":"Accueil","item":"https:\/\/vieassociative.be\/actualites\/"},{"@type":"ListItem","position":2,"name":"Cette extension Safari vous donne plus de contr\u00f4le sur votre flux Reddit"}]},{"@type":"WebSite","@id":"https:\/\/vieassociative.be\/actualites\/#website","url":"https:\/\/vieassociative.be\/actualites\/","name":"Vie Associative","description":"","publisher":{"@id":"https:\/\/vieassociative.be\/actualites\/#organization"},"potentialAction":[{"@type":"SearchAction","target":{"@type":"EntryPoint","urlTemplate":"https:\/\/vieassociative.be\/actualites\/?s={search_term_string}"},"query-input":{"@type":"PropertyValueSpecification","valueRequired":true,"valueName":"search_term_string"}}],"inLanguage":"fr-BE"},{"@type":"Organization","@id":"https:\/\/vieassociative.be\/actualites\/#organization","name":"Vie Associative","url":"https:\/\/vieassociative.be\/actualites\/","logo":{"@type":"ImageObject","inLanguage":"fr-BE","@id":"https:\/\/vieassociative.be\/actualites\/#\/schema\/logo\/image\/","url":"https:\/\/vieassociative.be\/actualites\/wp-content\/uploads\/2024\/09\/cropped-vieassociative_favicon.ico.png","contentUrl":"https:\/\/vieassociative.be\/actualites\/wp-content\/uploads\/2024\/09\/cropped-vieassociative_favicon.ico.png","width":512,"height":512,"caption":"Vie Associative"},"image":{"@id":"https:\/\/vieassociative.be\/actualites\/#\/schema\/logo\/image\/"}},{"@type":"Person","@id":"https:\/\/vieassociative.be\/actualites\/#\/schema\/person\/b87ac4f82f9d4e7b7cec7395b679edc4","name":"Julien","image":{"@type":"ImageObject","inLanguage":"fr-BE","@id":"https:\/\/vieassociative.be\/actualites\/#\/schema\/person\/image\/","url":"https:\/\/vieassociative.be\/actualites\/wp-content\/uploads\/2024\/09\/vie-associative-1-150x150.jpg","contentUrl":"https:\/\/vieassociative.be\/actualites\/wp-content\/uploads\/2024\/09\/vie-associative-1-150x150.jpg","caption":"Julien"},"description":"Je suis Julien, r\u00e9dacteur pour Vie Associative. Passionn\u00e9 par le monde associatif depuis plus de 10 ans, j'ai \u00e0 c\u0153ur de partager des histoires inspirantes et de mettre en lumi\u00e8re les initiatives locales. Mon objectif est de sensibiliser et d'encourager l'engagement communautaire \u00e0 travers mes articles.","sameAs":["https:\/\/vieassociative.be\/"]}]}},"_links":{"self":[{"href":"https:\/\/vieassociative.be\/actualites\/wp-json\/wp\/v2\/posts\/5060"}],"collection":[{"href":"https:\/\/vieassociative.be\/actualites\/wp-json\/wp\/v2\/posts"}],"about":[{"href":"https:\/\/vieassociative.be\/actualites\/wp-json\/wp\/v2\/types\/post"}],"author":[{"embeddable":true,"href":"https:\/\/vieassociative.be\/actualites\/wp-json\/wp\/v2\/users\/1"}],"replies":[{"embeddable":true,"href":"https:\/\/vieassociative.be\/actualites\/wp-json\/wp\/v2\/comments?post=5060"}],"version-history":[{"count":0,"href":"https:\/\/vieassociative.be\/actualites\/wp-json\/wp\/v2\/posts\/5060\/revisions"}],"wp:featuredmedia":[{"embeddable":true,"href":"https:\/\/vieassociative.be\/actualites\/wp-json\/wp\/v2\/media\/5061"}],"wp:attachment":[{"href":"https:\/\/vieassociative.be\/actualites\/wp-json\/wp\/v2\/media?parent=5060"}],"wp:term":[{"taxonomy":"category","embeddable":true,"href":"https:\/\/vieassociative.be\/actualites\/wp-json\/wp\/v2\/categories?post=5060"},{"taxonomy":"post_tag","embeddable":true,"href":"https:\/\/vieassociative.be\/actualites\/wp-json\/wp\/v2\/tags?post=5060"}],"curies":[{"name":"wp","href":"https:\/\/api.w.org\/{rel}","templated":true}]}}