{"id":5057,"date":"2025-02-12T15:17:51","date_gmt":"2025-02-12T14:17:51","guid":{"rendered":"https:\/\/vieassociative.be\/actualites\/reponse-de-paasch-a-balter-m-hilligsmann-na-pas-de-voiture-dentreprise-du-gouvernement-dg\/"},"modified":"2025-02-12T15:17:51","modified_gmt":"2025-02-12T14:17:51","slug":"reponse-de-paasch-a-balter-m-hilligsmann-na-pas-de-voiture-dentreprise-du-gouvernement-dg","status":"publish","type":"post","link":"https:\/\/vieassociative.be\/actualites\/reponse-de-paasch-a-balter-m-hilligsmann-na-pas-de-voiture-dentreprise-du-gouvernement-dg\/","title":{"rendered":"R\u00e9ponse de Paasch \u00e0 Balter: \u00ab\u00a0M. Hilligsmann n&rsquo;a pas de voiture d&rsquo;entreprise du gouvernement DG\u00a0\u00bb"},"content":{"rendered":"<p><strong>\u00c9tant donn\u00e9 que le nouveau gouvernement DG est en fonction, le pr\u00e9sident du groupe Vivant, Michael Balter, ne manque pas de temps de question au Parlement pour demander au Premier ministre Oliver Paasch (ProDG) en ce qui concerne les d\u00e9penses du gouvernement ou la composition de son cabinet.<\/strong><\/p>\n<p><span id=\"more-408087\"><\/span>Parfois, il s&rsquo;agissait des co\u00fbts du personnel au Parlement et au gouvernement, parfois sur les co\u00fbts de la r\u00e9ception de la journ\u00e9e de la DG, parfois sur le niveau de salaire de la t\u00eate du cabinet. Par cons\u00e9quent, OD a d\u00e9j\u00e0 rat\u00e9 le surnom de \u00ab\u00a0PfennigFuchser\u00a0\u00bb.<\/p>\n<p>Lundi, Balter Von Paasch a voulu recevoir plus d&rsquo;informations sur la s\u00e9paration des postes politiques. L&rsquo;objectif du d\u00e9bat est dans quelle mesure une s\u00e9paration claire entre les fonctions du gouvernement municipal et superordonn\u00e9e est garantie.<\/p>\n<p>Plus pr\u00e9cis\u00e9ment, il s&rsquo;agit du cas de l&rsquo;ancien chef de la co -cabinet du Premier ministre, Daniel Hilligsmann, qui a officiellement d\u00e9missionn\u00e9 pour des \u00ab\u00a0raisons d\u00e9ontologiques\u00a0\u00bb apr\u00e8s son \u00e9lection en tant que maire de Kelmis.<\/p>\n<div id=\"attachment_408098\" class=\"wp-caption alignleft\" style=\"max-width: 300px\"><img fetchpriority=\"high\" decoding=\"async\" class=\"wp-image-408098 size-medium\" src=\"https:\/\/vieassociative.be\/actualites\/wp-content\/uploads\/2025\/02\/Reponse-de-Paasch-a-Balter-M-Hilligsmann-na-pas-de.jpg\" alt=\"\" width=\"300\" height=\"200\"  ><\/p>\n<p class=\"wp-caption-text\">Daniel Hilligsmann comme candidat du maire de la liste d&rsquo;Elan lors du d\u00e9bat \u00e9lectoral de BRF sur la municipalit\u00e9 de Kelmis avant l&rsquo;\u00e9lection du Conseil municipal le 13 octobre 2024. Photo: Capture d&rsquo;\u00e9cran BRF<\/p>\n<\/div>\n<p>Balter: \u00abCependant, les voix augmentent dans la population qu&rsquo;ils se demandent si cette retraite a \u00e9t\u00e9 r\u00e9ellement mise en \u0153uvre de mani\u00e8re coh\u00e9rente ou si M. Hilligsmann continue d&rsquo;avoir un impact sur le cabinet &#8211; peut-\u00eatre dans une fonction diff\u00e9rente. Selon les listes du personnel public, son nom appara\u00eet toujours dans le cadre des t\u00e2ches du gouvernement, ce qui r\u00e9duit les sp\u00e9culations sur une double ligne et des couvertures cumulatives.<\/p>\n<p>Balter a demand\u00e9 au Premier ministre \u00ab\u00a0de donner des clart\u00e9 et de r\u00e9pondre \u00e0 des questions ouvertes de mani\u00e8re transparente\u00a0\u00bb et a pos\u00e9 \u00e0 Paasch trois questions:<\/p>\n<p>1. L&rsquo;ancien chef du cabinet Daniel Hilligsmann habille-t-il toujours une fonction officielle ou consultative dans le minist\u00e8re malgr\u00e9 sa d\u00e9mission?<\/p>\n<p>2. Le maire de Kelmis continue-t-il d&rsquo;avoir une voiture gouvernementale?<\/p>\n<p>3. Comment le gouvernement a-t-il l&rsquo;intention d&rsquo;\u00e9viter les conflits d&rsquo;int\u00e9r\u00eats possibles entre les mandats locaux et les fonctions gouvernementales \u00e0 l&rsquo;avenir pour assurer la plus grande transparence et d\u00e9ontologie possibles?<\/p>\n<p>Dans sa r\u00e9ponse, Paasch a confirm\u00e9 que, \u00e0 son avis, le maire d&rsquo;une communaut\u00e9 orientale belge ne devrait pas exercer la fonction du chef du ministre du ministre responsable des autorit\u00e9s locales, m\u00eame si cela \u00e9tait autoris\u00e9 par la loi. Par cons\u00e9quent, d\u00e9but d\u00e9cembre 2024, dans un communiqu\u00e9 de presse pour d\u00e9missionner de son chef du cabinet Daniel Hilligsmann, il a expliqu\u00e9 de mani\u00e8re transparente qu&rsquo;il continuerait \u00e0 effectuer certaines t\u00e2ches au nom du gouvernement communautaire qui n&rsquo;a rien \u00e0 voir avec la supervision des communaut\u00e9s.<\/p>\n<p>Selon PaaSch, il s&rsquo;agit de n\u00e9gociations en cours ou \u00e0 court terme \u00e0 Bruxelles et Namur au sujet des r\u00e9formes institutionnelles, l&rsquo;hypoth\u00e8se de nouvelles responsabilit\u00e9s de la r\u00e9gion de Wallon, de la province et du chemin m\u00e9nager belge.<\/p>\n<\/p>\n<div id=\"attachment_292089\" class=\"wp-caption alignleft\" style=\"max-width: 300px\"><img decoding=\"async\" class=\"wp-image-292089 size-medium\" src=\"https:\/\/vieassociative.be\/actualites\/wp-content\/uploads\/2025\/01\/Le-Premier-ministre-Paasch-nomme-le-chef-de-cabinet.jpeg\" alt=\"\" width=\"300\" height=\"200\"><\/p>\n<p class=\"wp-caption-text\">Le porte-parole du groupe parlementaire de Vivant, Michael Balter, lors d&rsquo;une session pl\u00e9ni\u00e8re du Parlement de la DG. Photo: PDG \/ CK<\/p>\n<\/div>\n<p>\u00abM. Hilligsmann a trait\u00e9 ces fichiers extr\u00eamement importants pendant des ann\u00e9es. Il a pr\u00e9par\u00e9 ces n\u00e9gociations \u00e0 tous les niveaux. Il conna\u00eet ces dossiers pas comme les autres et il conna\u00eet nos partenaires de n\u00e9gociation au niveau du Cabinet ou de l&rsquo;administration. Dans ce contexte, il a construit un r\u00e9seau tr\u00e8s pr\u00e9cieux pour notre communaut\u00e9 \u00bb, a d\u00e9clar\u00e9 Paasch,<\/p>\n<p>Selon le chef du gouvernement, il est compl\u00e8tement impensable de trouver une autre personne au milieu des n\u00e9gociations en cours sur des affaires extr\u00eamement complexes, qui pourraient construire cela dans certains cas en tr\u00e8s peu de temps. Personne ne pouvait. C&rsquo;est dans l&rsquo;int\u00e9r\u00eat du DG que ces n\u00e9gociations s&rsquo;accompagnent de professionnels.<\/p>\n<p>Paasch: \u00abLa moindre erreur dans ce contexte pourrait avoir des cons\u00e9quences graves tr\u00e8s rapidement. Je ne veux pas prendre le moindre risque dans ces n\u00e9gociations. C&rsquo;est pourquoi M. Hilligsmann continuera de nous repr\u00e9senter dans ces n\u00e9gociations au niveau du travail.<\/p>\n<p>Dans le cadre du plan d&rsquo;\u00c9tat du gouvernement, Hilligsmann agit donc temporairement dans une relation de temps en tant que d\u00e9l\u00e9gu\u00e9 du gouvernement pour les questions institutionnelles et la coop\u00e9ration. \u00ab\u00a0Ceci est autoris\u00e9 par la loi et d\u00e9ontologiquement inoffensif\u00a0\u00bb, a d\u00e9clar\u00e9 Paasch. \u00abAucune position suppl\u00e9mentaire n&rsquo;a \u00e9t\u00e9 cr\u00e9\u00e9e pour cela. Les co\u00fbts suppl\u00e9mentaires ne sont donc pas associ\u00e9s \u00e0 cela. Les t\u00e2ches appropri\u00e9es sont limit\u00e9es aux n\u00e9gociations et aux contacts avec d&rsquo;autres niveaux gouvernementaux et des partenaires externes. Il n&rsquo;y a express\u00e9ment aucun point de contact sur les questions internes de la DG, par exemple en relation avec les autorit\u00e9s locales ou les questions connexes \u00bb.<\/p>\n<p>En ce qui concerne la voiture de l&rsquo;entreprise, Paasch pourrait donner \u00e0 tous les cas: \u00ab\u00a0Non, M. Hilligsmann n&rsquo;a pas de voiture gouvernementale.\u00a0\u00bb<\/p>\n","protected":false},"excerpt":{"rendered":"<p>\u00c9tant donn\u00e9 que le nouveau gouvernement DG est en fonction, le pr\u00e9sident du groupe Vivant, Michael Balter, ne manque pas de temps de question au<\/p>\n","protected":false},"author":1,"featured_media":5058,"comment_status":"","ping_status":"","sticky":false,"template":"","format":"standard","meta":{"footnotes":""},"categories":[298],"tags":[3527,5310,615,5309,2553,126,135,1229],"class_list":["post-5057","post","type-post","status-publish","format-standard","has-post-thumbnail","hentry","category-belgique","tag-balter","tag-dentreprise","tag-gouvernement","tag-hilligsmann","tag-paasch","tag-pas","tag-reponse","tag-voiture","generate-columns","tablet-grid-50","mobile-grid-100","grid-parent","grid-33"],"yoast_head":"<!-- This site is optimized with the Yoast SEO plugin v24.0 - https:\/\/yoast.com\/wordpress\/plugins\/seo\/ -->\n<title>R\u00e9ponse de Paasch \u00e0 Balter: &quot;M. Hilligsmann n&#039;a pas de voiture d&#039;entreprise du gouvernement DG&quot; | Vie Associative<\/title>\n<meta name=\"robots\" content=\"index, follow, max-snippet:-1, max-image-preview:large, max-video-preview:-1\" \/>\n<link rel=\"canonical\" href=\"https:\/\/vieassociative.be\/actualites\/reponse-de-paasch-a-balter-m-hilligsmann-na-pas-de-voiture-dentreprise-du-gouvernement-dg\/\" \/>\n<meta property=\"og:locale\" content=\"fr_FR\" \/>\n<meta property=\"og:type\" content=\"article\" \/>\n<meta property=\"og:title\" content=\"R\u00e9ponse de Paasch \u00e0 Balter: &quot;M. Hilligsmann n&#039;a pas de voiture d&#039;entreprise du gouvernement DG&quot; | Vie Associative\" \/>\n<meta property=\"og:description\" content=\"\u00c9tant donn\u00e9 que le nouveau gouvernement DG est en fonction, le pr\u00e9sident du groupe Vivant, Michael Balter, ne manque pas de temps de question au\" \/>\n<meta property=\"og:url\" content=\"https:\/\/vieassociative.be\/actualites\/reponse-de-paasch-a-balter-m-hilligsmann-na-pas-de-voiture-dentreprise-du-gouvernement-dg\/\" \/>\n<meta property=\"og:site_name\" content=\"Vie Associative\" \/>\n<meta property=\"article:published_time\" content=\"2025-02-12T14:17:51+00:00\" \/>\n<meta property=\"og:image\" content=\"https:\/\/vieassociative.be\/actualites\/wp-content\/uploads\/2024\/09\/header_backgroundk-01-e1726694325946.png\" \/>\n\t<meta property=\"og:image:width\" content=\"279\" \/>\n\t<meta property=\"og:image:height\" content=\"92\" \/>\n\t<meta property=\"og:image:type\" content=\"image\/png\" \/>\n<meta name=\"author\" content=\"Julien\" \/>\n<meta name=\"twitter:card\" content=\"summary_large_image\" \/>\n<meta name=\"twitter:label1\" content=\"\u00c9crit par\" \/>\n\t<meta name=\"twitter:data1\" content=\"Julien\" \/>\n\t<meta name=\"twitter:label2\" content=\"Dur\u00e9e de lecture est.\" \/>\n\t<meta name=\"twitter:data2\" content=\"4 minutes\" \/>\n<script type=\"application\/ld+json\" class=\"yoast-schema-graph\">{\"@context\":\"https:\/\/schema.org\",\"@graph\":[{\"@type\":\"Article\",\"@id\":\"https:\/\/vieassociative.be\/actualites\/reponse-de-paasch-a-balter-m-hilligsmann-na-pas-de-voiture-dentreprise-du-gouvernement-dg\/#article\",\"isPartOf\":{\"@id\":\"https:\/\/vieassociative.be\/actualites\/reponse-de-paasch-a-balter-m-hilligsmann-na-pas-de-voiture-dentreprise-du-gouvernement-dg\/\"},\"author\":{\"name\":\"Julien\",\"@id\":\"https:\/\/vieassociative.be\/actualites\/#\/schema\/person\/b87ac4f82f9d4e7b7cec7395b679edc4\"},\"headline\":\"R\u00e9ponse de Paasch \u00e0 Balter: \u00ab\u00a0M. Hilligsmann n&rsquo;a pas de voiture d&rsquo;entreprise du gouvernement DG\u00a0\u00bb\",\"datePublished\":\"2025-02-12T14:17:51+00:00\",\"dateModified\":\"2025-02-12T14:17:51+00:00\",\"mainEntityOfPage\":{\"@id\":\"https:\/\/vieassociative.be\/actualites\/reponse-de-paasch-a-balter-m-hilligsmann-na-pas-de-voiture-dentreprise-du-gouvernement-dg\/\"},\"wordCount\":902,\"publisher\":{\"@id\":\"https:\/\/vieassociative.be\/actualites\/#organization\"},\"image\":{\"@id\":\"https:\/\/vieassociative.be\/actualites\/reponse-de-paasch-a-balter-m-hilligsmann-na-pas-de-voiture-dentreprise-du-gouvernement-dg\/#primaryimage\"},\"thumbnailUrl\":\"https:\/\/vieassociative.be\/actualites\/wp-content\/uploads\/2025\/02\/1739369872_Reponse-de-Paasch-a-Balter-M-Hilligsmann-na-pas-de.jpg\",\"keywords\":[\"Balter\",\"dentreprise\",\"gouvernement\",\"Hilligsmann\",\"Paasch\",\"pas\",\"r\u00e9ponse\",\"voiture\"],\"articleSection\":[\"Belgique\"],\"inLanguage\":\"fr-BE\"},{\"@type\":\"WebPage\",\"@id\":\"https:\/\/vieassociative.be\/actualites\/reponse-de-paasch-a-balter-m-hilligsmann-na-pas-de-voiture-dentreprise-du-gouvernement-dg\/\",\"url\":\"https:\/\/vieassociative.be\/actualites\/reponse-de-paasch-a-balter-m-hilligsmann-na-pas-de-voiture-dentreprise-du-gouvernement-dg\/\",\"name\":\"R\u00e9ponse de Paasch \u00e0 Balter: \\\"M. Hilligsmann n'a pas de voiture d'entreprise du gouvernement DG\\\" | Vie Associative\",\"isPartOf\":{\"@id\":\"https:\/\/vieassociative.be\/actualites\/#website\"},\"primaryImageOfPage\":{\"@id\":\"https:\/\/vieassociative.be\/actualites\/reponse-de-paasch-a-balter-m-hilligsmann-na-pas-de-voiture-dentreprise-du-gouvernement-dg\/#primaryimage\"},\"image\":{\"@id\":\"https:\/\/vieassociative.be\/actualites\/reponse-de-paasch-a-balter-m-hilligsmann-na-pas-de-voiture-dentreprise-du-gouvernement-dg\/#primaryimage\"},\"thumbnailUrl\":\"https:\/\/vieassociative.be\/actualites\/wp-content\/uploads\/2025\/02\/1739369872_Reponse-de-Paasch-a-Balter-M-Hilligsmann-na-pas-de.jpg\",\"datePublished\":\"2025-02-12T14:17:51+00:00\",\"dateModified\":\"2025-02-12T14:17:51+00:00\",\"breadcrumb\":{\"@id\":\"https:\/\/vieassociative.be\/actualites\/reponse-de-paasch-a-balter-m-hilligsmann-na-pas-de-voiture-dentreprise-du-gouvernement-dg\/#breadcrumb\"},\"inLanguage\":\"fr-BE\",\"potentialAction\":[{\"@type\":\"ReadAction\",\"target\":[\"https:\/\/vieassociative.be\/actualites\/reponse-de-paasch-a-balter-m-hilligsmann-na-pas-de-voiture-dentreprise-du-gouvernement-dg\/\"]}]},{\"@type\":\"ImageObject\",\"inLanguage\":\"fr-BE\",\"@id\":\"https:\/\/vieassociative.be\/actualites\/reponse-de-paasch-a-balter-m-hilligsmann-na-pas-de-voiture-dentreprise-du-gouvernement-dg\/#primaryimage\",\"url\":\"https:\/\/vieassociative.be\/actualites\/wp-content\/uploads\/2025\/02\/1739369872_Reponse-de-Paasch-a-Balter-M-Hilligsmann-na-pas-de.jpg\",\"contentUrl\":\"https:\/\/vieassociative.be\/actualites\/wp-content\/uploads\/2025\/02\/1739369872_Reponse-de-Paasch-a-Balter-M-Hilligsmann-na-pas-de.jpg\",\"width\":1200,\"height\":800,\"caption\":\"R\u00e9ponse de Paasch \u00e0 Balter: \\\"M. Hilligsmann n'a pas de voiture d'entreprise du gouvernement DG\\\"\"},{\"@type\":\"BreadcrumbList\",\"@id\":\"https:\/\/vieassociative.be\/actualites\/reponse-de-paasch-a-balter-m-hilligsmann-na-pas-de-voiture-dentreprise-du-gouvernement-dg\/#breadcrumb\",\"itemListElement\":[{\"@type\":\"ListItem\",\"position\":1,\"name\":\"Accueil\",\"item\":\"https:\/\/vieassociative.be\/actualites\/\"},{\"@type\":\"ListItem\",\"position\":2,\"name\":\"R\u00e9ponse de Paasch \u00e0 Balter: \u00ab\u00a0M. Hilligsmann n&rsquo;a pas de voiture d&rsquo;entreprise du gouvernement DG\u00a0\u00bb\"}]},{\"@type\":\"WebSite\",\"@id\":\"https:\/\/vieassociative.be\/actualites\/#website\",\"url\":\"https:\/\/vieassociative.be\/actualites\/\",\"name\":\"Vie Associative\",\"description\":\"\",\"publisher\":{\"@id\":\"https:\/\/vieassociative.be\/actualites\/#organization\"},\"potentialAction\":[{\"@type\":\"SearchAction\",\"target\":{\"@type\":\"EntryPoint\",\"urlTemplate\":\"https:\/\/vieassociative.be\/actualites\/?s={search_term_string}\"},\"query-input\":{\"@type\":\"PropertyValueSpecification\",\"valueRequired\":true,\"valueName\":\"search_term_string\"}}],\"inLanguage\":\"fr-BE\"},{\"@type\":\"Organization\",\"@id\":\"https:\/\/vieassociative.be\/actualites\/#organization\",\"name\":\"Vie Associative\",\"url\":\"https:\/\/vieassociative.be\/actualites\/\",\"logo\":{\"@type\":\"ImageObject\",\"inLanguage\":\"fr-BE\",\"@id\":\"https:\/\/vieassociative.be\/actualites\/#\/schema\/logo\/image\/\",\"url\":\"https:\/\/vieassociative.be\/actualites\/wp-content\/uploads\/2024\/09\/cropped-vieassociative_favicon.ico.png\",\"contentUrl\":\"https:\/\/vieassociative.be\/actualites\/wp-content\/uploads\/2024\/09\/cropped-vieassociative_favicon.ico.png\",\"width\":512,\"height\":512,\"caption\":\"Vie Associative\"},\"image\":{\"@id\":\"https:\/\/vieassociative.be\/actualites\/#\/schema\/logo\/image\/\"}},{\"@type\":\"Person\",\"@id\":\"https:\/\/vieassociative.be\/actualites\/#\/schema\/person\/b87ac4f82f9d4e7b7cec7395b679edc4\",\"name\":\"Julien\",\"image\":{\"@type\":\"ImageObject\",\"inLanguage\":\"fr-BE\",\"@id\":\"https:\/\/vieassociative.be\/actualites\/#\/schema\/person\/image\/\",\"url\":\"https:\/\/vieassociative.be\/actualites\/wp-content\/uploads\/2024\/09\/vie-associative-1-150x150.jpg\",\"contentUrl\":\"https:\/\/vieassociative.be\/actualites\/wp-content\/uploads\/2024\/09\/vie-associative-1-150x150.jpg\",\"caption\":\"Julien\"},\"description\":\"Je suis Julien, r\u00e9dacteur pour Vie Associative. Passionn\u00e9 par le monde associatif depuis plus de 10 ans, j'ai \u00e0 c\u0153ur de partager des histoires inspirantes et de mettre en lumi\u00e8re les initiatives locales. Mon objectif est de sensibiliser et d'encourager l'engagement communautaire \u00e0 travers mes articles.\",\"sameAs\":[\"https:\/\/vieassociative.be\/\"]}]}<\/script>\n<!-- \/ Yoast SEO plugin. -->","yoast_head_json":{"title":"R\u00e9ponse de Paasch \u00e0 Balter: \"M. Hilligsmann n'a pas de voiture d'entreprise du gouvernement DG\" | Vie Associative","robots":{"index":"index","follow":"follow","max-snippet":"max-snippet:-1","max-image-preview":"max-image-preview:large","max-video-preview":"max-video-preview:-1"},"canonical":"https:\/\/vieassociative.be\/actualites\/reponse-de-paasch-a-balter-m-hilligsmann-na-pas-de-voiture-dentreprise-du-gouvernement-dg\/","og_locale":"fr_FR","og_type":"article","og_title":"R\u00e9ponse de Paasch \u00e0 Balter: \"M. Hilligsmann n'a pas de voiture d'entreprise du gouvernement DG\" | Vie Associative","og_description":"\u00c9tant donn\u00e9 que le nouveau gouvernement DG est en fonction, le pr\u00e9sident du groupe Vivant, Michael Balter, ne manque pas de temps de question au","og_url":"https:\/\/vieassociative.be\/actualites\/reponse-de-paasch-a-balter-m-hilligsmann-na-pas-de-voiture-dentreprise-du-gouvernement-dg\/","og_site_name":"Vie Associative","article_published_time":"2025-02-12T14:17:51+00:00","og_image":[{"width":279,"height":92,"url":"https:\/\/vieassociative.be\/actualites\/wp-content\/uploads\/2024\/09\/header_backgroundk-01-e1726694325946.png","type":"image\/png"}],"author":"Julien","twitter_card":"summary_large_image","twitter_misc":{"\u00c9crit par":"Julien","Dur\u00e9e de lecture est.":"4 minutes"},"schema":{"@context":"https:\/\/schema.org","@graph":[{"@type":"Article","@id":"https:\/\/vieassociative.be\/actualites\/reponse-de-paasch-a-balter-m-hilligsmann-na-pas-de-voiture-dentreprise-du-gouvernement-dg\/#article","isPartOf":{"@id":"https:\/\/vieassociative.be\/actualites\/reponse-de-paasch-a-balter-m-hilligsmann-na-pas-de-voiture-dentreprise-du-gouvernement-dg\/"},"author":{"name":"Julien","@id":"https:\/\/vieassociative.be\/actualites\/#\/schema\/person\/b87ac4f82f9d4e7b7cec7395b679edc4"},"headline":"R\u00e9ponse de Paasch \u00e0 Balter: \u00ab\u00a0M. Hilligsmann n&rsquo;a pas de voiture d&rsquo;entreprise du gouvernement DG\u00a0\u00bb","datePublished":"2025-02-12T14:17:51+00:00","dateModified":"2025-02-12T14:17:51+00:00","mainEntityOfPage":{"@id":"https:\/\/vieassociative.be\/actualites\/reponse-de-paasch-a-balter-m-hilligsmann-na-pas-de-voiture-dentreprise-du-gouvernement-dg\/"},"wordCount":902,"publisher":{"@id":"https:\/\/vieassociative.be\/actualites\/#organization"},"image":{"@id":"https:\/\/vieassociative.be\/actualites\/reponse-de-paasch-a-balter-m-hilligsmann-na-pas-de-voiture-dentreprise-du-gouvernement-dg\/#primaryimage"},"thumbnailUrl":"https:\/\/vieassociative.be\/actualites\/wp-content\/uploads\/2025\/02\/1739369872_Reponse-de-Paasch-a-Balter-M-Hilligsmann-na-pas-de.jpg","keywords":["Balter","dentreprise","gouvernement","Hilligsmann","Paasch","pas","r\u00e9ponse","voiture"],"articleSection":["Belgique"],"inLanguage":"fr-BE"},{"@type":"WebPage","@id":"https:\/\/vieassociative.be\/actualites\/reponse-de-paasch-a-balter-m-hilligsmann-na-pas-de-voiture-dentreprise-du-gouvernement-dg\/","url":"https:\/\/vieassociative.be\/actualites\/reponse-de-paasch-a-balter-m-hilligsmann-na-pas-de-voiture-dentreprise-du-gouvernement-dg\/","name":"R\u00e9ponse de Paasch \u00e0 Balter: \"M. Hilligsmann n'a pas de voiture d'entreprise du gouvernement DG\" | Vie Associative","isPartOf":{"@id":"https:\/\/vieassociative.be\/actualites\/#website"},"primaryImageOfPage":{"@id":"https:\/\/vieassociative.be\/actualites\/reponse-de-paasch-a-balter-m-hilligsmann-na-pas-de-voiture-dentreprise-du-gouvernement-dg\/#primaryimage"},"image":{"@id":"https:\/\/vieassociative.be\/actualites\/reponse-de-paasch-a-balter-m-hilligsmann-na-pas-de-voiture-dentreprise-du-gouvernement-dg\/#primaryimage"},"thumbnailUrl":"https:\/\/vieassociative.be\/actualites\/wp-content\/uploads\/2025\/02\/1739369872_Reponse-de-Paasch-a-Balter-M-Hilligsmann-na-pas-de.jpg","datePublished":"2025-02-12T14:17:51+00:00","dateModified":"2025-02-12T14:17:51+00:00","breadcrumb":{"@id":"https:\/\/vieassociative.be\/actualites\/reponse-de-paasch-a-balter-m-hilligsmann-na-pas-de-voiture-dentreprise-du-gouvernement-dg\/#breadcrumb"},"inLanguage":"fr-BE","potentialAction":[{"@type":"ReadAction","target":["https:\/\/vieassociative.be\/actualites\/reponse-de-paasch-a-balter-m-hilligsmann-na-pas-de-voiture-dentreprise-du-gouvernement-dg\/"]}]},{"@type":"ImageObject","inLanguage":"fr-BE","@id":"https:\/\/vieassociative.be\/actualites\/reponse-de-paasch-a-balter-m-hilligsmann-na-pas-de-voiture-dentreprise-du-gouvernement-dg\/#primaryimage","url":"https:\/\/vieassociative.be\/actualites\/wp-content\/uploads\/2025\/02\/1739369872_Reponse-de-Paasch-a-Balter-M-Hilligsmann-na-pas-de.jpg","contentUrl":"https:\/\/vieassociative.be\/actualites\/wp-content\/uploads\/2025\/02\/1739369872_Reponse-de-Paasch-a-Balter-M-Hilligsmann-na-pas-de.jpg","width":1200,"height":800,"caption":"R\u00e9ponse de Paasch \u00e0 Balter: \"M. Hilligsmann n'a pas de voiture d'entreprise du gouvernement DG\""},{"@type":"BreadcrumbList","@id":"https:\/\/vieassociative.be\/actualites\/reponse-de-paasch-a-balter-m-hilligsmann-na-pas-de-voiture-dentreprise-du-gouvernement-dg\/#breadcrumb","itemListElement":[{"@type":"ListItem","position":1,"name":"Accueil","item":"https:\/\/vieassociative.be\/actualites\/"},{"@type":"ListItem","position":2,"name":"R\u00e9ponse de Paasch \u00e0 Balter: \u00ab\u00a0M. Hilligsmann n&rsquo;a pas de voiture d&rsquo;entreprise du gouvernement DG\u00a0\u00bb"}]},{"@type":"WebSite","@id":"https:\/\/vieassociative.be\/actualites\/#website","url":"https:\/\/vieassociative.be\/actualites\/","name":"Vie Associative","description":"","publisher":{"@id":"https:\/\/vieassociative.be\/actualites\/#organization"},"potentialAction":[{"@type":"SearchAction","target":{"@type":"EntryPoint","urlTemplate":"https:\/\/vieassociative.be\/actualites\/?s={search_term_string}"},"query-input":{"@type":"PropertyValueSpecification","valueRequired":true,"valueName":"search_term_string"}}],"inLanguage":"fr-BE"},{"@type":"Organization","@id":"https:\/\/vieassociative.be\/actualites\/#organization","name":"Vie Associative","url":"https:\/\/vieassociative.be\/actualites\/","logo":{"@type":"ImageObject","inLanguage":"fr-BE","@id":"https:\/\/vieassociative.be\/actualites\/#\/schema\/logo\/image\/","url":"https:\/\/vieassociative.be\/actualites\/wp-content\/uploads\/2024\/09\/cropped-vieassociative_favicon.ico.png","contentUrl":"https:\/\/vieassociative.be\/actualites\/wp-content\/uploads\/2024\/09\/cropped-vieassociative_favicon.ico.png","width":512,"height":512,"caption":"Vie Associative"},"image":{"@id":"https:\/\/vieassociative.be\/actualites\/#\/schema\/logo\/image\/"}},{"@type":"Person","@id":"https:\/\/vieassociative.be\/actualites\/#\/schema\/person\/b87ac4f82f9d4e7b7cec7395b679edc4","name":"Julien","image":{"@type":"ImageObject","inLanguage":"fr-BE","@id":"https:\/\/vieassociative.be\/actualites\/#\/schema\/person\/image\/","url":"https:\/\/vieassociative.be\/actualites\/wp-content\/uploads\/2024\/09\/vie-associative-1-150x150.jpg","contentUrl":"https:\/\/vieassociative.be\/actualites\/wp-content\/uploads\/2024\/09\/vie-associative-1-150x150.jpg","caption":"Julien"},"description":"Je suis Julien, r\u00e9dacteur pour Vie Associative. Passionn\u00e9 par le monde associatif depuis plus de 10 ans, j'ai \u00e0 c\u0153ur de partager des histoires inspirantes et de mettre en lumi\u00e8re les initiatives locales. Mon objectif est de sensibiliser et d'encourager l'engagement communautaire \u00e0 travers mes articles.","sameAs":["https:\/\/vieassociative.be\/"]}]}},"_links":{"self":[{"href":"https:\/\/vieassociative.be\/actualites\/wp-json\/wp\/v2\/posts\/5057"}],"collection":[{"href":"https:\/\/vieassociative.be\/actualites\/wp-json\/wp\/v2\/posts"}],"about":[{"href":"https:\/\/vieassociative.be\/actualites\/wp-json\/wp\/v2\/types\/post"}],"author":[{"embeddable":true,"href":"https:\/\/vieassociative.be\/actualites\/wp-json\/wp\/v2\/users\/1"}],"replies":[{"embeddable":true,"href":"https:\/\/vieassociative.be\/actualites\/wp-json\/wp\/v2\/comments?post=5057"}],"version-history":[{"count":0,"href":"https:\/\/vieassociative.be\/actualites\/wp-json\/wp\/v2\/posts\/5057\/revisions"}],"wp:featuredmedia":[{"embeddable":true,"href":"https:\/\/vieassociative.be\/actualites\/wp-json\/wp\/v2\/media\/5058"}],"wp:attachment":[{"href":"https:\/\/vieassociative.be\/actualites\/wp-json\/wp\/v2\/media?parent=5057"}],"wp:term":[{"taxonomy":"category","embeddable":true,"href":"https:\/\/vieassociative.be\/actualites\/wp-json\/wp\/v2\/categories?post=5057"},{"taxonomy":"post_tag","embeddable":true,"href":"https:\/\/vieassociative.be\/actualites\/wp-json\/wp\/v2\/tags?post=5057"}],"curies":[{"name":"wp","href":"https:\/\/api.w.org\/{rel}","templated":true}]}}