{"id":5055,"date":"2025-02-12T14:18:30","date_gmt":"2025-02-12T13:18:30","guid":{"rendered":"https:\/\/vieassociative.be\/actualites\/mes-offres-preferees-sur-la-technologie-et-les-appareils-electromenagers-de-la-vente-de-la-journee-des-presidents-de-best-buy\/"},"modified":"2025-02-12T14:18:30","modified_gmt":"2025-02-12T13:18:30","slug":"mes-offres-preferees-sur-la-technologie-et-les-appareils-electromenagers-de-la-vente-de-la-journee-des-presidents-de-best-buy","status":"publish","type":"post","link":"https:\/\/vieassociative.be\/actualites\/mes-offres-preferees-sur-la-technologie-et-les-appareils-electromenagers-de-la-vente-de-la-journee-des-presidents-de-best-buy\/","title":{"rendered":"Mes offres pr\u00e9f\u00e9r\u00e9es sur la technologie et les appareils \u00e9lectrom\u00e9nagers de la vente de la Journ\u00e9e des pr\u00e9sidents de Best Buy"},"content":{"rendered":"<div class=\"mt-4 leading-6 md:mb-8\">Best Buy a des offres majeures sur les appareils \u00e9lectrom\u00e9nagers, les \u00e9couteurs, les t\u00e9l\u00e9viseurs, les barres de son, etc.<\/div>\n<p><\/p>\n<p>La Journ\u00e9e des pr\u00e9sidents n&rsquo;est pas avant le 17 f\u00e9vrier 2025, mais comme c&rsquo;est souvent le cas, les d\u00e9taillants ont commenc\u00e9 leurs ventes bien \u00e0 l&rsquo;avance. Best Buy a la meilleure vente que j&rsquo;ai vue jusqu&rsquo;\u00e0 pr\u00e9sent, avec de bonnes affaires sur les principaux appareils \u00e9lectrom\u00e9nagers et les produits technologiques, y compris des \u00e9couteurs, des t\u00e9l\u00e9viseurs, des barres de son, des laveuses, etc. Voici mes offres pr\u00e9f\u00e9r\u00e9es de la vente qui m\u00e9rite d&rsquo;\u00eatre consid\u00e9r\u00e9e.<\/p>\n<div class=\"shadow-b-2 mb-12 mt-10 rounded-md border-2 border-(#F0F0F0) px-6 py-2 shadow-lg md:px-12\" role=\"region\" aria-label=\"Products List\" x-data=\"{ showMore: false }\">\n<div class=\"flex w-full gap-x-5\">\n<div class=\"flex w-full flex-col flex-nowrap justify-center gap-2 text-black no-underline md:order-2 md:gap-y-6\">\n<div class=\"flex flex-col justify-between gap-y-2 md:w-full md:gap-y-1\">\n<div class=\"block font-sans text-xs font-semibold capitalize leading-3 text-gray-900 md:leading-4\">R\u00e9solution: 4K, taille: 55 pouces, affichage: LED, r\u00e9tro-\u00e9clairage: bord allum\u00e9, assistant vocal: Alexa.<\/div>\n<div class=\"block w-fit cursor-pointer font-akshar text-lg font-medium leading-5 text-brand-green duration-200 ease-in-out hover:text-brand-green-700 md:text-xl md:leading-6\">\n<p>                            55 \u201dSamsung le cadre (LS03D, 2024)\n                        <\/p><\/div>\n<\/p><\/div>\n<div class=\"hidden md:flex md:justify-between md:gap-x-4\">\n<div class=\"w-full mb-0 md:flex md:flex-col md:justify-center font-sans leading-4 text-black\">\n<div class=\"flex flex-wrap items-center justify-center gap-x-1 md:justify-start\">\n        <span class=\"font-bold\"><\/p>\n<p>            899,99 $<br \/>\n                            <span class=\"font-medium\">\u00e0 Best Buy<\/span><br \/>\n                    <\/span>\n            <\/div>\n<div class=\"flex items-center justify-center gap-x-1 font-bold md:justify-start\">\n            <span class=\"text-sm line-through\">1 499,99 $<\/span><br \/>\n            <span class=\"text-sm text-brand-green\">\u00c9conomisez 600,00 $<\/span>\n        <\/div>\n<\/p><\/div>\n<p>                            <button class=\"flex justify-center items-center w-full bg-brand-green text-white text-base font-sans font-medium rounded-md hover:bg-brand-green-700 hover:cursor-pointer md:text-sm hidden self-end h-12 max-w-(10rem) duration-200 ease-in-out hover:bg-brand-green-700 md:flex md:h-10\"><\/p>\n<p>    Conclure un accord<br \/>\n<\/button>\n                        <\/div>\n<\/p><\/div>\n<div class=\"flex aspect-video h-(90px) shrink-0 items-center justify-center self-center md:order-1\">\n                        <img decoding=\"async\" class=\"m-0 max-h-full max-w-full rounded-md\" src=\"https:\/\/vieassociative.be\/actualites\/wp-content\/uploads\/2025\/02\/Mes-offres-preferees-sur-la-technologie-et-les-appareils-electromenagers.jpg\" alt=\"SAMSUNG - Classe 55 \u201dLS03D La s\u00e9rie Frame QLED 4K avec anti-r\u00e9flexion et support mural slim inclus (2024)\" width=\"auto\" height=\"auto\" loading=\"lazy\">\n                    <\/div>\n<\/p><\/div>\n<p>                            <button class=\"flex justify-center items-center w-full bg-brand-green text-white text-base font-sans font-medium rounded-md hover:bg-brand-green-700 hover:cursor-pointer md:text-sm w-full h-12 duration-200 ease-in-out hover:bg-brand-green-700 md:hidden md:h-10\"><\/p>\n<p>    Conclure un accord<br \/>\n<\/button><\/p>\n<div class=\"flex flex-col items-center w-full md:hidden font-sans leading-4 text-black\">\n<div class=\"flex flex-wrap items-center justify-center gap-x-1 md:justify-start\">\n        <span class=\"font-bold\"><\/p>\n<p>            899,99 $<br \/>\n                            <span class=\"font-medium\">\u00e0 Best Buy<\/span><br \/>\n                    <\/span>\n            <\/div>\n<div class=\"flex items-center justify-center gap-x-1 font-bold md:justify-start\">\n            <span class=\"text-sm line-through\">1 499,99 $<\/span><br \/>\n            <span class=\"text-sm text-brand-green\">\u00c9conomisez 600,00 $<\/span>\n        <\/div>\n<\/p><\/div>\n<div class=\"flex w-full gap-x-5\">\n<div class=\"flex w-full flex-col flex-nowrap justify-center gap-2 text-black no-underline md:order-2 md:gap-y-6\">\n<div class=\"flex flex-col justify-between gap-y-2 md:w-full md:gap-y-1\">\n<div class=\"block font-sans text-xs font-semibold capitalize leading-3 text-gray-900 md:leading-4\">Connectivit\u00e9 sans fil: Bluetooth, r\u00e9ponse en fr\u00e9quence maximale: 20 kilohertz, puissance de pointe: 550 watts<\/div>\n<div class=\"block w-fit cursor-pointer font-akshar text-lg font-medium leading-5 text-brand-green duration-200 ease-in-out hover:text-brand-green-700 md:text-xl md:leading-6\">\n<p>                            Barbar de son JBL avec subwoofer sans fil 5.1-canal\n                        <\/p><\/div>\n<\/p><\/div>\n<div class=\"hidden md:flex md:justify-between md:gap-x-4\">\n<div class=\"w-full mb-0 md:flex md:flex-col md:justify-center font-sans leading-4 text-black\">\n<div class=\"flex flex-wrap items-center justify-center gap-x-1 md:justify-start\">\n        <span class=\"font-bold\"><\/p>\n<p>            259,99 $<br \/>\n                            <span class=\"font-medium\">\u00e0 Best Buy<\/span><br \/>\n                    <\/span>\n            <\/div>\n<div class=\"flex items-center justify-center gap-x-1 font-bold md:justify-start\">\n            <span class=\"text-sm line-through\">599,99 $<\/span><br \/>\n            <span class=\"text-sm text-brand-green\">\u00c9conomisez 340,00 $<\/span>\n        <\/div>\n<\/p><\/div>\n<p>                            <button class=\"flex justify-center items-center w-full bg-brand-green text-white text-base font-sans font-medium rounded-md hover:bg-brand-green-700 hover:cursor-pointer md:text-sm hidden self-end h-12 max-w-(10rem) duration-200 ease-in-out hover:bg-brand-green-700 md:flex md:h-10\"><\/p>\n<p>    Conclure un accord<br \/>\n<\/button>\n                        <\/div>\n<\/p><\/div>\n<div class=\"flex aspect-video h-(90px) shrink-0 items-center justify-center self-center md:order-1\">\n                        <img decoding=\"async\" class=\"m-0 max-h-full max-w-full rounded-md\" src=\"https:\/\/vieassociative.be\/actualites\/wp-content\/uploads\/2025\/02\/1739366310_240_Mes-offres-preferees-sur-la-technologie-et-les-appareils-electromenagers.jpg\" alt=\"JBL Bar 5.1 Surround\" width=\"auto\" height=\"auto\" loading=\"lazy\">\n                    <\/div>\n<\/p><\/div>\n<p>                            <button class=\"flex justify-center items-center w-full bg-brand-green text-white text-base font-sans font-medium rounded-md hover:bg-brand-green-700 hover:cursor-pointer md:text-sm w-full h-12 duration-200 ease-in-out hover:bg-brand-green-700 md:hidden md:h-10\"><\/p>\n<p>    Conclure un accord<br \/>\n<\/button><\/p>\n<div class=\"flex flex-col items-center w-full md:hidden font-sans leading-4 text-black\">\n<div class=\"flex flex-wrap items-center justify-center gap-x-1 md:justify-start\">\n        <span class=\"font-bold\"><\/p>\n<p>            259,99 $<br \/>\n                            <span class=\"font-medium\">\u00e0 Best Buy<\/span><br \/>\n                    <\/span>\n            <\/div>\n<div class=\"flex items-center justify-center gap-x-1 font-bold md:justify-start\">\n            <span class=\"text-sm line-through\">599,99 $<\/span><br \/>\n            <span class=\"text-sm text-brand-green\">\u00c9conomisez 340,00 $<\/span>\n        <\/div>\n<\/p><\/div>\n<div class=\"flex w-full gap-x-5\">\n<div class=\"flex w-full flex-col flex-nowrap justify-center gap-2 text-black no-underline md:order-2 md:gap-y-6\">\n<div class=\"flex flex-col justify-between gap-y-2 md:w-full md:gap-y-1\">\n<div class=\"block font-sans text-xs font-semibold capitalize leading-3 text-gray-900 md:leading-4\">Annulation du bruit (actif): Non, Connectivit\u00e9 sans fil: Bluetooth, r\u00e9sistant \u00e0 l&rsquo;eau: Oui.<\/div>\n<div class=\"block w-fit cursor-pointer font-akshar text-lg font-medium leading-5 text-brand-green duration-200 ease-in-out hover:text-brand-green-700 md:text-xl md:leading-6\">\n<p>                            Apple &#8211; AirPods 4\n                        <\/p><\/div>\n<\/p><\/div>\n<div class=\"hidden md:flex md:justify-between md:gap-x-4\">\n<div class=\"w-full mb-0 md:flex md:flex-col md:justify-center font-sans leading-4 text-black\">\n<div class=\"flex flex-wrap items-center justify-center gap-x-1 md:justify-start\">\n        <span class=\"font-bold\"><\/p>\n<p>            99,99 $<br \/>\n                            <span class=\"font-medium\">\u00e0 Best Buy<\/span><br \/>\n                    <\/span>\n            <\/div>\n<div class=\"flex items-center justify-center gap-x-1 font-bold md:justify-start\">\n            <span class=\"text-sm line-through\">129,99 $<\/span><br \/>\n            <span class=\"text-sm text-brand-green\">\u00c9conomisez 30,00 $<\/span>\n        <\/div>\n<\/p><\/div>\n<p>                            <button class=\"flex justify-center items-center w-full bg-brand-green text-white text-base font-sans font-medium rounded-md hover:bg-brand-green-700 hover:cursor-pointer md:text-sm hidden self-end h-12 max-w-(10rem) duration-200 ease-in-out hover:bg-brand-green-700 md:flex md:h-10\"><\/p>\n<p>    Conclure un accord<br \/>\n<\/button>\n                        <\/div>\n<\/p><\/div>\n<div class=\"flex aspect-video h-(90px) shrink-0 items-center justify-center self-center md:order-1\">\n                        <img decoding=\"async\" class=\"m-0 max-h-full max-w-full rounded-md\" src=\"https:\/\/vieassociative.be\/actualites\/wp-content\/uploads\/2024\/12\/Mon-offre-Amazon-preferee-du-jour-Apple-AirPods-4.jpg\" alt=\"Apple Airpods 4 \u00c9couteurs sans fil, \u00e9couteurs Bluetooth, audio spatial personnalis\u00e9, sueur et r\u00e9sistante \u00e0 l'eau, bo\u00eetier de charge USB-C, puce H2, jusqu'\u00e0 30 heures de dur\u00e9e de vie de la batterie, configuration sans effort pour iPhone\" width=\"auto\" height=\"auto\" loading=\"lazy\">\n                    <\/div>\n<\/p><\/div>\n<p>                            <button class=\"flex justify-center items-center w-full bg-brand-green text-white text-base font-sans font-medium rounded-md hover:bg-brand-green-700 hover:cursor-pointer md:text-sm w-full h-12 duration-200 ease-in-out hover:bg-brand-green-700 md:hidden md:h-10\"><\/p>\n<p>    Conclure un accord<br \/>\n<\/button><\/p>\n<div class=\"flex flex-col items-center w-full md:hidden font-sans leading-4 text-black\">\n<div class=\"flex flex-wrap items-center justify-center gap-x-1 md:justify-start\">\n        <span class=\"font-bold\"><\/p>\n<p>            99,99 $<br \/>\n                            <span class=\"font-medium\">\u00e0 Best Buy<\/span><br \/>\n                    <\/span>\n            <\/div>\n<div class=\"flex items-center justify-center gap-x-1 font-bold md:justify-start\">\n            <span class=\"text-sm line-through\">129,99 $<\/span><br \/>\n            <span class=\"text-sm text-brand-green\">\u00c9conomisez 30,00 $<\/span>\n        <\/div>\n<\/p><\/div>\n<div class=\"flex w-full gap-x-5\">\n<div class=\"flex w-full flex-col flex-nowrap justify-center gap-2 text-black no-underline md:order-2 md:gap-y-6\">\n<div class=\"flex flex-col justify-between gap-y-2 md:w-full md:gap-y-1\">\n<div class=\"block font-sans text-xs font-semibold capitalize leading-3 text-gray-900 md:leading-4\">Capacit\u00e9: 4,5 pieds cubes, haute efficacit\u00e9: Oui, Type de charge de laveuse: charge frontale, compatible avec l&rsquo;application: oui.<\/div>\n<div class=\"block w-fit cursor-pointer font-akshar text-lg font-medium leading-5 text-brand-green duration-200 ease-in-out hover:text-brand-green-700 md:text-xl md:leading-6\">\n<p>                            Samsung 4.5 Cu. Ft. Laveuse de chargement frontal intelligent\n                        <\/p><\/div>\n<\/p><\/div>\n<div class=\"hidden md:flex md:justify-between md:gap-x-4\">\n<div class=\"w-full mb-0 md:flex md:flex-col md:justify-center font-sans leading-4 text-black\">\n<div class=\"flex flex-wrap items-center justify-center gap-x-1 md:justify-start\">\n        <span class=\"font-bold\"><\/p>\n<p>            699,99 $<br \/>\n                            <span class=\"font-medium\">\u00e0 Best Buy<\/span><br \/>\n                    <\/span>\n            <\/div>\n<div class=\"flex items-center justify-center gap-x-1 font-bold md:justify-start\">\n            <span class=\"text-sm line-through\">1 034,99 $<\/span><br \/>\n            <span class=\"text-sm text-brand-green\">\u00c9conomisez 335,00 $<\/span>\n        <\/div>\n<\/p><\/div>\n<p>                            <button class=\"flex justify-center items-center w-full bg-brand-green text-white text-base font-sans font-medium rounded-md hover:bg-brand-green-700 hover:cursor-pointer md:text-sm hidden self-end h-12 max-w-(10rem) duration-200 ease-in-out hover:bg-brand-green-700 md:flex md:h-10\"><\/p>\n<p>    Conclure un accord<br \/>\n<\/button>\n                        <\/div>\n<\/p><\/div>\n<div class=\"flex aspect-video h-(90px) shrink-0 items-center justify-center self-center md:order-1\">\n                        <img decoding=\"async\" class=\"m-0 max-h-full max-w-full rounded-md\" src=\"https:\/\/vieassociative.be\/actualites\/wp-content\/uploads\/2025\/02\/Mes-offres-preferees-sur-la-technologie-et-les-appareils-electromenagers.webp.webp\" alt=\"Samsung 4.5 Cu. Ft. Laveuse de chargement frontal intelligent\" width=\"auto\" height=\"auto\" loading=\"lazy\">\n                    <\/div>\n<\/p><\/div>\n<p>                            <button class=\"flex justify-center items-center w-full bg-brand-green text-white text-base font-sans font-medium rounded-md hover:bg-brand-green-700 hover:cursor-pointer md:text-sm w-full h-12 duration-200 ease-in-out hover:bg-brand-green-700 md:hidden md:h-10\"><\/p>\n<p>    Conclure un accord<br \/>\n<\/button><\/p>\n<div class=\"flex flex-col items-center w-full md:hidden font-sans leading-4 text-black\">\n<div class=\"flex flex-wrap items-center justify-center gap-x-1 md:justify-start\">\n        <span class=\"font-bold\"><\/p>\n<p>            699,99 $<br \/>\n                            <span class=\"font-medium\">\u00e0 Best Buy<\/span><br \/>\n                    <\/span>\n            <\/div>\n<div class=\"flex items-center justify-center gap-x-1 font-bold md:justify-start\">\n            <span class=\"text-sm line-through\">1 034,99 $<\/span><br \/>\n            <span class=\"text-sm text-brand-green\">\u00c9conomisez 335,00 $<\/span>\n        <\/div>\n<\/p><\/div>\n<div class=\"flex w-full gap-x-5\">\n<div class=\"flex w-full flex-col flex-nowrap justify-center gap-2 text-black no-underline md:order-2 md:gap-y-6\">\n<div class=\"flex flex-col justify-between gap-y-2 md:w-full md:gap-y-1\">\n<div class=\"block font-sans text-xs font-semibold capitalize leading-3 text-gray-900 md:leading-4\">Mod\u00e8le de processeur: i7, graphiques: Intel Iris XE, RAM: 16 Go, Type d&rsquo;affichage: LED, taille de l&rsquo;\u00e9cran: 15,6 pouces.<\/div>\n<div class=\"block w-fit cursor-pointer font-akshar text-lg font-medium leading-5 text-brand-green duration-200 ease-in-out hover:text-brand-green-700 md:text-xl md:leading-6\">\n<p>                            HP 15 (Intel Core i7 12th Gen, 512 Go SSD, 16 Go de RAM, Affichage tactile, mod\u00e8le 2024)\n                        <\/p><\/div>\n<\/p><\/div>\n<div class=\"hidden md:flex md:justify-between md:gap-x-4\">\n<div class=\"w-full mb-0 md:flex md:flex-col md:justify-center font-sans leading-4 text-black\">\n<div class=\"flex flex-wrap items-center justify-center gap-x-1 md:justify-start\">\n        <span class=\"font-bold\"><\/p>\n<p>            499,99 $<br \/>\n                            <span class=\"font-medium\">\u00e0 Best Buy<\/span><br \/>\n                    <\/span>\n            <\/div>\n<div class=\"flex items-center justify-center gap-x-1 font-bold md:justify-start\">\n            <span class=\"text-sm line-through\">799,99 $<\/span><br \/>\n            <span class=\"text-sm text-brand-green\">\u00c9conomisez 300,00 $<\/span>\n        <\/div>\n<\/p><\/div>\n<p>                            <button class=\"flex justify-center items-center w-full bg-brand-green text-white text-base font-sans font-medium rounded-md hover:bg-brand-green-700 hover:cursor-pointer md:text-sm hidden self-end h-12 max-w-(10rem) duration-200 ease-in-out hover:bg-brand-green-700 md:flex md:h-10\"><\/p>\n<p>    Conclure un accord<br \/>\n<\/button>\n                        <\/div>\n<\/p><\/div>\n<div class=\"flex aspect-video h-(90px) shrink-0 items-center justify-center self-center md:order-1\">\n                        <img decoding=\"async\" class=\"m-0 max-h-full max-w-full rounded-md\" src=\"https:\/\/vieassociative.be\/actualites\/wp-content\/uploads\/2025\/02\/1739366310_370_Mes-offres-preferees-sur-la-technologie-et-les-appareils-electromenagers.jpg\" alt=\"HP 15 (Intel Core i7 12th Gen, 512 Go SSD, 16 Go de RAM, Affichage tactile, mod\u00e8le 2024)\" width=\"auto\" height=\"auto\" loading=\"lazy\">\n                    <\/div>\n<\/p><\/div>\n<p>                            <button class=\"flex justify-center items-center w-full bg-brand-green text-white text-base font-sans font-medium rounded-md hover:bg-brand-green-700 hover:cursor-pointer md:text-sm w-full h-12 duration-200 ease-in-out hover:bg-brand-green-700 md:hidden md:h-10\"><\/p>\n<p>    Conclure un accord<br \/>\n<\/button><\/p>\n<div class=\"flex flex-col items-center w-full md:hidden font-sans leading-4 text-black\">\n<div class=\"flex flex-wrap items-center justify-center gap-x-1 md:justify-start\">\n        <span class=\"font-bold\"><\/p>\n<p>            499,99 $<br \/>\n                            <span class=\"font-medium\">\u00e0 Best Buy<\/span><br \/>\n                    <\/span>\n            <\/div>\n<div class=\"flex items-center justify-center gap-x-1 font-bold md:justify-start\">\n            <span class=\"text-sm line-through\">799,99 $<\/span><br \/>\n            <span class=\"text-sm text-brand-green\">\u00c9conomisez 300,00 $<\/span>\n        <\/div>\n<\/p><\/div>\n<div class=\"flex w-full gap-x-5\">\n<div class=\"flex w-full flex-col flex-nowrap justify-center gap-2 text-black no-underline md:order-2 md:gap-y-6\">\n<div class=\"flex flex-col justify-between gap-y-2 md:w-full md:gap-y-1\">\n<div class=\"block font-sans text-xs font-semibold capitalize leading-3 text-gray-900 md:leading-4\">Taille de l&rsquo;\u00e9cran: 40 millim\u00e8tres, Syst\u00e8me d&rsquo;exploitation: WatchOS, APP: Oui, stockage int\u00e9gr\u00e9: 32 Go.<\/div>\n<div class=\"block w-fit cursor-pointer font-akshar text-lg font-medium leading-5 text-brand-green duration-200 ease-in-out hover:text-brand-green-700 md:text-xl md:leading-6\">\n<p>                            Apple Watch SE 2e g\u00e9n\u00e9ration\n                        <\/p><\/div>\n<\/p><\/div>\n<div class=\"hidden md:flex md:justify-between md:gap-x-4\">\n<div class=\"w-full mb-0 md:flex md:flex-col md:justify-center font-sans leading-4 text-black\">\n<div class=\"flex flex-wrap items-center justify-center gap-x-1 md:justify-start\">\n        <span class=\"font-bold\"><\/p>\n<p>            169,00 $<br \/>\n                            <span class=\"font-medium\">\u00e0 Best Buy<\/span><br \/>\n                    <\/span>\n            <\/div>\n<div class=\"flex items-center justify-center gap-x-1 font-bold md:justify-start\">\n            <span class=\"text-sm line-through\">249,00 $<\/span><br \/>\n            <span class=\"text-sm text-brand-green\">\u00c9conomisez 80,00 $<\/span>\n        <\/div>\n<\/p><\/div>\n<p>                            <button class=\"flex justify-center items-center w-full bg-brand-green text-white text-base font-sans font-medium rounded-md hover:bg-brand-green-700 hover:cursor-pointer md:text-sm hidden self-end h-12 max-w-(10rem) duration-200 ease-in-out hover:bg-brand-green-700 md:flex md:h-10\"><\/p>\n<p>    Conclure un accord<br \/>\n<\/button>\n                        <\/div>\n<\/p><\/div>\n<div class=\"flex aspect-video h-(90px) shrink-0 items-center justify-center self-center md:order-1\">\n                        <img decoding=\"async\" class=\"m-0 max-h-full max-w-full rounded-md\" src=\"https:\/\/vieassociative.be\/actualites\/wp-content\/uploads\/2025\/02\/1739366310_270_Mes-offres-preferees-sur-la-technologie-et-les-appareils-electromenagers.jpg\" alt=\"Apple Watch SE (2e g\u00e9n\u00e9ration) (GPS 40mm) Smartwatch avec \u00e9tui en aluminium Starlight avec Starlight Sport Band S \/ M. Trackers de fitness et de sommeil, d\u00e9tection de crash, moniteur de fr\u00e9quence cardiaque, affichage de la r\u00e9tine\" width=\"auto\" height=\"auto\" loading=\"lazy\">\n                    <\/div>\n<\/p><\/div>\n<p>                            <button class=\"flex justify-center items-center w-full bg-brand-green text-white text-base font-sans font-medium rounded-md hover:bg-brand-green-700 hover:cursor-pointer md:text-sm w-full h-12 duration-200 ease-in-out hover:bg-brand-green-700 md:hidden md:h-10\"><\/p>\n<p>    Conclure un accord<br \/>\n<\/button><\/p>\n<div class=\"flex flex-col items-center w-full md:hidden font-sans leading-4 text-black\">\n<div class=\"flex flex-wrap items-center justify-center gap-x-1 md:justify-start\">\n        <span class=\"font-bold\"><\/p>\n<p>            169,00 $<br \/>\n                            <span class=\"font-medium\">\u00e0 Best Buy<\/span><br \/>\n                    <\/span>\n            <\/div>\n<div class=\"flex items-center justify-center gap-x-1 font-bold md:justify-start\">\n            <span class=\"text-sm line-through\">249,00 $<\/span><br \/>\n            <span class=\"text-sm text-brand-green\">\u00c9conomisez 80,00 $<\/span>\n        <\/div>\n<\/p><\/div>\n<\/div>\n<h2 id=\"a-samsung-washer-with-a-335-discount\">Une laveuse Samsung avec une remise de 335 $<\/h2>\n<p>Si vous cherchez une laveuse, jetez un \u0153il \u00e0 ce Samsung 4.5 Cu. Ft. Laveuse de chargement frontal intelligent pour <strong>699,99 $<\/strong> (\u00e0 l&rsquo;origine 1 034,99 $), le prix le plus bas de ses derniers mois, selon les outils de suivi des prix. Si vous avez besoin d&rsquo;autres appareils importants et comme des t\u00e9l\u00e9viseurs gratuits (qui ne le fait pas?), Best Buy propose un t\u00e9l\u00e9viseur Samsung Crystal UHD gratuit de 75 pouces lorsque vous achetez deux appareils ou plus et ils totalisent au moins 2 499,99 $. Tr\u00e8s faisable si vous avez besoin d&rsquo;un po\u00eale ou d&rsquo;un r\u00e9frig\u00e9rateur.<\/p>\n<h2 id=\"the-frame-tv-is-600-off\">Le t\u00e9l\u00e9viseur \u00e0 cadre est de 600 $ de r\u00e9duction<\/h2>\n<p>Le cadre de Samsung est parfait pour ceux qui ne veulent pas qu&rsquo;un t\u00e9l\u00e9viseur laid soit la pi\u00e8ce ma\u00eetresse de leur salon. L&rsquo;\u00e9cran mat et anti-r\u00e9fl\u00e9chissant donne vraiment l&rsquo;impression que vous avez une \u0153uvre d&rsquo;art accroch\u00e9e \u00e0 votre mur (j&rsquo;ai d\u00e9j\u00e0 \u00e9t\u00e9 dupe). Vous pouvez obtenir le cadre de 55 pouces pour <strong>899,99 $<\/strong> (\u00e0 l&rsquo;origine 1 499,99 $), le prix le plus bas qu&rsquo;il a \u00e9t\u00e9 au cours des derniers mois.<\/p>\n<h2 id=\"a-jbl-soundbar-and-subwoofer-combo-over-50-off\">Une barre de son JBL et un combo de subwoofer sup\u00e9rieur \u00e0 50%<\/h2>\n<p>Buck For Buck, il n&rsquo;y a rien qui \u00e9l\u00e8ve une configuration de th\u00e9\u00e2tre \u00e0 domicile comme obtenir une barre de son et un combo de subwoofer. La barre sonore et le combo de soupwoofer de canaux JBL 5.1 sont <strong>259,99 $<\/strong> (\u00e0 l&rsquo;origine 599,99 $), un accord de tueur et le moins cher il a \u00e9t\u00e9 au cours des derniers mois. Vous pouvez en savoir plus sur la revue PCMAG ici.<\/p>\n<h2 id=\"a-powerful-hp-laptop-for-less-than-500\">Un puissant ordinateur portable HP pour moins de 500 $<\/h2>\n<p>Un ordinateur portable HP avec un processeur i7 avec 16 Go de RAM et 512 Go de stockage pour <strong>499,99 $<\/strong> (\u00e0 l&rsquo;origine 799,99 $) est impressionnant. Assurez-vous que vous avez OK avoir un \u00e9cran de 15,6 pouces, qui est d\u00e9finitivement \u00e0 la plus grande extr\u00e9mit\u00e9 du spectre. La r\u00e9solution n&rsquo;est pas 4K (seulement une HD compl\u00e8te) avec un affichage LED, mais si vous vous souciez des performances sur la conception et l&rsquo;esth\u00e9tique, c&rsquo;est un bon choix.<\/p>\n<h2 id=\"apple-watch-and-airpods-up-to-80-off\">Apple Watch et AirPods jusqu&rsquo;\u00e0 80 $ de rabais<\/h2>\n<p>Les utilisateurs d&rsquo;Apple appr\u00e9cieront le budget Apple Watch SE 2e g\u00e9n\u00e9ration pour <strong>169 $<\/strong> (\u00e0 l&rsquo;origine 249 $) et les nouveaux AirPods 4 pour <strong>99,99 $<\/strong> (\u00e0 l&rsquo;origine 129,99 $). Les deux sont au prix le plus bas qu&rsquo;ils ont \u00e9t\u00e9 au cours des derniers mois. <\/p>\n<p>Enfin, une note de prudence: si vous avez regard\u00e9 que Google Pixel 7 Pro Deal chez Best Buy, ne l&rsquo;achetez pas. C&rsquo;est beaucoup moins cher chez Woot avec plus de stockage. Vous \u00eates les bienvenus.<strong> <\/strong><\/p>\n","protected":false},"excerpt":{"rendered":"<p>Best Buy a des offres majeures sur les appareils \u00e9lectrom\u00e9nagers, les \u00e9couteurs, les t\u00e9l\u00e9viseurs, les barres de son, etc. La Journ\u00e9e des pr\u00e9sidents n&rsquo;est pas<\/p>\n","protected":false},"author":1,"featured_media":5056,"comment_status":"","ping_status":"","sticky":false,"template":"","format":"standard","meta":{"footnotes":""},"categories":[13],"tags":[451,1256,29,5308,2877,14,87,345,116,2060,33,1582,223],"class_list":["post-5055","post","type-post","status-publish","format-standard","has-post-thumbnail","hentry","category-technologie","tag-appareils","tag-buy","tag-des","tag-electromenagers","tag-journee","tag-les","tag-mes","tag-offres","tag-preferees","tag-presidents","tag-sur","tag-technologie","tag-vente","generate-columns","tablet-grid-50","mobile-grid-100","grid-parent","grid-33"],"yoast_head":"<!-- This site is optimized with the Yoast SEO plugin v24.0 - https:\/\/yoast.com\/wordpress\/plugins\/seo\/ -->\n<title>Mes offres pr\u00e9f\u00e9r\u00e9es sur la technologie et les appareils \u00e9lectrom\u00e9nagers de la vente de la Journ\u00e9e des pr\u00e9sidents de Best Buy | Vie Associative<\/title>\n<meta name=\"robots\" content=\"index, follow, max-snippet:-1, max-image-preview:large, max-video-preview:-1\" \/>\n<link rel=\"canonical\" href=\"https:\/\/vieassociative.be\/actualites\/mes-offres-preferees-sur-la-technologie-et-les-appareils-electromenagers-de-la-vente-de-la-journee-des-presidents-de-best-buy\/\" \/>\n<meta property=\"og:locale\" content=\"fr_FR\" \/>\n<meta property=\"og:type\" content=\"article\" \/>\n<meta property=\"og:title\" content=\"Mes offres pr\u00e9f\u00e9r\u00e9es sur la technologie et les appareils \u00e9lectrom\u00e9nagers de la vente de la Journ\u00e9e des pr\u00e9sidents de Best Buy | Vie Associative\" \/>\n<meta property=\"og:description\" content=\"Best Buy a des offres majeures sur les appareils \u00e9lectrom\u00e9nagers, les \u00e9couteurs, les t\u00e9l\u00e9viseurs, les barres de son, etc. La Journ\u00e9e des pr\u00e9sidents n&rsquo;est pas\" \/>\n<meta property=\"og:url\" content=\"https:\/\/vieassociative.be\/actualites\/mes-offres-preferees-sur-la-technologie-et-les-appareils-electromenagers-de-la-vente-de-la-journee-des-presidents-de-best-buy\/\" \/>\n<meta property=\"og:site_name\" content=\"Vie Associative\" \/>\n<meta property=\"article:published_time\" content=\"2025-02-12T13:18:30+00:00\" \/>\n<meta property=\"og:image\" content=\"https:\/\/vieassociative.be\/actualites\/wp-content\/uploads\/2025\/02\/Mes-offres-preferees-sur-la-technologie-et-les-appareils-electromenagers.jpg\" \/>\n<meta name=\"author\" content=\"Julien\" \/>\n<meta name=\"twitter:card\" content=\"summary_large_image\" \/>\n<meta name=\"twitter:label1\" content=\"\u00c9crit par\" \/>\n\t<meta name=\"twitter:data1\" content=\"Julien\" \/>\n\t<meta name=\"twitter:label2\" content=\"Dur\u00e9e de lecture est.\" \/>\n\t<meta name=\"twitter:data2\" content=\"4 minutes\" \/>\n<script type=\"application\/ld+json\" class=\"yoast-schema-graph\">{\"@context\":\"https:\/\/schema.org\",\"@graph\":[{\"@type\":\"Article\",\"@id\":\"https:\/\/vieassociative.be\/actualites\/mes-offres-preferees-sur-la-technologie-et-les-appareils-electromenagers-de-la-vente-de-la-journee-des-presidents-de-best-buy\/#article\",\"isPartOf\":{\"@id\":\"https:\/\/vieassociative.be\/actualites\/mes-offres-preferees-sur-la-technologie-et-les-appareils-electromenagers-de-la-vente-de-la-journee-des-presidents-de-best-buy\/\"},\"author\":{\"name\":\"Julien\",\"@id\":\"https:\/\/vieassociative.be\/actualites\/#\/schema\/person\/b87ac4f82f9d4e7b7cec7395b679edc4\"},\"headline\":\"Mes offres pr\u00e9f\u00e9r\u00e9es sur la technologie et les appareils \u00e9lectrom\u00e9nagers de la vente de la Journ\u00e9e des pr\u00e9sidents de Best Buy\",\"datePublished\":\"2025-02-12T13:18:30+00:00\",\"dateModified\":\"2025-02-12T13:18:30+00:00\",\"mainEntityOfPage\":{\"@id\":\"https:\/\/vieassociative.be\/actualites\/mes-offres-preferees-sur-la-technologie-et-les-appareils-electromenagers-de-la-vente-de-la-journee-des-presidents-de-best-buy\/\"},\"wordCount\":801,\"publisher\":{\"@id\":\"https:\/\/vieassociative.be\/actualites\/#organization\"},\"image\":{\"@id\":\"https:\/\/vieassociative.be\/actualites\/mes-offres-preferees-sur-la-technologie-et-les-appareils-electromenagers-de-la-vente-de-la-journee-des-presidents-de-best-buy\/#primaryimage\"},\"thumbnailUrl\":\"https:\/\/vieassociative.be\/actualites\/wp-content\/uploads\/2025\/02\/Mes-offres-preferees-sur-la-technologie-et-les-appareils-electromenagers.png\",\"keywords\":[\"appareils\",\"Buy\",\"Des\",\"\u00e9lectrom\u00e9nagers\",\"journ\u00e9e\",\"Les\",\"Mes\",\"offres\",\"pr\u00e9f\u00e9r\u00e9es\",\"pr\u00e9sidents\",\"sur\",\"technologie\",\"vente\"],\"articleSection\":[\"Technologie\"],\"inLanguage\":\"fr-BE\"},{\"@type\":\"WebPage\",\"@id\":\"https:\/\/vieassociative.be\/actualites\/mes-offres-preferees-sur-la-technologie-et-les-appareils-electromenagers-de-la-vente-de-la-journee-des-presidents-de-best-buy\/\",\"url\":\"https:\/\/vieassociative.be\/actualites\/mes-offres-preferees-sur-la-technologie-et-les-appareils-electromenagers-de-la-vente-de-la-journee-des-presidents-de-best-buy\/\",\"name\":\"Mes offres pr\u00e9f\u00e9r\u00e9es sur la technologie et les appareils \u00e9lectrom\u00e9nagers de la vente de la Journ\u00e9e des pr\u00e9sidents de Best Buy | Vie Associative\",\"isPartOf\":{\"@id\":\"https:\/\/vieassociative.be\/actualites\/#website\"},\"primaryImageOfPage\":{\"@id\":\"https:\/\/vieassociative.be\/actualites\/mes-offres-preferees-sur-la-technologie-et-les-appareils-electromenagers-de-la-vente-de-la-journee-des-presidents-de-best-buy\/#primaryimage\"},\"image\":{\"@id\":\"https:\/\/vieassociative.be\/actualites\/mes-offres-preferees-sur-la-technologie-et-les-appareils-electromenagers-de-la-vente-de-la-journee-des-presidents-de-best-buy\/#primaryimage\"},\"thumbnailUrl\":\"https:\/\/vieassociative.be\/actualites\/wp-content\/uploads\/2025\/02\/Mes-offres-preferees-sur-la-technologie-et-les-appareils-electromenagers.png\",\"datePublished\":\"2025-02-12T13:18:30+00:00\",\"dateModified\":\"2025-02-12T13:18:30+00:00\",\"breadcrumb\":{\"@id\":\"https:\/\/vieassociative.be\/actualites\/mes-offres-preferees-sur-la-technologie-et-les-appareils-electromenagers-de-la-vente-de-la-journee-des-presidents-de-best-buy\/#breadcrumb\"},\"inLanguage\":\"fr-BE\",\"potentialAction\":[{\"@type\":\"ReadAction\",\"target\":[\"https:\/\/vieassociative.be\/actualites\/mes-offres-preferees-sur-la-technologie-et-les-appareils-electromenagers-de-la-vente-de-la-journee-des-presidents-de-best-buy\/\"]}]},{\"@type\":\"ImageObject\",\"inLanguage\":\"fr-BE\",\"@id\":\"https:\/\/vieassociative.be\/actualites\/mes-offres-preferees-sur-la-technologie-et-les-appareils-electromenagers-de-la-vente-de-la-journee-des-presidents-de-best-buy\/#primaryimage\",\"url\":\"https:\/\/vieassociative.be\/actualites\/wp-content\/uploads\/2025\/02\/Mes-offres-preferees-sur-la-technologie-et-les-appareils-electromenagers.png\",\"contentUrl\":\"https:\/\/vieassociative.be\/actualites\/wp-content\/uploads\/2025\/02\/Mes-offres-preferees-sur-la-technologie-et-les-appareils-electromenagers.png\",\"width\":1200,\"height\":675,\"caption\":\"Mes offres pr\u00e9f\u00e9r\u00e9es sur la technologie et les appareils \u00e9lectrom\u00e9nagers de la vente de la Journ\u00e9e des pr\u00e9sidents de Best Buy\"},{\"@type\":\"BreadcrumbList\",\"@id\":\"https:\/\/vieassociative.be\/actualites\/mes-offres-preferees-sur-la-technologie-et-les-appareils-electromenagers-de-la-vente-de-la-journee-des-presidents-de-best-buy\/#breadcrumb\",\"itemListElement\":[{\"@type\":\"ListItem\",\"position\":1,\"name\":\"Accueil\",\"item\":\"https:\/\/vieassociative.be\/actualites\/\"},{\"@type\":\"ListItem\",\"position\":2,\"name\":\"Mes offres pr\u00e9f\u00e9r\u00e9es sur la technologie et les appareils \u00e9lectrom\u00e9nagers de la vente de la Journ\u00e9e des pr\u00e9sidents de Best Buy\"}]},{\"@type\":\"WebSite\",\"@id\":\"https:\/\/vieassociative.be\/actualites\/#website\",\"url\":\"https:\/\/vieassociative.be\/actualites\/\",\"name\":\"Vie Associative\",\"description\":\"\",\"publisher\":{\"@id\":\"https:\/\/vieassociative.be\/actualites\/#organization\"},\"potentialAction\":[{\"@type\":\"SearchAction\",\"target\":{\"@type\":\"EntryPoint\",\"urlTemplate\":\"https:\/\/vieassociative.be\/actualites\/?s={search_term_string}\"},\"query-input\":{\"@type\":\"PropertyValueSpecification\",\"valueRequired\":true,\"valueName\":\"search_term_string\"}}],\"inLanguage\":\"fr-BE\"},{\"@type\":\"Organization\",\"@id\":\"https:\/\/vieassociative.be\/actualites\/#organization\",\"name\":\"Vie Associative\",\"url\":\"https:\/\/vieassociative.be\/actualites\/\",\"logo\":{\"@type\":\"ImageObject\",\"inLanguage\":\"fr-BE\",\"@id\":\"https:\/\/vieassociative.be\/actualites\/#\/schema\/logo\/image\/\",\"url\":\"https:\/\/vieassociative.be\/actualites\/wp-content\/uploads\/2024\/09\/cropped-vieassociative_favicon.ico.png\",\"contentUrl\":\"https:\/\/vieassociative.be\/actualites\/wp-content\/uploads\/2024\/09\/cropped-vieassociative_favicon.ico.png\",\"width\":512,\"height\":512,\"caption\":\"Vie Associative\"},\"image\":{\"@id\":\"https:\/\/vieassociative.be\/actualites\/#\/schema\/logo\/image\/\"}},{\"@type\":\"Person\",\"@id\":\"https:\/\/vieassociative.be\/actualites\/#\/schema\/person\/b87ac4f82f9d4e7b7cec7395b679edc4\",\"name\":\"Julien\",\"image\":{\"@type\":\"ImageObject\",\"inLanguage\":\"fr-BE\",\"@id\":\"https:\/\/vieassociative.be\/actualites\/#\/schema\/person\/image\/\",\"url\":\"https:\/\/vieassociative.be\/actualites\/wp-content\/uploads\/2024\/09\/vie-associative-1-150x150.jpg\",\"contentUrl\":\"https:\/\/vieassociative.be\/actualites\/wp-content\/uploads\/2024\/09\/vie-associative-1-150x150.jpg\",\"caption\":\"Julien\"},\"description\":\"Je suis Julien, r\u00e9dacteur pour Vie Associative. Passionn\u00e9 par le monde associatif depuis plus de 10 ans, j'ai \u00e0 c\u0153ur de partager des histoires inspirantes et de mettre en lumi\u00e8re les initiatives locales. Mon objectif est de sensibiliser et d'encourager l'engagement communautaire \u00e0 travers mes articles.\",\"sameAs\":[\"https:\/\/vieassociative.be\/\"]}]}<\/script>\n<!-- \/ Yoast SEO plugin. -->","yoast_head_json":{"title":"Mes offres pr\u00e9f\u00e9r\u00e9es sur la technologie et les appareils \u00e9lectrom\u00e9nagers de la vente de la Journ\u00e9e des pr\u00e9sidents de Best Buy | Vie Associative","robots":{"index":"index","follow":"follow","max-snippet":"max-snippet:-1","max-image-preview":"max-image-preview:large","max-video-preview":"max-video-preview:-1"},"canonical":"https:\/\/vieassociative.be\/actualites\/mes-offres-preferees-sur-la-technologie-et-les-appareils-electromenagers-de-la-vente-de-la-journee-des-presidents-de-best-buy\/","og_locale":"fr_FR","og_type":"article","og_title":"Mes offres pr\u00e9f\u00e9r\u00e9es sur la technologie et les appareils \u00e9lectrom\u00e9nagers de la vente de la Journ\u00e9e des pr\u00e9sidents de Best Buy | Vie Associative","og_description":"Best Buy a des offres majeures sur les appareils \u00e9lectrom\u00e9nagers, les \u00e9couteurs, les t\u00e9l\u00e9viseurs, les barres de son, etc. La Journ\u00e9e des pr\u00e9sidents n&rsquo;est pas","og_url":"https:\/\/vieassociative.be\/actualites\/mes-offres-preferees-sur-la-technologie-et-les-appareils-electromenagers-de-la-vente-de-la-journee-des-presidents-de-best-buy\/","og_site_name":"Vie Associative","article_published_time":"2025-02-12T13:18:30+00:00","og_image":[{"url":"https:\/\/vieassociative.be\/actualites\/wp-content\/uploads\/2025\/02\/Mes-offres-preferees-sur-la-technologie-et-les-appareils-electromenagers.jpg","type":"","width":"","height":""}],"author":"Julien","twitter_card":"summary_large_image","twitter_misc":{"\u00c9crit par":"Julien","Dur\u00e9e de lecture est.":"4 minutes"},"schema":{"@context":"https:\/\/schema.org","@graph":[{"@type":"Article","@id":"https:\/\/vieassociative.be\/actualites\/mes-offres-preferees-sur-la-technologie-et-les-appareils-electromenagers-de-la-vente-de-la-journee-des-presidents-de-best-buy\/#article","isPartOf":{"@id":"https:\/\/vieassociative.be\/actualites\/mes-offres-preferees-sur-la-technologie-et-les-appareils-electromenagers-de-la-vente-de-la-journee-des-presidents-de-best-buy\/"},"author":{"name":"Julien","@id":"https:\/\/vieassociative.be\/actualites\/#\/schema\/person\/b87ac4f82f9d4e7b7cec7395b679edc4"},"headline":"Mes offres pr\u00e9f\u00e9r\u00e9es sur la technologie et les appareils \u00e9lectrom\u00e9nagers de la vente de la Journ\u00e9e des pr\u00e9sidents de Best Buy","datePublished":"2025-02-12T13:18:30+00:00","dateModified":"2025-02-12T13:18:30+00:00","mainEntityOfPage":{"@id":"https:\/\/vieassociative.be\/actualites\/mes-offres-preferees-sur-la-technologie-et-les-appareils-electromenagers-de-la-vente-de-la-journee-des-presidents-de-best-buy\/"},"wordCount":801,"publisher":{"@id":"https:\/\/vieassociative.be\/actualites\/#organization"},"image":{"@id":"https:\/\/vieassociative.be\/actualites\/mes-offres-preferees-sur-la-technologie-et-les-appareils-electromenagers-de-la-vente-de-la-journee-des-presidents-de-best-buy\/#primaryimage"},"thumbnailUrl":"https:\/\/vieassociative.be\/actualites\/wp-content\/uploads\/2025\/02\/Mes-offres-preferees-sur-la-technologie-et-les-appareils-electromenagers.png","keywords":["appareils","Buy","Des","\u00e9lectrom\u00e9nagers","journ\u00e9e","Les","Mes","offres","pr\u00e9f\u00e9r\u00e9es","pr\u00e9sidents","sur","technologie","vente"],"articleSection":["Technologie"],"inLanguage":"fr-BE"},{"@type":"WebPage","@id":"https:\/\/vieassociative.be\/actualites\/mes-offres-preferees-sur-la-technologie-et-les-appareils-electromenagers-de-la-vente-de-la-journee-des-presidents-de-best-buy\/","url":"https:\/\/vieassociative.be\/actualites\/mes-offres-preferees-sur-la-technologie-et-les-appareils-electromenagers-de-la-vente-de-la-journee-des-presidents-de-best-buy\/","name":"Mes offres pr\u00e9f\u00e9r\u00e9es sur la technologie et les appareils \u00e9lectrom\u00e9nagers de la vente de la Journ\u00e9e des pr\u00e9sidents de Best Buy | Vie Associative","isPartOf":{"@id":"https:\/\/vieassociative.be\/actualites\/#website"},"primaryImageOfPage":{"@id":"https:\/\/vieassociative.be\/actualites\/mes-offres-preferees-sur-la-technologie-et-les-appareils-electromenagers-de-la-vente-de-la-journee-des-presidents-de-best-buy\/#primaryimage"},"image":{"@id":"https:\/\/vieassociative.be\/actualites\/mes-offres-preferees-sur-la-technologie-et-les-appareils-electromenagers-de-la-vente-de-la-journee-des-presidents-de-best-buy\/#primaryimage"},"thumbnailUrl":"https:\/\/vieassociative.be\/actualites\/wp-content\/uploads\/2025\/02\/Mes-offres-preferees-sur-la-technologie-et-les-appareils-electromenagers.png","datePublished":"2025-02-12T13:18:30+00:00","dateModified":"2025-02-12T13:18:30+00:00","breadcrumb":{"@id":"https:\/\/vieassociative.be\/actualites\/mes-offres-preferees-sur-la-technologie-et-les-appareils-electromenagers-de-la-vente-de-la-journee-des-presidents-de-best-buy\/#breadcrumb"},"inLanguage":"fr-BE","potentialAction":[{"@type":"ReadAction","target":["https:\/\/vieassociative.be\/actualites\/mes-offres-preferees-sur-la-technologie-et-les-appareils-electromenagers-de-la-vente-de-la-journee-des-presidents-de-best-buy\/"]}]},{"@type":"ImageObject","inLanguage":"fr-BE","@id":"https:\/\/vieassociative.be\/actualites\/mes-offres-preferees-sur-la-technologie-et-les-appareils-electromenagers-de-la-vente-de-la-journee-des-presidents-de-best-buy\/#primaryimage","url":"https:\/\/vieassociative.be\/actualites\/wp-content\/uploads\/2025\/02\/Mes-offres-preferees-sur-la-technologie-et-les-appareils-electromenagers.png","contentUrl":"https:\/\/vieassociative.be\/actualites\/wp-content\/uploads\/2025\/02\/Mes-offres-preferees-sur-la-technologie-et-les-appareils-electromenagers.png","width":1200,"height":675,"caption":"Mes offres pr\u00e9f\u00e9r\u00e9es sur la technologie et les appareils \u00e9lectrom\u00e9nagers de la vente de la Journ\u00e9e des pr\u00e9sidents de Best Buy"},{"@type":"BreadcrumbList","@id":"https:\/\/vieassociative.be\/actualites\/mes-offres-preferees-sur-la-technologie-et-les-appareils-electromenagers-de-la-vente-de-la-journee-des-presidents-de-best-buy\/#breadcrumb","itemListElement":[{"@type":"ListItem","position":1,"name":"Accueil","item":"https:\/\/vieassociative.be\/actualites\/"},{"@type":"ListItem","position":2,"name":"Mes offres pr\u00e9f\u00e9r\u00e9es sur la technologie et les appareils \u00e9lectrom\u00e9nagers de la vente de la Journ\u00e9e des pr\u00e9sidents de Best Buy"}]},{"@type":"WebSite","@id":"https:\/\/vieassociative.be\/actualites\/#website","url":"https:\/\/vieassociative.be\/actualites\/","name":"Vie Associative","description":"","publisher":{"@id":"https:\/\/vieassociative.be\/actualites\/#organization"},"potentialAction":[{"@type":"SearchAction","target":{"@type":"EntryPoint","urlTemplate":"https:\/\/vieassociative.be\/actualites\/?s={search_term_string}"},"query-input":{"@type":"PropertyValueSpecification","valueRequired":true,"valueName":"search_term_string"}}],"inLanguage":"fr-BE"},{"@type":"Organization","@id":"https:\/\/vieassociative.be\/actualites\/#organization","name":"Vie Associative","url":"https:\/\/vieassociative.be\/actualites\/","logo":{"@type":"ImageObject","inLanguage":"fr-BE","@id":"https:\/\/vieassociative.be\/actualites\/#\/schema\/logo\/image\/","url":"https:\/\/vieassociative.be\/actualites\/wp-content\/uploads\/2024\/09\/cropped-vieassociative_favicon.ico.png","contentUrl":"https:\/\/vieassociative.be\/actualites\/wp-content\/uploads\/2024\/09\/cropped-vieassociative_favicon.ico.png","width":512,"height":512,"caption":"Vie Associative"},"image":{"@id":"https:\/\/vieassociative.be\/actualites\/#\/schema\/logo\/image\/"}},{"@type":"Person","@id":"https:\/\/vieassociative.be\/actualites\/#\/schema\/person\/b87ac4f82f9d4e7b7cec7395b679edc4","name":"Julien","image":{"@type":"ImageObject","inLanguage":"fr-BE","@id":"https:\/\/vieassociative.be\/actualites\/#\/schema\/person\/image\/","url":"https:\/\/vieassociative.be\/actualites\/wp-content\/uploads\/2024\/09\/vie-associative-1-150x150.jpg","contentUrl":"https:\/\/vieassociative.be\/actualites\/wp-content\/uploads\/2024\/09\/vie-associative-1-150x150.jpg","caption":"Julien"},"description":"Je suis Julien, r\u00e9dacteur pour Vie Associative. Passionn\u00e9 par le monde associatif depuis plus de 10 ans, j'ai \u00e0 c\u0153ur de partager des histoires inspirantes et de mettre en lumi\u00e8re les initiatives locales. Mon objectif est de sensibiliser et d'encourager l'engagement communautaire \u00e0 travers mes articles.","sameAs":["https:\/\/vieassociative.be\/"]}]}},"_links":{"self":[{"href":"https:\/\/vieassociative.be\/actualites\/wp-json\/wp\/v2\/posts\/5055"}],"collection":[{"href":"https:\/\/vieassociative.be\/actualites\/wp-json\/wp\/v2\/posts"}],"about":[{"href":"https:\/\/vieassociative.be\/actualites\/wp-json\/wp\/v2\/types\/post"}],"author":[{"embeddable":true,"href":"https:\/\/vieassociative.be\/actualites\/wp-json\/wp\/v2\/users\/1"}],"replies":[{"embeddable":true,"href":"https:\/\/vieassociative.be\/actualites\/wp-json\/wp\/v2\/comments?post=5055"}],"version-history":[{"count":0,"href":"https:\/\/vieassociative.be\/actualites\/wp-json\/wp\/v2\/posts\/5055\/revisions"}],"wp:featuredmedia":[{"embeddable":true,"href":"https:\/\/vieassociative.be\/actualites\/wp-json\/wp\/v2\/media\/5056"}],"wp:attachment":[{"href":"https:\/\/vieassociative.be\/actualites\/wp-json\/wp\/v2\/media?parent=5055"}],"wp:term":[{"taxonomy":"category","embeddable":true,"href":"https:\/\/vieassociative.be\/actualites\/wp-json\/wp\/v2\/categories?post=5055"},{"taxonomy":"post_tag","embeddable":true,"href":"https:\/\/vieassociative.be\/actualites\/wp-json\/wp\/v2\/tags?post=5055"}],"curies":[{"name":"wp","href":"https:\/\/api.w.org\/{rel}","templated":true}]}}