{"id":5050,"date":"2025-02-12T09:18:43","date_gmt":"2025-02-12T08:18:43","guid":{"rendered":"https:\/\/vieassociative.be\/actualites\/duren-les-radiateurs-volent-dans-le-pare-brise\/"},"modified":"2025-02-12T09:18:43","modified_gmt":"2025-02-12T08:18:43","slug":"duren-les-radiateurs-volent-dans-le-pare-brise","status":"publish","type":"post","link":"https:\/\/vieassociative.be\/actualites\/duren-les-radiateurs-volent-dans-le-pare-brise\/","title":{"rendered":"D\u00fcren: les radiateurs volent dans le pare-brise"},"content":{"rendered":"<p><strong>L&rsquo;horreur de tous les conducteurs est un grand objet qui se bloque dans le pare-brise. En cas d&rsquo;accident \u00e0 D\u00fcren, un radiateur entier est venu voler.<\/strong><\/p>\n<p><span id=\"more-408020\"><\/span>Un radiateur transport\u00e9 sur un toit de voiture a \u00e9t\u00e9 lib\u00e9r\u00e9 de la fixation et s&rsquo;est \u00e9cras\u00e9 dans le pare-brise d&rsquo;un camion venant en sens inverse. Le conducteur de 57 ans et le passager de 17 ans ont subi des blessures mineures dans le camion, a indiqu\u00e9 la police \u00e0 D\u00fcren.<\/p>\n<p>L&rsquo;homme de 43 ans qui a transport\u00e9 le radiateur n&rsquo;a pas \u00e9t\u00e9 bless\u00e9. Les deux l\u00e9g\u00e8rement bless\u00e9s sont venus \u00e0 l&rsquo;h\u00f4pital. Le camion, qui n&rsquo;\u00e9tait plus pr\u00eat \u00e0 conduire, a \u00e9t\u00e9 remorqu\u00e9. L&rsquo;accident s&rsquo;est produit lundi dans la Rh\u00e9nanie entre D\u00fcren et la municipalit\u00e9 de Kreuzau.<\/p>\n","protected":false},"excerpt":{"rendered":"<p>L&rsquo;horreur de tous les conducteurs est un grand objet qui se bloque dans le pare-brise. En cas d&rsquo;accident \u00e0 D\u00fcren, un radiateur entier est venu<\/p>\n","protected":false},"author":1,"featured_media":2172,"comment_status":"","ping_status":"","sticky":false,"template":"","format":"standard","meta":{"footnotes":""},"categories":[298],"tags":[166,5306,14,4250,2942,4121],"class_list":["post-5050","post","type-post","status-publish","format-standard","has-post-thumbnail","hentry","category-belgique","tag-dans","tag-duren","tag-les","tag-parebrise","tag-radiateurs","tag-volent","generate-columns","tablet-grid-50","mobile-grid-100","grid-parent","grid-33"],"yoast_head":"<!-- This site is optimized with the Yoast SEO plugin v24.0 - https:\/\/yoast.com\/wordpress\/plugins\/seo\/ -->\n<title>D\u00fcren: les radiateurs volent dans le pare-brise | Vie Associative<\/title>\n<meta name=\"robots\" content=\"index, follow, max-snippet:-1, max-image-preview:large, max-video-preview:-1\" \/>\n<link rel=\"canonical\" href=\"https:\/\/vieassociative.be\/actualites\/duren-les-radiateurs-volent-dans-le-pare-brise\/\" \/>\n<meta property=\"og:locale\" content=\"fr_FR\" \/>\n<meta property=\"og:type\" content=\"article\" \/>\n<meta property=\"og:title\" content=\"D\u00fcren: les radiateurs volent dans le pare-brise | Vie Associative\" \/>\n<meta property=\"og:description\" content=\"L&rsquo;horreur de tous les conducteurs est un grand objet qui se bloque dans le pare-brise. En cas d&rsquo;accident \u00e0 D\u00fcren, un radiateur entier est venu\" \/>\n<meta property=\"og:url\" content=\"https:\/\/vieassociative.be\/actualites\/duren-les-radiateurs-volent-dans-le-pare-brise\/\" \/>\n<meta property=\"og:site_name\" content=\"Vie Associative\" \/>\n<meta property=\"article:published_time\" content=\"2025-02-12T08:18:43+00:00\" \/>\n<meta property=\"og:image\" content=\"https:\/\/vieassociative.be\/actualites\/wp-content\/uploads\/2024\/09\/header_backgroundk-01-e1726694325946.png\" \/>\n\t<meta property=\"og:image:width\" content=\"279\" \/>\n\t<meta property=\"og:image:height\" content=\"92\" \/>\n\t<meta property=\"og:image:type\" content=\"image\/png\" \/>\n<meta name=\"author\" content=\"Julien\" \/>\n<meta name=\"twitter:card\" content=\"summary_large_image\" \/>\n<meta name=\"twitter:label1\" content=\"\u00c9crit par\" \/>\n\t<meta name=\"twitter:data1\" content=\"Julien\" \/>\n\t<meta name=\"twitter:label2\" content=\"Dur\u00e9e de lecture est.\" \/>\n\t<meta name=\"twitter:data2\" content=\"1 minute\" \/>\n<script type=\"application\/ld+json\" class=\"yoast-schema-graph\">{\"@context\":\"https:\/\/schema.org\",\"@graph\":[{\"@type\":\"Article\",\"@id\":\"https:\/\/vieassociative.be\/actualites\/duren-les-radiateurs-volent-dans-le-pare-brise\/#article\",\"isPartOf\":{\"@id\":\"https:\/\/vieassociative.be\/actualites\/duren-les-radiateurs-volent-dans-le-pare-brise\/\"},\"author\":{\"name\":\"Julien\",\"@id\":\"https:\/\/vieassociative.be\/actualites\/#\/schema\/person\/b87ac4f82f9d4e7b7cec7395b679edc4\"},\"headline\":\"D\u00fcren: les radiateurs volent dans le pare-brise\",\"datePublished\":\"2025-02-12T08:18:43+00:00\",\"dateModified\":\"2025-02-12T08:18:43+00:00\",\"mainEntityOfPage\":{\"@id\":\"https:\/\/vieassociative.be\/actualites\/duren-les-radiateurs-volent-dans-le-pare-brise\/\"},\"wordCount\":144,\"publisher\":{\"@id\":\"https:\/\/vieassociative.be\/actualites\/#organization\"},\"image\":{\"@id\":\"https:\/\/vieassociative.be\/actualites\/duren-les-radiateurs-volent-dans-le-pare-brise\/#primaryimage\"},\"thumbnailUrl\":\"https:\/\/vieassociative.be\/actualites\/wp-content\/uploads\/2024\/11\/Deux-chauffeurs-de-bus-grievement-blesses-avec-une-barre-de.jpg\",\"keywords\":[\"dans\",\"D\u00fcren\",\"Les\",\"parebrise\",\"radiateurs\",\"volent\"],\"articleSection\":[\"Belgique\"],\"inLanguage\":\"fr-BE\"},{\"@type\":\"WebPage\",\"@id\":\"https:\/\/vieassociative.be\/actualites\/duren-les-radiateurs-volent-dans-le-pare-brise\/\",\"url\":\"https:\/\/vieassociative.be\/actualites\/duren-les-radiateurs-volent-dans-le-pare-brise\/\",\"name\":\"D\u00fcren: les radiateurs volent dans le pare-brise | Vie Associative\",\"isPartOf\":{\"@id\":\"https:\/\/vieassociative.be\/actualites\/#website\"},\"primaryImageOfPage\":{\"@id\":\"https:\/\/vieassociative.be\/actualites\/duren-les-radiateurs-volent-dans-le-pare-brise\/#primaryimage\"},\"image\":{\"@id\":\"https:\/\/vieassociative.be\/actualites\/duren-les-radiateurs-volent-dans-le-pare-brise\/#primaryimage\"},\"thumbnailUrl\":\"https:\/\/vieassociative.be\/actualites\/wp-content\/uploads\/2024\/11\/Deux-chauffeurs-de-bus-grievement-blesses-avec-une-barre-de.jpg\",\"datePublished\":\"2025-02-12T08:18:43+00:00\",\"dateModified\":\"2025-02-12T08:18:43+00:00\",\"breadcrumb\":{\"@id\":\"https:\/\/vieassociative.be\/actualites\/duren-les-radiateurs-volent-dans-le-pare-brise\/#breadcrumb\"},\"inLanguage\":\"fr-BE\",\"potentialAction\":[{\"@type\":\"ReadAction\",\"target\":[\"https:\/\/vieassociative.be\/actualites\/duren-les-radiateurs-volent-dans-le-pare-brise\/\"]}]},{\"@type\":\"ImageObject\",\"inLanguage\":\"fr-BE\",\"@id\":\"https:\/\/vieassociative.be\/actualites\/duren-les-radiateurs-volent-dans-le-pare-brise\/#primaryimage\",\"url\":\"https:\/\/vieassociative.be\/actualites\/wp-content\/uploads\/2024\/11\/Deux-chauffeurs-de-bus-grievement-blesses-avec-une-barre-de.jpg\",\"contentUrl\":\"https:\/\/vieassociative.be\/actualites\/wp-content\/uploads\/2024\/11\/Deux-chauffeurs-de-bus-grievement-blesses-avec-une-barre-de.jpg\",\"width\":1200,\"height\":800,\"caption\":\"Deux chauffeurs de bus gri\u00e8vement bless\u00e9s avec une barre de fer\"},{\"@type\":\"BreadcrumbList\",\"@id\":\"https:\/\/vieassociative.be\/actualites\/duren-les-radiateurs-volent-dans-le-pare-brise\/#breadcrumb\",\"itemListElement\":[{\"@type\":\"ListItem\",\"position\":1,\"name\":\"Accueil\",\"item\":\"https:\/\/vieassociative.be\/actualites\/\"},{\"@type\":\"ListItem\",\"position\":2,\"name\":\"D\u00fcren: les radiateurs volent dans le pare-brise\"}]},{\"@type\":\"WebSite\",\"@id\":\"https:\/\/vieassociative.be\/actualites\/#website\",\"url\":\"https:\/\/vieassociative.be\/actualites\/\",\"name\":\"Vie Associative\",\"description\":\"\",\"publisher\":{\"@id\":\"https:\/\/vieassociative.be\/actualites\/#organization\"},\"potentialAction\":[{\"@type\":\"SearchAction\",\"target\":{\"@type\":\"EntryPoint\",\"urlTemplate\":\"https:\/\/vieassociative.be\/actualites\/?s={search_term_string}\"},\"query-input\":{\"@type\":\"PropertyValueSpecification\",\"valueRequired\":true,\"valueName\":\"search_term_string\"}}],\"inLanguage\":\"fr-BE\"},{\"@type\":\"Organization\",\"@id\":\"https:\/\/vieassociative.be\/actualites\/#organization\",\"name\":\"Vie Associative\",\"url\":\"https:\/\/vieassociative.be\/actualites\/\",\"logo\":{\"@type\":\"ImageObject\",\"inLanguage\":\"fr-BE\",\"@id\":\"https:\/\/vieassociative.be\/actualites\/#\/schema\/logo\/image\/\",\"url\":\"https:\/\/vieassociative.be\/actualites\/wp-content\/uploads\/2024\/09\/cropped-vieassociative_favicon.ico.png\",\"contentUrl\":\"https:\/\/vieassociative.be\/actualites\/wp-content\/uploads\/2024\/09\/cropped-vieassociative_favicon.ico.png\",\"width\":512,\"height\":512,\"caption\":\"Vie Associative\"},\"image\":{\"@id\":\"https:\/\/vieassociative.be\/actualites\/#\/schema\/logo\/image\/\"}},{\"@type\":\"Person\",\"@id\":\"https:\/\/vieassociative.be\/actualites\/#\/schema\/person\/b87ac4f82f9d4e7b7cec7395b679edc4\",\"name\":\"Julien\",\"image\":{\"@type\":\"ImageObject\",\"inLanguage\":\"fr-BE\",\"@id\":\"https:\/\/vieassociative.be\/actualites\/#\/schema\/person\/image\/\",\"url\":\"https:\/\/vieassociative.be\/actualites\/wp-content\/uploads\/2024\/09\/vie-associative-1-150x150.jpg\",\"contentUrl\":\"https:\/\/vieassociative.be\/actualites\/wp-content\/uploads\/2024\/09\/vie-associative-1-150x150.jpg\",\"caption\":\"Julien\"},\"description\":\"Je suis Julien, r\u00e9dacteur pour Vie Associative. Passionn\u00e9 par le monde associatif depuis plus de 10 ans, j'ai \u00e0 c\u0153ur de partager des histoires inspirantes et de mettre en lumi\u00e8re les initiatives locales. Mon objectif est de sensibiliser et d'encourager l'engagement communautaire \u00e0 travers mes articles.\",\"sameAs\":[\"https:\/\/vieassociative.be\/\"]}]}<\/script>\n<!-- \/ Yoast SEO plugin. -->","yoast_head_json":{"title":"D\u00fcren: les radiateurs volent dans le pare-brise | Vie Associative","robots":{"index":"index","follow":"follow","max-snippet":"max-snippet:-1","max-image-preview":"max-image-preview:large","max-video-preview":"max-video-preview:-1"},"canonical":"https:\/\/vieassociative.be\/actualites\/duren-les-radiateurs-volent-dans-le-pare-brise\/","og_locale":"fr_FR","og_type":"article","og_title":"D\u00fcren: les radiateurs volent dans le pare-brise | Vie Associative","og_description":"L&rsquo;horreur de tous les conducteurs est un grand objet qui se bloque dans le pare-brise. En cas d&rsquo;accident \u00e0 D\u00fcren, un radiateur entier est venu","og_url":"https:\/\/vieassociative.be\/actualites\/duren-les-radiateurs-volent-dans-le-pare-brise\/","og_site_name":"Vie Associative","article_published_time":"2025-02-12T08:18:43+00:00","og_image":[{"width":279,"height":92,"url":"https:\/\/vieassociative.be\/actualites\/wp-content\/uploads\/2024\/09\/header_backgroundk-01-e1726694325946.png","type":"image\/png"}],"author":"Julien","twitter_card":"summary_large_image","twitter_misc":{"\u00c9crit par":"Julien","Dur\u00e9e de lecture est.":"1 minute"},"schema":{"@context":"https:\/\/schema.org","@graph":[{"@type":"Article","@id":"https:\/\/vieassociative.be\/actualites\/duren-les-radiateurs-volent-dans-le-pare-brise\/#article","isPartOf":{"@id":"https:\/\/vieassociative.be\/actualites\/duren-les-radiateurs-volent-dans-le-pare-brise\/"},"author":{"name":"Julien","@id":"https:\/\/vieassociative.be\/actualites\/#\/schema\/person\/b87ac4f82f9d4e7b7cec7395b679edc4"},"headline":"D\u00fcren: les radiateurs volent dans le pare-brise","datePublished":"2025-02-12T08:18:43+00:00","dateModified":"2025-02-12T08:18:43+00:00","mainEntityOfPage":{"@id":"https:\/\/vieassociative.be\/actualites\/duren-les-radiateurs-volent-dans-le-pare-brise\/"},"wordCount":144,"publisher":{"@id":"https:\/\/vieassociative.be\/actualites\/#organization"},"image":{"@id":"https:\/\/vieassociative.be\/actualites\/duren-les-radiateurs-volent-dans-le-pare-brise\/#primaryimage"},"thumbnailUrl":"https:\/\/vieassociative.be\/actualites\/wp-content\/uploads\/2024\/11\/Deux-chauffeurs-de-bus-grievement-blesses-avec-une-barre-de.jpg","keywords":["dans","D\u00fcren","Les","parebrise","radiateurs","volent"],"articleSection":["Belgique"],"inLanguage":"fr-BE"},{"@type":"WebPage","@id":"https:\/\/vieassociative.be\/actualites\/duren-les-radiateurs-volent-dans-le-pare-brise\/","url":"https:\/\/vieassociative.be\/actualites\/duren-les-radiateurs-volent-dans-le-pare-brise\/","name":"D\u00fcren: les radiateurs volent dans le pare-brise | Vie Associative","isPartOf":{"@id":"https:\/\/vieassociative.be\/actualites\/#website"},"primaryImageOfPage":{"@id":"https:\/\/vieassociative.be\/actualites\/duren-les-radiateurs-volent-dans-le-pare-brise\/#primaryimage"},"image":{"@id":"https:\/\/vieassociative.be\/actualites\/duren-les-radiateurs-volent-dans-le-pare-brise\/#primaryimage"},"thumbnailUrl":"https:\/\/vieassociative.be\/actualites\/wp-content\/uploads\/2024\/11\/Deux-chauffeurs-de-bus-grievement-blesses-avec-une-barre-de.jpg","datePublished":"2025-02-12T08:18:43+00:00","dateModified":"2025-02-12T08:18:43+00:00","breadcrumb":{"@id":"https:\/\/vieassociative.be\/actualites\/duren-les-radiateurs-volent-dans-le-pare-brise\/#breadcrumb"},"inLanguage":"fr-BE","potentialAction":[{"@type":"ReadAction","target":["https:\/\/vieassociative.be\/actualites\/duren-les-radiateurs-volent-dans-le-pare-brise\/"]}]},{"@type":"ImageObject","inLanguage":"fr-BE","@id":"https:\/\/vieassociative.be\/actualites\/duren-les-radiateurs-volent-dans-le-pare-brise\/#primaryimage","url":"https:\/\/vieassociative.be\/actualites\/wp-content\/uploads\/2024\/11\/Deux-chauffeurs-de-bus-grievement-blesses-avec-une-barre-de.jpg","contentUrl":"https:\/\/vieassociative.be\/actualites\/wp-content\/uploads\/2024\/11\/Deux-chauffeurs-de-bus-grievement-blesses-avec-une-barre-de.jpg","width":1200,"height":800,"caption":"Deux chauffeurs de bus gri\u00e8vement bless\u00e9s avec une barre de fer"},{"@type":"BreadcrumbList","@id":"https:\/\/vieassociative.be\/actualites\/duren-les-radiateurs-volent-dans-le-pare-brise\/#breadcrumb","itemListElement":[{"@type":"ListItem","position":1,"name":"Accueil","item":"https:\/\/vieassociative.be\/actualites\/"},{"@type":"ListItem","position":2,"name":"D\u00fcren: les radiateurs volent dans le pare-brise"}]},{"@type":"WebSite","@id":"https:\/\/vieassociative.be\/actualites\/#website","url":"https:\/\/vieassociative.be\/actualites\/","name":"Vie Associative","description":"","publisher":{"@id":"https:\/\/vieassociative.be\/actualites\/#organization"},"potentialAction":[{"@type":"SearchAction","target":{"@type":"EntryPoint","urlTemplate":"https:\/\/vieassociative.be\/actualites\/?s={search_term_string}"},"query-input":{"@type":"PropertyValueSpecification","valueRequired":true,"valueName":"search_term_string"}}],"inLanguage":"fr-BE"},{"@type":"Organization","@id":"https:\/\/vieassociative.be\/actualites\/#organization","name":"Vie Associative","url":"https:\/\/vieassociative.be\/actualites\/","logo":{"@type":"ImageObject","inLanguage":"fr-BE","@id":"https:\/\/vieassociative.be\/actualites\/#\/schema\/logo\/image\/","url":"https:\/\/vieassociative.be\/actualites\/wp-content\/uploads\/2024\/09\/cropped-vieassociative_favicon.ico.png","contentUrl":"https:\/\/vieassociative.be\/actualites\/wp-content\/uploads\/2024\/09\/cropped-vieassociative_favicon.ico.png","width":512,"height":512,"caption":"Vie Associative"},"image":{"@id":"https:\/\/vieassociative.be\/actualites\/#\/schema\/logo\/image\/"}},{"@type":"Person","@id":"https:\/\/vieassociative.be\/actualites\/#\/schema\/person\/b87ac4f82f9d4e7b7cec7395b679edc4","name":"Julien","image":{"@type":"ImageObject","inLanguage":"fr-BE","@id":"https:\/\/vieassociative.be\/actualites\/#\/schema\/person\/image\/","url":"https:\/\/vieassociative.be\/actualites\/wp-content\/uploads\/2024\/09\/vie-associative-1-150x150.jpg","contentUrl":"https:\/\/vieassociative.be\/actualites\/wp-content\/uploads\/2024\/09\/vie-associative-1-150x150.jpg","caption":"Julien"},"description":"Je suis Julien, r\u00e9dacteur pour Vie Associative. Passionn\u00e9 par le monde associatif depuis plus de 10 ans, j'ai \u00e0 c\u0153ur de partager des histoires inspirantes et de mettre en lumi\u00e8re les initiatives locales. Mon objectif est de sensibiliser et d'encourager l'engagement communautaire \u00e0 travers mes articles.","sameAs":["https:\/\/vieassociative.be\/"]}]}},"_links":{"self":[{"href":"https:\/\/vieassociative.be\/actualites\/wp-json\/wp\/v2\/posts\/5050"}],"collection":[{"href":"https:\/\/vieassociative.be\/actualites\/wp-json\/wp\/v2\/posts"}],"about":[{"href":"https:\/\/vieassociative.be\/actualites\/wp-json\/wp\/v2\/types\/post"}],"author":[{"embeddable":true,"href":"https:\/\/vieassociative.be\/actualites\/wp-json\/wp\/v2\/users\/1"}],"replies":[{"embeddable":true,"href":"https:\/\/vieassociative.be\/actualites\/wp-json\/wp\/v2\/comments?post=5050"}],"version-history":[{"count":0,"href":"https:\/\/vieassociative.be\/actualites\/wp-json\/wp\/v2\/posts\/5050\/revisions"}],"wp:featuredmedia":[{"embeddable":true,"href":"https:\/\/vieassociative.be\/actualites\/wp-json\/wp\/v2\/media\/2172"}],"wp:attachment":[{"href":"https:\/\/vieassociative.be\/actualites\/wp-json\/wp\/v2\/media?parent=5050"}],"wp:term":[{"taxonomy":"category","embeddable":true,"href":"https:\/\/vieassociative.be\/actualites\/wp-json\/wp\/v2\/categories?post=5050"},{"taxonomy":"post_tag","embeddable":true,"href":"https:\/\/vieassociative.be\/actualites\/wp-json\/wp\/v2\/tags?post=5050"}],"curies":[{"name":"wp","href":"https:\/\/api.w.org\/{rel}","templated":true}]}}