{"id":5044,"date":"2025-02-12T03:17:26","date_gmt":"2025-02-12T02:17:26","guid":{"rendered":"https:\/\/vieassociative.be\/actualites\/vous-avez-frappe-la-ville-dans-le-2-3-contre-le-vrai-mbangula-a-realise-siegtor-pour-la-juve-bvb-surpris\/"},"modified":"2025-02-12T03:17:26","modified_gmt":"2025-02-12T02:17:26","slug":"vous-avez-frappe-la-ville-dans-le-2-3-contre-le-vrai-mbangula-a-realise-siegtor-pour-la-juve-bvb-surpris","status":"publish","type":"post","link":"https:\/\/vieassociative.be\/actualites\/vous-avez-frappe-la-ville-dans-le-2-3-contre-le-vrai-mbangula-a-realise-siegtor-pour-la-juve-bvb-surpris\/","title":{"rendered":"Vous avez frapp\u00e9 la ville dans le 2: 3 contre le vrai &#8211; Mbangula a r\u00e9alis\u00e9 Siegtor pour la Juve &#8211; BVB surpris"},"content":{"rendered":"<p><strong>Apr\u00e8s un match anim\u00e9, le Real Madrid a gagn\u00e9 3-2 \u00e0 Manchester City. Dans le m\u00eame temps, la Juventus a obtenu une option int\u00e9ressante pour progresser avec une victoire 2-1 contre PSV, tandis que Dortmund a \u00e9tonnamment pr\u00e9valu \u00e0 Sporting (0: 3).<\/strong><\/p>\n<p><span id=\"more-408048\"><\/span>Le champion en titre du Real Madrid, apr\u00e8s un succ\u00e8s tardif dans le succ\u00e8s de la Ligue des champions \u00e0 Manchester City, se tient avant d&#8217;emm\u00e9nager dans la houle de 16. Jude Bellingham a marqu\u00e9 3: 2 (0: 1) le succ\u00e8s dans l&rsquo;\u00e9quipe de Pep Guardiola en temps suppl\u00e9mentaire. Deux succ\u00e8s de la superstar Erling Haaland n&rsquo;\u00e9taient pas suffisants pour la ville. La d\u00e9cision est prise au deuxi\u00e8me \u00e9tape mercredi prochain (21 h 00) dans l&rsquo;Estadio Santiago Bernab\u00e9u \u00e0 Madrid.<\/p>\n<div id=\"attachment_408053\" class=\"wp-caption alignleft\" style=\"max-width: 300px\"><img fetchpriority=\"high\" decoding=\"async\" class=\"wp-image-408053 size-medium\" src=\"https:\/\/vieassociative.be\/actualites\/wp-content\/uploads\/2025\/02\/Vous-avez-frappe-la-ville-dans-le-2-3-contre.jpg\" alt=\"\" width=\"300\" height=\"200\"><\/p>\n<p class=\"wp-caption-text\">11.02.2025, Grande-Bretagne, Manchester: Kevin de Bruyne de Manchester City et Jude Bellingham (R) du Real Madrid Fight for the Ball.<\/p>\n<\/div>\n<p>M\u00eame si le Real Madrid devait se passer de nombreux joueurs d\u00e9fensifs aux c\u00f4t\u00e9s d&rsquo;Antonio R\u00fcdiger, les Espagnols \u00e9taient bien meilleurs au d\u00e9but. Kylian Mbapp\u00e9 (11e minute) et surtout Ferland Mendy (12e) ont attribu\u00e9 les meilleures options. D&rsquo;un autre c\u00f4t\u00e9, les h\u00f4tes ont profit\u00e9 de la premi\u00e8re occasion: Haaland a marqu\u00e9 1-0 (19e).<\/p>\n<p><strong>&#8211; r\u00e9el se compare deux fois:<\/strong> Cependant, le coup \u00e0 Man City n&rsquo;a pas aid\u00e9. Le v\u00e9ritable attaquant Vinicius Junior a frapp\u00e9 la barre transversale six minutes plus tard. Apr\u00e8s le changement des \u00e9quipes, Mbapp\u00e9 a atteint la compensation m\u00e9rit\u00e9e: apr\u00e8s la croix de Dani Ceballos, le Fran\u00e7ais a port\u00e9 le ballon sous le tibia dans le but de la ville (60e). Mbapp\u00e9 et Jew Bellingham ont rat\u00e9 le 2-1 un peu plus tard. Haaland a ensuite assur\u00e9 la nouvelle direction de la ville par p\u00e9nalit\u00e9 (80e). Brahim Diaz a \u00e9galis\u00e9 au puits 2: 2 (86e), puis Bellingham a fourni la fin heureuse des Espagnols.<\/p>\n<p>La Juventus Turin a \u00e9galement de bonnes chances du prochain tour. Les Italiens ont vaincu le PSV Eindhoven 2-1 (1: 0). Weston McKennie (34e) et l&rsquo;international belge Samuel Mbangula (82e) \u00e9taient les buteurs de la Juve. Ivan Perisic \u00e9tait responsable de l&rsquo;intervalle 1: 1 (56e).<\/p>\n<div id=\"attachment_408054\" class=\"wp-caption alignleft\" style=\"max-width: 300px\"><img decoding=\"async\" class=\"wp-image-408054 size-medium\" src=\"https:\/\/vieassociative.be\/actualites\/wp-content\/uploads\/2025\/02\/1739326646_424_Vous-avez-frappe-la-ville-dans-le-2-3-contre.jpg\" alt=\"\" width=\"300\" height=\"192\"><\/p>\n<p class=\"wp-caption-text\">11.02.2025, Portugal, Lisbonne: Serhou Guirassy de Dortmund (Front R) applaudit avec les co\u00e9quipiers pour son objectif \u00e0 0: 1. Photo: Federico Gambarini \/ DPA<\/p>\n<\/div>\n<p>Le Borussia Dortmund a fait un grand pas vers la bague en Ligue des champions de 16. L&rsquo;\u00e9quipe du nouvel entra\u00eeneur Niko Kovac a clairement remport\u00e9 le match des s\u00e9ries \u00e9liminatoires au Sporting Lisbonne 3-0 (0-0) et a donc la meilleure chance de passer au tour suivant avant le match retour. Apr\u00e8s une augmentation claire des performances au deuxi\u00e8me tour, Serhou Guirassy (60e), Pascal Gro\u00df (68th) et Karim Adeyemi (82e) ont assur\u00e9 la victoire m\u00e9rit\u00e9e de BVB.<\/p>\n<p><strong>&#8211; Paris gagne en toute confiance:<\/strong> La ronde de 16 de Paris Saint-Germain n&rsquo;est qu&rsquo;une question de forme apr\u00e8s le Clear 3: 0 (2: 0) dans l&rsquo;affrontement fran\u00e7ais de Stade Brest. Ousmane Demb\u00e9l\u00e9 a marqu\u00e9 Double (45.\/66.), Le Portugais Vititinha a pris les devants par une p\u00e9nalit\u00e9 transform\u00e9e. Le deuxi\u00e8me \u00e9tage augmentera mercredi prochain (21h00) dans la capitale fran\u00e7aise.<\/p>\n<p>Mercredi, le FC Bruges est en s\u00e9rie \u00e0 18 h 45 (en direct sur RTL Club, VTM2 et Proxi + Sports) contre Atalanta Bergamo avec l&rsquo;ex-Br\u00fcgger Charles de Ketelaere. (Cre)<\/p>\n","protected":false},"excerpt":{"rendered":"<p>Apr\u00e8s un match anim\u00e9, le Real Madrid a gagn\u00e9 3-2 \u00e0 Manchester City. Dans le m\u00eame temps, la Juventus a obtenu une option int\u00e9ressante pour<\/p>\n","protected":false},"author":1,"featured_media":5045,"comment_status":"","ping_status":"","sticky":false,"template":"","format":"standard","meta":{"footnotes":""},"categories":[298],"tags":[258,982,796,166,4403,5301,5299,81,3301,5300,5302,684,4,503],"class_list":["post-5044","post","type-post","status-publish","format-standard","has-post-thumbnail","hentry","category-belgique","tag-avez","tag-bvb","tag-contre","tag-dans","tag-frappe","tag-juve","tag-mbangula","tag-pour","tag-realise","tag-siegtor","tag-surpris","tag-ville","tag-vous","tag-vrai","generate-columns","tablet-grid-50","mobile-grid-100","grid-parent","grid-33"],"yoast_head":"<!-- This site is optimized with the Yoast SEO plugin v24.0 - https:\/\/yoast.com\/wordpress\/plugins\/seo\/ -->\n<title>Vous avez frapp\u00e9 la ville dans le 2: 3 contre le vrai - Mbangula a r\u00e9alis\u00e9 Siegtor pour la Juve - BVB surpris | Vie Associative<\/title>\n<meta name=\"robots\" content=\"index, follow, max-snippet:-1, max-image-preview:large, max-video-preview:-1\" \/>\n<link rel=\"canonical\" href=\"https:\/\/vieassociative.be\/actualites\/vous-avez-frappe-la-ville-dans-le-2-3-contre-le-vrai-mbangula-a-realise-siegtor-pour-la-juve-bvb-surpris\/\" \/>\n<meta property=\"og:locale\" content=\"fr_FR\" \/>\n<meta property=\"og:type\" content=\"article\" \/>\n<meta property=\"og:title\" content=\"Vous avez frapp\u00e9 la ville dans le 2: 3 contre le vrai - Mbangula a r\u00e9alis\u00e9 Siegtor pour la Juve - BVB surpris | Vie Associative\" \/>\n<meta property=\"og:description\" content=\"Apr\u00e8s un match anim\u00e9, le Real Madrid a gagn\u00e9 3-2 \u00e0 Manchester City. Dans le m\u00eame temps, la Juventus a obtenu une option int\u00e9ressante pour\" \/>\n<meta property=\"og:url\" content=\"https:\/\/vieassociative.be\/actualites\/vous-avez-frappe-la-ville-dans-le-2-3-contre-le-vrai-mbangula-a-realise-siegtor-pour-la-juve-bvb-surpris\/\" \/>\n<meta property=\"og:site_name\" content=\"Vie Associative\" \/>\n<meta property=\"article:published_time\" content=\"2025-02-12T02:17:26+00:00\" \/>\n<meta property=\"og:image\" content=\"https:\/\/vieassociative.be\/actualites\/wp-content\/uploads\/2024\/09\/header_backgroundk-01-e1726694325946.png\" \/>\n\t<meta property=\"og:image:width\" content=\"279\" \/>\n\t<meta property=\"og:image:height\" content=\"92\" \/>\n\t<meta property=\"og:image:type\" content=\"image\/png\" \/>\n<meta name=\"author\" content=\"Julien\" \/>\n<meta name=\"twitter:card\" content=\"summary_large_image\" \/>\n<meta name=\"twitter:label1\" content=\"\u00c9crit par\" \/>\n\t<meta name=\"twitter:data1\" content=\"Julien\" \/>\n\t<meta name=\"twitter:label2\" content=\"Dur\u00e9e de lecture est.\" \/>\n\t<meta name=\"twitter:data2\" content=\"3 minutes\" \/>\n<script type=\"application\/ld+json\" class=\"yoast-schema-graph\">{\"@context\":\"https:\/\/schema.org\",\"@graph\":[{\"@type\":\"Article\",\"@id\":\"https:\/\/vieassociative.be\/actualites\/vous-avez-frappe-la-ville-dans-le-2-3-contre-le-vrai-mbangula-a-realise-siegtor-pour-la-juve-bvb-surpris\/#article\",\"isPartOf\":{\"@id\":\"https:\/\/vieassociative.be\/actualites\/vous-avez-frappe-la-ville-dans-le-2-3-contre-le-vrai-mbangula-a-realise-siegtor-pour-la-juve-bvb-surpris\/\"},\"author\":{\"name\":\"Julien\",\"@id\":\"https:\/\/vieassociative.be\/actualites\/#\/schema\/person\/b87ac4f82f9d4e7b7cec7395b679edc4\"},\"headline\":\"Vous avez frapp\u00e9 la ville dans le 2: 3 contre le vrai &#8211; Mbangula a r\u00e9alis\u00e9 Siegtor pour la Juve &#8211; BVB surpris\",\"datePublished\":\"2025-02-12T02:17:26+00:00\",\"dateModified\":\"2025-02-12T02:17:26+00:00\",\"mainEntityOfPage\":{\"@id\":\"https:\/\/vieassociative.be\/actualites\/vous-avez-frappe-la-ville-dans-le-2-3-contre-le-vrai-mbangula-a-realise-siegtor-pour-la-juve-bvb-surpris\/\"},\"wordCount\":581,\"publisher\":{\"@id\":\"https:\/\/vieassociative.be\/actualites\/#organization\"},\"image\":{\"@id\":\"https:\/\/vieassociative.be\/actualites\/vous-avez-frappe-la-ville-dans-le-2-3-contre-le-vrai-mbangula-a-realise-siegtor-pour-la-juve-bvb-surpris\/#primaryimage\"},\"thumbnailUrl\":\"https:\/\/vieassociative.be\/actualites\/wp-content\/uploads\/2025\/02\/1739326646_Vous-avez-frappe-la-ville-dans-le-2-3-contre.jpg\",\"keywords\":[\"avez\",\"BVB\",\"contre\",\"dans\",\"frappe\",\"Juve\",\"Mbangula\",\"pour\",\"r\u00e9alise\",\"Siegtor\",\"surpris\",\"ville\",\"Vous\",\"vrai\"],\"articleSection\":[\"Belgique\"],\"inLanguage\":\"fr-BE\"},{\"@type\":\"WebPage\",\"@id\":\"https:\/\/vieassociative.be\/actualites\/vous-avez-frappe-la-ville-dans-le-2-3-contre-le-vrai-mbangula-a-realise-siegtor-pour-la-juve-bvb-surpris\/\",\"url\":\"https:\/\/vieassociative.be\/actualites\/vous-avez-frappe-la-ville-dans-le-2-3-contre-le-vrai-mbangula-a-realise-siegtor-pour-la-juve-bvb-surpris\/\",\"name\":\"Vous avez frapp\u00e9 la ville dans le 2: 3 contre le vrai - Mbangula a r\u00e9alis\u00e9 Siegtor pour la Juve - BVB surpris | Vie Associative\",\"isPartOf\":{\"@id\":\"https:\/\/vieassociative.be\/actualites\/#website\"},\"primaryImageOfPage\":{\"@id\":\"https:\/\/vieassociative.be\/actualites\/vous-avez-frappe-la-ville-dans-le-2-3-contre-le-vrai-mbangula-a-realise-siegtor-pour-la-juve-bvb-surpris\/#primaryimage\"},\"image\":{\"@id\":\"https:\/\/vieassociative.be\/actualites\/vous-avez-frappe-la-ville-dans-le-2-3-contre-le-vrai-mbangula-a-realise-siegtor-pour-la-juve-bvb-surpris\/#primaryimage\"},\"thumbnailUrl\":\"https:\/\/vieassociative.be\/actualites\/wp-content\/uploads\/2025\/02\/1739326646_Vous-avez-frappe-la-ville-dans-le-2-3-contre.jpg\",\"datePublished\":\"2025-02-12T02:17:26+00:00\",\"dateModified\":\"2025-02-12T02:17:26+00:00\",\"breadcrumb\":{\"@id\":\"https:\/\/vieassociative.be\/actualites\/vous-avez-frappe-la-ville-dans-le-2-3-contre-le-vrai-mbangula-a-realise-siegtor-pour-la-juve-bvb-surpris\/#breadcrumb\"},\"inLanguage\":\"fr-BE\",\"potentialAction\":[{\"@type\":\"ReadAction\",\"target\":[\"https:\/\/vieassociative.be\/actualites\/vous-avez-frappe-la-ville-dans-le-2-3-contre-le-vrai-mbangula-a-realise-siegtor-pour-la-juve-bvb-surpris\/\"]}]},{\"@type\":\"ImageObject\",\"inLanguage\":\"fr-BE\",\"@id\":\"https:\/\/vieassociative.be\/actualites\/vous-avez-frappe-la-ville-dans-le-2-3-contre-le-vrai-mbangula-a-realise-siegtor-pour-la-juve-bvb-surpris\/#primaryimage\",\"url\":\"https:\/\/vieassociative.be\/actualites\/wp-content\/uploads\/2025\/02\/1739326646_Vous-avez-frappe-la-ville-dans-le-2-3-contre.jpg\",\"contentUrl\":\"https:\/\/vieassociative.be\/actualites\/wp-content\/uploads\/2025\/02\/1739326646_Vous-avez-frappe-la-ville-dans-le-2-3-contre.jpg\",\"width\":1200,\"height\":800,\"caption\":\"Vous avez frapp\u00e9 la ville dans le 2: 3 contre le vrai - Mbangula a r\u00e9alis\u00e9 Siegtor pour la Juve - BVB surpris\"},{\"@type\":\"BreadcrumbList\",\"@id\":\"https:\/\/vieassociative.be\/actualites\/vous-avez-frappe-la-ville-dans-le-2-3-contre-le-vrai-mbangula-a-realise-siegtor-pour-la-juve-bvb-surpris\/#breadcrumb\",\"itemListElement\":[{\"@type\":\"ListItem\",\"position\":1,\"name\":\"Accueil\",\"item\":\"https:\/\/vieassociative.be\/actualites\/\"},{\"@type\":\"ListItem\",\"position\":2,\"name\":\"Vous avez frapp\u00e9 la ville dans le 2: 3 contre le vrai &#8211; Mbangula a r\u00e9alis\u00e9 Siegtor pour la Juve &#8211; BVB surpris\"}]},{\"@type\":\"WebSite\",\"@id\":\"https:\/\/vieassociative.be\/actualites\/#website\",\"url\":\"https:\/\/vieassociative.be\/actualites\/\",\"name\":\"Vie Associative\",\"description\":\"\",\"publisher\":{\"@id\":\"https:\/\/vieassociative.be\/actualites\/#organization\"},\"potentialAction\":[{\"@type\":\"SearchAction\",\"target\":{\"@type\":\"EntryPoint\",\"urlTemplate\":\"https:\/\/vieassociative.be\/actualites\/?s={search_term_string}\"},\"query-input\":{\"@type\":\"PropertyValueSpecification\",\"valueRequired\":true,\"valueName\":\"search_term_string\"}}],\"inLanguage\":\"fr-BE\"},{\"@type\":\"Organization\",\"@id\":\"https:\/\/vieassociative.be\/actualites\/#organization\",\"name\":\"Vie Associative\",\"url\":\"https:\/\/vieassociative.be\/actualites\/\",\"logo\":{\"@type\":\"ImageObject\",\"inLanguage\":\"fr-BE\",\"@id\":\"https:\/\/vieassociative.be\/actualites\/#\/schema\/logo\/image\/\",\"url\":\"https:\/\/vieassociative.be\/actualites\/wp-content\/uploads\/2024\/09\/cropped-vieassociative_favicon.ico.png\",\"contentUrl\":\"https:\/\/vieassociative.be\/actualites\/wp-content\/uploads\/2024\/09\/cropped-vieassociative_favicon.ico.png\",\"width\":512,\"height\":512,\"caption\":\"Vie Associative\"},\"image\":{\"@id\":\"https:\/\/vieassociative.be\/actualites\/#\/schema\/logo\/image\/\"}},{\"@type\":\"Person\",\"@id\":\"https:\/\/vieassociative.be\/actualites\/#\/schema\/person\/b87ac4f82f9d4e7b7cec7395b679edc4\",\"name\":\"Julien\",\"image\":{\"@type\":\"ImageObject\",\"inLanguage\":\"fr-BE\",\"@id\":\"https:\/\/vieassociative.be\/actualites\/#\/schema\/person\/image\/\",\"url\":\"https:\/\/vieassociative.be\/actualites\/wp-content\/uploads\/2024\/09\/vie-associative-1-150x150.jpg\",\"contentUrl\":\"https:\/\/vieassociative.be\/actualites\/wp-content\/uploads\/2024\/09\/vie-associative-1-150x150.jpg\",\"caption\":\"Julien\"},\"description\":\"Je suis Julien, r\u00e9dacteur pour Vie Associative. Passionn\u00e9 par le monde associatif depuis plus de 10 ans, j'ai \u00e0 c\u0153ur de partager des histoires inspirantes et de mettre en lumi\u00e8re les initiatives locales. Mon objectif est de sensibiliser et d'encourager l'engagement communautaire \u00e0 travers mes articles.\",\"sameAs\":[\"https:\/\/vieassociative.be\/\"]}]}<\/script>\n<!-- \/ Yoast SEO plugin. -->","yoast_head_json":{"title":"Vous avez frapp\u00e9 la ville dans le 2: 3 contre le vrai - Mbangula a r\u00e9alis\u00e9 Siegtor pour la Juve - BVB surpris | Vie Associative","robots":{"index":"index","follow":"follow","max-snippet":"max-snippet:-1","max-image-preview":"max-image-preview:large","max-video-preview":"max-video-preview:-1"},"canonical":"https:\/\/vieassociative.be\/actualites\/vous-avez-frappe-la-ville-dans-le-2-3-contre-le-vrai-mbangula-a-realise-siegtor-pour-la-juve-bvb-surpris\/","og_locale":"fr_FR","og_type":"article","og_title":"Vous avez frapp\u00e9 la ville dans le 2: 3 contre le vrai - Mbangula a r\u00e9alis\u00e9 Siegtor pour la Juve - BVB surpris | Vie Associative","og_description":"Apr\u00e8s un match anim\u00e9, le Real Madrid a gagn\u00e9 3-2 \u00e0 Manchester City. Dans le m\u00eame temps, la Juventus a obtenu une option int\u00e9ressante pour","og_url":"https:\/\/vieassociative.be\/actualites\/vous-avez-frappe-la-ville-dans-le-2-3-contre-le-vrai-mbangula-a-realise-siegtor-pour-la-juve-bvb-surpris\/","og_site_name":"Vie Associative","article_published_time":"2025-02-12T02:17:26+00:00","og_image":[{"width":279,"height":92,"url":"https:\/\/vieassociative.be\/actualites\/wp-content\/uploads\/2024\/09\/header_backgroundk-01-e1726694325946.png","type":"image\/png"}],"author":"Julien","twitter_card":"summary_large_image","twitter_misc":{"\u00c9crit par":"Julien","Dur\u00e9e de lecture est.":"3 minutes"},"schema":{"@context":"https:\/\/schema.org","@graph":[{"@type":"Article","@id":"https:\/\/vieassociative.be\/actualites\/vous-avez-frappe-la-ville-dans-le-2-3-contre-le-vrai-mbangula-a-realise-siegtor-pour-la-juve-bvb-surpris\/#article","isPartOf":{"@id":"https:\/\/vieassociative.be\/actualites\/vous-avez-frappe-la-ville-dans-le-2-3-contre-le-vrai-mbangula-a-realise-siegtor-pour-la-juve-bvb-surpris\/"},"author":{"name":"Julien","@id":"https:\/\/vieassociative.be\/actualites\/#\/schema\/person\/b87ac4f82f9d4e7b7cec7395b679edc4"},"headline":"Vous avez frapp\u00e9 la ville dans le 2: 3 contre le vrai &#8211; Mbangula a r\u00e9alis\u00e9 Siegtor pour la Juve &#8211; BVB surpris","datePublished":"2025-02-12T02:17:26+00:00","dateModified":"2025-02-12T02:17:26+00:00","mainEntityOfPage":{"@id":"https:\/\/vieassociative.be\/actualites\/vous-avez-frappe-la-ville-dans-le-2-3-contre-le-vrai-mbangula-a-realise-siegtor-pour-la-juve-bvb-surpris\/"},"wordCount":581,"publisher":{"@id":"https:\/\/vieassociative.be\/actualites\/#organization"},"image":{"@id":"https:\/\/vieassociative.be\/actualites\/vous-avez-frappe-la-ville-dans-le-2-3-contre-le-vrai-mbangula-a-realise-siegtor-pour-la-juve-bvb-surpris\/#primaryimage"},"thumbnailUrl":"https:\/\/vieassociative.be\/actualites\/wp-content\/uploads\/2025\/02\/1739326646_Vous-avez-frappe-la-ville-dans-le-2-3-contre.jpg","keywords":["avez","BVB","contre","dans","frappe","Juve","Mbangula","pour","r\u00e9alise","Siegtor","surpris","ville","Vous","vrai"],"articleSection":["Belgique"],"inLanguage":"fr-BE"},{"@type":"WebPage","@id":"https:\/\/vieassociative.be\/actualites\/vous-avez-frappe-la-ville-dans-le-2-3-contre-le-vrai-mbangula-a-realise-siegtor-pour-la-juve-bvb-surpris\/","url":"https:\/\/vieassociative.be\/actualites\/vous-avez-frappe-la-ville-dans-le-2-3-contre-le-vrai-mbangula-a-realise-siegtor-pour-la-juve-bvb-surpris\/","name":"Vous avez frapp\u00e9 la ville dans le 2: 3 contre le vrai - Mbangula a r\u00e9alis\u00e9 Siegtor pour la Juve - BVB surpris | Vie Associative","isPartOf":{"@id":"https:\/\/vieassociative.be\/actualites\/#website"},"primaryImageOfPage":{"@id":"https:\/\/vieassociative.be\/actualites\/vous-avez-frappe-la-ville-dans-le-2-3-contre-le-vrai-mbangula-a-realise-siegtor-pour-la-juve-bvb-surpris\/#primaryimage"},"image":{"@id":"https:\/\/vieassociative.be\/actualites\/vous-avez-frappe-la-ville-dans-le-2-3-contre-le-vrai-mbangula-a-realise-siegtor-pour-la-juve-bvb-surpris\/#primaryimage"},"thumbnailUrl":"https:\/\/vieassociative.be\/actualites\/wp-content\/uploads\/2025\/02\/1739326646_Vous-avez-frappe-la-ville-dans-le-2-3-contre.jpg","datePublished":"2025-02-12T02:17:26+00:00","dateModified":"2025-02-12T02:17:26+00:00","breadcrumb":{"@id":"https:\/\/vieassociative.be\/actualites\/vous-avez-frappe-la-ville-dans-le-2-3-contre-le-vrai-mbangula-a-realise-siegtor-pour-la-juve-bvb-surpris\/#breadcrumb"},"inLanguage":"fr-BE","potentialAction":[{"@type":"ReadAction","target":["https:\/\/vieassociative.be\/actualites\/vous-avez-frappe-la-ville-dans-le-2-3-contre-le-vrai-mbangula-a-realise-siegtor-pour-la-juve-bvb-surpris\/"]}]},{"@type":"ImageObject","inLanguage":"fr-BE","@id":"https:\/\/vieassociative.be\/actualites\/vous-avez-frappe-la-ville-dans-le-2-3-contre-le-vrai-mbangula-a-realise-siegtor-pour-la-juve-bvb-surpris\/#primaryimage","url":"https:\/\/vieassociative.be\/actualites\/wp-content\/uploads\/2025\/02\/1739326646_Vous-avez-frappe-la-ville-dans-le-2-3-contre.jpg","contentUrl":"https:\/\/vieassociative.be\/actualites\/wp-content\/uploads\/2025\/02\/1739326646_Vous-avez-frappe-la-ville-dans-le-2-3-contre.jpg","width":1200,"height":800,"caption":"Vous avez frapp\u00e9 la ville dans le 2: 3 contre le vrai - Mbangula a r\u00e9alis\u00e9 Siegtor pour la Juve - BVB surpris"},{"@type":"BreadcrumbList","@id":"https:\/\/vieassociative.be\/actualites\/vous-avez-frappe-la-ville-dans-le-2-3-contre-le-vrai-mbangula-a-realise-siegtor-pour-la-juve-bvb-surpris\/#breadcrumb","itemListElement":[{"@type":"ListItem","position":1,"name":"Accueil","item":"https:\/\/vieassociative.be\/actualites\/"},{"@type":"ListItem","position":2,"name":"Vous avez frapp\u00e9 la ville dans le 2: 3 contre le vrai &#8211; Mbangula a r\u00e9alis\u00e9 Siegtor pour la Juve &#8211; BVB surpris"}]},{"@type":"WebSite","@id":"https:\/\/vieassociative.be\/actualites\/#website","url":"https:\/\/vieassociative.be\/actualites\/","name":"Vie Associative","description":"","publisher":{"@id":"https:\/\/vieassociative.be\/actualites\/#organization"},"potentialAction":[{"@type":"SearchAction","target":{"@type":"EntryPoint","urlTemplate":"https:\/\/vieassociative.be\/actualites\/?s={search_term_string}"},"query-input":{"@type":"PropertyValueSpecification","valueRequired":true,"valueName":"search_term_string"}}],"inLanguage":"fr-BE"},{"@type":"Organization","@id":"https:\/\/vieassociative.be\/actualites\/#organization","name":"Vie Associative","url":"https:\/\/vieassociative.be\/actualites\/","logo":{"@type":"ImageObject","inLanguage":"fr-BE","@id":"https:\/\/vieassociative.be\/actualites\/#\/schema\/logo\/image\/","url":"https:\/\/vieassociative.be\/actualites\/wp-content\/uploads\/2024\/09\/cropped-vieassociative_favicon.ico.png","contentUrl":"https:\/\/vieassociative.be\/actualites\/wp-content\/uploads\/2024\/09\/cropped-vieassociative_favicon.ico.png","width":512,"height":512,"caption":"Vie Associative"},"image":{"@id":"https:\/\/vieassociative.be\/actualites\/#\/schema\/logo\/image\/"}},{"@type":"Person","@id":"https:\/\/vieassociative.be\/actualites\/#\/schema\/person\/b87ac4f82f9d4e7b7cec7395b679edc4","name":"Julien","image":{"@type":"ImageObject","inLanguage":"fr-BE","@id":"https:\/\/vieassociative.be\/actualites\/#\/schema\/person\/image\/","url":"https:\/\/vieassociative.be\/actualites\/wp-content\/uploads\/2024\/09\/vie-associative-1-150x150.jpg","contentUrl":"https:\/\/vieassociative.be\/actualites\/wp-content\/uploads\/2024\/09\/vie-associative-1-150x150.jpg","caption":"Julien"},"description":"Je suis Julien, r\u00e9dacteur pour Vie Associative. Passionn\u00e9 par le monde associatif depuis plus de 10 ans, j'ai \u00e0 c\u0153ur de partager des histoires inspirantes et de mettre en lumi\u00e8re les initiatives locales. Mon objectif est de sensibiliser et d'encourager l'engagement communautaire \u00e0 travers mes articles.","sameAs":["https:\/\/vieassociative.be\/"]}]}},"_links":{"self":[{"href":"https:\/\/vieassociative.be\/actualites\/wp-json\/wp\/v2\/posts\/5044"}],"collection":[{"href":"https:\/\/vieassociative.be\/actualites\/wp-json\/wp\/v2\/posts"}],"about":[{"href":"https:\/\/vieassociative.be\/actualites\/wp-json\/wp\/v2\/types\/post"}],"author":[{"embeddable":true,"href":"https:\/\/vieassociative.be\/actualites\/wp-json\/wp\/v2\/users\/1"}],"replies":[{"embeddable":true,"href":"https:\/\/vieassociative.be\/actualites\/wp-json\/wp\/v2\/comments?post=5044"}],"version-history":[{"count":0,"href":"https:\/\/vieassociative.be\/actualites\/wp-json\/wp\/v2\/posts\/5044\/revisions"}],"wp:featuredmedia":[{"embeddable":true,"href":"https:\/\/vieassociative.be\/actualites\/wp-json\/wp\/v2\/media\/5045"}],"wp:attachment":[{"href":"https:\/\/vieassociative.be\/actualites\/wp-json\/wp\/v2\/media?parent=5044"}],"wp:term":[{"taxonomy":"category","embeddable":true,"href":"https:\/\/vieassociative.be\/actualites\/wp-json\/wp\/v2\/categories?post=5044"},{"taxonomy":"post_tag","embeddable":true,"href":"https:\/\/vieassociative.be\/actualites\/wp-json\/wp\/v2\/tags?post=5044"}],"curies":[{"name":"wp","href":"https:\/\/api.w.org\/{rel}","templated":true}]}}