{"id":5042,"date":"2025-02-12T02:22:20","date_gmt":"2025-02-12T01:22:20","guid":{"rendered":"https:\/\/vieassociative.be\/actualites\/powerbeats-pro-2-dapple-a-un-moniteur-de-frequence-cardiaque-integre\/"},"modified":"2025-02-12T02:22:20","modified_gmt":"2025-02-12T01:22:20","slug":"powerbeats-pro-2-dapple-a-un-moniteur-de-frequence-cardiaque-integre","status":"publish","type":"post","link":"https:\/\/vieassociative.be\/actualites\/powerbeats-pro-2-dapple-a-un-moniteur-de-frequence-cardiaque-integre\/","title":{"rendered":"Powerbeats Pro 2 d&rsquo;Apple a un moniteur de fr\u00e9quence cardiaque int\u00e9gr\u00e9"},"content":{"rendered":"<div class=\"mt-4 leading-6 md:mb-8\">La fonctionnalit\u00e9 arrive \u00e9galement \u00e0 une future version d&rsquo;AirPods.<\/div>\n<p><\/p>\n<p>Les \u00e9couteurs sans fil sont super, mais ils peuvent \u00eatre assez identiques d&rsquo;une marque \u00e0 l&rsquo;autre. La plupart adoptent le langage de conception des AirPods classiques &#8211; les bourgeons et les bourgeons, g\u00e9n\u00e9ralement avec une sorte de tige, qui voyagent tous dans un cas de charge. Chacun a sa propre liste des avantages et des inconv\u00e9nients, bien s\u00fbr, mais la cat\u00e9gorie de produits a certainement homog\u00e9n\u00e9is\u00e9. <\/p>\n<p>Le Powerbeats Pro 2 nouvellement annonc\u00e9 semble cependant un peu diff\u00e9rent. Bien s\u00fbr, ces nouveaux bourgeons font toutes les choses que vous attendez d&rsquo;une paire d&rsquo;\u00e9couteurs de 250 $: ils ont un mode de rendement et de transparence actif &#8211; ce dernier qui pompe des sons du monde qui vous entoure afin que vous puissiez entendre ce qui se passe avec Vos \u00e9couteurs. Ils sont r\u00e9sistants \u00e0 la transpiration et \u00e0 l&rsquo;eau IPX4, et ont une dur\u00e9e de vie respectable de la batterie de 45 heures lorsque vous consid\u00e9rez le coup de pouce suppl\u00e9mentaire du bo\u00eetier de charge.<\/p>\n<p>Mais ils <em>regarder<\/em> Diff\u00e9rent des autres \u00e9couteurs, gr\u00e2ce aux \u00ab\u00a0coiffures\u00a0\u00bb des bourgeons. (Je dirais que la couleur de l&rsquo;orange \u00e9lectrique aide \u00e9galement dans ce d\u00e9partement.) Si vous constatez que les \u00e9couteurs sans fil traditionnels ont tendance \u00e0 tomber de vos oreilles, les crochets du Powerbeats Pro 2 (transport\u00e9 par le Powerbeats Pro d&rsquo;origine) pourraient en offrir quelques-uns Support suppl\u00e9mentaire. Mais, l\u00e0 encore, si vous \u00eates habitu\u00e9 \u00e0 la sensation d&rsquo;\u00e9couteurs traditionnels, la pression suppl\u00e9mentaire de l&rsquo;oreille pourrait \u00eatre diff\u00e9rente. Je recommanderais d&rsquo;essayer les deux types d&rsquo;\u00e9couteurs si vous n&rsquo;\u00eates pas s\u00fbr. Mais, de toute fa\u00e7on, les diff\u00e9rences visuelles font d\u00e9finitivement se d\u00e9marquer du Powerbeats Pro 2.  <\/p>\n<h2 id=\"powerbeats-pro-2-can-track-your-heart-rate\">Powerbeats Pro 2 peut suivre votre fr\u00e9quence cardiaque<\/h2>\n<p>Ce qui a attir\u00e9 mon attention, cependant, c&rsquo;est le moniteur de fr\u00e9quence cardiaque int\u00e9gr\u00e9e. Ces capteurs sont assis sur le c\u00f4t\u00e9 de chaque \u00e9couteur et suivent votre fr\u00e9quence cardiaque \u00e0 travers votre oreille. C&rsquo;est comme avoir une petite montre Apple dans chacune de vos oreilles &#8211; ce qui est un peu bizarre, mais aussi vraiment cool. Ce ne sont pas les premiers \u00e9couteurs \u00e0 le faire: comme l&rsquo;a soulign\u00e9 David Carnoy de CNET, les \u00e9couteurs de sport de momentum de Sennheiser sont venus avec des capteurs similaires. Ces moniteurs de fr\u00e9quence cardiaque \u00e9taient assez pr\u00e9cis dans l&rsquo;exp\u00e9rience de Carnoy, tout comme ceux du Powerbeats Pro 2. <\/p>\n<p>Beats dit que les moniteurs de fr\u00e9quence cardiaque dans ses nouveaux bourgeons fonctionnent sur un certain nombre de plates-formes, notamment Apple, Android et d&rsquo;autres \u00e9quipements de fitness compatibles Bluetooth. Cependant, il convient de noter que si vous utilisez le Powerbeats Pro 2 avec une Apple Watch, l&rsquo;application Health sur votre iPhone retirera de la montre plut\u00f4t que vos \u00e9couteurs. Vous devrez enlever votre Apple Watch ou d\u00e9sactiver le tracker Heart sur la montre si vous souhaitez compter sur les moniteurs de fr\u00e9quence cardiaque sur vos PowerBeats.<\/p>\n<p>Si tu <em>ne le faites pas<\/em> Comme les Hooks d&rsquo;Ear sur le Powerbeats Pro 2, ou vous n&rsquo;\u00eates qu&rsquo;un fan d\u00e9di\u00e9 des AirPod, ne vous inqui\u00e9tez pas: cette technologie arrive \u00e9galement aux \u00e9couteurs phares d&rsquo;Apple &#8211; tout simplement pas imm\u00e9diatement. Selon Mark Gurman de Bloomberg, ces nouveaux AirPods sont \u00ab\u00a0encore \u00e0 plusieurs mois\u00a0\u00bb, donc le Powerbeats Pro 2 restera le seul \u00e9couteur produit par pomme avec suivi de la fr\u00e9quence cardiaque un peu plus longtemps.<\/p>\n<h2 id=\"other-powerbeats-pro-2-perks\">Autres avantages Powerbeats Pro 2<\/h2>\n<p>Bien que Powerbeats fonctionne avec de nombreuses plateformes, ils sont d\u00e9finitivement con\u00e7us pour le propre \u00e9cosyst\u00e8me d&rsquo;Apple. Si vous avez d&rsquo;autres appareils Apple, vos PowerBeats basculent entre chaque appareil lorsque vous jouez une source audio, tout comme les autres \u00e9couteurs Apple. Il y a \u00e9galement un audio spatial personnalis\u00e9, un partage audio (s\u00e9parateurs de casque RIP) et Siri mains libres, si vous aimez cingler l&rsquo;assistant tout en portant vos \u00e9couteurs.   <\/p>\n<p>Les bourgeons ont \u00e9galement des commandes de lecture physique via le bouton \u00ab\u00a0B\u00a0\u00bb sur chaque bourgeon, ainsi que des rockers en volume sur les deux. En tant que personne qui utilise toujours une paire de premi\u00e8re g\u00e9n\u00e9ration d&rsquo;AirPods Pro, les commandes physiques int\u00e9gr\u00e9es sur les bourgeons sont <em>tr\u00e8s<\/em> tentant. <\/p>\n<p>Dans la revue de Carnoy pour CNET, il a constat\u00e9 que le Powerbeats Pro 2 \u00e9tait assez similaire \u00e0 l&rsquo;AirPods Pro 2 en qualit\u00e9 audio et en renomm\u00e9e du bruit, bien qu&rsquo;il pensait que les AirPods avaient une performance plus coh\u00e9rente dans l&rsquo;ensemble. Les Powerbeats Pro 2 manquent certaines fonctionnalit\u00e9s AirPods Pro 2, telles que l&rsquo;audio adaptatif, qui bloque automatiquement les bruits sur un certain d\u00e9cibel, ou la conscience de la conversation, ce qui r\u00e9duit le volume lorsqu&rsquo;il d\u00e9tecte que vous parlez \u00e0 quelqu&rsquo;un. <\/p>\n","protected":false},"excerpt":{"rendered":"<p>La fonctionnalit\u00e9 arrive \u00e9galement \u00e0 une future version d&rsquo;AirPods. Les \u00e9couteurs sans fil sont super, mais ils peuvent \u00eatre assez identiques d&rsquo;une marque \u00e0 l&rsquo;autre.<\/p>\n","protected":false},"author":1,"featured_media":5043,"comment_status":"","ping_status":"","sticky":false,"template":"","format":"standard","meta":{"footnotes":""},"categories":[13],"tags":[5297,590,3876,5298,1877,5296,630],"class_list":["post-5042","post","type-post","status-publish","format-standard","has-post-thumbnail","hentry","category-technologie","tag-cardiaque","tag-dapple","tag-frequence","tag-integre","tag-moniteur","tag-powerbeats","tag-pro","generate-columns","tablet-grid-50","mobile-grid-100","grid-parent","grid-33"],"yoast_head":"<!-- This site is optimized with the Yoast SEO plugin v24.0 - https:\/\/yoast.com\/wordpress\/plugins\/seo\/ -->\n<title>Powerbeats Pro 2 d&#039;Apple a un moniteur de fr\u00e9quence cardiaque int\u00e9gr\u00e9 | Vie Associative<\/title>\n<meta name=\"robots\" content=\"index, follow, max-snippet:-1, max-image-preview:large, max-video-preview:-1\" \/>\n<link rel=\"canonical\" href=\"https:\/\/vieassociative.be\/actualites\/powerbeats-pro-2-dapple-a-un-moniteur-de-frequence-cardiaque-integre\/\" \/>\n<meta property=\"og:locale\" content=\"fr_FR\" \/>\n<meta property=\"og:type\" content=\"article\" \/>\n<meta property=\"og:title\" content=\"Powerbeats Pro 2 d&#039;Apple a un moniteur de fr\u00e9quence cardiaque int\u00e9gr\u00e9 | Vie Associative\" \/>\n<meta property=\"og:description\" content=\"La fonctionnalit\u00e9 arrive \u00e9galement \u00e0 une future version d&rsquo;AirPods. Les \u00e9couteurs sans fil sont super, mais ils peuvent \u00eatre assez identiques d&rsquo;une marque \u00e0 l&rsquo;autre.\" \/>\n<meta property=\"og:url\" content=\"https:\/\/vieassociative.be\/actualites\/powerbeats-pro-2-dapple-a-un-moniteur-de-frequence-cardiaque-integre\/\" \/>\n<meta property=\"og:site_name\" content=\"Vie Associative\" \/>\n<meta property=\"article:published_time\" content=\"2025-02-12T01:22:20+00:00\" \/>\n<meta property=\"og:image\" content=\"https:\/\/vieassociative.be\/actualites\/wp-content\/uploads\/2024\/09\/header_backgroundk-01-e1726694325946.png\" \/>\n\t<meta property=\"og:image:width\" content=\"279\" \/>\n\t<meta property=\"og:image:height\" content=\"92\" \/>\n\t<meta property=\"og:image:type\" content=\"image\/png\" \/>\n<meta name=\"author\" content=\"Julien\" \/>\n<meta name=\"twitter:card\" content=\"summary_large_image\" \/>\n<meta name=\"twitter:label1\" content=\"\u00c9crit par\" \/>\n\t<meta name=\"twitter:data1\" content=\"Julien\" \/>\n\t<meta name=\"twitter:label2\" content=\"Dur\u00e9e de lecture est.\" \/>\n\t<meta name=\"twitter:data2\" content=\"4 minutes\" \/>\n<script type=\"application\/ld+json\" class=\"yoast-schema-graph\">{\"@context\":\"https:\/\/schema.org\",\"@graph\":[{\"@type\":\"Article\",\"@id\":\"https:\/\/vieassociative.be\/actualites\/powerbeats-pro-2-dapple-a-un-moniteur-de-frequence-cardiaque-integre\/#article\",\"isPartOf\":{\"@id\":\"https:\/\/vieassociative.be\/actualites\/powerbeats-pro-2-dapple-a-un-moniteur-de-frequence-cardiaque-integre\/\"},\"author\":{\"name\":\"Julien\",\"@id\":\"https:\/\/vieassociative.be\/actualites\/#\/schema\/person\/b87ac4f82f9d4e7b7cec7395b679edc4\"},\"headline\":\"Powerbeats Pro 2 d&rsquo;Apple a un moniteur de fr\u00e9quence cardiaque int\u00e9gr\u00e9\",\"datePublished\":\"2025-02-12T01:22:20+00:00\",\"dateModified\":\"2025-02-12T01:22:20+00:00\",\"mainEntityOfPage\":{\"@id\":\"https:\/\/vieassociative.be\/actualites\/powerbeats-pro-2-dapple-a-un-moniteur-de-frequence-cardiaque-integre\/\"},\"wordCount\":839,\"publisher\":{\"@id\":\"https:\/\/vieassociative.be\/actualites\/#organization\"},\"image\":{\"@id\":\"https:\/\/vieassociative.be\/actualites\/powerbeats-pro-2-dapple-a-un-moniteur-de-frequence-cardiaque-integre\/#primaryimage\"},\"thumbnailUrl\":\"https:\/\/vieassociative.be\/actualites\/wp-content\/uploads\/2025\/02\/Powerbeats-Pro-2-dApple-a-un-moniteur-de-frequence-cardiaque.jpg\",\"keywords\":[\"cardiaque\",\"dApple\",\"fr\u00e9quence\",\"int\u00e9gr\u00e9\",\"moniteur\",\"Powerbeats\",\"Pro\"],\"articleSection\":[\"Technologie\"],\"inLanguage\":\"fr-BE\"},{\"@type\":\"WebPage\",\"@id\":\"https:\/\/vieassociative.be\/actualites\/powerbeats-pro-2-dapple-a-un-moniteur-de-frequence-cardiaque-integre\/\",\"url\":\"https:\/\/vieassociative.be\/actualites\/powerbeats-pro-2-dapple-a-un-moniteur-de-frequence-cardiaque-integre\/\",\"name\":\"Powerbeats Pro 2 d'Apple a un moniteur de fr\u00e9quence cardiaque int\u00e9gr\u00e9 | Vie Associative\",\"isPartOf\":{\"@id\":\"https:\/\/vieassociative.be\/actualites\/#website\"},\"primaryImageOfPage\":{\"@id\":\"https:\/\/vieassociative.be\/actualites\/powerbeats-pro-2-dapple-a-un-moniteur-de-frequence-cardiaque-integre\/#primaryimage\"},\"image\":{\"@id\":\"https:\/\/vieassociative.be\/actualites\/powerbeats-pro-2-dapple-a-un-moniteur-de-frequence-cardiaque-integre\/#primaryimage\"},\"thumbnailUrl\":\"https:\/\/vieassociative.be\/actualites\/wp-content\/uploads\/2025\/02\/Powerbeats-Pro-2-dApple-a-un-moniteur-de-frequence-cardiaque.jpg\",\"datePublished\":\"2025-02-12T01:22:20+00:00\",\"dateModified\":\"2025-02-12T01:22:20+00:00\",\"breadcrumb\":{\"@id\":\"https:\/\/vieassociative.be\/actualites\/powerbeats-pro-2-dapple-a-un-moniteur-de-frequence-cardiaque-integre\/#breadcrumb\"},\"inLanguage\":\"fr-BE\",\"potentialAction\":[{\"@type\":\"ReadAction\",\"target\":[\"https:\/\/vieassociative.be\/actualites\/powerbeats-pro-2-dapple-a-un-moniteur-de-frequence-cardiaque-integre\/\"]}]},{\"@type\":\"ImageObject\",\"inLanguage\":\"fr-BE\",\"@id\":\"https:\/\/vieassociative.be\/actualites\/powerbeats-pro-2-dapple-a-un-moniteur-de-frequence-cardiaque-integre\/#primaryimage\",\"url\":\"https:\/\/vieassociative.be\/actualites\/wp-content\/uploads\/2025\/02\/Powerbeats-Pro-2-dApple-a-un-moniteur-de-frequence-cardiaque.jpg\",\"contentUrl\":\"https:\/\/vieassociative.be\/actualites\/wp-content\/uploads\/2025\/02\/Powerbeats-Pro-2-dApple-a-un-moniteur-de-frequence-cardiaque.jpg\",\"width\":1200,\"height\":675,\"caption\":\"Powerbeats Pro 2 d'Apple a un moniteur de fr\u00e9quence cardiaque int\u00e9gr\u00e9\"},{\"@type\":\"BreadcrumbList\",\"@id\":\"https:\/\/vieassociative.be\/actualites\/powerbeats-pro-2-dapple-a-un-moniteur-de-frequence-cardiaque-integre\/#breadcrumb\",\"itemListElement\":[{\"@type\":\"ListItem\",\"position\":1,\"name\":\"Accueil\",\"item\":\"https:\/\/vieassociative.be\/actualites\/\"},{\"@type\":\"ListItem\",\"position\":2,\"name\":\"Powerbeats Pro 2 d&rsquo;Apple a un moniteur de fr\u00e9quence cardiaque int\u00e9gr\u00e9\"}]},{\"@type\":\"WebSite\",\"@id\":\"https:\/\/vieassociative.be\/actualites\/#website\",\"url\":\"https:\/\/vieassociative.be\/actualites\/\",\"name\":\"Vie Associative\",\"description\":\"\",\"publisher\":{\"@id\":\"https:\/\/vieassociative.be\/actualites\/#organization\"},\"potentialAction\":[{\"@type\":\"SearchAction\",\"target\":{\"@type\":\"EntryPoint\",\"urlTemplate\":\"https:\/\/vieassociative.be\/actualites\/?s={search_term_string}\"},\"query-input\":{\"@type\":\"PropertyValueSpecification\",\"valueRequired\":true,\"valueName\":\"search_term_string\"}}],\"inLanguage\":\"fr-BE\"},{\"@type\":\"Organization\",\"@id\":\"https:\/\/vieassociative.be\/actualites\/#organization\",\"name\":\"Vie Associative\",\"url\":\"https:\/\/vieassociative.be\/actualites\/\",\"logo\":{\"@type\":\"ImageObject\",\"inLanguage\":\"fr-BE\",\"@id\":\"https:\/\/vieassociative.be\/actualites\/#\/schema\/logo\/image\/\",\"url\":\"https:\/\/vieassociative.be\/actualites\/wp-content\/uploads\/2024\/09\/cropped-vieassociative_favicon.ico.png\",\"contentUrl\":\"https:\/\/vieassociative.be\/actualites\/wp-content\/uploads\/2024\/09\/cropped-vieassociative_favicon.ico.png\",\"width\":512,\"height\":512,\"caption\":\"Vie Associative\"},\"image\":{\"@id\":\"https:\/\/vieassociative.be\/actualites\/#\/schema\/logo\/image\/\"}},{\"@type\":\"Person\",\"@id\":\"https:\/\/vieassociative.be\/actualites\/#\/schema\/person\/b87ac4f82f9d4e7b7cec7395b679edc4\",\"name\":\"Julien\",\"image\":{\"@type\":\"ImageObject\",\"inLanguage\":\"fr-BE\",\"@id\":\"https:\/\/vieassociative.be\/actualites\/#\/schema\/person\/image\/\",\"url\":\"https:\/\/vieassociative.be\/actualites\/wp-content\/uploads\/2024\/09\/vie-associative-1-150x150.jpg\",\"contentUrl\":\"https:\/\/vieassociative.be\/actualites\/wp-content\/uploads\/2024\/09\/vie-associative-1-150x150.jpg\",\"caption\":\"Julien\"},\"description\":\"Je suis Julien, r\u00e9dacteur pour Vie Associative. Passionn\u00e9 par le monde associatif depuis plus de 10 ans, j'ai \u00e0 c\u0153ur de partager des histoires inspirantes et de mettre en lumi\u00e8re les initiatives locales. Mon objectif est de sensibiliser et d'encourager l'engagement communautaire \u00e0 travers mes articles.\",\"sameAs\":[\"https:\/\/vieassociative.be\/\"]}]}<\/script>\n<!-- \/ Yoast SEO plugin. -->","yoast_head_json":{"title":"Powerbeats Pro 2 d'Apple a un moniteur de fr\u00e9quence cardiaque int\u00e9gr\u00e9 | Vie Associative","robots":{"index":"index","follow":"follow","max-snippet":"max-snippet:-1","max-image-preview":"max-image-preview:large","max-video-preview":"max-video-preview:-1"},"canonical":"https:\/\/vieassociative.be\/actualites\/powerbeats-pro-2-dapple-a-un-moniteur-de-frequence-cardiaque-integre\/","og_locale":"fr_FR","og_type":"article","og_title":"Powerbeats Pro 2 d'Apple a un moniteur de fr\u00e9quence cardiaque int\u00e9gr\u00e9 | Vie Associative","og_description":"La fonctionnalit\u00e9 arrive \u00e9galement \u00e0 une future version d&rsquo;AirPods. Les \u00e9couteurs sans fil sont super, mais ils peuvent \u00eatre assez identiques d&rsquo;une marque \u00e0 l&rsquo;autre.","og_url":"https:\/\/vieassociative.be\/actualites\/powerbeats-pro-2-dapple-a-un-moniteur-de-frequence-cardiaque-integre\/","og_site_name":"Vie Associative","article_published_time":"2025-02-12T01:22:20+00:00","og_image":[{"width":279,"height":92,"url":"https:\/\/vieassociative.be\/actualites\/wp-content\/uploads\/2024\/09\/header_backgroundk-01-e1726694325946.png","type":"image\/png"}],"author":"Julien","twitter_card":"summary_large_image","twitter_misc":{"\u00c9crit par":"Julien","Dur\u00e9e de lecture est.":"4 minutes"},"schema":{"@context":"https:\/\/schema.org","@graph":[{"@type":"Article","@id":"https:\/\/vieassociative.be\/actualites\/powerbeats-pro-2-dapple-a-un-moniteur-de-frequence-cardiaque-integre\/#article","isPartOf":{"@id":"https:\/\/vieassociative.be\/actualites\/powerbeats-pro-2-dapple-a-un-moniteur-de-frequence-cardiaque-integre\/"},"author":{"name":"Julien","@id":"https:\/\/vieassociative.be\/actualites\/#\/schema\/person\/b87ac4f82f9d4e7b7cec7395b679edc4"},"headline":"Powerbeats Pro 2 d&rsquo;Apple a un moniteur de fr\u00e9quence cardiaque int\u00e9gr\u00e9","datePublished":"2025-02-12T01:22:20+00:00","dateModified":"2025-02-12T01:22:20+00:00","mainEntityOfPage":{"@id":"https:\/\/vieassociative.be\/actualites\/powerbeats-pro-2-dapple-a-un-moniteur-de-frequence-cardiaque-integre\/"},"wordCount":839,"publisher":{"@id":"https:\/\/vieassociative.be\/actualites\/#organization"},"image":{"@id":"https:\/\/vieassociative.be\/actualites\/powerbeats-pro-2-dapple-a-un-moniteur-de-frequence-cardiaque-integre\/#primaryimage"},"thumbnailUrl":"https:\/\/vieassociative.be\/actualites\/wp-content\/uploads\/2025\/02\/Powerbeats-Pro-2-dApple-a-un-moniteur-de-frequence-cardiaque.jpg","keywords":["cardiaque","dApple","fr\u00e9quence","int\u00e9gr\u00e9","moniteur","Powerbeats","Pro"],"articleSection":["Technologie"],"inLanguage":"fr-BE"},{"@type":"WebPage","@id":"https:\/\/vieassociative.be\/actualites\/powerbeats-pro-2-dapple-a-un-moniteur-de-frequence-cardiaque-integre\/","url":"https:\/\/vieassociative.be\/actualites\/powerbeats-pro-2-dapple-a-un-moniteur-de-frequence-cardiaque-integre\/","name":"Powerbeats Pro 2 d'Apple a un moniteur de fr\u00e9quence cardiaque int\u00e9gr\u00e9 | Vie Associative","isPartOf":{"@id":"https:\/\/vieassociative.be\/actualites\/#website"},"primaryImageOfPage":{"@id":"https:\/\/vieassociative.be\/actualites\/powerbeats-pro-2-dapple-a-un-moniteur-de-frequence-cardiaque-integre\/#primaryimage"},"image":{"@id":"https:\/\/vieassociative.be\/actualites\/powerbeats-pro-2-dapple-a-un-moniteur-de-frequence-cardiaque-integre\/#primaryimage"},"thumbnailUrl":"https:\/\/vieassociative.be\/actualites\/wp-content\/uploads\/2025\/02\/Powerbeats-Pro-2-dApple-a-un-moniteur-de-frequence-cardiaque.jpg","datePublished":"2025-02-12T01:22:20+00:00","dateModified":"2025-02-12T01:22:20+00:00","breadcrumb":{"@id":"https:\/\/vieassociative.be\/actualites\/powerbeats-pro-2-dapple-a-un-moniteur-de-frequence-cardiaque-integre\/#breadcrumb"},"inLanguage":"fr-BE","potentialAction":[{"@type":"ReadAction","target":["https:\/\/vieassociative.be\/actualites\/powerbeats-pro-2-dapple-a-un-moniteur-de-frequence-cardiaque-integre\/"]}]},{"@type":"ImageObject","inLanguage":"fr-BE","@id":"https:\/\/vieassociative.be\/actualites\/powerbeats-pro-2-dapple-a-un-moniteur-de-frequence-cardiaque-integre\/#primaryimage","url":"https:\/\/vieassociative.be\/actualites\/wp-content\/uploads\/2025\/02\/Powerbeats-Pro-2-dApple-a-un-moniteur-de-frequence-cardiaque.jpg","contentUrl":"https:\/\/vieassociative.be\/actualites\/wp-content\/uploads\/2025\/02\/Powerbeats-Pro-2-dApple-a-un-moniteur-de-frequence-cardiaque.jpg","width":1200,"height":675,"caption":"Powerbeats Pro 2 d'Apple a un moniteur de fr\u00e9quence cardiaque int\u00e9gr\u00e9"},{"@type":"BreadcrumbList","@id":"https:\/\/vieassociative.be\/actualites\/powerbeats-pro-2-dapple-a-un-moniteur-de-frequence-cardiaque-integre\/#breadcrumb","itemListElement":[{"@type":"ListItem","position":1,"name":"Accueil","item":"https:\/\/vieassociative.be\/actualites\/"},{"@type":"ListItem","position":2,"name":"Powerbeats Pro 2 d&rsquo;Apple a un moniteur de fr\u00e9quence cardiaque int\u00e9gr\u00e9"}]},{"@type":"WebSite","@id":"https:\/\/vieassociative.be\/actualites\/#website","url":"https:\/\/vieassociative.be\/actualites\/","name":"Vie Associative","description":"","publisher":{"@id":"https:\/\/vieassociative.be\/actualites\/#organization"},"potentialAction":[{"@type":"SearchAction","target":{"@type":"EntryPoint","urlTemplate":"https:\/\/vieassociative.be\/actualites\/?s={search_term_string}"},"query-input":{"@type":"PropertyValueSpecification","valueRequired":true,"valueName":"search_term_string"}}],"inLanguage":"fr-BE"},{"@type":"Organization","@id":"https:\/\/vieassociative.be\/actualites\/#organization","name":"Vie Associative","url":"https:\/\/vieassociative.be\/actualites\/","logo":{"@type":"ImageObject","inLanguage":"fr-BE","@id":"https:\/\/vieassociative.be\/actualites\/#\/schema\/logo\/image\/","url":"https:\/\/vieassociative.be\/actualites\/wp-content\/uploads\/2024\/09\/cropped-vieassociative_favicon.ico.png","contentUrl":"https:\/\/vieassociative.be\/actualites\/wp-content\/uploads\/2024\/09\/cropped-vieassociative_favicon.ico.png","width":512,"height":512,"caption":"Vie Associative"},"image":{"@id":"https:\/\/vieassociative.be\/actualites\/#\/schema\/logo\/image\/"}},{"@type":"Person","@id":"https:\/\/vieassociative.be\/actualites\/#\/schema\/person\/b87ac4f82f9d4e7b7cec7395b679edc4","name":"Julien","image":{"@type":"ImageObject","inLanguage":"fr-BE","@id":"https:\/\/vieassociative.be\/actualites\/#\/schema\/person\/image\/","url":"https:\/\/vieassociative.be\/actualites\/wp-content\/uploads\/2024\/09\/vie-associative-1-150x150.jpg","contentUrl":"https:\/\/vieassociative.be\/actualites\/wp-content\/uploads\/2024\/09\/vie-associative-1-150x150.jpg","caption":"Julien"},"description":"Je suis Julien, r\u00e9dacteur pour Vie Associative. Passionn\u00e9 par le monde associatif depuis plus de 10 ans, j'ai \u00e0 c\u0153ur de partager des histoires inspirantes et de mettre en lumi\u00e8re les initiatives locales. Mon objectif est de sensibiliser et d'encourager l'engagement communautaire \u00e0 travers mes articles.","sameAs":["https:\/\/vieassociative.be\/"]}]}},"_links":{"self":[{"href":"https:\/\/vieassociative.be\/actualites\/wp-json\/wp\/v2\/posts\/5042"}],"collection":[{"href":"https:\/\/vieassociative.be\/actualites\/wp-json\/wp\/v2\/posts"}],"about":[{"href":"https:\/\/vieassociative.be\/actualites\/wp-json\/wp\/v2\/types\/post"}],"author":[{"embeddable":true,"href":"https:\/\/vieassociative.be\/actualites\/wp-json\/wp\/v2\/users\/1"}],"replies":[{"embeddable":true,"href":"https:\/\/vieassociative.be\/actualites\/wp-json\/wp\/v2\/comments?post=5042"}],"version-history":[{"count":0,"href":"https:\/\/vieassociative.be\/actualites\/wp-json\/wp\/v2\/posts\/5042\/revisions"}],"wp:featuredmedia":[{"embeddable":true,"href":"https:\/\/vieassociative.be\/actualites\/wp-json\/wp\/v2\/media\/5043"}],"wp:attachment":[{"href":"https:\/\/vieassociative.be\/actualites\/wp-json\/wp\/v2\/media?parent=5042"}],"wp:term":[{"taxonomy":"category","embeddable":true,"href":"https:\/\/vieassociative.be\/actualites\/wp-json\/wp\/v2\/categories?post=5042"},{"taxonomy":"post_tag","embeddable":true,"href":"https:\/\/vieassociative.be\/actualites\/wp-json\/wp\/v2\/tags?post=5042"}],"curies":[{"name":"wp","href":"https:\/\/api.w.org\/{rel}","templated":true}]}}