{"id":5035,"date":"2025-02-11T21:17:34","date_gmt":"2025-02-11T20:17:34","guid":{"rendered":"https:\/\/vieassociative.be\/actualites\/gaza-cafe-rest-est-accroche-au-fil-de-soie-israel-soutient-trump-utimatum-questions-et-reponses\/"},"modified":"2025-02-11T21:17:34","modified_gmt":"2025-02-11T20:17:34","slug":"gaza-cafe-rest-est-accroche-au-fil-de-soie-israel-soutient-trump-utimatum-questions-et-reponses","status":"publish","type":"post","link":"https:\/\/vieassociative.be\/actualites\/gaza-cafe-rest-est-accroche-au-fil-de-soie-israel-soutient-trump-utimatum-questions-et-reponses\/","title":{"rendered":"Gaza Cafe Rest est accroch\u00e9 au fil de soie-Isra\u00ebl soutient Trump-utimatum (questions et r\u00e9ponses)"},"content":{"rendered":"<p><strong>Mis \u00e0 jour &#8211; L&rsquo;islamiste du Hamas arr\u00eate initialement la lib\u00e9ration d&rsquo;autres otages isra\u00e9liens, le pr\u00e9sident am\u00e9ricain Donald Trump met rapidement l&rsquo;extr\u00e9miste dans la bande de Gaza. L&rsquo;accord sur le cessez-le-feu est maintenant au bord du bord. Beaucoup craignent que la guerre de Gaza ait encore \u00e9clat\u00e9. Qu&rsquo;est-ce qui en parle &#8211; et qu&rsquo;en est-il.<\/strong><\/p>\n<p><span id=\"more-407983\"><\/span>Le chef du gouvernement d&rsquo;Isra\u00ebl, Benjamin Netanyahu, a menac\u00e9 le Hamas avec une continuation de la guerre de Gaza s&rsquo;il n&rsquo;expose pas les otages isra\u00e9liens que samedi. Combien d&rsquo;otages doivent \u00eatre lib\u00e9r\u00e9s, il a laiss\u00e9 ouvert dans un message de son bureau. Ci-dessous d&rsquo;horizons sous forme de questions et r\u00e9ponses.<\/p>\n<p><strong>&#8211; Quels sont les motifs du Hamas?<\/strong><\/p>\n<p>Le Hamas veut \u00e9galement rester au pouvoir apr\u00e8s la guerre d\u00e9vastatrice dans la bande de Gaza, qu&rsquo;elle a d\u00e9clench\u00e9 avec son massacre en Isra\u00ebl le 7 octobre 2023. Isra\u00ebl, en revanche, adh\u00e8re \u00e0 l&rsquo;objectif de guerre de d\u00e9truire compl\u00e8tement le Hamas et de mettre fin \u00e0 son r\u00e8gne dans la bande c\u00f4ti\u00e8re une fois pour toutes. Parce qu&rsquo;avec le Hamas \u00e0 la barre, ce n&rsquo;est qu&rsquo;une question de temps avant qu&rsquo;un nouveau cycle de violence ne se produise.<\/p>\n<\/p>\n<div id=\"attachment_408035\" class=\"wp-caption alignleft\" style=\"max-width: 300px\"><img fetchpriority=\"high\" decoding=\"async\" class=\"wp-image-408035 size-medium\" src=\"https:\/\/vieassociative.be\/actualites\/wp-content\/uploads\/2025\/02\/Gaza-Cafe-Rest-est-accroche-au-fil-de-soie-Israel-soutient.jpg\" alt=\"\" width=\"300\" height=\"200\"><\/p>\n<p class=\"wp-caption-text\">02\/10\/2025, r\u00e9gions palestiniennes, Gaza: les Palestiniens disput\u00e9s se dirigent du centre de la bande de Gaza \u00e0 leurs maisons dans le nord de la bande de Gaza. Photo: Abdel Kareem Hana \/ AP \/ DPA<\/p>\n<\/div>\n<p>Pour garantir sa r\u00e8gle, le Hamas souhaite d&rsquo;abord conclure un accord sur une fin permanente de la guerre r\u00e9cente. Enfin, cependant, l&rsquo;impression est survenue qu&rsquo;Isra\u00ebl retarde les n\u00e9gociations sur la deuxi\u00e8me phase de l&rsquo;accord de cessez-le-feu qui devrait y parvenir. Coupl\u00e9 avec le plan de Trump de d\u00e9m\u00e9nager en permanence environ deux millions de r\u00e9sidents de Gaza dans d&rsquo;autres pays et de transformer les bandes c\u00f4ti\u00e8res d\u00e9truites en une \u00ab\u00a0Riviera du Moyen-Orient\u00a0\u00bb, cela a consid\u00e9rablement augment\u00e9 la pression sur l&rsquo;organisation terroriste.<\/p>\n<p>Les otages restent le moyen de pression le plus important du Hamas vers Isra\u00ebl. De nombreux analystes voient l&rsquo;annonce de la suppression de la lib\u00e9ration de nouveaux enlev\u00e9s en tant que tentative de l&rsquo;organisation d&rsquo;am\u00e9liorer leur position de n\u00e9gociation dans les discussions \u00e0 venir.<\/p>\n<p>Mais il y a aussi des signes que le Hamas pourrait \u00eatre pr\u00eat \u00e0 c\u00e9der. Un nouveau d\u00e9but des combats serait un d\u00e9sastre pour les civils souffrant de la bande de Gaza, dont beaucoup viennent de retourner dans leurs zones r\u00e9sidentielles largement d\u00e9truites dans le nord.<\/p>\n<p><strong>&#8211; Que veulent les Isra\u00e9liens?<\/strong><\/p>\n<p>L&rsquo;expert isra\u00e9lien Avi Melamed parle d&rsquo;une \u00ab\u00a0guerre nerveuse\u00a0\u00bb entre Isra\u00ebl et le Hamas. Le Premier ministre isra\u00e9lien Benjamin Netanyahu pourrait \u00eatre contraint de consid\u00e9rer les consid\u00e9rations int\u00e9rieures pour reprendre la guerre contre le Hamas. S&rsquo;il accepte une deuxi\u00e8me phase de l&rsquo;accord de cessez-le-feu, sa coalition religieuse de droite se briserait probablement parce que les partenaires ultra-droits exigeraient une continuation des combats contre le Hamas.<\/p>\n<div id=\"attachment_407523\" class=\"wp-caption alignleft\" style=\"max-width: 300px\"><img decoding=\"async\" class=\"wp-image-407523 size-medium\" src=\"https:\/\/vieassociative.be\/actualites\/wp-content\/uploads\/2025\/02\/1738786650_211_Trump-veut-faire-de-Gaza-un-Riviera-du-Moyen-Orient.jpg\" alt=\"\" width=\"300\" height=\"200\"  ><\/p>\n<p class=\"wp-caption-text\">04.02.2025, \u00c9tats-Unis, Washington: le pr\u00e9sident am\u00e9ricain Donald Trump (R) et le Premier ministre isra\u00e9lien Benjamin Netanyahu parlent lors d&rsquo;une conf\u00e9rence de presse dans la salle est de la Maison Blanche. Photo: Alex Brandon \/ AP \/ DPA<\/p>\n<\/div>\n<p>Cependant, de nouvelles \u00e9lections seraient actuellement catastrophiques pour le chef du gouvernement. Il ne pouvait pas se permettre que sa coalition s&rsquo;effondre, \u00ab\u00a0si le public le bl\u00e2mait que les otages sont rest\u00e9s en captivit\u00e9 pendant si longtemps, et imm\u00e9diatement apr\u00e8s le choc de l&rsquo;\u00e9tat des trois derniers otages lib\u00e9r\u00e9s\u00a0\u00bb, a d\u00e9clar\u00e9 Melamed. Une majorit\u00e9 d&rsquo;Isra\u00e9liens croient \u00ab\u00a0qu&rsquo;il a sacrifi\u00e9 les otages sur l&rsquo;autel de son r\u00e8gne\u00a0\u00bb.<\/p>\n<p>En fin de compte, Isra\u00ebl s&rsquo;efforce de deux buts qui s&rsquo;excluent en grande partie: la destruction du Hamas et la lib\u00e9ration des otages restants. L&rsquo;\u00e9tat mis\u00e9rable des otages et rapports r\u00e9cemment publi\u00e9s sur les circonstances cruelles des otages montrent combien de temps pousse. Isra\u00ebl suppose que 76 otages restants du Hamas sont toujours en vie au maximum.<\/p>\n<p><strong>&#8211; Quel r\u00f4le joue les menaces de Trump?<\/strong><\/p>\n<p>Les demandes de Donald Trump pour un otage rapide d&rsquo;otages et une r\u00e9installation d&rsquo;environ deux millions de Palestiniens menacent de lancer l&rsquo;accord avec un accord laborieusement n\u00e9goci\u00e9 pendant plusieurs mois.<\/p>\n<p>Si le Hamas ne divulgue pas les 76 otages restants d&rsquo;ici samedi apr\u00e8s-midi, il serait qu&rsquo;Isra\u00ebl mette fin au cessez-le-feu et rompait \u00ab\u00a0l&rsquo;enfer\u00a0\u00bb, a d\u00e9clar\u00e9 Trump. Il a menac\u00e9 l&rsquo;US Allied Jordan et l&rsquo;\u00c9gypte avec des pertes financi\u00e8res s&rsquo;ils refusent d&rsquo;accepter les Palestiniens.<\/p>\n<p>Trump a laiss\u00e9 ouvert les cons\u00e9quences sp\u00e9cifiques que le Hamas devrait craindre du c\u00f4t\u00e9 am\u00e9ricain. \u00ab\u00a0Le Hamas d\u00e9couvrira ce que je veux dire\u00a0\u00bb, a-t-il r\u00e9pondu lorsqu&rsquo;on lui a demand\u00e9. \u00ab\u00a0Ce sont des malades.\u00a0\u00bb La d\u00e9cision est finalement avec Isra\u00ebl.<\/p>\n<\/p>\n<div id=\"attachment_408036\" class=\"wp-caption alignleft\" style=\"max-width: 300px\"><img decoding=\"async\" class=\"wp-image-408036 size-medium\" src=\"https:\/\/vieassociative.be\/actualites\/wp-content\/uploads\/2025\/02\/1739305054_165_Gaza-Cafe-Rest-est-accroche-au-fil-de-soie-Israel-soutient.jpg\" alt=\"\" width=\"300\" height=\"200\"><\/p>\n<p class=\"wp-caption-text\">11.02.2025, zones palestiniennes, Gaza: les techniciens pr\u00e9parent des proth\u00e8ses au Centre pour les membres artificiels de l&rsquo;administration de la ville de Gaza City. Photo: Omar Ashtawy Apaimages \/ APA Images via Zum Press Wire \/ DPA<\/p>\n<\/div>\n<p>Un journaliste du journal isra\u00e9lien \u00ab\u00a0Haaretz\u00a0\u00bb a \u00e9crit que les d\u00e9clarations dramatiques de Trump pourraient \u00eatre \u00ab\u00a0un tournant qui conduit \u00e0 la lib\u00e9ration rapide de tous les otages dans un gros accord, soit un tournant qui m\u00e8ne \u00e0 la mort massive des otages et \u00e0 la reprise de la guerre \u00ab\u00a0.<\/p>\n<p><strong>-La Jordan et l&rsquo;\u00c9gypte pourraient-ils accueillir des r\u00e9sidents de Gaza?<\/strong><\/p>\n<p>Le fait que les deux \u00c9tats c\u00e8dent \u00e0 la revendication de Trump est presque impossible. Selon le savant islamique Simon Fuchs de l&rsquo;Universit\u00e9 h\u00e9bra\u00efque de J\u00e9rusalem, la proposition de Trump est une menace existentielle pour les gouvernements des deux pays.<\/p>\n<p>Pour le roi Abdullah II de Jordanie, l&rsquo;existence continue de la monarchie dans son pays et le trait\u00e9 de paix avec Isra\u00ebl. Environ la moiti\u00e9 des habitants du petit pays ont des racines palestiniennes, ce qui entra\u00eene d\u00e9j\u00e0 des tensions. Plus d&rsquo;une fois, la famille royale a d\u00fb se d\u00e9fendre contre les tentatives de renversement militant palestinien.<\/p>\n<p>Le pr\u00e9sident \u00e9gyptien Abdel-Fattah al-Sissi devrait craindre que l&rsquo;admission d&rsquo;un grand nombre de r\u00e9fugi\u00e9s palestiniens de Gaza renforce les extr\u00e9mistes de la p\u00e9ninsule du Sina\u00ef, qui pourrait attaquer Isra\u00ebl \u00e0 partir de l\u00e0. Compte tenu de la situation \u00e9conomiquement d\u00e9sol\u00e9e du pays, Al-Sissi devrait \u00e9galement pr\u00e9occuper que l&rsquo;humeur du pays s&rsquo;oppose dans son ensemble. Il devrait \u00e9galement avoir la r\u00e9cente chute du souverain syrien \u00e0 long terme Bashar al-Assad.<\/p>\n<div id=\"attachment_407988\" class=\"wp-caption alignleft\" style=\"max-width: 300px\"><img loading=\"lazy\" decoding=\"async\" class=\"wp-image-407988 size-medium\" src=\"https:\/\/vieassociative.be\/actualites\/wp-content\/uploads\/2025\/02\/1739305054_465_Gaza-Cafe-Rest-est-accroche-au-fil-de-soie-Israel-soutient.jpg\" alt=\"\" width=\"300\" height=\"200\"><\/p>\n<p class=\"wp-caption-text\">08.02.2025, r\u00e9gions palestiniennes, Deir al-Balah: le prisonnier isra\u00e9lien Eli Sharabi, qui est d\u00e9tenu comme en otage par le Hamas dans la bande de Gaza depuis le 7 octobre 2023, est escort\u00e9 par les combattants du Hamas avant qu&rsquo;il ne soit remis dans la bande de Gaza centrale de Gaza . Photo: Abdel Kareem Hana \/ AP \/ DPA<\/p>\n<\/div>\n<p>L&rsquo;\u00c9gypte et la Jordanie d\u00e9pendent fortement du soutien financier de Washington. Avec Isra\u00ebl, ils sont parmi les trois plus grands b\u00e9n\u00e9ficiaires du soutien am\u00e9ricain. N\u00e9anmoins, Fuchs suppose que \u00ab\u00a0les deux pr\u00e9f\u00e8rent accepter que ces flux d&rsquo;argent ne recevraient pas plus que de se soumettre \u00e0 Trump\u00a0\u00bb. Cela a \u00e9t\u00e9 indiqu\u00e9 par des efforts intensifs dans les coulisses, par exemple avec l&rsquo;aide de la Ligue arabe pour tendre un \u00ab\u00a0diplomate et peut-\u00eatre un bouclier de protection \u00e9conomique\u00a0\u00bb pour les deux pays.<\/p>\n<p><strong>&#8211; Que pourrait signifier les demandes de Trump pour la r\u00e9gion?<\/strong><\/p>\n<p>Selon Fuchs, l&rsquo;influence des \u00c9tats-Unis sur le Moyen-Orient pourrait continuer \u00e0 r\u00e9tr\u00e9cir \u00e0 travers l&rsquo;approche de Trump. Compte tenu de la menace engloutie de l&rsquo;Iran, les \u00c9tats arabes ne d\u00e9pendent plus des \u00c9tats-Unis autant que du premier mandat de Trump. Les deux rivaux de la domination dans la r\u00e9gion de golf, l&rsquo;Arabie saoudite et l&rsquo;Iran, ont m\u00eame approch\u00e9.<\/p>\n<p>Les plans de r\u00e9installation et le rejet isra\u00e9lien d&rsquo;un \u00c9tat palestinien ne sont pas une bonne condition pr\u00e9alable \u00e0 la normalisation de la relation entre Isra\u00ebl et l&rsquo;Arabie saoudite. Ceci, bien que d&rsquo;un point de vue \u00e9conomique, en parle toujours beaucoup, selon le scientifique. (DPA)<\/p>\n","protected":false},"excerpt":{"rendered":"<p>Mis \u00e0 jour &#8211; L&rsquo;islamiste du Hamas arr\u00eate initialement la lib\u00e9ration d&rsquo;autres otages isra\u00e9liens, le pr\u00e9sident am\u00e9ricain Donald Trump met rapidement l&rsquo;extr\u00e9miste dans la bande<\/p>\n","protected":false},"author":1,"featured_media":5036,"comment_status":"","ping_status":"","sticky":false,"template":"","format":"standard","meta":{"footnotes":""},"categories":[298],"tags":[5291,5289,76,1488,4755,481,1882,5290,5292,5293,5294],"class_list":["post-5035","post","type-post","status-publish","format-standard","has-post-thumbnail","hentry","category-belgique","tag-accroche","tag-cafe","tag-est","tag-fil","tag-gaza","tag-questions","tag-reponses","tag-rest","tag-soieisrael","tag-soutient","tag-trumputimatum","generate-columns","tablet-grid-50","mobile-grid-100","grid-parent","grid-33"],"yoast_head":"<!-- This site is optimized with the Yoast SEO plugin v24.0 - https:\/\/yoast.com\/wordpress\/plugins\/seo\/ -->\n<title>Gaza Cafe Rest est accroch\u00e9 au fil de soie-Isra\u00ebl soutient Trump-utimatum (questions et r\u00e9ponses) | Vie Associative<\/title>\n<meta name=\"robots\" content=\"index, follow, max-snippet:-1, max-image-preview:large, max-video-preview:-1\" \/>\n<link rel=\"canonical\" href=\"https:\/\/vieassociative.be\/actualites\/gaza-cafe-rest-est-accroche-au-fil-de-soie-israel-soutient-trump-utimatum-questions-et-reponses\/\" \/>\n<meta property=\"og:locale\" content=\"fr_FR\" \/>\n<meta property=\"og:type\" content=\"article\" \/>\n<meta property=\"og:title\" content=\"Gaza Cafe Rest est accroch\u00e9 au fil de soie-Isra\u00ebl soutient Trump-utimatum (questions et r\u00e9ponses) | Vie Associative\" \/>\n<meta property=\"og:description\" content=\"Mis \u00e0 jour &#8211; L&rsquo;islamiste du Hamas arr\u00eate initialement la lib\u00e9ration d&rsquo;autres otages isra\u00e9liens, le pr\u00e9sident am\u00e9ricain Donald Trump met rapidement l&rsquo;extr\u00e9miste dans la bande\" \/>\n<meta property=\"og:url\" content=\"https:\/\/vieassociative.be\/actualites\/gaza-cafe-rest-est-accroche-au-fil-de-soie-israel-soutient-trump-utimatum-questions-et-reponses\/\" \/>\n<meta property=\"og:site_name\" content=\"Vie Associative\" \/>\n<meta property=\"article:published_time\" content=\"2025-02-11T20:17:34+00:00\" \/>\n<meta property=\"og:image\" content=\"https:\/\/vieassociative.be\/actualites\/wp-content\/uploads\/2024\/09\/header_backgroundk-01-e1726694325946.png\" \/>\n\t<meta property=\"og:image:width\" content=\"279\" \/>\n\t<meta property=\"og:image:height\" content=\"92\" \/>\n\t<meta property=\"og:image:type\" content=\"image\/png\" \/>\n<meta name=\"author\" content=\"Julien\" \/>\n<meta name=\"twitter:card\" content=\"summary_large_image\" \/>\n<meta name=\"twitter:label1\" content=\"\u00c9crit par\" \/>\n\t<meta name=\"twitter:data1\" content=\"Julien\" \/>\n\t<meta name=\"twitter:label2\" content=\"Dur\u00e9e de lecture est.\" \/>\n\t<meta name=\"twitter:data2\" content=\"7 minutes\" \/>\n<script type=\"application\/ld+json\" class=\"yoast-schema-graph\">{\"@context\":\"https:\/\/schema.org\",\"@graph\":[{\"@type\":\"Article\",\"@id\":\"https:\/\/vieassociative.be\/actualites\/gaza-cafe-rest-est-accroche-au-fil-de-soie-israel-soutient-trump-utimatum-questions-et-reponses\/#article\",\"isPartOf\":{\"@id\":\"https:\/\/vieassociative.be\/actualites\/gaza-cafe-rest-est-accroche-au-fil-de-soie-israel-soutient-trump-utimatum-questions-et-reponses\/\"},\"author\":{\"name\":\"Julien\",\"@id\":\"https:\/\/vieassociative.be\/actualites\/#\/schema\/person\/b87ac4f82f9d4e7b7cec7395b679edc4\"},\"headline\":\"Gaza Cafe Rest est accroch\u00e9 au fil de soie-Isra\u00ebl soutient Trump-utimatum (questions et r\u00e9ponses)\",\"datePublished\":\"2025-02-11T20:17:34+00:00\",\"dateModified\":\"2025-02-11T20:17:34+00:00\",\"mainEntityOfPage\":{\"@id\":\"https:\/\/vieassociative.be\/actualites\/gaza-cafe-rest-est-accroche-au-fil-de-soie-israel-soutient-trump-utimatum-questions-et-reponses\/\"},\"wordCount\":1446,\"publisher\":{\"@id\":\"https:\/\/vieassociative.be\/actualites\/#organization\"},\"image\":{\"@id\":\"https:\/\/vieassociative.be\/actualites\/gaza-cafe-rest-est-accroche-au-fil-de-soie-israel-soutient-trump-utimatum-questions-et-reponses\/#primaryimage\"},\"thumbnailUrl\":\"https:\/\/vieassociative.be\/actualites\/wp-content\/uploads\/2025\/02\/1739305054_Gaza-Cafe-Rest-est-accroche-au-fil-de-soie-Israel-soutient.jpg\",\"keywords\":[\"accroch\u00e9\",\"Cafe\",\"est\",\"fil\",\"Gaza\",\"questions\",\"r\u00e9ponses\",\"Rest\",\"soieIsra\u00ebl\",\"soutient\",\"Trumputimatum\"],\"articleSection\":[\"Belgique\"],\"inLanguage\":\"fr-BE\"},{\"@type\":\"WebPage\",\"@id\":\"https:\/\/vieassociative.be\/actualites\/gaza-cafe-rest-est-accroche-au-fil-de-soie-israel-soutient-trump-utimatum-questions-et-reponses\/\",\"url\":\"https:\/\/vieassociative.be\/actualites\/gaza-cafe-rest-est-accroche-au-fil-de-soie-israel-soutient-trump-utimatum-questions-et-reponses\/\",\"name\":\"Gaza Cafe Rest est accroch\u00e9 au fil de soie-Isra\u00ebl soutient Trump-utimatum (questions et r\u00e9ponses) | Vie Associative\",\"isPartOf\":{\"@id\":\"https:\/\/vieassociative.be\/actualites\/#website\"},\"primaryImageOfPage\":{\"@id\":\"https:\/\/vieassociative.be\/actualites\/gaza-cafe-rest-est-accroche-au-fil-de-soie-israel-soutient-trump-utimatum-questions-et-reponses\/#primaryimage\"},\"image\":{\"@id\":\"https:\/\/vieassociative.be\/actualites\/gaza-cafe-rest-est-accroche-au-fil-de-soie-israel-soutient-trump-utimatum-questions-et-reponses\/#primaryimage\"},\"thumbnailUrl\":\"https:\/\/vieassociative.be\/actualites\/wp-content\/uploads\/2025\/02\/1739305054_Gaza-Cafe-Rest-est-accroche-au-fil-de-soie-Israel-soutient.jpg\",\"datePublished\":\"2025-02-11T20:17:34+00:00\",\"dateModified\":\"2025-02-11T20:17:34+00:00\",\"breadcrumb\":{\"@id\":\"https:\/\/vieassociative.be\/actualites\/gaza-cafe-rest-est-accroche-au-fil-de-soie-israel-soutient-trump-utimatum-questions-et-reponses\/#breadcrumb\"},\"inLanguage\":\"fr-BE\",\"potentialAction\":[{\"@type\":\"ReadAction\",\"target\":[\"https:\/\/vieassociative.be\/actualites\/gaza-cafe-rest-est-accroche-au-fil-de-soie-israel-soutient-trump-utimatum-questions-et-reponses\/\"]}]},{\"@type\":\"ImageObject\",\"inLanguage\":\"fr-BE\",\"@id\":\"https:\/\/vieassociative.be\/actualites\/gaza-cafe-rest-est-accroche-au-fil-de-soie-israel-soutient-trump-utimatum-questions-et-reponses\/#primaryimage\",\"url\":\"https:\/\/vieassociative.be\/actualites\/wp-content\/uploads\/2025\/02\/1739305054_Gaza-Cafe-Rest-est-accroche-au-fil-de-soie-Israel-soutient.jpg\",\"contentUrl\":\"https:\/\/vieassociative.be\/actualites\/wp-content\/uploads\/2025\/02\/1739305054_Gaza-Cafe-Rest-est-accroche-au-fil-de-soie-Israel-soutient.jpg\",\"width\":1200,\"height\":800,\"caption\":\"Gaza Cafe Rest est accroch\u00e9 au fil de soie-Isra\u00ebl soutient Trump-utimatum (questions et r\u00e9ponses)\"},{\"@type\":\"BreadcrumbList\",\"@id\":\"https:\/\/vieassociative.be\/actualites\/gaza-cafe-rest-est-accroche-au-fil-de-soie-israel-soutient-trump-utimatum-questions-et-reponses\/#breadcrumb\",\"itemListElement\":[{\"@type\":\"ListItem\",\"position\":1,\"name\":\"Accueil\",\"item\":\"https:\/\/vieassociative.be\/actualites\/\"},{\"@type\":\"ListItem\",\"position\":2,\"name\":\"Gaza Cafe Rest est accroch\u00e9 au fil de soie-Isra\u00ebl soutient Trump-utimatum (questions et r\u00e9ponses)\"}]},{\"@type\":\"WebSite\",\"@id\":\"https:\/\/vieassociative.be\/actualites\/#website\",\"url\":\"https:\/\/vieassociative.be\/actualites\/\",\"name\":\"Vie Associative\",\"description\":\"\",\"publisher\":{\"@id\":\"https:\/\/vieassociative.be\/actualites\/#organization\"},\"potentialAction\":[{\"@type\":\"SearchAction\",\"target\":{\"@type\":\"EntryPoint\",\"urlTemplate\":\"https:\/\/vieassociative.be\/actualites\/?s={search_term_string}\"},\"query-input\":{\"@type\":\"PropertyValueSpecification\",\"valueRequired\":true,\"valueName\":\"search_term_string\"}}],\"inLanguage\":\"fr-BE\"},{\"@type\":\"Organization\",\"@id\":\"https:\/\/vieassociative.be\/actualites\/#organization\",\"name\":\"Vie Associative\",\"url\":\"https:\/\/vieassociative.be\/actualites\/\",\"logo\":{\"@type\":\"ImageObject\",\"inLanguage\":\"fr-BE\",\"@id\":\"https:\/\/vieassociative.be\/actualites\/#\/schema\/logo\/image\/\",\"url\":\"https:\/\/vieassociative.be\/actualites\/wp-content\/uploads\/2024\/09\/cropped-vieassociative_favicon.ico.png\",\"contentUrl\":\"https:\/\/vieassociative.be\/actualites\/wp-content\/uploads\/2024\/09\/cropped-vieassociative_favicon.ico.png\",\"width\":512,\"height\":512,\"caption\":\"Vie Associative\"},\"image\":{\"@id\":\"https:\/\/vieassociative.be\/actualites\/#\/schema\/logo\/image\/\"}},{\"@type\":\"Person\",\"@id\":\"https:\/\/vieassociative.be\/actualites\/#\/schema\/person\/b87ac4f82f9d4e7b7cec7395b679edc4\",\"name\":\"Julien\",\"image\":{\"@type\":\"ImageObject\",\"inLanguage\":\"fr-BE\",\"@id\":\"https:\/\/vieassociative.be\/actualites\/#\/schema\/person\/image\/\",\"url\":\"https:\/\/vieassociative.be\/actualites\/wp-content\/uploads\/2024\/09\/vie-associative-1-150x150.jpg\",\"contentUrl\":\"https:\/\/vieassociative.be\/actualites\/wp-content\/uploads\/2024\/09\/vie-associative-1-150x150.jpg\",\"caption\":\"Julien\"},\"description\":\"Je suis Julien, r\u00e9dacteur pour Vie Associative. Passionn\u00e9 par le monde associatif depuis plus de 10 ans, j'ai \u00e0 c\u0153ur de partager des histoires inspirantes et de mettre en lumi\u00e8re les initiatives locales. Mon objectif est de sensibiliser et d'encourager l'engagement communautaire \u00e0 travers mes articles.\",\"sameAs\":[\"https:\/\/vieassociative.be\/\"]}]}<\/script>\n<!-- \/ Yoast SEO plugin. -->","yoast_head_json":{"title":"Gaza Cafe Rest est accroch\u00e9 au fil de soie-Isra\u00ebl soutient Trump-utimatum (questions et r\u00e9ponses) | Vie Associative","robots":{"index":"index","follow":"follow","max-snippet":"max-snippet:-1","max-image-preview":"max-image-preview:large","max-video-preview":"max-video-preview:-1"},"canonical":"https:\/\/vieassociative.be\/actualites\/gaza-cafe-rest-est-accroche-au-fil-de-soie-israel-soutient-trump-utimatum-questions-et-reponses\/","og_locale":"fr_FR","og_type":"article","og_title":"Gaza Cafe Rest est accroch\u00e9 au fil de soie-Isra\u00ebl soutient Trump-utimatum (questions et r\u00e9ponses) | Vie Associative","og_description":"Mis \u00e0 jour &#8211; L&rsquo;islamiste du Hamas arr\u00eate initialement la lib\u00e9ration d&rsquo;autres otages isra\u00e9liens, le pr\u00e9sident am\u00e9ricain Donald Trump met rapidement l&rsquo;extr\u00e9miste dans la bande","og_url":"https:\/\/vieassociative.be\/actualites\/gaza-cafe-rest-est-accroche-au-fil-de-soie-israel-soutient-trump-utimatum-questions-et-reponses\/","og_site_name":"Vie Associative","article_published_time":"2025-02-11T20:17:34+00:00","og_image":[{"width":279,"height":92,"url":"https:\/\/vieassociative.be\/actualites\/wp-content\/uploads\/2024\/09\/header_backgroundk-01-e1726694325946.png","type":"image\/png"}],"author":"Julien","twitter_card":"summary_large_image","twitter_misc":{"\u00c9crit par":"Julien","Dur\u00e9e de lecture est.":"7 minutes"},"schema":{"@context":"https:\/\/schema.org","@graph":[{"@type":"Article","@id":"https:\/\/vieassociative.be\/actualites\/gaza-cafe-rest-est-accroche-au-fil-de-soie-israel-soutient-trump-utimatum-questions-et-reponses\/#article","isPartOf":{"@id":"https:\/\/vieassociative.be\/actualites\/gaza-cafe-rest-est-accroche-au-fil-de-soie-israel-soutient-trump-utimatum-questions-et-reponses\/"},"author":{"name":"Julien","@id":"https:\/\/vieassociative.be\/actualites\/#\/schema\/person\/b87ac4f82f9d4e7b7cec7395b679edc4"},"headline":"Gaza Cafe Rest est accroch\u00e9 au fil de soie-Isra\u00ebl soutient Trump-utimatum (questions et r\u00e9ponses)","datePublished":"2025-02-11T20:17:34+00:00","dateModified":"2025-02-11T20:17:34+00:00","mainEntityOfPage":{"@id":"https:\/\/vieassociative.be\/actualites\/gaza-cafe-rest-est-accroche-au-fil-de-soie-israel-soutient-trump-utimatum-questions-et-reponses\/"},"wordCount":1446,"publisher":{"@id":"https:\/\/vieassociative.be\/actualites\/#organization"},"image":{"@id":"https:\/\/vieassociative.be\/actualites\/gaza-cafe-rest-est-accroche-au-fil-de-soie-israel-soutient-trump-utimatum-questions-et-reponses\/#primaryimage"},"thumbnailUrl":"https:\/\/vieassociative.be\/actualites\/wp-content\/uploads\/2025\/02\/1739305054_Gaza-Cafe-Rest-est-accroche-au-fil-de-soie-Israel-soutient.jpg","keywords":["accroch\u00e9","Cafe","est","fil","Gaza","questions","r\u00e9ponses","Rest","soieIsra\u00ebl","soutient","Trumputimatum"],"articleSection":["Belgique"],"inLanguage":"fr-BE"},{"@type":"WebPage","@id":"https:\/\/vieassociative.be\/actualites\/gaza-cafe-rest-est-accroche-au-fil-de-soie-israel-soutient-trump-utimatum-questions-et-reponses\/","url":"https:\/\/vieassociative.be\/actualites\/gaza-cafe-rest-est-accroche-au-fil-de-soie-israel-soutient-trump-utimatum-questions-et-reponses\/","name":"Gaza Cafe Rest est accroch\u00e9 au fil de soie-Isra\u00ebl soutient Trump-utimatum (questions et r\u00e9ponses) | Vie Associative","isPartOf":{"@id":"https:\/\/vieassociative.be\/actualites\/#website"},"primaryImageOfPage":{"@id":"https:\/\/vieassociative.be\/actualites\/gaza-cafe-rest-est-accroche-au-fil-de-soie-israel-soutient-trump-utimatum-questions-et-reponses\/#primaryimage"},"image":{"@id":"https:\/\/vieassociative.be\/actualites\/gaza-cafe-rest-est-accroche-au-fil-de-soie-israel-soutient-trump-utimatum-questions-et-reponses\/#primaryimage"},"thumbnailUrl":"https:\/\/vieassociative.be\/actualites\/wp-content\/uploads\/2025\/02\/1739305054_Gaza-Cafe-Rest-est-accroche-au-fil-de-soie-Israel-soutient.jpg","datePublished":"2025-02-11T20:17:34+00:00","dateModified":"2025-02-11T20:17:34+00:00","breadcrumb":{"@id":"https:\/\/vieassociative.be\/actualites\/gaza-cafe-rest-est-accroche-au-fil-de-soie-israel-soutient-trump-utimatum-questions-et-reponses\/#breadcrumb"},"inLanguage":"fr-BE","potentialAction":[{"@type":"ReadAction","target":["https:\/\/vieassociative.be\/actualites\/gaza-cafe-rest-est-accroche-au-fil-de-soie-israel-soutient-trump-utimatum-questions-et-reponses\/"]}]},{"@type":"ImageObject","inLanguage":"fr-BE","@id":"https:\/\/vieassociative.be\/actualites\/gaza-cafe-rest-est-accroche-au-fil-de-soie-israel-soutient-trump-utimatum-questions-et-reponses\/#primaryimage","url":"https:\/\/vieassociative.be\/actualites\/wp-content\/uploads\/2025\/02\/1739305054_Gaza-Cafe-Rest-est-accroche-au-fil-de-soie-Israel-soutient.jpg","contentUrl":"https:\/\/vieassociative.be\/actualites\/wp-content\/uploads\/2025\/02\/1739305054_Gaza-Cafe-Rest-est-accroche-au-fil-de-soie-Israel-soutient.jpg","width":1200,"height":800,"caption":"Gaza Cafe Rest est accroch\u00e9 au fil de soie-Isra\u00ebl soutient Trump-utimatum (questions et r\u00e9ponses)"},{"@type":"BreadcrumbList","@id":"https:\/\/vieassociative.be\/actualites\/gaza-cafe-rest-est-accroche-au-fil-de-soie-israel-soutient-trump-utimatum-questions-et-reponses\/#breadcrumb","itemListElement":[{"@type":"ListItem","position":1,"name":"Accueil","item":"https:\/\/vieassociative.be\/actualites\/"},{"@type":"ListItem","position":2,"name":"Gaza Cafe Rest est accroch\u00e9 au fil de soie-Isra\u00ebl soutient Trump-utimatum (questions et r\u00e9ponses)"}]},{"@type":"WebSite","@id":"https:\/\/vieassociative.be\/actualites\/#website","url":"https:\/\/vieassociative.be\/actualites\/","name":"Vie Associative","description":"","publisher":{"@id":"https:\/\/vieassociative.be\/actualites\/#organization"},"potentialAction":[{"@type":"SearchAction","target":{"@type":"EntryPoint","urlTemplate":"https:\/\/vieassociative.be\/actualites\/?s={search_term_string}"},"query-input":{"@type":"PropertyValueSpecification","valueRequired":true,"valueName":"search_term_string"}}],"inLanguage":"fr-BE"},{"@type":"Organization","@id":"https:\/\/vieassociative.be\/actualites\/#organization","name":"Vie Associative","url":"https:\/\/vieassociative.be\/actualites\/","logo":{"@type":"ImageObject","inLanguage":"fr-BE","@id":"https:\/\/vieassociative.be\/actualites\/#\/schema\/logo\/image\/","url":"https:\/\/vieassociative.be\/actualites\/wp-content\/uploads\/2024\/09\/cropped-vieassociative_favicon.ico.png","contentUrl":"https:\/\/vieassociative.be\/actualites\/wp-content\/uploads\/2024\/09\/cropped-vieassociative_favicon.ico.png","width":512,"height":512,"caption":"Vie Associative"},"image":{"@id":"https:\/\/vieassociative.be\/actualites\/#\/schema\/logo\/image\/"}},{"@type":"Person","@id":"https:\/\/vieassociative.be\/actualites\/#\/schema\/person\/b87ac4f82f9d4e7b7cec7395b679edc4","name":"Julien","image":{"@type":"ImageObject","inLanguage":"fr-BE","@id":"https:\/\/vieassociative.be\/actualites\/#\/schema\/person\/image\/","url":"https:\/\/vieassociative.be\/actualites\/wp-content\/uploads\/2024\/09\/vie-associative-1-150x150.jpg","contentUrl":"https:\/\/vieassociative.be\/actualites\/wp-content\/uploads\/2024\/09\/vie-associative-1-150x150.jpg","caption":"Julien"},"description":"Je suis Julien, r\u00e9dacteur pour Vie Associative. Passionn\u00e9 par le monde associatif depuis plus de 10 ans, j'ai \u00e0 c\u0153ur de partager des histoires inspirantes et de mettre en lumi\u00e8re les initiatives locales. Mon objectif est de sensibiliser et d'encourager l'engagement communautaire \u00e0 travers mes articles.","sameAs":["https:\/\/vieassociative.be\/"]}]}},"_links":{"self":[{"href":"https:\/\/vieassociative.be\/actualites\/wp-json\/wp\/v2\/posts\/5035"}],"collection":[{"href":"https:\/\/vieassociative.be\/actualites\/wp-json\/wp\/v2\/posts"}],"about":[{"href":"https:\/\/vieassociative.be\/actualites\/wp-json\/wp\/v2\/types\/post"}],"author":[{"embeddable":true,"href":"https:\/\/vieassociative.be\/actualites\/wp-json\/wp\/v2\/users\/1"}],"replies":[{"embeddable":true,"href":"https:\/\/vieassociative.be\/actualites\/wp-json\/wp\/v2\/comments?post=5035"}],"version-history":[{"count":0,"href":"https:\/\/vieassociative.be\/actualites\/wp-json\/wp\/v2\/posts\/5035\/revisions"}],"wp:featuredmedia":[{"embeddable":true,"href":"https:\/\/vieassociative.be\/actualites\/wp-json\/wp\/v2\/media\/5036"}],"wp:attachment":[{"href":"https:\/\/vieassociative.be\/actualites\/wp-json\/wp\/v2\/media?parent=5035"}],"wp:term":[{"taxonomy":"category","embeddable":true,"href":"https:\/\/vieassociative.be\/actualites\/wp-json\/wp\/v2\/categories?post=5035"},{"taxonomy":"post_tag","embeddable":true,"href":"https:\/\/vieassociative.be\/actualites\/wp-json\/wp\/v2\/tags?post=5035"}],"curies":[{"name":"wp","href":"https:\/\/api.w.org\/{rel}","templated":true}]}}