{"id":5031,"date":"2025-02-11T18:17:27","date_gmt":"2025-02-11T17:17:27","guid":{"rendered":"https:\/\/vieassociative.be\/actualites\/sept-de-mes-repas-preferes-de-largent\/"},"modified":"2025-02-11T18:17:27","modified_gmt":"2025-02-11T17:17:27","slug":"sept-de-mes-repas-preferes-de-largent","status":"publish","type":"post","link":"https:\/\/vieassociative.be\/actualites\/sept-de-mes-repas-preferes-de-largent\/","title":{"rendered":"Sept de mes repas pr\u00e9f\u00e9r\u00e9s de l&rsquo;argent"},"content":{"rendered":"<div class=\"mt-4 leading-6 md:mb-8\">\u00c0 mesure que les prix de l&rsquo;\u00e9picerie montent en fl\u00e8che, assurez-vous que votre argent va le plus loin possible avec ces recettes.<\/div>\n<p><\/p>\n<p>L&rsquo;\u00e9picerie est sacr\u00e9ment cher maintenant, m\u00eame les bases. Honk si vous \u00eates sorti du supermarch\u00e9 avec un maigre sac de nourriture qui a co\u00fbt\u00e9 50 $. Les achats de nourriture sont l&rsquo;un de ces cas o\u00f9 je me f\u00e2che (rien ne m&#8217;emp\u00eachera de me plaindre dans le vide), mais \u00e0 la fin, je dois trouver un moyen de cuisiner plus intelligent. Voici quelques-unes des strat\u00e9gies que j&rsquo;utilise pour maximiser l&rsquo;argent que je d\u00e9pense \u00e0 l&rsquo;\u00e9picerie, ainsi que quelques-unes de mes recettes pr\u00e9f\u00e9r\u00e9es pour le budget qui sont tout sauf ennuyeuses.<\/p>\n<h2 id=\"make-proteins-work-for-your-budget\">Faire fonctionner les prot\u00e9ines pour votre budget<\/h2>\n<p>Bien que manger de la viande fasse rapidement votre facture d&rsquo;\u00e9picerie, vous n&rsquo;avez pas besoin de vous en passer. Je mange une vari\u00e9t\u00e9 de prot\u00e9ines et je pense que c&rsquo;est la cl\u00e9 \u00e0 la fois pour r\u00e9duire mes d\u00e9penses et garder les repas int\u00e9ressants. Lors de l&rsquo;achat de viande, je recommande de le diviser en plus petites quantit\u00e9s, afin que vous puissiez utiliser un article &#8211; parlez, un sac de crevettes ou une livre de dinde hach\u00e9e &#8211; pour trois \u00e0 cinq repas diff\u00e9rents. Ensuite, utilisez les ingr\u00e9dients qui l&rsquo;accompagnent pour le renforcer. Les recettes suivantes comprennent les fruits de mer, la viande et les options \u00e0 base de plantes. Toutes les recettes sont mises \u00e0 l&rsquo;\u00e9chelle pour deux portions, alors divisez ou multipliez les mesures au besoin.<\/p>\n<h2 id=\"red-lentil-slow-cooker-grazing-soup\">Soupage \u00e0 la mijoteuse \u00e0 lentilles rouges<\/h2>\n<div class=\"eloquent-imagery-image\">\n<div class=\"flex justify-center\">\n                    <img decoding=\"async\" class=\"border border-gray-100\" src=\"https:\/\/vieassociative.be\/actualites\/wp-content\/uploads\/2025\/02\/Sept-de-mes-repas-preferes-de-largent.png\" alt=\"Un bol de soupe avec une tranche de pain copieux sur une vieille table en bois \u00e0 l'ext\u00e9rieur.\" width=\"2000\" height=\"1124\" loading=\"lazy\"  >\n            <\/div>\n<\/p><\/div>\n<p>Les lentilles et les pois chiches sont les h\u00e9ros de cette soupe r\u00e9confortante et satisfaisante. Ils sont pleins de fibres que vous pouvez remercier pour ce sentiment complet, mais tout aussi agr\u00e9able est leur prix bas. Une livre de lentilles s\u00e9ch\u00e9es ne vous fera que quelques dollars (si cela) et vous aurez beaucoup de restes \u00e0 utiliser dans d&rsquo;autres soupes. Cette soupe \u00e0 la mijoteuse est toujours la bienvenue dans ma maison car vous pouvez la laisser cuire et rester au chaud sur le comptoir, donc chaque fois que vous passez, vous vous paissez un peu dessus. <\/p>\n<p>Ingr\u00e9dients:<\/p>\n<ul>\n<li>\n<p>\u00bd oignon, hach\u00e9<\/p>\n<\/li>\n<li>\n<p>2 pommes de terre cireuses, de taille moyenne, en cubes<\/p>\n<\/li>\n<li>\n<p>\u00be tasse de carottes hach\u00e9es<\/p>\n<\/li>\n<li>\n<p>\u00be tasse de lentilles rouges s\u00e8ches<\/p>\n<\/li>\n<li>\n<p>2 tasses de chou fris\u00e9 lacinato, d\u00e9sempam\u00e9 et grossi\u00e8rement hach\u00e9<\/p>\n<\/li>\n<li>\n<p>4 tasses bouillon de poulet<\/p>\n<\/li>\n<li>\n<p>\u00bd cuill\u00e8re \u00e0 caf\u00e9 de sel<\/p>\n<\/li>\n<li>\n<p>\u00bc cuill\u00e8re \u00e0 caf\u00e9 de msg<\/p>\n<\/li>\n<li>\n<p>\u00bc cuill\u00e8re \u00e0 caf\u00e9 de poudre d&rsquo;ail<\/p>\n<\/li>\n<li>\n<p>\u215b cuill\u00e8re \u00e0 caf\u00e9 de poudre de poivre de Cayenne<\/p>\n<\/li>\n<li>\n<p>2 cuill\u00e8res \u00e0 caf\u00e9 de jus de citron<\/p>\n<\/li>\n<li>\n<p>1 Poue pois chiches (facultatif), non drain\u00e9<\/p>\n<\/li>\n<\/ul>\n<p>1. \u00c0 la mode de la soupe lente paresseuse, jetez tous les ingr\u00e9dients, \u00e0 l&rsquo;exception du jus de citron et de la bo\u00eete des pois chiches, dans la cuisini\u00e8re. <\/p>\n<p>2. Cuire la soupe pendant 2 heures \u00e0 feu vif, en remuant de temps en temps. Cliquez sur la cuisini\u00e8re sur le r\u00e9glage chaud pour le reste de la journ\u00e9e. Juste avant de manger votre premier bol, incorporer le jus de citron. <\/p>\n<p>3. Si vous remarquez que votre soupe est faible et que vous ne voulez pas que la f\u00eate se termine, incorporez la bo\u00eete de pois chiches avec son liquide.<\/p>\n<h2 id=\"air-fried-tofu-with-beet-salad\">Tofu frit \u00e0 l&rsquo;air avec salade de betteraves<\/h2>\n<p>Air Fried Tofu conna\u00eet une popularit\u00e9 majeure dans mon m\u00e9nage ces jours-ci. J&rsquo;aime utiliser cette recette pour enduire le tofu ferme dans la levure nutritionnelle et le frire \u00e0 l&rsquo;air jusqu&rsquo;\u00e0 ce qu&rsquo;ils soient croustillants \u00e0 l&rsquo;ext\u00e9rieur et tendre \u00e0 l&rsquo;int\u00e9rieur. La salade de betteraves est une pr\u00e9paration simple et me laisse toujours convaincue que je devrais manger plus de betteraves.<\/p>\n<p>Ingr\u00e9dients:<\/p>\n<ul>\n<li>\n<p>\u00bc oignon rouge, en tranches fines<\/p>\n<\/li>\n<li>\n<p>3 cuill\u00e8res \u00e0 soupe de vinaigre blanc<\/p>\n<\/li>\n<li>\n<p>1 cuill\u00e8re \u00e0 caf\u00e9 de sucre<\/p>\n<\/li>\n<li>\n<p>\u00bd cuill\u00e8re \u00e0 caf\u00e9 de sel<\/p>\n<\/li>\n<li>\n<p>1 cabinet de conteneurs tofu, drain\u00e9<\/p>\n<\/li>\n<li>\n<p>Huile neutre pour enrober<\/p>\n<\/li>\n<li>\n<p>Levure nutritionnelle \u00e0 enrober<\/p>\n<\/li>\n<li>\n<p>Saupoudrer de sel<\/p>\n<\/li>\n<li>\n<p>Pack de 1 \u00e0 8 onces \u00e0 la vapeur \u00e0 la vapeur et aux betteraves pel\u00e9es, en quartiers<\/p>\n<\/li>\n<li>\n<p>3 tasses de m\u00e9lange de printemps (ou n&rsquo;importe quelle salade verte)<\/p>\n<\/li>\n<li>\n<p>2 cuill\u00e8res \u00e0 soupe d&rsquo;huile d&rsquo;olive extra vierge<\/p>\n<\/li>\n<\/ul>\n<div class=\"pogoClear mb-12 mt-10 rounded-md border-2 border-gray-100 py-7 shadow-xl md:py-6\">\n<div class=\"flex flex-wrap justify-between px-7 text-black no-underline md:flex-nowrap md:px-8\">\n<div class=\"order-1 mx-auto flex flex-col justify-center md:order-2 md:ml-4 md:w-full md:grow\">\n<div class=\"block cursor-pointer text-center font-akshar text-2xl font-medium leading-7 text-brand-green duration-200 ease-in-out hover:text-brand-green-700 md:text-left md:text-xl md:leading-6\">Betteraves pr\u00eate-\u00e0-manger gefen\n                <\/div>\n<div class=\"mt-4 hidden md:flex md:justify-between\">\n<div class=\"self-end\">\n<div class=\"mb-0 h-11 md:flex md:flex-col md:justify-center\">\n<div class=\" font-sans leading-4 text-black\">\n<div class=\"flex flex-wrap items-center justify-center gap-x-1 md:justify-start\">\n        <span class=\"font-bold\"><\/p>\n<p>            13,79 $<br \/>\n                            <span class=\"font-medium\">\u00e0 Amazon<\/span><br \/>\n                    <\/span><br \/>\n                    <img decoding=\"async\" class=\"mt-0 h-(15px)\" src=\"https:\/\/vieassociative.be\/actualites\/wp-content\/uploads\/2025\/02\/Sept-de-mes-repas-preferes-de-largent.svg.svg+xml\" title=\"Amazon Prime\" alt=\"Amazon Prime\">\n            <\/div>\n<\/p><\/div>\n<\/p><\/div>\n<\/p><\/div>\n<div class=\"w-44 self-end\">\n                            <button class=\"flex justify-center items-center w-full bg-brand-green text-white text-base font-sans font-medium rounded-md hover:bg-brand-green-700 hover:cursor-pointer md:text-sm h-11\"><\/p>\n<p>    Faire un magasin maintenant<br \/>\n<\/button>\n                        <\/div>\n<\/p><\/div>\n<\/p><\/div>\n<div class=\"order-2 mt-5 h-auto w-full md:order-1 md:mt-0 md:hidden\">\n<div class=\"flex aspect-video items-center justify-center\">\n                                            <img decoding=\"async\" class=\"m-0 max-h-full max-w-full rounded-md\" src=\"https:\/\/vieassociative.be\/actualites\/wp-content\/uploads\/2025\/02\/Sept-de-mes-repas-preferes-de-largent.jpg\" alt=\"Betteraves rouges Gefen, enti\u00e8res, pel\u00e9es, cuites et pr\u00eates \u00e0 manger, 1,1 lb (pack 3)\" width=\"auto\" height=\"auto\" loading=\"lazy\">\n                                    <\/div>\n<\/p><\/div>\n<div class=\"order-2 ml-2 hidden w-32 shrink-0 items-center md:order-1 md:ml-0 md:flex\">\n<div class=\"flex aspect-video items-center justify-center\">\n                                            <img decoding=\"async\" class=\"m-0 max-h-full max-w-full rounded-md\" src=\"https:\/\/vieassociative.be\/actualites\/wp-content\/uploads\/2025\/02\/Sept-de-mes-repas-preferes-de-largent.jpg\" alt=\"Betteraves rouges Gefen, enti\u00e8res, pel\u00e9es, cuites et pr\u00eates \u00e0 manger, 1,1 lb (pack 3)\" width=\"auto\" height=\"auto\" loading=\"lazy\">\n                                    <\/div>\n<\/p><\/div>\n<div class=\"order-3 flex grow flex-wrap md:hidden md:grow-0\">\n<div class=\"mt-4 w-full\">\n                        <button class=\"flex justify-center items-center w-full bg-brand-green text-white text-base font-sans font-medium rounded-md hover:bg-brand-green-700 hover:cursor-pointer md:text-sm h-11\"><\/p>\n<p>    Faire un magasin maintenant<br \/>\n<\/button>\n                    <\/div>\n<div class=\"mx-2 mt-4 w-full\">\n<div class=\" font-sans leading-4 text-black\">\n<div class=\"flex flex-wrap items-center justify-center gap-x-1 md:justify-start\">\n        <span class=\"font-bold\"><\/p>\n<p>            13,79 $<br \/>\n                            <span class=\"font-medium\">\u00e0 Amazon<\/span><br \/>\n                    <\/span><br \/>\n                    <img decoding=\"async\" class=\"mt-0 h-(15px)\" src=\"https:\/\/vieassociative.be\/actualites\/wp-content\/uploads\/2025\/02\/Sept-de-mes-repas-preferes-de-largent.svg.svg+xml\" title=\"Amazon Prime\" alt=\"Amazon Prime\">\n            <\/div>\n<\/p><\/div>\n<\/p><\/div>\n<\/p><\/div>\n<\/p><\/div>\n<\/div>\n<p>1. Ajouter l&rsquo;oignon tranch\u00e9 \u00e0 un saladier profond avec le vinaigre, le sucre et le sel. M\u00e9langez-le pour enrober l&rsquo;oignon et laissez-le \u00abcornichon\u00bb dans le liquide pendant que vous pr\u00e9parez le repas. <\/p>\n<p>2. Coupez le tofu drain\u00e9 dans quatre planches d&rsquo;\u00e9paisseur. Tamponnez-les s\u00e9cher avec une serviette en papier. Vaporisez ou arrosez une huile neutre pour enrober le tofu et saupoudrez-les de sel. Versez la levure nutritionnelle sur une assiette et appuyez sur le tofu jusqu&rsquo;\u00e0 ce qu&rsquo;il soit compl\u00e8tement enduit. Air frire les planches \u00e0 400 \u00b0 F pendant 10 \u00e0 15 minutes, ou jusqu&rsquo;\u00e0 ce qu&rsquo;elles soient croustillantes \u00e0 l&rsquo;ext\u00e9rieur.<\/p>\n<p>3. Ajouter les betteraves et le m\u00e9lange de printemps dans le bol d&rsquo;oignons et m\u00e9langer avec l&rsquo;huile d&rsquo;olive jusqu&rsquo;\u00e0 ce qu&rsquo;elles soient enduites. Assayer le tofu croustillant le long de la salade et servir.   <\/p>\n<h2 id=\"khao-tom-goong-thai-shrimp-and-rice-soup\">Khao tom goong (tha\u00ef des crevettes et soupe de riz)<\/h2>\n<p>Cette soupe est id\u00e9ale pour tout moment de la journ\u00e9e, alors n&rsquo;h\u00e9sitez pas, m\u00eame si elle est 8 heures du matin. Je vais acheter une livre de crevettes surgel\u00e9es brutes et d\u00e9veines \u00e0 Trader Joe pour environ 12 $ et je l&rsquo;utilise pour plusieurs repas, y compris celui-ci. Il est rempli, satisfaisant et vous pouvez utiliser du riz restant pour garder la pr\u00e9paration rapidement.<\/p>\n<p>Ingr\u00e9dients:<\/p>\n<ul>\n<li>\n<p>1 cuill\u00e8re \u00e0 caf\u00e9 d&rsquo;huile de cuisson<\/p>\n<\/li>\n<li>\n<p>1 ail de girofle, hach\u00e9<\/p>\n<\/li>\n<li>\n<p>8 crevettes brutes et d\u00e9veines, d\u00e9congel\u00e9es (si gel\u00e9es)<\/p>\n<\/li>\n<li>\n<p>Pincer le sel<\/p>\n<\/li>\n<li>\n<p>Sauce de poisson de tableau de bord<\/p>\n<\/li>\n<li>\n<p>1 tasse de bouillon de poulet (ou n&rsquo;importe quel bouillon)<\/p>\n<\/li>\n<li>\n<p>1 tasse de riz, cuit<\/p>\n<\/li>\n<li>\n<p>Garnir de coriandre hach\u00e9e, d&rsquo;ail frit et de gingembre tranch\u00e9<\/p>\n<\/li>\n<\/ul>\n<p>1. Chauffer l&rsquo;huile dans un pot moyen avec l&rsquo;ail \u00e0 feu doux. Une fois que l&rsquo;ail commence \u00e0 gr\u00e9siller doucement, ajoutez les crevettes. Saupoudrez le sel pendant que vous retournez les crevettes. Apr\u00e8s environ une minute, lorsque les crevettes sont \u00e0 mi-chemin cuites, ajoutez une pinc\u00e9e de sauce de poisson et le bouillon. <\/p>\n<p>2. Ajouter le riz et laisser la soupe \u00e0 mijoter pendant deux minutes. Servir la soupe garnie de beaucoup d&rsquo;ail frit, de coriandre et de gingembre.<\/p>\n<h2 id=\"cold-ramen-noodle-salad\">Salade de nouilles froides ramen<\/h2>\n<div class=\"eloquent-imagery-image\">\n<div class=\"flex justify-center\">\n                    <img decoding=\"async\" class=\"border border-gray-100\" src=\"https:\/\/vieassociative.be\/actualites\/wp-content\/uploads\/2025\/02\/1739294247_528_Sept-de-mes-repas-preferes-de-largent.png\" alt=\"Une assiette de salade de nouilles ramen avec un c\u00f4t\u00e9 de poulet en tranches.\" width=\"2000\" height=\"1124\" loading=\"lazy\"  >\n            <\/div>\n<\/p><\/div>\n<p>Cette salade de nouilles ressemble \u00e0 un r\u00e9gal amusant, en fait assez pour deux portions et vous laissera des l\u00e9gumes \u00e0 \u00e9pargner et \u00e0 utiliser pour d&rsquo;autres repas. Les nouilles instantan\u00e9es sont rapides \u00e0 cuire et \u00e0 ajouter le vrac n\u00e9cessaire afin que vous vous \u00e9loignez de la table rassasi\u00e9e. Les l\u00e9gumes en tranches fines apportent les nutriments, tandis que la vinaigrette brillante et savoureuse donne vie \u00e0 tout le plat. <\/p>\n<p>Bien que vous verrez des asperges dans ma recette, il est plus important d&rsquo;utiliser des l\u00e9gumes saisonniers pour r\u00e9duire le co\u00fbt. Vous pouvez toujours compter sur les carottes, les poivrons, les oignons verts ou les pois de neige pour \u00eatre abordables et disponibles toute l&rsquo;ann\u00e9e. N&rsquo;h\u00e9sitez pas \u00e0 \u00e9changer les nouilles contre quelques portions de p\u00e2tes cuites et drain\u00e9es ou une tasse de riz chaud et chaud. <\/p>\n<p>Ingr\u00e9dients:<\/p>\n<ul>\n<li>\n<p>1 paquet de nouilles ramen, bouillies et drain\u00e9es<\/p>\n<\/li>\n<li>\n<p>Arroser d&rsquo;huile neutre pour les nouilles ramen<\/p>\n<\/li>\n<li>\n<p>1 cuill\u00e8re \u00e0 soupe de vinaigre de vin de riz<\/p>\n<\/li>\n<li>\n<p>\u00bd cuill\u00e8re \u00e0 soupe de vinaigre balsamique blanc<\/p>\n<\/li>\n<li>\n<p>1 cuill\u00e8re \u00e0 caf\u00e9 d&rsquo;huile de s\u00e9same grill\u00e9<\/p>\n<\/li>\n<li>\n<p>\u00bd cuill\u00e8re \u00e0 caf\u00e9 de sel<\/p>\n<\/li>\n<li>\n<p>\u00bd concombre anglais, bris\u00e9 et coup\u00e9 en morceaux de 1 pouce<\/p>\n<\/li>\n<li>\n<p>\u00bc de poivron rouge, tranch\u00e9<\/p>\n<\/li>\n<li>\n<p>2 asperges lances, tranch\u00e9es (facultatives)<\/p>\n<\/li>\n<li>\n<p>5-10 pois de sucre, tranch\u00e9s<\/p>\n<\/li>\n<li>\n<p>Tranches de poitrine de poulet cuites ou poign\u00e9e de crevettes cuites (facultative)<\/p>\n<\/li>\n<\/ul>\n<p>1. Jetez les nouilles ramen drain\u00e9es avec un filet d&rsquo;huile pour les emp\u00eacher de coller dans une touffe. Refroidissez les nouilles dans le r\u00e9frig\u00e9rateur.<\/p>\n<p>2. Dans un bol de service, m\u00e9langer les vinaigres, l&rsquo;huile de s\u00e9same et le sel. Ajouter le concombre, le poivre, les asperges et les pois clich\u00e9s. Jeter. Ajouter les nouilles ramen r\u00e9frig\u00e9r\u00e9es et m\u00e9langer jusqu&rsquo;\u00e0 ce qu&rsquo;elles soient bien combin\u00e9es. Servir et garnir de poulet en tranches.<\/p>\n<h2 id=\"frozen-dumplings-and-broccoli\">Boulettes gel\u00e9es et brocoli<\/h2>\n<p>Cette recette est \u00e0 peine une recette. En plus d&rsquo;ajouter de la sauce au brocoli, c&rsquo;est \u00e0 peu pr\u00e8s exactement \u00e0 quoi cela ressemble: les boulettes et le brocoli. D&rsquo;une mani\u00e8re ou d&rsquo;une autre, je trouve que c&rsquo;est un repas que j&rsquo;attends toujours avec impatience. Il est essentiel que vous utilisiez des boulettes congel\u00e9es que vous aimez r\u00e9ellement. Encore une fois, je fr\u00e9quente Trader Joe pour le Gyoza congel\u00e9 abordable, mais si vous le pouvez, je recommande de m&rsquo;arr\u00eater par un supermarch\u00e9 asiatique pour des boulettes d\u00e9licieuses et bien co\u00fbteuses.<\/p>\n<p>Ingr\u00e9dients:<\/p>\n<ul>\n<li>\n<p>Sac 1-16 once Gyoza de porc surgel\u00e9 (substituer toute garniture)<\/p>\n<\/li>\n<li>\n<p>2 tasses fleurons de brocoli frais<\/p>\n<\/li>\n<li>\n<p>2 cuill\u00e8res \u00e0 soupe de sauce barbecue japonaise d&rsquo;origine de Bachan (Sauce de soja substitu\u00e9e)<\/p>\n<\/li>\n<\/ul>\n<div class=\"pogoClear mb-12 mt-10 rounded-md border-2 border-gray-100 py-7 shadow-xl md:py-6\">\n<div class=\"flex flex-wrap justify-between px-7 text-black no-underline md:flex-nowrap md:px-8\">\n<div class=\"order-1 mx-auto flex flex-col justify-center md:order-2 md:ml-4 md:w-full md:grow\">\n<div class=\"block cursor-pointer text-center font-akshar text-2xl font-medium leading-7 text-brand-green duration-200 ease-in-out hover:text-brand-green-700 md:text-left md:text-xl md:leading-6\">Sauce barbecue japonaise d&rsquo;origine de Bachan\n                <\/div>\n<div class=\"mt-4 hidden md:flex md:justify-between\">\n<div class=\"self-end\">\n<div class=\"mb-0 h-11 md:flex md:flex-col md:justify-center\">\n<div class=\" font-sans leading-4 text-black\">\n<div class=\"flex flex-wrap items-center justify-center gap-x-1 md:justify-start\">\n        <span class=\"font-bold\"><\/p>\n<p>            7,98 $<br \/>\n                            <span class=\"font-medium\">\u00e0 Walmart<\/span><br \/>\n                    <\/span>\n            <\/div>\n<div class=\"flex items-center justify-center gap-x-1 font-bold md:justify-start\">\n            <span class=\"text-sm line-through\">8,49 $<\/span><br \/>\n            <span class=\"text-sm text-brand-green\">\u00c9conomisez 0,51 $<\/span>\n        <\/div>\n<\/p><\/div>\n<\/p><\/div>\n<\/p><\/div>\n<div class=\"w-44 self-end\">\n                            <button class=\"flex justify-center items-center w-full bg-brand-green text-white text-base font-sans font-medium rounded-md hover:bg-brand-green-700 hover:cursor-pointer md:text-sm h-11\"><\/p>\n<p>    Faire un magasin maintenant<br \/>\n<\/button>\n                        <\/div>\n<\/p><\/div>\n<\/p><\/div>\n<div class=\"order-2 mt-5 h-auto w-full md:order-1 md:mt-0 md:hidden\">\n<div class=\"flex aspect-video items-center justify-center\">\n                                            <img decoding=\"async\" class=\"m-0 max-h-full max-w-full rounded-md\" src=\"https:\/\/vieassociative.be\/actualites\/wp-content\/uploads\/2025\/02\/1739294247_937_Sept-de-mes-repas-preferes-de-largent.png\" alt=\"Sauce barbecue japonaise d'origine de Bachan, bouteille de 17 oz\" width=\"auto\" height=\"auto\" loading=\"lazy\">\n                                    <\/div>\n<\/p><\/div>\n<div class=\"order-2 ml-2 hidden w-32 shrink-0 items-center md:order-1 md:ml-0 md:flex\">\n<div class=\"flex aspect-video items-center justify-center\">\n                                            <img decoding=\"async\" class=\"m-0 max-h-full max-w-full rounded-md\" src=\"https:\/\/vieassociative.be\/actualites\/wp-content\/uploads\/2025\/02\/1739294247_937_Sept-de-mes-repas-preferes-de-largent.png\" alt=\"Sauce barbecue japonaise d'origine de Bachan, bouteille de 17 oz\" width=\"auto\" height=\"auto\" loading=\"lazy\">\n                                    <\/div>\n<\/p><\/div>\n<div class=\"order-3 flex grow flex-wrap md:hidden md:grow-0\">\n<div class=\"mt-4 w-full\">\n                        <button class=\"flex justify-center items-center w-full bg-brand-green text-white text-base font-sans font-medium rounded-md hover:bg-brand-green-700 hover:cursor-pointer md:text-sm h-11\"><\/p>\n<p>    Faire un magasin maintenant<br \/>\n<\/button>\n                    <\/div>\n<div class=\"mx-2 mt-4 w-full\">\n<div class=\" font-sans leading-4 text-black\">\n<div class=\"flex flex-wrap items-center justify-center gap-x-1 md:justify-start\">\n        <span class=\"font-bold\"><\/p>\n<p>            7,98 $<br \/>\n                            <span class=\"font-medium\">\u00e0 Walmart<\/span><br \/>\n                    <\/span>\n            <\/div>\n<div class=\"flex items-center justify-center gap-x-1 font-bold md:justify-start\">\n            <span class=\"text-sm line-through\">8,49 $<\/span><br \/>\n            <span class=\"text-sm text-brand-green\">\u00c9conomisez 0,51 $<\/span>\n        <\/div>\n<\/p><\/div>\n<\/p><\/div>\n<\/p><\/div>\n<\/p><\/div>\n<\/div>\n<p>1. Placer un panier \u00e0 vapeur dans un grand pot avec un demi-pouce d&rsquo;eau dans le fond. Ajouter les boulettes congel\u00e9es au bateau \u00e0 vapeur et couvrir le pot avec un couvercle. Fondez les boulettes \u00e0 la vapeur \u00e0 feu moyen pendant cinq minutes.<\/p>\n<p>2. Ouvrez le pot et jetez les fleurons de brocoli sur les boulettes et remplacez le couvercle. Suivez le contenu pendant cinq minutes suppl\u00e9mentaires. Le brocoli doit \u00eatre cuit mais l\u00e9g\u00e8rement croquant, et les boulettes seront cuites. M\u00e9langez le brocoli avec la sauce (ou laissez-le sur le c\u00f4t\u00e9 pour plonger). Plaquer les boulettes avec le brocoli sur le c\u00f4t\u00e9. <\/p>\n<h2 id=\"pantry-pasta\">P\u00e2tes de garde-manger<\/h2>\n<p>Lorsque vous cherchez une recette qui colle \u00e0 vos c\u00f4tes sans casser le budget, les p\u00e2tes sont un alli\u00e9 fiable. Il s&rsquo;agit d&rsquo;une recette simple o\u00f9 toute prot\u00e9ine peut se remplacer et la \u00absauce\u00bb est le beurre. Vous pouvez utiliser n&rsquo;importe quel haricot pour associer vos p\u00e2tes, mais j&rsquo;utilise des pois ici parce que je les ai toujours dans le cong\u00e9lateur. Si vous cherchez une id\u00e9e de p\u00e2tes \u00e0 sauce rouge, essayez ma recette de sauce vodka sans produits laitiers.<\/p>\n<p>Ingr\u00e9dients:<\/p>\n<ul>\n<li>\n<p>Huile de cuisson pour enrober le pot<\/p>\n<\/li>\n<li>\n<p>8 onces dinde terrestre<\/p>\n<\/li>\n<li>\n<p>1 \u00e9chalote (ou quart-onon), hach\u00e9<\/p>\n<\/li>\n<li>\n<p>2 gousses d&rsquo;ail, hach\u00e9<\/p>\n<\/li>\n<li>\n<p>\u00bd cuill\u00e8re \u00e0 caf\u00e9 de sel<\/p>\n<\/li>\n<li>\n<p>4 champignons, hach\u00e9s<\/p>\n<\/li>\n<li>\n<p>\u2153 tasse de pois surgel\u00e9s<\/p>\n<\/li>\n<li>\n<p>\u00bd cuill\u00e8re \u00e0 caf\u00e9 de poudre d&rsquo;ail<\/p>\n<\/li>\n<li>\n<p>4 onces de p\u00e2tes, bouillies (j&rsquo;aime Rigatoni pour \u00e7a)<\/p>\n<\/li>\n<li>\n<p>2 cuill\u00e8res \u00e0 soupe de beurre sal\u00e9<\/p>\n<\/li>\n<\/ul>\n<p>1. Ajouter de l&rsquo;huile \u00e0 un pot moyen, suffisamment pour enrober le fond, et chauffer sur moyen-bas. Ajouter la dinde hach\u00e9e et le s\u00e9parer en petits heurts pendant qu&rsquo;il cuit. Lorsqu&rsquo;il est \u00e0 moiti\u00e9 cuit, ajoutez l&rsquo;\u00e9chalote, l&rsquo;ail, le sel et les champignons. <\/p>\n<p>2. Cuire le m\u00e9lange jusqu&rsquo;\u00e0 ce que l&rsquo;\u00e9chalote ait ramolli et que les champignons soient dodus. Ajouter les pois et la poudre d&rsquo;ail. Remuer et laisser les pois chauffer. Ajouter les p\u00e2tes cuites avec une cuiller\u00e9e d&rsquo;eau de p\u00e2tes, \u00e9teindre le feu et ajouter le beurre. M\u00e9langer doucement jusqu&rsquo;\u00e0 ce que le beurre fond. Servir dans des bols.<\/p>\n<h2 id=\"hot-chicken-sausage-and-veggies\">Saucisse et l\u00e9gumes de poulet chauds<\/h2>\n<p>Comme je l&rsquo;ai mentionn\u00e9 plus t\u00f4t, je trouve plus facile d&rsquo;\u00e9tirer les prot\u00e9ines lorsqu&rsquo;elle est pr\u00e9sent\u00e9e dans des bits plus petits. C&rsquo;est plus un jeu d&rsquo;esprit, et je le joue sur moi-m\u00eame. Servir un steak de trois onces sera maigre dans l&rsquo;assiette, mais hachez-le et m\u00e9langez-le avec des choses et vous avez une aide chaleureuse. Vous pouvez utiliser n&rsquo;importe quelle saucisse que vous aimez, mais j&rsquo;aime la saucisse de poulet pour cela car elle ne semble pas aussi lourde que le porc. <\/p>\n<p>Ingr\u00e9dients:<\/p>\n<ul>\n<li>\n<p>Huile de cuisson pour enrober la po\u00eale<\/p>\n<\/li>\n<li>\n<p>2 liens de saucisse de poulet pr\u00e9cuit<\/p>\n<\/li>\n<li>\n<p>1 oignon moyen, pel\u00e9 et tranch\u00e9<\/p>\n<\/li>\n<li>\n<p>1 poivron rouge, d\u00e9lai et tranch\u00e9<\/p>\n<\/li>\n<li>\n<p>4 champignons<\/p>\n<\/li>\n<li>\n<p>\u00bd cuill\u00e8re \u00e0 caf\u00e9 de poudre d&rsquo;ail<\/p>\n<\/li>\n<li>\n<p>\u00bd cuill\u00e8re \u00e0 caf\u00e9 de sel<\/p>\n<\/li>\n<li>\n<p>1 cuill\u00e8re \u00e0 soupe de sauce piquante<\/p>\n<\/li>\n<li>\n<p>\u00bd cuill\u00e8re \u00e0 soupe de sauce soja<\/p>\n<\/li>\n<li>\n<p>1 tasse de riz cuit<\/p>\n<\/li>\n<\/ul>\n<div class=\"pogoClear mb-12 mt-10 rounded-md border-2 border-gray-100 py-7 shadow-xl md:py-6\">\n<div class=\"flex flex-wrap justify-between px-7 text-black no-underline md:flex-nowrap md:px-8\">\n<div class=\"order-1 mx-auto flex flex-col justify-center md:order-2 md:ml-4 md:w-full md:grow\">\n<div class=\"block cursor-pointer text-center font-akshar text-2xl font-medium leading-7 text-brand-green duration-200 ease-in-out hover:text-brand-green-700 md:text-left md:text-xl md:leading-6\">Aidells Saucisse de poulet fum\u00e9e, fromage \u00e0 l&rsquo;ail et au gruy\u00e8re, 4 ct\n                <\/div>\n<div class=\"mt-4 hidden md:flex md:justify-between\">\n<div class=\"self-end\">\n<div class=\"mb-0 h-11 md:flex md:flex-col md:justify-center\">\n<div class=\" font-sans leading-4 text-black\">\n<div class=\"flex flex-wrap items-center justify-center gap-x-1 md:justify-start\">\n        <span class=\"font-bold\"><\/p>\n<p>            4,98 $<br \/>\n                            <span class=\"font-medium\">\u00e0 Walmart<\/span><br \/>\n                    <\/span>\n            <\/div>\n<div class=\"flex items-center justify-center gap-x-1 font-bold md:justify-start\">\n            <span class=\"text-sm line-through\">0,00 $<\/span><br \/>\n            <span class=\"text-sm text-brand-green\">\u00c9conomiser 0,00<\/span>\n        <\/div>\n<\/p><\/div>\n<\/p><\/div>\n<\/p><\/div>\n<div class=\"w-44 self-end\">\n                            <button class=\"flex justify-center items-center w-full bg-brand-green text-white text-base font-sans font-medium rounded-md hover:bg-brand-green-700 hover:cursor-pointer md:text-sm h-11\"><\/p>\n<p>    Faire un magasin maintenant<br \/>\n<\/button>\n                        <\/div>\n<\/p><\/div>\n<\/p><\/div>\n<div class=\"order-2 mt-5 h-auto w-full md:order-1 md:mt-0 md:hidden\">\n<div class=\"flex aspect-video items-center justify-center\">\n                                            <img decoding=\"async\" class=\"m-0 max-h-full max-w-full rounded-md\" src=\"https:\/\/vieassociative.be\/actualites\/wp-content\/uploads\/2025\/02\/1739294247_737_Sept-de-mes-repas-preferes-de-largent.jpg\" alt=\"Aidells Saucisse de poulet fum\u00e9e, fromage \u00e0 l'ail et au gruy\u00e8re, 4 ct\" width=\"auto\" height=\"auto\" loading=\"lazy\">\n                                    <\/div>\n<\/p><\/div>\n<div class=\"order-2 ml-2 hidden w-32 shrink-0 items-center md:order-1 md:ml-0 md:flex\">\n<div class=\"flex aspect-video items-center justify-center\">\n                                            <img decoding=\"async\" class=\"m-0 max-h-full max-w-full rounded-md\" src=\"https:\/\/vieassociative.be\/actualites\/wp-content\/uploads\/2025\/02\/1739294247_737_Sept-de-mes-repas-preferes-de-largent.jpg\" alt=\"Aidells Saucisse de poulet fum\u00e9e, fromage \u00e0 l'ail et au gruy\u00e8re, 4 ct\" width=\"auto\" height=\"auto\" loading=\"lazy\">\n                                    <\/div>\n<\/p><\/div>\n<div class=\"order-3 flex grow flex-wrap md:hidden md:grow-0\">\n<div class=\"mt-4 w-full\">\n                        <button class=\"flex justify-center items-center w-full bg-brand-green text-white text-base font-sans font-medium rounded-md hover:bg-brand-green-700 hover:cursor-pointer md:text-sm h-11\"><\/p>\n<p>    Faire un magasin maintenant<br \/>\n<\/button>\n                    <\/div>\n<div class=\"mx-2 mt-4 w-full\">\n<div class=\" font-sans leading-4 text-black\">\n<div class=\"flex flex-wrap items-center justify-center gap-x-1 md:justify-start\">\n        <span class=\"font-bold\"><\/p>\n<p>            4,98 $<br \/>\n                            <span class=\"font-medium\">\u00e0 Walmart<\/span><br \/>\n                    <\/span>\n            <\/div>\n<div class=\"flex items-center justify-center gap-x-1 font-bold md:justify-start\">\n            <span class=\"text-sm line-through\">0,00 $<\/span><br \/>\n            <span class=\"text-sm text-brand-green\">\u00c9conomiser 0,00<\/span>\n        <\/div>\n<\/p><\/div>\n<\/p><\/div>\n<\/p><\/div>\n<\/p><\/div>\n<\/div>\n<p>1. Coupez les saucisses en deux dans le sens de la longueur. Ensuite, coupez-les en morceaux d&rsquo;un demi-pouce de large. Peler et trancher l&rsquo;oignon en bandes. D\u00e9sens\u00e9 le poivre et le couper en bandes \u00e0 peu pr\u00e8s \u00e0 la m\u00eame taille que l&rsquo;oignon. Tironder les champignons. <\/p>\n<p>2. Enrober le fond d&rsquo;un pot moyen avec une huile de cuisson neutre. Faire chauffer \u00e0 feu moyen-doux et ajouter les morceaux de saucisse et les l\u00e9gumes. Faire sauter tout jusqu&rsquo;\u00e0 ce que les oignons commencent \u00e0 transpirer et \u00e0 ramollir. Ajouter la poudre d&rsquo;ail et le sel et remuer pour incorporer. Incorporer la sauce piquante et la sauce soja pour enrober. Servir le poulet chaud et les l\u00e9gumes sur le riz. <\/p>\n","protected":false},"excerpt":{"rendered":"<p>\u00c0 mesure que les prix de l&rsquo;\u00e9picerie montent en fl\u00e8che, assurez-vous que votre argent va le plus loin possible avec ces recettes. L&rsquo;\u00e9picerie est sacr\u00e9ment<\/p>\n","protected":false},"author":1,"featured_media":5032,"comment_status":"","ping_status":"","sticky":false,"template":"","format":"standard","meta":{"footnotes":""},"categories":[39],"tags":[498,87,89,1330,525],"class_list":["post-5031","post","type-post","status-publish","format-standard","has-post-thumbnail","hentry","category-gastronomie","tag-largent","tag-mes","tag-preferes","tag-repas","tag-sept","generate-columns","tablet-grid-50","mobile-grid-100","grid-parent","grid-33"],"yoast_head":"<!-- This site is optimized with the Yoast SEO plugin v24.0 - https:\/\/yoast.com\/wordpress\/plugins\/seo\/ -->\n<title>Sept de mes repas pr\u00e9f\u00e9r\u00e9s de l&#039;argent | Vie Associative<\/title>\n<meta name=\"robots\" content=\"index, follow, max-snippet:-1, max-image-preview:large, max-video-preview:-1\" \/>\n<link rel=\"canonical\" href=\"https:\/\/vieassociative.be\/actualites\/sept-de-mes-repas-preferes-de-largent\/\" \/>\n<meta property=\"og:locale\" content=\"fr_FR\" \/>\n<meta property=\"og:type\" content=\"article\" \/>\n<meta property=\"og:title\" content=\"Sept de mes repas pr\u00e9f\u00e9r\u00e9s de l&#039;argent | Vie Associative\" \/>\n<meta property=\"og:description\" content=\"\u00c0 mesure que les prix de l&rsquo;\u00e9picerie montent en fl\u00e8che, assurez-vous que votre argent va le plus loin possible avec ces recettes. L&rsquo;\u00e9picerie est sacr\u00e9ment\" \/>\n<meta property=\"og:url\" content=\"https:\/\/vieassociative.be\/actualites\/sept-de-mes-repas-preferes-de-largent\/\" \/>\n<meta property=\"og:site_name\" content=\"Vie Associative\" \/>\n<meta property=\"article:published_time\" content=\"2025-02-11T17:17:27+00:00\" \/>\n<meta property=\"og:image\" content=\"https:\/\/vieassociative.be\/actualites\/wp-content\/uploads\/2025\/02\/Sept-de-mes-repas-preferes-de-largent.png\" \/>\n<meta name=\"author\" content=\"Julien\" \/>\n<meta name=\"twitter:card\" content=\"summary_large_image\" \/>\n<meta name=\"twitter:label1\" content=\"\u00c9crit par\" \/>\n\t<meta name=\"twitter:data1\" content=\"Julien\" \/>\n\t<meta name=\"twitter:label2\" content=\"Dur\u00e9e de lecture est.\" \/>\n\t<meta name=\"twitter:data2\" content=\"11 minutes\" \/>\n<script type=\"application\/ld+json\" class=\"yoast-schema-graph\">{\"@context\":\"https:\/\/schema.org\",\"@graph\":[{\"@type\":\"Article\",\"@id\":\"https:\/\/vieassociative.be\/actualites\/sept-de-mes-repas-preferes-de-largent\/#article\",\"isPartOf\":{\"@id\":\"https:\/\/vieassociative.be\/actualites\/sept-de-mes-repas-preferes-de-largent\/\"},\"author\":{\"name\":\"Julien\",\"@id\":\"https:\/\/vieassociative.be\/actualites\/#\/schema\/person\/b87ac4f82f9d4e7b7cec7395b679edc4\"},\"headline\":\"Sept de mes repas pr\u00e9f\u00e9r\u00e9s de l&rsquo;argent\",\"datePublished\":\"2025-02-11T17:17:27+00:00\",\"dateModified\":\"2025-02-11T17:17:27+00:00\",\"mainEntityOfPage\":{\"@id\":\"https:\/\/vieassociative.be\/actualites\/sept-de-mes-repas-preferes-de-largent\/\"},\"wordCount\":2247,\"publisher\":{\"@id\":\"https:\/\/vieassociative.be\/actualites\/#organization\"},\"image\":{\"@id\":\"https:\/\/vieassociative.be\/actualites\/sept-de-mes-repas-preferes-de-largent\/#primaryimage\"},\"thumbnailUrl\":\"https:\/\/vieassociative.be\/actualites\/wp-content\/uploads\/2025\/02\/1739294247_Sept-de-mes-repas-preferes-de-largent.png\",\"keywords\":[\"largent\",\"Mes\",\"pr\u00e9f\u00e9r\u00e9s\",\"repas\",\"Sept\"],\"articleSection\":[\"Gastronomie\"],\"inLanguage\":\"fr-BE\"},{\"@type\":\"WebPage\",\"@id\":\"https:\/\/vieassociative.be\/actualites\/sept-de-mes-repas-preferes-de-largent\/\",\"url\":\"https:\/\/vieassociative.be\/actualites\/sept-de-mes-repas-preferes-de-largent\/\",\"name\":\"Sept de mes repas pr\u00e9f\u00e9r\u00e9s de l'argent | Vie Associative\",\"isPartOf\":{\"@id\":\"https:\/\/vieassociative.be\/actualites\/#website\"},\"primaryImageOfPage\":{\"@id\":\"https:\/\/vieassociative.be\/actualites\/sept-de-mes-repas-preferes-de-largent\/#primaryimage\"},\"image\":{\"@id\":\"https:\/\/vieassociative.be\/actualites\/sept-de-mes-repas-preferes-de-largent\/#primaryimage\"},\"thumbnailUrl\":\"https:\/\/vieassociative.be\/actualites\/wp-content\/uploads\/2025\/02\/1739294247_Sept-de-mes-repas-preferes-de-largent.png\",\"datePublished\":\"2025-02-11T17:17:27+00:00\",\"dateModified\":\"2025-02-11T17:17:27+00:00\",\"breadcrumb\":{\"@id\":\"https:\/\/vieassociative.be\/actualites\/sept-de-mes-repas-preferes-de-largent\/#breadcrumb\"},\"inLanguage\":\"fr-BE\",\"potentialAction\":[{\"@type\":\"ReadAction\",\"target\":[\"https:\/\/vieassociative.be\/actualites\/sept-de-mes-repas-preferes-de-largent\/\"]}]},{\"@type\":\"ImageObject\",\"inLanguage\":\"fr-BE\",\"@id\":\"https:\/\/vieassociative.be\/actualites\/sept-de-mes-repas-preferes-de-largent\/#primaryimage\",\"url\":\"https:\/\/vieassociative.be\/actualites\/wp-content\/uploads\/2025\/02\/1739294247_Sept-de-mes-repas-preferes-de-largent.png\",\"contentUrl\":\"https:\/\/vieassociative.be\/actualites\/wp-content\/uploads\/2025\/02\/1739294247_Sept-de-mes-repas-preferes-de-largent.png\",\"width\":1200,\"height\":675,\"caption\":\"Sept de mes repas pr\u00e9f\u00e9r\u00e9s de l'argent\"},{\"@type\":\"BreadcrumbList\",\"@id\":\"https:\/\/vieassociative.be\/actualites\/sept-de-mes-repas-preferes-de-largent\/#breadcrumb\",\"itemListElement\":[{\"@type\":\"ListItem\",\"position\":1,\"name\":\"Accueil\",\"item\":\"https:\/\/vieassociative.be\/actualites\/\"},{\"@type\":\"ListItem\",\"position\":2,\"name\":\"Sept de mes repas pr\u00e9f\u00e9r\u00e9s de l&rsquo;argent\"}]},{\"@type\":\"WebSite\",\"@id\":\"https:\/\/vieassociative.be\/actualites\/#website\",\"url\":\"https:\/\/vieassociative.be\/actualites\/\",\"name\":\"Vie Associative\",\"description\":\"\",\"publisher\":{\"@id\":\"https:\/\/vieassociative.be\/actualites\/#organization\"},\"potentialAction\":[{\"@type\":\"SearchAction\",\"target\":{\"@type\":\"EntryPoint\",\"urlTemplate\":\"https:\/\/vieassociative.be\/actualites\/?s={search_term_string}\"},\"query-input\":{\"@type\":\"PropertyValueSpecification\",\"valueRequired\":true,\"valueName\":\"search_term_string\"}}],\"inLanguage\":\"fr-BE\"},{\"@type\":\"Organization\",\"@id\":\"https:\/\/vieassociative.be\/actualites\/#organization\",\"name\":\"Vie Associative\",\"url\":\"https:\/\/vieassociative.be\/actualites\/\",\"logo\":{\"@type\":\"ImageObject\",\"inLanguage\":\"fr-BE\",\"@id\":\"https:\/\/vieassociative.be\/actualites\/#\/schema\/logo\/image\/\",\"url\":\"https:\/\/vieassociative.be\/actualites\/wp-content\/uploads\/2024\/09\/cropped-vieassociative_favicon.ico.png\",\"contentUrl\":\"https:\/\/vieassociative.be\/actualites\/wp-content\/uploads\/2024\/09\/cropped-vieassociative_favicon.ico.png\",\"width\":512,\"height\":512,\"caption\":\"Vie Associative\"},\"image\":{\"@id\":\"https:\/\/vieassociative.be\/actualites\/#\/schema\/logo\/image\/\"}},{\"@type\":\"Person\",\"@id\":\"https:\/\/vieassociative.be\/actualites\/#\/schema\/person\/b87ac4f82f9d4e7b7cec7395b679edc4\",\"name\":\"Julien\",\"image\":{\"@type\":\"ImageObject\",\"inLanguage\":\"fr-BE\",\"@id\":\"https:\/\/vieassociative.be\/actualites\/#\/schema\/person\/image\/\",\"url\":\"https:\/\/vieassociative.be\/actualites\/wp-content\/uploads\/2024\/09\/vie-associative-1-150x150.jpg\",\"contentUrl\":\"https:\/\/vieassociative.be\/actualites\/wp-content\/uploads\/2024\/09\/vie-associative-1-150x150.jpg\",\"caption\":\"Julien\"},\"description\":\"Je suis Julien, r\u00e9dacteur pour Vie Associative. Passionn\u00e9 par le monde associatif depuis plus de 10 ans, j'ai \u00e0 c\u0153ur de partager des histoires inspirantes et de mettre en lumi\u00e8re les initiatives locales. Mon objectif est de sensibiliser et d'encourager l'engagement communautaire \u00e0 travers mes articles.\",\"sameAs\":[\"https:\/\/vieassociative.be\/\"]}]}<\/script>\n<!-- \/ Yoast SEO plugin. -->","yoast_head_json":{"title":"Sept de mes repas pr\u00e9f\u00e9r\u00e9s de l'argent | Vie Associative","robots":{"index":"index","follow":"follow","max-snippet":"max-snippet:-1","max-image-preview":"max-image-preview:large","max-video-preview":"max-video-preview:-1"},"canonical":"https:\/\/vieassociative.be\/actualites\/sept-de-mes-repas-preferes-de-largent\/","og_locale":"fr_FR","og_type":"article","og_title":"Sept de mes repas pr\u00e9f\u00e9r\u00e9s de l'argent | Vie Associative","og_description":"\u00c0 mesure que les prix de l&rsquo;\u00e9picerie montent en fl\u00e8che, assurez-vous que votre argent va le plus loin possible avec ces recettes. L&rsquo;\u00e9picerie est sacr\u00e9ment","og_url":"https:\/\/vieassociative.be\/actualites\/sept-de-mes-repas-preferes-de-largent\/","og_site_name":"Vie Associative","article_published_time":"2025-02-11T17:17:27+00:00","og_image":[{"url":"https:\/\/vieassociative.be\/actualites\/wp-content\/uploads\/2025\/02\/Sept-de-mes-repas-preferes-de-largent.png","type":"","width":"","height":""}],"author":"Julien","twitter_card":"summary_large_image","twitter_misc":{"\u00c9crit par":"Julien","Dur\u00e9e de lecture est.":"11 minutes"},"schema":{"@context":"https:\/\/schema.org","@graph":[{"@type":"Article","@id":"https:\/\/vieassociative.be\/actualites\/sept-de-mes-repas-preferes-de-largent\/#article","isPartOf":{"@id":"https:\/\/vieassociative.be\/actualites\/sept-de-mes-repas-preferes-de-largent\/"},"author":{"name":"Julien","@id":"https:\/\/vieassociative.be\/actualites\/#\/schema\/person\/b87ac4f82f9d4e7b7cec7395b679edc4"},"headline":"Sept de mes repas pr\u00e9f\u00e9r\u00e9s de l&rsquo;argent","datePublished":"2025-02-11T17:17:27+00:00","dateModified":"2025-02-11T17:17:27+00:00","mainEntityOfPage":{"@id":"https:\/\/vieassociative.be\/actualites\/sept-de-mes-repas-preferes-de-largent\/"},"wordCount":2247,"publisher":{"@id":"https:\/\/vieassociative.be\/actualites\/#organization"},"image":{"@id":"https:\/\/vieassociative.be\/actualites\/sept-de-mes-repas-preferes-de-largent\/#primaryimage"},"thumbnailUrl":"https:\/\/vieassociative.be\/actualites\/wp-content\/uploads\/2025\/02\/1739294247_Sept-de-mes-repas-preferes-de-largent.png","keywords":["largent","Mes","pr\u00e9f\u00e9r\u00e9s","repas","Sept"],"articleSection":["Gastronomie"],"inLanguage":"fr-BE"},{"@type":"WebPage","@id":"https:\/\/vieassociative.be\/actualites\/sept-de-mes-repas-preferes-de-largent\/","url":"https:\/\/vieassociative.be\/actualites\/sept-de-mes-repas-preferes-de-largent\/","name":"Sept de mes repas pr\u00e9f\u00e9r\u00e9s de l'argent | Vie Associative","isPartOf":{"@id":"https:\/\/vieassociative.be\/actualites\/#website"},"primaryImageOfPage":{"@id":"https:\/\/vieassociative.be\/actualites\/sept-de-mes-repas-preferes-de-largent\/#primaryimage"},"image":{"@id":"https:\/\/vieassociative.be\/actualites\/sept-de-mes-repas-preferes-de-largent\/#primaryimage"},"thumbnailUrl":"https:\/\/vieassociative.be\/actualites\/wp-content\/uploads\/2025\/02\/1739294247_Sept-de-mes-repas-preferes-de-largent.png","datePublished":"2025-02-11T17:17:27+00:00","dateModified":"2025-02-11T17:17:27+00:00","breadcrumb":{"@id":"https:\/\/vieassociative.be\/actualites\/sept-de-mes-repas-preferes-de-largent\/#breadcrumb"},"inLanguage":"fr-BE","potentialAction":[{"@type":"ReadAction","target":["https:\/\/vieassociative.be\/actualites\/sept-de-mes-repas-preferes-de-largent\/"]}]},{"@type":"ImageObject","inLanguage":"fr-BE","@id":"https:\/\/vieassociative.be\/actualites\/sept-de-mes-repas-preferes-de-largent\/#primaryimage","url":"https:\/\/vieassociative.be\/actualites\/wp-content\/uploads\/2025\/02\/1739294247_Sept-de-mes-repas-preferes-de-largent.png","contentUrl":"https:\/\/vieassociative.be\/actualites\/wp-content\/uploads\/2025\/02\/1739294247_Sept-de-mes-repas-preferes-de-largent.png","width":1200,"height":675,"caption":"Sept de mes repas pr\u00e9f\u00e9r\u00e9s de l'argent"},{"@type":"BreadcrumbList","@id":"https:\/\/vieassociative.be\/actualites\/sept-de-mes-repas-preferes-de-largent\/#breadcrumb","itemListElement":[{"@type":"ListItem","position":1,"name":"Accueil","item":"https:\/\/vieassociative.be\/actualites\/"},{"@type":"ListItem","position":2,"name":"Sept de mes repas pr\u00e9f\u00e9r\u00e9s de l&rsquo;argent"}]},{"@type":"WebSite","@id":"https:\/\/vieassociative.be\/actualites\/#website","url":"https:\/\/vieassociative.be\/actualites\/","name":"Vie Associative","description":"","publisher":{"@id":"https:\/\/vieassociative.be\/actualites\/#organization"},"potentialAction":[{"@type":"SearchAction","target":{"@type":"EntryPoint","urlTemplate":"https:\/\/vieassociative.be\/actualites\/?s={search_term_string}"},"query-input":{"@type":"PropertyValueSpecification","valueRequired":true,"valueName":"search_term_string"}}],"inLanguage":"fr-BE"},{"@type":"Organization","@id":"https:\/\/vieassociative.be\/actualites\/#organization","name":"Vie Associative","url":"https:\/\/vieassociative.be\/actualites\/","logo":{"@type":"ImageObject","inLanguage":"fr-BE","@id":"https:\/\/vieassociative.be\/actualites\/#\/schema\/logo\/image\/","url":"https:\/\/vieassociative.be\/actualites\/wp-content\/uploads\/2024\/09\/cropped-vieassociative_favicon.ico.png","contentUrl":"https:\/\/vieassociative.be\/actualites\/wp-content\/uploads\/2024\/09\/cropped-vieassociative_favicon.ico.png","width":512,"height":512,"caption":"Vie Associative"},"image":{"@id":"https:\/\/vieassociative.be\/actualites\/#\/schema\/logo\/image\/"}},{"@type":"Person","@id":"https:\/\/vieassociative.be\/actualites\/#\/schema\/person\/b87ac4f82f9d4e7b7cec7395b679edc4","name":"Julien","image":{"@type":"ImageObject","inLanguage":"fr-BE","@id":"https:\/\/vieassociative.be\/actualites\/#\/schema\/person\/image\/","url":"https:\/\/vieassociative.be\/actualites\/wp-content\/uploads\/2024\/09\/vie-associative-1-150x150.jpg","contentUrl":"https:\/\/vieassociative.be\/actualites\/wp-content\/uploads\/2024\/09\/vie-associative-1-150x150.jpg","caption":"Julien"},"description":"Je suis Julien, r\u00e9dacteur pour Vie Associative. Passionn\u00e9 par le monde associatif depuis plus de 10 ans, j'ai \u00e0 c\u0153ur de partager des histoires inspirantes et de mettre en lumi\u00e8re les initiatives locales. Mon objectif est de sensibiliser et d'encourager l'engagement communautaire \u00e0 travers mes articles.","sameAs":["https:\/\/vieassociative.be\/"]}]}},"_links":{"self":[{"href":"https:\/\/vieassociative.be\/actualites\/wp-json\/wp\/v2\/posts\/5031"}],"collection":[{"href":"https:\/\/vieassociative.be\/actualites\/wp-json\/wp\/v2\/posts"}],"about":[{"href":"https:\/\/vieassociative.be\/actualites\/wp-json\/wp\/v2\/types\/post"}],"author":[{"embeddable":true,"href":"https:\/\/vieassociative.be\/actualites\/wp-json\/wp\/v2\/users\/1"}],"replies":[{"embeddable":true,"href":"https:\/\/vieassociative.be\/actualites\/wp-json\/wp\/v2\/comments?post=5031"}],"version-history":[{"count":0,"href":"https:\/\/vieassociative.be\/actualites\/wp-json\/wp\/v2\/posts\/5031\/revisions"}],"wp:featuredmedia":[{"embeddable":true,"href":"https:\/\/vieassociative.be\/actualites\/wp-json\/wp\/v2\/media\/5032"}],"wp:attachment":[{"href":"https:\/\/vieassociative.be\/actualites\/wp-json\/wp\/v2\/media?parent=5031"}],"wp:term":[{"taxonomy":"category","embeddable":true,"href":"https:\/\/vieassociative.be\/actualites\/wp-json\/wp\/v2\/categories?post=5031"},{"taxonomy":"post_tag","embeddable":true,"href":"https:\/\/vieassociative.be\/actualites\/wp-json\/wp\/v2\/tags?post=5031"}],"curies":[{"name":"wp","href":"https:\/\/api.w.org\/{rel}","templated":true}]}}