{"id":5028,"date":"2025-02-11T15:17:10","date_gmt":"2025-02-11T14:17:10","guid":{"rendered":"https:\/\/vieassociative.be\/actualites\/double-formation-en-belgique-orientale-comme-modele-de-modele\/"},"modified":"2025-02-11T15:17:10","modified_gmt":"2025-02-11T14:17:10","slug":"double-formation-en-belgique-orientale-comme-modele-de-modele","status":"publish","type":"post","link":"https:\/\/vieassociative.be\/actualites\/double-formation-en-belgique-orientale-comme-modele-de-modele\/","title":{"rendered":"Double formation en Belgique orientale comme mod\u00e8le de mod\u00e8le"},"content":{"rendered":"<p><strong>Le premier vice-pr\u00e9sident et ministre de l&rsquo;\u00c9ducation de la communaut\u00e9 fran\u00e7aise, Val\u00e9rie Glatigny (MR), a visit\u00e9 le Center for Up (Zawm) \u00e0 Eupen lundi \u00e0 l&rsquo;invitation du ministre des le\u00e7ons, de l&rsquo;\u00e9ducation et de l&#8217;emploi, J\u00e9r\u00f4me Franssen (CSP), Le Center for Education and Continuing Education.<\/strong><\/p>\n<p><span id=\"more-407980\"><\/span>Ils \u00e9taient accompagn\u00e9s de Verena Greten, directrice g\u00e9n\u00e9rale de l&rsquo;IAWM, et Claudia Thissen, directrice du Zawm. Ensemble, ils ont visit\u00e9 diverses cours d&rsquo;atelier et ont \u00e9chang\u00e9 leur double formation en Belgique orientale.<\/p>\n<p>La visite du ministre Glatigny visait \u00e0 conna\u00eetre la double formation en Belgique et \u00e0 examiner les approches possibles de mise en \u0153uvre dans la communaut\u00e9 fran\u00e7aise.<\/p>\n<div id=\"attachment_408011\" class=\"wp-caption alignleft\" style=\"max-width: 200px\"><img fetchpriority=\"high\" decoding=\"async\" class=\"wp-image-408011 size-medium\" src=\"https:\/\/vieassociative.be\/actualites\/wp-content\/uploads\/2025\/02\/Double-formation-en-Belgique-orientale-comme-modele-de-modele.jpeg\" alt=\"\" width=\"200\" height=\"300\"  ><\/p>\n<p class=\"wp-caption-text\">VLNR: Val\u00e9ririe Glatigny, directrice de Zawm Claudia Thissen et J\u00e9r\u00f4me Franssen. Photo: armoire Franssen<\/p>\n<\/div>\n<p>\u00abUne visite au ministre montre que la double formation est un mod\u00e8le de mod\u00e8le et une vraie figure de proue de l&rsquo;Est de la Belgique. Notre double formation est fortement exploit\u00e9e. Avec cela, elle offre aux jeunes des perspectives futures promettant \u00bb, a soulign\u00e9 le ministre Franssen.<\/p>\n<p>La double formation en Belgique orientale se caract\u00e9rise par une int\u00e9gration \u00e9troite de l&rsquo;enseignement scolaire et de la pratique op\u00e9rationnelle. Les apprentis consacrent environ 80% de la p\u00e9riode de formation dans les entreprises de formation reconnues, tandis que les 20% restants sont achev\u00e9s \u00e0 l&rsquo;\u00e9cole professionnelle.<\/p>\n<p>La formation dans les entreprises a lieu sous la direction directe de sp\u00e9cialistes exp\u00e9riment\u00e9s qui accompagnent les stagiaires \u00e9tape par \u00e9tape. L&rsquo;accent est mis sur la transmission des comp\u00e9tences techniques et des comp\u00e9tences pratiques, afin que les apprentis deviennent des experts dans leur domaine. Tout ce que les stagiaires utilisent pratiquement dans l&rsquo;entreprise sont compl\u00e9t\u00e9s et approfondis par le contenu sp\u00e9cialis\u00e9 en \u00e9ducation th\u00e9orique et g\u00e9n\u00e9rale de l&rsquo;\u00e9cole professionnelle.<\/p>\n<p>En plus des emplacements Zawm \u00e0 Eupen et \u00e0 St. Vith, il existe des collaborations avec des \u00e9coles professionnelles au pays et \u00e0 l&rsquo;\u00e9tranger (par exemple Li\u00e8ge, Verviers, Aachen, Trier, Cologne), qui assure un large r\u00e9seautage professionnel et une formation pratique.<\/p>\n<p>Le ministre Franssen conclut: \u00ab\u00a0Le fait que notre formation double est devenue une figure de proue de l&rsquo;Est Belgique remercie le personnel administratif.<\/p>\n","protected":false},"excerpt":{"rendered":"<p>Le premier vice-pr\u00e9sident et ministre de l&rsquo;\u00c9ducation de la communaut\u00e9 fran\u00e7aise, Val\u00e9rie Glatigny (MR), a visit\u00e9 le Center for Up (Zawm) \u00e0 Eupen lundi \u00e0<\/p>\n","protected":false},"author":1,"featured_media":5029,"comment_status":"","ping_status":"","sticky":false,"template":"","format":"standard","meta":{"footnotes":""},"categories":[298],"tags":[383,1254,1328,3245,5113,2717],"class_list":["post-5028","post","type-post","status-publish","format-standard","has-post-thumbnail","hentry","category-belgique","tag-belgique","tag-comme","tag-double","tag-formation","tag-modele","tag-orientale","generate-columns","tablet-grid-50","mobile-grid-100","grid-parent","grid-33"],"yoast_head":"<!-- This site is optimized with the Yoast SEO plugin v24.0 - https:\/\/yoast.com\/wordpress\/plugins\/seo\/ -->\n<title>Double formation en Belgique orientale comme mod\u00e8le de mod\u00e8le | Vie Associative<\/title>\n<meta name=\"robots\" content=\"index, follow, max-snippet:-1, max-image-preview:large, max-video-preview:-1\" \/>\n<link rel=\"canonical\" href=\"https:\/\/vieassociative.be\/actualites\/double-formation-en-belgique-orientale-comme-modele-de-modele\/\" \/>\n<meta property=\"og:locale\" content=\"fr_FR\" \/>\n<meta property=\"og:type\" content=\"article\" \/>\n<meta property=\"og:title\" content=\"Double formation en Belgique orientale comme mod\u00e8le de mod\u00e8le | Vie Associative\" \/>\n<meta property=\"og:description\" content=\"Le premier vice-pr\u00e9sident et ministre de l&rsquo;\u00c9ducation de la communaut\u00e9 fran\u00e7aise, Val\u00e9rie Glatigny (MR), a visit\u00e9 le Center for Up (Zawm) \u00e0 Eupen lundi \u00e0\" \/>\n<meta property=\"og:url\" content=\"https:\/\/vieassociative.be\/actualites\/double-formation-en-belgique-orientale-comme-modele-de-modele\/\" \/>\n<meta property=\"og:site_name\" content=\"Vie Associative\" \/>\n<meta property=\"article:published_time\" content=\"2025-02-11T14:17:10+00:00\" \/>\n<meta property=\"og:image\" content=\"https:\/\/vieassociative.be\/actualites\/wp-content\/uploads\/2024\/09\/header_backgroundk-01-e1726694325946.png\" \/>\n\t<meta property=\"og:image:width\" content=\"279\" \/>\n\t<meta property=\"og:image:height\" content=\"92\" \/>\n\t<meta property=\"og:image:type\" content=\"image\/png\" \/>\n<meta name=\"author\" content=\"Julien\" \/>\n<meta name=\"twitter:card\" content=\"summary_large_image\" \/>\n<meta name=\"twitter:label1\" content=\"\u00c9crit par\" \/>\n\t<meta name=\"twitter:data1\" content=\"Julien\" \/>\n\t<meta name=\"twitter:label2\" content=\"Dur\u00e9e de lecture est.\" \/>\n\t<meta name=\"twitter:data2\" content=\"2 minutes\" \/>\n<script type=\"application\/ld+json\" class=\"yoast-schema-graph\">{\"@context\":\"https:\/\/schema.org\",\"@graph\":[{\"@type\":\"Article\",\"@id\":\"https:\/\/vieassociative.be\/actualites\/double-formation-en-belgique-orientale-comme-modele-de-modele\/#article\",\"isPartOf\":{\"@id\":\"https:\/\/vieassociative.be\/actualites\/double-formation-en-belgique-orientale-comme-modele-de-modele\/\"},\"author\":{\"name\":\"Julien\",\"@id\":\"https:\/\/vieassociative.be\/actualites\/#\/schema\/person\/b87ac4f82f9d4e7b7cec7395b679edc4\"},\"headline\":\"Double formation en Belgique orientale comme mod\u00e8le de mod\u00e8le\",\"datePublished\":\"2025-02-11T14:17:10+00:00\",\"dateModified\":\"2025-02-11T14:17:10+00:00\",\"mainEntityOfPage\":{\"@id\":\"https:\/\/vieassociative.be\/actualites\/double-formation-en-belgique-orientale-comme-modele-de-modele\/\"},\"wordCount\":393,\"publisher\":{\"@id\":\"https:\/\/vieassociative.be\/actualites\/#organization\"},\"image\":{\"@id\":\"https:\/\/vieassociative.be\/actualites\/double-formation-en-belgique-orientale-comme-modele-de-modele\/#primaryimage\"},\"thumbnailUrl\":\"https:\/\/vieassociative.be\/actualites\/wp-content\/uploads\/2025\/02\/1739283430_Double-formation-en-Belgique-orientale-comme-modele-de-modele.jpeg\",\"keywords\":[\"Belgique\",\"comme\",\"double\",\"formation\",\"mod\u00e8le\",\"orientale\"],\"articleSection\":[\"Belgique\"],\"inLanguage\":\"fr-BE\"},{\"@type\":\"WebPage\",\"@id\":\"https:\/\/vieassociative.be\/actualites\/double-formation-en-belgique-orientale-comme-modele-de-modele\/\",\"url\":\"https:\/\/vieassociative.be\/actualites\/double-formation-en-belgique-orientale-comme-modele-de-modele\/\",\"name\":\"Double formation en Belgique orientale comme mod\u00e8le de mod\u00e8le | Vie Associative\",\"isPartOf\":{\"@id\":\"https:\/\/vieassociative.be\/actualites\/#website\"},\"primaryImageOfPage\":{\"@id\":\"https:\/\/vieassociative.be\/actualites\/double-formation-en-belgique-orientale-comme-modele-de-modele\/#primaryimage\"},\"image\":{\"@id\":\"https:\/\/vieassociative.be\/actualites\/double-formation-en-belgique-orientale-comme-modele-de-modele\/#primaryimage\"},\"thumbnailUrl\":\"https:\/\/vieassociative.be\/actualites\/wp-content\/uploads\/2025\/02\/1739283430_Double-formation-en-Belgique-orientale-comme-modele-de-modele.jpeg\",\"datePublished\":\"2025-02-11T14:17:10+00:00\",\"dateModified\":\"2025-02-11T14:17:10+00:00\",\"breadcrumb\":{\"@id\":\"https:\/\/vieassociative.be\/actualites\/double-formation-en-belgique-orientale-comme-modele-de-modele\/#breadcrumb\"},\"inLanguage\":\"fr-BE\",\"potentialAction\":[{\"@type\":\"ReadAction\",\"target\":[\"https:\/\/vieassociative.be\/actualites\/double-formation-en-belgique-orientale-comme-modele-de-modele\/\"]}]},{\"@type\":\"ImageObject\",\"inLanguage\":\"fr-BE\",\"@id\":\"https:\/\/vieassociative.be\/actualites\/double-formation-en-belgique-orientale-comme-modele-de-modele\/#primaryimage\",\"url\":\"https:\/\/vieassociative.be\/actualites\/wp-content\/uploads\/2025\/02\/1739283430_Double-formation-en-Belgique-orientale-comme-modele-de-modele.jpeg\",\"contentUrl\":\"https:\/\/vieassociative.be\/actualites\/wp-content\/uploads\/2025\/02\/1739283430_Double-formation-en-Belgique-orientale-comme-modele-de-modele.jpeg\",\"width\":1200,\"height\":800,\"caption\":\"Double formation en Belgique orientale comme mod\u00e8le de mod\u00e8le\"},{\"@type\":\"BreadcrumbList\",\"@id\":\"https:\/\/vieassociative.be\/actualites\/double-formation-en-belgique-orientale-comme-modele-de-modele\/#breadcrumb\",\"itemListElement\":[{\"@type\":\"ListItem\",\"position\":1,\"name\":\"Accueil\",\"item\":\"https:\/\/vieassociative.be\/actualites\/\"},{\"@type\":\"ListItem\",\"position\":2,\"name\":\"Double formation en Belgique orientale comme mod\u00e8le de mod\u00e8le\"}]},{\"@type\":\"WebSite\",\"@id\":\"https:\/\/vieassociative.be\/actualites\/#website\",\"url\":\"https:\/\/vieassociative.be\/actualites\/\",\"name\":\"Vie Associative\",\"description\":\"\",\"publisher\":{\"@id\":\"https:\/\/vieassociative.be\/actualites\/#organization\"},\"potentialAction\":[{\"@type\":\"SearchAction\",\"target\":{\"@type\":\"EntryPoint\",\"urlTemplate\":\"https:\/\/vieassociative.be\/actualites\/?s={search_term_string}\"},\"query-input\":{\"@type\":\"PropertyValueSpecification\",\"valueRequired\":true,\"valueName\":\"search_term_string\"}}],\"inLanguage\":\"fr-BE\"},{\"@type\":\"Organization\",\"@id\":\"https:\/\/vieassociative.be\/actualites\/#organization\",\"name\":\"Vie Associative\",\"url\":\"https:\/\/vieassociative.be\/actualites\/\",\"logo\":{\"@type\":\"ImageObject\",\"inLanguage\":\"fr-BE\",\"@id\":\"https:\/\/vieassociative.be\/actualites\/#\/schema\/logo\/image\/\",\"url\":\"https:\/\/vieassociative.be\/actualites\/wp-content\/uploads\/2024\/09\/cropped-vieassociative_favicon.ico.png\",\"contentUrl\":\"https:\/\/vieassociative.be\/actualites\/wp-content\/uploads\/2024\/09\/cropped-vieassociative_favicon.ico.png\",\"width\":512,\"height\":512,\"caption\":\"Vie Associative\"},\"image\":{\"@id\":\"https:\/\/vieassociative.be\/actualites\/#\/schema\/logo\/image\/\"}},{\"@type\":\"Person\",\"@id\":\"https:\/\/vieassociative.be\/actualites\/#\/schema\/person\/b87ac4f82f9d4e7b7cec7395b679edc4\",\"name\":\"Julien\",\"image\":{\"@type\":\"ImageObject\",\"inLanguage\":\"fr-BE\",\"@id\":\"https:\/\/vieassociative.be\/actualites\/#\/schema\/person\/image\/\",\"url\":\"https:\/\/vieassociative.be\/actualites\/wp-content\/uploads\/2024\/09\/vie-associative-1-150x150.jpg\",\"contentUrl\":\"https:\/\/vieassociative.be\/actualites\/wp-content\/uploads\/2024\/09\/vie-associative-1-150x150.jpg\",\"caption\":\"Julien\"},\"description\":\"Je suis Julien, r\u00e9dacteur pour Vie Associative. Passionn\u00e9 par le monde associatif depuis plus de 10 ans, j'ai \u00e0 c\u0153ur de partager des histoires inspirantes et de mettre en lumi\u00e8re les initiatives locales. Mon objectif est de sensibiliser et d'encourager l'engagement communautaire \u00e0 travers mes articles.\",\"sameAs\":[\"https:\/\/vieassociative.be\/\"]}]}<\/script>\n<!-- \/ Yoast SEO plugin. -->","yoast_head_json":{"title":"Double formation en Belgique orientale comme mod\u00e8le de mod\u00e8le | Vie Associative","robots":{"index":"index","follow":"follow","max-snippet":"max-snippet:-1","max-image-preview":"max-image-preview:large","max-video-preview":"max-video-preview:-1"},"canonical":"https:\/\/vieassociative.be\/actualites\/double-formation-en-belgique-orientale-comme-modele-de-modele\/","og_locale":"fr_FR","og_type":"article","og_title":"Double formation en Belgique orientale comme mod\u00e8le de mod\u00e8le | Vie Associative","og_description":"Le premier vice-pr\u00e9sident et ministre de l&rsquo;\u00c9ducation de la communaut\u00e9 fran\u00e7aise, Val\u00e9rie Glatigny (MR), a visit\u00e9 le Center for Up (Zawm) \u00e0 Eupen lundi \u00e0","og_url":"https:\/\/vieassociative.be\/actualites\/double-formation-en-belgique-orientale-comme-modele-de-modele\/","og_site_name":"Vie Associative","article_published_time":"2025-02-11T14:17:10+00:00","og_image":[{"width":279,"height":92,"url":"https:\/\/vieassociative.be\/actualites\/wp-content\/uploads\/2024\/09\/header_backgroundk-01-e1726694325946.png","type":"image\/png"}],"author":"Julien","twitter_card":"summary_large_image","twitter_misc":{"\u00c9crit par":"Julien","Dur\u00e9e de lecture est.":"2 minutes"},"schema":{"@context":"https:\/\/schema.org","@graph":[{"@type":"Article","@id":"https:\/\/vieassociative.be\/actualites\/double-formation-en-belgique-orientale-comme-modele-de-modele\/#article","isPartOf":{"@id":"https:\/\/vieassociative.be\/actualites\/double-formation-en-belgique-orientale-comme-modele-de-modele\/"},"author":{"name":"Julien","@id":"https:\/\/vieassociative.be\/actualites\/#\/schema\/person\/b87ac4f82f9d4e7b7cec7395b679edc4"},"headline":"Double formation en Belgique orientale comme mod\u00e8le de mod\u00e8le","datePublished":"2025-02-11T14:17:10+00:00","dateModified":"2025-02-11T14:17:10+00:00","mainEntityOfPage":{"@id":"https:\/\/vieassociative.be\/actualites\/double-formation-en-belgique-orientale-comme-modele-de-modele\/"},"wordCount":393,"publisher":{"@id":"https:\/\/vieassociative.be\/actualites\/#organization"},"image":{"@id":"https:\/\/vieassociative.be\/actualites\/double-formation-en-belgique-orientale-comme-modele-de-modele\/#primaryimage"},"thumbnailUrl":"https:\/\/vieassociative.be\/actualites\/wp-content\/uploads\/2025\/02\/1739283430_Double-formation-en-Belgique-orientale-comme-modele-de-modele.jpeg","keywords":["Belgique","comme","double","formation","mod\u00e8le","orientale"],"articleSection":["Belgique"],"inLanguage":"fr-BE"},{"@type":"WebPage","@id":"https:\/\/vieassociative.be\/actualites\/double-formation-en-belgique-orientale-comme-modele-de-modele\/","url":"https:\/\/vieassociative.be\/actualites\/double-formation-en-belgique-orientale-comme-modele-de-modele\/","name":"Double formation en Belgique orientale comme mod\u00e8le de mod\u00e8le | Vie Associative","isPartOf":{"@id":"https:\/\/vieassociative.be\/actualites\/#website"},"primaryImageOfPage":{"@id":"https:\/\/vieassociative.be\/actualites\/double-formation-en-belgique-orientale-comme-modele-de-modele\/#primaryimage"},"image":{"@id":"https:\/\/vieassociative.be\/actualites\/double-formation-en-belgique-orientale-comme-modele-de-modele\/#primaryimage"},"thumbnailUrl":"https:\/\/vieassociative.be\/actualites\/wp-content\/uploads\/2025\/02\/1739283430_Double-formation-en-Belgique-orientale-comme-modele-de-modele.jpeg","datePublished":"2025-02-11T14:17:10+00:00","dateModified":"2025-02-11T14:17:10+00:00","breadcrumb":{"@id":"https:\/\/vieassociative.be\/actualites\/double-formation-en-belgique-orientale-comme-modele-de-modele\/#breadcrumb"},"inLanguage":"fr-BE","potentialAction":[{"@type":"ReadAction","target":["https:\/\/vieassociative.be\/actualites\/double-formation-en-belgique-orientale-comme-modele-de-modele\/"]}]},{"@type":"ImageObject","inLanguage":"fr-BE","@id":"https:\/\/vieassociative.be\/actualites\/double-formation-en-belgique-orientale-comme-modele-de-modele\/#primaryimage","url":"https:\/\/vieassociative.be\/actualites\/wp-content\/uploads\/2025\/02\/1739283430_Double-formation-en-Belgique-orientale-comme-modele-de-modele.jpeg","contentUrl":"https:\/\/vieassociative.be\/actualites\/wp-content\/uploads\/2025\/02\/1739283430_Double-formation-en-Belgique-orientale-comme-modele-de-modele.jpeg","width":1200,"height":800,"caption":"Double formation en Belgique orientale comme mod\u00e8le de mod\u00e8le"},{"@type":"BreadcrumbList","@id":"https:\/\/vieassociative.be\/actualites\/double-formation-en-belgique-orientale-comme-modele-de-modele\/#breadcrumb","itemListElement":[{"@type":"ListItem","position":1,"name":"Accueil","item":"https:\/\/vieassociative.be\/actualites\/"},{"@type":"ListItem","position":2,"name":"Double formation en Belgique orientale comme mod\u00e8le de mod\u00e8le"}]},{"@type":"WebSite","@id":"https:\/\/vieassociative.be\/actualites\/#website","url":"https:\/\/vieassociative.be\/actualites\/","name":"Vie Associative","description":"","publisher":{"@id":"https:\/\/vieassociative.be\/actualites\/#organization"},"potentialAction":[{"@type":"SearchAction","target":{"@type":"EntryPoint","urlTemplate":"https:\/\/vieassociative.be\/actualites\/?s={search_term_string}"},"query-input":{"@type":"PropertyValueSpecification","valueRequired":true,"valueName":"search_term_string"}}],"inLanguage":"fr-BE"},{"@type":"Organization","@id":"https:\/\/vieassociative.be\/actualites\/#organization","name":"Vie Associative","url":"https:\/\/vieassociative.be\/actualites\/","logo":{"@type":"ImageObject","inLanguage":"fr-BE","@id":"https:\/\/vieassociative.be\/actualites\/#\/schema\/logo\/image\/","url":"https:\/\/vieassociative.be\/actualites\/wp-content\/uploads\/2024\/09\/cropped-vieassociative_favicon.ico.png","contentUrl":"https:\/\/vieassociative.be\/actualites\/wp-content\/uploads\/2024\/09\/cropped-vieassociative_favicon.ico.png","width":512,"height":512,"caption":"Vie Associative"},"image":{"@id":"https:\/\/vieassociative.be\/actualites\/#\/schema\/logo\/image\/"}},{"@type":"Person","@id":"https:\/\/vieassociative.be\/actualites\/#\/schema\/person\/b87ac4f82f9d4e7b7cec7395b679edc4","name":"Julien","image":{"@type":"ImageObject","inLanguage":"fr-BE","@id":"https:\/\/vieassociative.be\/actualites\/#\/schema\/person\/image\/","url":"https:\/\/vieassociative.be\/actualites\/wp-content\/uploads\/2024\/09\/vie-associative-1-150x150.jpg","contentUrl":"https:\/\/vieassociative.be\/actualites\/wp-content\/uploads\/2024\/09\/vie-associative-1-150x150.jpg","caption":"Julien"},"description":"Je suis Julien, r\u00e9dacteur pour Vie Associative. Passionn\u00e9 par le monde associatif depuis plus de 10 ans, j'ai \u00e0 c\u0153ur de partager des histoires inspirantes et de mettre en lumi\u00e8re les initiatives locales. Mon objectif est de sensibiliser et d'encourager l'engagement communautaire \u00e0 travers mes articles.","sameAs":["https:\/\/vieassociative.be\/"]}]}},"_links":{"self":[{"href":"https:\/\/vieassociative.be\/actualites\/wp-json\/wp\/v2\/posts\/5028"}],"collection":[{"href":"https:\/\/vieassociative.be\/actualites\/wp-json\/wp\/v2\/posts"}],"about":[{"href":"https:\/\/vieassociative.be\/actualites\/wp-json\/wp\/v2\/types\/post"}],"author":[{"embeddable":true,"href":"https:\/\/vieassociative.be\/actualites\/wp-json\/wp\/v2\/users\/1"}],"replies":[{"embeddable":true,"href":"https:\/\/vieassociative.be\/actualites\/wp-json\/wp\/v2\/comments?post=5028"}],"version-history":[{"count":0,"href":"https:\/\/vieassociative.be\/actualites\/wp-json\/wp\/v2\/posts\/5028\/revisions"}],"wp:featuredmedia":[{"embeddable":true,"href":"https:\/\/vieassociative.be\/actualites\/wp-json\/wp\/v2\/media\/5029"}],"wp:attachment":[{"href":"https:\/\/vieassociative.be\/actualites\/wp-json\/wp\/v2\/media?parent=5028"}],"wp:term":[{"taxonomy":"category","embeddable":true,"href":"https:\/\/vieassociative.be\/actualites\/wp-json\/wp\/v2\/categories?post=5028"},{"taxonomy":"post_tag","embeddable":true,"href":"https:\/\/vieassociative.be\/actualites\/wp-json\/wp\/v2\/tags?post=5028"}],"curies":[{"name":"wp","href":"https:\/\/api.w.org\/{rel}","templated":true}]}}