{"id":5021,"date":"2025-02-11T09:17:44","date_gmt":"2025-02-11T08:17:44","guid":{"rendered":"https:\/\/vieassociative.be\/actualites\/apres-avoir-fusionne-les-centres-de-controle-un-centre-dappels-durgence-un-numero-durgence-et-une-application-112-pour-toutes-les-urgences\/"},"modified":"2025-02-11T09:17:44","modified_gmt":"2025-02-11T08:17:44","slug":"apres-avoir-fusionne-les-centres-de-controle-un-centre-dappels-durgence-un-numero-durgence-et-une-application-112-pour-toutes-les-urgences","status":"publish","type":"post","link":"https:\/\/vieassociative.be\/actualites\/apres-avoir-fusionne-les-centres-de-controle-un-centre-dappels-durgence-un-numero-durgence-et-une-application-112-pour-toutes-les-urgences\/","title":{"rendered":"Apr\u00e8s avoir fusionn\u00e9 les centres de contr\u00f4le: un centre d&rsquo;appels d&rsquo;urgence, un num\u00e9ro d&rsquo;urgence et une application 112 pour toutes les urgences"},"content":{"rendered":"<p><strong>Le 6 janvier 2025, un changement important a eu lieu dans la coop\u00e9ration entre la police f\u00e9d\u00e9rale Eupen et la zone de police de Weser-G\u00f6hl: les centres de contr\u00f4le des deux services de police ont \u00e9t\u00e9 fusionn\u00e9s.<\/strong><\/p>\n<p><span id=\"more-407783\"><\/span>D\u00e9sormais, le r\u00e9partiteur travaille ensemble pour assurer une communication plus efficace et des processus optimis\u00e9s.<\/p>\n<p><b>&#8211; Un centre d&rsquo;urgence centralis\u00e9: <\/b>En 2021, un emploi, la soi-disant \u00abtable de langue allemande\u00bb du centre de communication et d&rsquo;information provincial (Kiz-CIC en fran\u00e7ais), a d\u00e9m\u00e9nag\u00e9 de Li\u00e8ge \u00e0 Eupen. \u00c9tant donn\u00e9 que la police locale avait \u00e9galement un centre de contr\u00f4le \u00e0 Eupen, la fusion des centres de contr\u00f4le n&rsquo;\u00e9tait pas seulement \u00e9vidente en raison de la proximit\u00e9 spatiale. Le nouveau centre de contr\u00f4le int\u00e9gr\u00e9 a \u00e9galement ajout\u00e9 de la valeur pour la police et la population pour des raisons d&rsquo;efficacit\u00e9 et du point de vue de la capacit\u00e9 du personnel.<\/p>\n<div id=\"attachment_407792\" class=\"wp-caption alignleft\" style=\"max-width: 300px\"><img fetchpriority=\"high\" decoding=\"async\" class=\"wp-image-407792 size-medium\" src=\"https:\/\/vieassociative.be\/actualites\/wp-content\/uploads\/2025\/02\/Apres-avoir-fusionne-les-centres-de-controle-un-centre-dappels.jpg\" alt=\"\" width=\"300\" height=\"200\"  ><\/p>\n<p class=\"wp-caption-text\">Pr\u00e9sentation du nouveau centre de contr\u00f4le centralis\u00e9 (VLNR): Daniel Keutgen, chef de la zone de police de Weser-G\u00f6hl, Daniel Baltus, chef du Federal Control Center Eupen, et Laurent Klein, chef d&rsquo;\u00e9quipe du Federal Control Center Eupen. Photo: Helmut Koch<\/p>\n<\/div>\n<p>Ce nouveau type de coop\u00e9ration a n\u00e9cessit\u00e9 de nombreux votes entre les responsables de la police f\u00e9d\u00e9rale et de la police locale. Depuis le 6 janvier, le moment est venu: le r\u00e9partiteur local et f\u00e9d\u00e9ral est assis ensemble dans une pi\u00e8ce sur Herbestheer Strasse \u00e0 Eupen.<\/p>\n<p><b>&#8211; un seul num\u00e9ro d&rsquo;urgence: <\/b>De nombreux Belges orientaux connaissent le nombre direct du centre de contr\u00f4le local: 087 \/ 552.580. Cependant, avec la fusion des centres de contr\u00f4le, ce nombre devient superflu. L&rsquo;ancien num\u00e9ro est \u00e9teint \u00e0 l&rsquo;heure \u00e0 la fin de la saison du carnaval 2025. \u00c0 partir du 7 mars, un seul num\u00e9ro d&rsquo;urgence pour la police s&rsquo;applique: le 101.<\/p>\n<p>Les citoyens peuvent continuer \u00e0 choisir le num\u00e9ro d&rsquo;urgence 101 connu ou utiliser l&rsquo;application 112 BE. Pour les situations non urgentes, les \u00e9lections directes du commissaire des zones de police sont toujours disponibles.<\/p>\n<p><b>&#8211; Une application pour toutes les urgences: <\/b>La police indique \u00e9galement les avantages de l&rsquo;application d&rsquo;urgence 112 Be, qui est disponible pour les smartphones. Avec cette application, les utilisateurs peuvent contacter la police, l&rsquo;aide m\u00e9dicale ou les pompiers facilement et sans d\u00e9tours et n&rsquo;ont pas \u00e0 se souvenir des chiffres.<\/p>\n<div id=\"attachment_102464\" class=\"wp-caption alignleft\" style=\"max-width: 300px\"><img decoding=\"async\" class=\"wp-image-102464 size-medium\" src=\"https:\/\/vieassociative.be\/actualites\/wp-content\/uploads\/2025\/02\/Apres-avoir-fusionne-les-centres-de-controle-un-centre-dappels.jpeg\" alt=\"\" width=\"300\" height=\"205\"  ><\/p>\n<p class=\"wp-caption-text\">Appel d&rsquo;urgence 112. Photo: Shutterstock<\/p>\n<\/div>\n<p>Les autres avantages de l&rsquo;application sont:<\/p>\n<p><i>D\u00e9termination automatique de l&#8217;emplacement: <\/i>Le centre d&rsquo;appels d&rsquo;urgence de r\u00e9gime peut localiser l&#8217;emplacement de l&rsquo;appelant et, si n\u00e9cessaire, fournir les services d&rsquo;urgence d&rsquo;informations m\u00e9dicales importantes, telles que les maladies sanguines ou chroniques. Les services de police n&rsquo;ont pas acc\u00e8s \u00e0 ces informations.<\/p>\n<p><i>Communication pour les personnes ayant des restrictions: <\/i>Si l&rsquo;appelant ne peut pas parler ou entendre, une fonction de chat est disponible.<\/p>\n<p><i>Alarme en cas d&rsquo;urgence: <\/i>En cas d&rsquo;inconscience, les services auxiliaires peuvent envoyer une alarme au t\u00e9l\u00e9phone portable de la victime afin de faciliter sa conclusion.<\/p>\n<p>Toutes ces fonctions permettent d&rsquo;\u00e9conomiser un temps pr\u00e9cieux dans les situations d&rsquo;urgence. Les parties int\u00e9ress\u00e9es peuvent trouver plus d&rsquo;informations sur l&rsquo;application en allemand sur le site Web www.112.be\/de<\/p>\n<p>Il est tr\u00e8s important que les enfants savent \u00e9galement qu&rsquo;il existe un num\u00e9ro d&rsquo;urgence 112 et qu&rsquo;ils peuvent les utiliser en cas d&rsquo;urgence. La police vous rappelle \u00e9galement que l&rsquo;aide urgente dans tous les \u00c9tats membres de l&rsquo;Union europ\u00e9enne peut \u00eatre demand\u00e9e via le num\u00e9ro d&rsquo;urgence 112.<\/p>\n","protected":false},"excerpt":{"rendered":"<p>Le 6 janvier 2025, un changement important a eu lieu dans la coop\u00e9ration entre la police f\u00e9d\u00e9rale Eupen et la zone de police de Weser-G\u00f6hl:<\/p>\n","protected":false},"author":1,"featured_media":5022,"comment_status":"","ping_status":"","sticky":false,"template":"","format":"standard","meta":{"footnotes":""},"categories":[298],"tags":[1277,472,224,5279,5278,360,5280,3784,5277,14,1550,81,62,110,5281],"class_list":["post-5021","post","type-post","status-publish","format-standard","has-post-thumbnail","hentry","category-belgique","tag-application","tag-apres","tag-avoir","tag-centre","tag-centres","tag-controle","tag-dappels","tag-durgence","tag-fusionne","tag-les","tag-numero","tag-pour","tag-toutes","tag-une","tag-urgences","generate-columns","tablet-grid-50","mobile-grid-100","grid-parent","grid-33"],"yoast_head":"<!-- This site is optimized with the Yoast SEO plugin v24.0 - https:\/\/yoast.com\/wordpress\/plugins\/seo\/ -->\n<title>Apr\u00e8s avoir fusionn\u00e9 les centres de contr\u00f4le: un centre d&#039;appels d&#039;urgence, un num\u00e9ro d&#039;urgence et une application 112 pour toutes les urgences | Vie Associative<\/title>\n<meta name=\"robots\" content=\"index, follow, max-snippet:-1, max-image-preview:large, max-video-preview:-1\" \/>\n<link rel=\"canonical\" href=\"https:\/\/vieassociative.be\/actualites\/apres-avoir-fusionne-les-centres-de-controle-un-centre-dappels-durgence-un-numero-durgence-et-une-application-112-pour-toutes-les-urgences\/\" \/>\n<meta property=\"og:locale\" content=\"fr_FR\" \/>\n<meta property=\"og:type\" content=\"article\" \/>\n<meta property=\"og:title\" content=\"Apr\u00e8s avoir fusionn\u00e9 les centres de contr\u00f4le: un centre d&#039;appels d&#039;urgence, un num\u00e9ro d&#039;urgence et une application 112 pour toutes les urgences | Vie Associative\" \/>\n<meta property=\"og:description\" content=\"Le 6 janvier 2025, un changement important a eu lieu dans la coop\u00e9ration entre la police f\u00e9d\u00e9rale Eupen et la zone de police de Weser-G\u00f6hl:\" \/>\n<meta property=\"og:url\" content=\"https:\/\/vieassociative.be\/actualites\/apres-avoir-fusionne-les-centres-de-controle-un-centre-dappels-durgence-un-numero-durgence-et-une-application-112-pour-toutes-les-urgences\/\" \/>\n<meta property=\"og:site_name\" content=\"Vie Associative\" \/>\n<meta property=\"article:published_time\" content=\"2025-02-11T08:17:44+00:00\" \/>\n<meta property=\"og:image\" content=\"https:\/\/vieassociative.be\/actualites\/wp-content\/uploads\/2024\/09\/header_backgroundk-01-e1726694325946.png\" \/>\n\t<meta property=\"og:image:width\" content=\"279\" \/>\n\t<meta property=\"og:image:height\" content=\"92\" \/>\n\t<meta property=\"og:image:type\" content=\"image\/png\" \/>\n<meta name=\"author\" content=\"Julien\" \/>\n<meta name=\"twitter:card\" content=\"summary_large_image\" \/>\n<meta name=\"twitter:label1\" content=\"\u00c9crit par\" \/>\n\t<meta name=\"twitter:data1\" content=\"Julien\" \/>\n\t<meta name=\"twitter:label2\" content=\"Dur\u00e9e de lecture est.\" \/>\n\t<meta name=\"twitter:data2\" content=\"3 minutes\" \/>\n<script type=\"application\/ld+json\" class=\"yoast-schema-graph\">{\"@context\":\"https:\/\/schema.org\",\"@graph\":[{\"@type\":\"Article\",\"@id\":\"https:\/\/vieassociative.be\/actualites\/apres-avoir-fusionne-les-centres-de-controle-un-centre-dappels-durgence-un-numero-durgence-et-une-application-112-pour-toutes-les-urgences\/#article\",\"isPartOf\":{\"@id\":\"https:\/\/vieassociative.be\/actualites\/apres-avoir-fusionne-les-centres-de-controle-un-centre-dappels-durgence-un-numero-durgence-et-une-application-112-pour-toutes-les-urgences\/\"},\"author\":{\"name\":\"Julien\",\"@id\":\"https:\/\/vieassociative.be\/actualites\/#\/schema\/person\/b87ac4f82f9d4e7b7cec7395b679edc4\"},\"headline\":\"Apr\u00e8s avoir fusionn\u00e9 les centres de contr\u00f4le: un centre d&rsquo;appels d&rsquo;urgence, un num\u00e9ro d&rsquo;urgence et une application 112 pour toutes les urgences\",\"datePublished\":\"2025-02-11T08:17:44+00:00\",\"dateModified\":\"2025-02-11T08:17:44+00:00\",\"mainEntityOfPage\":{\"@id\":\"https:\/\/vieassociative.be\/actualites\/apres-avoir-fusionne-les-centres-de-controle-un-centre-dappels-durgence-un-numero-durgence-et-une-application-112-pour-toutes-les-urgences\/\"},\"wordCount\":645,\"publisher\":{\"@id\":\"https:\/\/vieassociative.be\/actualites\/#organization\"},\"image\":{\"@id\":\"https:\/\/vieassociative.be\/actualites\/apres-avoir-fusionne-les-centres-de-controle-un-centre-dappels-durgence-un-numero-durgence-et-une-application-112-pour-toutes-les-urgences\/#primaryimage\"},\"thumbnailUrl\":\"https:\/\/vieassociative.be\/actualites\/wp-content\/uploads\/2025\/02\/1739261864_Apres-avoir-fusionne-les-centres-de-controle-un-centre-dappels.jpg\",\"keywords\":[\"application\",\"Apr\u00e8s\",\"avoir\",\"centre\",\"centres\",\"contr\u00f4le\",\"dappels\",\"durgence\",\"fusionn\u00e9\",\"Les\",\"num\u00e9ro\",\"pour\",\"toutes\",\"une\",\"urgences\"],\"articleSection\":[\"Belgique\"],\"inLanguage\":\"fr-BE\"},{\"@type\":\"WebPage\",\"@id\":\"https:\/\/vieassociative.be\/actualites\/apres-avoir-fusionne-les-centres-de-controle-un-centre-dappels-durgence-un-numero-durgence-et-une-application-112-pour-toutes-les-urgences\/\",\"url\":\"https:\/\/vieassociative.be\/actualites\/apres-avoir-fusionne-les-centres-de-controle-un-centre-dappels-durgence-un-numero-durgence-et-une-application-112-pour-toutes-les-urgences\/\",\"name\":\"Apr\u00e8s avoir fusionn\u00e9 les centres de contr\u00f4le: un centre d'appels d'urgence, un num\u00e9ro d'urgence et une application 112 pour toutes les urgences | Vie Associative\",\"isPartOf\":{\"@id\":\"https:\/\/vieassociative.be\/actualites\/#website\"},\"primaryImageOfPage\":{\"@id\":\"https:\/\/vieassociative.be\/actualites\/apres-avoir-fusionne-les-centres-de-controle-un-centre-dappels-durgence-un-numero-durgence-et-une-application-112-pour-toutes-les-urgences\/#primaryimage\"},\"image\":{\"@id\":\"https:\/\/vieassociative.be\/actualites\/apres-avoir-fusionne-les-centres-de-controle-un-centre-dappels-durgence-un-numero-durgence-et-une-application-112-pour-toutes-les-urgences\/#primaryimage\"},\"thumbnailUrl\":\"https:\/\/vieassociative.be\/actualites\/wp-content\/uploads\/2025\/02\/1739261864_Apres-avoir-fusionne-les-centres-de-controle-un-centre-dappels.jpg\",\"datePublished\":\"2025-02-11T08:17:44+00:00\",\"dateModified\":\"2025-02-11T08:17:44+00:00\",\"breadcrumb\":{\"@id\":\"https:\/\/vieassociative.be\/actualites\/apres-avoir-fusionne-les-centres-de-controle-un-centre-dappels-durgence-un-numero-durgence-et-une-application-112-pour-toutes-les-urgences\/#breadcrumb\"},\"inLanguage\":\"fr-BE\",\"potentialAction\":[{\"@type\":\"ReadAction\",\"target\":[\"https:\/\/vieassociative.be\/actualites\/apres-avoir-fusionne-les-centres-de-controle-un-centre-dappels-durgence-un-numero-durgence-et-une-application-112-pour-toutes-les-urgences\/\"]}]},{\"@type\":\"ImageObject\",\"inLanguage\":\"fr-BE\",\"@id\":\"https:\/\/vieassociative.be\/actualites\/apres-avoir-fusionne-les-centres-de-controle-un-centre-dappels-durgence-un-numero-durgence-et-une-application-112-pour-toutes-les-urgences\/#primaryimage\",\"url\":\"https:\/\/vieassociative.be\/actualites\/wp-content\/uploads\/2025\/02\/1739261864_Apres-avoir-fusionne-les-centres-de-controle-un-centre-dappels.jpg\",\"contentUrl\":\"https:\/\/vieassociative.be\/actualites\/wp-content\/uploads\/2025\/02\/1739261864_Apres-avoir-fusionne-les-centres-de-controle-un-centre-dappels.jpg\",\"width\":1200,\"height\":795,\"caption\":\"Apr\u00e8s avoir fusionn\u00e9 les centres de contr\u00f4le: un centre d'appels d'urgence, un num\u00e9ro d'urgence et une application 112 pour toutes les urgences\"},{\"@type\":\"BreadcrumbList\",\"@id\":\"https:\/\/vieassociative.be\/actualites\/apres-avoir-fusionne-les-centres-de-controle-un-centre-dappels-durgence-un-numero-durgence-et-une-application-112-pour-toutes-les-urgences\/#breadcrumb\",\"itemListElement\":[{\"@type\":\"ListItem\",\"position\":1,\"name\":\"Accueil\",\"item\":\"https:\/\/vieassociative.be\/actualites\/\"},{\"@type\":\"ListItem\",\"position\":2,\"name\":\"Apr\u00e8s avoir fusionn\u00e9 les centres de contr\u00f4le: un centre d&rsquo;appels d&rsquo;urgence, un num\u00e9ro d&rsquo;urgence et une application 112 pour toutes les urgences\"}]},{\"@type\":\"WebSite\",\"@id\":\"https:\/\/vieassociative.be\/actualites\/#website\",\"url\":\"https:\/\/vieassociative.be\/actualites\/\",\"name\":\"Vie Associative\",\"description\":\"\",\"publisher\":{\"@id\":\"https:\/\/vieassociative.be\/actualites\/#organization\"},\"potentialAction\":[{\"@type\":\"SearchAction\",\"target\":{\"@type\":\"EntryPoint\",\"urlTemplate\":\"https:\/\/vieassociative.be\/actualites\/?s={search_term_string}\"},\"query-input\":{\"@type\":\"PropertyValueSpecification\",\"valueRequired\":true,\"valueName\":\"search_term_string\"}}],\"inLanguage\":\"fr-BE\"},{\"@type\":\"Organization\",\"@id\":\"https:\/\/vieassociative.be\/actualites\/#organization\",\"name\":\"Vie Associative\",\"url\":\"https:\/\/vieassociative.be\/actualites\/\",\"logo\":{\"@type\":\"ImageObject\",\"inLanguage\":\"fr-BE\",\"@id\":\"https:\/\/vieassociative.be\/actualites\/#\/schema\/logo\/image\/\",\"url\":\"https:\/\/vieassociative.be\/actualites\/wp-content\/uploads\/2024\/09\/cropped-vieassociative_favicon.ico.png\",\"contentUrl\":\"https:\/\/vieassociative.be\/actualites\/wp-content\/uploads\/2024\/09\/cropped-vieassociative_favicon.ico.png\",\"width\":512,\"height\":512,\"caption\":\"Vie Associative\"},\"image\":{\"@id\":\"https:\/\/vieassociative.be\/actualites\/#\/schema\/logo\/image\/\"}},{\"@type\":\"Person\",\"@id\":\"https:\/\/vieassociative.be\/actualites\/#\/schema\/person\/b87ac4f82f9d4e7b7cec7395b679edc4\",\"name\":\"Julien\",\"image\":{\"@type\":\"ImageObject\",\"inLanguage\":\"fr-BE\",\"@id\":\"https:\/\/vieassociative.be\/actualites\/#\/schema\/person\/image\/\",\"url\":\"https:\/\/vieassociative.be\/actualites\/wp-content\/uploads\/2024\/09\/vie-associative-1-150x150.jpg\",\"contentUrl\":\"https:\/\/vieassociative.be\/actualites\/wp-content\/uploads\/2024\/09\/vie-associative-1-150x150.jpg\",\"caption\":\"Julien\"},\"description\":\"Je suis Julien, r\u00e9dacteur pour Vie Associative. Passionn\u00e9 par le monde associatif depuis plus de 10 ans, j'ai \u00e0 c\u0153ur de partager des histoires inspirantes et de mettre en lumi\u00e8re les initiatives locales. Mon objectif est de sensibiliser et d'encourager l'engagement communautaire \u00e0 travers mes articles.\",\"sameAs\":[\"https:\/\/vieassociative.be\/\"]}]}<\/script>\n<!-- \/ Yoast SEO plugin. -->","yoast_head_json":{"title":"Apr\u00e8s avoir fusionn\u00e9 les centres de contr\u00f4le: un centre d'appels d'urgence, un num\u00e9ro d'urgence et une application 112 pour toutes les urgences | Vie Associative","robots":{"index":"index","follow":"follow","max-snippet":"max-snippet:-1","max-image-preview":"max-image-preview:large","max-video-preview":"max-video-preview:-1"},"canonical":"https:\/\/vieassociative.be\/actualites\/apres-avoir-fusionne-les-centres-de-controle-un-centre-dappels-durgence-un-numero-durgence-et-une-application-112-pour-toutes-les-urgences\/","og_locale":"fr_FR","og_type":"article","og_title":"Apr\u00e8s avoir fusionn\u00e9 les centres de contr\u00f4le: un centre d'appels d'urgence, un num\u00e9ro d'urgence et une application 112 pour toutes les urgences | Vie Associative","og_description":"Le 6 janvier 2025, un changement important a eu lieu dans la coop\u00e9ration entre la police f\u00e9d\u00e9rale Eupen et la zone de police de Weser-G\u00f6hl:","og_url":"https:\/\/vieassociative.be\/actualites\/apres-avoir-fusionne-les-centres-de-controle-un-centre-dappels-durgence-un-numero-durgence-et-une-application-112-pour-toutes-les-urgences\/","og_site_name":"Vie Associative","article_published_time":"2025-02-11T08:17:44+00:00","og_image":[{"width":279,"height":92,"url":"https:\/\/vieassociative.be\/actualites\/wp-content\/uploads\/2024\/09\/header_backgroundk-01-e1726694325946.png","type":"image\/png"}],"author":"Julien","twitter_card":"summary_large_image","twitter_misc":{"\u00c9crit par":"Julien","Dur\u00e9e de lecture est.":"3 minutes"},"schema":{"@context":"https:\/\/schema.org","@graph":[{"@type":"Article","@id":"https:\/\/vieassociative.be\/actualites\/apres-avoir-fusionne-les-centres-de-controle-un-centre-dappels-durgence-un-numero-durgence-et-une-application-112-pour-toutes-les-urgences\/#article","isPartOf":{"@id":"https:\/\/vieassociative.be\/actualites\/apres-avoir-fusionne-les-centres-de-controle-un-centre-dappels-durgence-un-numero-durgence-et-une-application-112-pour-toutes-les-urgences\/"},"author":{"name":"Julien","@id":"https:\/\/vieassociative.be\/actualites\/#\/schema\/person\/b87ac4f82f9d4e7b7cec7395b679edc4"},"headline":"Apr\u00e8s avoir fusionn\u00e9 les centres de contr\u00f4le: un centre d&rsquo;appels d&rsquo;urgence, un num\u00e9ro d&rsquo;urgence et une application 112 pour toutes les urgences","datePublished":"2025-02-11T08:17:44+00:00","dateModified":"2025-02-11T08:17:44+00:00","mainEntityOfPage":{"@id":"https:\/\/vieassociative.be\/actualites\/apres-avoir-fusionne-les-centres-de-controle-un-centre-dappels-durgence-un-numero-durgence-et-une-application-112-pour-toutes-les-urgences\/"},"wordCount":645,"publisher":{"@id":"https:\/\/vieassociative.be\/actualites\/#organization"},"image":{"@id":"https:\/\/vieassociative.be\/actualites\/apres-avoir-fusionne-les-centres-de-controle-un-centre-dappels-durgence-un-numero-durgence-et-une-application-112-pour-toutes-les-urgences\/#primaryimage"},"thumbnailUrl":"https:\/\/vieassociative.be\/actualites\/wp-content\/uploads\/2025\/02\/1739261864_Apres-avoir-fusionne-les-centres-de-controle-un-centre-dappels.jpg","keywords":["application","Apr\u00e8s","avoir","centre","centres","contr\u00f4le","dappels","durgence","fusionn\u00e9","Les","num\u00e9ro","pour","toutes","une","urgences"],"articleSection":["Belgique"],"inLanguage":"fr-BE"},{"@type":"WebPage","@id":"https:\/\/vieassociative.be\/actualites\/apres-avoir-fusionne-les-centres-de-controle-un-centre-dappels-durgence-un-numero-durgence-et-une-application-112-pour-toutes-les-urgences\/","url":"https:\/\/vieassociative.be\/actualites\/apres-avoir-fusionne-les-centres-de-controle-un-centre-dappels-durgence-un-numero-durgence-et-une-application-112-pour-toutes-les-urgences\/","name":"Apr\u00e8s avoir fusionn\u00e9 les centres de contr\u00f4le: un centre d'appels d'urgence, un num\u00e9ro d'urgence et une application 112 pour toutes les urgences | Vie Associative","isPartOf":{"@id":"https:\/\/vieassociative.be\/actualites\/#website"},"primaryImageOfPage":{"@id":"https:\/\/vieassociative.be\/actualites\/apres-avoir-fusionne-les-centres-de-controle-un-centre-dappels-durgence-un-numero-durgence-et-une-application-112-pour-toutes-les-urgences\/#primaryimage"},"image":{"@id":"https:\/\/vieassociative.be\/actualites\/apres-avoir-fusionne-les-centres-de-controle-un-centre-dappels-durgence-un-numero-durgence-et-une-application-112-pour-toutes-les-urgences\/#primaryimage"},"thumbnailUrl":"https:\/\/vieassociative.be\/actualites\/wp-content\/uploads\/2025\/02\/1739261864_Apres-avoir-fusionne-les-centres-de-controle-un-centre-dappels.jpg","datePublished":"2025-02-11T08:17:44+00:00","dateModified":"2025-02-11T08:17:44+00:00","breadcrumb":{"@id":"https:\/\/vieassociative.be\/actualites\/apres-avoir-fusionne-les-centres-de-controle-un-centre-dappels-durgence-un-numero-durgence-et-une-application-112-pour-toutes-les-urgences\/#breadcrumb"},"inLanguage":"fr-BE","potentialAction":[{"@type":"ReadAction","target":["https:\/\/vieassociative.be\/actualites\/apres-avoir-fusionne-les-centres-de-controle-un-centre-dappels-durgence-un-numero-durgence-et-une-application-112-pour-toutes-les-urgences\/"]}]},{"@type":"ImageObject","inLanguage":"fr-BE","@id":"https:\/\/vieassociative.be\/actualites\/apres-avoir-fusionne-les-centres-de-controle-un-centre-dappels-durgence-un-numero-durgence-et-une-application-112-pour-toutes-les-urgences\/#primaryimage","url":"https:\/\/vieassociative.be\/actualites\/wp-content\/uploads\/2025\/02\/1739261864_Apres-avoir-fusionne-les-centres-de-controle-un-centre-dappels.jpg","contentUrl":"https:\/\/vieassociative.be\/actualites\/wp-content\/uploads\/2025\/02\/1739261864_Apres-avoir-fusionne-les-centres-de-controle-un-centre-dappels.jpg","width":1200,"height":795,"caption":"Apr\u00e8s avoir fusionn\u00e9 les centres de contr\u00f4le: un centre d'appels d'urgence, un num\u00e9ro d'urgence et une application 112 pour toutes les urgences"},{"@type":"BreadcrumbList","@id":"https:\/\/vieassociative.be\/actualites\/apres-avoir-fusionne-les-centres-de-controle-un-centre-dappels-durgence-un-numero-durgence-et-une-application-112-pour-toutes-les-urgences\/#breadcrumb","itemListElement":[{"@type":"ListItem","position":1,"name":"Accueil","item":"https:\/\/vieassociative.be\/actualites\/"},{"@type":"ListItem","position":2,"name":"Apr\u00e8s avoir fusionn\u00e9 les centres de contr\u00f4le: un centre d&rsquo;appels d&rsquo;urgence, un num\u00e9ro d&rsquo;urgence et une application 112 pour toutes les urgences"}]},{"@type":"WebSite","@id":"https:\/\/vieassociative.be\/actualites\/#website","url":"https:\/\/vieassociative.be\/actualites\/","name":"Vie Associative","description":"","publisher":{"@id":"https:\/\/vieassociative.be\/actualites\/#organization"},"potentialAction":[{"@type":"SearchAction","target":{"@type":"EntryPoint","urlTemplate":"https:\/\/vieassociative.be\/actualites\/?s={search_term_string}"},"query-input":{"@type":"PropertyValueSpecification","valueRequired":true,"valueName":"search_term_string"}}],"inLanguage":"fr-BE"},{"@type":"Organization","@id":"https:\/\/vieassociative.be\/actualites\/#organization","name":"Vie Associative","url":"https:\/\/vieassociative.be\/actualites\/","logo":{"@type":"ImageObject","inLanguage":"fr-BE","@id":"https:\/\/vieassociative.be\/actualites\/#\/schema\/logo\/image\/","url":"https:\/\/vieassociative.be\/actualites\/wp-content\/uploads\/2024\/09\/cropped-vieassociative_favicon.ico.png","contentUrl":"https:\/\/vieassociative.be\/actualites\/wp-content\/uploads\/2024\/09\/cropped-vieassociative_favicon.ico.png","width":512,"height":512,"caption":"Vie Associative"},"image":{"@id":"https:\/\/vieassociative.be\/actualites\/#\/schema\/logo\/image\/"}},{"@type":"Person","@id":"https:\/\/vieassociative.be\/actualites\/#\/schema\/person\/b87ac4f82f9d4e7b7cec7395b679edc4","name":"Julien","image":{"@type":"ImageObject","inLanguage":"fr-BE","@id":"https:\/\/vieassociative.be\/actualites\/#\/schema\/person\/image\/","url":"https:\/\/vieassociative.be\/actualites\/wp-content\/uploads\/2024\/09\/vie-associative-1-150x150.jpg","contentUrl":"https:\/\/vieassociative.be\/actualites\/wp-content\/uploads\/2024\/09\/vie-associative-1-150x150.jpg","caption":"Julien"},"description":"Je suis Julien, r\u00e9dacteur pour Vie Associative. Passionn\u00e9 par le monde associatif depuis plus de 10 ans, j'ai \u00e0 c\u0153ur de partager des histoires inspirantes et de mettre en lumi\u00e8re les initiatives locales. Mon objectif est de sensibiliser et d'encourager l'engagement communautaire \u00e0 travers mes articles.","sameAs":["https:\/\/vieassociative.be\/"]}]}},"_links":{"self":[{"href":"https:\/\/vieassociative.be\/actualites\/wp-json\/wp\/v2\/posts\/5021"}],"collection":[{"href":"https:\/\/vieassociative.be\/actualites\/wp-json\/wp\/v2\/posts"}],"about":[{"href":"https:\/\/vieassociative.be\/actualites\/wp-json\/wp\/v2\/types\/post"}],"author":[{"embeddable":true,"href":"https:\/\/vieassociative.be\/actualites\/wp-json\/wp\/v2\/users\/1"}],"replies":[{"embeddable":true,"href":"https:\/\/vieassociative.be\/actualites\/wp-json\/wp\/v2\/comments?post=5021"}],"version-history":[{"count":0,"href":"https:\/\/vieassociative.be\/actualites\/wp-json\/wp\/v2\/posts\/5021\/revisions"}],"wp:featuredmedia":[{"embeddable":true,"href":"https:\/\/vieassociative.be\/actualites\/wp-json\/wp\/v2\/media\/5022"}],"wp:attachment":[{"href":"https:\/\/vieassociative.be\/actualites\/wp-json\/wp\/v2\/media?parent=5021"}],"wp:term":[{"taxonomy":"category","embeddable":true,"href":"https:\/\/vieassociative.be\/actualites\/wp-json\/wp\/v2\/categories?post=5021"},{"taxonomy":"post_tag","embeddable":true,"href":"https:\/\/vieassociative.be\/actualites\/wp-json\/wp\/v2\/tags?post=5021"}],"curies":[{"name":"wp","href":"https:\/\/api.w.org\/{rel}","templated":true}]}}