{"id":502,"date":"2024-09-26T09:20:41","date_gmt":"2024-09-26T07:20:41","guid":{"rendered":"https:\/\/vieassociative.be\/actualites\/deutscher-tennisplayer-offenbar-in-wettskandal-verwickelt\/"},"modified":"2024-09-26T09:20:44","modified_gmt":"2024-09-26T07:20:44","slug":"deutscher-tennisplayer-offenbar-in-wettskandal-verwickelt","status":"publish","type":"post","link":"https:\/\/vieassociative.be\/actualites\/deutscher-tennisplayer-offenbar-in-wettskandal-verwickelt\/","title":{"rendered":"Deutscher Tennisplayer offenbar in Wettskandal verwickelt"},"content":{"rendered":"<p><\/p>\n<p class=\"font-sans font-medium\">  Un joueur de tennis allemand de classe inf\u00e9rieure s&rsquo;est retrouv\u00e9 dans un monde de droit apr\u00e8s des informations de la ZDF et du \u00ab Welt \u00bb.<\/p>\n<aside class=\"h-ad-280+text lg:h-0 \" data-slot-id=\"pos1_sm\" data-breakpoint=\"sm\" data-hide-ad-text=\"false\" data-module-id=\"SparkAdSlotModule\"><\/aside>\n<p>Insgesamt sollen mittlerweile more als 135 Spieler impliqu\u00e9 sein. Il est courant de voir des personnes de diff\u00e9rents pays vivant en Belgique, en Espagne, en France et aux \u00c9tats-Unis, qui font toutes deux des reportages dans les m\u00e9dias. Le FBI de la police f\u00e9d\u00e9rale am\u00e9ricaine prendra prochainement contact avec les autorit\u00e9s belges. \u00c9galement un joueur du Top 30 mondial dans le Skandal verwickelt sein.<\/p>\n<h3>Ce mois-ci plus de 20 ans pour un joueur de tennis ausgesprochen<\/h3>\n<p>Wetmanipulationen puisque dans le Tennis pour toutes les classes inf\u00e9rieures Turnieren der Challenger- und Future-Ebene un Probl\u00e8me. Les deux Live-Wetten peuvent \u00eatre connus \u00e0 partir d&rsquo;autres sources ainsi que par un seul Doppelfehler ou Auflagspiele. La Tennis Integrity Unit (TIU) s&rsquo;est impliqu\u00e9e cette ann\u00e9e puisque plus de 20 joueurs et joueuses ont \u00e9t\u00e9 invit\u00e9s, qui figurent tous dans les classements de l&rsquo;arri\u00e8re-pays.<\/p>\n<div id=\"piano-banner-kampagne\" class=\"mb-4 block\"><\/div>\n<div id=\"piano-reco-widget\" class=\"mb-4 block\"><\/div>\n","protected":false},"excerpt":{"rendered":"<p>Un joueur de tennis allemand de classe inf\u00e9rieure s&rsquo;est retrouv\u00e9 dans un monde de droit apr\u00e8s des informations de la ZDF et du \u00ab Welt<\/p>\n","protected":false},"author":1,"featured_media":503,"comment_status":"closed","ping_status":"","sticky":false,"template":"","format":"standard","meta":{"footnotes":""},"categories":[298],"tags":[811,813,812,815,814],"class_list":["post-502","post","type-post","status-publish","format-standard","has-post-thumbnail","hentry","category-belgique","tag-deutscher","tag-offenbar","tag-tennisplayer","tag-verwickelt","tag-wettskandal","generate-columns","tablet-grid-50","mobile-grid-100","grid-parent","grid-33"],"yoast_head":"<!-- This site is optimized with the Yoast SEO plugin v24.0 - https:\/\/yoast.com\/wordpress\/plugins\/seo\/ -->\n<title>Deutscher Tennisplayer offenbar in Wettskandal verwickelt | Vie Associative<\/title>\n<meta name=\"robots\" content=\"index, follow, max-snippet:-1, max-image-preview:large, max-video-preview:-1\" \/>\n<link rel=\"canonical\" href=\"https:\/\/vieassociative.be\/actualites\/deutscher-tennisplayer-offenbar-in-wettskandal-verwickelt\/\" \/>\n<meta property=\"og:locale\" content=\"fr_FR\" \/>\n<meta property=\"og:type\" content=\"article\" \/>\n<meta property=\"og:title\" content=\"Deutscher Tennisplayer offenbar in Wettskandal verwickelt | Vie Associative\" \/>\n<meta property=\"og:description\" content=\"Un joueur de tennis allemand de classe inf\u00e9rieure s&rsquo;est retrouv\u00e9 dans un monde de droit apr\u00e8s des informations de la ZDF et du \u00ab Welt\" \/>\n<meta property=\"og:url\" content=\"https:\/\/vieassociative.be\/actualites\/deutscher-tennisplayer-offenbar-in-wettskandal-verwickelt\/\" \/>\n<meta property=\"og:site_name\" content=\"Vie Associative\" \/>\n<meta property=\"article:published_time\" content=\"2024-09-26T07:20:41+00:00\" \/>\n<meta property=\"article:modified_time\" content=\"2024-09-26T07:20:44+00:00\" \/>\n<meta property=\"og:image\" content=\"https:\/\/vieassociative.be\/actualites\/wp-content\/uploads\/2024\/09\/1727335241_Deutscher-Tennisplayer-offenbar-in-Wettskandal-verwickelt.jpeg\" \/>\n\t<meta property=\"og:image:width\" content=\"1600\" \/>\n\t<meta property=\"og:image:height\" content=\"900\" \/>\n\t<meta property=\"og:image:type\" content=\"image\/jpeg\" \/>\n<meta name=\"author\" content=\"Julien\" \/>\n<meta name=\"twitter:card\" content=\"summary_large_image\" \/>\n<meta name=\"twitter:label1\" content=\"\u00c9crit par\" \/>\n\t<meta name=\"twitter:data1\" content=\"Julien\" \/>\n\t<meta name=\"twitter:label2\" content=\"Dur\u00e9e de lecture est.\" \/>\n\t<meta name=\"twitter:data2\" content=\"1 minute\" \/>\n<script type=\"application\/ld+json\" class=\"yoast-schema-graph\">{\"@context\":\"https:\/\/schema.org\",\"@graph\":[{\"@type\":\"Article\",\"@id\":\"https:\/\/vieassociative.be\/actualites\/deutscher-tennisplayer-offenbar-in-wettskandal-verwickelt\/#article\",\"isPartOf\":{\"@id\":\"https:\/\/vieassociative.be\/actualites\/deutscher-tennisplayer-offenbar-in-wettskandal-verwickelt\/\"},\"author\":{\"name\":\"Julien\",\"@id\":\"https:\/\/vieassociative.be\/actualites\/#\/schema\/person\/b87ac4f82f9d4e7b7cec7395b679edc4\"},\"headline\":\"Deutscher Tennisplayer offenbar in Wettskandal verwickelt\",\"datePublished\":\"2024-09-26T07:20:41+00:00\",\"dateModified\":\"2024-09-26T07:20:44+00:00\",\"mainEntityOfPage\":{\"@id\":\"https:\/\/vieassociative.be\/actualites\/deutscher-tennisplayer-offenbar-in-wettskandal-verwickelt\/\"},\"wordCount\":181,\"publisher\":{\"@id\":\"https:\/\/vieassociative.be\/actualites\/#organization\"},\"image\":{\"@id\":\"https:\/\/vieassociative.be\/actualites\/deutscher-tennisplayer-offenbar-in-wettskandal-verwickelt\/#primaryimage\"},\"thumbnailUrl\":\"https:\/\/vieassociative.be\/actualites\/wp-content\/uploads\/2024\/09\/1727335241_Deutscher-Tennisplayer-offenbar-in-Wettskandal-verwickelt.jpeg\",\"keywords\":[\"Deutscher\",\"offenbar\",\"Tennisplayer\",\"verwickelt\",\"Wettskandal\"],\"articleSection\":[\"Belgique\"],\"inLanguage\":\"fr-BE\"},{\"@type\":\"WebPage\",\"@id\":\"https:\/\/vieassociative.be\/actualites\/deutscher-tennisplayer-offenbar-in-wettskandal-verwickelt\/\",\"url\":\"https:\/\/vieassociative.be\/actualites\/deutscher-tennisplayer-offenbar-in-wettskandal-verwickelt\/\",\"name\":\"Deutscher Tennisplayer offenbar in Wettskandal verwickelt | Vie Associative\",\"isPartOf\":{\"@id\":\"https:\/\/vieassociative.be\/actualites\/#website\"},\"primaryImageOfPage\":{\"@id\":\"https:\/\/vieassociative.be\/actualites\/deutscher-tennisplayer-offenbar-in-wettskandal-verwickelt\/#primaryimage\"},\"image\":{\"@id\":\"https:\/\/vieassociative.be\/actualites\/deutscher-tennisplayer-offenbar-in-wettskandal-verwickelt\/#primaryimage\"},\"thumbnailUrl\":\"https:\/\/vieassociative.be\/actualites\/wp-content\/uploads\/2024\/09\/1727335241_Deutscher-Tennisplayer-offenbar-in-Wettskandal-verwickelt.jpeg\",\"datePublished\":\"2024-09-26T07:20:41+00:00\",\"dateModified\":\"2024-09-26T07:20:44+00:00\",\"breadcrumb\":{\"@id\":\"https:\/\/vieassociative.be\/actualites\/deutscher-tennisplayer-offenbar-in-wettskandal-verwickelt\/#breadcrumb\"},\"inLanguage\":\"fr-BE\",\"potentialAction\":[{\"@type\":\"ReadAction\",\"target\":[\"https:\/\/vieassociative.be\/actualites\/deutscher-tennisplayer-offenbar-in-wettskandal-verwickelt\/\"]}]},{\"@type\":\"ImageObject\",\"inLanguage\":\"fr-BE\",\"@id\":\"https:\/\/vieassociative.be\/actualites\/deutscher-tennisplayer-offenbar-in-wettskandal-verwickelt\/#primaryimage\",\"url\":\"https:\/\/vieassociative.be\/actualites\/wp-content\/uploads\/2024\/09\/1727335241_Deutscher-Tennisplayer-offenbar-in-Wettskandal-verwickelt.jpeg\",\"contentUrl\":\"https:\/\/vieassociative.be\/actualites\/wp-content\/uploads\/2024\/09\/1727335241_Deutscher-Tennisplayer-offenbar-in-Wettskandal-verwickelt.jpeg\",\"width\":1600,\"height\":900,\"caption\":\"Deutscher Tennisplayer offenbar in Wettskandal verwickelt\"},{\"@type\":\"BreadcrumbList\",\"@id\":\"https:\/\/vieassociative.be\/actualites\/deutscher-tennisplayer-offenbar-in-wettskandal-verwickelt\/#breadcrumb\",\"itemListElement\":[{\"@type\":\"ListItem\",\"position\":1,\"name\":\"Accueil\",\"item\":\"https:\/\/vieassociative.be\/actualites\/\"},{\"@type\":\"ListItem\",\"position\":2,\"name\":\"Deutscher Tennisplayer offenbar in Wettskandal verwickelt\"}]},{\"@type\":\"WebSite\",\"@id\":\"https:\/\/vieassociative.be\/actualites\/#website\",\"url\":\"https:\/\/vieassociative.be\/actualites\/\",\"name\":\"Vie Associative\",\"description\":\"\",\"publisher\":{\"@id\":\"https:\/\/vieassociative.be\/actualites\/#organization\"},\"potentialAction\":[{\"@type\":\"SearchAction\",\"target\":{\"@type\":\"EntryPoint\",\"urlTemplate\":\"https:\/\/vieassociative.be\/actualites\/?s={search_term_string}\"},\"query-input\":{\"@type\":\"PropertyValueSpecification\",\"valueRequired\":true,\"valueName\":\"search_term_string\"}}],\"inLanguage\":\"fr-BE\"},{\"@type\":\"Organization\",\"@id\":\"https:\/\/vieassociative.be\/actualites\/#organization\",\"name\":\"Vie Associative\",\"url\":\"https:\/\/vieassociative.be\/actualites\/\",\"logo\":{\"@type\":\"ImageObject\",\"inLanguage\":\"fr-BE\",\"@id\":\"https:\/\/vieassociative.be\/actualites\/#\/schema\/logo\/image\/\",\"url\":\"https:\/\/vieassociative.be\/actualites\/wp-content\/uploads\/2024\/09\/cropped-vieassociative_favicon.ico.png\",\"contentUrl\":\"https:\/\/vieassociative.be\/actualites\/wp-content\/uploads\/2024\/09\/cropped-vieassociative_favicon.ico.png\",\"width\":512,\"height\":512,\"caption\":\"Vie Associative\"},\"image\":{\"@id\":\"https:\/\/vieassociative.be\/actualites\/#\/schema\/logo\/image\/\"}},{\"@type\":\"Person\",\"@id\":\"https:\/\/vieassociative.be\/actualites\/#\/schema\/person\/b87ac4f82f9d4e7b7cec7395b679edc4\",\"name\":\"Julien\",\"image\":{\"@type\":\"ImageObject\",\"inLanguage\":\"fr-BE\",\"@id\":\"https:\/\/vieassociative.be\/actualites\/#\/schema\/person\/image\/\",\"url\":\"https:\/\/vieassociative.be\/actualites\/wp-content\/uploads\/2024\/09\/vie-associative-1-150x150.jpg\",\"contentUrl\":\"https:\/\/vieassociative.be\/actualites\/wp-content\/uploads\/2024\/09\/vie-associative-1-150x150.jpg\",\"caption\":\"Julien\"},\"description\":\"Je suis Julien, r\u00e9dacteur pour Vie Associative. Passionn\u00e9 par le monde associatif depuis plus de 10 ans, j'ai \u00e0 c\u0153ur de partager des histoires inspirantes et de mettre en lumi\u00e8re les initiatives locales. Mon objectif est de sensibiliser et d'encourager l'engagement communautaire \u00e0 travers mes articles.\",\"sameAs\":[\"https:\/\/vieassociative.be\/\"]}]}<\/script>\n<!-- \/ Yoast SEO plugin. -->","yoast_head_json":{"title":"Deutscher Tennisplayer offenbar in Wettskandal verwickelt | Vie Associative","robots":{"index":"index","follow":"follow","max-snippet":"max-snippet:-1","max-image-preview":"max-image-preview:large","max-video-preview":"max-video-preview:-1"},"canonical":"https:\/\/vieassociative.be\/actualites\/deutscher-tennisplayer-offenbar-in-wettskandal-verwickelt\/","og_locale":"fr_FR","og_type":"article","og_title":"Deutscher Tennisplayer offenbar in Wettskandal verwickelt | Vie Associative","og_description":"Un joueur de tennis allemand de classe inf\u00e9rieure s&rsquo;est retrouv\u00e9 dans un monde de droit apr\u00e8s des informations de la ZDF et du \u00ab Welt","og_url":"https:\/\/vieassociative.be\/actualites\/deutscher-tennisplayer-offenbar-in-wettskandal-verwickelt\/","og_site_name":"Vie Associative","article_published_time":"2024-09-26T07:20:41+00:00","article_modified_time":"2024-09-26T07:20:44+00:00","og_image":[{"width":1600,"height":900,"url":"https:\/\/vieassociative.be\/actualites\/wp-content\/uploads\/2024\/09\/1727335241_Deutscher-Tennisplayer-offenbar-in-Wettskandal-verwickelt.jpeg","type":"image\/jpeg"}],"author":"Julien","twitter_card":"summary_large_image","twitter_misc":{"\u00c9crit par":"Julien","Dur\u00e9e de lecture est.":"1 minute"},"schema":{"@context":"https:\/\/schema.org","@graph":[{"@type":"Article","@id":"https:\/\/vieassociative.be\/actualites\/deutscher-tennisplayer-offenbar-in-wettskandal-verwickelt\/#article","isPartOf":{"@id":"https:\/\/vieassociative.be\/actualites\/deutscher-tennisplayer-offenbar-in-wettskandal-verwickelt\/"},"author":{"name":"Julien","@id":"https:\/\/vieassociative.be\/actualites\/#\/schema\/person\/b87ac4f82f9d4e7b7cec7395b679edc4"},"headline":"Deutscher Tennisplayer offenbar in Wettskandal verwickelt","datePublished":"2024-09-26T07:20:41+00:00","dateModified":"2024-09-26T07:20:44+00:00","mainEntityOfPage":{"@id":"https:\/\/vieassociative.be\/actualites\/deutscher-tennisplayer-offenbar-in-wettskandal-verwickelt\/"},"wordCount":181,"publisher":{"@id":"https:\/\/vieassociative.be\/actualites\/#organization"},"image":{"@id":"https:\/\/vieassociative.be\/actualites\/deutscher-tennisplayer-offenbar-in-wettskandal-verwickelt\/#primaryimage"},"thumbnailUrl":"https:\/\/vieassociative.be\/actualites\/wp-content\/uploads\/2024\/09\/1727335241_Deutscher-Tennisplayer-offenbar-in-Wettskandal-verwickelt.jpeg","keywords":["Deutscher","offenbar","Tennisplayer","verwickelt","Wettskandal"],"articleSection":["Belgique"],"inLanguage":"fr-BE"},{"@type":"WebPage","@id":"https:\/\/vieassociative.be\/actualites\/deutscher-tennisplayer-offenbar-in-wettskandal-verwickelt\/","url":"https:\/\/vieassociative.be\/actualites\/deutscher-tennisplayer-offenbar-in-wettskandal-verwickelt\/","name":"Deutscher Tennisplayer offenbar in Wettskandal verwickelt | Vie Associative","isPartOf":{"@id":"https:\/\/vieassociative.be\/actualites\/#website"},"primaryImageOfPage":{"@id":"https:\/\/vieassociative.be\/actualites\/deutscher-tennisplayer-offenbar-in-wettskandal-verwickelt\/#primaryimage"},"image":{"@id":"https:\/\/vieassociative.be\/actualites\/deutscher-tennisplayer-offenbar-in-wettskandal-verwickelt\/#primaryimage"},"thumbnailUrl":"https:\/\/vieassociative.be\/actualites\/wp-content\/uploads\/2024\/09\/1727335241_Deutscher-Tennisplayer-offenbar-in-Wettskandal-verwickelt.jpeg","datePublished":"2024-09-26T07:20:41+00:00","dateModified":"2024-09-26T07:20:44+00:00","breadcrumb":{"@id":"https:\/\/vieassociative.be\/actualites\/deutscher-tennisplayer-offenbar-in-wettskandal-verwickelt\/#breadcrumb"},"inLanguage":"fr-BE","potentialAction":[{"@type":"ReadAction","target":["https:\/\/vieassociative.be\/actualites\/deutscher-tennisplayer-offenbar-in-wettskandal-verwickelt\/"]}]},{"@type":"ImageObject","inLanguage":"fr-BE","@id":"https:\/\/vieassociative.be\/actualites\/deutscher-tennisplayer-offenbar-in-wettskandal-verwickelt\/#primaryimage","url":"https:\/\/vieassociative.be\/actualites\/wp-content\/uploads\/2024\/09\/1727335241_Deutscher-Tennisplayer-offenbar-in-Wettskandal-verwickelt.jpeg","contentUrl":"https:\/\/vieassociative.be\/actualites\/wp-content\/uploads\/2024\/09\/1727335241_Deutscher-Tennisplayer-offenbar-in-Wettskandal-verwickelt.jpeg","width":1600,"height":900,"caption":"Deutscher Tennisplayer offenbar in Wettskandal verwickelt"},{"@type":"BreadcrumbList","@id":"https:\/\/vieassociative.be\/actualites\/deutscher-tennisplayer-offenbar-in-wettskandal-verwickelt\/#breadcrumb","itemListElement":[{"@type":"ListItem","position":1,"name":"Accueil","item":"https:\/\/vieassociative.be\/actualites\/"},{"@type":"ListItem","position":2,"name":"Deutscher Tennisplayer offenbar in Wettskandal verwickelt"}]},{"@type":"WebSite","@id":"https:\/\/vieassociative.be\/actualites\/#website","url":"https:\/\/vieassociative.be\/actualites\/","name":"Vie Associative","description":"","publisher":{"@id":"https:\/\/vieassociative.be\/actualites\/#organization"},"potentialAction":[{"@type":"SearchAction","target":{"@type":"EntryPoint","urlTemplate":"https:\/\/vieassociative.be\/actualites\/?s={search_term_string}"},"query-input":{"@type":"PropertyValueSpecification","valueRequired":true,"valueName":"search_term_string"}}],"inLanguage":"fr-BE"},{"@type":"Organization","@id":"https:\/\/vieassociative.be\/actualites\/#organization","name":"Vie Associative","url":"https:\/\/vieassociative.be\/actualites\/","logo":{"@type":"ImageObject","inLanguage":"fr-BE","@id":"https:\/\/vieassociative.be\/actualites\/#\/schema\/logo\/image\/","url":"https:\/\/vieassociative.be\/actualites\/wp-content\/uploads\/2024\/09\/cropped-vieassociative_favicon.ico.png","contentUrl":"https:\/\/vieassociative.be\/actualites\/wp-content\/uploads\/2024\/09\/cropped-vieassociative_favicon.ico.png","width":512,"height":512,"caption":"Vie Associative"},"image":{"@id":"https:\/\/vieassociative.be\/actualites\/#\/schema\/logo\/image\/"}},{"@type":"Person","@id":"https:\/\/vieassociative.be\/actualites\/#\/schema\/person\/b87ac4f82f9d4e7b7cec7395b679edc4","name":"Julien","image":{"@type":"ImageObject","inLanguage":"fr-BE","@id":"https:\/\/vieassociative.be\/actualites\/#\/schema\/person\/image\/","url":"https:\/\/vieassociative.be\/actualites\/wp-content\/uploads\/2024\/09\/vie-associative-1-150x150.jpg","contentUrl":"https:\/\/vieassociative.be\/actualites\/wp-content\/uploads\/2024\/09\/vie-associative-1-150x150.jpg","caption":"Julien"},"description":"Je suis Julien, r\u00e9dacteur pour Vie Associative. Passionn\u00e9 par le monde associatif depuis plus de 10 ans, j'ai \u00e0 c\u0153ur de partager des histoires inspirantes et de mettre en lumi\u00e8re les initiatives locales. Mon objectif est de sensibiliser et d'encourager l'engagement communautaire \u00e0 travers mes articles.","sameAs":["https:\/\/vieassociative.be\/"]}]}},"_links":{"self":[{"href":"https:\/\/vieassociative.be\/actualites\/wp-json\/wp\/v2\/posts\/502"}],"collection":[{"href":"https:\/\/vieassociative.be\/actualites\/wp-json\/wp\/v2\/posts"}],"about":[{"href":"https:\/\/vieassociative.be\/actualites\/wp-json\/wp\/v2\/types\/post"}],"author":[{"embeddable":true,"href":"https:\/\/vieassociative.be\/actualites\/wp-json\/wp\/v2\/users\/1"}],"replies":[{"embeddable":true,"href":"https:\/\/vieassociative.be\/actualites\/wp-json\/wp\/v2\/comments?post=502"}],"version-history":[{"count":1,"href":"https:\/\/vieassociative.be\/actualites\/wp-json\/wp\/v2\/posts\/502\/revisions"}],"predecessor-version":[{"id":504,"href":"https:\/\/vieassociative.be\/actualites\/wp-json\/wp\/v2\/posts\/502\/revisions\/504"}],"wp:featuredmedia":[{"embeddable":true,"href":"https:\/\/vieassociative.be\/actualites\/wp-json\/wp\/v2\/media\/503"}],"wp:attachment":[{"href":"https:\/\/vieassociative.be\/actualites\/wp-json\/wp\/v2\/media?parent=502"}],"wp:term":[{"taxonomy":"category","embeddable":true,"href":"https:\/\/vieassociative.be\/actualites\/wp-json\/wp\/v2\/categories?post=502"},{"taxonomy":"post_tag","embeddable":true,"href":"https:\/\/vieassociative.be\/actualites\/wp-json\/wp\/v2\/tags?post=502"}],"curies":[{"name":"wp","href":"https:\/\/api.w.org\/{rel}","templated":true}]}}