{"id":5015,"date":"2025-02-11T03:18:20","date_gmt":"2025-02-11T02:18:20","guid":{"rendered":"https:\/\/vieassociative.be\/actualites\/lacquisition-de-vaccins-contre-covid-19-a-t-elle-ete-legale-par-lue-vivant-co-2\/"},"modified":"2025-02-11T03:18:20","modified_gmt":"2025-02-11T02:18:20","slug":"lacquisition-de-vaccins-contre-covid-19-a-t-elle-ete-legale-par-lue-vivant-co-2","status":"publish","type":"post","link":"https:\/\/vieassociative.be\/actualites\/lacquisition-de-vaccins-contre-covid-19-a-t-elle-ete-legale-par-lue-vivant-co-2\/","title":{"rendered":"L&rsquo;acquisition de vaccins contre Covid 19 a-t-elle \u00e9t\u00e9 l\u00e9gale par l&rsquo;UE? &#8211; Vivant &#038; Co."},"content":{"rendered":"<p><strong>Dans le litige entre environ 1 000 personnes, deux \u00c9tats membres de l&rsquo;UE, plusieurs partis politiques europ\u00e9ens et associations de citoyens d&rsquo;une part et la pr\u00e9sidente de la Commission de l&rsquo;UE Ursula von der Leyen et la soci\u00e9t\u00e9 pharmaceutique Pfizer et Biontech, en revanche, la soci\u00e9t\u00e9 L&rsquo;acte d&rsquo;accusation de la cour d&rsquo;appellation de Li\u00e8ge a d\u00e9cid\u00e9 que les plaintes de tous les plaignants \u00e9taient inadmissibles.<\/strong><\/p>\n<p><span id=\"more-407876\"><\/span>Le Leyen et le Pfizer-Biontech suspectent la corruption, l&rsquo;avantage ill\u00e9gal, l&rsquo;annihilation des documents publics et la pr\u00e9servation de l&rsquo;office dans le cadre de la n\u00e9gociation et de la conclusion des contrats sur l&rsquo;acquisition de vaccins contre Covid 19 par l&rsquo;UE.<\/p>\n<p>De l&rsquo;avis du groupe Vivant au Parlement de DG, la Chambre des actes d&rsquo;accusation a d\u00e9cid\u00e9 le 20 janvier 2025 qu&rsquo;un proc\u00e8s n&rsquo;\u00e9tait pas autoris\u00e9, bien que selon Vivant, \u00ab\u00a0les droits fondamentaux des citoyens europ\u00e9ens ont \u00e9t\u00e9 d\u00e9lib\u00e9r\u00e9ment viol\u00e9s de la transparence et libre et inform\u00e9e Approbation des probl\u00e8mes de sant\u00e9 \u00ab\u00a0.<\/p>\n<\/p>\n<div id=\"attachment_282908\" class=\"wp-caption alignleft\" style=\"max-width: 300px\"><img fetchpriority=\"high\" decoding=\"async\" class=\"wp-image-282908 size-medium\" src=\"https:\/\/vieassociative.be\/actualites\/wp-content\/uploads\/2025\/02\/Lacquisition-de-vaccins-contre-Covid-19-a-t-elle-ete-legale-par.jpeg\" alt=\"\" width=\"300\" height=\"200\"><\/p>\n<p class=\"wp-caption-text\">23\/04\/2021, Belgique, Puurs: Ursula von der Leyen, pr\u00e9sident de la Commission de l&rsquo;UE, et Alexander de Croo, Premier ministre de la Belgique, Stick to the Pfizer, producteur de la pr\u00e9paration Pfizer \/ Biancetech, autocollant avec la visite d&rsquo;un vaccin au belgian Plantez par le fabricant am\u00e9ricain, autocollant avec les couleurs du drapeau de l&rsquo;UE sur une bo\u00eete avec des doses de vaccin. Photo: Benoit Doppagne \/ Belga \/ DPA<\/p>\n<\/div>\n<p>Dans un communiqu\u00e9 de presse, le d\u00e9put\u00e9 Vivant Michael Balter, Alain Mertes, Diana Stiel et Elena Peters soulignent la d\u00e9cision de Li\u00e8ge contredis la jurisprudence \u00e9tablie de la Cour europ\u00e9enne des droits de l&rsquo;homme (ECHS), qui est essentiellement d&rsquo;avis que chaque violation d&rsquo;une Le droit fondamental en soi signifie des dommages \u00e0 l&rsquo;individu. C&rsquo;est inacceptable.<\/p>\n<p>\u00ab\u00a0C&rsquo;est pourquoi nous ne nous en serons pas satisfaits\u00a0\u00bb, a d\u00e9clar\u00e9 les d\u00e9put\u00e9s vivants. \u00ab\u00a0\u00c9tant donn\u00e9 que la d\u00e9cision du tribunal du 20 janvier 2025 ne correspond pas \u00e0 la loi fondamentale, nous avons d\u00e9cid\u00e9 de contester cette d\u00e9cision \u00e0 la cour de cassation.\u00a0\u00bb<\/p>\n<p>Cependant, Vivant peut \u00e9galement prendre quelque chose de positif de la d\u00e9cision de la Cour de Li\u00e8ge: \u00abBien que cette d\u00e9cision ne r\u00e9ponde pas \u00e0 ce que nous esp\u00e9rions, mais le fait est qu&rsquo;en raison de cette proc\u00e9dure, tous les plaignants a re\u00e7u les \u00c9tats de l&rsquo;Union europ\u00e9enne et une copie des certificats de commande pour les vaccins des \u00c9tats membres. La publication de ces contrats a \u00e9t\u00e9 contest\u00e9e \u00e0 haute voix par les membres du Parlement europ\u00e9en, le commissaire des citoyens europ\u00e9ens (l&rsquo;ombudsiste), la Cour des auditeurs europ\u00e9ens et, au sens large, de nombreux citoyens europ\u00e9ens.<\/p>\n<p>Par d\u00e9cision de l&rsquo;indicateur de li\u00e8ge et l&rsquo;attitude associ\u00e9e des enqu\u00eates contre les d\u00e9fendeurs, ces documents sont soumis \u00e0 toutes les parties qui ne soumettent pas de plainte de cassation, qui n&rsquo;est plus la confidentialit\u00e9, qui est donn\u00e9e dans une proc\u00e9dure d&rsquo;examen en cours, selon Balter , Mertes, STEM et Peters Enfin. (Cre)<\/p>\n","protected":false},"excerpt":{"rendered":"<p>Dans le litige entre environ 1 000 personnes, deux \u00c9tats membres de l&rsquo;UE, plusieurs partis politiques europ\u00e9ens et associations de citoyens d&rsquo;une part et la<\/p>\n","protected":false},"author":1,"featured_media":5001,"comment_status":"","ping_status":"","sticky":false,"template":"","format":"standard","meta":{"footnotes":""},"categories":[298],"tags":[5268,796,5267,217,5265,2862,3578,676,5266,3138],"class_list":["post-5015","post","type-post","status-publish","format-standard","has-post-thumbnail","hentry","category-belgique","tag-atelle","tag-contre","tag-covid","tag-ete","tag-lacquisition","tag-legale","tag-lue","tag-par","tag-vaccins","tag-vivant","generate-columns","tablet-grid-50","mobile-grid-100","grid-parent","grid-33"],"yoast_head":"<!-- This site is optimized with the Yoast SEO plugin v24.0 - https:\/\/yoast.com\/wordpress\/plugins\/seo\/ -->\n<title>L&#039;acquisition de vaccins contre Covid 19 a-t-elle \u00e9t\u00e9 l\u00e9gale par l&#039;UE? - Vivant &amp; Co. | Vie Associative<\/title>\n<meta name=\"robots\" content=\"index, follow, max-snippet:-1, max-image-preview:large, max-video-preview:-1\" \/>\n<link rel=\"canonical\" href=\"https:\/\/vieassociative.be\/actualites\/lacquisition-de-vaccins-contre-covid-19-a-t-elle-ete-legale-par-lue-vivant-co-2\/\" \/>\n<meta property=\"og:locale\" content=\"fr_FR\" \/>\n<meta property=\"og:type\" content=\"article\" \/>\n<meta property=\"og:title\" content=\"L&#039;acquisition de vaccins contre Covid 19 a-t-elle \u00e9t\u00e9 l\u00e9gale par l&#039;UE? - Vivant &amp; Co. | Vie Associative\" \/>\n<meta property=\"og:description\" content=\"Dans le litige entre environ 1 000 personnes, deux \u00c9tats membres de l&rsquo;UE, plusieurs partis politiques europ\u00e9ens et associations de citoyens d&rsquo;une part et la\" \/>\n<meta property=\"og:url\" content=\"https:\/\/vieassociative.be\/actualites\/lacquisition-de-vaccins-contre-covid-19-a-t-elle-ete-legale-par-lue-vivant-co-2\/\" \/>\n<meta property=\"og:site_name\" content=\"Vie Associative\" \/>\n<meta property=\"article:published_time\" content=\"2025-02-11T02:18:20+00:00\" \/>\n<meta property=\"og:image\" content=\"https:\/\/vieassociative.be\/actualites\/wp-content\/uploads\/2024\/09\/header_backgroundk-01-e1726694325946.png\" \/>\n\t<meta property=\"og:image:width\" content=\"279\" \/>\n\t<meta property=\"og:image:height\" content=\"92\" \/>\n\t<meta property=\"og:image:type\" content=\"image\/png\" \/>\n<meta name=\"author\" content=\"Julien\" \/>\n<meta name=\"twitter:card\" content=\"summary_large_image\" \/>\n<meta name=\"twitter:label1\" content=\"\u00c9crit par\" \/>\n\t<meta name=\"twitter:data1\" content=\"Julien\" \/>\n\t<meta name=\"twitter:label2\" content=\"Dur\u00e9e de lecture est.\" \/>\n\t<meta name=\"twitter:data2\" content=\"3 minutes\" \/>\n<script type=\"application\/ld+json\" class=\"yoast-schema-graph\">{\"@context\":\"https:\/\/schema.org\",\"@graph\":[{\"@type\":\"Article\",\"@id\":\"https:\/\/vieassociative.be\/actualites\/lacquisition-de-vaccins-contre-covid-19-a-t-elle-ete-legale-par-lue-vivant-co-2\/#article\",\"isPartOf\":{\"@id\":\"https:\/\/vieassociative.be\/actualites\/lacquisition-de-vaccins-contre-covid-19-a-t-elle-ete-legale-par-lue-vivant-co-2\/\"},\"author\":{\"name\":\"Julien\",\"@id\":\"https:\/\/vieassociative.be\/actualites\/#\/schema\/person\/b87ac4f82f9d4e7b7cec7395b679edc4\"},\"headline\":\"L&rsquo;acquisition de vaccins contre Covid 19 a-t-elle \u00e9t\u00e9 l\u00e9gale par l&rsquo;UE? &#8211; Vivant &#038; Co.\",\"datePublished\":\"2025-02-11T02:18:20+00:00\",\"dateModified\":\"2025-02-11T02:18:20+00:00\",\"mainEntityOfPage\":{\"@id\":\"https:\/\/vieassociative.be\/actualites\/lacquisition-de-vaccins-contre-covid-19-a-t-elle-ete-legale-par-lue-vivant-co-2\/\"},\"wordCount\":555,\"publisher\":{\"@id\":\"https:\/\/vieassociative.be\/actualites\/#organization\"},\"image\":{\"@id\":\"https:\/\/vieassociative.be\/actualites\/lacquisition-de-vaccins-contre-covid-19-a-t-elle-ete-legale-par-lue-vivant-co-2\/#primaryimage\"},\"thumbnailUrl\":\"https:\/\/vieassociative.be\/actualites\/wp-content\/uploads\/2025\/02\/Lacquisition-de-vaccins-contre-Covid-19-a-t-elle-ete-legale-par.jpg\",\"keywords\":[\"atelle\",\"contre\",\"Covid\",\"\u00e9t\u00e9\",\"Lacquisition\",\"l\u00e9gale\",\"LUE\",\"par\",\"vaccins\",\"Vivant\"],\"articleSection\":[\"Belgique\"],\"inLanguage\":\"fr-BE\"},{\"@type\":\"WebPage\",\"@id\":\"https:\/\/vieassociative.be\/actualites\/lacquisition-de-vaccins-contre-covid-19-a-t-elle-ete-legale-par-lue-vivant-co-2\/\",\"url\":\"https:\/\/vieassociative.be\/actualites\/lacquisition-de-vaccins-contre-covid-19-a-t-elle-ete-legale-par-lue-vivant-co-2\/\",\"name\":\"L'acquisition de vaccins contre Covid 19 a-t-elle \u00e9t\u00e9 l\u00e9gale par l'UE? - Vivant & Co. | Vie Associative\",\"isPartOf\":{\"@id\":\"https:\/\/vieassociative.be\/actualites\/#website\"},\"primaryImageOfPage\":{\"@id\":\"https:\/\/vieassociative.be\/actualites\/lacquisition-de-vaccins-contre-covid-19-a-t-elle-ete-legale-par-lue-vivant-co-2\/#primaryimage\"},\"image\":{\"@id\":\"https:\/\/vieassociative.be\/actualites\/lacquisition-de-vaccins-contre-covid-19-a-t-elle-ete-legale-par-lue-vivant-co-2\/#primaryimage\"},\"thumbnailUrl\":\"https:\/\/vieassociative.be\/actualites\/wp-content\/uploads\/2025\/02\/Lacquisition-de-vaccins-contre-Covid-19-a-t-elle-ete-legale-par.jpg\",\"datePublished\":\"2025-02-11T02:18:20+00:00\",\"dateModified\":\"2025-02-11T02:18:20+00:00\",\"breadcrumb\":{\"@id\":\"https:\/\/vieassociative.be\/actualites\/lacquisition-de-vaccins-contre-covid-19-a-t-elle-ete-legale-par-lue-vivant-co-2\/#breadcrumb\"},\"inLanguage\":\"fr-BE\",\"potentialAction\":[{\"@type\":\"ReadAction\",\"target\":[\"https:\/\/vieassociative.be\/actualites\/lacquisition-de-vaccins-contre-covid-19-a-t-elle-ete-legale-par-lue-vivant-co-2\/\"]}]},{\"@type\":\"ImageObject\",\"inLanguage\":\"fr-BE\",\"@id\":\"https:\/\/vieassociative.be\/actualites\/lacquisition-de-vaccins-contre-covid-19-a-t-elle-ete-legale-par-lue-vivant-co-2\/#primaryimage\",\"url\":\"https:\/\/vieassociative.be\/actualites\/wp-content\/uploads\/2025\/02\/Lacquisition-de-vaccins-contre-Covid-19-a-t-elle-ete-legale-par.jpg\",\"contentUrl\":\"https:\/\/vieassociative.be\/actualites\/wp-content\/uploads\/2025\/02\/Lacquisition-de-vaccins-contre-Covid-19-a-t-elle-ete-legale-par.jpg\",\"width\":1200,\"height\":753,\"caption\":\"L'acquisition de vaccins contre Covid 19 a-t-elle \u00e9t\u00e9 l\u00e9gale par l'UE? - Vivant & Co.\"},{\"@type\":\"BreadcrumbList\",\"@id\":\"https:\/\/vieassociative.be\/actualites\/lacquisition-de-vaccins-contre-covid-19-a-t-elle-ete-legale-par-lue-vivant-co-2\/#breadcrumb\",\"itemListElement\":[{\"@type\":\"ListItem\",\"position\":1,\"name\":\"Accueil\",\"item\":\"https:\/\/vieassociative.be\/actualites\/\"},{\"@type\":\"ListItem\",\"position\":2,\"name\":\"L&rsquo;acquisition de vaccins contre Covid 19 a-t-elle \u00e9t\u00e9 l\u00e9gale par l&rsquo;UE? &#8211; Vivant &#038; Co.\"}]},{\"@type\":\"WebSite\",\"@id\":\"https:\/\/vieassociative.be\/actualites\/#website\",\"url\":\"https:\/\/vieassociative.be\/actualites\/\",\"name\":\"Vie Associative\",\"description\":\"\",\"publisher\":{\"@id\":\"https:\/\/vieassociative.be\/actualites\/#organization\"},\"potentialAction\":[{\"@type\":\"SearchAction\",\"target\":{\"@type\":\"EntryPoint\",\"urlTemplate\":\"https:\/\/vieassociative.be\/actualites\/?s={search_term_string}\"},\"query-input\":{\"@type\":\"PropertyValueSpecification\",\"valueRequired\":true,\"valueName\":\"search_term_string\"}}],\"inLanguage\":\"fr-BE\"},{\"@type\":\"Organization\",\"@id\":\"https:\/\/vieassociative.be\/actualites\/#organization\",\"name\":\"Vie Associative\",\"url\":\"https:\/\/vieassociative.be\/actualites\/\",\"logo\":{\"@type\":\"ImageObject\",\"inLanguage\":\"fr-BE\",\"@id\":\"https:\/\/vieassociative.be\/actualites\/#\/schema\/logo\/image\/\",\"url\":\"https:\/\/vieassociative.be\/actualites\/wp-content\/uploads\/2024\/09\/cropped-vieassociative_favicon.ico.png\",\"contentUrl\":\"https:\/\/vieassociative.be\/actualites\/wp-content\/uploads\/2024\/09\/cropped-vieassociative_favicon.ico.png\",\"width\":512,\"height\":512,\"caption\":\"Vie Associative\"},\"image\":{\"@id\":\"https:\/\/vieassociative.be\/actualites\/#\/schema\/logo\/image\/\"}},{\"@type\":\"Person\",\"@id\":\"https:\/\/vieassociative.be\/actualites\/#\/schema\/person\/b87ac4f82f9d4e7b7cec7395b679edc4\",\"name\":\"Julien\",\"image\":{\"@type\":\"ImageObject\",\"inLanguage\":\"fr-BE\",\"@id\":\"https:\/\/vieassociative.be\/actualites\/#\/schema\/person\/image\/\",\"url\":\"https:\/\/vieassociative.be\/actualites\/wp-content\/uploads\/2024\/09\/vie-associative-1-150x150.jpg\",\"contentUrl\":\"https:\/\/vieassociative.be\/actualites\/wp-content\/uploads\/2024\/09\/vie-associative-1-150x150.jpg\",\"caption\":\"Julien\"},\"description\":\"Je suis Julien, r\u00e9dacteur pour Vie Associative. Passionn\u00e9 par le monde associatif depuis plus de 10 ans, j'ai \u00e0 c\u0153ur de partager des histoires inspirantes et de mettre en lumi\u00e8re les initiatives locales. Mon objectif est de sensibiliser et d'encourager l'engagement communautaire \u00e0 travers mes articles.\",\"sameAs\":[\"https:\/\/vieassociative.be\/\"]}]}<\/script>\n<!-- \/ Yoast SEO plugin. -->","yoast_head_json":{"title":"L'acquisition de vaccins contre Covid 19 a-t-elle \u00e9t\u00e9 l\u00e9gale par l'UE? - Vivant & Co. | Vie Associative","robots":{"index":"index","follow":"follow","max-snippet":"max-snippet:-1","max-image-preview":"max-image-preview:large","max-video-preview":"max-video-preview:-1"},"canonical":"https:\/\/vieassociative.be\/actualites\/lacquisition-de-vaccins-contre-covid-19-a-t-elle-ete-legale-par-lue-vivant-co-2\/","og_locale":"fr_FR","og_type":"article","og_title":"L'acquisition de vaccins contre Covid 19 a-t-elle \u00e9t\u00e9 l\u00e9gale par l'UE? - Vivant & Co. | Vie Associative","og_description":"Dans le litige entre environ 1 000 personnes, deux \u00c9tats membres de l&rsquo;UE, plusieurs partis politiques europ\u00e9ens et associations de citoyens d&rsquo;une part et la","og_url":"https:\/\/vieassociative.be\/actualites\/lacquisition-de-vaccins-contre-covid-19-a-t-elle-ete-legale-par-lue-vivant-co-2\/","og_site_name":"Vie Associative","article_published_time":"2025-02-11T02:18:20+00:00","og_image":[{"width":279,"height":92,"url":"https:\/\/vieassociative.be\/actualites\/wp-content\/uploads\/2024\/09\/header_backgroundk-01-e1726694325946.png","type":"image\/png"}],"author":"Julien","twitter_card":"summary_large_image","twitter_misc":{"\u00c9crit par":"Julien","Dur\u00e9e de lecture est.":"3 minutes"},"schema":{"@context":"https:\/\/schema.org","@graph":[{"@type":"Article","@id":"https:\/\/vieassociative.be\/actualites\/lacquisition-de-vaccins-contre-covid-19-a-t-elle-ete-legale-par-lue-vivant-co-2\/#article","isPartOf":{"@id":"https:\/\/vieassociative.be\/actualites\/lacquisition-de-vaccins-contre-covid-19-a-t-elle-ete-legale-par-lue-vivant-co-2\/"},"author":{"name":"Julien","@id":"https:\/\/vieassociative.be\/actualites\/#\/schema\/person\/b87ac4f82f9d4e7b7cec7395b679edc4"},"headline":"L&rsquo;acquisition de vaccins contre Covid 19 a-t-elle \u00e9t\u00e9 l\u00e9gale par l&rsquo;UE? &#8211; Vivant &#038; Co.","datePublished":"2025-02-11T02:18:20+00:00","dateModified":"2025-02-11T02:18:20+00:00","mainEntityOfPage":{"@id":"https:\/\/vieassociative.be\/actualites\/lacquisition-de-vaccins-contre-covid-19-a-t-elle-ete-legale-par-lue-vivant-co-2\/"},"wordCount":555,"publisher":{"@id":"https:\/\/vieassociative.be\/actualites\/#organization"},"image":{"@id":"https:\/\/vieassociative.be\/actualites\/lacquisition-de-vaccins-contre-covid-19-a-t-elle-ete-legale-par-lue-vivant-co-2\/#primaryimage"},"thumbnailUrl":"https:\/\/vieassociative.be\/actualites\/wp-content\/uploads\/2025\/02\/Lacquisition-de-vaccins-contre-Covid-19-a-t-elle-ete-legale-par.jpg","keywords":["atelle","contre","Covid","\u00e9t\u00e9","Lacquisition","l\u00e9gale","LUE","par","vaccins","Vivant"],"articleSection":["Belgique"],"inLanguage":"fr-BE"},{"@type":"WebPage","@id":"https:\/\/vieassociative.be\/actualites\/lacquisition-de-vaccins-contre-covid-19-a-t-elle-ete-legale-par-lue-vivant-co-2\/","url":"https:\/\/vieassociative.be\/actualites\/lacquisition-de-vaccins-contre-covid-19-a-t-elle-ete-legale-par-lue-vivant-co-2\/","name":"L'acquisition de vaccins contre Covid 19 a-t-elle \u00e9t\u00e9 l\u00e9gale par l'UE? - Vivant & Co. | Vie Associative","isPartOf":{"@id":"https:\/\/vieassociative.be\/actualites\/#website"},"primaryImageOfPage":{"@id":"https:\/\/vieassociative.be\/actualites\/lacquisition-de-vaccins-contre-covid-19-a-t-elle-ete-legale-par-lue-vivant-co-2\/#primaryimage"},"image":{"@id":"https:\/\/vieassociative.be\/actualites\/lacquisition-de-vaccins-contre-covid-19-a-t-elle-ete-legale-par-lue-vivant-co-2\/#primaryimage"},"thumbnailUrl":"https:\/\/vieassociative.be\/actualites\/wp-content\/uploads\/2025\/02\/Lacquisition-de-vaccins-contre-Covid-19-a-t-elle-ete-legale-par.jpg","datePublished":"2025-02-11T02:18:20+00:00","dateModified":"2025-02-11T02:18:20+00:00","breadcrumb":{"@id":"https:\/\/vieassociative.be\/actualites\/lacquisition-de-vaccins-contre-covid-19-a-t-elle-ete-legale-par-lue-vivant-co-2\/#breadcrumb"},"inLanguage":"fr-BE","potentialAction":[{"@type":"ReadAction","target":["https:\/\/vieassociative.be\/actualites\/lacquisition-de-vaccins-contre-covid-19-a-t-elle-ete-legale-par-lue-vivant-co-2\/"]}]},{"@type":"ImageObject","inLanguage":"fr-BE","@id":"https:\/\/vieassociative.be\/actualites\/lacquisition-de-vaccins-contre-covid-19-a-t-elle-ete-legale-par-lue-vivant-co-2\/#primaryimage","url":"https:\/\/vieassociative.be\/actualites\/wp-content\/uploads\/2025\/02\/Lacquisition-de-vaccins-contre-Covid-19-a-t-elle-ete-legale-par.jpg","contentUrl":"https:\/\/vieassociative.be\/actualites\/wp-content\/uploads\/2025\/02\/Lacquisition-de-vaccins-contre-Covid-19-a-t-elle-ete-legale-par.jpg","width":1200,"height":753,"caption":"L'acquisition de vaccins contre Covid 19 a-t-elle \u00e9t\u00e9 l\u00e9gale par l'UE? - Vivant & Co."},{"@type":"BreadcrumbList","@id":"https:\/\/vieassociative.be\/actualites\/lacquisition-de-vaccins-contre-covid-19-a-t-elle-ete-legale-par-lue-vivant-co-2\/#breadcrumb","itemListElement":[{"@type":"ListItem","position":1,"name":"Accueil","item":"https:\/\/vieassociative.be\/actualites\/"},{"@type":"ListItem","position":2,"name":"L&rsquo;acquisition de vaccins contre Covid 19 a-t-elle \u00e9t\u00e9 l\u00e9gale par l&rsquo;UE? &#8211; Vivant &#038; Co."}]},{"@type":"WebSite","@id":"https:\/\/vieassociative.be\/actualites\/#website","url":"https:\/\/vieassociative.be\/actualites\/","name":"Vie Associative","description":"","publisher":{"@id":"https:\/\/vieassociative.be\/actualites\/#organization"},"potentialAction":[{"@type":"SearchAction","target":{"@type":"EntryPoint","urlTemplate":"https:\/\/vieassociative.be\/actualites\/?s={search_term_string}"},"query-input":{"@type":"PropertyValueSpecification","valueRequired":true,"valueName":"search_term_string"}}],"inLanguage":"fr-BE"},{"@type":"Organization","@id":"https:\/\/vieassociative.be\/actualites\/#organization","name":"Vie Associative","url":"https:\/\/vieassociative.be\/actualites\/","logo":{"@type":"ImageObject","inLanguage":"fr-BE","@id":"https:\/\/vieassociative.be\/actualites\/#\/schema\/logo\/image\/","url":"https:\/\/vieassociative.be\/actualites\/wp-content\/uploads\/2024\/09\/cropped-vieassociative_favicon.ico.png","contentUrl":"https:\/\/vieassociative.be\/actualites\/wp-content\/uploads\/2024\/09\/cropped-vieassociative_favicon.ico.png","width":512,"height":512,"caption":"Vie Associative"},"image":{"@id":"https:\/\/vieassociative.be\/actualites\/#\/schema\/logo\/image\/"}},{"@type":"Person","@id":"https:\/\/vieassociative.be\/actualites\/#\/schema\/person\/b87ac4f82f9d4e7b7cec7395b679edc4","name":"Julien","image":{"@type":"ImageObject","inLanguage":"fr-BE","@id":"https:\/\/vieassociative.be\/actualites\/#\/schema\/person\/image\/","url":"https:\/\/vieassociative.be\/actualites\/wp-content\/uploads\/2024\/09\/vie-associative-1-150x150.jpg","contentUrl":"https:\/\/vieassociative.be\/actualites\/wp-content\/uploads\/2024\/09\/vie-associative-1-150x150.jpg","caption":"Julien"},"description":"Je suis Julien, r\u00e9dacteur pour Vie Associative. Passionn\u00e9 par le monde associatif depuis plus de 10 ans, j'ai \u00e0 c\u0153ur de partager des histoires inspirantes et de mettre en lumi\u00e8re les initiatives locales. Mon objectif est de sensibiliser et d'encourager l'engagement communautaire \u00e0 travers mes articles.","sameAs":["https:\/\/vieassociative.be\/"]}]}},"_links":{"self":[{"href":"https:\/\/vieassociative.be\/actualites\/wp-json\/wp\/v2\/posts\/5015"}],"collection":[{"href":"https:\/\/vieassociative.be\/actualites\/wp-json\/wp\/v2\/posts"}],"about":[{"href":"https:\/\/vieassociative.be\/actualites\/wp-json\/wp\/v2\/types\/post"}],"author":[{"embeddable":true,"href":"https:\/\/vieassociative.be\/actualites\/wp-json\/wp\/v2\/users\/1"}],"replies":[{"embeddable":true,"href":"https:\/\/vieassociative.be\/actualites\/wp-json\/wp\/v2\/comments?post=5015"}],"version-history":[{"count":0,"href":"https:\/\/vieassociative.be\/actualites\/wp-json\/wp\/v2\/posts\/5015\/revisions"}],"wp:featuredmedia":[{"embeddable":true,"href":"https:\/\/vieassociative.be\/actualites\/wp-json\/wp\/v2\/media\/5001"}],"wp:attachment":[{"href":"https:\/\/vieassociative.be\/actualites\/wp-json\/wp\/v2\/media?parent=5015"}],"wp:term":[{"taxonomy":"category","embeddable":true,"href":"https:\/\/vieassociative.be\/actualites\/wp-json\/wp\/v2\/categories?post=5015"},{"taxonomy":"post_tag","embeddable":true,"href":"https:\/\/vieassociative.be\/actualites\/wp-json\/wp\/v2\/tags?post=5015"}],"curies":[{"name":"wp","href":"https:\/\/api.w.org\/{rel}","templated":true}]}}