{"id":5011,"date":"2025-02-11T00:17:41","date_gmt":"2025-02-10T23:17:41","guid":{"rendered":"https:\/\/vieassociative.be\/actualites\/voici-pourquoi-les-oeufs-sont-si-chers-en-ce-moment\/"},"modified":"2025-02-11T00:17:41","modified_gmt":"2025-02-10T23:17:41","slug":"voici-pourquoi-les-oeufs-sont-si-chers-en-ce-moment","status":"publish","type":"post","link":"https:\/\/vieassociative.be\/actualites\/voici-pourquoi-les-oeufs-sont-si-chers-en-ce-moment\/","title":{"rendered":"Voici pourquoi les \u0153ufs sont si chers en ce moment"},"content":{"rendered":"<div class=\"mt-4 leading-6 md:mb-8\">Qu&rsquo;y a-t-il derri\u00e8re cette flation d&rsquo;oeuf?<\/div>\n<p><\/p>\n<p>Vous avez entendu parler de l&rsquo;inflation &#8211; pr\u00e9parez-vous \u00e0 l&rsquo;oeuf. Vous avez probablement remarqu\u00e9 ces prix astronomiques sur les \u00e9tag\u00e8res de l&rsquo;\u00e9picerie ou vous avez remarqu\u00e9 aucun \u0153uf sur les \u00e9tag\u00e8res. Selon le dernier indice des prix \u00e0 la consommation, ou CPI, le prix des \u0153ufs a augment\u00e9 de 36,8% par rapport \u00e0 l&rsquo;endroit o\u00f9 il \u00e9tait il y a un an. Comparez cela \u00e0 la trajectoire des prix globaux des denr\u00e9es alimentaires \u00e0 seulement 2,5%, et l&rsquo;oeuf est clair. Voici ce qui est derri\u00e8re l&rsquo;\u00e9tat actuel de cet aliment de base et ce que vous pouvez faire pour rendre les \u0153ufs plus abordables en ce moment.<\/p>\n<h2 id=\"why-eggs-are-so-expensive-right-now\">Pourquoi les \u0153ufs sont si chers en ce moment<\/h2>\n<p>La flamb\u00e9e des co\u00fbts des \u0153ufs est due \u00e0 la fois \u00e0 une demande accrue et \u00e0 des \u00e9pid\u00e9mies de grippe aviaire omnipr\u00e9sentes, selon le D\u00e9partement am\u00e9ricain de l&rsquo;agriculture (USDA). Depuis octobre, des \u00e9pid\u00e9mies continues \u00e0 grande \u00e9chelle du virus dans plusieurs \u00c9tats ont fait un nombre \u00e9norme sur le troupeau am\u00e9ricain de poules pond\u00e9r\u00e9es par les \u0153ufs. Combin\u00e9 \u00e0 une faible offre est une forte demande de nos jours, car l&rsquo;USDA explique la tendance de nombreux Am\u00e9ricains optant pour des prot\u00e9ines comme les \u0153ufs et la volaille sur la viande rouge ces derni\u00e8res ann\u00e9es.<\/p>\n<p>Ces prix resteront volatils jusqu&rsquo;\u00e0 ce que les producteurs puissent reconstruire leurs troupeaux, ce qui ne semble pas de sit\u00f4t. Les principaux producteurs d&rsquo;oeufs am\u00e9ricains continuent de signaler de nouveaux cas de grippe oiseaux \u00e0 travers le pays.<\/p>\n<h2 id=\"tips-to-save-during-eggflation\">Conseils \u00e0 \u00e9conomiser pendant l&rsquo;oeuf<\/h2>\n<p>Les prix ne baissant probablement pas de sit\u00f4t, voici quelques hacks pour battre ces prix \u00e9lev\u00e9s.<\/p>\n<h3>Aller en vrac<\/h3>\n<p>Dans la mesure du possible, le moyen le plus simple d&rsquo;\u00e9conomiser sur l&rsquo;\u00e9picerie est d&rsquo;acheter en vrac. Si vous achetez cinq douzaines d&rsquo;oeufs \u00e0 la fois, il est important de planifier la fa\u00e7on dont vous allez vous assurer que ces \u0153ufs ne se gaspillent pas. Selon l&rsquo;USDA, des \u0153ufs crus entiers dans la coquille durera trois \u00e0 cinq semaines au r\u00e9frig\u00e9rateur. Ils resteront quatre \u00e0 cinq semaines au-del\u00e0 de la date du peloton et environ trois semaines au-del\u00e0 lorsque vous les aurez ramen\u00e9s \u00e0 la maison. <\/p>\n<p>Un autre conseil: lorsque les prix trempent, achetez des \u0153ufs suppl\u00e9mentaires et congelez-les jusqu&rsquo;\u00e0 un an. Pour congeler des \u0153ufs entiers, battre les jaunes et les blancs ensemble. Vous pouvez \u00e9galement geler les \u0153ufs en utilisant cette m\u00e9thode.<\/p>\n<h3>Choisissez la marque de magasin<\/h3>\n<p>Les marques sans cage, en plein air et \u00e0 nom seront plus ch\u00e8res que l&rsquo;option de marque de magasin la plus g\u00e9n\u00e9rique sur les \u00e9tag\u00e8res.<\/p>\n<h3>Aller dans les alternatives des \u0153ufs<\/h3>\n<p>Si vous voulez vraiment battre les prix des \u0153ufs, la solution la plus simple consiste \u00e0 arr\u00eater d&rsquo;acheter des \u0153ufs. Les vrais boulangers parmi nous connaissent depuis longtemps de nombreux substituts d&rsquo;oeufs, comme le lin moulu, une banane en pur\u00e9e et m\u00eame un liquide de pois chiches. Avec un peu de pr\u00e9voyance, vous n&rsquo;avez pas \u00e0 c\u00e9der compl\u00e8tement \u00e0 ces prix d&rsquo;oeuf. Vous ne vous attendiez pas \u00e0 z\u00e9ro jeu de mots dans cet article, n&rsquo;est-ce pas? Soyez r\u00e9el.<\/p>\n","protected":false},"excerpt":{"rendered":"<p>Qu&rsquo;y a-t-il derri\u00e8re cette flation d&rsquo;oeuf? Vous avez entendu parler de l&rsquo;inflation &#8211; pr\u00e9parez-vous \u00e0 l&rsquo;oeuf. Vous avez probablement remarqu\u00e9 ces prix astronomiques sur les<\/p>\n","protected":false},"author":1,"featured_media":5012,"comment_status":"","ping_status":"","sticky":false,"template":"","format":"standard","meta":{"footnotes":""},"categories":[41],"tags":[4753,14,1429,1803,734,18,529],"class_list":["post-5011","post","type-post","status-publish","format-standard","has-post-thumbnail","hentry","category-argent","tag-chers","tag-les","tag-moment","tag-oeufs","tag-pourquoi","tag-sont","tag-voici","generate-columns","tablet-grid-50","mobile-grid-100","grid-parent","grid-33"],"yoast_head":"<!-- This site is optimized with the Yoast SEO plugin v24.0 - https:\/\/yoast.com\/wordpress\/plugins\/seo\/ -->\n<title>Voici pourquoi les \u0153ufs sont si chers en ce moment | Vie Associative<\/title>\n<meta name=\"robots\" content=\"index, follow, max-snippet:-1, max-image-preview:large, max-video-preview:-1\" \/>\n<link rel=\"canonical\" href=\"https:\/\/vieassociative.be\/actualites\/voici-pourquoi-les-oeufs-sont-si-chers-en-ce-moment\/\" \/>\n<meta property=\"og:locale\" content=\"fr_FR\" \/>\n<meta property=\"og:type\" content=\"article\" \/>\n<meta property=\"og:title\" content=\"Voici pourquoi les \u0153ufs sont si chers en ce moment | Vie Associative\" \/>\n<meta property=\"og:description\" content=\"Qu&rsquo;y a-t-il derri\u00e8re cette flation d&rsquo;oeuf? Vous avez entendu parler de l&rsquo;inflation &#8211; pr\u00e9parez-vous \u00e0 l&rsquo;oeuf. Vous avez probablement remarqu\u00e9 ces prix astronomiques sur les\" \/>\n<meta property=\"og:url\" content=\"https:\/\/vieassociative.be\/actualites\/voici-pourquoi-les-oeufs-sont-si-chers-en-ce-moment\/\" \/>\n<meta property=\"og:site_name\" content=\"Vie Associative\" \/>\n<meta property=\"article:published_time\" content=\"2025-02-10T23:17:41+00:00\" \/>\n<meta property=\"og:image\" content=\"https:\/\/vieassociative.be\/actualites\/wp-content\/uploads\/2024\/09\/header_backgroundk-01-e1726694325946.png\" \/>\n\t<meta property=\"og:image:width\" content=\"279\" \/>\n\t<meta property=\"og:image:height\" content=\"92\" \/>\n\t<meta property=\"og:image:type\" content=\"image\/png\" \/>\n<meta name=\"author\" content=\"Julien\" \/>\n<meta name=\"twitter:card\" content=\"summary_large_image\" \/>\n<meta name=\"twitter:label1\" content=\"\u00c9crit par\" \/>\n\t<meta name=\"twitter:data1\" content=\"Julien\" \/>\n\t<meta name=\"twitter:label2\" content=\"Dur\u00e9e de lecture est.\" \/>\n\t<meta name=\"twitter:data2\" content=\"3 minutes\" \/>\n<script type=\"application\/ld+json\" class=\"yoast-schema-graph\">{\"@context\":\"https:\/\/schema.org\",\"@graph\":[{\"@type\":\"Article\",\"@id\":\"https:\/\/vieassociative.be\/actualites\/voici-pourquoi-les-oeufs-sont-si-chers-en-ce-moment\/#article\",\"isPartOf\":{\"@id\":\"https:\/\/vieassociative.be\/actualites\/voici-pourquoi-les-oeufs-sont-si-chers-en-ce-moment\/\"},\"author\":{\"name\":\"Julien\",\"@id\":\"https:\/\/vieassociative.be\/actualites\/#\/schema\/person\/b87ac4f82f9d4e7b7cec7395b679edc4\"},\"headline\":\"Voici pourquoi les \u0153ufs sont si chers en ce moment\",\"datePublished\":\"2025-02-10T23:17:41+00:00\",\"dateModified\":\"2025-02-10T23:17:41+00:00\",\"mainEntityOfPage\":{\"@id\":\"https:\/\/vieassociative.be\/actualites\/voici-pourquoi-les-oeufs-sont-si-chers-en-ce-moment\/\"},\"wordCount\":570,\"publisher\":{\"@id\":\"https:\/\/vieassociative.be\/actualites\/#organization\"},\"image\":{\"@id\":\"https:\/\/vieassociative.be\/actualites\/voici-pourquoi-les-oeufs-sont-si-chers-en-ce-moment\/#primaryimage\"},\"thumbnailUrl\":\"https:\/\/vieassociative.be\/actualites\/wp-content\/uploads\/2025\/02\/Voici-pourquoi-les-oeufs-sont-si-chers-en-ce-moment.png\",\"keywords\":[\"chers\",\"Les\",\"moment\",\"\u0153ufs\",\"Pourquoi\",\"sont\",\"Voici\"],\"articleSection\":[\"Argent\"],\"inLanguage\":\"fr-BE\"},{\"@type\":\"WebPage\",\"@id\":\"https:\/\/vieassociative.be\/actualites\/voici-pourquoi-les-oeufs-sont-si-chers-en-ce-moment\/\",\"url\":\"https:\/\/vieassociative.be\/actualites\/voici-pourquoi-les-oeufs-sont-si-chers-en-ce-moment\/\",\"name\":\"Voici pourquoi les \u0153ufs sont si chers en ce moment | Vie Associative\",\"isPartOf\":{\"@id\":\"https:\/\/vieassociative.be\/actualites\/#website\"},\"primaryImageOfPage\":{\"@id\":\"https:\/\/vieassociative.be\/actualites\/voici-pourquoi-les-oeufs-sont-si-chers-en-ce-moment\/#primaryimage\"},\"image\":{\"@id\":\"https:\/\/vieassociative.be\/actualites\/voici-pourquoi-les-oeufs-sont-si-chers-en-ce-moment\/#primaryimage\"},\"thumbnailUrl\":\"https:\/\/vieassociative.be\/actualites\/wp-content\/uploads\/2025\/02\/Voici-pourquoi-les-oeufs-sont-si-chers-en-ce-moment.png\",\"datePublished\":\"2025-02-10T23:17:41+00:00\",\"dateModified\":\"2025-02-10T23:17:41+00:00\",\"breadcrumb\":{\"@id\":\"https:\/\/vieassociative.be\/actualites\/voici-pourquoi-les-oeufs-sont-si-chers-en-ce-moment\/#breadcrumb\"},\"inLanguage\":\"fr-BE\",\"potentialAction\":[{\"@type\":\"ReadAction\",\"target\":[\"https:\/\/vieassociative.be\/actualites\/voici-pourquoi-les-oeufs-sont-si-chers-en-ce-moment\/\"]}]},{\"@type\":\"ImageObject\",\"inLanguage\":\"fr-BE\",\"@id\":\"https:\/\/vieassociative.be\/actualites\/voici-pourquoi-les-oeufs-sont-si-chers-en-ce-moment\/#primaryimage\",\"url\":\"https:\/\/vieassociative.be\/actualites\/wp-content\/uploads\/2025\/02\/Voici-pourquoi-les-oeufs-sont-si-chers-en-ce-moment.png\",\"contentUrl\":\"https:\/\/vieassociative.be\/actualites\/wp-content\/uploads\/2025\/02\/Voici-pourquoi-les-oeufs-sont-si-chers-en-ce-moment.png\",\"width\":1200,\"height\":675,\"caption\":\"Voici pourquoi les \u0153ufs sont si chers en ce moment\"},{\"@type\":\"BreadcrumbList\",\"@id\":\"https:\/\/vieassociative.be\/actualites\/voici-pourquoi-les-oeufs-sont-si-chers-en-ce-moment\/#breadcrumb\",\"itemListElement\":[{\"@type\":\"ListItem\",\"position\":1,\"name\":\"Accueil\",\"item\":\"https:\/\/vieassociative.be\/actualites\/\"},{\"@type\":\"ListItem\",\"position\":2,\"name\":\"Voici pourquoi les \u0153ufs sont si chers en ce moment\"}]},{\"@type\":\"WebSite\",\"@id\":\"https:\/\/vieassociative.be\/actualites\/#website\",\"url\":\"https:\/\/vieassociative.be\/actualites\/\",\"name\":\"Vie Associative\",\"description\":\"\",\"publisher\":{\"@id\":\"https:\/\/vieassociative.be\/actualites\/#organization\"},\"potentialAction\":[{\"@type\":\"SearchAction\",\"target\":{\"@type\":\"EntryPoint\",\"urlTemplate\":\"https:\/\/vieassociative.be\/actualites\/?s={search_term_string}\"},\"query-input\":{\"@type\":\"PropertyValueSpecification\",\"valueRequired\":true,\"valueName\":\"search_term_string\"}}],\"inLanguage\":\"fr-BE\"},{\"@type\":\"Organization\",\"@id\":\"https:\/\/vieassociative.be\/actualites\/#organization\",\"name\":\"Vie Associative\",\"url\":\"https:\/\/vieassociative.be\/actualites\/\",\"logo\":{\"@type\":\"ImageObject\",\"inLanguage\":\"fr-BE\",\"@id\":\"https:\/\/vieassociative.be\/actualites\/#\/schema\/logo\/image\/\",\"url\":\"https:\/\/vieassociative.be\/actualites\/wp-content\/uploads\/2024\/09\/cropped-vieassociative_favicon.ico.png\",\"contentUrl\":\"https:\/\/vieassociative.be\/actualites\/wp-content\/uploads\/2024\/09\/cropped-vieassociative_favicon.ico.png\",\"width\":512,\"height\":512,\"caption\":\"Vie Associative\"},\"image\":{\"@id\":\"https:\/\/vieassociative.be\/actualites\/#\/schema\/logo\/image\/\"}},{\"@type\":\"Person\",\"@id\":\"https:\/\/vieassociative.be\/actualites\/#\/schema\/person\/b87ac4f82f9d4e7b7cec7395b679edc4\",\"name\":\"Julien\",\"image\":{\"@type\":\"ImageObject\",\"inLanguage\":\"fr-BE\",\"@id\":\"https:\/\/vieassociative.be\/actualites\/#\/schema\/person\/image\/\",\"url\":\"https:\/\/vieassociative.be\/actualites\/wp-content\/uploads\/2024\/09\/vie-associative-1-150x150.jpg\",\"contentUrl\":\"https:\/\/vieassociative.be\/actualites\/wp-content\/uploads\/2024\/09\/vie-associative-1-150x150.jpg\",\"caption\":\"Julien\"},\"description\":\"Je suis Julien, r\u00e9dacteur pour Vie Associative. Passionn\u00e9 par le monde associatif depuis plus de 10 ans, j'ai \u00e0 c\u0153ur de partager des histoires inspirantes et de mettre en lumi\u00e8re les initiatives locales. Mon objectif est de sensibiliser et d'encourager l'engagement communautaire \u00e0 travers mes articles.\",\"sameAs\":[\"https:\/\/vieassociative.be\/\"]}]}<\/script>\n<!-- \/ Yoast SEO plugin. -->","yoast_head_json":{"title":"Voici pourquoi les \u0153ufs sont si chers en ce moment | Vie Associative","robots":{"index":"index","follow":"follow","max-snippet":"max-snippet:-1","max-image-preview":"max-image-preview:large","max-video-preview":"max-video-preview:-1"},"canonical":"https:\/\/vieassociative.be\/actualites\/voici-pourquoi-les-oeufs-sont-si-chers-en-ce-moment\/","og_locale":"fr_FR","og_type":"article","og_title":"Voici pourquoi les \u0153ufs sont si chers en ce moment | Vie Associative","og_description":"Qu&rsquo;y a-t-il derri\u00e8re cette flation d&rsquo;oeuf? Vous avez entendu parler de l&rsquo;inflation &#8211; pr\u00e9parez-vous \u00e0 l&rsquo;oeuf. Vous avez probablement remarqu\u00e9 ces prix astronomiques sur les","og_url":"https:\/\/vieassociative.be\/actualites\/voici-pourquoi-les-oeufs-sont-si-chers-en-ce-moment\/","og_site_name":"Vie Associative","article_published_time":"2025-02-10T23:17:41+00:00","og_image":[{"width":279,"height":92,"url":"https:\/\/vieassociative.be\/actualites\/wp-content\/uploads\/2024\/09\/header_backgroundk-01-e1726694325946.png","type":"image\/png"}],"author":"Julien","twitter_card":"summary_large_image","twitter_misc":{"\u00c9crit par":"Julien","Dur\u00e9e de lecture est.":"3 minutes"},"schema":{"@context":"https:\/\/schema.org","@graph":[{"@type":"Article","@id":"https:\/\/vieassociative.be\/actualites\/voici-pourquoi-les-oeufs-sont-si-chers-en-ce-moment\/#article","isPartOf":{"@id":"https:\/\/vieassociative.be\/actualites\/voici-pourquoi-les-oeufs-sont-si-chers-en-ce-moment\/"},"author":{"name":"Julien","@id":"https:\/\/vieassociative.be\/actualites\/#\/schema\/person\/b87ac4f82f9d4e7b7cec7395b679edc4"},"headline":"Voici pourquoi les \u0153ufs sont si chers en ce moment","datePublished":"2025-02-10T23:17:41+00:00","dateModified":"2025-02-10T23:17:41+00:00","mainEntityOfPage":{"@id":"https:\/\/vieassociative.be\/actualites\/voici-pourquoi-les-oeufs-sont-si-chers-en-ce-moment\/"},"wordCount":570,"publisher":{"@id":"https:\/\/vieassociative.be\/actualites\/#organization"},"image":{"@id":"https:\/\/vieassociative.be\/actualites\/voici-pourquoi-les-oeufs-sont-si-chers-en-ce-moment\/#primaryimage"},"thumbnailUrl":"https:\/\/vieassociative.be\/actualites\/wp-content\/uploads\/2025\/02\/Voici-pourquoi-les-oeufs-sont-si-chers-en-ce-moment.png","keywords":["chers","Les","moment","\u0153ufs","Pourquoi","sont","Voici"],"articleSection":["Argent"],"inLanguage":"fr-BE"},{"@type":"WebPage","@id":"https:\/\/vieassociative.be\/actualites\/voici-pourquoi-les-oeufs-sont-si-chers-en-ce-moment\/","url":"https:\/\/vieassociative.be\/actualites\/voici-pourquoi-les-oeufs-sont-si-chers-en-ce-moment\/","name":"Voici pourquoi les \u0153ufs sont si chers en ce moment | Vie Associative","isPartOf":{"@id":"https:\/\/vieassociative.be\/actualites\/#website"},"primaryImageOfPage":{"@id":"https:\/\/vieassociative.be\/actualites\/voici-pourquoi-les-oeufs-sont-si-chers-en-ce-moment\/#primaryimage"},"image":{"@id":"https:\/\/vieassociative.be\/actualites\/voici-pourquoi-les-oeufs-sont-si-chers-en-ce-moment\/#primaryimage"},"thumbnailUrl":"https:\/\/vieassociative.be\/actualites\/wp-content\/uploads\/2025\/02\/Voici-pourquoi-les-oeufs-sont-si-chers-en-ce-moment.png","datePublished":"2025-02-10T23:17:41+00:00","dateModified":"2025-02-10T23:17:41+00:00","breadcrumb":{"@id":"https:\/\/vieassociative.be\/actualites\/voici-pourquoi-les-oeufs-sont-si-chers-en-ce-moment\/#breadcrumb"},"inLanguage":"fr-BE","potentialAction":[{"@type":"ReadAction","target":["https:\/\/vieassociative.be\/actualites\/voici-pourquoi-les-oeufs-sont-si-chers-en-ce-moment\/"]}]},{"@type":"ImageObject","inLanguage":"fr-BE","@id":"https:\/\/vieassociative.be\/actualites\/voici-pourquoi-les-oeufs-sont-si-chers-en-ce-moment\/#primaryimage","url":"https:\/\/vieassociative.be\/actualites\/wp-content\/uploads\/2025\/02\/Voici-pourquoi-les-oeufs-sont-si-chers-en-ce-moment.png","contentUrl":"https:\/\/vieassociative.be\/actualites\/wp-content\/uploads\/2025\/02\/Voici-pourquoi-les-oeufs-sont-si-chers-en-ce-moment.png","width":1200,"height":675,"caption":"Voici pourquoi les \u0153ufs sont si chers en ce moment"},{"@type":"BreadcrumbList","@id":"https:\/\/vieassociative.be\/actualites\/voici-pourquoi-les-oeufs-sont-si-chers-en-ce-moment\/#breadcrumb","itemListElement":[{"@type":"ListItem","position":1,"name":"Accueil","item":"https:\/\/vieassociative.be\/actualites\/"},{"@type":"ListItem","position":2,"name":"Voici pourquoi les \u0153ufs sont si chers en ce moment"}]},{"@type":"WebSite","@id":"https:\/\/vieassociative.be\/actualites\/#website","url":"https:\/\/vieassociative.be\/actualites\/","name":"Vie Associative","description":"","publisher":{"@id":"https:\/\/vieassociative.be\/actualites\/#organization"},"potentialAction":[{"@type":"SearchAction","target":{"@type":"EntryPoint","urlTemplate":"https:\/\/vieassociative.be\/actualites\/?s={search_term_string}"},"query-input":{"@type":"PropertyValueSpecification","valueRequired":true,"valueName":"search_term_string"}}],"inLanguage":"fr-BE"},{"@type":"Organization","@id":"https:\/\/vieassociative.be\/actualites\/#organization","name":"Vie Associative","url":"https:\/\/vieassociative.be\/actualites\/","logo":{"@type":"ImageObject","inLanguage":"fr-BE","@id":"https:\/\/vieassociative.be\/actualites\/#\/schema\/logo\/image\/","url":"https:\/\/vieassociative.be\/actualites\/wp-content\/uploads\/2024\/09\/cropped-vieassociative_favicon.ico.png","contentUrl":"https:\/\/vieassociative.be\/actualites\/wp-content\/uploads\/2024\/09\/cropped-vieassociative_favicon.ico.png","width":512,"height":512,"caption":"Vie Associative"},"image":{"@id":"https:\/\/vieassociative.be\/actualites\/#\/schema\/logo\/image\/"}},{"@type":"Person","@id":"https:\/\/vieassociative.be\/actualites\/#\/schema\/person\/b87ac4f82f9d4e7b7cec7395b679edc4","name":"Julien","image":{"@type":"ImageObject","inLanguage":"fr-BE","@id":"https:\/\/vieassociative.be\/actualites\/#\/schema\/person\/image\/","url":"https:\/\/vieassociative.be\/actualites\/wp-content\/uploads\/2024\/09\/vie-associative-1-150x150.jpg","contentUrl":"https:\/\/vieassociative.be\/actualites\/wp-content\/uploads\/2024\/09\/vie-associative-1-150x150.jpg","caption":"Julien"},"description":"Je suis Julien, r\u00e9dacteur pour Vie Associative. Passionn\u00e9 par le monde associatif depuis plus de 10 ans, j'ai \u00e0 c\u0153ur de partager des histoires inspirantes et de mettre en lumi\u00e8re les initiatives locales. Mon objectif est de sensibiliser et d'encourager l'engagement communautaire \u00e0 travers mes articles.","sameAs":["https:\/\/vieassociative.be\/"]}]}},"_links":{"self":[{"href":"https:\/\/vieassociative.be\/actualites\/wp-json\/wp\/v2\/posts\/5011"}],"collection":[{"href":"https:\/\/vieassociative.be\/actualites\/wp-json\/wp\/v2\/posts"}],"about":[{"href":"https:\/\/vieassociative.be\/actualites\/wp-json\/wp\/v2\/types\/post"}],"author":[{"embeddable":true,"href":"https:\/\/vieassociative.be\/actualites\/wp-json\/wp\/v2\/users\/1"}],"replies":[{"embeddable":true,"href":"https:\/\/vieassociative.be\/actualites\/wp-json\/wp\/v2\/comments?post=5011"}],"version-history":[{"count":0,"href":"https:\/\/vieassociative.be\/actualites\/wp-json\/wp\/v2\/posts\/5011\/revisions"}],"wp:featuredmedia":[{"embeddable":true,"href":"https:\/\/vieassociative.be\/actualites\/wp-json\/wp\/v2\/media\/5012"}],"wp:attachment":[{"href":"https:\/\/vieassociative.be\/actualites\/wp-json\/wp\/v2\/media?parent=5011"}],"wp:term":[{"taxonomy":"category","embeddable":true,"href":"https:\/\/vieassociative.be\/actualites\/wp-json\/wp\/v2\/categories?post=5011"},{"taxonomy":"post_tag","embeddable":true,"href":"https:\/\/vieassociative.be\/actualites\/wp-json\/wp\/v2\/tags?post=5011"}],"curies":[{"name":"wp","href":"https:\/\/api.w.org\/{rel}","templated":true}]}}