{"id":5008,"date":"2025-02-10T21:17:37","date_gmt":"2025-02-10T20:17:37","guid":{"rendered":"https:\/\/vieassociative.be\/actualites\/le-prince-pour-enfants-tom-ii-reve-de-devenir-une-footballeur-professionnel-de-la-proclamation-galerie-de-photos\/"},"modified":"2025-02-10T21:17:37","modified_gmt":"2025-02-10T20:17:37","slug":"le-prince-pour-enfants-tom-ii-reve-de-devenir-une-footballeur-professionnel-de-la-proclamation-galerie-de-photos","status":"publish","type":"post","link":"https:\/\/vieassociative.be\/actualites\/le-prince-pour-enfants-tom-ii-reve-de-devenir-une-footballeur-professionnel-de-la-proclamation-galerie-de-photos\/","title":{"rendered":"Le prince pour enfants Tom II r\u00eave de devenir une footballeur professionnel de la proclamation (galerie de photos)"},"content":{"rendered":"<p><strong>Dimanche, sur l&rsquo;initiative du KGL. Stadtwache Gr\u00fcn-weiss Eupen 1936 La proclamation des essais pour enfants d&rsquo;Eupen de la session 2025\/2026 a eu lieu dans l&#8217;emplacement de l&rsquo;\u00e9v\u00e9nement Eastbelgica \u00e0 Eupen. Le photographe Helmut Koch a assist\u00e9 \u00e0 la proclamation de \u00abOrient Belgique directement\u00bb. Voici ses photos.<\/strong><\/p>\n<p><span id=\"more-407897\"><\/span>Apr\u00e8s l&rsquo;abdication du titre du prince du maximum II, le grand secret a \u00e9t\u00e9 r\u00e9v\u00e9l\u00e9 avec C\u00e9line et Annabelle: Tom II.<\/p>\n<p>En plus des propres danses du club des groupes de marichen, de garde et de spectacles, le programme color\u00e9 a con\u00e7u le programme color\u00e9. Le Grand Eupen Triumvirate et la violation du prince pour enfants Kettenis (voir \u00e9galement la galerie de photos ci-dessous) \u00e9taient \u00e9galement pr\u00e9sents. La pro\u00e9minence politique \u00e9tait \u00e9galement pr\u00e9sente avec le Premier ministre Oliver Paasch (Prodg) et le premier juge de la la\u00efc d&rsquo;Eupener Nicolas Pomm\u00e9 (OBL).<\/p>\n<div id=\"attachment_407969\" class=\"wp-caption alignleft\" style=\"max-width: 300px\"><img fetchpriority=\"high\" decoding=\"async\" class=\"wp-image-407969 size-medium\" src=\"https:\/\/vieassociative.be\/actualites\/wp-content\/uploads\/2025\/02\/Le-prince-pour-enfants-Tom-II-reve-de-devenir-une.jpg\" alt=\"\" width=\"300\" height=\"199\"  ><\/p>\n<p class=\"wp-caption-text\">Abdication de l&rsquo;ancien Prince pour enfants-maximum II avec C\u00e9line et Annabelle. Photo: Helmut Koch<\/p>\n<\/div>\n<p>Le cours de f\u00e9licitations en l&rsquo;honneur du New Children&rsquo;s Prince aura lieu le vendredi 14 f\u00e9vrier 2025 \u00e0 18 h \u00e0 Kolpinghaus, Bergstra\u00dfe 124, \u00e0 Eupen.<\/p>\n<p><strong>&#8211; Le prince des enfants Tom II.<\/strong> Il est n\u00e9 le 5 novembre 2014, vit \u00e0 Kettenis et a assist\u00e9 \u00e0 la 5e ann\u00e9e scolaire de l&rsquo;\u00e9cole primaire de Kettenis City. Le carnavaliste de dix ans est soutenu par ses parents Verena Kever et Michael Ausems et aime manger du cheeseburger avec des frites.<\/p>\n<p>Tom a d\u00e9m\u00e9nag\u00e9 au carnaval tr\u00e8s t\u00f4t. Depuis sa naissance, il a particip\u00e9 \u00e0 des d\u00e9fil\u00e9s de carnaval avec le bloc KKG Berger, dans lequel son p\u00e8re est Michael Aktiv. Sa grande tante Irmgard Gillessen-Biegmann \u00e9tait une page d&rsquo;enfant de la garde de la ville de Gr\u00fcn-Wei\u00df en 1973, et sa m\u00e8re Verena est \u00e9galement un carnavaliste de rue passionn\u00e9.<\/p>\n<div id=\"attachment_407970\" class=\"wp-caption alignleft\" style=\"max-width: 300px\"><img decoding=\"async\" class=\"wp-image-407970 size-medium\" src=\"https:\/\/vieassociative.be\/actualites\/wp-content\/uploads\/2025\/02\/1739218655_185_Le-prince-pour-enfants-Tom-II-reve-de-devenir-une.jpg\" alt=\"\" width=\"300\" height=\"199\"  ><\/p>\n<p class=\"wp-caption-text\">Le Premier ministre Oliver Paasch (L) et le premier juge la\u00efc d&rsquo;Eupen Nicolas Pomm\u00e9e (R). N&rsquo;a pas \u00e9t\u00e9 pr\u00e9tendu dans la campagne \u00e9lectorale locale que le prodg serait \u00e0 l&rsquo;origine de l&rsquo;obligation &#8230;?! Photo: Helmut Koch<\/p>\n<\/div>\n<p>Pendant son temps libre, Tom joue au football au FC Eupen avec un grand enthousiasme et aime la musique de carnaval, en particulier les chansons de Cat Ballou. Son r\u00eave est de devenir un footballeur professionnel un jour. Le rouge pr\u00e9f\u00e9r\u00e9 de Tom refl\u00e8te son caract\u00e8re fort. Il aime voir des programmes tels que \u00ab\u00a0Anna and the Wild Animals\u00a0\u00bb et \u00ab\u00a0Checker Tobi\u00a0\u00bb.<\/p>\n<p><strong>&#8211; Page Lilja (Hoskens):<\/strong> Elle est n\u00e9e le 15 ao\u00fbt 2016 et vit avec sa famille, y compris ses parents Fabienne Van Schingen et P\u00e4iko Hoskens ainsi que ses fr\u00e8res et s\u0153urs Maxim (26 ans), Jonna (23 ans) et sa s\u0153ur Freya (9 ans).<\/p>\n<p>L&rsquo;homme brillant de huit ans a assist\u00e9 \u00e0 la 3e ann\u00e9e de l&rsquo;\u00e9cole primaire du p\u00e8re Damian et aime les lasagnes et les spaghetti carbonara. Lilja est fermement ancr\u00e9e dans le carnaval depuis sa naissance.<\/p>\n<p><strong>&#8211; Page Freya (Hoskens):<\/strong> Elle est n\u00e9e le 26 juillet 2015 et vit avec sa s\u0153ur Lilja (8 ans), ses parents Fabienne van Scingen et P\u00e4iko Hoskens ainsi que ses fr\u00e8res et s\u0153urs Maxim (26 ans) et Jonna (23 ans) \u00e0 Kettenis. Le Happy Nine, \u00e2g\u00e9 de neuf ans, a assist\u00e9 \u00e0 la 4e ann\u00e9e scolaire de l&rsquo;\u00e9cole primaire du p\u00e8re Damian et aime les sushis et le pita. Freya fait partie du carnaval depuis sa naissance.<\/p>\n<p><em><b>Vous trouverez ci-dessous une galerie de photos avec des photos du photographe Helmut Koch de la proclamation du New Children&rsquo;s Prince dimanche en <strong>L&#8217;emplacement de l&rsquo;\u00e9v\u00e9nement Eastbelgica \u00e0 Eupen. Cliquez sur l&rsquo;image pour agrandir:<\/strong><\/b><\/em><\/p>\n<div class=\"wp-gallery row\">\n<figure class=\"column small-6 medium-3 end\"><img decoding=\"async\" src=\"https:\/\/vieassociative.be\/actualites\/wp-content\/uploads\/2025\/02\/1739218655_515_Le-prince-pour-enfants-Tom-II-reve-de-devenir-une.jpg\" width=\"159\" height=\"159\" alt=\"\"><\/figure>\n<figure class=\"column small-6 medium-3 end\"><img loading=\"lazy\" decoding=\"async\" src=\"https:\/\/vieassociative.be\/actualites\/wp-content\/uploads\/2025\/02\/1739218655_173_Le-prince-pour-enfants-Tom-II-reve-de-devenir-une.jpg\" width=\"159\" height=\"159\" alt=\"\"><\/figure>\n<figure class=\"column small-6 medium-3 end\"><img loading=\"lazy\" decoding=\"async\" src=\"https:\/\/vieassociative.be\/actualites\/wp-content\/uploads\/2025\/02\/1739218655_273_Le-prince-pour-enfants-Tom-II-reve-de-devenir-une.jpg\" width=\"159\" height=\"159\" alt=\"\"><\/figure>\n<figure class=\"column small-6 medium-3 end\"><img loading=\"lazy\" decoding=\"async\" src=\"https:\/\/vieassociative.be\/actualites\/wp-content\/uploads\/2025\/02\/1739218655_21_Le-prince-pour-enfants-Tom-II-reve-de-devenir-une.jpg\" width=\"159\" height=\"159\" alt=\"\"><\/figure>\n<figure class=\"column small-6 medium-3 end\"><img loading=\"lazy\" decoding=\"async\" src=\"https:\/\/vieassociative.be\/actualites\/wp-content\/uploads\/2025\/02\/1739218656_110_Le-prince-pour-enfants-Tom-II-reve-de-devenir-une.jpg\" width=\"159\" height=\"159\" alt=\"\"><\/figure>\n<figure class=\"column small-6 medium-3 end\"><img loading=\"lazy\" decoding=\"async\" src=\"https:\/\/vieassociative.be\/actualites\/wp-content\/uploads\/2025\/02\/1739218656_413_Le-prince-pour-enfants-Tom-II-reve-de-devenir-une.jpg\" width=\"159\" height=\"159\" alt=\"\"><\/figure>\n<figure class=\"column small-6 medium-3 end\"><img loading=\"lazy\" decoding=\"async\" src=\"https:\/\/vieassociative.be\/actualites\/wp-content\/uploads\/2025\/02\/1739218656_40_Le-prince-pour-enfants-Tom-II-reve-de-devenir-une.jpg\" width=\"159\" height=\"159\" alt=\"\"><\/figure>\n<figure class=\"column small-6 medium-3 end\"><img loading=\"lazy\" decoding=\"async\" src=\"https:\/\/vieassociative.be\/actualites\/wp-content\/uploads\/2025\/02\/1739218656_494_Le-prince-pour-enfants-Tom-II-reve-de-devenir-une.jpg\" width=\"159\" height=\"159\" alt=\"\"><\/figure>\n<figure class=\"column small-6 medium-3 end\"><img loading=\"lazy\" decoding=\"async\" src=\"https:\/\/vieassociative.be\/actualites\/wp-content\/uploads\/2025\/02\/1739218656_465_Le-prince-pour-enfants-Tom-II-reve-de-devenir-une.jpg\" width=\"159\" height=\"159\" alt=\"\"><\/figure>\n<figure class=\"column small-6 medium-3 end\"><img loading=\"lazy\" decoding=\"async\" src=\"https:\/\/vieassociative.be\/actualites\/wp-content\/uploads\/2025\/02\/1739218656_600_Le-prince-pour-enfants-Tom-II-reve-de-devenir-une.jpg\" width=\"159\" height=\"159\" alt=\"\"><\/figure>\n<figure class=\"column small-6 medium-3 end\"><img loading=\"lazy\" decoding=\"async\" src=\"https:\/\/vieassociative.be\/actualites\/wp-content\/uploads\/2025\/02\/1739218656_735_Le-prince-pour-enfants-Tom-II-reve-de-devenir-une.jpg\" width=\"159\" height=\"159\" alt=\"\"><\/figure>\n<figure class=\"column small-6 medium-3 end\"><img loading=\"lazy\" decoding=\"async\" src=\"https:\/\/vieassociative.be\/actualites\/wp-content\/uploads\/2025\/02\/1739218656_858_Le-prince-pour-enfants-Tom-II-reve-de-devenir-une.jpg\" width=\"159\" height=\"159\" alt=\"\"><\/figure>\n<figure class=\"column small-6 medium-3 end\"><img loading=\"lazy\" decoding=\"async\" src=\"https:\/\/vieassociative.be\/actualites\/wp-content\/uploads\/2025\/02\/1739218656_520_Le-prince-pour-enfants-Tom-II-reve-de-devenir-une.jpg\" width=\"159\" height=\"159\" alt=\"\"><\/figure>\n<figure class=\"column small-6 medium-3 end\"><img loading=\"lazy\" decoding=\"async\" src=\"https:\/\/vieassociative.be\/actualites\/wp-content\/uploads\/2025\/02\/1739218656_996_Le-prince-pour-enfants-Tom-II-reve-de-devenir-une.jpg\" width=\"159\" height=\"159\" alt=\"\"><\/figure>\n<figure class=\"column small-6 medium-3 end\"><img loading=\"lazy\" decoding=\"async\" src=\"https:\/\/vieassociative.be\/actualites\/wp-content\/uploads\/2025\/02\/1739218656_261_Le-prince-pour-enfants-Tom-II-reve-de-devenir-une.jpg\" width=\"159\" height=\"159\" alt=\"\"><\/figure>\n<figure class=\"column small-6 medium-3 end\"><img loading=\"lazy\" decoding=\"async\" src=\"https:\/\/vieassociative.be\/actualites\/wp-content\/uploads\/2025\/02\/1739218656_210_Le-prince-pour-enfants-Tom-II-reve-de-devenir-une.jpg\" width=\"159\" height=\"159\" alt=\"\"><\/figure>\n<figure class=\"column small-6 medium-3 end\"><img loading=\"lazy\" decoding=\"async\" src=\"https:\/\/vieassociative.be\/actualites\/wp-content\/uploads\/2025\/02\/1739218656_621_Le-prince-pour-enfants-Tom-II-reve-de-devenir-une.jpg\" width=\"159\" height=\"159\" alt=\"\"><\/figure>\n<figure class=\"column small-6 medium-3 end\"><img loading=\"lazy\" decoding=\"async\" src=\"https:\/\/vieassociative.be\/actualites\/wp-content\/uploads\/2025\/02\/1739218656_295_Le-prince-pour-enfants-Tom-II-reve-de-devenir-une.jpg\" width=\"159\" height=\"159\" alt=\"\"><\/figure>\n<figure class=\"column small-6 medium-3 end\"><img loading=\"lazy\" decoding=\"async\" src=\"https:\/\/vieassociative.be\/actualites\/wp-content\/uploads\/2025\/02\/1739218656_962_Le-prince-pour-enfants-Tom-II-reve-de-devenir-une.jpg\" width=\"159\" height=\"159\" alt=\"\"><\/figure>\n<figure class=\"column small-6 medium-3 end\"><img loading=\"lazy\" decoding=\"async\" src=\"https:\/\/vieassociative.be\/actualites\/wp-content\/uploads\/2025\/02\/1739218656_367_Le-prince-pour-enfants-Tom-II-reve-de-devenir-une.jpg\" width=\"159\" height=\"159\" alt=\"\"><\/figure>\n<figure class=\"column small-6 medium-3 end\"><img loading=\"lazy\" decoding=\"async\" src=\"https:\/\/vieassociative.be\/actualites\/wp-content\/uploads\/2025\/02\/1739218656_163_Le-prince-pour-enfants-Tom-II-reve-de-devenir-une.jpg\" width=\"159\" height=\"159\" alt=\"\"><\/figure>\n<figure class=\"column small-6 medium-3 end\"><img loading=\"lazy\" decoding=\"async\" src=\"https:\/\/vieassociative.be\/actualites\/wp-content\/uploads\/2025\/02\/1739218656_544_Le-prince-pour-enfants-Tom-II-reve-de-devenir-une.jpg\" width=\"159\" height=\"159\" alt=\"\"><\/figure>\n<figure class=\"column small-6 medium-3 end\"><img loading=\"lazy\" decoding=\"async\" src=\"https:\/\/vieassociative.be\/actualites\/wp-content\/uploads\/2025\/02\/1739218656_978_Le-prince-pour-enfants-Tom-II-reve-de-devenir-une.jpg\" width=\"159\" height=\"159\" alt=\"\"><\/figure>\n<figure class=\"column small-6 medium-3 end\"><img loading=\"lazy\" decoding=\"async\" src=\"https:\/\/vieassociative.be\/actualites\/wp-content\/uploads\/2025\/02\/1739218656_830_Le-prince-pour-enfants-Tom-II-reve-de-devenir-une.jpg\" width=\"159\" height=\"159\" alt=\"\"><\/figure>\n<figure class=\"column small-6 medium-3 end\"><img loading=\"lazy\" decoding=\"async\" src=\"https:\/\/vieassociative.be\/actualites\/wp-content\/uploads\/2025\/02\/1739218656_208_Le-prince-pour-enfants-Tom-II-reve-de-devenir-une.jpg\" width=\"159\" height=\"159\" alt=\"\"><\/figure>\n<figure class=\"column small-6 medium-3 end\"><img loading=\"lazy\" decoding=\"async\" src=\"https:\/\/vieassociative.be\/actualites\/wp-content\/uploads\/2025\/02\/1739218656_347_Le-prince-pour-enfants-Tom-II-reve-de-devenir-une.jpg\" width=\"159\" height=\"159\" alt=\"\"><\/figure>\n<figure class=\"column small-6 medium-3 end\"><img loading=\"lazy\" decoding=\"async\" src=\"https:\/\/vieassociative.be\/actualites\/wp-content\/uploads\/2025\/02\/1739218656_336_Le-prince-pour-enfants-Tom-II-reve-de-devenir-une.jpg\" width=\"159\" height=\"159\" alt=\"\"><\/figure>\n<figure class=\"column small-6 medium-3 end\"><img loading=\"lazy\" decoding=\"async\" src=\"https:\/\/vieassociative.be\/actualites\/wp-content\/uploads\/2025\/02\/1739218656_496_Le-prince-pour-enfants-Tom-II-reve-de-devenir-une.jpg\" width=\"159\" height=\"159\" alt=\"\"><\/figure>\n<figure class=\"column small-6 medium-3 end\"><img loading=\"lazy\" decoding=\"async\" src=\"https:\/\/vieassociative.be\/actualites\/wp-content\/uploads\/2025\/02\/1739218656_792_Le-prince-pour-enfants-Tom-II-reve-de-devenir-une.jpg\" width=\"159\" height=\"159\" alt=\"\"><\/figure>\n<figure class=\"column small-6 medium-3 end\"><img loading=\"lazy\" decoding=\"async\" src=\"https:\/\/vieassociative.be\/actualites\/wp-content\/uploads\/2025\/02\/1739218656_204_Le-prince-pour-enfants-Tom-II-reve-de-devenir-une.jpg\" width=\"159\" height=\"159\" alt=\"\"><\/figure>\n<figure class=\"column small-6 medium-3 end\"><img loading=\"lazy\" decoding=\"async\" src=\"https:\/\/vieassociative.be\/actualites\/wp-content\/uploads\/2025\/02\/1739218656_943_Le-prince-pour-enfants-Tom-II-reve-de-devenir-une.jpg\" width=\"159\" height=\"159\" alt=\"\"><\/figure>\n<figure class=\"column small-6 medium-3 end\"><img loading=\"lazy\" decoding=\"async\" src=\"https:\/\/vieassociative.be\/actualites\/wp-content\/uploads\/2025\/02\/1739218656_876_Le-prince-pour-enfants-Tom-II-reve-de-devenir-une.jpg\" width=\"159\" height=\"159\" alt=\"\"><\/figure>\n<figure class=\"column small-6 medium-3 end\"><img loading=\"lazy\" decoding=\"async\" src=\"https:\/\/vieassociative.be\/actualites\/wp-content\/uploads\/2025\/02\/1739218656_45_Le-prince-pour-enfants-Tom-II-reve-de-devenir-une.jpg\" width=\"159\" height=\"159\" alt=\"\"><\/figure>\n<figure class=\"column small-6 medium-3 end\"><img loading=\"lazy\" decoding=\"async\" src=\"https:\/\/vieassociative.be\/actualites\/wp-content\/uploads\/2025\/02\/1739218657_143_Le-prince-pour-enfants-Tom-II-reve-de-devenir-une.jpg\" width=\"159\" height=\"159\" alt=\"\"><\/figure>\n<figure class=\"column small-6 medium-3 end\"><img loading=\"lazy\" decoding=\"async\" src=\"https:\/\/vieassociative.be\/actualites\/wp-content\/uploads\/2025\/02\/1739218657_85_Le-prince-pour-enfants-Tom-II-reve-de-devenir-une.jpg\" width=\"159\" height=\"159\" alt=\"\"><\/figure>\n<figure class=\"column small-6 medium-3 end\"><img loading=\"lazy\" decoding=\"async\" src=\"https:\/\/vieassociative.be\/actualites\/wp-content\/uploads\/2025\/02\/1739218657_847_Le-prince-pour-enfants-Tom-II-reve-de-devenir-une.jpg\" width=\"159\" height=\"159\" alt=\"\"><\/figure>\n<figure class=\"column small-6 medium-3 end\"><img loading=\"lazy\" decoding=\"async\" src=\"https:\/\/vieassociative.be\/actualites\/wp-content\/uploads\/2025\/02\/1739218657_97_Le-prince-pour-enfants-Tom-II-reve-de-devenir-une.jpg\" width=\"159\" height=\"159\" alt=\"\"><\/figure>\n<figure class=\"column small-6 medium-3 end\"><img loading=\"lazy\" decoding=\"async\" src=\"https:\/\/vieassociative.be\/actualites\/wp-content\/uploads\/2025\/02\/1739218657_464_Le-prince-pour-enfants-Tom-II-reve-de-devenir-une.jpg\" width=\"159\" height=\"159\" alt=\"\"><\/figure>\n<figure class=\"column small-6 medium-3 end\"><img loading=\"lazy\" decoding=\"async\" src=\"https:\/\/vieassociative.be\/actualites\/wp-content\/uploads\/2025\/02\/1739218657_668_Le-prince-pour-enfants-Tom-II-reve-de-devenir-une.jpg\" width=\"159\" height=\"159\" alt=\"\"><\/figure>\n<figure class=\"column small-6 medium-3 end\"><img loading=\"lazy\" decoding=\"async\" src=\"https:\/\/vieassociative.be\/actualites\/wp-content\/uploads\/2025\/02\/1739218657_934_Le-prince-pour-enfants-Tom-II-reve-de-devenir-une.jpg\" width=\"159\" height=\"159\" alt=\"\"><\/figure>\n<figure class=\"column small-6 medium-3 end\"><img loading=\"lazy\" decoding=\"async\" src=\"https:\/\/vieassociative.be\/actualites\/wp-content\/uploads\/2025\/02\/1739218657_35_Le-prince-pour-enfants-Tom-II-reve-de-devenir-une.jpg\" width=\"159\" height=\"159\" alt=\"\"><\/figure>\n<figure class=\"column small-6 medium-3 end\"><img loading=\"lazy\" decoding=\"async\" src=\"https:\/\/vieassociative.be\/actualites\/wp-content\/uploads\/2025\/02\/1739218657_698_Le-prince-pour-enfants-Tom-II-reve-de-devenir-une.jpg\" width=\"159\" height=\"159\" alt=\"\"><\/figure>\n<figure class=\"column small-6 medium-3 end\"><img loading=\"lazy\" decoding=\"async\" src=\"https:\/\/vieassociative.be\/actualites\/wp-content\/uploads\/2025\/02\/1739218657_707_Le-prince-pour-enfants-Tom-II-reve-de-devenir-une.jpg\" width=\"159\" height=\"159\" alt=\"\"><\/figure>\n<figure class=\"column small-6 medium-3 end\"><img loading=\"lazy\" decoding=\"async\" src=\"https:\/\/vieassociative.be\/actualites\/wp-content\/uploads\/2025\/02\/1739218657_684_Le-prince-pour-enfants-Tom-II-reve-de-devenir-une.jpg\" width=\"159\" height=\"159\" alt=\"\"><\/figure>\n<figure class=\"column small-6 medium-3 end\"><img loading=\"lazy\" decoding=\"async\" src=\"https:\/\/vieassociative.be\/actualites\/wp-content\/uploads\/2025\/02\/1739218657_861_Le-prince-pour-enfants-Tom-II-reve-de-devenir-une.jpg\" width=\"159\" height=\"159\" alt=\"\"><\/figure>\n<figure class=\"column small-6 medium-3 end\"><img loading=\"lazy\" decoding=\"async\" src=\"https:\/\/vieassociative.be\/actualites\/wp-content\/uploads\/2025\/02\/1739218657_951_Le-prince-pour-enfants-Tom-II-reve-de-devenir-une.jpg\" width=\"159\" height=\"159\" alt=\"\"><\/figure>\n<figure class=\"column small-6 medium-3 end\"><img loading=\"lazy\" decoding=\"async\" src=\"https:\/\/vieassociative.be\/actualites\/wp-content\/uploads\/2025\/02\/1739218657_64_Le-prince-pour-enfants-Tom-II-reve-de-devenir-une.jpg\" width=\"159\" height=\"159\" alt=\"\"><\/figure>\n<figure class=\"column small-6 medium-3 end\"><img loading=\"lazy\" decoding=\"async\" src=\"https:\/\/vieassociative.be\/actualites\/wp-content\/uploads\/2025\/02\/1739218657_722_Le-prince-pour-enfants-Tom-II-reve-de-devenir-une.jpg\" width=\"159\" height=\"159\" alt=\"\"><\/figure>\n<figure class=\"column small-6 medium-3 end\"><img loading=\"lazy\" decoding=\"async\" src=\"https:\/\/vieassociative.be\/actualites\/wp-content\/uploads\/2025\/02\/1739218657_821_Le-prince-pour-enfants-Tom-II-reve-de-devenir-une.jpg\" width=\"159\" height=\"159\" alt=\"\"><\/figure>\n<figure class=\"column small-6 medium-3 end\"><img loading=\"lazy\" decoding=\"async\" src=\"https:\/\/vieassociative.be\/actualites\/wp-content\/uploads\/2025\/02\/1739218657_823_Le-prince-pour-enfants-Tom-II-reve-de-devenir-une.jpg\" width=\"159\" height=\"159\" alt=\"\"><\/figure>\n<figure class=\"column small-6 medium-3 end\"><img loading=\"lazy\" decoding=\"async\" src=\"https:\/\/vieassociative.be\/actualites\/wp-content\/uploads\/2025\/02\/1739218657_573_Le-prince-pour-enfants-Tom-II-reve-de-devenir-une.jpg\" width=\"159\" height=\"159\" alt=\"\"><\/figure>\n<figure class=\"column small-6 medium-3 end\"><img loading=\"lazy\" decoding=\"async\" src=\"https:\/\/vieassociative.be\/actualites\/wp-content\/uploads\/2025\/02\/1739218657_153_Le-prince-pour-enfants-Tom-II-reve-de-devenir-une.jpg\" width=\"159\" height=\"159\" alt=\"\"><\/figure>\n<figure class=\"column small-6 medium-3 end\"><img loading=\"lazy\" decoding=\"async\" src=\"https:\/\/vieassociative.be\/actualites\/wp-content\/uploads\/2025\/02\/1739218657_268_Le-prince-pour-enfants-Tom-II-reve-de-devenir-une.jpg\" width=\"159\" height=\"159\" alt=\"\"><\/figure>\n<figure class=\"column small-6 medium-3 end\"><img loading=\"lazy\" decoding=\"async\" src=\"https:\/\/vieassociative.be\/actualites\/wp-content\/uploads\/2025\/02\/1739218657_744_Le-prince-pour-enfants-Tom-II-reve-de-devenir-une.jpg\" width=\"159\" height=\"159\" alt=\"\"><\/figure>\n<figure class=\"column small-6 medium-3 end\"><img loading=\"lazy\" decoding=\"async\" src=\"https:\/\/vieassociative.be\/actualites\/wp-content\/uploads\/2025\/02\/1739218657_332_Le-prince-pour-enfants-Tom-II-reve-de-devenir-une.jpg\" width=\"159\" height=\"159\" alt=\"\"><\/figure>\n<figure class=\"column small-6 medium-3 end\"><img loading=\"lazy\" decoding=\"async\" src=\"https:\/\/vieassociative.be\/actualites\/wp-content\/uploads\/2025\/02\/1739218657_578_Le-prince-pour-enfants-Tom-II-reve-de-devenir-une.jpg\" width=\"159\" height=\"159\" alt=\"\"><\/figure>\n<\/div>\n","protected":false},"excerpt":{"rendered":"<p>Dimanche, sur l&rsquo;initiative du KGL. Stadtwache Gr\u00fcn-weiss Eupen 1936 La proclamation des essais pour enfants d&rsquo;Eupen de la session 2025\/2026 a eu lieu dans l&#8217;emplacement<\/p>\n","protected":false},"author":1,"featured_media":5009,"comment_status":"","ping_status":"","sticky":false,"template":"","format":"standard","meta":{"footnotes":""},"categories":[298],"tags":[963,324,4079,3257,283,81,4525,4524,1441,3206,5271,110],"class_list":["post-5008","post","type-post","status-publish","format-standard","has-post-thumbnail","hentry","category-belgique","tag-devenir","tag-enfants","tag-footballeur","tag-galerie","tag-photos","tag-pour","tag-prince","tag-proclamation","tag-professionnel","tag-reve","tag-tom","tag-une","generate-columns","tablet-grid-50","mobile-grid-100","grid-parent","grid-33"],"yoast_head":"<!-- This site is optimized with the Yoast SEO plugin v24.0 - https:\/\/yoast.com\/wordpress\/plugins\/seo\/ -->\n<title>Le prince pour enfants Tom II r\u00eave de devenir une footballeur professionnel de la proclamation (galerie de photos) | Vie Associative<\/title>\n<meta name=\"robots\" content=\"index, follow, max-snippet:-1, max-image-preview:large, max-video-preview:-1\" \/>\n<link rel=\"canonical\" href=\"https:\/\/vieassociative.be\/actualites\/le-prince-pour-enfants-tom-ii-reve-de-devenir-une-footballeur-professionnel-de-la-proclamation-galerie-de-photos\/\" \/>\n<meta property=\"og:locale\" content=\"fr_FR\" \/>\n<meta property=\"og:type\" content=\"article\" \/>\n<meta property=\"og:title\" content=\"Le prince pour enfants Tom II r\u00eave de devenir une footballeur professionnel de la proclamation (galerie de photos) | Vie Associative\" \/>\n<meta property=\"og:description\" content=\"Dimanche, sur l&rsquo;initiative du KGL. Stadtwache Gr\u00fcn-weiss Eupen 1936 La proclamation des essais pour enfants d&rsquo;Eupen de la session 2025\/2026 a eu lieu dans l&#8217;emplacement\" \/>\n<meta property=\"og:url\" content=\"https:\/\/vieassociative.be\/actualites\/le-prince-pour-enfants-tom-ii-reve-de-devenir-une-footballeur-professionnel-de-la-proclamation-galerie-de-photos\/\" \/>\n<meta property=\"og:site_name\" content=\"Vie Associative\" \/>\n<meta property=\"article:published_time\" content=\"2025-02-10T20:17:37+00:00\" \/>\n<meta property=\"og:image\" content=\"https:\/\/vieassociative.be\/actualites\/wp-content\/uploads\/2024\/09\/header_backgroundk-01-e1726694325946.png\" \/>\n\t<meta property=\"og:image:width\" content=\"279\" \/>\n\t<meta property=\"og:image:height\" content=\"92\" \/>\n\t<meta property=\"og:image:type\" content=\"image\/png\" \/>\n<meta name=\"author\" content=\"Julien\" \/>\n<meta name=\"twitter:card\" content=\"summary_large_image\" \/>\n<meta name=\"twitter:label1\" content=\"\u00c9crit par\" \/>\n\t<meta name=\"twitter:data1\" content=\"Julien\" \/>\n\t<meta name=\"twitter:label2\" content=\"Dur\u00e9e de lecture est.\" \/>\n\t<meta name=\"twitter:data2\" content=\"3 minutes\" \/>\n<script type=\"application\/ld+json\" class=\"yoast-schema-graph\">{\"@context\":\"https:\/\/schema.org\",\"@graph\":[{\"@type\":\"Article\",\"@id\":\"https:\/\/vieassociative.be\/actualites\/le-prince-pour-enfants-tom-ii-reve-de-devenir-une-footballeur-professionnel-de-la-proclamation-galerie-de-photos\/#article\",\"isPartOf\":{\"@id\":\"https:\/\/vieassociative.be\/actualites\/le-prince-pour-enfants-tom-ii-reve-de-devenir-une-footballeur-professionnel-de-la-proclamation-galerie-de-photos\/\"},\"author\":{\"name\":\"Julien\",\"@id\":\"https:\/\/vieassociative.be\/actualites\/#\/schema\/person\/b87ac4f82f9d4e7b7cec7395b679edc4\"},\"headline\":\"Le prince pour enfants Tom II r\u00eave de devenir une footballeur professionnel de la proclamation (galerie de photos)\",\"datePublished\":\"2025-02-10T20:17:37+00:00\",\"dateModified\":\"2025-02-10T20:17:37+00:00\",\"mainEntityOfPage\":{\"@id\":\"https:\/\/vieassociative.be\/actualites\/le-prince-pour-enfants-tom-ii-reve-de-devenir-une-footballeur-professionnel-de-la-proclamation-galerie-de-photos\/\"},\"wordCount\":637,\"publisher\":{\"@id\":\"https:\/\/vieassociative.be\/actualites\/#organization\"},\"image\":{\"@id\":\"https:\/\/vieassociative.be\/actualites\/le-prince-pour-enfants-tom-ii-reve-de-devenir-une-footballeur-professionnel-de-la-proclamation-galerie-de-photos\/#primaryimage\"},\"thumbnailUrl\":\"https:\/\/vieassociative.be\/actualites\/wp-content\/uploads\/2025\/02\/1739218658_Le-prince-pour-enfants-Tom-II-reve-de-devenir-une.jpg\",\"keywords\":[\"devenir\",\"enfants\",\"footballeur\",\"galerie\",\"Photos\",\"pour\",\"prince\",\"proclamation\",\"professionnel\",\"r\u00eave\",\"Tom\",\"une\"],\"articleSection\":[\"Belgique\"],\"inLanguage\":\"fr-BE\"},{\"@type\":\"WebPage\",\"@id\":\"https:\/\/vieassociative.be\/actualites\/le-prince-pour-enfants-tom-ii-reve-de-devenir-une-footballeur-professionnel-de-la-proclamation-galerie-de-photos\/\",\"url\":\"https:\/\/vieassociative.be\/actualites\/le-prince-pour-enfants-tom-ii-reve-de-devenir-une-footballeur-professionnel-de-la-proclamation-galerie-de-photos\/\",\"name\":\"Le prince pour enfants Tom II r\u00eave de devenir une footballeur professionnel de la proclamation (galerie de photos) | Vie Associative\",\"isPartOf\":{\"@id\":\"https:\/\/vieassociative.be\/actualites\/#website\"},\"primaryImageOfPage\":{\"@id\":\"https:\/\/vieassociative.be\/actualites\/le-prince-pour-enfants-tom-ii-reve-de-devenir-une-footballeur-professionnel-de-la-proclamation-galerie-de-photos\/#primaryimage\"},\"image\":{\"@id\":\"https:\/\/vieassociative.be\/actualites\/le-prince-pour-enfants-tom-ii-reve-de-devenir-une-footballeur-professionnel-de-la-proclamation-galerie-de-photos\/#primaryimage\"},\"thumbnailUrl\":\"https:\/\/vieassociative.be\/actualites\/wp-content\/uploads\/2025\/02\/1739218658_Le-prince-pour-enfants-Tom-II-reve-de-devenir-une.jpg\",\"datePublished\":\"2025-02-10T20:17:37+00:00\",\"dateModified\":\"2025-02-10T20:17:37+00:00\",\"breadcrumb\":{\"@id\":\"https:\/\/vieassociative.be\/actualites\/le-prince-pour-enfants-tom-ii-reve-de-devenir-une-footballeur-professionnel-de-la-proclamation-galerie-de-photos\/#breadcrumb\"},\"inLanguage\":\"fr-BE\",\"potentialAction\":[{\"@type\":\"ReadAction\",\"target\":[\"https:\/\/vieassociative.be\/actualites\/le-prince-pour-enfants-tom-ii-reve-de-devenir-une-footballeur-professionnel-de-la-proclamation-galerie-de-photos\/\"]}]},{\"@type\":\"ImageObject\",\"inLanguage\":\"fr-BE\",\"@id\":\"https:\/\/vieassociative.be\/actualites\/le-prince-pour-enfants-tom-ii-reve-de-devenir-une-footballeur-professionnel-de-la-proclamation-galerie-de-photos\/#primaryimage\",\"url\":\"https:\/\/vieassociative.be\/actualites\/wp-content\/uploads\/2025\/02\/1739218658_Le-prince-pour-enfants-Tom-II-reve-de-devenir-une.jpg\",\"contentUrl\":\"https:\/\/vieassociative.be\/actualites\/wp-content\/uploads\/2025\/02\/1739218658_Le-prince-pour-enfants-Tom-II-reve-de-devenir-une.jpg\",\"width\":1200,\"height\":800,\"caption\":\"Le prince pour enfants Tom II r\u00eave de devenir une footballeur professionnel de la proclamation (galerie de photos)\"},{\"@type\":\"BreadcrumbList\",\"@id\":\"https:\/\/vieassociative.be\/actualites\/le-prince-pour-enfants-tom-ii-reve-de-devenir-une-footballeur-professionnel-de-la-proclamation-galerie-de-photos\/#breadcrumb\",\"itemListElement\":[{\"@type\":\"ListItem\",\"position\":1,\"name\":\"Accueil\",\"item\":\"https:\/\/vieassociative.be\/actualites\/\"},{\"@type\":\"ListItem\",\"position\":2,\"name\":\"Le prince pour enfants Tom II r\u00eave de devenir une footballeur professionnel de la proclamation (galerie de photos)\"}]},{\"@type\":\"WebSite\",\"@id\":\"https:\/\/vieassociative.be\/actualites\/#website\",\"url\":\"https:\/\/vieassociative.be\/actualites\/\",\"name\":\"Vie Associative\",\"description\":\"\",\"publisher\":{\"@id\":\"https:\/\/vieassociative.be\/actualites\/#organization\"},\"potentialAction\":[{\"@type\":\"SearchAction\",\"target\":{\"@type\":\"EntryPoint\",\"urlTemplate\":\"https:\/\/vieassociative.be\/actualites\/?s={search_term_string}\"},\"query-input\":{\"@type\":\"PropertyValueSpecification\",\"valueRequired\":true,\"valueName\":\"search_term_string\"}}],\"inLanguage\":\"fr-BE\"},{\"@type\":\"Organization\",\"@id\":\"https:\/\/vieassociative.be\/actualites\/#organization\",\"name\":\"Vie Associative\",\"url\":\"https:\/\/vieassociative.be\/actualites\/\",\"logo\":{\"@type\":\"ImageObject\",\"inLanguage\":\"fr-BE\",\"@id\":\"https:\/\/vieassociative.be\/actualites\/#\/schema\/logo\/image\/\",\"url\":\"https:\/\/vieassociative.be\/actualites\/wp-content\/uploads\/2024\/09\/cropped-vieassociative_favicon.ico.png\",\"contentUrl\":\"https:\/\/vieassociative.be\/actualites\/wp-content\/uploads\/2024\/09\/cropped-vieassociative_favicon.ico.png\",\"width\":512,\"height\":512,\"caption\":\"Vie Associative\"},\"image\":{\"@id\":\"https:\/\/vieassociative.be\/actualites\/#\/schema\/logo\/image\/\"}},{\"@type\":\"Person\",\"@id\":\"https:\/\/vieassociative.be\/actualites\/#\/schema\/person\/b87ac4f82f9d4e7b7cec7395b679edc4\",\"name\":\"Julien\",\"image\":{\"@type\":\"ImageObject\",\"inLanguage\":\"fr-BE\",\"@id\":\"https:\/\/vieassociative.be\/actualites\/#\/schema\/person\/image\/\",\"url\":\"https:\/\/vieassociative.be\/actualites\/wp-content\/uploads\/2024\/09\/vie-associative-1-150x150.jpg\",\"contentUrl\":\"https:\/\/vieassociative.be\/actualites\/wp-content\/uploads\/2024\/09\/vie-associative-1-150x150.jpg\",\"caption\":\"Julien\"},\"description\":\"Je suis Julien, r\u00e9dacteur pour Vie Associative. Passionn\u00e9 par le monde associatif depuis plus de 10 ans, j'ai \u00e0 c\u0153ur de partager des histoires inspirantes et de mettre en lumi\u00e8re les initiatives locales. Mon objectif est de sensibiliser et d'encourager l'engagement communautaire \u00e0 travers mes articles.\",\"sameAs\":[\"https:\/\/vieassociative.be\/\"]}]}<\/script>\n<!-- \/ Yoast SEO plugin. -->","yoast_head_json":{"title":"Le prince pour enfants Tom II r\u00eave de devenir une footballeur professionnel de la proclamation (galerie de photos) | Vie Associative","robots":{"index":"index","follow":"follow","max-snippet":"max-snippet:-1","max-image-preview":"max-image-preview:large","max-video-preview":"max-video-preview:-1"},"canonical":"https:\/\/vieassociative.be\/actualites\/le-prince-pour-enfants-tom-ii-reve-de-devenir-une-footballeur-professionnel-de-la-proclamation-galerie-de-photos\/","og_locale":"fr_FR","og_type":"article","og_title":"Le prince pour enfants Tom II r\u00eave de devenir une footballeur professionnel de la proclamation (galerie de photos) | Vie Associative","og_description":"Dimanche, sur l&rsquo;initiative du KGL. Stadtwache Gr\u00fcn-weiss Eupen 1936 La proclamation des essais pour enfants d&rsquo;Eupen de la session 2025\/2026 a eu lieu dans l&#8217;emplacement","og_url":"https:\/\/vieassociative.be\/actualites\/le-prince-pour-enfants-tom-ii-reve-de-devenir-une-footballeur-professionnel-de-la-proclamation-galerie-de-photos\/","og_site_name":"Vie Associative","article_published_time":"2025-02-10T20:17:37+00:00","og_image":[{"width":279,"height":92,"url":"https:\/\/vieassociative.be\/actualites\/wp-content\/uploads\/2024\/09\/header_backgroundk-01-e1726694325946.png","type":"image\/png"}],"author":"Julien","twitter_card":"summary_large_image","twitter_misc":{"\u00c9crit par":"Julien","Dur\u00e9e de lecture est.":"3 minutes"},"schema":{"@context":"https:\/\/schema.org","@graph":[{"@type":"Article","@id":"https:\/\/vieassociative.be\/actualites\/le-prince-pour-enfants-tom-ii-reve-de-devenir-une-footballeur-professionnel-de-la-proclamation-galerie-de-photos\/#article","isPartOf":{"@id":"https:\/\/vieassociative.be\/actualites\/le-prince-pour-enfants-tom-ii-reve-de-devenir-une-footballeur-professionnel-de-la-proclamation-galerie-de-photos\/"},"author":{"name":"Julien","@id":"https:\/\/vieassociative.be\/actualites\/#\/schema\/person\/b87ac4f82f9d4e7b7cec7395b679edc4"},"headline":"Le prince pour enfants Tom II r\u00eave de devenir une footballeur professionnel de la proclamation (galerie de photos)","datePublished":"2025-02-10T20:17:37+00:00","dateModified":"2025-02-10T20:17:37+00:00","mainEntityOfPage":{"@id":"https:\/\/vieassociative.be\/actualites\/le-prince-pour-enfants-tom-ii-reve-de-devenir-une-footballeur-professionnel-de-la-proclamation-galerie-de-photos\/"},"wordCount":637,"publisher":{"@id":"https:\/\/vieassociative.be\/actualites\/#organization"},"image":{"@id":"https:\/\/vieassociative.be\/actualites\/le-prince-pour-enfants-tom-ii-reve-de-devenir-une-footballeur-professionnel-de-la-proclamation-galerie-de-photos\/#primaryimage"},"thumbnailUrl":"https:\/\/vieassociative.be\/actualites\/wp-content\/uploads\/2025\/02\/1739218658_Le-prince-pour-enfants-Tom-II-reve-de-devenir-une.jpg","keywords":["devenir","enfants","footballeur","galerie","Photos","pour","prince","proclamation","professionnel","r\u00eave","Tom","une"],"articleSection":["Belgique"],"inLanguage":"fr-BE"},{"@type":"WebPage","@id":"https:\/\/vieassociative.be\/actualites\/le-prince-pour-enfants-tom-ii-reve-de-devenir-une-footballeur-professionnel-de-la-proclamation-galerie-de-photos\/","url":"https:\/\/vieassociative.be\/actualites\/le-prince-pour-enfants-tom-ii-reve-de-devenir-une-footballeur-professionnel-de-la-proclamation-galerie-de-photos\/","name":"Le prince pour enfants Tom II r\u00eave de devenir une footballeur professionnel de la proclamation (galerie de photos) | Vie Associative","isPartOf":{"@id":"https:\/\/vieassociative.be\/actualites\/#website"},"primaryImageOfPage":{"@id":"https:\/\/vieassociative.be\/actualites\/le-prince-pour-enfants-tom-ii-reve-de-devenir-une-footballeur-professionnel-de-la-proclamation-galerie-de-photos\/#primaryimage"},"image":{"@id":"https:\/\/vieassociative.be\/actualites\/le-prince-pour-enfants-tom-ii-reve-de-devenir-une-footballeur-professionnel-de-la-proclamation-galerie-de-photos\/#primaryimage"},"thumbnailUrl":"https:\/\/vieassociative.be\/actualites\/wp-content\/uploads\/2025\/02\/1739218658_Le-prince-pour-enfants-Tom-II-reve-de-devenir-une.jpg","datePublished":"2025-02-10T20:17:37+00:00","dateModified":"2025-02-10T20:17:37+00:00","breadcrumb":{"@id":"https:\/\/vieassociative.be\/actualites\/le-prince-pour-enfants-tom-ii-reve-de-devenir-une-footballeur-professionnel-de-la-proclamation-galerie-de-photos\/#breadcrumb"},"inLanguage":"fr-BE","potentialAction":[{"@type":"ReadAction","target":["https:\/\/vieassociative.be\/actualites\/le-prince-pour-enfants-tom-ii-reve-de-devenir-une-footballeur-professionnel-de-la-proclamation-galerie-de-photos\/"]}]},{"@type":"ImageObject","inLanguage":"fr-BE","@id":"https:\/\/vieassociative.be\/actualites\/le-prince-pour-enfants-tom-ii-reve-de-devenir-une-footballeur-professionnel-de-la-proclamation-galerie-de-photos\/#primaryimage","url":"https:\/\/vieassociative.be\/actualites\/wp-content\/uploads\/2025\/02\/1739218658_Le-prince-pour-enfants-Tom-II-reve-de-devenir-une.jpg","contentUrl":"https:\/\/vieassociative.be\/actualites\/wp-content\/uploads\/2025\/02\/1739218658_Le-prince-pour-enfants-Tom-II-reve-de-devenir-une.jpg","width":1200,"height":800,"caption":"Le prince pour enfants Tom II r\u00eave de devenir une footballeur professionnel de la proclamation (galerie de photos)"},{"@type":"BreadcrumbList","@id":"https:\/\/vieassociative.be\/actualites\/le-prince-pour-enfants-tom-ii-reve-de-devenir-une-footballeur-professionnel-de-la-proclamation-galerie-de-photos\/#breadcrumb","itemListElement":[{"@type":"ListItem","position":1,"name":"Accueil","item":"https:\/\/vieassociative.be\/actualites\/"},{"@type":"ListItem","position":2,"name":"Le prince pour enfants Tom II r\u00eave de devenir une footballeur professionnel de la proclamation (galerie de photos)"}]},{"@type":"WebSite","@id":"https:\/\/vieassociative.be\/actualites\/#website","url":"https:\/\/vieassociative.be\/actualites\/","name":"Vie Associative","description":"","publisher":{"@id":"https:\/\/vieassociative.be\/actualites\/#organization"},"potentialAction":[{"@type":"SearchAction","target":{"@type":"EntryPoint","urlTemplate":"https:\/\/vieassociative.be\/actualites\/?s={search_term_string}"},"query-input":{"@type":"PropertyValueSpecification","valueRequired":true,"valueName":"search_term_string"}}],"inLanguage":"fr-BE"},{"@type":"Organization","@id":"https:\/\/vieassociative.be\/actualites\/#organization","name":"Vie Associative","url":"https:\/\/vieassociative.be\/actualites\/","logo":{"@type":"ImageObject","inLanguage":"fr-BE","@id":"https:\/\/vieassociative.be\/actualites\/#\/schema\/logo\/image\/","url":"https:\/\/vieassociative.be\/actualites\/wp-content\/uploads\/2024\/09\/cropped-vieassociative_favicon.ico.png","contentUrl":"https:\/\/vieassociative.be\/actualites\/wp-content\/uploads\/2024\/09\/cropped-vieassociative_favicon.ico.png","width":512,"height":512,"caption":"Vie Associative"},"image":{"@id":"https:\/\/vieassociative.be\/actualites\/#\/schema\/logo\/image\/"}},{"@type":"Person","@id":"https:\/\/vieassociative.be\/actualites\/#\/schema\/person\/b87ac4f82f9d4e7b7cec7395b679edc4","name":"Julien","image":{"@type":"ImageObject","inLanguage":"fr-BE","@id":"https:\/\/vieassociative.be\/actualites\/#\/schema\/person\/image\/","url":"https:\/\/vieassociative.be\/actualites\/wp-content\/uploads\/2024\/09\/vie-associative-1-150x150.jpg","contentUrl":"https:\/\/vieassociative.be\/actualites\/wp-content\/uploads\/2024\/09\/vie-associative-1-150x150.jpg","caption":"Julien"},"description":"Je suis Julien, r\u00e9dacteur pour Vie Associative. Passionn\u00e9 par le monde associatif depuis plus de 10 ans, j'ai \u00e0 c\u0153ur de partager des histoires inspirantes et de mettre en lumi\u00e8re les initiatives locales. Mon objectif est de sensibiliser et d'encourager l'engagement communautaire \u00e0 travers mes articles.","sameAs":["https:\/\/vieassociative.be\/"]}]}},"_links":{"self":[{"href":"https:\/\/vieassociative.be\/actualites\/wp-json\/wp\/v2\/posts\/5008"}],"collection":[{"href":"https:\/\/vieassociative.be\/actualites\/wp-json\/wp\/v2\/posts"}],"about":[{"href":"https:\/\/vieassociative.be\/actualites\/wp-json\/wp\/v2\/types\/post"}],"author":[{"embeddable":true,"href":"https:\/\/vieassociative.be\/actualites\/wp-json\/wp\/v2\/users\/1"}],"replies":[{"embeddable":true,"href":"https:\/\/vieassociative.be\/actualites\/wp-json\/wp\/v2\/comments?post=5008"}],"version-history":[{"count":0,"href":"https:\/\/vieassociative.be\/actualites\/wp-json\/wp\/v2\/posts\/5008\/revisions"}],"wp:featuredmedia":[{"embeddable":true,"href":"https:\/\/vieassociative.be\/actualites\/wp-json\/wp\/v2\/media\/5009"}],"wp:attachment":[{"href":"https:\/\/vieassociative.be\/actualites\/wp-json\/wp\/v2\/media?parent=5008"}],"wp:term":[{"taxonomy":"category","embeddable":true,"href":"https:\/\/vieassociative.be\/actualites\/wp-json\/wp\/v2\/categories?post=5008"},{"taxonomy":"post_tag","embeddable":true,"href":"https:\/\/vieassociative.be\/actualites\/wp-json\/wp\/v2\/tags?post=5008"}],"curies":[{"name":"wp","href":"https:\/\/api.w.org\/{rel}","templated":true}]}}