{"id":4993,"date":"2025-02-10T08:20:06","date_gmt":"2025-02-10T07:20:06","guid":{"rendered":"https:\/\/vieassociative.be\/actualites\/utilisez-cette-application-pour-organiser-votre-propre-chronologie-personnalisee-pour-tout-internet\/"},"modified":"2025-02-10T08:20:06","modified_gmt":"2025-02-10T07:20:06","slug":"utilisez-cette-application-pour-organiser-votre-propre-chronologie-personnalisee-pour-tout-internet","status":"publish","type":"post","link":"https:\/\/vieassociative.be\/actualites\/utilisez-cette-application-pour-organiser-votre-propre-chronologie-personnalisee-pour-tout-internet\/","title":{"rendered":"Utilisez cette application pour organiser votre propre chronologie personnalis\u00e9e pour tout Internet"},"content":{"rendered":"<div class=\"mt-4 leading-6 md:mb-8\">Cr\u00e9ez votre propre coin confortable du Web.<\/div>\n<p><\/p>\n<p>Aussi pratique que soit Internet, lorsque les grandes entreprises technologiques poursuivent une croissance sans fin, cela peut signifier le ballonnement. De nos jours, il a l&rsquo;impression que chaque entreprise veut m&rsquo;attirer dans un pi\u00e8ge d&rsquo;algorithme, me convaincre d&rsquo;utiliser leurs services d&rsquo;IA ou d&rsquo;essayer de me faire payer une prime pour parcourir comme je le faisais. L&rsquo;un de mes outils pr\u00e9f\u00e9r\u00e9s pour lutter contre ces tendances est la tapisserie. Il s&rsquo;agit d&rsquo;une application de chronologie pour iPhone et iPad qui vous permet de combiner plusieurs flux \u00e0 partir de blogs, YouTube, de podcasts et de m\u00e9dias sociaux, puis de les voir dans l&rsquo;ordre chronologique, avec une belle interface. Essentiellement, vous pouvez l&rsquo;utiliser pour faire votre propre version organis\u00e9e de (presque) l&rsquo;ensemble de l&rsquo;Internet.<\/p>\n<p>Tapestry est con\u00e7u par l&rsquo;iconfactory, qui a \u00e9galement d\u00e9velopp\u00e9 l&rsquo;excellent client Twitter (mais maintenant disparu) TwitterIffic.<\/p>\n<h2 id=\"what-is-a-timeline-app\">Qu&rsquo;est-ce qu&rsquo;une application Timeline?<\/h2>\n<p>Les applications Timeline sont un nouveau genre d&rsquo;application qui vous permet de reprendre le contr\u00f4le des algorithmes de Big Tech et de d\u00e9cider ce que vous voulez voir et quand vous voulez le voir. Ces applications vous permettent de cr\u00e9er vos propres d\u00e9lais personnalis\u00e9s avec des publications de plusieurs sites Web. Vous pouvez utiliser ces applications pour suivre un blog que vous aimez, un YouTuber que vous aimez, et m\u00eame un sous-sol ou un flux de m\u00e9dias sociaux que vous aimez voir. C&rsquo;est comme utiliser un lecteur RSS, mais avec le support pour le contenu de nombreux autres types de sources. <\/p>\n<h2 id=\"making-the-most-of-tapestry-on-your-iphone\">Tirer le meilleur parti de la tapisserie sur votre iPhone<\/h2>\n<p>L&rsquo;installation de la tapisserie vous d\u00e9clenchera avec un flux d&rsquo;inscription tr\u00e8s utile. Cela vous montre une liste de divers flux recommand\u00e9s que vous pouvez ajouter \u00e0 votre chronologie avec un seul robinet, ce qui vous permet de remplir l&rsquo;application en un temps record. Si vous \u00eates en grande personnalisation, vous pouvez \u00e9galement ignorer les recommandations et ajouter manuellement vos flux \u00e0 l&rsquo;application en allant au <strong>Param\u00e8tres<\/strong> Onglet et appuyant sur le <strong>Ajouter le flux<\/strong> bouton. Apr\u00e8s cela, vous pouvez simplement coller l&rsquo;URL du site Web, de la cha\u00eene YouTube, du podcast ou du compte Mastodon \/ Bluesky que vous souhaitez suivre, et Tapestry recherchera le flux et l&rsquo;ajoutera \u00e0 votre chronologie. Il y a un peu plus que cela qui se passe dans le dos, mais la fonction de recherche de flux de Tapestry est assez bonne pour localiser et charger des flux pour vous \u00e0 partir d&rsquo;une URL simple. Une fois vos flux ajout\u00e9s, vous pourrez les voir tous dans une chronologie chronologique soign\u00e9e.<\/p>\n<p>Le niveau gratuit de l&rsquo;application est assez g\u00e9n\u00e9reux. Il vous permet d&rsquo;ajouter plusieurs flux et de les suivre tous sur une chronologie de d\u00e9filement infinie. Si vous aimez un article, appuyez sur l&rsquo;ic\u00f4ne du drapeau sous le message pour le marquer (aka les signets) ou utilisez le bouton Partager pour l&rsquo;envoyer \u00e0 vos amis ou comptes de m\u00e9dias sociaux. <\/p>\n<p>Sans abonnement, Tapestry vous montrera des annonces dans votre calendrier. Cependant, ce sont quelques-unes des publicit\u00e9s les moins intrusives que j&rsquo;ai rencontr\u00e9es. Ils suivent le langage de conception de l&rsquo;application, et la plupart des publicit\u00e9s que j&rsquo;ai vues me demandaient d&rsquo;ajouter un flux \u00e0 la tapisserie ou d&rsquo;installer une autre application. L&rsquo;application est magnifiquement con\u00e7ue et me rappelle beaucoup le meilleur de TwitterIffic. Une chronologie unifi\u00e9e peut facilement devenir tr\u00e8s d\u00e9sordonn\u00e9e, tr\u00e8s rapide, mais la tapisserie g\u00e8re bien ce codage par couleur de diverses sources et affichant en \u00e9vidence un logo pour chaque flux. Il a ramass\u00e9 les logos de deux newsletters que j&rsquo;ai \u00e9galement charg\u00e9s, ce qui est une tr\u00e8s belle touche. Vous pouvez personnaliser cette exp\u00e9rience en acc\u00e9dant \u00e0 la page Param\u00e8tres d&rsquo;apparence dans l&rsquo;application, o\u00f9 vous pouvez modifier la police et la dur\u00e9e des aper\u00e7us de la publication. Cela vous permet de rendre votre chronologie plus nette, et vous pouvez la rendre encore meilleure en appuyant sur l&rsquo;ic\u00f4ne des trois lignes dans le coin inf\u00e9rieur gauche de la chronologie. Cela vous permet de choisir diff\u00e9rentes tailles pour chaque message &#8211; je trouve que la vue effondr\u00e9e est pr\u00e9f\u00e9rable pour la navigation rapide, mais la vue \u00e9largie est meilleure pour parcourir les bulletins d&rsquo;information.<\/p>\n<div class=\"eloquent-imagery-image\">\n<div class=\"flex justify-center\">\n                    <img decoding=\"async\" class=\"border border-gray-100\" src=\"https:\/\/vieassociative.be\/actualites\/wp-content\/uploads\/2025\/02\/Utilisez-cette-application-pour-organiser-votre-propre-chronologie-personnalisee-pour.jpg\" alt=\"Lire une newsletter appel\u00e9e Advisorator in Tapestry.\" width=\"2000\" height=\"1125\" loading=\"lazy\"  >\n            <\/div>\n<\/p><\/div>\n<p>Chaque message de votre calendrier est tronqu\u00e9 par d\u00e9faut, et m\u00eame la vue \u00e9largie n&rsquo;indique que quelques paragraphes au maximum. Cependant, vous pouvez appuyer sur le <strong>En savoir plus<\/strong> Bouton sur n&rsquo;importe quel article pour le lire en entier dans une nouvelle page. Cette vue est exempte d&rsquo;annonces et d&rsquo;encombrement, se charge rapidement et l&rsquo;arri\u00e8re-plan conserve la tapisserie de couleurs qui lui est attribu\u00e9e sur votre chronologie. Tapestry propose \u00e9galement deux types de filtres pour vous aider \u00e0 nettoyer vos flux: les m\u00e9langes et les muets. Les \u00e9touffages effondrent les publications contenant des mots cl\u00e9s sp\u00e9cifiques et sont utiles lorsque vous souhaitez \u00e9viter les spoilers d&rsquo;un nouveau film ou d&rsquo;une nouvelle \u00e9mission de t\u00e9l\u00e9vision. Les Mutes masqueront les postes contenant enti\u00e8rement certains mots cl\u00e9s &#8211; grand pour bloquer la politique, les sports ou d&rsquo;autres sujets de votre flux, par exemple. <\/p>\n<p>La plus grande limitation du niveau libre de Tapestry est qu&rsquo;il vous permet d&rsquo;ajouter la seule chronologie. Vous avez acc\u00e8s \u00e0 certains filtres de chronologie qui vous permettent de visualiser les publications marqu\u00e9es, uniquement des publications d&rsquo;aujourd&rsquo;hui ou des publications \u00e0 partir d&rsquo;un seul flux \u00e0 la fois. Cependant, si vous souhaitez cr\u00e9er plus d&rsquo;un calendrier, vous devrez passer au niveau payant, qui co\u00fbte 2 $ \/ mois ou 20 $ \/ an. Il existe \u00e9galement une option de d\u00e9verrouillage \u00e0 vie \u00e0 80 $, au cas o\u00f9 vous souhaitez \u00e9viter les abonnements.<\/p>\n<p>Une fois mis \u00e0 niveau, vous ne verrez plus d&rsquo;annonces et vous pouvez cr\u00e9er autant de d\u00e9lais que vous le souhaitez. Je l&rsquo;ai utilis\u00e9 pour s\u00e9parer les flux de m\u00e9dias sociaux, les newsletters et d&rsquo;autres types de flux, mais la bonne nouvelle est que vous pouvez \u00e9laborer une chronologie pour r\u00e9pondre \u00e0 vos besoins. <\/p>\n<p>Certaines personnes pr\u00e9f\u00e9reraient combiner des articles de Bluesky et Mastodon dans un seul aliment chronologique, et la tapisserie vous permet \u00e9galement de le faire. L&rsquo;une de mes plus grandes plaintes \u00e0 propos de Bluesky est qu&rsquo;elle ne sauve pas votre position de lecture, ce qui signifie qu&rsquo;il se rafra\u00eechit en haut du flux chaque fois que j&rsquo;ouvre l&rsquo;application. Je l&rsquo;aime quand les applications se souviennent o\u00f9 j&rsquo;ai cess\u00e9 de lire, puis me permettent de faire d\u00e9filer pour rattraper tous les messages qui sont venus apr\u00e8s le dernier que j&rsquo;ai lu. Tapestry vous montre un joli compteur dans le coin sup\u00e9rieur droit, qui dit combien de messages sont au-dessus de ce que vous lisez, et cela se souvient o\u00f9 je me suis arr\u00eat\u00e9 de d\u00e9filer. C&rsquo;est id\u00e9al pour les compl\u00e9ments de timeline comme moi, et j&rsquo;utilise une tapisserie pour lire mon flux bluesky par ordre chronologique, et pour suivre quelques comptes de Bluesky.<\/p>\n<div class=\"eloquent-imagery-image\">\n<div class=\"flex justify-center\">\n                    <img decoding=\"async\" class=\"border border-gray-100\" src=\"https:\/\/vieassociative.be\/actualites\/wp-content\/uploads\/2025\/02\/1739172006_36_Utilisez-cette-application-pour-organiser-votre-propre-chronologie-personnalisee-pour.jpg\" alt=\"Filtrer votre calendrier dans la tapisserie.\" width=\"2000\" height=\"1125\" loading=\"lazy\"  >\n            <\/div>\n<\/p><\/div>\n<p>Notez que vous ne pouvez pas utiliser la tapisserie pour publier quoi que ce soit sur les r\u00e9seaux sociaux, pour aimer les publications, republier ou interagir directement avec eux. Vous pouvez appuyer sur un bouton pour ouvrir le message sur le site sur lequel il est h\u00e9berg\u00e9 et interagir avec lui. Pourtant, Tapestry est id\u00e9al pour cr\u00e9er une chronologie et lire, regarder des vid\u00e9os ou \u00e9couter des podcasts. Cette application vous permet d&rsquo;\u00e9couter des \u00e9pisodes de podcast entiers sans le quitter si vous le souhaitez, et il charge \u00e9galement des vid\u00e9os YouTube dans le propre joueur de l&rsquo;entreprise. C&rsquo;est une exp\u00e9rience assez transparente si vous voulez suivre quelques-uns de vos cr\u00e9ateurs pr\u00e9f\u00e9r\u00e9s. Vous allez le plus appr\u00e9cier la tapisserie si vous faites attention aux aliments que vous ajoutez. Si vous ajoutez un fil d&rsquo;actualit\u00e9s \u00e0 volume \u00e9lev\u00e9, il pourrait noyer les flux basse fr\u00e9quence, mais si vous trouvez le bon \u00e9quilibre, cela pourrait devenir votre propre coin confortable du Web.<\/p>\n<p>L&rsquo;iconfactory a livr\u00e9 une application tr\u00e8s polie compte tenu de la version 1.0 \u00e0 ce stade. Je suis ravi de voir o\u00f9 va Tapestry et j&rsquo;esp\u00e8re qu&rsquo;il se dirige vers le bureau \u00e0 un moment donn\u00e9. Pour le moment, il n&rsquo;y a pas trop d&rsquo;applications de chronologie qui font le travail que fait la tapisserie. La meilleure alternative que j&rsquo;ai rencontr\u00e9e est Reeder, qui est une autre application Timeline magnifiquement con\u00e7ue avec un ensemble de fonctionnalit\u00e9s et un mod\u00e8le de tarification similaires. Id\u00e9alement, vous essayerez les deux applications et d\u00e9ciderez laquelle vous convient le mieux, et je soup\u00e7onne que la d\u00e9cision reviendra sur le langage de conception que vous aimez le plus. La conception brillante et color\u00e9e de Tapestry me fait appel, tandis que d&rsquo;autres peuvent pr\u00e9f\u00e9rer les tons et les animations plus subtiles de Reeder. <\/p>\n","protected":false},"excerpt":{"rendered":"<p>Cr\u00e9ez votre propre coin confortable du Web. Aussi pratique que soit Internet, lorsque les grandes entreprises technologiques poursuivent une croissance sans fin, cela peut signifier<\/p>\n","protected":false},"author":1,"featured_media":4994,"comment_status":"","ping_status":"","sticky":false,"template":"","format":"standard","meta":{"footnotes":""},"categories":[13],"tags":[1277,206,5263,4066,5262,5264,81,2292,236,105,8],"class_list":["post-4993","post","type-post","status-publish","format-standard","has-post-thumbnail","hentry","category-technologie","tag-application","tag-cette","tag-chronologie","tag-internet","tag-organiser","tag-personnalisee","tag-pour","tag-propre","tag-tout","tag-utilisez","tag-votre","generate-columns","tablet-grid-50","mobile-grid-100","grid-parent","grid-33"],"yoast_head":"<!-- This site is optimized with the Yoast SEO plugin v24.0 - https:\/\/yoast.com\/wordpress\/plugins\/seo\/ -->\n<title>Utilisez cette application pour organiser votre propre chronologie personnalis\u00e9e pour tout Internet | Vie Associative<\/title>\n<meta name=\"robots\" content=\"index, follow, max-snippet:-1, max-image-preview:large, max-video-preview:-1\" \/>\n<link rel=\"canonical\" href=\"https:\/\/vieassociative.be\/actualites\/utilisez-cette-application-pour-organiser-votre-propre-chronologie-personnalisee-pour-tout-internet\/\" \/>\n<meta property=\"og:locale\" content=\"fr_FR\" \/>\n<meta property=\"og:type\" content=\"article\" \/>\n<meta property=\"og:title\" content=\"Utilisez cette application pour organiser votre propre chronologie personnalis\u00e9e pour tout Internet | Vie Associative\" \/>\n<meta property=\"og:description\" content=\"Cr\u00e9ez votre propre coin confortable du Web. Aussi pratique que soit Internet, lorsque les grandes entreprises technologiques poursuivent une croissance sans fin, cela peut signifier\" \/>\n<meta property=\"og:url\" content=\"https:\/\/vieassociative.be\/actualites\/utilisez-cette-application-pour-organiser-votre-propre-chronologie-personnalisee-pour-tout-internet\/\" \/>\n<meta property=\"og:site_name\" content=\"Vie Associative\" \/>\n<meta property=\"article:published_time\" content=\"2025-02-10T07:20:06+00:00\" \/>\n<meta property=\"og:image\" content=\"https:\/\/vieassociative.be\/actualites\/wp-content\/uploads\/2025\/02\/Utilisez-cette-application-pour-organiser-votre-propre-chronologie-personnalisee-pour.jpg\" \/>\n<meta name=\"author\" content=\"Julien\" \/>\n<meta name=\"twitter:card\" content=\"summary_large_image\" \/>\n<meta name=\"twitter:label1\" content=\"\u00c9crit par\" \/>\n\t<meta name=\"twitter:data1\" content=\"Julien\" \/>\n\t<meta name=\"twitter:label2\" content=\"Dur\u00e9e de lecture est.\" \/>\n\t<meta name=\"twitter:data2\" content=\"8 minutes\" \/>\n<script type=\"application\/ld+json\" class=\"yoast-schema-graph\">{\"@context\":\"https:\/\/schema.org\",\"@graph\":[{\"@type\":\"Article\",\"@id\":\"https:\/\/vieassociative.be\/actualites\/utilisez-cette-application-pour-organiser-votre-propre-chronologie-personnalisee-pour-tout-internet\/#article\",\"isPartOf\":{\"@id\":\"https:\/\/vieassociative.be\/actualites\/utilisez-cette-application-pour-organiser-votre-propre-chronologie-personnalisee-pour-tout-internet\/\"},\"author\":{\"name\":\"Julien\",\"@id\":\"https:\/\/vieassociative.be\/actualites\/#\/schema\/person\/b87ac4f82f9d4e7b7cec7395b679edc4\"},\"headline\":\"Utilisez cette application pour organiser votre propre chronologie personnalis\u00e9e pour tout Internet\",\"datePublished\":\"2025-02-10T07:20:06+00:00\",\"dateModified\":\"2025-02-10T07:20:06+00:00\",\"mainEntityOfPage\":{\"@id\":\"https:\/\/vieassociative.be\/actualites\/utilisez-cette-application-pour-organiser-votre-propre-chronologie-personnalisee-pour-tout-internet\/\"},\"wordCount\":1597,\"publisher\":{\"@id\":\"https:\/\/vieassociative.be\/actualites\/#organization\"},\"image\":{\"@id\":\"https:\/\/vieassociative.be\/actualites\/utilisez-cette-application-pour-organiser-votre-propre-chronologie-personnalisee-pour-tout-internet\/#primaryimage\"},\"thumbnailUrl\":\"https:\/\/vieassociative.be\/actualites\/wp-content\/uploads\/2025\/02\/1739172007_Utilisez-cette-application-pour-organiser-votre-propre-chronologie-personnalisee-pour.jpg\",\"keywords\":[\"application\",\"cette\",\"chronologie\",\"Internet\",\"organiser\",\"personnalis\u00e9e\",\"pour\",\"propre\",\"tout\",\"Utilisez\",\"votre\"],\"articleSection\":[\"Technologie\"],\"inLanguage\":\"fr-BE\"},{\"@type\":\"WebPage\",\"@id\":\"https:\/\/vieassociative.be\/actualites\/utilisez-cette-application-pour-organiser-votre-propre-chronologie-personnalisee-pour-tout-internet\/\",\"url\":\"https:\/\/vieassociative.be\/actualites\/utilisez-cette-application-pour-organiser-votre-propre-chronologie-personnalisee-pour-tout-internet\/\",\"name\":\"Utilisez cette application pour organiser votre propre chronologie personnalis\u00e9e pour tout Internet | Vie Associative\",\"isPartOf\":{\"@id\":\"https:\/\/vieassociative.be\/actualites\/#website\"},\"primaryImageOfPage\":{\"@id\":\"https:\/\/vieassociative.be\/actualites\/utilisez-cette-application-pour-organiser-votre-propre-chronologie-personnalisee-pour-tout-internet\/#primaryimage\"},\"image\":{\"@id\":\"https:\/\/vieassociative.be\/actualites\/utilisez-cette-application-pour-organiser-votre-propre-chronologie-personnalisee-pour-tout-internet\/#primaryimage\"},\"thumbnailUrl\":\"https:\/\/vieassociative.be\/actualites\/wp-content\/uploads\/2025\/02\/1739172007_Utilisez-cette-application-pour-organiser-votre-propre-chronologie-personnalisee-pour.jpg\",\"datePublished\":\"2025-02-10T07:20:06+00:00\",\"dateModified\":\"2025-02-10T07:20:06+00:00\",\"breadcrumb\":{\"@id\":\"https:\/\/vieassociative.be\/actualites\/utilisez-cette-application-pour-organiser-votre-propre-chronologie-personnalisee-pour-tout-internet\/#breadcrumb\"},\"inLanguage\":\"fr-BE\",\"potentialAction\":[{\"@type\":\"ReadAction\",\"target\":[\"https:\/\/vieassociative.be\/actualites\/utilisez-cette-application-pour-organiser-votre-propre-chronologie-personnalisee-pour-tout-internet\/\"]}]},{\"@type\":\"ImageObject\",\"inLanguage\":\"fr-BE\",\"@id\":\"https:\/\/vieassociative.be\/actualites\/utilisez-cette-application-pour-organiser-votre-propre-chronologie-personnalisee-pour-tout-internet\/#primaryimage\",\"url\":\"https:\/\/vieassociative.be\/actualites\/wp-content\/uploads\/2025\/02\/1739172007_Utilisez-cette-application-pour-organiser-votre-propre-chronologie-personnalisee-pour.jpg\",\"contentUrl\":\"https:\/\/vieassociative.be\/actualites\/wp-content\/uploads\/2025\/02\/1739172007_Utilisez-cette-application-pour-organiser-votre-propre-chronologie-personnalisee-pour.jpg\",\"width\":1200,\"height\":675,\"caption\":\"Utilisez cette application pour organiser votre propre chronologie personnalis\u00e9e pour tout Internet\"},{\"@type\":\"BreadcrumbList\",\"@id\":\"https:\/\/vieassociative.be\/actualites\/utilisez-cette-application-pour-organiser-votre-propre-chronologie-personnalisee-pour-tout-internet\/#breadcrumb\",\"itemListElement\":[{\"@type\":\"ListItem\",\"position\":1,\"name\":\"Accueil\",\"item\":\"https:\/\/vieassociative.be\/actualites\/\"},{\"@type\":\"ListItem\",\"position\":2,\"name\":\"Utilisez cette application pour organiser votre propre chronologie personnalis\u00e9e pour tout Internet\"}]},{\"@type\":\"WebSite\",\"@id\":\"https:\/\/vieassociative.be\/actualites\/#website\",\"url\":\"https:\/\/vieassociative.be\/actualites\/\",\"name\":\"Vie Associative\",\"description\":\"\",\"publisher\":{\"@id\":\"https:\/\/vieassociative.be\/actualites\/#organization\"},\"potentialAction\":[{\"@type\":\"SearchAction\",\"target\":{\"@type\":\"EntryPoint\",\"urlTemplate\":\"https:\/\/vieassociative.be\/actualites\/?s={search_term_string}\"},\"query-input\":{\"@type\":\"PropertyValueSpecification\",\"valueRequired\":true,\"valueName\":\"search_term_string\"}}],\"inLanguage\":\"fr-BE\"},{\"@type\":\"Organization\",\"@id\":\"https:\/\/vieassociative.be\/actualites\/#organization\",\"name\":\"Vie Associative\",\"url\":\"https:\/\/vieassociative.be\/actualites\/\",\"logo\":{\"@type\":\"ImageObject\",\"inLanguage\":\"fr-BE\",\"@id\":\"https:\/\/vieassociative.be\/actualites\/#\/schema\/logo\/image\/\",\"url\":\"https:\/\/vieassociative.be\/actualites\/wp-content\/uploads\/2024\/09\/cropped-vieassociative_favicon.ico.png\",\"contentUrl\":\"https:\/\/vieassociative.be\/actualites\/wp-content\/uploads\/2024\/09\/cropped-vieassociative_favicon.ico.png\",\"width\":512,\"height\":512,\"caption\":\"Vie Associative\"},\"image\":{\"@id\":\"https:\/\/vieassociative.be\/actualites\/#\/schema\/logo\/image\/\"}},{\"@type\":\"Person\",\"@id\":\"https:\/\/vieassociative.be\/actualites\/#\/schema\/person\/b87ac4f82f9d4e7b7cec7395b679edc4\",\"name\":\"Julien\",\"image\":{\"@type\":\"ImageObject\",\"inLanguage\":\"fr-BE\",\"@id\":\"https:\/\/vieassociative.be\/actualites\/#\/schema\/person\/image\/\",\"url\":\"https:\/\/vieassociative.be\/actualites\/wp-content\/uploads\/2024\/09\/vie-associative-1-150x150.jpg\",\"contentUrl\":\"https:\/\/vieassociative.be\/actualites\/wp-content\/uploads\/2024\/09\/vie-associative-1-150x150.jpg\",\"caption\":\"Julien\"},\"description\":\"Je suis Julien, r\u00e9dacteur pour Vie Associative. Passionn\u00e9 par le monde associatif depuis plus de 10 ans, j'ai \u00e0 c\u0153ur de partager des histoires inspirantes et de mettre en lumi\u00e8re les initiatives locales. Mon objectif est de sensibiliser et d'encourager l'engagement communautaire \u00e0 travers mes articles.\",\"sameAs\":[\"https:\/\/vieassociative.be\/\"]}]}<\/script>\n<!-- \/ Yoast SEO plugin. -->","yoast_head_json":{"title":"Utilisez cette application pour organiser votre propre chronologie personnalis\u00e9e pour tout Internet | Vie Associative","robots":{"index":"index","follow":"follow","max-snippet":"max-snippet:-1","max-image-preview":"max-image-preview:large","max-video-preview":"max-video-preview:-1"},"canonical":"https:\/\/vieassociative.be\/actualites\/utilisez-cette-application-pour-organiser-votre-propre-chronologie-personnalisee-pour-tout-internet\/","og_locale":"fr_FR","og_type":"article","og_title":"Utilisez cette application pour organiser votre propre chronologie personnalis\u00e9e pour tout Internet | Vie Associative","og_description":"Cr\u00e9ez votre propre coin confortable du Web. Aussi pratique que soit Internet, lorsque les grandes entreprises technologiques poursuivent une croissance sans fin, cela peut signifier","og_url":"https:\/\/vieassociative.be\/actualites\/utilisez-cette-application-pour-organiser-votre-propre-chronologie-personnalisee-pour-tout-internet\/","og_site_name":"Vie Associative","article_published_time":"2025-02-10T07:20:06+00:00","og_image":[{"url":"https:\/\/vieassociative.be\/actualites\/wp-content\/uploads\/2025\/02\/Utilisez-cette-application-pour-organiser-votre-propre-chronologie-personnalisee-pour.jpg","type":"","width":"","height":""}],"author":"Julien","twitter_card":"summary_large_image","twitter_misc":{"\u00c9crit par":"Julien","Dur\u00e9e de lecture est.":"8 minutes"},"schema":{"@context":"https:\/\/schema.org","@graph":[{"@type":"Article","@id":"https:\/\/vieassociative.be\/actualites\/utilisez-cette-application-pour-organiser-votre-propre-chronologie-personnalisee-pour-tout-internet\/#article","isPartOf":{"@id":"https:\/\/vieassociative.be\/actualites\/utilisez-cette-application-pour-organiser-votre-propre-chronologie-personnalisee-pour-tout-internet\/"},"author":{"name":"Julien","@id":"https:\/\/vieassociative.be\/actualites\/#\/schema\/person\/b87ac4f82f9d4e7b7cec7395b679edc4"},"headline":"Utilisez cette application pour organiser votre propre chronologie personnalis\u00e9e pour tout Internet","datePublished":"2025-02-10T07:20:06+00:00","dateModified":"2025-02-10T07:20:06+00:00","mainEntityOfPage":{"@id":"https:\/\/vieassociative.be\/actualites\/utilisez-cette-application-pour-organiser-votre-propre-chronologie-personnalisee-pour-tout-internet\/"},"wordCount":1597,"publisher":{"@id":"https:\/\/vieassociative.be\/actualites\/#organization"},"image":{"@id":"https:\/\/vieassociative.be\/actualites\/utilisez-cette-application-pour-organiser-votre-propre-chronologie-personnalisee-pour-tout-internet\/#primaryimage"},"thumbnailUrl":"https:\/\/vieassociative.be\/actualites\/wp-content\/uploads\/2025\/02\/1739172007_Utilisez-cette-application-pour-organiser-votre-propre-chronologie-personnalisee-pour.jpg","keywords":["application","cette","chronologie","Internet","organiser","personnalis\u00e9e","pour","propre","tout","Utilisez","votre"],"articleSection":["Technologie"],"inLanguage":"fr-BE"},{"@type":"WebPage","@id":"https:\/\/vieassociative.be\/actualites\/utilisez-cette-application-pour-organiser-votre-propre-chronologie-personnalisee-pour-tout-internet\/","url":"https:\/\/vieassociative.be\/actualites\/utilisez-cette-application-pour-organiser-votre-propre-chronologie-personnalisee-pour-tout-internet\/","name":"Utilisez cette application pour organiser votre propre chronologie personnalis\u00e9e pour tout Internet | Vie Associative","isPartOf":{"@id":"https:\/\/vieassociative.be\/actualites\/#website"},"primaryImageOfPage":{"@id":"https:\/\/vieassociative.be\/actualites\/utilisez-cette-application-pour-organiser-votre-propre-chronologie-personnalisee-pour-tout-internet\/#primaryimage"},"image":{"@id":"https:\/\/vieassociative.be\/actualites\/utilisez-cette-application-pour-organiser-votre-propre-chronologie-personnalisee-pour-tout-internet\/#primaryimage"},"thumbnailUrl":"https:\/\/vieassociative.be\/actualites\/wp-content\/uploads\/2025\/02\/1739172007_Utilisez-cette-application-pour-organiser-votre-propre-chronologie-personnalisee-pour.jpg","datePublished":"2025-02-10T07:20:06+00:00","dateModified":"2025-02-10T07:20:06+00:00","breadcrumb":{"@id":"https:\/\/vieassociative.be\/actualites\/utilisez-cette-application-pour-organiser-votre-propre-chronologie-personnalisee-pour-tout-internet\/#breadcrumb"},"inLanguage":"fr-BE","potentialAction":[{"@type":"ReadAction","target":["https:\/\/vieassociative.be\/actualites\/utilisez-cette-application-pour-organiser-votre-propre-chronologie-personnalisee-pour-tout-internet\/"]}]},{"@type":"ImageObject","inLanguage":"fr-BE","@id":"https:\/\/vieassociative.be\/actualites\/utilisez-cette-application-pour-organiser-votre-propre-chronologie-personnalisee-pour-tout-internet\/#primaryimage","url":"https:\/\/vieassociative.be\/actualites\/wp-content\/uploads\/2025\/02\/1739172007_Utilisez-cette-application-pour-organiser-votre-propre-chronologie-personnalisee-pour.jpg","contentUrl":"https:\/\/vieassociative.be\/actualites\/wp-content\/uploads\/2025\/02\/1739172007_Utilisez-cette-application-pour-organiser-votre-propre-chronologie-personnalisee-pour.jpg","width":1200,"height":675,"caption":"Utilisez cette application pour organiser votre propre chronologie personnalis\u00e9e pour tout Internet"},{"@type":"BreadcrumbList","@id":"https:\/\/vieassociative.be\/actualites\/utilisez-cette-application-pour-organiser-votre-propre-chronologie-personnalisee-pour-tout-internet\/#breadcrumb","itemListElement":[{"@type":"ListItem","position":1,"name":"Accueil","item":"https:\/\/vieassociative.be\/actualites\/"},{"@type":"ListItem","position":2,"name":"Utilisez cette application pour organiser votre propre chronologie personnalis\u00e9e pour tout Internet"}]},{"@type":"WebSite","@id":"https:\/\/vieassociative.be\/actualites\/#website","url":"https:\/\/vieassociative.be\/actualites\/","name":"Vie Associative","description":"","publisher":{"@id":"https:\/\/vieassociative.be\/actualites\/#organization"},"potentialAction":[{"@type":"SearchAction","target":{"@type":"EntryPoint","urlTemplate":"https:\/\/vieassociative.be\/actualites\/?s={search_term_string}"},"query-input":{"@type":"PropertyValueSpecification","valueRequired":true,"valueName":"search_term_string"}}],"inLanguage":"fr-BE"},{"@type":"Organization","@id":"https:\/\/vieassociative.be\/actualites\/#organization","name":"Vie Associative","url":"https:\/\/vieassociative.be\/actualites\/","logo":{"@type":"ImageObject","inLanguage":"fr-BE","@id":"https:\/\/vieassociative.be\/actualites\/#\/schema\/logo\/image\/","url":"https:\/\/vieassociative.be\/actualites\/wp-content\/uploads\/2024\/09\/cropped-vieassociative_favicon.ico.png","contentUrl":"https:\/\/vieassociative.be\/actualites\/wp-content\/uploads\/2024\/09\/cropped-vieassociative_favicon.ico.png","width":512,"height":512,"caption":"Vie Associative"},"image":{"@id":"https:\/\/vieassociative.be\/actualites\/#\/schema\/logo\/image\/"}},{"@type":"Person","@id":"https:\/\/vieassociative.be\/actualites\/#\/schema\/person\/b87ac4f82f9d4e7b7cec7395b679edc4","name":"Julien","image":{"@type":"ImageObject","inLanguage":"fr-BE","@id":"https:\/\/vieassociative.be\/actualites\/#\/schema\/person\/image\/","url":"https:\/\/vieassociative.be\/actualites\/wp-content\/uploads\/2024\/09\/vie-associative-1-150x150.jpg","contentUrl":"https:\/\/vieassociative.be\/actualites\/wp-content\/uploads\/2024\/09\/vie-associative-1-150x150.jpg","caption":"Julien"},"description":"Je suis Julien, r\u00e9dacteur pour Vie Associative. Passionn\u00e9 par le monde associatif depuis plus de 10 ans, j'ai \u00e0 c\u0153ur de partager des histoires inspirantes et de mettre en lumi\u00e8re les initiatives locales. Mon objectif est de sensibiliser et d'encourager l'engagement communautaire \u00e0 travers mes articles.","sameAs":["https:\/\/vieassociative.be\/"]}]}},"_links":{"self":[{"href":"https:\/\/vieassociative.be\/actualites\/wp-json\/wp\/v2\/posts\/4993"}],"collection":[{"href":"https:\/\/vieassociative.be\/actualites\/wp-json\/wp\/v2\/posts"}],"about":[{"href":"https:\/\/vieassociative.be\/actualites\/wp-json\/wp\/v2\/types\/post"}],"author":[{"embeddable":true,"href":"https:\/\/vieassociative.be\/actualites\/wp-json\/wp\/v2\/users\/1"}],"replies":[{"embeddable":true,"href":"https:\/\/vieassociative.be\/actualites\/wp-json\/wp\/v2\/comments?post=4993"}],"version-history":[{"count":0,"href":"https:\/\/vieassociative.be\/actualites\/wp-json\/wp\/v2\/posts\/4993\/revisions"}],"wp:featuredmedia":[{"embeddable":true,"href":"https:\/\/vieassociative.be\/actualites\/wp-json\/wp\/v2\/media\/4994"}],"wp:attachment":[{"href":"https:\/\/vieassociative.be\/actualites\/wp-json\/wp\/v2\/media?parent=4993"}],"wp:term":[{"taxonomy":"category","embeddable":true,"href":"https:\/\/vieassociative.be\/actualites\/wp-json\/wp\/v2\/categories?post=4993"},{"taxonomy":"post_tag","embeddable":true,"href":"https:\/\/vieassociative.be\/actualites\/wp-json\/wp\/v2\/tags?post=4993"}],"curies":[{"name":"wp","href":"https:\/\/api.w.org\/{rel}","templated":true}]}}