{"id":4990,"date":"2025-02-10T03:24:21","date_gmt":"2025-02-10T02:24:21","guid":{"rendered":"https:\/\/vieassociative.be\/actualites\/le-bas-suivant-suit-apres-lascenseur-comme-eupen-a-decu-contre-lierse-et-recueille-la-defaite-1-3\/"},"modified":"2025-02-10T03:24:21","modified_gmt":"2025-02-10T02:24:21","slug":"le-bas-suivant-suit-apres-lascenseur-comme-eupen-a-decu-contre-lierse-et-recueille-la-defaite-1-3","status":"publish","type":"post","link":"https:\/\/vieassociative.be\/actualites\/le-bas-suivant-suit-apres-lascenseur-comme-eupen-a-decu-contre-lierse-et-recueille-la-defaite-1-3\/","title":{"rendered":"Le bas suivant suit apr\u00e8s l&rsquo;ascenseur: comme Eupen a d\u00e9\u00e7u contre Lierse et recueille la d\u00e9faite 1: 3"},"content":{"rendered":"<p><strong>L&rsquo;As Eupen n&rsquo;a pas r\u00e9ussi \u00e0 ajouter apr\u00e8s une victoire. Le noir et blanc a perdu dimanche contre Lierse SK 1: 3.<\/strong><\/p>\n<p><span id=\"more-407794\"><\/span>Le As Eupen avait toujours une facture avec le Lierse SK, qui \u00e9tait invit\u00e9 \u00e0 un coup d&rsquo;envoi inhabituel (13h30) au stade Kehrweg dimanche. Dans la d\u00e9faite 0: 3 dans le stade Herman Vanderpoorten \u00e0 Lier le 21 septembre 2024, le noir et blanc a peut-\u00eatre livr\u00e9 leur pire match jusqu&rsquo;\u00e0 pr\u00e9sent.<\/p>\n<p>Sur les quatre nouveaux ajouts, leurs trois \u00e9taient au moins en tant que substituts. Alors que Wedingo et Plastun se sont assis sur la banque de remplacement, Ejike \u00e9tait dans le onze de d\u00e9part, qui s&rsquo;est pr\u00e9sent\u00e9 comme suit: Renner-Van Genecht, Gorenc, Paeshuyse, Alloh-Baiye, Niang, Caliskan, Charles-Cook-Ejike, Gedikli.<\/p>\n<div id=\"attachment_334114\" class=\"wp-caption alignleft\" style=\"max-width: 300px\"><img fetchpriority=\"high\" decoding=\"async\" class=\"wp-image-334114 size-medium\" src=\"https:\/\/vieassociative.be\/actualites\/wp-content\/uploads\/2024\/10\/Defaite-a-domicile-contre-le-bas-de-tableau-lAS-Eupen.jpeg\" alt=\"\" width=\"300\" height=\"200\"  ><\/p>\n<p class=\"wp-caption-text\">L&rsquo;attaquant d&rsquo;Eupen, Regan Charles-Cook, a marqu\u00e9 l&rsquo;\u00e9galiseur \u00e0 1-1, mais a d\u00fb descendre du terrain peu avant la fin de la premi\u00e8re mi-temps. Photo: Belga<\/p>\n<\/div>\n<p>La rencontre a commenc\u00e9 \u00e9trange, car apr\u00e8s moins d&rsquo;une minute de la saison, Eupens Van Genechen \u00e9tait d\u00e9j\u00e0 dans le pass\u00e9 \u00e0 cause d&rsquo;un tacle dangereux. L&rsquo;arri\u00e8re droit de As peut avoir \u00e9t\u00e9 quelque peu trop motiv\u00e9 contre son ex-club.<\/p>\n<p>Les invit\u00e9s ont eu la premi\u00e8re chance de Kireev, mais avec le tir du tir en tant que gardien Renner n&rsquo;a eu aucun probl\u00e8me. Lierse a r\u00e9ussi le mieux. \u00c0 la 17e minute, Renner a \u00e9galement fait une erreur catastrophique lorsqu&rsquo;il a tir\u00e9 le ballon directement dans les pieds d&rsquo;un attaquant de Lierse. Heureusement, les invit\u00e9s n&rsquo;ont pas pu utiliser l&rsquo;erreur.<\/p>\n<p>La prochaine erreur, cependant, a connu des \u00e9pisodes pires: \u00e0 la 29e minute, Eupens Niang a jou\u00e9 le ballon directement dans les pieds de Kireev, qui a imm\u00e9diatement d\u00e9coll\u00e9 et n&rsquo;a donn\u00e9 aucune chance \u00e0 Renner, 0-1.<\/p>\n<p>Heureusement, l&rsquo;\u00e9quipe d&rsquo;Eupen n&rsquo;a pas besoin d&rsquo;\u00eatre ennuy\u00e9e depuis longtemps, car deux minutes seulement apr\u00e8s la direction de Liers, Kerf, qui a \u00e9t\u00e9 sous-d\u00e9pass\u00e9e par Charles-Cook, a couvert le ballon dans sa propre surface de p\u00e9nalit\u00e9, qui a utilis\u00e9 le num\u00e9ro 10 d&rsquo;Eupen pour atteindre la compensation , 1: 1.<\/p>\n<p>Le marqueur de but Charles-Cook ne devrait pas pouvoir profiter de son objectif pendant longtemps, car \u00e0 la 41e minute, il est parti bless\u00e9. Les D\u00e9om sont venus pour lui. Mais il est rest\u00e9 1-1 jusqu&rsquo;\u00e0 la pause sifflement.<\/p>\n<\/p>\n<div id=\"attachment_401490\" class=\"wp-caption alignleft\" style=\"max-width: 300px\"><img decoding=\"async\" class=\"wp-image-401490 size-medium\" src=\"https:\/\/vieassociative.be\/actualites\/wp-content\/uploads\/2024\/11\/Desespere-lAS-Eupen-perd-04-alors-quil-est-en-inferiorite.jpg\" alt=\"\" width=\"300\" height=\"200\"  ><\/p>\n<p class=\"wp-caption-text\">En tant que d\u00e9fenseur Jan Gorenc. Photo: Belga<\/p>\n<\/div>\n<p>Au deuxi\u00e8me mi-temps, il y a eu un autre changement du c\u00f4t\u00e9 de l&rsquo;Eupen: pour Niang, qui \u00e9tait un facteur d&rsquo;incertitude au premier tour, Keita est venue. Le SK Lierse a \u00e9galement pris le meilleur d\u00e9part, car \u00e0 la 49e minute, les joueurs des invit\u00e9s ont jou\u00e9 le ballon avec facilit\u00e9. Les Claes ont couronn\u00e9 la promenade \u00e0 travers la d\u00e9fensive de l&rsquo;Eupen avec l&rsquo;objectif de 1: 2.<\/p>\n<p>Pire encore: \u00e0 la 54e minute, Kireev a pr\u00e9valu \u00e0 droite avec Gorenc et Alloh et a flanqu\u00e9 dans la petite zone de p\u00e9nalit\u00e9, o\u00f9 Daguin n&rsquo;a eu aucun mal \u00e0 transporter le ballon vers 1: 3 sur la ligne de but.<\/p>\n<p>\u00c0 la 61e minute, le gardien de but de Lierse a emp\u00each\u00e9 l&rsquo;objectif d&rsquo;Eupen Connection. Ensuite, il y a eu un double changement \u00e0 l&rsquo;AS: Emond et Patnama sont venus pour Alloh et Caliskan. Le suivi suivant pour les h\u00f4tes a suivi \u00e0 la 79e minute, car apr\u00e8s deux cartons jaunes en quelques minutes, Keita a vol\u00e9 le carr\u00e9.<\/p>\n<p>Les joueurs AS ont essay\u00e9 de trouver la correction des r\u00e9sultats dans la phase finale, mais il est rest\u00e9 dans le d\u00e9cevant 1: 3. Les joueurs de Lierse ont c\u00e9l\u00e9br\u00e9 cette victoire apr\u00e8s le coup de sifflet final avec leurs nombreux fans.<\/p>\n<p>L&rsquo;AS rencontre maintenant deux \u00e9quipes U23: seulement loin de Jong Genk puis dans le stade Kehrweg contre les contrats \u00e0 terme Anderlecht. (Cre)<\/p>\n<p><em><strong>Sur le sujet, voir \u00e9galement l&rsquo;article suivant sur OD:<\/strong><\/em><\/p>\n<div class=\"responsive-embed widescreen\">\n<blockquote class=\"wp-embedded-content\" data-secret=\"aDtKeMJRzq\">\n<p>Renforcement sur le Kehrweg: Apr\u00e8s Wedingo et Ejike, comme Eupen obtient Plastun et Hendrickx<\/p>\n<\/blockquote>\n<p><iframe loading=\"lazy\" class=\"wp-embedded-content\" sandbox=\"allow-scripts\" security=\"restricted\" style=\"position: absolute; visibility: hidden;\" title=\"\u201eVerst\u00e4rkung am Kehrweg: Nach Wedingo und Ejike holt die AS Eupen Plastun und Hendrickx\u201c \u2014 Ostbelgien Direkt\" src=\"https:\/\/ostbelgiendirekt.be\/about:blank\" data-secret=\"aDtKeMJRzq\" width=\"500\" height=\"282\" frameborder=\"0\" marginwidth=\"0\" marginheight=\"0\" scrolling=\"no\" data-rocket-lazyload=\"fitvidscompatible\" data-lazy-src=\"https:\/\/ostbelgiendirekt.be\/verstaerkung-am-kehrweg-407560\/embed#?secret=QyH1sZxZ9T#?secret=aDtKeMJRzq\"><\/iframe><noscript><iframe class=\"wp-embedded-content\" sandbox=\"allow-scripts\" security=\"restricted\" style=\"position: absolute; visibility: hidden;\" title=\"\u201eVerst\u00e4rkung am Kehrweg: Nach Wedingo und Ejike holt die AS Eupen Plastun und Hendrickx\u201c \u2014 Ostbelgien Direkt\" src=\"https:\/\/ostbelgiendirekt.be\/verstaerkung-am-kehrweg-407560\/embed#?secret=QyH1sZxZ9T#?secret=aDtKeMJRzq\" data-secret=\"aDtKeMJRzq\" width=\"500\" height=\"282\" frameborder=\"0\" marginwidth=\"0\" marginheight=\"0\" scrolling=\"no\"><\/iframe><\/noscript><\/p>\n<\/div>\n","protected":false},"excerpt":{"rendered":"<p>L&rsquo;As Eupen n&rsquo;a pas r\u00e9ussi \u00e0 ajouter apr\u00e8s une victoire. Le noir et blanc a perdu dimanche contre Lierse SK 1: 3. Le As Eupen<\/p>\n","protected":false},"author":1,"featured_media":4991,"comment_status":"","ping_status":"","sticky":false,"template":"","format":"standard","meta":{"footnotes":""},"categories":[298],"tags":[472,700,1254,796,5260,2350,2329,5259,5250,5261,5258,5257],"class_list":["post-4990","post","type-post","status-publish","format-standard","has-post-thumbnail","hentry","category-belgique","tag-apres","tag-bas","tag-comme","tag-contre","tag-decu","tag-defaite","tag-eupen","tag-lascenseur","tag-lierse","tag-recueille","tag-suit","tag-suivant","generate-columns","tablet-grid-50","mobile-grid-100","grid-parent","grid-33"],"yoast_head":"<!-- This site is optimized with the Yoast SEO plugin v24.0 - https:\/\/yoast.com\/wordpress\/plugins\/seo\/ -->\n<title>Le bas suivant suit apr\u00e8s l&#039;ascenseur: comme Eupen a d\u00e9\u00e7u contre Lierse et recueille la d\u00e9faite 1: 3 | Vie Associative<\/title>\n<meta name=\"robots\" content=\"index, follow, max-snippet:-1, max-image-preview:large, max-video-preview:-1\" \/>\n<link rel=\"canonical\" href=\"https:\/\/vieassociative.be\/actualites\/le-bas-suivant-suit-apres-lascenseur-comme-eupen-a-decu-contre-lierse-et-recueille-la-defaite-1-3\/\" \/>\n<meta property=\"og:locale\" content=\"fr_FR\" \/>\n<meta property=\"og:type\" content=\"article\" \/>\n<meta property=\"og:title\" content=\"Le bas suivant suit apr\u00e8s l&#039;ascenseur: comme Eupen a d\u00e9\u00e7u contre Lierse et recueille la d\u00e9faite 1: 3 | Vie Associative\" \/>\n<meta property=\"og:description\" content=\"L&rsquo;As Eupen n&rsquo;a pas r\u00e9ussi \u00e0 ajouter apr\u00e8s une victoire. Le noir et blanc a perdu dimanche contre Lierse SK 1: 3. Le As Eupen\" \/>\n<meta property=\"og:url\" content=\"https:\/\/vieassociative.be\/actualites\/le-bas-suivant-suit-apres-lascenseur-comme-eupen-a-decu-contre-lierse-et-recueille-la-defaite-1-3\/\" \/>\n<meta property=\"og:site_name\" content=\"Vie Associative\" \/>\n<meta property=\"article:published_time\" content=\"2025-02-10T02:24:21+00:00\" \/>\n<meta property=\"og:image\" content=\"https:\/\/vieassociative.be\/actualites\/wp-content\/uploads\/2024\/09\/header_backgroundk-01-e1726694325946.png\" \/>\n\t<meta property=\"og:image:width\" content=\"279\" \/>\n\t<meta property=\"og:image:height\" content=\"92\" \/>\n\t<meta property=\"og:image:type\" content=\"image\/png\" \/>\n<meta name=\"author\" content=\"Julien\" \/>\n<meta name=\"twitter:card\" content=\"summary_large_image\" \/>\n<meta name=\"twitter:label1\" content=\"\u00c9crit par\" \/>\n\t<meta name=\"twitter:data1\" content=\"Julien\" \/>\n\t<meta name=\"twitter:label2\" content=\"Dur\u00e9e de lecture est.\" \/>\n\t<meta name=\"twitter:data2\" content=\"3 minutes\" \/>\n<script type=\"application\/ld+json\" class=\"yoast-schema-graph\">{\"@context\":\"https:\/\/schema.org\",\"@graph\":[{\"@type\":\"Article\",\"@id\":\"https:\/\/vieassociative.be\/actualites\/le-bas-suivant-suit-apres-lascenseur-comme-eupen-a-decu-contre-lierse-et-recueille-la-defaite-1-3\/#article\",\"isPartOf\":{\"@id\":\"https:\/\/vieassociative.be\/actualites\/le-bas-suivant-suit-apres-lascenseur-comme-eupen-a-decu-contre-lierse-et-recueille-la-defaite-1-3\/\"},\"author\":{\"name\":\"Julien\",\"@id\":\"https:\/\/vieassociative.be\/actualites\/#\/schema\/person\/b87ac4f82f9d4e7b7cec7395b679edc4\"},\"headline\":\"Le bas suivant suit apr\u00e8s l&rsquo;ascenseur: comme Eupen a d\u00e9\u00e7u contre Lierse et recueille la d\u00e9faite 1: 3\",\"datePublished\":\"2025-02-10T02:24:21+00:00\",\"dateModified\":\"2025-02-10T02:24:21+00:00\",\"mainEntityOfPage\":{\"@id\":\"https:\/\/vieassociative.be\/actualites\/le-bas-suivant-suit-apres-lascenseur-comme-eupen-a-decu-contre-lierse-et-recueille-la-defaite-1-3\/\"},\"wordCount\":698,\"publisher\":{\"@id\":\"https:\/\/vieassociative.be\/actualites\/#organization\"},\"image\":{\"@id\":\"https:\/\/vieassociative.be\/actualites\/le-bas-suivant-suit-apres-lascenseur-comme-eupen-a-decu-contre-lierse-et-recueille-la-defaite-1-3\/#primaryimage\"},\"thumbnailUrl\":\"https:\/\/vieassociative.be\/actualites\/wp-content\/uploads\/2025\/02\/Le-bas-suivant-suit-apres-lascenseur-comme-Eupen-a-decu.jpg\",\"keywords\":[\"Apr\u00e8s\",\"bas\",\"comme\",\"contre\",\"d\u00e9\u00e7u\",\"D\u00e9faite\",\"Eupen\",\"lascenseur\",\"lierse\",\"recueille\",\"suit\",\"suivant\"],\"articleSection\":[\"Belgique\"],\"inLanguage\":\"fr-BE\"},{\"@type\":\"WebPage\",\"@id\":\"https:\/\/vieassociative.be\/actualites\/le-bas-suivant-suit-apres-lascenseur-comme-eupen-a-decu-contre-lierse-et-recueille-la-defaite-1-3\/\",\"url\":\"https:\/\/vieassociative.be\/actualites\/le-bas-suivant-suit-apres-lascenseur-comme-eupen-a-decu-contre-lierse-et-recueille-la-defaite-1-3\/\",\"name\":\"Le bas suivant suit apr\u00e8s l'ascenseur: comme Eupen a d\u00e9\u00e7u contre Lierse et recueille la d\u00e9faite 1: 3 | Vie Associative\",\"isPartOf\":{\"@id\":\"https:\/\/vieassociative.be\/actualites\/#website\"},\"primaryImageOfPage\":{\"@id\":\"https:\/\/vieassociative.be\/actualites\/le-bas-suivant-suit-apres-lascenseur-comme-eupen-a-decu-contre-lierse-et-recueille-la-defaite-1-3\/#primaryimage\"},\"image\":{\"@id\":\"https:\/\/vieassociative.be\/actualites\/le-bas-suivant-suit-apres-lascenseur-comme-eupen-a-decu-contre-lierse-et-recueille-la-defaite-1-3\/#primaryimage\"},\"thumbnailUrl\":\"https:\/\/vieassociative.be\/actualites\/wp-content\/uploads\/2025\/02\/Le-bas-suivant-suit-apres-lascenseur-comme-Eupen-a-decu.jpg\",\"datePublished\":\"2025-02-10T02:24:21+00:00\",\"dateModified\":\"2025-02-10T02:24:21+00:00\",\"breadcrumb\":{\"@id\":\"https:\/\/vieassociative.be\/actualites\/le-bas-suivant-suit-apres-lascenseur-comme-eupen-a-decu-contre-lierse-et-recueille-la-defaite-1-3\/#breadcrumb\"},\"inLanguage\":\"fr-BE\",\"potentialAction\":[{\"@type\":\"ReadAction\",\"target\":[\"https:\/\/vieassociative.be\/actualites\/le-bas-suivant-suit-apres-lascenseur-comme-eupen-a-decu-contre-lierse-et-recueille-la-defaite-1-3\/\"]}]},{\"@type\":\"ImageObject\",\"inLanguage\":\"fr-BE\",\"@id\":\"https:\/\/vieassociative.be\/actualites\/le-bas-suivant-suit-apres-lascenseur-comme-eupen-a-decu-contre-lierse-et-recueille-la-defaite-1-3\/#primaryimage\",\"url\":\"https:\/\/vieassociative.be\/actualites\/wp-content\/uploads\/2025\/02\/Le-bas-suivant-suit-apres-lascenseur-comme-Eupen-a-decu.jpg\",\"contentUrl\":\"https:\/\/vieassociative.be\/actualites\/wp-content\/uploads\/2025\/02\/Le-bas-suivant-suit-apres-lascenseur-comme-Eupen-a-decu.jpg\",\"width\":1200,\"height\":800,\"caption\":\"Le bas suivant suit apr\u00e8s l'ascenseur: comme Eupen a d\u00e9\u00e7u contre Lierse et recueille la d\u00e9faite 1: 3\"},{\"@type\":\"BreadcrumbList\",\"@id\":\"https:\/\/vieassociative.be\/actualites\/le-bas-suivant-suit-apres-lascenseur-comme-eupen-a-decu-contre-lierse-et-recueille-la-defaite-1-3\/#breadcrumb\",\"itemListElement\":[{\"@type\":\"ListItem\",\"position\":1,\"name\":\"Accueil\",\"item\":\"https:\/\/vieassociative.be\/actualites\/\"},{\"@type\":\"ListItem\",\"position\":2,\"name\":\"Le bas suivant suit apr\u00e8s l&rsquo;ascenseur: comme Eupen a d\u00e9\u00e7u contre Lierse et recueille la d\u00e9faite 1: 3\"}]},{\"@type\":\"WebSite\",\"@id\":\"https:\/\/vieassociative.be\/actualites\/#website\",\"url\":\"https:\/\/vieassociative.be\/actualites\/\",\"name\":\"Vie Associative\",\"description\":\"\",\"publisher\":{\"@id\":\"https:\/\/vieassociative.be\/actualites\/#organization\"},\"potentialAction\":[{\"@type\":\"SearchAction\",\"target\":{\"@type\":\"EntryPoint\",\"urlTemplate\":\"https:\/\/vieassociative.be\/actualites\/?s={search_term_string}\"},\"query-input\":{\"@type\":\"PropertyValueSpecification\",\"valueRequired\":true,\"valueName\":\"search_term_string\"}}],\"inLanguage\":\"fr-BE\"},{\"@type\":\"Organization\",\"@id\":\"https:\/\/vieassociative.be\/actualites\/#organization\",\"name\":\"Vie Associative\",\"url\":\"https:\/\/vieassociative.be\/actualites\/\",\"logo\":{\"@type\":\"ImageObject\",\"inLanguage\":\"fr-BE\",\"@id\":\"https:\/\/vieassociative.be\/actualites\/#\/schema\/logo\/image\/\",\"url\":\"https:\/\/vieassociative.be\/actualites\/wp-content\/uploads\/2024\/09\/cropped-vieassociative_favicon.ico.png\",\"contentUrl\":\"https:\/\/vieassociative.be\/actualites\/wp-content\/uploads\/2024\/09\/cropped-vieassociative_favicon.ico.png\",\"width\":512,\"height\":512,\"caption\":\"Vie Associative\"},\"image\":{\"@id\":\"https:\/\/vieassociative.be\/actualites\/#\/schema\/logo\/image\/\"}},{\"@type\":\"Person\",\"@id\":\"https:\/\/vieassociative.be\/actualites\/#\/schema\/person\/b87ac4f82f9d4e7b7cec7395b679edc4\",\"name\":\"Julien\",\"image\":{\"@type\":\"ImageObject\",\"inLanguage\":\"fr-BE\",\"@id\":\"https:\/\/vieassociative.be\/actualites\/#\/schema\/person\/image\/\",\"url\":\"https:\/\/vieassociative.be\/actualites\/wp-content\/uploads\/2024\/09\/vie-associative-1-150x150.jpg\",\"contentUrl\":\"https:\/\/vieassociative.be\/actualites\/wp-content\/uploads\/2024\/09\/vie-associative-1-150x150.jpg\",\"caption\":\"Julien\"},\"description\":\"Je suis Julien, r\u00e9dacteur pour Vie Associative. Passionn\u00e9 par le monde associatif depuis plus de 10 ans, j'ai \u00e0 c\u0153ur de partager des histoires inspirantes et de mettre en lumi\u00e8re les initiatives locales. Mon objectif est de sensibiliser et d'encourager l'engagement communautaire \u00e0 travers mes articles.\",\"sameAs\":[\"https:\/\/vieassociative.be\/\"]}]}<\/script>\n<!-- \/ Yoast SEO plugin. -->","yoast_head_json":{"title":"Le bas suivant suit apr\u00e8s l'ascenseur: comme Eupen a d\u00e9\u00e7u contre Lierse et recueille la d\u00e9faite 1: 3 | Vie Associative","robots":{"index":"index","follow":"follow","max-snippet":"max-snippet:-1","max-image-preview":"max-image-preview:large","max-video-preview":"max-video-preview:-1"},"canonical":"https:\/\/vieassociative.be\/actualites\/le-bas-suivant-suit-apres-lascenseur-comme-eupen-a-decu-contre-lierse-et-recueille-la-defaite-1-3\/","og_locale":"fr_FR","og_type":"article","og_title":"Le bas suivant suit apr\u00e8s l'ascenseur: comme Eupen a d\u00e9\u00e7u contre Lierse et recueille la d\u00e9faite 1: 3 | Vie Associative","og_description":"L&rsquo;As Eupen n&rsquo;a pas r\u00e9ussi \u00e0 ajouter apr\u00e8s une victoire. Le noir et blanc a perdu dimanche contre Lierse SK 1: 3. Le As Eupen","og_url":"https:\/\/vieassociative.be\/actualites\/le-bas-suivant-suit-apres-lascenseur-comme-eupen-a-decu-contre-lierse-et-recueille-la-defaite-1-3\/","og_site_name":"Vie Associative","article_published_time":"2025-02-10T02:24:21+00:00","og_image":[{"width":279,"height":92,"url":"https:\/\/vieassociative.be\/actualites\/wp-content\/uploads\/2024\/09\/header_backgroundk-01-e1726694325946.png","type":"image\/png"}],"author":"Julien","twitter_card":"summary_large_image","twitter_misc":{"\u00c9crit par":"Julien","Dur\u00e9e de lecture est.":"3 minutes"},"schema":{"@context":"https:\/\/schema.org","@graph":[{"@type":"Article","@id":"https:\/\/vieassociative.be\/actualites\/le-bas-suivant-suit-apres-lascenseur-comme-eupen-a-decu-contre-lierse-et-recueille-la-defaite-1-3\/#article","isPartOf":{"@id":"https:\/\/vieassociative.be\/actualites\/le-bas-suivant-suit-apres-lascenseur-comme-eupen-a-decu-contre-lierse-et-recueille-la-defaite-1-3\/"},"author":{"name":"Julien","@id":"https:\/\/vieassociative.be\/actualites\/#\/schema\/person\/b87ac4f82f9d4e7b7cec7395b679edc4"},"headline":"Le bas suivant suit apr\u00e8s l&rsquo;ascenseur: comme Eupen a d\u00e9\u00e7u contre Lierse et recueille la d\u00e9faite 1: 3","datePublished":"2025-02-10T02:24:21+00:00","dateModified":"2025-02-10T02:24:21+00:00","mainEntityOfPage":{"@id":"https:\/\/vieassociative.be\/actualites\/le-bas-suivant-suit-apres-lascenseur-comme-eupen-a-decu-contre-lierse-et-recueille-la-defaite-1-3\/"},"wordCount":698,"publisher":{"@id":"https:\/\/vieassociative.be\/actualites\/#organization"},"image":{"@id":"https:\/\/vieassociative.be\/actualites\/le-bas-suivant-suit-apres-lascenseur-comme-eupen-a-decu-contre-lierse-et-recueille-la-defaite-1-3\/#primaryimage"},"thumbnailUrl":"https:\/\/vieassociative.be\/actualites\/wp-content\/uploads\/2025\/02\/Le-bas-suivant-suit-apres-lascenseur-comme-Eupen-a-decu.jpg","keywords":["Apr\u00e8s","bas","comme","contre","d\u00e9\u00e7u","D\u00e9faite","Eupen","lascenseur","lierse","recueille","suit","suivant"],"articleSection":["Belgique"],"inLanguage":"fr-BE"},{"@type":"WebPage","@id":"https:\/\/vieassociative.be\/actualites\/le-bas-suivant-suit-apres-lascenseur-comme-eupen-a-decu-contre-lierse-et-recueille-la-defaite-1-3\/","url":"https:\/\/vieassociative.be\/actualites\/le-bas-suivant-suit-apres-lascenseur-comme-eupen-a-decu-contre-lierse-et-recueille-la-defaite-1-3\/","name":"Le bas suivant suit apr\u00e8s l'ascenseur: comme Eupen a d\u00e9\u00e7u contre Lierse et recueille la d\u00e9faite 1: 3 | Vie Associative","isPartOf":{"@id":"https:\/\/vieassociative.be\/actualites\/#website"},"primaryImageOfPage":{"@id":"https:\/\/vieassociative.be\/actualites\/le-bas-suivant-suit-apres-lascenseur-comme-eupen-a-decu-contre-lierse-et-recueille-la-defaite-1-3\/#primaryimage"},"image":{"@id":"https:\/\/vieassociative.be\/actualites\/le-bas-suivant-suit-apres-lascenseur-comme-eupen-a-decu-contre-lierse-et-recueille-la-defaite-1-3\/#primaryimage"},"thumbnailUrl":"https:\/\/vieassociative.be\/actualites\/wp-content\/uploads\/2025\/02\/Le-bas-suivant-suit-apres-lascenseur-comme-Eupen-a-decu.jpg","datePublished":"2025-02-10T02:24:21+00:00","dateModified":"2025-02-10T02:24:21+00:00","breadcrumb":{"@id":"https:\/\/vieassociative.be\/actualites\/le-bas-suivant-suit-apres-lascenseur-comme-eupen-a-decu-contre-lierse-et-recueille-la-defaite-1-3\/#breadcrumb"},"inLanguage":"fr-BE","potentialAction":[{"@type":"ReadAction","target":["https:\/\/vieassociative.be\/actualites\/le-bas-suivant-suit-apres-lascenseur-comme-eupen-a-decu-contre-lierse-et-recueille-la-defaite-1-3\/"]}]},{"@type":"ImageObject","inLanguage":"fr-BE","@id":"https:\/\/vieassociative.be\/actualites\/le-bas-suivant-suit-apres-lascenseur-comme-eupen-a-decu-contre-lierse-et-recueille-la-defaite-1-3\/#primaryimage","url":"https:\/\/vieassociative.be\/actualites\/wp-content\/uploads\/2025\/02\/Le-bas-suivant-suit-apres-lascenseur-comme-Eupen-a-decu.jpg","contentUrl":"https:\/\/vieassociative.be\/actualites\/wp-content\/uploads\/2025\/02\/Le-bas-suivant-suit-apres-lascenseur-comme-Eupen-a-decu.jpg","width":1200,"height":800,"caption":"Le bas suivant suit apr\u00e8s l'ascenseur: comme Eupen a d\u00e9\u00e7u contre Lierse et recueille la d\u00e9faite 1: 3"},{"@type":"BreadcrumbList","@id":"https:\/\/vieassociative.be\/actualites\/le-bas-suivant-suit-apres-lascenseur-comme-eupen-a-decu-contre-lierse-et-recueille-la-defaite-1-3\/#breadcrumb","itemListElement":[{"@type":"ListItem","position":1,"name":"Accueil","item":"https:\/\/vieassociative.be\/actualites\/"},{"@type":"ListItem","position":2,"name":"Le bas suivant suit apr\u00e8s l&rsquo;ascenseur: comme Eupen a d\u00e9\u00e7u contre Lierse et recueille la d\u00e9faite 1: 3"}]},{"@type":"WebSite","@id":"https:\/\/vieassociative.be\/actualites\/#website","url":"https:\/\/vieassociative.be\/actualites\/","name":"Vie Associative","description":"","publisher":{"@id":"https:\/\/vieassociative.be\/actualites\/#organization"},"potentialAction":[{"@type":"SearchAction","target":{"@type":"EntryPoint","urlTemplate":"https:\/\/vieassociative.be\/actualites\/?s={search_term_string}"},"query-input":{"@type":"PropertyValueSpecification","valueRequired":true,"valueName":"search_term_string"}}],"inLanguage":"fr-BE"},{"@type":"Organization","@id":"https:\/\/vieassociative.be\/actualites\/#organization","name":"Vie Associative","url":"https:\/\/vieassociative.be\/actualites\/","logo":{"@type":"ImageObject","inLanguage":"fr-BE","@id":"https:\/\/vieassociative.be\/actualites\/#\/schema\/logo\/image\/","url":"https:\/\/vieassociative.be\/actualites\/wp-content\/uploads\/2024\/09\/cropped-vieassociative_favicon.ico.png","contentUrl":"https:\/\/vieassociative.be\/actualites\/wp-content\/uploads\/2024\/09\/cropped-vieassociative_favicon.ico.png","width":512,"height":512,"caption":"Vie Associative"},"image":{"@id":"https:\/\/vieassociative.be\/actualites\/#\/schema\/logo\/image\/"}},{"@type":"Person","@id":"https:\/\/vieassociative.be\/actualites\/#\/schema\/person\/b87ac4f82f9d4e7b7cec7395b679edc4","name":"Julien","image":{"@type":"ImageObject","inLanguage":"fr-BE","@id":"https:\/\/vieassociative.be\/actualites\/#\/schema\/person\/image\/","url":"https:\/\/vieassociative.be\/actualites\/wp-content\/uploads\/2024\/09\/vie-associative-1-150x150.jpg","contentUrl":"https:\/\/vieassociative.be\/actualites\/wp-content\/uploads\/2024\/09\/vie-associative-1-150x150.jpg","caption":"Julien"},"description":"Je suis Julien, r\u00e9dacteur pour Vie Associative. Passionn\u00e9 par le monde associatif depuis plus de 10 ans, j'ai \u00e0 c\u0153ur de partager des histoires inspirantes et de mettre en lumi\u00e8re les initiatives locales. Mon objectif est de sensibiliser et d'encourager l'engagement communautaire \u00e0 travers mes articles.","sameAs":["https:\/\/vieassociative.be\/"]}]}},"_links":{"self":[{"href":"https:\/\/vieassociative.be\/actualites\/wp-json\/wp\/v2\/posts\/4990"}],"collection":[{"href":"https:\/\/vieassociative.be\/actualites\/wp-json\/wp\/v2\/posts"}],"about":[{"href":"https:\/\/vieassociative.be\/actualites\/wp-json\/wp\/v2\/types\/post"}],"author":[{"embeddable":true,"href":"https:\/\/vieassociative.be\/actualites\/wp-json\/wp\/v2\/users\/1"}],"replies":[{"embeddable":true,"href":"https:\/\/vieassociative.be\/actualites\/wp-json\/wp\/v2\/comments?post=4990"}],"version-history":[{"count":0,"href":"https:\/\/vieassociative.be\/actualites\/wp-json\/wp\/v2\/posts\/4990\/revisions"}],"wp:featuredmedia":[{"embeddable":true,"href":"https:\/\/vieassociative.be\/actualites\/wp-json\/wp\/v2\/media\/4991"}],"wp:attachment":[{"href":"https:\/\/vieassociative.be\/actualites\/wp-json\/wp\/v2\/media?parent=4990"}],"wp:term":[{"taxonomy":"category","embeddable":true,"href":"https:\/\/vieassociative.be\/actualites\/wp-json\/wp\/v2\/categories?post=4990"},{"taxonomy":"post_tag","embeddable":true,"href":"https:\/\/vieassociative.be\/actualites\/wp-json\/wp\/v2\/tags?post=4990"}],"curies":[{"name":"wp","href":"https:\/\/api.w.org\/{rel}","templated":true}]}}