{"id":4986,"date":"2025-02-09T23:17:57","date_gmt":"2025-02-09T22:17:57","guid":{"rendered":"https:\/\/vieassociative.be\/actualites\/les-brins-daujourdhui-noisent-et-reponse-pour-le-samedi-29-juin-2024\/"},"modified":"2025-02-09T23:17:57","modified_gmt":"2025-02-09T22:17:57","slug":"les-brins-daujourdhui-noisent-et-reponse-pour-le-samedi-29-juin-2024","status":"publish","type":"post","link":"https:\/\/vieassociative.be\/actualites\/les-brins-daujourdhui-noisent-et-reponse-pour-le-samedi-29-juin-2024\/","title":{"rendered":"Les brins d&rsquo;aujourd&rsquo;hui noisent (et r\u00e9ponse) pour le samedi 29 juin 2024"},"content":{"rendered":"<div class=\"mt-4 leading-6 md:mb-8\">Voici quelques conseils pour vous aider \u00e0 gagner des brins NYT # 118.<\/div>\n<p><\/p>\n<p>Si vous recherchez des conseils et des r\u00e9ponses pour les brins pour le samedi 29 juin 2024, lisez la suite &#8211; je partagerai quelques indices et conseils, et enfin la solution au puzzle avec le th\u00e8me \u00abIl est bien au-dessus de votre t\u00eate\u00bb.<\/p>\n<p>Pour un moyen facile de revenir sur nos indices de brins chaque jour, mettant en signet cette page. Vous pouvez \u00e9galement y trouver nos conseils pass\u00e9s, au cas o\u00f9 vous voudriez savoir ce que vous avez manqu\u00e9 dans un puzzle pr\u00e9c\u00e9dent.<\/p>\n<p>Ci-dessous, je vais vous donner quelques indices obliques aux r\u00e9ponses des brins d&rsquo;aujourd&rsquo;hui. Et plus loin sur la page, je vais r\u00e9v\u00e9ler le spangram et les r\u00e9ponses. Faites d\u00e9filer lentement et prenez les indices dont vous avez besoin!<\/p>\n<div class=\"eloquent-imagery-image\">\n<div class=\"flex justify-center\">\n                    <img decoding=\"async\" class=\"border border-gray-100\" src=\"https:\/\/vieassociative.be\/actualites\/wp-content\/uploads\/2025\/02\/Les-brins-daujourdhui-noisent-et-reponse-pour-le-samedi-29.png\" alt=\"NYT Strands Board pour le 29 juin 2024: C'est tr\u00e8s bien au-dessus de votre t\u00eate.\" width=\"2000\" height=\"1005\" loading=\"lazy\"  >\n            <\/div>\n<\/p><\/div>\n<hr>\n<h2 id=\"hint-for-the-spangram-in-todays-strands-puzzle\">Indice pour le spangram dans le puzzle des brins d&rsquo;aujourd&rsquo;hui<\/h2>\n<p>Un spangram \u00e0 deux mots qui fait r\u00e9f\u00e9rence \u00e0 la vaste \u00e9tendue au-del\u00e0 de l&rsquo;atmosph\u00e8re de la Terre.<\/p>\n<hr>\n<h2 id=\"hint-for-the-theme-words-in-todays-strands-puzzle\">Indice pour les mots th\u00e8me dans le puzzle des brins d&rsquo;aujourd&rsquo;hui<\/h2>\n<p>Des choses trouv\u00e9es au-del\u00e0 des limites de notre maison en forme de marbre, bleu et vert. La plupart d&rsquo;entre eux peuvent \u00eatre rep\u00e9r\u00e9s \u00e0 travers le ciel ou vus \u00e0 travers un t\u00e9lescope. <\/p>\n<h2 id=\"beware-spoilers-follow-for-todays-strands-puzzle\">Attention: les spoilers suivent le puzzle des brins d&rsquo;aujourd&rsquo;hui!<\/h2>\n<p>Nous sommes sur le point de donner les r\u00e9ponses au puzzle des brins d&rsquo;aujourd&rsquo;hui. <\/p>\n<h3>Qu&rsquo;est-ce que le spangram dans les brins d&rsquo;aujourd&rsquo;hui?<\/h3>\n<p>Le spangram d&rsquo;aujourd&rsquo;hui est l&rsquo;espace ext\u00e9rieur.<\/p>\n<h3>Quels sont les mots th\u00e8me des volets d&rsquo;aujourd&rsquo;hui?<\/h3>\n<p>Les mots \u00e0 th\u00e8me sont aujourd&rsquo;hui: satellite, com\u00e8te, galaxie, plan\u00e8te, ast\u00e9ro\u00efde, lune.<\/p>\n<p>Voici \u00e0 quoi ressemble la planche lorsque le puzzle est r\u00e9solu:<\/p>\n<div class=\"eloquent-imagery-image\">\n<div class=\"flex justify-center\">\n                    <img decoding=\"async\" class=\"border border-gray-100\" src=\"https:\/\/vieassociative.be\/actualites\/wp-content\/uploads\/2025\/02\/1739139477_394_Les-brins-daujourdhui-noisent-et-reponse-pour-le-samedi-29.png\" alt=\"Termin\u00e9 NYT Strands Board pour le 29 juin 2024: Il est loin de votre t\u00eate.\" width=\"2000\" height=\"1032\" loading=\"lazy\"  >\n            <\/div>\n<\/p><\/div>\n<h2 id=\"how-i-solved-todays-strands\">Comment j&rsquo;ai r\u00e9solu les brins d&rsquo;aujourd&rsquo;hui<\/h2>\n<p>Je vais deviner que le puzzle d&rsquo;aujourd&rsquo;hui contient des mots se r\u00e9f\u00e9rant \u00e0 des sujets scolaires complexes (comme la \u00abchimie\u00bb, par exemple) ou des choses qui sont litt\u00e9ralement au-dessus de la t\u00eate, comme le \u00abplafond\u00bb. Voyons.<\/p>\n<p>Je vois le mot latte, mais c&rsquo;est un mot non th\u00e8me. Je ne pensais pas que ce serait le cas, mais cela vaut la peine d&rsquo;essayer en d\u00e9but de jeu de jeter quelques mots sur le mur et de voir ce qui colle.<\/p>\n<p>Dans le coin inf\u00e9rieur gauche, je trouve le mot plan\u00e8te, et c&rsquo;est un succ\u00e8s. Ok, donc ce sont probablement des mots pour les corps c\u00e9lestes. \ud83d\udd35<\/p>\n<p>Dans le nouvel \u00e9cart form\u00e9 \u00e0 c\u00f4t\u00e9 de la plan\u00e8te, je vois l&rsquo;ast\u00e9ro\u00efde. \ud83d\udd35<\/p>\n<p>Je vois \u00abxy\u00bb ensemble et je cherche imm\u00e9diatement ce que je suppose sera la galaxie. Ouais. \ud83d\udd35<\/p>\n<p>Il y a la lune sur le c\u00f4t\u00e9 droit, compl\u00e9tant la moiti\u00e9 inf\u00e9rieure du puzzle. \ud83d\udd35<\/p>\n<p>Je ne vois pas encore de spangram \u00e9vident, mais je vois la com\u00e8te en haut \u00e0 droite. \ud83d\udd35<\/p>\n<p>Je vois de l&rsquo;espace en dessous, mais c&rsquo;est un mot non th\u00e9matique. Peut-\u00eatre que cela fait partie du spangram? Hmm, je ne suis pas encore s\u00fbr.<\/p>\n<p>Ok, il y a un satellite en haut \u00e0 gauche. \ud83d\udd35<\/p>\n<p>Il y a le spangram: des espaces. \ud83d\udfe1 C&rsquo;est \u00e9trange! Les spangrams commencent g\u00e9n\u00e9ralement d&rsquo;un c\u00f4t\u00e9 et se terminent de l&rsquo;autre, mais celui-ci a serr\u00e9 au milieu. Je suppose que la r\u00e8gle est juste qu&rsquo;il doit <em>touche<\/em> Les extr\u00e9mit\u00e9s oppos\u00e9es du puzzle, ne commencent pas et ne se terminent pas l\u00e0.<\/p>\n<pre class=\"border-2 border-gray-400 bg-gray-100 p-4 text-black shadow-md\">Strands #118\n\u201cIt's way over your head\u201d\n\ud83d\udd35\ud83d\udd35\ud83d\udd35\ud83d\udd35\n\ud83d\udd35\ud83d\udd35\ud83d\udfe1<\/pre>\n<h2 id=\"how-to-play-strands\">Comment jouer aux brins<\/h2>\n<p>Vous pouvez trouver le jeu Strands sur le site Web du New York Times. Strands est plus r\u00e9cent et toujours en version b\u00eata, donc ce n&rsquo;est pas encore dans l&rsquo;application NYT Games. <\/p>\n<p>Lorsque vous commencez \u00e0 jouer, vous verrez un plateau de jeu avec un assortiment de lettres, flanqu\u00e9 d&rsquo;un indice qui donne un indice sur le th\u00e8me du conseil d&rsquo;administration &#8211; ce sera une phrase, comme \u00abMieux avec l&rsquo;\u00e2ge\u00bb. Votre travail consiste \u00e0 trouver les mots cach\u00e9s au sein du conseil d&rsquo;administration qui refl\u00e8tent le th\u00e8me du puzzle.<\/p>\n<h3>Un mot crois\u00e9 crois\u00e9 avec une recherche de mots<\/h3>\n<p>Le mot le plus important \u00e0 trouver est le \u00abspangram\u00bb, un mot qui indique plus explicitement le th\u00e8me du puzzle. (Par exemple, le spangram pour le puzzle avec le th\u00e8me \u00ab\u00a0mieux avec l&rsquo;\u00e2ge\u00a0\u00bb est ferment\u00e9, qui d\u00e9crit les produits qui sont, vous l&rsquo;avez devin\u00e9, am\u00e9liorez-vous avec l&rsquo;\u00e2ge.) ou de haut en bas (d&rsquo;o\u00f9 le nom). Lorsque vous trouverez le spangram, il sera mis en \u00e9vidence en jaune. La r\u00e9solution du spangram rend g\u00e9n\u00e9ralement le reste du puzzle beaucoup plus facile \u00e0 compl\u00e9ter.<\/p>\n<p>Dans les brins, les mots peuvent parcourir n&rsquo;importe quelle direction (en haut, en bas, \u00e0 gauche, \u00e0 droite et en diagonale), et vous n&rsquo;utiliserez chaque lettre qu&rsquo;une seule fois. Il n&rsquo;y a qu&rsquo;une seule solution correcte. Lorsque vous identifiez correctement l&rsquo;un des mots du puzzle (par exemple, Kombucha, Miso ou Kimchi), il sera mis en \u00e9vidence en bleu. <\/p>\n<p>Si vous avez du mal \u00e0 r\u00e9soudre le puzzle, vous pouvez soumettre tous les mots non th\u00e9matiques que vous voyez (tant qu&rsquo;ils sont quatre lettres ou plus) pour recevoir un cr\u00e9dit envers un seul indice. Si vous soumettez trois mots non th\u00e8nes, le bouton \u00abHint\u00bb sera cliquable; Si vous cliquez dessus, toutes les lettres de l&rsquo;un des mots th\u00e8me seront mises en \u00e9vidence pour vous. Vous devrez toujours lier ces lettres en surbrillance dans le bon ordre pour former l&rsquo;un des mots th\u00e8me. S&rsquo;il y a d\u00e9j\u00e0 un indice sur le tableau et que vous utilisez un autre indice avant de r\u00e9soudre pour ce mot, l&rsquo;ordre de lettre de ce mot sera r\u00e9v\u00e9l\u00e9.<\/p>\n<h3>Comment gagner des brins<\/h3>\n<p>Contrairement aux connexions et aux losts, vous ne pouvez pas \u00e9chouer les brins. Lorsque vous soumettez des suppositions, vous identifierez correctement une r\u00e9ponse, recevrez un cr\u00e9dit vers un indice, soit le texte secouera d&rsquo;avant en arri\u00e8re, indiquant que le mot que vous avez soumis est trop court ou non. Vous ne pouvez pas manquer de suppositions, et il n&rsquo;y a pas de limite de temps.<\/p>\n<p>Vous gagnez lorsque vous avez correctement utilis\u00e9 toutes les lettres du tableau, ce qui signifie que vous avez identifi\u00e9 le spangram et tous les mots th\u00e8me. Comme d&rsquo;autres jeux NYT, lors de la r\u00e9solution du puzzle, vous verrez une carte partageable qui indique comment vous avez jou\u00e9 ce jour-l\u00e0: Blue Dots \ud83d\udd35 Indiquer les mots th\u00e8me que vous avez trouv\u00e9s, le point jaune \ud83d\udfe1 indique quand vous avez trouv\u00e9 le spangram, et une ampoule \ud83d\udca1 indique des mots que vous avez re\u00e7u un indice.<\/p>\n","protected":false},"excerpt":{"rendered":"<p>Voici quelques conseils pour vous aider \u00e0 gagner des brins NYT # 118. Si vous recherchez des conseils et des r\u00e9ponses pour les brins pour<\/p>\n","protected":false},"author":1,"featured_media":4987,"comment_status":"","ping_status":"","sticky":false,"template":"","format":"standard","meta":{"footnotes":""},"categories":[36],"tags":[3715,134,2677,14,5103,81,135,355],"class_list":["post-4986","post","type-post","status-publish","format-standard","has-post-thumbnail","hentry","category-divertissement","tag-brins","tag-daujourdhui","tag-juin","tag-les","tag-noisent","tag-pour","tag-reponse","tag-samedi","generate-columns","tablet-grid-50","mobile-grid-100","grid-parent","grid-33"],"yoast_head":"<!-- This site is optimized with the Yoast SEO plugin v24.0 - https:\/\/yoast.com\/wordpress\/plugins\/seo\/ -->\n<title>Les brins d&#039;aujourd&#039;hui noisent (et r\u00e9ponse) pour le samedi 29 juin 2024 | Vie Associative<\/title>\n<meta name=\"robots\" content=\"index, follow, max-snippet:-1, max-image-preview:large, max-video-preview:-1\" \/>\n<link rel=\"canonical\" href=\"https:\/\/vieassociative.be\/actualites\/les-brins-daujourdhui-noisent-et-reponse-pour-le-samedi-29-juin-2024\/\" \/>\n<meta property=\"og:locale\" content=\"fr_FR\" \/>\n<meta property=\"og:type\" content=\"article\" \/>\n<meta property=\"og:title\" content=\"Les brins d&#039;aujourd&#039;hui noisent (et r\u00e9ponse) pour le samedi 29 juin 2024 | Vie Associative\" \/>\n<meta property=\"og:description\" content=\"Voici quelques conseils pour vous aider \u00e0 gagner des brins NYT # 118. Si vous recherchez des conseils et des r\u00e9ponses pour les brins pour\" \/>\n<meta property=\"og:url\" content=\"https:\/\/vieassociative.be\/actualites\/les-brins-daujourdhui-noisent-et-reponse-pour-le-samedi-29-juin-2024\/\" \/>\n<meta property=\"og:site_name\" content=\"Vie Associative\" \/>\n<meta property=\"article:published_time\" content=\"2025-02-09T22:17:57+00:00\" \/>\n<meta property=\"og:image\" content=\"https:\/\/vieassociative.be\/actualites\/wp-content\/uploads\/2025\/02\/Les-brins-daujourdhui-noisent-et-reponse-pour-le-samedi-29.png\" \/>\n<meta name=\"author\" content=\"Julien\" \/>\n<meta name=\"twitter:card\" content=\"summary_large_image\" \/>\n<meta name=\"twitter:label1\" content=\"\u00c9crit par\" \/>\n\t<meta name=\"twitter:data1\" content=\"Julien\" \/>\n\t<meta name=\"twitter:label2\" content=\"Dur\u00e9e de lecture est.\" \/>\n\t<meta name=\"twitter:data2\" content=\"6 minutes\" \/>\n<script type=\"application\/ld+json\" class=\"yoast-schema-graph\">{\"@context\":\"https:\/\/schema.org\",\"@graph\":[{\"@type\":\"Article\",\"@id\":\"https:\/\/vieassociative.be\/actualites\/les-brins-daujourdhui-noisent-et-reponse-pour-le-samedi-29-juin-2024\/#article\",\"isPartOf\":{\"@id\":\"https:\/\/vieassociative.be\/actualites\/les-brins-daujourdhui-noisent-et-reponse-pour-le-samedi-29-juin-2024\/\"},\"author\":{\"name\":\"Julien\",\"@id\":\"https:\/\/vieassociative.be\/actualites\/#\/schema\/person\/b87ac4f82f9d4e7b7cec7395b679edc4\"},\"headline\":\"Les brins d&rsquo;aujourd&rsquo;hui noisent (et r\u00e9ponse) pour le samedi 29 juin 2024\",\"datePublished\":\"2025-02-09T22:17:57+00:00\",\"dateModified\":\"2025-02-09T22:17:57+00:00\",\"mainEntityOfPage\":{\"@id\":\"https:\/\/vieassociative.be\/actualites\/les-brins-daujourdhui-noisent-et-reponse-pour-le-samedi-29-juin-2024\/\"},\"wordCount\":1178,\"publisher\":{\"@id\":\"https:\/\/vieassociative.be\/actualites\/#organization\"},\"image\":{\"@id\":\"https:\/\/vieassociative.be\/actualites\/les-brins-daujourdhui-noisent-et-reponse-pour-le-samedi-29-juin-2024\/#primaryimage\"},\"thumbnailUrl\":\"https:\/\/vieassociative.be\/actualites\/wp-content\/uploads\/2025\/02\/Les-brins-daujourdhui-noisent-et-reponse-pour-le-samedi-29.jpg\",\"keywords\":[\"brins\",\"daujourdhui\",\"juin\",\"Les\",\"noisent\",\"pour\",\"r\u00e9ponse\",\"samedi\"],\"articleSection\":[\"Divertissement\"],\"inLanguage\":\"fr-BE\"},{\"@type\":\"WebPage\",\"@id\":\"https:\/\/vieassociative.be\/actualites\/les-brins-daujourdhui-noisent-et-reponse-pour-le-samedi-29-juin-2024\/\",\"url\":\"https:\/\/vieassociative.be\/actualites\/les-brins-daujourdhui-noisent-et-reponse-pour-le-samedi-29-juin-2024\/\",\"name\":\"Les brins d'aujourd'hui noisent (et r\u00e9ponse) pour le samedi 29 juin 2024 | Vie Associative\",\"isPartOf\":{\"@id\":\"https:\/\/vieassociative.be\/actualites\/#website\"},\"primaryImageOfPage\":{\"@id\":\"https:\/\/vieassociative.be\/actualites\/les-brins-daujourdhui-noisent-et-reponse-pour-le-samedi-29-juin-2024\/#primaryimage\"},\"image\":{\"@id\":\"https:\/\/vieassociative.be\/actualites\/les-brins-daujourdhui-noisent-et-reponse-pour-le-samedi-29-juin-2024\/#primaryimage\"},\"thumbnailUrl\":\"https:\/\/vieassociative.be\/actualites\/wp-content\/uploads\/2025\/02\/Les-brins-daujourdhui-noisent-et-reponse-pour-le-samedi-29.jpg\",\"datePublished\":\"2025-02-09T22:17:57+00:00\",\"dateModified\":\"2025-02-09T22:17:57+00:00\",\"breadcrumb\":{\"@id\":\"https:\/\/vieassociative.be\/actualites\/les-brins-daujourdhui-noisent-et-reponse-pour-le-samedi-29-juin-2024\/#breadcrumb\"},\"inLanguage\":\"fr-BE\",\"potentialAction\":[{\"@type\":\"ReadAction\",\"target\":[\"https:\/\/vieassociative.be\/actualites\/les-brins-daujourdhui-noisent-et-reponse-pour-le-samedi-29-juin-2024\/\"]}]},{\"@type\":\"ImageObject\",\"inLanguage\":\"fr-BE\",\"@id\":\"https:\/\/vieassociative.be\/actualites\/les-brins-daujourdhui-noisent-et-reponse-pour-le-samedi-29-juin-2024\/#primaryimage\",\"url\":\"https:\/\/vieassociative.be\/actualites\/wp-content\/uploads\/2025\/02\/Les-brins-daujourdhui-noisent-et-reponse-pour-le-samedi-29.jpg\",\"contentUrl\":\"https:\/\/vieassociative.be\/actualites\/wp-content\/uploads\/2025\/02\/Les-brins-daujourdhui-noisent-et-reponse-pour-le-samedi-29.jpg\",\"width\":1200,\"height\":675,\"caption\":\"Les brins d'aujourd'hui noisent (et r\u00e9ponse) pour le samedi 29 juin 2024\"},{\"@type\":\"BreadcrumbList\",\"@id\":\"https:\/\/vieassociative.be\/actualites\/les-brins-daujourdhui-noisent-et-reponse-pour-le-samedi-29-juin-2024\/#breadcrumb\",\"itemListElement\":[{\"@type\":\"ListItem\",\"position\":1,\"name\":\"Accueil\",\"item\":\"https:\/\/vieassociative.be\/actualites\/\"},{\"@type\":\"ListItem\",\"position\":2,\"name\":\"Les brins d&rsquo;aujourd&rsquo;hui noisent (et r\u00e9ponse) pour le samedi 29 juin 2024\"}]},{\"@type\":\"WebSite\",\"@id\":\"https:\/\/vieassociative.be\/actualites\/#website\",\"url\":\"https:\/\/vieassociative.be\/actualites\/\",\"name\":\"Vie Associative\",\"description\":\"\",\"publisher\":{\"@id\":\"https:\/\/vieassociative.be\/actualites\/#organization\"},\"potentialAction\":[{\"@type\":\"SearchAction\",\"target\":{\"@type\":\"EntryPoint\",\"urlTemplate\":\"https:\/\/vieassociative.be\/actualites\/?s={search_term_string}\"},\"query-input\":{\"@type\":\"PropertyValueSpecification\",\"valueRequired\":true,\"valueName\":\"search_term_string\"}}],\"inLanguage\":\"fr-BE\"},{\"@type\":\"Organization\",\"@id\":\"https:\/\/vieassociative.be\/actualites\/#organization\",\"name\":\"Vie Associative\",\"url\":\"https:\/\/vieassociative.be\/actualites\/\",\"logo\":{\"@type\":\"ImageObject\",\"inLanguage\":\"fr-BE\",\"@id\":\"https:\/\/vieassociative.be\/actualites\/#\/schema\/logo\/image\/\",\"url\":\"https:\/\/vieassociative.be\/actualites\/wp-content\/uploads\/2024\/09\/cropped-vieassociative_favicon.ico.png\",\"contentUrl\":\"https:\/\/vieassociative.be\/actualites\/wp-content\/uploads\/2024\/09\/cropped-vieassociative_favicon.ico.png\",\"width\":512,\"height\":512,\"caption\":\"Vie Associative\"},\"image\":{\"@id\":\"https:\/\/vieassociative.be\/actualites\/#\/schema\/logo\/image\/\"}},{\"@type\":\"Person\",\"@id\":\"https:\/\/vieassociative.be\/actualites\/#\/schema\/person\/b87ac4f82f9d4e7b7cec7395b679edc4\",\"name\":\"Julien\",\"image\":{\"@type\":\"ImageObject\",\"inLanguage\":\"fr-BE\",\"@id\":\"https:\/\/vieassociative.be\/actualites\/#\/schema\/person\/image\/\",\"url\":\"https:\/\/vieassociative.be\/actualites\/wp-content\/uploads\/2024\/09\/vie-associative-1-150x150.jpg\",\"contentUrl\":\"https:\/\/vieassociative.be\/actualites\/wp-content\/uploads\/2024\/09\/vie-associative-1-150x150.jpg\",\"caption\":\"Julien\"},\"description\":\"Je suis Julien, r\u00e9dacteur pour Vie Associative. Passionn\u00e9 par le monde associatif depuis plus de 10 ans, j'ai \u00e0 c\u0153ur de partager des histoires inspirantes et de mettre en lumi\u00e8re les initiatives locales. Mon objectif est de sensibiliser et d'encourager l'engagement communautaire \u00e0 travers mes articles.\",\"sameAs\":[\"https:\/\/vieassociative.be\/\"]}]}<\/script>\n<!-- \/ Yoast SEO plugin. -->","yoast_head_json":{"title":"Les brins d'aujourd'hui noisent (et r\u00e9ponse) pour le samedi 29 juin 2024 | Vie Associative","robots":{"index":"index","follow":"follow","max-snippet":"max-snippet:-1","max-image-preview":"max-image-preview:large","max-video-preview":"max-video-preview:-1"},"canonical":"https:\/\/vieassociative.be\/actualites\/les-brins-daujourdhui-noisent-et-reponse-pour-le-samedi-29-juin-2024\/","og_locale":"fr_FR","og_type":"article","og_title":"Les brins d'aujourd'hui noisent (et r\u00e9ponse) pour le samedi 29 juin 2024 | Vie Associative","og_description":"Voici quelques conseils pour vous aider \u00e0 gagner des brins NYT # 118. Si vous recherchez des conseils et des r\u00e9ponses pour les brins pour","og_url":"https:\/\/vieassociative.be\/actualites\/les-brins-daujourdhui-noisent-et-reponse-pour-le-samedi-29-juin-2024\/","og_site_name":"Vie Associative","article_published_time":"2025-02-09T22:17:57+00:00","og_image":[{"url":"https:\/\/vieassociative.be\/actualites\/wp-content\/uploads\/2025\/02\/Les-brins-daujourdhui-noisent-et-reponse-pour-le-samedi-29.png","type":"","width":"","height":""}],"author":"Julien","twitter_card":"summary_large_image","twitter_misc":{"\u00c9crit par":"Julien","Dur\u00e9e de lecture est.":"6 minutes"},"schema":{"@context":"https:\/\/schema.org","@graph":[{"@type":"Article","@id":"https:\/\/vieassociative.be\/actualites\/les-brins-daujourdhui-noisent-et-reponse-pour-le-samedi-29-juin-2024\/#article","isPartOf":{"@id":"https:\/\/vieassociative.be\/actualites\/les-brins-daujourdhui-noisent-et-reponse-pour-le-samedi-29-juin-2024\/"},"author":{"name":"Julien","@id":"https:\/\/vieassociative.be\/actualites\/#\/schema\/person\/b87ac4f82f9d4e7b7cec7395b679edc4"},"headline":"Les brins d&rsquo;aujourd&rsquo;hui noisent (et r\u00e9ponse) pour le samedi 29 juin 2024","datePublished":"2025-02-09T22:17:57+00:00","dateModified":"2025-02-09T22:17:57+00:00","mainEntityOfPage":{"@id":"https:\/\/vieassociative.be\/actualites\/les-brins-daujourdhui-noisent-et-reponse-pour-le-samedi-29-juin-2024\/"},"wordCount":1178,"publisher":{"@id":"https:\/\/vieassociative.be\/actualites\/#organization"},"image":{"@id":"https:\/\/vieassociative.be\/actualites\/les-brins-daujourdhui-noisent-et-reponse-pour-le-samedi-29-juin-2024\/#primaryimage"},"thumbnailUrl":"https:\/\/vieassociative.be\/actualites\/wp-content\/uploads\/2025\/02\/Les-brins-daujourdhui-noisent-et-reponse-pour-le-samedi-29.jpg","keywords":["brins","daujourdhui","juin","Les","noisent","pour","r\u00e9ponse","samedi"],"articleSection":["Divertissement"],"inLanguage":"fr-BE"},{"@type":"WebPage","@id":"https:\/\/vieassociative.be\/actualites\/les-brins-daujourdhui-noisent-et-reponse-pour-le-samedi-29-juin-2024\/","url":"https:\/\/vieassociative.be\/actualites\/les-brins-daujourdhui-noisent-et-reponse-pour-le-samedi-29-juin-2024\/","name":"Les brins d'aujourd'hui noisent (et r\u00e9ponse) pour le samedi 29 juin 2024 | Vie Associative","isPartOf":{"@id":"https:\/\/vieassociative.be\/actualites\/#website"},"primaryImageOfPage":{"@id":"https:\/\/vieassociative.be\/actualites\/les-brins-daujourdhui-noisent-et-reponse-pour-le-samedi-29-juin-2024\/#primaryimage"},"image":{"@id":"https:\/\/vieassociative.be\/actualites\/les-brins-daujourdhui-noisent-et-reponse-pour-le-samedi-29-juin-2024\/#primaryimage"},"thumbnailUrl":"https:\/\/vieassociative.be\/actualites\/wp-content\/uploads\/2025\/02\/Les-brins-daujourdhui-noisent-et-reponse-pour-le-samedi-29.jpg","datePublished":"2025-02-09T22:17:57+00:00","dateModified":"2025-02-09T22:17:57+00:00","breadcrumb":{"@id":"https:\/\/vieassociative.be\/actualites\/les-brins-daujourdhui-noisent-et-reponse-pour-le-samedi-29-juin-2024\/#breadcrumb"},"inLanguage":"fr-BE","potentialAction":[{"@type":"ReadAction","target":["https:\/\/vieassociative.be\/actualites\/les-brins-daujourdhui-noisent-et-reponse-pour-le-samedi-29-juin-2024\/"]}]},{"@type":"ImageObject","inLanguage":"fr-BE","@id":"https:\/\/vieassociative.be\/actualites\/les-brins-daujourdhui-noisent-et-reponse-pour-le-samedi-29-juin-2024\/#primaryimage","url":"https:\/\/vieassociative.be\/actualites\/wp-content\/uploads\/2025\/02\/Les-brins-daujourdhui-noisent-et-reponse-pour-le-samedi-29.jpg","contentUrl":"https:\/\/vieassociative.be\/actualites\/wp-content\/uploads\/2025\/02\/Les-brins-daujourdhui-noisent-et-reponse-pour-le-samedi-29.jpg","width":1200,"height":675,"caption":"Les brins d'aujourd'hui noisent (et r\u00e9ponse) pour le samedi 29 juin 2024"},{"@type":"BreadcrumbList","@id":"https:\/\/vieassociative.be\/actualites\/les-brins-daujourdhui-noisent-et-reponse-pour-le-samedi-29-juin-2024\/#breadcrumb","itemListElement":[{"@type":"ListItem","position":1,"name":"Accueil","item":"https:\/\/vieassociative.be\/actualites\/"},{"@type":"ListItem","position":2,"name":"Les brins d&rsquo;aujourd&rsquo;hui noisent (et r\u00e9ponse) pour le samedi 29 juin 2024"}]},{"@type":"WebSite","@id":"https:\/\/vieassociative.be\/actualites\/#website","url":"https:\/\/vieassociative.be\/actualites\/","name":"Vie Associative","description":"","publisher":{"@id":"https:\/\/vieassociative.be\/actualites\/#organization"},"potentialAction":[{"@type":"SearchAction","target":{"@type":"EntryPoint","urlTemplate":"https:\/\/vieassociative.be\/actualites\/?s={search_term_string}"},"query-input":{"@type":"PropertyValueSpecification","valueRequired":true,"valueName":"search_term_string"}}],"inLanguage":"fr-BE"},{"@type":"Organization","@id":"https:\/\/vieassociative.be\/actualites\/#organization","name":"Vie Associative","url":"https:\/\/vieassociative.be\/actualites\/","logo":{"@type":"ImageObject","inLanguage":"fr-BE","@id":"https:\/\/vieassociative.be\/actualites\/#\/schema\/logo\/image\/","url":"https:\/\/vieassociative.be\/actualites\/wp-content\/uploads\/2024\/09\/cropped-vieassociative_favicon.ico.png","contentUrl":"https:\/\/vieassociative.be\/actualites\/wp-content\/uploads\/2024\/09\/cropped-vieassociative_favicon.ico.png","width":512,"height":512,"caption":"Vie Associative"},"image":{"@id":"https:\/\/vieassociative.be\/actualites\/#\/schema\/logo\/image\/"}},{"@type":"Person","@id":"https:\/\/vieassociative.be\/actualites\/#\/schema\/person\/b87ac4f82f9d4e7b7cec7395b679edc4","name":"Julien","image":{"@type":"ImageObject","inLanguage":"fr-BE","@id":"https:\/\/vieassociative.be\/actualites\/#\/schema\/person\/image\/","url":"https:\/\/vieassociative.be\/actualites\/wp-content\/uploads\/2024\/09\/vie-associative-1-150x150.jpg","contentUrl":"https:\/\/vieassociative.be\/actualites\/wp-content\/uploads\/2024\/09\/vie-associative-1-150x150.jpg","caption":"Julien"},"description":"Je suis Julien, r\u00e9dacteur pour Vie Associative. Passionn\u00e9 par le monde associatif depuis plus de 10 ans, j'ai \u00e0 c\u0153ur de partager des histoires inspirantes et de mettre en lumi\u00e8re les initiatives locales. Mon objectif est de sensibiliser et d'encourager l'engagement communautaire \u00e0 travers mes articles.","sameAs":["https:\/\/vieassociative.be\/"]}]}},"_links":{"self":[{"href":"https:\/\/vieassociative.be\/actualites\/wp-json\/wp\/v2\/posts\/4986"}],"collection":[{"href":"https:\/\/vieassociative.be\/actualites\/wp-json\/wp\/v2\/posts"}],"about":[{"href":"https:\/\/vieassociative.be\/actualites\/wp-json\/wp\/v2\/types\/post"}],"author":[{"embeddable":true,"href":"https:\/\/vieassociative.be\/actualites\/wp-json\/wp\/v2\/users\/1"}],"replies":[{"embeddable":true,"href":"https:\/\/vieassociative.be\/actualites\/wp-json\/wp\/v2\/comments?post=4986"}],"version-history":[{"count":0,"href":"https:\/\/vieassociative.be\/actualites\/wp-json\/wp\/v2\/posts\/4986\/revisions"}],"wp:featuredmedia":[{"embeddable":true,"href":"https:\/\/vieassociative.be\/actualites\/wp-json\/wp\/v2\/media\/4987"}],"wp:attachment":[{"href":"https:\/\/vieassociative.be\/actualites\/wp-json\/wp\/v2\/media?parent=4986"}],"wp:term":[{"taxonomy":"category","embeddable":true,"href":"https:\/\/vieassociative.be\/actualites\/wp-json\/wp\/v2\/categories?post=4986"},{"taxonomy":"post_tag","embeddable":true,"href":"https:\/\/vieassociative.be\/actualites\/wp-json\/wp\/v2\/tags?post=4986"}],"curies":[{"name":"wp","href":"https:\/\/api.w.org\/{rel}","templated":true}]}}