{"id":4984,"date":"2025-02-09T21:17:37","date_gmt":"2025-02-09T20:17:37","guid":{"rendered":"https:\/\/vieassociative.be\/actualites\/instructions-du-super-bowl-pour-parler-questions-et-reponses\/"},"modified":"2025-02-09T21:17:37","modified_gmt":"2025-02-09T20:17:37","slug":"instructions-du-super-bowl-pour-parler-questions-et-reponses","status":"publish","type":"post","link":"https:\/\/vieassociative.be\/actualites\/instructions-du-super-bowl-pour-parler-questions-et-reponses\/","title":{"rendered":"Instructions du Super Bowl pour parler (questions et r\u00e9ponses)"},"content":{"rendered":"<p><strong>Le Super Bowl augmentera aux \u00c9tats-Unis la nuit suivante (0,30 du matin\/RTL et DAZN). Il y a quelques informations ici pour tous ceux qui ne regardent pas le football am\u00e9ricain r\u00e9guli\u00e8rement, mais qui veulent toujours avoir leur mot \u00e0 dire.<\/strong><\/p>\n<p><span id=\"more-407835\"><\/span>Les Chiefs de Kansas City peuvent remporter le Super Bowl pour la troisi\u00e8me fois lundi (0,30 AM CET \/ RTL et DAZN) &#8211; cela n&rsquo;a jamais \u00e9t\u00e9 fait. L&rsquo;\u00e9quipe autour de Patrick Mahomes est dans la fa\u00e7on dont l&rsquo;\u00e9quipe des Eagles de Philadelphie. Les r\u00e9ponses aux questions les plus importantes afin d&rsquo;avoir leur mot \u00e0 dire lors d&rsquo;une f\u00eate du Super Bowl.<\/p>\n<p><strong>&#8211; Qui se rencontre?<\/strong><\/p>\n<p>Les Chiefs de Kansas City jouent contre les Eagles de Philadelphie. Les Chiefs sont des champions en titre et ont m\u00eame la chance de remporter le Super Bowl en s\u00e9rie pour la troisi\u00e8me fois. Il n&rsquo;y a jamais eu dans la NFL. Les deux \u00e9quipes se sont affront\u00e9es il y a deux ans. \u00c0 cette \u00e9poque, les Eagles ont jou\u00e9 une avance de dix points et ont perdu 35:38 \u00e0 la fin. Les Chiefs sont faciles pour les bookmakers, un match serr\u00e9 de deux tr\u00e8s bonnes \u00e9quipes est attendue.<\/p>\n<div id=\"attachment_407838\" class=\"wp-caption alignleft\" style=\"max-width: 300px\"><img fetchpriority=\"high\" decoding=\"async\" class=\"wp-image-407838 size-medium\" src=\"https:\/\/vieassociative.be\/actualites\/wp-content\/uploads\/2025\/02\/Instructions-du-Super-Bowl-pour-parler-questions-et-reponses.jpg\" alt=\"\" width=\"300\" height=\"200\"><\/p>\n<p class=\"wp-caption-text\">12.02.2023, \u00c9tats-Unis, Glendale: le quart-arri\u00e8re des chefs de Kansas City, Patrick Mahomes (15), d\u00e9tient le troph\u00e9e apr\u00e8s la victoire. Photo: Matt Slocum \/ AP \/ DPA<\/p>\n<\/div>\n<p><strong>&#8211; Pourquoi tout le monde parle-t-il de la trois \u00e9preuves?<\/strong><\/p>\n<p>Threepeat est un jeu de mots des mots anglais pour \u00ab\u00a0trois\u00a0\u00bb (trois) et \u00ab\u00a0r\u00e9p\u00e9ter\u00a0\u00bb (r\u00e9p\u00e9ter). Les Chiefs seraient la premi\u00e8re \u00e9quipe de la NFL \u00e0 remporter le Super Bowl trois fois en s\u00e9rie. L&rsquo;ancien entra\u00eeneur de Los Angeles Lakers, Pat Riley, avait m\u00eame le terme prot\u00e9g\u00e9 de la fin des ann\u00e9es 80. \u00c0 cette \u00e9poque, il a rat\u00e9 le troisi\u00e8me titre de la NBA avec les Lakers, mais a gagn\u00e9 beaucoup d&rsquo;argent depuis lors des droits de licence et, selon ses propres d\u00e9clarations, les utilise avant tout pour financer sa fondation.<\/p>\n<p><strong>&#8211; Quels noms devrais-je savoir pour avoir son mot \u00e0 dire?<\/strong><\/p>\n<p>Patrick Mahomes: Le joueur de 29 ans est le quart des Chiefs de Kansas City et le joueur le plus important du champion en titre. Mahomes m\u00e8ne l&rsquo;offensive et, avec ses r\u00e9alisations dans les grands matchs des derni\u00e8res ann\u00e9es, a assur\u00e9 une confiance en soi presque in\u00e9branlable de ses co\u00e9quipiers &#8211; selon la devise: si les choses sortent du dos, nous pouvons compter sur lui et ses id\u00e9es.<\/p>\n<p>Travis Kelce: Le num\u00e9ro 87 des Chiefs est la Playstation pr\u00e9f\u00e9r\u00e9e de Patrick Mahomes et \u00e0 sa mani\u00e8re de Thomas M\u00fcller du football am\u00e9ricain &#8211; il trouve des espaces que d&rsquo;autres ne reconnaissent pas. Il est \u00e9galement en relation avec la superstar de la pop Taylor Swift et donc souvent un probl\u00e8me dans les m\u00e9dias am\u00e9ricains o\u00f9 il ne s&rsquo;agit pas principalement du football.<\/p>\n<div id=\"attachment_407839\" class=\"wp-caption alignleft\" style=\"max-width: 300px\"><img decoding=\"async\" class=\"wp-image-407839 size-medium\" src=\"https:\/\/vieassociative.be\/actualites\/wp-content\/uploads\/2025\/02\/1739132257_464_Instructions-du-Super-Bowl-pour-parler-questions-et-reponses.jpg\" alt=\"\" width=\"300\" height=\"200\"><\/p>\n<p class=\"wp-caption-text\">26\/01\/2025, \u00c9tats-Unis, Kansas City: Kansas City Chiefs End, Travis Kelce, \u00e0 droite, est f\u00e9licit\u00e9 par Taylor Swift. Photo: Charlie Riedel \/ AP \/ DPA<\/p>\n<\/div>\n<p>Jalen Hurts: Le quart des Eagles de Philadelphie \u00e9tait l\u00e0 il y a deux ans lorsque les Eagles ont toujours donn\u00e9 une avance de dix points contre les Chiefs et ont perdu le Super Bowl LVII 35:38. Hurts n&rsquo;est pas aussi spectaculaire dans son jeu que Mahomes, mais en tant que coureur pour la d\u00e9fense des Chiefs. C&rsquo;est aussi une partie centrale de la \u00ab\u00a0pouss\u00e9e de tush\u00a0\u00bb, dans laquelle ses co\u00e9quipiers le poussent simplement vers de courtes distances.<\/p>\n<p>SAQUON BARKLEY: Barkley n&rsquo;\u00e9tait pas dans l&rsquo;\u00e9quipe des Eagles il y a deux ans, il n&rsquo;est venu dans l&rsquo;\u00e9quipe qu&rsquo;avant cette saison et est devenu le joueur offensif le plus important. Le porteur de ballon avec le ballon \u00e0 la main \u00e9tait \u00e0 plus de 2000 m\u00e8tres, comment il laisse ses adversaires sortir ou divis\u00e9s est parfois aussi fou. Inoubliable: En novembre, il a saut\u00e9 par-dessus un adversaire &#8211; en arri\u00e8re.<\/p>\n<p><strong>&#8211; O\u00f9 se d\u00e9roule le Super Bowl?<\/strong><\/p>\n<p>La ville h\u00f4te du 59e Super Bowl est la Nouvelle-Orl\u00e9ans pour la douzi\u00e8me fois, le jeu le plus important de la saison se d\u00e9roule dans la ville de l&rsquo;\u00c9tat am\u00e9ricain de Louisiane. Le Superdome au c\u0153ur de la ville est le stade pour la huiti\u00e8me fois dimanche (heure locale). Un peu plus d&rsquo;un mois apr\u00e8s l&rsquo;attaque terroriste dans le quartier populaire du quartier fran\u00e7ais, les mesures de s\u00e9curit\u00e9 de la ville sont au plus haut niveau.<\/p>\n<div id=\"attachment_407841\" class=\"wp-caption alignleft\" style=\"max-width: 300px\"><img decoding=\"async\" class=\"wp-image-407841 size-medium\" src=\"https:\/\/vieassociative.be\/actualites\/wp-content\/uploads\/2025\/02\/1739132257_908_Instructions-du-Super-Bowl-pour-parler-questions-et-reponses.jpg\" alt=\"\" width=\"300\" height=\"200\"><\/p>\n<p class=\"wp-caption-text\">Le spectacle de la mi-temps du Super Bowl Lix Kendrick Lamar signifie des photographes lors d&rsquo;une conf\u00e9rence de presse avant le 59e Super Bowl de la NFL. Photo: Matt York \/ AP \/ DPA<\/p>\n<\/div>\n<p><strong>&#8211; Qui appara\u00eet \u00e0 moiti\u00e9-temps?<\/strong><\/p>\n<p>Kendrick Lamar est le principal acte de cette ann\u00e9e. La star du rap et du hip-hop a connu une ann\u00e9e extr\u00eamement r\u00e9ussie, son succ\u00e8s \u00ab\u00a0They Not n&rsquo;aime Us\u00a0\u00bb est omnipr\u00e9sent dans la r\u00e9gion du Super Bowl. Il est connu que le vainqueur des Grammy aura la chanteuse SZA sur sc\u00e8ne et veut raconter \u00ab\u00a0une histoire\u00a0\u00bb pendant les 13 minutes qu&rsquo;il a disponibles. Sinon, le spectacle est toujours un grand secret. L&rsquo;hymne national chante Jon Batiste.<\/p>\n<p><strong>Qui d&rsquo;autre est dans le stade?<\/strong><\/p>\n<p>Donald Trump a lui-m\u00eame annonc\u00e9 et est le premier pr\u00e9sident am\u00e9ricain par int\u00e9rim \u00e0 suivre un Super Bowl en direct dans le stade. Jill Biden, l&rsquo;\u00e9pouse du pr\u00e9d\u00e9cesseur de Trump, Joe Biden, est un grand fan des Eagles de Philadelphie et veut \u00e9galement \u00eatre sur place parmi les 76 000 spectateurs attendus. La superstar pop Taylor Swift sera applaudi par les tribunes de son amie Travis Kelce. Les m\u00e9dias am\u00e9ricains s&rsquo;attendent \u00e9galement \u00e0 ce que Will Smith, Kevin Hart et Bradley Cooper en tant que fans des Eagles et Brad Pitt, Jason Sudeikis et Paul Rudd, qui sont partisans des chefs. (DPA)<\/p>\n","protected":false},"excerpt":{"rendered":"<p>Le Super Bowl augmentera aux \u00c9tats-Unis la nuit suivante (0,30 du matin\/RTL et DAZN). Il y a quelques informations ici pour tous ceux qui ne<\/p>\n","protected":false},"author":1,"featured_media":4985,"comment_status":"","ping_status":"","sticky":false,"template":"","format":"standard","meta":{"footnotes":""},"categories":[298],"tags":[2811,5256,438,81,481,1882,2810],"class_list":["post-4984","post","type-post","status-publish","format-standard","has-post-thumbnail","hentry","category-belgique","tag-bowl","tag-instructions","tag-parler","tag-pour","tag-questions","tag-reponses","tag-super","generate-columns","tablet-grid-50","mobile-grid-100","grid-parent","grid-33"],"yoast_head":"<!-- This site is optimized with the Yoast SEO plugin v24.0 - https:\/\/yoast.com\/wordpress\/plugins\/seo\/ -->\n<title>Instructions du Super Bowl pour parler (questions et r\u00e9ponses) | Vie Associative<\/title>\n<meta name=\"robots\" content=\"index, follow, max-snippet:-1, max-image-preview:large, max-video-preview:-1\" \/>\n<link rel=\"canonical\" href=\"https:\/\/vieassociative.be\/actualites\/instructions-du-super-bowl-pour-parler-questions-et-reponses\/\" \/>\n<meta property=\"og:locale\" content=\"fr_FR\" \/>\n<meta property=\"og:type\" content=\"article\" \/>\n<meta property=\"og:title\" content=\"Instructions du Super Bowl pour parler (questions et r\u00e9ponses) | Vie Associative\" \/>\n<meta property=\"og:description\" content=\"Le Super Bowl augmentera aux \u00c9tats-Unis la nuit suivante (0,30 du matin\/RTL et DAZN). Il y a quelques informations ici pour tous ceux qui ne\" \/>\n<meta property=\"og:url\" content=\"https:\/\/vieassociative.be\/actualites\/instructions-du-super-bowl-pour-parler-questions-et-reponses\/\" \/>\n<meta property=\"og:site_name\" content=\"Vie Associative\" \/>\n<meta property=\"article:published_time\" content=\"2025-02-09T20:17:37+00:00\" \/>\n<meta property=\"og:image\" content=\"https:\/\/vieassociative.be\/actualites\/wp-content\/uploads\/2024\/09\/header_backgroundk-01-e1726694325946.png\" \/>\n\t<meta property=\"og:image:width\" content=\"279\" \/>\n\t<meta property=\"og:image:height\" content=\"92\" \/>\n\t<meta property=\"og:image:type\" content=\"image\/png\" \/>\n<meta name=\"author\" content=\"Julien\" \/>\n<meta name=\"twitter:card\" content=\"summary_large_image\" \/>\n<meta name=\"twitter:label1\" content=\"\u00c9crit par\" \/>\n\t<meta name=\"twitter:data1\" content=\"Julien\" \/>\n\t<meta name=\"twitter:label2\" content=\"Dur\u00e9e de lecture est.\" \/>\n\t<meta name=\"twitter:data2\" content=\"5 minutes\" \/>\n<script type=\"application\/ld+json\" class=\"yoast-schema-graph\">{\"@context\":\"https:\/\/schema.org\",\"@graph\":[{\"@type\":\"Article\",\"@id\":\"https:\/\/vieassociative.be\/actualites\/instructions-du-super-bowl-pour-parler-questions-et-reponses\/#article\",\"isPartOf\":{\"@id\":\"https:\/\/vieassociative.be\/actualites\/instructions-du-super-bowl-pour-parler-questions-et-reponses\/\"},\"author\":{\"name\":\"Julien\",\"@id\":\"https:\/\/vieassociative.be\/actualites\/#\/schema\/person\/b87ac4f82f9d4e7b7cec7395b679edc4\"},\"headline\":\"Instructions du Super Bowl pour parler (questions et r\u00e9ponses)\",\"datePublished\":\"2025-02-09T20:17:37+00:00\",\"dateModified\":\"2025-02-09T20:17:37+00:00\",\"mainEntityOfPage\":{\"@id\":\"https:\/\/vieassociative.be\/actualites\/instructions-du-super-bowl-pour-parler-questions-et-reponses\/\"},\"wordCount\":1029,\"publisher\":{\"@id\":\"https:\/\/vieassociative.be\/actualites\/#organization\"},\"image\":{\"@id\":\"https:\/\/vieassociative.be\/actualites\/instructions-du-super-bowl-pour-parler-questions-et-reponses\/#primaryimage\"},\"thumbnailUrl\":\"https:\/\/vieassociative.be\/actualites\/wp-content\/uploads\/2025\/02\/1739132257_Instructions-du-Super-Bowl-pour-parler-questions-et-reponses.jpg\",\"keywords\":[\"Bowl\",\"Instructions\",\"parler\",\"pour\",\"questions\",\"r\u00e9ponses\",\"Super\"],\"articleSection\":[\"Belgique\"],\"inLanguage\":\"fr-BE\"},{\"@type\":\"WebPage\",\"@id\":\"https:\/\/vieassociative.be\/actualites\/instructions-du-super-bowl-pour-parler-questions-et-reponses\/\",\"url\":\"https:\/\/vieassociative.be\/actualites\/instructions-du-super-bowl-pour-parler-questions-et-reponses\/\",\"name\":\"Instructions du Super Bowl pour parler (questions et r\u00e9ponses) | Vie Associative\",\"isPartOf\":{\"@id\":\"https:\/\/vieassociative.be\/actualites\/#website\"},\"primaryImageOfPage\":{\"@id\":\"https:\/\/vieassociative.be\/actualites\/instructions-du-super-bowl-pour-parler-questions-et-reponses\/#primaryimage\"},\"image\":{\"@id\":\"https:\/\/vieassociative.be\/actualites\/instructions-du-super-bowl-pour-parler-questions-et-reponses\/#primaryimage\"},\"thumbnailUrl\":\"https:\/\/vieassociative.be\/actualites\/wp-content\/uploads\/2025\/02\/1739132257_Instructions-du-Super-Bowl-pour-parler-questions-et-reponses.jpg\",\"datePublished\":\"2025-02-09T20:17:37+00:00\",\"dateModified\":\"2025-02-09T20:17:37+00:00\",\"breadcrumb\":{\"@id\":\"https:\/\/vieassociative.be\/actualites\/instructions-du-super-bowl-pour-parler-questions-et-reponses\/#breadcrumb\"},\"inLanguage\":\"fr-BE\",\"potentialAction\":[{\"@type\":\"ReadAction\",\"target\":[\"https:\/\/vieassociative.be\/actualites\/instructions-du-super-bowl-pour-parler-questions-et-reponses\/\"]}]},{\"@type\":\"ImageObject\",\"inLanguage\":\"fr-BE\",\"@id\":\"https:\/\/vieassociative.be\/actualites\/instructions-du-super-bowl-pour-parler-questions-et-reponses\/#primaryimage\",\"url\":\"https:\/\/vieassociative.be\/actualites\/wp-content\/uploads\/2025\/02\/1739132257_Instructions-du-Super-Bowl-pour-parler-questions-et-reponses.jpg\",\"contentUrl\":\"https:\/\/vieassociative.be\/actualites\/wp-content\/uploads\/2025\/02\/1739132257_Instructions-du-Super-Bowl-pour-parler-questions-et-reponses.jpg\",\"width\":1200,\"height\":800,\"caption\":\"Instructions du Super Bowl pour parler (questions et r\u00e9ponses)\"},{\"@type\":\"BreadcrumbList\",\"@id\":\"https:\/\/vieassociative.be\/actualites\/instructions-du-super-bowl-pour-parler-questions-et-reponses\/#breadcrumb\",\"itemListElement\":[{\"@type\":\"ListItem\",\"position\":1,\"name\":\"Accueil\",\"item\":\"https:\/\/vieassociative.be\/actualites\/\"},{\"@type\":\"ListItem\",\"position\":2,\"name\":\"Instructions du Super Bowl pour parler (questions et r\u00e9ponses)\"}]},{\"@type\":\"WebSite\",\"@id\":\"https:\/\/vieassociative.be\/actualites\/#website\",\"url\":\"https:\/\/vieassociative.be\/actualites\/\",\"name\":\"Vie Associative\",\"description\":\"\",\"publisher\":{\"@id\":\"https:\/\/vieassociative.be\/actualites\/#organization\"},\"potentialAction\":[{\"@type\":\"SearchAction\",\"target\":{\"@type\":\"EntryPoint\",\"urlTemplate\":\"https:\/\/vieassociative.be\/actualites\/?s={search_term_string}\"},\"query-input\":{\"@type\":\"PropertyValueSpecification\",\"valueRequired\":true,\"valueName\":\"search_term_string\"}}],\"inLanguage\":\"fr-BE\"},{\"@type\":\"Organization\",\"@id\":\"https:\/\/vieassociative.be\/actualites\/#organization\",\"name\":\"Vie Associative\",\"url\":\"https:\/\/vieassociative.be\/actualites\/\",\"logo\":{\"@type\":\"ImageObject\",\"inLanguage\":\"fr-BE\",\"@id\":\"https:\/\/vieassociative.be\/actualites\/#\/schema\/logo\/image\/\",\"url\":\"https:\/\/vieassociative.be\/actualites\/wp-content\/uploads\/2024\/09\/cropped-vieassociative_favicon.ico.png\",\"contentUrl\":\"https:\/\/vieassociative.be\/actualites\/wp-content\/uploads\/2024\/09\/cropped-vieassociative_favicon.ico.png\",\"width\":512,\"height\":512,\"caption\":\"Vie Associative\"},\"image\":{\"@id\":\"https:\/\/vieassociative.be\/actualites\/#\/schema\/logo\/image\/\"}},{\"@type\":\"Person\",\"@id\":\"https:\/\/vieassociative.be\/actualites\/#\/schema\/person\/b87ac4f82f9d4e7b7cec7395b679edc4\",\"name\":\"Julien\",\"image\":{\"@type\":\"ImageObject\",\"inLanguage\":\"fr-BE\",\"@id\":\"https:\/\/vieassociative.be\/actualites\/#\/schema\/person\/image\/\",\"url\":\"https:\/\/vieassociative.be\/actualites\/wp-content\/uploads\/2024\/09\/vie-associative-1-150x150.jpg\",\"contentUrl\":\"https:\/\/vieassociative.be\/actualites\/wp-content\/uploads\/2024\/09\/vie-associative-1-150x150.jpg\",\"caption\":\"Julien\"},\"description\":\"Je suis Julien, r\u00e9dacteur pour Vie Associative. Passionn\u00e9 par le monde associatif depuis plus de 10 ans, j'ai \u00e0 c\u0153ur de partager des histoires inspirantes et de mettre en lumi\u00e8re les initiatives locales. Mon objectif est de sensibiliser et d'encourager l'engagement communautaire \u00e0 travers mes articles.\",\"sameAs\":[\"https:\/\/vieassociative.be\/\"]}]}<\/script>\n<!-- \/ Yoast SEO plugin. -->","yoast_head_json":{"title":"Instructions du Super Bowl pour parler (questions et r\u00e9ponses) | Vie Associative","robots":{"index":"index","follow":"follow","max-snippet":"max-snippet:-1","max-image-preview":"max-image-preview:large","max-video-preview":"max-video-preview:-1"},"canonical":"https:\/\/vieassociative.be\/actualites\/instructions-du-super-bowl-pour-parler-questions-et-reponses\/","og_locale":"fr_FR","og_type":"article","og_title":"Instructions du Super Bowl pour parler (questions et r\u00e9ponses) | Vie Associative","og_description":"Le Super Bowl augmentera aux \u00c9tats-Unis la nuit suivante (0,30 du matin\/RTL et DAZN). Il y a quelques informations ici pour tous ceux qui ne","og_url":"https:\/\/vieassociative.be\/actualites\/instructions-du-super-bowl-pour-parler-questions-et-reponses\/","og_site_name":"Vie Associative","article_published_time":"2025-02-09T20:17:37+00:00","og_image":[{"width":279,"height":92,"url":"https:\/\/vieassociative.be\/actualites\/wp-content\/uploads\/2024\/09\/header_backgroundk-01-e1726694325946.png","type":"image\/png"}],"author":"Julien","twitter_card":"summary_large_image","twitter_misc":{"\u00c9crit par":"Julien","Dur\u00e9e de lecture est.":"5 minutes"},"schema":{"@context":"https:\/\/schema.org","@graph":[{"@type":"Article","@id":"https:\/\/vieassociative.be\/actualites\/instructions-du-super-bowl-pour-parler-questions-et-reponses\/#article","isPartOf":{"@id":"https:\/\/vieassociative.be\/actualites\/instructions-du-super-bowl-pour-parler-questions-et-reponses\/"},"author":{"name":"Julien","@id":"https:\/\/vieassociative.be\/actualites\/#\/schema\/person\/b87ac4f82f9d4e7b7cec7395b679edc4"},"headline":"Instructions du Super Bowl pour parler (questions et r\u00e9ponses)","datePublished":"2025-02-09T20:17:37+00:00","dateModified":"2025-02-09T20:17:37+00:00","mainEntityOfPage":{"@id":"https:\/\/vieassociative.be\/actualites\/instructions-du-super-bowl-pour-parler-questions-et-reponses\/"},"wordCount":1029,"publisher":{"@id":"https:\/\/vieassociative.be\/actualites\/#organization"},"image":{"@id":"https:\/\/vieassociative.be\/actualites\/instructions-du-super-bowl-pour-parler-questions-et-reponses\/#primaryimage"},"thumbnailUrl":"https:\/\/vieassociative.be\/actualites\/wp-content\/uploads\/2025\/02\/1739132257_Instructions-du-Super-Bowl-pour-parler-questions-et-reponses.jpg","keywords":["Bowl","Instructions","parler","pour","questions","r\u00e9ponses","Super"],"articleSection":["Belgique"],"inLanguage":"fr-BE"},{"@type":"WebPage","@id":"https:\/\/vieassociative.be\/actualites\/instructions-du-super-bowl-pour-parler-questions-et-reponses\/","url":"https:\/\/vieassociative.be\/actualites\/instructions-du-super-bowl-pour-parler-questions-et-reponses\/","name":"Instructions du Super Bowl pour parler (questions et r\u00e9ponses) | Vie Associative","isPartOf":{"@id":"https:\/\/vieassociative.be\/actualites\/#website"},"primaryImageOfPage":{"@id":"https:\/\/vieassociative.be\/actualites\/instructions-du-super-bowl-pour-parler-questions-et-reponses\/#primaryimage"},"image":{"@id":"https:\/\/vieassociative.be\/actualites\/instructions-du-super-bowl-pour-parler-questions-et-reponses\/#primaryimage"},"thumbnailUrl":"https:\/\/vieassociative.be\/actualites\/wp-content\/uploads\/2025\/02\/1739132257_Instructions-du-Super-Bowl-pour-parler-questions-et-reponses.jpg","datePublished":"2025-02-09T20:17:37+00:00","dateModified":"2025-02-09T20:17:37+00:00","breadcrumb":{"@id":"https:\/\/vieassociative.be\/actualites\/instructions-du-super-bowl-pour-parler-questions-et-reponses\/#breadcrumb"},"inLanguage":"fr-BE","potentialAction":[{"@type":"ReadAction","target":["https:\/\/vieassociative.be\/actualites\/instructions-du-super-bowl-pour-parler-questions-et-reponses\/"]}]},{"@type":"ImageObject","inLanguage":"fr-BE","@id":"https:\/\/vieassociative.be\/actualites\/instructions-du-super-bowl-pour-parler-questions-et-reponses\/#primaryimage","url":"https:\/\/vieassociative.be\/actualites\/wp-content\/uploads\/2025\/02\/1739132257_Instructions-du-Super-Bowl-pour-parler-questions-et-reponses.jpg","contentUrl":"https:\/\/vieassociative.be\/actualites\/wp-content\/uploads\/2025\/02\/1739132257_Instructions-du-Super-Bowl-pour-parler-questions-et-reponses.jpg","width":1200,"height":800,"caption":"Instructions du Super Bowl pour parler (questions et r\u00e9ponses)"},{"@type":"BreadcrumbList","@id":"https:\/\/vieassociative.be\/actualites\/instructions-du-super-bowl-pour-parler-questions-et-reponses\/#breadcrumb","itemListElement":[{"@type":"ListItem","position":1,"name":"Accueil","item":"https:\/\/vieassociative.be\/actualites\/"},{"@type":"ListItem","position":2,"name":"Instructions du Super Bowl pour parler (questions et r\u00e9ponses)"}]},{"@type":"WebSite","@id":"https:\/\/vieassociative.be\/actualites\/#website","url":"https:\/\/vieassociative.be\/actualites\/","name":"Vie Associative","description":"","publisher":{"@id":"https:\/\/vieassociative.be\/actualites\/#organization"},"potentialAction":[{"@type":"SearchAction","target":{"@type":"EntryPoint","urlTemplate":"https:\/\/vieassociative.be\/actualites\/?s={search_term_string}"},"query-input":{"@type":"PropertyValueSpecification","valueRequired":true,"valueName":"search_term_string"}}],"inLanguage":"fr-BE"},{"@type":"Organization","@id":"https:\/\/vieassociative.be\/actualites\/#organization","name":"Vie Associative","url":"https:\/\/vieassociative.be\/actualites\/","logo":{"@type":"ImageObject","inLanguage":"fr-BE","@id":"https:\/\/vieassociative.be\/actualites\/#\/schema\/logo\/image\/","url":"https:\/\/vieassociative.be\/actualites\/wp-content\/uploads\/2024\/09\/cropped-vieassociative_favicon.ico.png","contentUrl":"https:\/\/vieassociative.be\/actualites\/wp-content\/uploads\/2024\/09\/cropped-vieassociative_favicon.ico.png","width":512,"height":512,"caption":"Vie Associative"},"image":{"@id":"https:\/\/vieassociative.be\/actualites\/#\/schema\/logo\/image\/"}},{"@type":"Person","@id":"https:\/\/vieassociative.be\/actualites\/#\/schema\/person\/b87ac4f82f9d4e7b7cec7395b679edc4","name":"Julien","image":{"@type":"ImageObject","inLanguage":"fr-BE","@id":"https:\/\/vieassociative.be\/actualites\/#\/schema\/person\/image\/","url":"https:\/\/vieassociative.be\/actualites\/wp-content\/uploads\/2024\/09\/vie-associative-1-150x150.jpg","contentUrl":"https:\/\/vieassociative.be\/actualites\/wp-content\/uploads\/2024\/09\/vie-associative-1-150x150.jpg","caption":"Julien"},"description":"Je suis Julien, r\u00e9dacteur pour Vie Associative. Passionn\u00e9 par le monde associatif depuis plus de 10 ans, j'ai \u00e0 c\u0153ur de partager des histoires inspirantes et de mettre en lumi\u00e8re les initiatives locales. Mon objectif est de sensibiliser et d'encourager l'engagement communautaire \u00e0 travers mes articles.","sameAs":["https:\/\/vieassociative.be\/"]}]}},"_links":{"self":[{"href":"https:\/\/vieassociative.be\/actualites\/wp-json\/wp\/v2\/posts\/4984"}],"collection":[{"href":"https:\/\/vieassociative.be\/actualites\/wp-json\/wp\/v2\/posts"}],"about":[{"href":"https:\/\/vieassociative.be\/actualites\/wp-json\/wp\/v2\/types\/post"}],"author":[{"embeddable":true,"href":"https:\/\/vieassociative.be\/actualites\/wp-json\/wp\/v2\/users\/1"}],"replies":[{"embeddable":true,"href":"https:\/\/vieassociative.be\/actualites\/wp-json\/wp\/v2\/comments?post=4984"}],"version-history":[{"count":0,"href":"https:\/\/vieassociative.be\/actualites\/wp-json\/wp\/v2\/posts\/4984\/revisions"}],"wp:featuredmedia":[{"embeddable":true,"href":"https:\/\/vieassociative.be\/actualites\/wp-json\/wp\/v2\/media\/4985"}],"wp:attachment":[{"href":"https:\/\/vieassociative.be\/actualites\/wp-json\/wp\/v2\/media?parent=4984"}],"wp:term":[{"taxonomy":"category","embeddable":true,"href":"https:\/\/vieassociative.be\/actualites\/wp-json\/wp\/v2\/categories?post=4984"},{"taxonomy":"post_tag","embeddable":true,"href":"https:\/\/vieassociative.be\/actualites\/wp-json\/wp\/v2\/tags?post=4984"}],"curies":[{"name":"wp","href":"https:\/\/api.w.org\/{rel}","templated":true}]}}