{"id":4982,"date":"2025-02-09T20:24:32","date_gmt":"2025-02-09T19:24:32","guid":{"rendered":"https:\/\/vieassociative.be\/actualites\/trump-a-interrompu-une-commande-qui-aurait-rendu-les-achats-shein-et-temu-plus-chers\/"},"modified":"2025-02-09T20:24:32","modified_gmt":"2025-02-09T19:24:32","slug":"trump-a-interrompu-une-commande-qui-aurait-rendu-les-achats-shein-et-temu-plus-chers","status":"publish","type":"post","link":"https:\/\/vieassociative.be\/actualites\/trump-a-interrompu-une-commande-qui-aurait-rendu-les-achats-shein-et-temu-plus-chers\/","title":{"rendered":"Trump a interrompu une commande qui aurait rendu les achats Shein et Temu plus chers"},"content":{"rendered":"<div class=\"mt-4 leading-6 md:mb-8\">L&rsquo;USPS reprendra l&rsquo;exp\u00e9dition des forfaits chinois, mais avec des frais suppl\u00e9mentaires.<\/div>\n<p><\/p>\n<p>Apr\u00e8s une br\u00e8ve peur le 4 f\u00e9vrier, l&rsquo;USPS a lev\u00e9 la suspension d&rsquo;exp\u00e9dition la plus courte au monde, confirmant qu&rsquo;elle continuera de livrer des forfaits de Chine et de Hong Kong aux \u00c9tats-Unis, bien que ces forfaits puissent encore devenir plus chers bient\u00f4t.<\/p>\n<p>La nouvelle suit un arr\u00eat temporaire sur les parcelles chinoises r\u00e9sultant du d\u00e9cret ex\u00e9cutif du 1er f\u00e9vrier du pr\u00e9sident Trump qui appliquait un tarif de 10% aux produits chinois et a lev\u00e9 l&rsquo;exemption de minimis pour les exp\u00e9ditions en provenance de Chine. L&rsquo;USPS indique qu&rsquo;il travaille actuellement sur un plan pour mettre en \u0153uvre ces frais avec la \u00abmoindre perturbation de la livraison des emballages\u00bb, mais qu&rsquo;elle continuera d&rsquo;accepter les packages impact\u00e9s entre-temps.<\/p>\n<p>Alors que d&rsquo;autres services d&rsquo;exp\u00e9dition comme UPS ou FedEx n&rsquo;ont pas encore annonc\u00e9 leurs propres r\u00e9ponses \u00e0 la commande du pr\u00e9sident, tout devra \u00e9laborer une sorte de plan. Pourtant, il semble que vos grands-parents \u00e0 l&rsquo;\u00e9tranger pourront toujours vous envoyer des forfaits de soins. Mais cela ne signifie pas que nous sommes encore hors des bois. Alors que les packages continueront de circuler, attendez-vous \u00e0 des retards \u00e0 mesure que les exp\u00e9diteurs apprennent \u00e0 naviguer \u00e9galement pour que les prix augmentent.<\/p>\n<p>Alors qu&rsquo;un tarif de 10% est assez explicite (les marchandises du pays tarifl\u00e9 seront 10% plus co\u00fbteuses \u00e0 importer), la perte de l&rsquo;exemption de minimis est un peu plus difficile \u00e0 comprendre et est probablement une \u00e9pine majeure dans le c\u00f4t\u00e9 des march\u00e9s chinois en ligne \u00e0 faible co\u00fbt comme Shein et Temu. Notez que ceux-ci s&rsquo;appliqueront en plus du tarif de 10%, cependant, leur demande a \u00e9t\u00e9 temporairement interrompue \u00e0 la suite d&rsquo;un d\u00e9cret ex\u00e9cutif publi\u00e9 le matin du 7 f\u00e9vrier. <\/p>\n<p>Promulgu\u00e9e en 1930, l&rsquo;exemption de minimis \u00e9tait destin\u00e9e \u00e0 ce que les \u00c9tats-Unis se sauvent des tracas, en renon\u00e7ant \u00e0 des t\u00e2ches et des frais sur les exp\u00e9ditions internationales o\u00f9 les revenus collect\u00e9s prendraient plus d&rsquo;efforts pour facturer que le gouvernement en retirerait. Il s&rsquo;applique g\u00e9n\u00e9ralement \u00e0 tous les packages d&rsquo;une valeur de moins de 800 $, ce qui a \u00e9t\u00e9 une aubaine pour le commerce \u00e9lectronique en ligne, car les soci\u00e9t\u00e9s \u00e0 l&rsquo;\u00e9tranger \u00e9taient essentiellement en mesure d&rsquo;exp\u00e9dier de petits forfaits directement aux consommateurs am\u00e9ricains. Selon un rapport du comit\u00e9 du Congr\u00e8s am\u00e9ricain en 2023 cit\u00e9 par Reuters, pr\u00e8s de la moiti\u00e9 de toutes les exemptions de minimis \u00e0 ce point ont \u00e9t\u00e9 pour les forfaits chinois, avec 30% des exp\u00e9ditions quotidiennes de minimis provenant de Temu et Shein.<\/p>\n<p>Les protections qui s&rsquo;\u00e9loignent \u00e0 un moment donn\u00e9 de l&rsquo;avenir, ont d\u00e9clar\u00e9 que les magasins seraient d\u00e9sormais soumis aux douanes sur toutes les marchandises, en plus du tarif de 10%, qui pourrait augmenter les prix et les d\u00e9lais d&rsquo;exp\u00e9dition. Les magasins am\u00e9ricains qui reposent sur des entrep\u00f4ts chinois, tels que le transport d&rsquo;Amazon, pourraient \u00e9galement \u00eatre touch\u00e9s.<\/p>\n<p>Il n&rsquo;est pas clair \u00e0 ce stade de la quantit\u00e9 de cette douleur suppl\u00e9mentaire transmise aux clients. S&rsquo;adressant \u00e0 Reuters, le PDG du logiciel de gestion des entrep\u00f4ts Shiphero, Aaron Rubin, a d\u00e9clar\u00e9 que les frais sont \u00abprobablement environ 5 points de diff\u00e9rence de marge, en utilisant de minimis ou non, et que les entreprises de commerce \u00e9lectronique ont g\u00e9n\u00e9ralement une marge de 10% ou 15%, donc donc C&rsquo;est un impact tr\u00e8s significatif \u00bb<\/p>\n<p>\u00c0 l&rsquo;inverse, le professeur Sheng Lu de l&rsquo;Universit\u00e9 du Delaware et des \u00e9tudes sur les v\u00eatements, Sheng Lu, a d\u00e9clar\u00e9 que les nouvelles r\u00e8gles ne pourraient ajouter que quelques cents \u00e0 chaque produit. Cependant, malgr\u00e9 son apparence comme une modeste hausse des prix, cela pourrait encore avoir un impact consid\u00e9rable sur les petites entreprises chinoises qui n&rsquo;ont pas les ressources absorbant les co\u00fbts que Temu ou Shein font.<\/p>\n<p>Notez que l&rsquo;exemption de minimis dans son ensemble n&rsquo;a pas disparu &#8211; les nouvelles r\u00e8gles de Trump ne sont actuellement dirig\u00e9es que vers la Chine (\u00e0 l&rsquo;origine, ils auraient \u00e9galement eu un impact sur le Canada et le Mexique, mais les r\u00e9cents accords du pr\u00e9sident avec ces pays leur ont donn\u00e9 un s\u00e9jour de 30 jours sur l&rsquo;application pour l&rsquo;instant). Dans cet esprit, il est possible que la version de Temu d&rsquo;un autre pays puisse d\u00e9tr\u00f4ner le g\u00e9ant du commerce \u00e9lectronique, ou que les exp\u00e9diteurs chinois pourraient mettre en place des entrep\u00f4ts internationaux pour r\u00e9duire l\u00e9g\u00e8rement leurs frais.<\/p>\n<p>Cependant, il faudra maintenant un certain temps pour ressentir le plein impact des changements. Alors que le tarif de 10% contre la Chine se d\u00e9roule comme d&rsquo;habitude, la Chine b\u00e9n\u00e9ficiera toujours d&rsquo;une exemption de minimis jusqu&rsquo;\u00e0 ce que le secr\u00e9taire au commerce d\u00e9termine que \u00ab\u00a0des syst\u00e8mes ad\u00e9quats sont en place pour traiter pleinement et rapidement et percevoir les revenus tarifaires\u00a0\u00bb.<\/p>\n","protected":false},"excerpt":{"rendered":"<p>L&rsquo;USPS reprendra l&rsquo;exp\u00e9dition des forfaits chinois, mais avec des frais suppl\u00e9mentaires. Apr\u00e8s une br\u00e8ve peur le 4 f\u00e9vrier, l&rsquo;USPS a lev\u00e9 la suspension d&rsquo;exp\u00e9dition la<\/p>\n","protected":false},"author":1,"featured_media":4983,"comment_status":"","ping_status":"","sticky":false,"template":"","format":"standard","meta":{"footnotes":""},"categories":[41],"tags":[1149,5252,4753,1152,5251,14,99,5253,5254,5255,2425,110],"class_list":["post-4982","post","type-post","status-publish","format-standard","has-post-thumbnail","hentry","category-argent","tag-achats","tag-aurait","tag-chers","tag-commande","tag-interrompu","tag-les","tag-qui","tag-rendu","tag-shein","tag-temu","tag-trump","tag-une","generate-columns","tablet-grid-50","mobile-grid-100","grid-parent","grid-33"],"yoast_head":"<!-- This site is optimized with the Yoast SEO plugin v24.0 - https:\/\/yoast.com\/wordpress\/plugins\/seo\/ -->\n<title>Trump a interrompu une commande qui aurait rendu les achats Shein et Temu plus chers | Vie Associative<\/title>\n<meta name=\"robots\" content=\"index, follow, max-snippet:-1, max-image-preview:large, max-video-preview:-1\" \/>\n<link rel=\"canonical\" href=\"https:\/\/vieassociative.be\/actualites\/trump-a-interrompu-une-commande-qui-aurait-rendu-les-achats-shein-et-temu-plus-chers\/\" \/>\n<meta property=\"og:locale\" content=\"fr_FR\" \/>\n<meta property=\"og:type\" content=\"article\" \/>\n<meta property=\"og:title\" content=\"Trump a interrompu une commande qui aurait rendu les achats Shein et Temu plus chers | Vie Associative\" \/>\n<meta property=\"og:description\" content=\"L&rsquo;USPS reprendra l&rsquo;exp\u00e9dition des forfaits chinois, mais avec des frais suppl\u00e9mentaires. Apr\u00e8s une br\u00e8ve peur le 4 f\u00e9vrier, l&rsquo;USPS a lev\u00e9 la suspension d&rsquo;exp\u00e9dition la\" \/>\n<meta property=\"og:url\" content=\"https:\/\/vieassociative.be\/actualites\/trump-a-interrompu-une-commande-qui-aurait-rendu-les-achats-shein-et-temu-plus-chers\/\" \/>\n<meta property=\"og:site_name\" content=\"Vie Associative\" \/>\n<meta property=\"article:published_time\" content=\"2025-02-09T19:24:32+00:00\" \/>\n<meta property=\"og:image\" content=\"https:\/\/vieassociative.be\/actualites\/wp-content\/uploads\/2024\/09\/header_backgroundk-01-e1726694325946.png\" \/>\n\t<meta property=\"og:image:width\" content=\"279\" \/>\n\t<meta property=\"og:image:height\" content=\"92\" \/>\n\t<meta property=\"og:image:type\" content=\"image\/png\" \/>\n<meta name=\"author\" content=\"Julien\" \/>\n<meta name=\"twitter:card\" content=\"summary_large_image\" \/>\n<meta name=\"twitter:label1\" content=\"\u00c9crit par\" \/>\n\t<meta name=\"twitter:data1\" content=\"Julien\" \/>\n\t<meta name=\"twitter:label2\" content=\"Dur\u00e9e de lecture est.\" \/>\n\t<meta name=\"twitter:data2\" content=\"4 minutes\" \/>\n<script type=\"application\/ld+json\" class=\"yoast-schema-graph\">{\"@context\":\"https:\/\/schema.org\",\"@graph\":[{\"@type\":\"Article\",\"@id\":\"https:\/\/vieassociative.be\/actualites\/trump-a-interrompu-une-commande-qui-aurait-rendu-les-achats-shein-et-temu-plus-chers\/#article\",\"isPartOf\":{\"@id\":\"https:\/\/vieassociative.be\/actualites\/trump-a-interrompu-une-commande-qui-aurait-rendu-les-achats-shein-et-temu-plus-chers\/\"},\"author\":{\"name\":\"Julien\",\"@id\":\"https:\/\/vieassociative.be\/actualites\/#\/schema\/person\/b87ac4f82f9d4e7b7cec7395b679edc4\"},\"headline\":\"Trump a interrompu une commande qui aurait rendu les achats Shein et Temu plus chers\",\"datePublished\":\"2025-02-09T19:24:32+00:00\",\"dateModified\":\"2025-02-09T19:24:32+00:00\",\"mainEntityOfPage\":{\"@id\":\"https:\/\/vieassociative.be\/actualites\/trump-a-interrompu-une-commande-qui-aurait-rendu-les-achats-shein-et-temu-plus-chers\/\"},\"wordCount\":877,\"publisher\":{\"@id\":\"https:\/\/vieassociative.be\/actualites\/#organization\"},\"image\":{\"@id\":\"https:\/\/vieassociative.be\/actualites\/trump-a-interrompu-une-commande-qui-aurait-rendu-les-achats-shein-et-temu-plus-chers\/#primaryimage\"},\"thumbnailUrl\":\"https:\/\/vieassociative.be\/actualites\/wp-content\/uploads\/2025\/02\/Trump-a-interrompu-une-commande-qui-aurait-rendu-les-achats.png\",\"keywords\":[\"achats\",\"aurait\",\"chers\",\"commande\",\"interrompu\",\"Les\",\"qui\",\"rendu\",\"Shein\",\"Temu\",\"Trump\",\"une\"],\"articleSection\":[\"Argent\"],\"inLanguage\":\"fr-BE\"},{\"@type\":\"WebPage\",\"@id\":\"https:\/\/vieassociative.be\/actualites\/trump-a-interrompu-une-commande-qui-aurait-rendu-les-achats-shein-et-temu-plus-chers\/\",\"url\":\"https:\/\/vieassociative.be\/actualites\/trump-a-interrompu-une-commande-qui-aurait-rendu-les-achats-shein-et-temu-plus-chers\/\",\"name\":\"Trump a interrompu une commande qui aurait rendu les achats Shein et Temu plus chers | Vie Associative\",\"isPartOf\":{\"@id\":\"https:\/\/vieassociative.be\/actualites\/#website\"},\"primaryImageOfPage\":{\"@id\":\"https:\/\/vieassociative.be\/actualites\/trump-a-interrompu-une-commande-qui-aurait-rendu-les-achats-shein-et-temu-plus-chers\/#primaryimage\"},\"image\":{\"@id\":\"https:\/\/vieassociative.be\/actualites\/trump-a-interrompu-une-commande-qui-aurait-rendu-les-achats-shein-et-temu-plus-chers\/#primaryimage\"},\"thumbnailUrl\":\"https:\/\/vieassociative.be\/actualites\/wp-content\/uploads\/2025\/02\/Trump-a-interrompu-une-commande-qui-aurait-rendu-les-achats.png\",\"datePublished\":\"2025-02-09T19:24:32+00:00\",\"dateModified\":\"2025-02-09T19:24:32+00:00\",\"breadcrumb\":{\"@id\":\"https:\/\/vieassociative.be\/actualites\/trump-a-interrompu-une-commande-qui-aurait-rendu-les-achats-shein-et-temu-plus-chers\/#breadcrumb\"},\"inLanguage\":\"fr-BE\",\"potentialAction\":[{\"@type\":\"ReadAction\",\"target\":[\"https:\/\/vieassociative.be\/actualites\/trump-a-interrompu-une-commande-qui-aurait-rendu-les-achats-shein-et-temu-plus-chers\/\"]}]},{\"@type\":\"ImageObject\",\"inLanguage\":\"fr-BE\",\"@id\":\"https:\/\/vieassociative.be\/actualites\/trump-a-interrompu-une-commande-qui-aurait-rendu-les-achats-shein-et-temu-plus-chers\/#primaryimage\",\"url\":\"https:\/\/vieassociative.be\/actualites\/wp-content\/uploads\/2025\/02\/Trump-a-interrompu-une-commande-qui-aurait-rendu-les-achats.png\",\"contentUrl\":\"https:\/\/vieassociative.be\/actualites\/wp-content\/uploads\/2025\/02\/Trump-a-interrompu-une-commande-qui-aurait-rendu-les-achats.png\",\"width\":1200,\"height\":675,\"caption\":\"Trump a interrompu une commande qui aurait rendu les achats Shein et Temu plus chers\"},{\"@type\":\"BreadcrumbList\",\"@id\":\"https:\/\/vieassociative.be\/actualites\/trump-a-interrompu-une-commande-qui-aurait-rendu-les-achats-shein-et-temu-plus-chers\/#breadcrumb\",\"itemListElement\":[{\"@type\":\"ListItem\",\"position\":1,\"name\":\"Accueil\",\"item\":\"https:\/\/vieassociative.be\/actualites\/\"},{\"@type\":\"ListItem\",\"position\":2,\"name\":\"Trump a interrompu une commande qui aurait rendu les achats Shein et Temu plus chers\"}]},{\"@type\":\"WebSite\",\"@id\":\"https:\/\/vieassociative.be\/actualites\/#website\",\"url\":\"https:\/\/vieassociative.be\/actualites\/\",\"name\":\"Vie Associative\",\"description\":\"\",\"publisher\":{\"@id\":\"https:\/\/vieassociative.be\/actualites\/#organization\"},\"potentialAction\":[{\"@type\":\"SearchAction\",\"target\":{\"@type\":\"EntryPoint\",\"urlTemplate\":\"https:\/\/vieassociative.be\/actualites\/?s={search_term_string}\"},\"query-input\":{\"@type\":\"PropertyValueSpecification\",\"valueRequired\":true,\"valueName\":\"search_term_string\"}}],\"inLanguage\":\"fr-BE\"},{\"@type\":\"Organization\",\"@id\":\"https:\/\/vieassociative.be\/actualites\/#organization\",\"name\":\"Vie Associative\",\"url\":\"https:\/\/vieassociative.be\/actualites\/\",\"logo\":{\"@type\":\"ImageObject\",\"inLanguage\":\"fr-BE\",\"@id\":\"https:\/\/vieassociative.be\/actualites\/#\/schema\/logo\/image\/\",\"url\":\"https:\/\/vieassociative.be\/actualites\/wp-content\/uploads\/2024\/09\/cropped-vieassociative_favicon.ico.png\",\"contentUrl\":\"https:\/\/vieassociative.be\/actualites\/wp-content\/uploads\/2024\/09\/cropped-vieassociative_favicon.ico.png\",\"width\":512,\"height\":512,\"caption\":\"Vie Associative\"},\"image\":{\"@id\":\"https:\/\/vieassociative.be\/actualites\/#\/schema\/logo\/image\/\"}},{\"@type\":\"Person\",\"@id\":\"https:\/\/vieassociative.be\/actualites\/#\/schema\/person\/b87ac4f82f9d4e7b7cec7395b679edc4\",\"name\":\"Julien\",\"image\":{\"@type\":\"ImageObject\",\"inLanguage\":\"fr-BE\",\"@id\":\"https:\/\/vieassociative.be\/actualites\/#\/schema\/person\/image\/\",\"url\":\"https:\/\/vieassociative.be\/actualites\/wp-content\/uploads\/2024\/09\/vie-associative-1-150x150.jpg\",\"contentUrl\":\"https:\/\/vieassociative.be\/actualites\/wp-content\/uploads\/2024\/09\/vie-associative-1-150x150.jpg\",\"caption\":\"Julien\"},\"description\":\"Je suis Julien, r\u00e9dacteur pour Vie Associative. Passionn\u00e9 par le monde associatif depuis plus de 10 ans, j'ai \u00e0 c\u0153ur de partager des histoires inspirantes et de mettre en lumi\u00e8re les initiatives locales. Mon objectif est de sensibiliser et d'encourager l'engagement communautaire \u00e0 travers mes articles.\",\"sameAs\":[\"https:\/\/vieassociative.be\/\"]}]}<\/script>\n<!-- \/ Yoast SEO plugin. -->","yoast_head_json":{"title":"Trump a interrompu une commande qui aurait rendu les achats Shein et Temu plus chers | Vie Associative","robots":{"index":"index","follow":"follow","max-snippet":"max-snippet:-1","max-image-preview":"max-image-preview:large","max-video-preview":"max-video-preview:-1"},"canonical":"https:\/\/vieassociative.be\/actualites\/trump-a-interrompu-une-commande-qui-aurait-rendu-les-achats-shein-et-temu-plus-chers\/","og_locale":"fr_FR","og_type":"article","og_title":"Trump a interrompu une commande qui aurait rendu les achats Shein et Temu plus chers | Vie Associative","og_description":"L&rsquo;USPS reprendra l&rsquo;exp\u00e9dition des forfaits chinois, mais avec des frais suppl\u00e9mentaires. Apr\u00e8s une br\u00e8ve peur le 4 f\u00e9vrier, l&rsquo;USPS a lev\u00e9 la suspension d&rsquo;exp\u00e9dition la","og_url":"https:\/\/vieassociative.be\/actualites\/trump-a-interrompu-une-commande-qui-aurait-rendu-les-achats-shein-et-temu-plus-chers\/","og_site_name":"Vie Associative","article_published_time":"2025-02-09T19:24:32+00:00","og_image":[{"width":279,"height":92,"url":"https:\/\/vieassociative.be\/actualites\/wp-content\/uploads\/2024\/09\/header_backgroundk-01-e1726694325946.png","type":"image\/png"}],"author":"Julien","twitter_card":"summary_large_image","twitter_misc":{"\u00c9crit par":"Julien","Dur\u00e9e de lecture est.":"4 minutes"},"schema":{"@context":"https:\/\/schema.org","@graph":[{"@type":"Article","@id":"https:\/\/vieassociative.be\/actualites\/trump-a-interrompu-une-commande-qui-aurait-rendu-les-achats-shein-et-temu-plus-chers\/#article","isPartOf":{"@id":"https:\/\/vieassociative.be\/actualites\/trump-a-interrompu-une-commande-qui-aurait-rendu-les-achats-shein-et-temu-plus-chers\/"},"author":{"name":"Julien","@id":"https:\/\/vieassociative.be\/actualites\/#\/schema\/person\/b87ac4f82f9d4e7b7cec7395b679edc4"},"headline":"Trump a interrompu une commande qui aurait rendu les achats Shein et Temu plus chers","datePublished":"2025-02-09T19:24:32+00:00","dateModified":"2025-02-09T19:24:32+00:00","mainEntityOfPage":{"@id":"https:\/\/vieassociative.be\/actualites\/trump-a-interrompu-une-commande-qui-aurait-rendu-les-achats-shein-et-temu-plus-chers\/"},"wordCount":877,"publisher":{"@id":"https:\/\/vieassociative.be\/actualites\/#organization"},"image":{"@id":"https:\/\/vieassociative.be\/actualites\/trump-a-interrompu-une-commande-qui-aurait-rendu-les-achats-shein-et-temu-plus-chers\/#primaryimage"},"thumbnailUrl":"https:\/\/vieassociative.be\/actualites\/wp-content\/uploads\/2025\/02\/Trump-a-interrompu-une-commande-qui-aurait-rendu-les-achats.png","keywords":["achats","aurait","chers","commande","interrompu","Les","qui","rendu","Shein","Temu","Trump","une"],"articleSection":["Argent"],"inLanguage":"fr-BE"},{"@type":"WebPage","@id":"https:\/\/vieassociative.be\/actualites\/trump-a-interrompu-une-commande-qui-aurait-rendu-les-achats-shein-et-temu-plus-chers\/","url":"https:\/\/vieassociative.be\/actualites\/trump-a-interrompu-une-commande-qui-aurait-rendu-les-achats-shein-et-temu-plus-chers\/","name":"Trump a interrompu une commande qui aurait rendu les achats Shein et Temu plus chers | Vie Associative","isPartOf":{"@id":"https:\/\/vieassociative.be\/actualites\/#website"},"primaryImageOfPage":{"@id":"https:\/\/vieassociative.be\/actualites\/trump-a-interrompu-une-commande-qui-aurait-rendu-les-achats-shein-et-temu-plus-chers\/#primaryimage"},"image":{"@id":"https:\/\/vieassociative.be\/actualites\/trump-a-interrompu-une-commande-qui-aurait-rendu-les-achats-shein-et-temu-plus-chers\/#primaryimage"},"thumbnailUrl":"https:\/\/vieassociative.be\/actualites\/wp-content\/uploads\/2025\/02\/Trump-a-interrompu-une-commande-qui-aurait-rendu-les-achats.png","datePublished":"2025-02-09T19:24:32+00:00","dateModified":"2025-02-09T19:24:32+00:00","breadcrumb":{"@id":"https:\/\/vieassociative.be\/actualites\/trump-a-interrompu-une-commande-qui-aurait-rendu-les-achats-shein-et-temu-plus-chers\/#breadcrumb"},"inLanguage":"fr-BE","potentialAction":[{"@type":"ReadAction","target":["https:\/\/vieassociative.be\/actualites\/trump-a-interrompu-une-commande-qui-aurait-rendu-les-achats-shein-et-temu-plus-chers\/"]}]},{"@type":"ImageObject","inLanguage":"fr-BE","@id":"https:\/\/vieassociative.be\/actualites\/trump-a-interrompu-une-commande-qui-aurait-rendu-les-achats-shein-et-temu-plus-chers\/#primaryimage","url":"https:\/\/vieassociative.be\/actualites\/wp-content\/uploads\/2025\/02\/Trump-a-interrompu-une-commande-qui-aurait-rendu-les-achats.png","contentUrl":"https:\/\/vieassociative.be\/actualites\/wp-content\/uploads\/2025\/02\/Trump-a-interrompu-une-commande-qui-aurait-rendu-les-achats.png","width":1200,"height":675,"caption":"Trump a interrompu une commande qui aurait rendu les achats Shein et Temu plus chers"},{"@type":"BreadcrumbList","@id":"https:\/\/vieassociative.be\/actualites\/trump-a-interrompu-une-commande-qui-aurait-rendu-les-achats-shein-et-temu-plus-chers\/#breadcrumb","itemListElement":[{"@type":"ListItem","position":1,"name":"Accueil","item":"https:\/\/vieassociative.be\/actualites\/"},{"@type":"ListItem","position":2,"name":"Trump a interrompu une commande qui aurait rendu les achats Shein et Temu plus chers"}]},{"@type":"WebSite","@id":"https:\/\/vieassociative.be\/actualites\/#website","url":"https:\/\/vieassociative.be\/actualites\/","name":"Vie Associative","description":"","publisher":{"@id":"https:\/\/vieassociative.be\/actualites\/#organization"},"potentialAction":[{"@type":"SearchAction","target":{"@type":"EntryPoint","urlTemplate":"https:\/\/vieassociative.be\/actualites\/?s={search_term_string}"},"query-input":{"@type":"PropertyValueSpecification","valueRequired":true,"valueName":"search_term_string"}}],"inLanguage":"fr-BE"},{"@type":"Organization","@id":"https:\/\/vieassociative.be\/actualites\/#organization","name":"Vie Associative","url":"https:\/\/vieassociative.be\/actualites\/","logo":{"@type":"ImageObject","inLanguage":"fr-BE","@id":"https:\/\/vieassociative.be\/actualites\/#\/schema\/logo\/image\/","url":"https:\/\/vieassociative.be\/actualites\/wp-content\/uploads\/2024\/09\/cropped-vieassociative_favicon.ico.png","contentUrl":"https:\/\/vieassociative.be\/actualites\/wp-content\/uploads\/2024\/09\/cropped-vieassociative_favicon.ico.png","width":512,"height":512,"caption":"Vie Associative"},"image":{"@id":"https:\/\/vieassociative.be\/actualites\/#\/schema\/logo\/image\/"}},{"@type":"Person","@id":"https:\/\/vieassociative.be\/actualites\/#\/schema\/person\/b87ac4f82f9d4e7b7cec7395b679edc4","name":"Julien","image":{"@type":"ImageObject","inLanguage":"fr-BE","@id":"https:\/\/vieassociative.be\/actualites\/#\/schema\/person\/image\/","url":"https:\/\/vieassociative.be\/actualites\/wp-content\/uploads\/2024\/09\/vie-associative-1-150x150.jpg","contentUrl":"https:\/\/vieassociative.be\/actualites\/wp-content\/uploads\/2024\/09\/vie-associative-1-150x150.jpg","caption":"Julien"},"description":"Je suis Julien, r\u00e9dacteur pour Vie Associative. Passionn\u00e9 par le monde associatif depuis plus de 10 ans, j'ai \u00e0 c\u0153ur de partager des histoires inspirantes et de mettre en lumi\u00e8re les initiatives locales. Mon objectif est de sensibiliser et d'encourager l'engagement communautaire \u00e0 travers mes articles.","sameAs":["https:\/\/vieassociative.be\/"]}]}},"_links":{"self":[{"href":"https:\/\/vieassociative.be\/actualites\/wp-json\/wp\/v2\/posts\/4982"}],"collection":[{"href":"https:\/\/vieassociative.be\/actualites\/wp-json\/wp\/v2\/posts"}],"about":[{"href":"https:\/\/vieassociative.be\/actualites\/wp-json\/wp\/v2\/types\/post"}],"author":[{"embeddable":true,"href":"https:\/\/vieassociative.be\/actualites\/wp-json\/wp\/v2\/users\/1"}],"replies":[{"embeddable":true,"href":"https:\/\/vieassociative.be\/actualites\/wp-json\/wp\/v2\/comments?post=4982"}],"version-history":[{"count":0,"href":"https:\/\/vieassociative.be\/actualites\/wp-json\/wp\/v2\/posts\/4982\/revisions"}],"wp:featuredmedia":[{"embeddable":true,"href":"https:\/\/vieassociative.be\/actualites\/wp-json\/wp\/v2\/media\/4983"}],"wp:attachment":[{"href":"https:\/\/vieassociative.be\/actualites\/wp-json\/wp\/v2\/media?parent=4982"}],"wp:term":[{"taxonomy":"category","embeddable":true,"href":"https:\/\/vieassociative.be\/actualites\/wp-json\/wp\/v2\/categories?post=4982"},{"taxonomy":"post_tag","embeddable":true,"href":"https:\/\/vieassociative.be\/actualites\/wp-json\/wp\/v2\/tags?post=4982"}],"curies":[{"name":"wp","href":"https:\/\/api.w.org\/{rel}","templated":true}]}}