{"id":4975,"date":"2025-02-09T15:18:56","date_gmt":"2025-02-09T14:18:56","guid":{"rendered":"https:\/\/vieassociative.be\/actualites\/le-as-a-toujours-une-facture-avec-lierse-sk\/"},"modified":"2025-02-09T15:18:56","modified_gmt":"2025-02-09T14:18:56","slug":"le-as-a-toujours-une-facture-avec-lierse-sk","status":"publish","type":"post","link":"https:\/\/vieassociative.be\/actualites\/le-as-a-toujours-une-facture-avec-lierse-sk\/","title":{"rendered":"Le AS a toujours une facture avec lierse sk"},"content":{"rendered":"<p><strong>Avec le Lierse SK, qui est invit\u00e9 au stade Kehrweg ce dimanche (13 h 30 \/ Live on Dazn), le club de deuxi\u00e8me division en tant qu&rsquo;Eupen a toujours une facture. Dans la d\u00e9faite 0: 3 dans le stade Herman Vanderpoorten \u00e0 Lier le 21 septembre<br \/>\nEn 2024, le noir et blanc a peut-\u00eatre livr\u00e9 leur pire match jusqu&rsquo;\u00e0 pr\u00e9sent.<\/strong><\/p>\n<p><span id=\"more-407766\"><\/span>Ce n&rsquo;est qu&rsquo;une seule fois, ce qui a r\u00e9ussi \u00e0 suivre trois autres: apr\u00e8s la victoire \u00e0 domicile contre Jong Genk, qui a \u00e9t\u00e9 suivi d&rsquo;un succ\u00e8s chez RFC Seraug. Avec un trio contre Lierse aujourd&rsquo;hui, les Eupeners ne remporteraient que deux victoires cons\u00e9cutives pour la deuxi\u00e8me fois cette saison.<\/p>\n<div id=\"attachment_407775\" class=\"wp-caption alignleft\" style=\"max-width: 170px\"><img fetchpriority=\"high\" decoding=\"async\" class=\"wp-image-407775 size-medium\" src=\"https:\/\/vieassociative.be\/actualites\/wp-content\/uploads\/2025\/02\/Le-AS-a-toujours-une-facture-avec-lierse-sk.png\" alt=\"\" width=\"170\" height=\"300\"  ><\/p>\n<p class=\"wp-caption-text\">Le logo du lierse sk.<\/p>\n<\/div>\n<p>Les conditions pr\u00e9alables sont bon march\u00e9, car d&rsquo;une part, l&rsquo;\u00e9quipe de l&rsquo;entra\u00eeneur Mersad Selimbegovic semble \u00eatre plus solide aujourd&rsquo;hui qu&rsquo;\u00e0 l&rsquo;automne 2024. En attendant, une comp\u00e9tition positive est annonc\u00e9e dans certaines positions.<\/p>\n<p>L&rsquo;adversaire d&rsquo;aujourd&rsquo;hui Lierse SK est un nom bien connu dans le football du Belge Club. Vous pouvez d\u00e9j\u00e0 voir ces grands noms comme Erwin Vandenbergh, Jan Ceulemans, Jean-Marie Pfaff, Erik Gerets, Nico Van Kerckhoven, Tomasz Radzinski ou Gert Verheyen ont jou\u00e9 dans leur carri\u00e8re pour les \u00ab\u00a0Pallieters\u00a0\u00bb.<\/p>\n<p>Lierse SK est devenu quatre fois champion national, plus r\u00e9cemment avec l&rsquo;entra\u00eeneur Erik Gerets en 1997, et a remport\u00e9 la Coupe nationale deux fois. Dans les ann\u00e9es 1990, Lierse SK a m\u00eame jou\u00e9 lors de la manche pr\u00e9liminaire de la Ligue des champions dans un groupe avec Sporting Lisbonne, Bayer 04 Leverkusen et As Monaco. (Cre)<\/p>\n<p><em><strong>Sur le sujet, voir \u00e9galement l&rsquo;article suivant sur OD:<\/strong><\/em><\/p>\n<div class=\"responsive-embed widescreen\">\n<blockquote class=\"wp-embedded-content\" data-secret=\"bKLAvta5Qa\">\n<p>Renforcement sur le Kehrweg: Apr\u00e8s Wedingo et Ejike, comme Eupen obtient Plastun et Hendrickx<\/p>\n<\/blockquote>\n<p><iframe loading=\"lazy\" class=\"wp-embedded-content\" sandbox=\"allow-scripts\" security=\"restricted\" style=\"position: absolute; visibility: hidden;\" title=\"\u201eVerst\u00e4rkung am Kehrweg: Nach Wedingo und Ejike holt die AS Eupen Plastun und Hendrickx\u201c \u2014 Ostbelgien Direkt\" src=\"https:\/\/ostbelgiendirekt.be\/about:blank\" data-secret=\"bKLAvta5Qa\" width=\"500\" height=\"282\" frameborder=\"0\" marginwidth=\"0\" marginheight=\"0\" scrolling=\"no\" data-rocket-lazyload=\"fitvidscompatible\" data-lazy-src=\"https:\/\/ostbelgiendirekt.be\/verstaerkung-am-kehrweg-407560\/embed#?secret=BL9Efp03Ko#?secret=bKLAvta5Qa\"><\/iframe><noscript><iframe class=\"wp-embedded-content\" sandbox=\"allow-scripts\" security=\"restricted\" style=\"position: absolute; visibility: hidden;\" title=\"\u201eVerst\u00e4rkung am Kehrweg: Nach Wedingo und Ejike holt die AS Eupen Plastun und Hendrickx\u201c \u2014 Ostbelgien Direkt\" src=\"https:\/\/ostbelgiendirekt.be\/verstaerkung-am-kehrweg-407560\/embed#?secret=BL9Efp03Ko#?secret=bKLAvta5Qa\" data-secret=\"bKLAvta5Qa\" width=\"500\" height=\"282\" frameborder=\"0\" marginwidth=\"0\" marginheight=\"0\" scrolling=\"no\"><\/iframe><\/noscript><\/p>\n<\/div>\n","protected":false},"excerpt":{"rendered":"<p>Avec le Lierse SK, qui est invit\u00e9 au stade Kehrweg ce dimanche (13 h 30 \/ Live on Dazn), le club de deuxi\u00e8me division en<\/p>\n","protected":false},"author":1,"featured_media":4976,"comment_status":"","ping_status":"","sticky":false,"template":"","format":"standard","meta":{"footnotes":""},"categories":[298],"tags":[61,3791,5250,572,110],"class_list":["post-4975","post","type-post","status-publish","format-standard","has-post-thumbnail","hentry","category-belgique","tag-avec","tag-facture","tag-lierse","tag-toujours","tag-une","generate-columns","tablet-grid-50","mobile-grid-100","grid-parent","grid-33"],"yoast_head":"<!-- This site is optimized with the Yoast SEO plugin v24.0 - https:\/\/yoast.com\/wordpress\/plugins\/seo\/ -->\n<title>Le AS a toujours une facture avec lierse sk | Vie Associative<\/title>\n<meta name=\"robots\" content=\"index, follow, max-snippet:-1, max-image-preview:large, max-video-preview:-1\" \/>\n<link rel=\"canonical\" href=\"https:\/\/vieassociative.be\/actualites\/le-as-a-toujours-une-facture-avec-lierse-sk\/\" \/>\n<meta property=\"og:locale\" content=\"fr_FR\" \/>\n<meta property=\"og:type\" content=\"article\" \/>\n<meta property=\"og:title\" content=\"Le AS a toujours une facture avec lierse sk | Vie Associative\" \/>\n<meta property=\"og:description\" content=\"Avec le Lierse SK, qui est invit\u00e9 au stade Kehrweg ce dimanche (13 h 30 \/ Live on Dazn), le club de deuxi\u00e8me division en\" \/>\n<meta property=\"og:url\" content=\"https:\/\/vieassociative.be\/actualites\/le-as-a-toujours-une-facture-avec-lierse-sk\/\" \/>\n<meta property=\"og:site_name\" content=\"Vie Associative\" \/>\n<meta property=\"article:published_time\" content=\"2025-02-09T14:18:56+00:00\" \/>\n<meta property=\"og:image\" content=\"https:\/\/vieassociative.be\/actualites\/wp-content\/uploads\/2024\/09\/header_backgroundk-01-e1726694325946.png\" \/>\n\t<meta property=\"og:image:width\" content=\"279\" \/>\n\t<meta property=\"og:image:height\" content=\"92\" \/>\n\t<meta property=\"og:image:type\" content=\"image\/png\" \/>\n<meta name=\"author\" content=\"Julien\" \/>\n<meta name=\"twitter:card\" content=\"summary_large_image\" \/>\n<meta name=\"twitter:label1\" content=\"\u00c9crit par\" \/>\n\t<meta name=\"twitter:data1\" content=\"Julien\" \/>\n\t<meta name=\"twitter:label2\" content=\"Dur\u00e9e de lecture est.\" \/>\n\t<meta name=\"twitter:data2\" content=\"1 minute\" \/>\n<script type=\"application\/ld+json\" class=\"yoast-schema-graph\">{\"@context\":\"https:\/\/schema.org\",\"@graph\":[{\"@type\":\"Article\",\"@id\":\"https:\/\/vieassociative.be\/actualites\/le-as-a-toujours-une-facture-avec-lierse-sk\/#article\",\"isPartOf\":{\"@id\":\"https:\/\/vieassociative.be\/actualites\/le-as-a-toujours-une-facture-avec-lierse-sk\/\"},\"author\":{\"name\":\"Julien\",\"@id\":\"https:\/\/vieassociative.be\/actualites\/#\/schema\/person\/b87ac4f82f9d4e7b7cec7395b679edc4\"},\"headline\":\"Le AS a toujours une facture avec lierse sk\",\"datePublished\":\"2025-02-09T14:18:56+00:00\",\"dateModified\":\"2025-02-09T14:18:56+00:00\",\"mainEntityOfPage\":{\"@id\":\"https:\/\/vieassociative.be\/actualites\/le-as-a-toujours-une-facture-avec-lierse-sk\/\"},\"wordCount\":304,\"publisher\":{\"@id\":\"https:\/\/vieassociative.be\/actualites\/#organization\"},\"image\":{\"@id\":\"https:\/\/vieassociative.be\/actualites\/le-as-a-toujours-une-facture-avec-lierse-sk\/#primaryimage\"},\"thumbnailUrl\":\"https:\/\/vieassociative.be\/actualites\/wp-content\/uploads\/2025\/02\/Le-AS-a-toujours-une-facture-avec-lierse-sk.jpg\",\"keywords\":[\"avec\",\"facture\",\"lierse\",\"toujours\",\"une\"],\"articleSection\":[\"Belgique\"],\"inLanguage\":\"fr-BE\"},{\"@type\":\"WebPage\",\"@id\":\"https:\/\/vieassociative.be\/actualites\/le-as-a-toujours-une-facture-avec-lierse-sk\/\",\"url\":\"https:\/\/vieassociative.be\/actualites\/le-as-a-toujours-une-facture-avec-lierse-sk\/\",\"name\":\"Le AS a toujours une facture avec lierse sk | Vie Associative\",\"isPartOf\":{\"@id\":\"https:\/\/vieassociative.be\/actualites\/#website\"},\"primaryImageOfPage\":{\"@id\":\"https:\/\/vieassociative.be\/actualites\/le-as-a-toujours-une-facture-avec-lierse-sk\/#primaryimage\"},\"image\":{\"@id\":\"https:\/\/vieassociative.be\/actualites\/le-as-a-toujours-une-facture-avec-lierse-sk\/#primaryimage\"},\"thumbnailUrl\":\"https:\/\/vieassociative.be\/actualites\/wp-content\/uploads\/2025\/02\/Le-AS-a-toujours-une-facture-avec-lierse-sk.jpg\",\"datePublished\":\"2025-02-09T14:18:56+00:00\",\"dateModified\":\"2025-02-09T14:18:56+00:00\",\"breadcrumb\":{\"@id\":\"https:\/\/vieassociative.be\/actualites\/le-as-a-toujours-une-facture-avec-lierse-sk\/#breadcrumb\"},\"inLanguage\":\"fr-BE\",\"potentialAction\":[{\"@type\":\"ReadAction\",\"target\":[\"https:\/\/vieassociative.be\/actualites\/le-as-a-toujours-une-facture-avec-lierse-sk\/\"]}]},{\"@type\":\"ImageObject\",\"inLanguage\":\"fr-BE\",\"@id\":\"https:\/\/vieassociative.be\/actualites\/le-as-a-toujours-une-facture-avec-lierse-sk\/#primaryimage\",\"url\":\"https:\/\/vieassociative.be\/actualites\/wp-content\/uploads\/2025\/02\/Le-AS-a-toujours-une-facture-avec-lierse-sk.jpg\",\"contentUrl\":\"https:\/\/vieassociative.be\/actualites\/wp-content\/uploads\/2025\/02\/Le-AS-a-toujours-une-facture-avec-lierse-sk.jpg\",\"width\":1300,\"height\":866,\"caption\":\"Le AS a toujours une facture avec lierse sk\"},{\"@type\":\"BreadcrumbList\",\"@id\":\"https:\/\/vieassociative.be\/actualites\/le-as-a-toujours-une-facture-avec-lierse-sk\/#breadcrumb\",\"itemListElement\":[{\"@type\":\"ListItem\",\"position\":1,\"name\":\"Accueil\",\"item\":\"https:\/\/vieassociative.be\/actualites\/\"},{\"@type\":\"ListItem\",\"position\":2,\"name\":\"Le AS a toujours une facture avec lierse sk\"}]},{\"@type\":\"WebSite\",\"@id\":\"https:\/\/vieassociative.be\/actualites\/#website\",\"url\":\"https:\/\/vieassociative.be\/actualites\/\",\"name\":\"Vie Associative\",\"description\":\"\",\"publisher\":{\"@id\":\"https:\/\/vieassociative.be\/actualites\/#organization\"},\"potentialAction\":[{\"@type\":\"SearchAction\",\"target\":{\"@type\":\"EntryPoint\",\"urlTemplate\":\"https:\/\/vieassociative.be\/actualites\/?s={search_term_string}\"},\"query-input\":{\"@type\":\"PropertyValueSpecification\",\"valueRequired\":true,\"valueName\":\"search_term_string\"}}],\"inLanguage\":\"fr-BE\"},{\"@type\":\"Organization\",\"@id\":\"https:\/\/vieassociative.be\/actualites\/#organization\",\"name\":\"Vie Associative\",\"url\":\"https:\/\/vieassociative.be\/actualites\/\",\"logo\":{\"@type\":\"ImageObject\",\"inLanguage\":\"fr-BE\",\"@id\":\"https:\/\/vieassociative.be\/actualites\/#\/schema\/logo\/image\/\",\"url\":\"https:\/\/vieassociative.be\/actualites\/wp-content\/uploads\/2024\/09\/cropped-vieassociative_favicon.ico.png\",\"contentUrl\":\"https:\/\/vieassociative.be\/actualites\/wp-content\/uploads\/2024\/09\/cropped-vieassociative_favicon.ico.png\",\"width\":512,\"height\":512,\"caption\":\"Vie Associative\"},\"image\":{\"@id\":\"https:\/\/vieassociative.be\/actualites\/#\/schema\/logo\/image\/\"}},{\"@type\":\"Person\",\"@id\":\"https:\/\/vieassociative.be\/actualites\/#\/schema\/person\/b87ac4f82f9d4e7b7cec7395b679edc4\",\"name\":\"Julien\",\"image\":{\"@type\":\"ImageObject\",\"inLanguage\":\"fr-BE\",\"@id\":\"https:\/\/vieassociative.be\/actualites\/#\/schema\/person\/image\/\",\"url\":\"https:\/\/vieassociative.be\/actualites\/wp-content\/uploads\/2024\/09\/vie-associative-1-150x150.jpg\",\"contentUrl\":\"https:\/\/vieassociative.be\/actualites\/wp-content\/uploads\/2024\/09\/vie-associative-1-150x150.jpg\",\"caption\":\"Julien\"},\"description\":\"Je suis Julien, r\u00e9dacteur pour Vie Associative. Passionn\u00e9 par le monde associatif depuis plus de 10 ans, j'ai \u00e0 c\u0153ur de partager des histoires inspirantes et de mettre en lumi\u00e8re les initiatives locales. Mon objectif est de sensibiliser et d'encourager l'engagement communautaire \u00e0 travers mes articles.\",\"sameAs\":[\"https:\/\/vieassociative.be\/\"]}]}<\/script>\n<!-- \/ Yoast SEO plugin. -->","yoast_head_json":{"title":"Le AS a toujours une facture avec lierse sk | Vie Associative","robots":{"index":"index","follow":"follow","max-snippet":"max-snippet:-1","max-image-preview":"max-image-preview:large","max-video-preview":"max-video-preview:-1"},"canonical":"https:\/\/vieassociative.be\/actualites\/le-as-a-toujours-une-facture-avec-lierse-sk\/","og_locale":"fr_FR","og_type":"article","og_title":"Le AS a toujours une facture avec lierse sk | Vie Associative","og_description":"Avec le Lierse SK, qui est invit\u00e9 au stade Kehrweg ce dimanche (13 h 30 \/ Live on Dazn), le club de deuxi\u00e8me division en","og_url":"https:\/\/vieassociative.be\/actualites\/le-as-a-toujours-une-facture-avec-lierse-sk\/","og_site_name":"Vie Associative","article_published_time":"2025-02-09T14:18:56+00:00","og_image":[{"width":279,"height":92,"url":"https:\/\/vieassociative.be\/actualites\/wp-content\/uploads\/2024\/09\/header_backgroundk-01-e1726694325946.png","type":"image\/png"}],"author":"Julien","twitter_card":"summary_large_image","twitter_misc":{"\u00c9crit par":"Julien","Dur\u00e9e de lecture est.":"1 minute"},"schema":{"@context":"https:\/\/schema.org","@graph":[{"@type":"Article","@id":"https:\/\/vieassociative.be\/actualites\/le-as-a-toujours-une-facture-avec-lierse-sk\/#article","isPartOf":{"@id":"https:\/\/vieassociative.be\/actualites\/le-as-a-toujours-une-facture-avec-lierse-sk\/"},"author":{"name":"Julien","@id":"https:\/\/vieassociative.be\/actualites\/#\/schema\/person\/b87ac4f82f9d4e7b7cec7395b679edc4"},"headline":"Le AS a toujours une facture avec lierse sk","datePublished":"2025-02-09T14:18:56+00:00","dateModified":"2025-02-09T14:18:56+00:00","mainEntityOfPage":{"@id":"https:\/\/vieassociative.be\/actualites\/le-as-a-toujours-une-facture-avec-lierse-sk\/"},"wordCount":304,"publisher":{"@id":"https:\/\/vieassociative.be\/actualites\/#organization"},"image":{"@id":"https:\/\/vieassociative.be\/actualites\/le-as-a-toujours-une-facture-avec-lierse-sk\/#primaryimage"},"thumbnailUrl":"https:\/\/vieassociative.be\/actualites\/wp-content\/uploads\/2025\/02\/Le-AS-a-toujours-une-facture-avec-lierse-sk.jpg","keywords":["avec","facture","lierse","toujours","une"],"articleSection":["Belgique"],"inLanguage":"fr-BE"},{"@type":"WebPage","@id":"https:\/\/vieassociative.be\/actualites\/le-as-a-toujours-une-facture-avec-lierse-sk\/","url":"https:\/\/vieassociative.be\/actualites\/le-as-a-toujours-une-facture-avec-lierse-sk\/","name":"Le AS a toujours une facture avec lierse sk | Vie Associative","isPartOf":{"@id":"https:\/\/vieassociative.be\/actualites\/#website"},"primaryImageOfPage":{"@id":"https:\/\/vieassociative.be\/actualites\/le-as-a-toujours-une-facture-avec-lierse-sk\/#primaryimage"},"image":{"@id":"https:\/\/vieassociative.be\/actualites\/le-as-a-toujours-une-facture-avec-lierse-sk\/#primaryimage"},"thumbnailUrl":"https:\/\/vieassociative.be\/actualites\/wp-content\/uploads\/2025\/02\/Le-AS-a-toujours-une-facture-avec-lierse-sk.jpg","datePublished":"2025-02-09T14:18:56+00:00","dateModified":"2025-02-09T14:18:56+00:00","breadcrumb":{"@id":"https:\/\/vieassociative.be\/actualites\/le-as-a-toujours-une-facture-avec-lierse-sk\/#breadcrumb"},"inLanguage":"fr-BE","potentialAction":[{"@type":"ReadAction","target":["https:\/\/vieassociative.be\/actualites\/le-as-a-toujours-une-facture-avec-lierse-sk\/"]}]},{"@type":"ImageObject","inLanguage":"fr-BE","@id":"https:\/\/vieassociative.be\/actualites\/le-as-a-toujours-une-facture-avec-lierse-sk\/#primaryimage","url":"https:\/\/vieassociative.be\/actualites\/wp-content\/uploads\/2025\/02\/Le-AS-a-toujours-une-facture-avec-lierse-sk.jpg","contentUrl":"https:\/\/vieassociative.be\/actualites\/wp-content\/uploads\/2025\/02\/Le-AS-a-toujours-une-facture-avec-lierse-sk.jpg","width":1300,"height":866,"caption":"Le AS a toujours une facture avec lierse sk"},{"@type":"BreadcrumbList","@id":"https:\/\/vieassociative.be\/actualites\/le-as-a-toujours-une-facture-avec-lierse-sk\/#breadcrumb","itemListElement":[{"@type":"ListItem","position":1,"name":"Accueil","item":"https:\/\/vieassociative.be\/actualites\/"},{"@type":"ListItem","position":2,"name":"Le AS a toujours une facture avec lierse sk"}]},{"@type":"WebSite","@id":"https:\/\/vieassociative.be\/actualites\/#website","url":"https:\/\/vieassociative.be\/actualites\/","name":"Vie Associative","description":"","publisher":{"@id":"https:\/\/vieassociative.be\/actualites\/#organization"},"potentialAction":[{"@type":"SearchAction","target":{"@type":"EntryPoint","urlTemplate":"https:\/\/vieassociative.be\/actualites\/?s={search_term_string}"},"query-input":{"@type":"PropertyValueSpecification","valueRequired":true,"valueName":"search_term_string"}}],"inLanguage":"fr-BE"},{"@type":"Organization","@id":"https:\/\/vieassociative.be\/actualites\/#organization","name":"Vie Associative","url":"https:\/\/vieassociative.be\/actualites\/","logo":{"@type":"ImageObject","inLanguage":"fr-BE","@id":"https:\/\/vieassociative.be\/actualites\/#\/schema\/logo\/image\/","url":"https:\/\/vieassociative.be\/actualites\/wp-content\/uploads\/2024\/09\/cropped-vieassociative_favicon.ico.png","contentUrl":"https:\/\/vieassociative.be\/actualites\/wp-content\/uploads\/2024\/09\/cropped-vieassociative_favicon.ico.png","width":512,"height":512,"caption":"Vie Associative"},"image":{"@id":"https:\/\/vieassociative.be\/actualites\/#\/schema\/logo\/image\/"}},{"@type":"Person","@id":"https:\/\/vieassociative.be\/actualites\/#\/schema\/person\/b87ac4f82f9d4e7b7cec7395b679edc4","name":"Julien","image":{"@type":"ImageObject","inLanguage":"fr-BE","@id":"https:\/\/vieassociative.be\/actualites\/#\/schema\/person\/image\/","url":"https:\/\/vieassociative.be\/actualites\/wp-content\/uploads\/2024\/09\/vie-associative-1-150x150.jpg","contentUrl":"https:\/\/vieassociative.be\/actualites\/wp-content\/uploads\/2024\/09\/vie-associative-1-150x150.jpg","caption":"Julien"},"description":"Je suis Julien, r\u00e9dacteur pour Vie Associative. Passionn\u00e9 par le monde associatif depuis plus de 10 ans, j'ai \u00e0 c\u0153ur de partager des histoires inspirantes et de mettre en lumi\u00e8re les initiatives locales. Mon objectif est de sensibiliser et d'encourager l'engagement communautaire \u00e0 travers mes articles.","sameAs":["https:\/\/vieassociative.be\/"]}]}},"_links":{"self":[{"href":"https:\/\/vieassociative.be\/actualites\/wp-json\/wp\/v2\/posts\/4975"}],"collection":[{"href":"https:\/\/vieassociative.be\/actualites\/wp-json\/wp\/v2\/posts"}],"about":[{"href":"https:\/\/vieassociative.be\/actualites\/wp-json\/wp\/v2\/types\/post"}],"author":[{"embeddable":true,"href":"https:\/\/vieassociative.be\/actualites\/wp-json\/wp\/v2\/users\/1"}],"replies":[{"embeddable":true,"href":"https:\/\/vieassociative.be\/actualites\/wp-json\/wp\/v2\/comments?post=4975"}],"version-history":[{"count":0,"href":"https:\/\/vieassociative.be\/actualites\/wp-json\/wp\/v2\/posts\/4975\/revisions"}],"wp:featuredmedia":[{"embeddable":true,"href":"https:\/\/vieassociative.be\/actualites\/wp-json\/wp\/v2\/media\/4976"}],"wp:attachment":[{"href":"https:\/\/vieassociative.be\/actualites\/wp-json\/wp\/v2\/media?parent=4975"}],"wp:term":[{"taxonomy":"category","embeddable":true,"href":"https:\/\/vieassociative.be\/actualites\/wp-json\/wp\/v2\/categories?post=4975"},{"taxonomy":"post_tag","embeddable":true,"href":"https:\/\/vieassociative.be\/actualites\/wp-json\/wp\/v2\/tags?post=4975"}],"curies":[{"name":"wp","href":"https:\/\/api.w.org\/{rel}","templated":true}]}}